{"id":1839708,"date":"2024-04-20T06:03:36","date_gmt":"2024-04-20T05:03:36","guid":{"rendered":"https:\/\/www.pressenza.com\/?p=1839708"},"modified":"2024-04-20T06:03:36","modified_gmt":"2024-04-20T05:03:36","slug":"el-congreso-contra-el-sistema-electoral","status":"publish","type":"post","link":"https:\/\/www.pressenza.com\/es\/2024\/04\/el-congreso-contra-el-sistema-electoral\/","title":{"rendered":"El Congreso contra el sistema electoral"},"content":{"rendered":"<p>Hoy en d\u00eda la acci\u00f3n judicial es uno de los pocos muros de contenci\u00f3n que quedan para la defensa del Estado de Derecho. Adem\u00e1s de ello, corresponde a las diversas instancias del Estado y de la sociedad hacer sentir su voz de rechazo a estos sucesivos atentados contra la democracia.<\/p>\n<h3>Opini\u00f3n del Idehpucp<\/h3>\n<p>18 de abril,2024.- Desde la elecci\u00f3n del a\u00f1o 2021, en la que Pedro Castillo derrot\u00f3 por un estrech\u00edsimo margen de ventaja a Keiko Fujimori, un sector pol\u00edtico variopinto desarrolla una guerra contra el sistema electoral. La campa\u00f1a de desprestigio contra las autoridades electorales \u2013y en particular contra las del Jurado Nacional de Elecciones\u2014es incesante. Y el fin \u00faltimo es deshacerse de estas para convertir, mediante una sustituci\u00f3n de autoridades, al sistema electoral independiente en un sistema sometido a los prop\u00f3sitos de aquel sector.<\/p>\n<p>Se trata, en suma, de secuestrar lo \u00faltimo que va quedando de la institucionalidad democr\u00e1tica, que es el derecho ciudadano a elegir a sus autoridades. \u201cGanar por las buenas o por las malas\u201d: ese lema lanzado recientemente por el presidente de Venezuela, Nicol\u00e1s Maduro, parece ser, tambi\u00e9n, la consigna de este sector que en el Per\u00fa suele autoidentificarse como conservador.<\/p>\n<blockquote>\n<h3>El proyecto es evidente: se trata de remover a las autoridades en funciones para reemplazarlas por funcionarios afines o d\u00f3ciles.<\/h3>\n<\/blockquote>\n<p>Hasta hace poco, ese prop\u00f3sito era perseguido con cierta apariencia de formalidad. Hoy esa apariencia ha quedado atr\u00e1s y lo que dicho sector propone, desde el Congreso que est\u00e1 bajo su control, es una intervenci\u00f3n directa en el JNE. La forma elegida para eso es un proyecto de ley, ya aprobado en la Comisi\u00f3n de Constituci\u00f3n, que, cambiando el art\u00edculo 99 de la Constituci\u00f3n, haga posible someter a juicio pol\u00edtico (acusaci\u00f3n constitucional) a quienes desempe\u00f1an la presidencia del Jurado Nacional de Elecciones, la Oficina Nacional de Procesos Electorales y el Registro Nacional de Identidad y Estado Civil. El proyecto es evidente: se trata de remover a las autoridades en funciones para reemplazarlas por funcionarios afines o d\u00f3ciles.<\/p>\n<p>El antecedente de esta iniciativa de control del sistema electoral es, como se sabe, el proceso de juicio pol\u00edtico a los integrantes de la Junta Nacional de Justicia. La remoci\u00f3n y reemplazo de un n\u00famero decisivo de miembros de la JNJ habr\u00eda hecho posible actuar contra el JNE con cierta apariencia de respeto a la institucionalidad (aunque ya la operaci\u00f3n contra la JNJ en s\u00ed misma te\u00f1\u00eda todo este proceso de un evidente sentido antinstitucional y antidemocr\u00e1tico).<\/p>\n<p>El fracaso de ese proyecto ha llevado al Congreso a esta otra propuesta que es completamente cuestionable tanto por sus fines cuanto por sus medios. En cuanto a sus medios, esta forma de operar del Congreso hace que la figura de la acusaci\u00f3n constitucional deje de ser un leg\u00edtimo mecanismo de control para mantener el equilibrio de poderes y se convierta simplemente en un instrumento de venganza o presi\u00f3n pol\u00edtica. En cuanto a sus fines, evidentemente, se trata de una aut\u00e9ntica captura y desnaturalizaci\u00f3n del r\u00e9gimen democr\u00e1tico.<\/p>\n<p>No es f\u00e1cil ver, despu\u00e9s de tantas operaciones de demolici\u00f3n institucional, qu\u00e9 caminos quedan a la sociedad civil para poner atajo a esta erosi\u00f3n continua de la democracia llevada adelante por el Congreso. Hoy en d\u00eda la acci\u00f3n judicial es uno de los pocos muros de contenci\u00f3n que quedan para la defensa del Estado de Derecho. Adem\u00e1s de ello, corresponde a las diversas instancias del Estado y de la sociedad hacer sentir su voz de rechazo a estos sucesivos atentados contra la democracia.<\/p>\n<h5>&#8212;-<br \/>\nFuente: Editorial del bolet\u00edn semanal del Instituto de Democracia y Derechos Humanos de la Pontificia Universidad Cat\u00f3lica del Per\u00fa (IDEHPUCP):\u00a0<a href=\"https:\/\/idehpucp.pucp.edu.pe\/boletin-eventos\/editorial-el-congreso-contra-el-sistema-electoral\/\" target=\"_blank\" rel=\"noopener\">https:\/\/idehpucp.pucp.edu.pe\/boletin-eventos\/editorial-el-congreso-contra-el-sistema-electoral\/<\/a><\/h5>\n","protected":false},"excerpt":{"rendered":"<p>Hoy en d\u00eda la acci\u00f3n judicial es uno de los pocos muros de contenci\u00f3n que quedan para la defensa del Estado de Derecho. Adem\u00e1s de ello, corresponde a las diversas instancias del Estado y de la sociedad hacer sentir su&hellip;<\/p>\n","protected":false},"author":1256,"featured_media":1839709,"comment_status":"closed","ping_status":"closed","sticky":false,"template":"","format":"standard","meta":{"footnotes":""},"categories":[149,11389,79,106739,74,67],"tags":[122122,34338,122119,120316,122120,122121,122118],"class_list":["post-1839708","post","type-post","status-publish","format-standard","has-post-thumbnail","hentry","category-comunicados-de-prensa","category-contenido-original","category-derechos-humanos","category-noticia","category-politica-es","category-sudamerica","tag-antidemocratico","tag-estado-de-derecho","tag-jne","tag-jnj","tag-onpe","tag-reniec","tag-sistema-sometido"],"yoast_head":"<!-- This site is optimized with the Yoast SEO plugin v27.1.1 - https:\/\/yoast.com\/product\/yoast-seo-wordpress\/ -->\n<title>El Congreso contra el sistema electoral<\/title>\n<meta name=\"description\" content=\"Hoy en d\u00eda la acci\u00f3n judicial es uno de los pocos muros de contenci\u00f3n que quedan para la defensa del Estado de Derecho. Adem\u00e1s de ello, corresponde a las\" \/>\n<meta name=\"robots\" content=\"index, follow, max-snippet:-1, max-image-preview:large, max-video-preview:-1\" \/>\n<link rel=\"canonical\" href=\"https:\/\/www.pressenza.com\/es\/2024\/04\/el-congreso-contra-el-sistema-electoral\/\" \/>\n<meta property=\"og:locale\" content=\"es_ES\" \/>\n<meta property=\"og:type\" content=\"article\" \/>\n<meta property=\"og:title\" content=\"El Congreso contra el sistema electoral\" \/>\n<meta property=\"og:description\" content=\"Hoy en d\u00eda la acci\u00f3n judicial es uno de los pocos muros de contenci\u00f3n que quedan para la defensa del Estado de Derecho. Adem\u00e1s de ello, corresponde a las\" \/>\n<meta property=\"og:url\" content=\"https:\/\/www.pressenza.com\/es\/2024\/04\/el-congreso-contra-el-sistema-electoral\/\" \/>\n<meta property=\"og:site_name\" content=\"Pressenza\" \/>\n<meta property=\"article:publisher\" content=\"https:\/\/www.facebook.com\/PressenzaItalia\" \/>\n<meta property=\"article:author\" content=\"https:\/\/www.facebook.com\/servindinoticias\/?fref=ts\" \/>\n<meta property=\"article:published_time\" content=\"2024-04-20T05:03:36+00:00\" \/>\n<meta property=\"og:image\" content=\"https:\/\/www.pressenza.com\/wp-content\/uploads\/2024\/04\/poderelectoral.png\" \/>\n\t<meta property=\"og:image:width\" content=\"700\" \/>\n\t<meta property=\"og:image:height\" content=\"392\" \/>\n\t<meta property=\"og:image:type\" content=\"image\/png\" \/>\n<meta name=\"author\" content=\"SERVINDI\" \/>\n<meta name=\"twitter:card\" content=\"summary_large_image\" \/>\n<meta name=\"twitter:creator\" content=\"@servindi\" \/>\n<meta name=\"twitter:site\" content=\"@PressenzaIPA\" \/>\n<meta name=\"twitter:label1\" content=\"Escrito por\" \/>\n\t<meta name=\"twitter:data1\" content=\"SERVINDI\" \/>\n\t<meta name=\"twitter:label2\" content=\"Tiempo de lectura\" \/>\n\t<meta name=\"twitter:data2\" content=\"3 minutos\" \/>\n<script type=\"application\/ld+json\" class=\"yoast-schema-graph\">{\"@context\":\"https:\/\/schema.org\",\"@graph\":[{\"@type\":\"Article\",\"@id\":\"https:\/\/www.pressenza.com\/es\/2024\/04\/el-congreso-contra-el-sistema-electoral\/#article\",\"isPartOf\":{\"@id\":\"https:\/\/www.pressenza.com\/es\/2024\/04\/el-congreso-contra-el-sistema-electoral\/\"},\"author\":{\"name\":\"SERVINDI\",\"@id\":\"https:\/\/www.pressenza.com\/es\/#\/schema\/person\/6f7bffaf2962fc89e55e93589c50d908\"},\"headline\":\"El Congreso contra el sistema electoral\",\"datePublished\":\"2024-04-20T05:03:36+00:00\",\"mainEntityOfPage\":{\"@id\":\"https:\/\/www.pressenza.com\/es\/2024\/04\/el-congreso-contra-el-sistema-electoral\/\"},\"wordCount\":665,\"publisher\":{\"@id\":\"https:\/\/www.pressenza.com\/es\/#organization\"},\"image\":{\"@id\":\"https:\/\/www.pressenza.com\/es\/2024\/04\/el-congreso-contra-el-sistema-electoral\/#primaryimage\"},\"thumbnailUrl\":\"https:\/\/www.pressenza.com\/wp-content\/uploads\/2024\/04\/poderelectoral.png\",\"keywords\":[\"antidemocr\u00e1tico\",\"estado de derecho\",\"JNE\",\"JNJ\",\"ONPE\",\"RENIEC\",\"sistema sometido\"],\"articleSection\":[\"Comunicados de Prensa\",\"Contenido Original\",\"Derechos Humanos\",\"Noticia\",\"Pol\u00edtica\",\"Sudam\u00e9rica\"],\"inLanguage\":\"es\"},{\"@type\":\"WebPage\",\"@id\":\"https:\/\/www.pressenza.com\/es\/2024\/04\/el-congreso-contra-el-sistema-electoral\/\",\"url\":\"https:\/\/www.pressenza.com\/es\/2024\/04\/el-congreso-contra-el-sistema-electoral\/\",\"name\":\"El Congreso contra el sistema electoral\",\"isPartOf\":{\"@id\":\"https:\/\/www.pressenza.com\/es\/#website\"},\"primaryImageOfPage\":{\"@id\":\"https:\/\/www.pressenza.com\/es\/2024\/04\/el-congreso-contra-el-sistema-electoral\/#primaryimage\"},\"image\":{\"@id\":\"https:\/\/www.pressenza.com\/es\/2024\/04\/el-congreso-contra-el-sistema-electoral\/#primaryimage\"},\"thumbnailUrl\":\"https:\/\/www.pressenza.com\/wp-content\/uploads\/2024\/04\/poderelectoral.png\",\"datePublished\":\"2024-04-20T05:03:36+00:00\",\"description\":\"Hoy en d\u00eda la acci\u00f3n judicial es uno de los pocos muros de contenci\u00f3n que quedan para la defensa del Estado de Derecho. Adem\u00e1s de ello, corresponde a las\",\"breadcrumb\":{\"@id\":\"https:\/\/www.pressenza.com\/es\/2024\/04\/el-congreso-contra-el-sistema-electoral\/#breadcrumb\"},\"inLanguage\":\"es\",\"potentialAction\":[{\"@type\":\"ReadAction\",\"target\":[\"https:\/\/www.pressenza.com\/es\/2024\/04\/el-congreso-contra-el-sistema-electoral\/\"]}]},{\"@type\":\"ImageObject\",\"inLanguage\":\"es\",\"@id\":\"https:\/\/www.pressenza.com\/es\/2024\/04\/el-congreso-contra-el-sistema-electoral\/#primaryimage\",\"url\":\"https:\/\/www.pressenza.com\/wp-content\/uploads\/2024\/04\/poderelectoral.png\",\"contentUrl\":\"https:\/\/www.pressenza.com\/wp-content\/uploads\/2024\/04\/poderelectoral.png\",\"width\":700,\"height\":392},{\"@type\":\"BreadcrumbList\",\"@id\":\"https:\/\/www.pressenza.com\/es\/2024\/04\/el-congreso-contra-el-sistema-electoral\/#breadcrumb\",\"itemListElement\":[{\"@type\":\"ListItem\",\"position\":1,\"name\":\"Accueil\",\"item\":\"https:\/\/www.pressenza.com\/es\/\"},{\"@type\":\"ListItem\",\"position\":2,\"name\":\"El Congreso contra el sistema electoral\"}]},{\"@type\":\"WebSite\",\"@id\":\"https:\/\/www.pressenza.com\/es\/#website\",\"url\":\"https:\/\/www.pressenza.com\/es\/\",\"name\":\"Pressenza\",\"description\":\"International Press Agency\",\"publisher\":{\"@id\":\"https:\/\/www.pressenza.com\/es\/#organization\"},\"potentialAction\":[{\"@type\":\"SearchAction\",\"target\":{\"@type\":\"EntryPoint\",\"urlTemplate\":\"https:\/\/www.pressenza.com\/es\/?s={search_term_string}\"},\"query-input\":{\"@type\":\"PropertyValueSpecification\",\"valueRequired\":true,\"valueName\":\"search_term_string\"}}],\"inLanguage\":\"es\"},{\"@type\":\"Organization\",\"@id\":\"https:\/\/www.pressenza.com\/es\/#organization\",\"name\":\"Pressenza\",\"url\":\"https:\/\/www.pressenza.com\/es\/\",\"logo\":{\"@type\":\"ImageObject\",\"inLanguage\":\"es\",\"@id\":\"https:\/\/www.pressenza.com\/es\/#\/schema\/logo\/image\/\",\"url\":\"https:\/\/www.pressenza.com\/wp-content\/uploads\/2022\/10\/pressenza_logo_200x200.jpg\",\"contentUrl\":\"https:\/\/www.pressenza.com\/wp-content\/uploads\/2022\/10\/pressenza_logo_200x200.jpg\",\"width\":200,\"height\":200,\"caption\":\"Pressenza\"},\"image\":{\"@id\":\"https:\/\/www.pressenza.com\/es\/#\/schema\/logo\/image\/\"},\"sameAs\":[\"https:\/\/www.facebook.com\/PressenzaItalia\",\"https:\/\/x.com\/PressenzaIPA\"]},{\"@type\":\"Person\",\"@id\":\"https:\/\/www.pressenza.com\/es\/#\/schema\/person\/6f7bffaf2962fc89e55e93589c50d908\",\"name\":\"SERVINDI\",\"description\":\"Conscientes de nuestro rol de apoyo y acompa\u00f1amiento operamos como una agencia de noticias y elaboramos notas informativas, informes especiales, entrevistas y producciones de audio y v\u00eddeo, relacionadas al acontecer ind\u00edgena y ambiental nacional y mundial. www.servindi.org\",\"sameAs\":[\"https:\/\/www.facebook.com\/servindinoticias\/?fref=ts\",\"https:\/\/x.com\/servindi\"],\"url\":\"https:\/\/www.pressenza.com\/es\/author\/servindi\/\"}]}<\/script>\n<!-- \/ Yoast SEO plugin. -->","yoast_head_json":{"title":"El Congreso contra el sistema electoral","description":"Hoy en d\u00eda la acci\u00f3n judicial es uno de los pocos muros de contenci\u00f3n que quedan para la defensa del Estado de Derecho. Adem\u00e1s de ello, corresponde a las","robots":{"index":"index","follow":"follow","max-snippet":"max-snippet:-1","max-image-preview":"max-image-preview:large","max-video-preview":"max-video-preview:-1"},"canonical":"https:\/\/www.pressenza.com\/es\/2024\/04\/el-congreso-contra-el-sistema-electoral\/","og_locale":"es_ES","og_type":"article","og_title":"El Congreso contra el sistema electoral","og_description":"Hoy en d\u00eda la acci\u00f3n judicial es uno de los pocos muros de contenci\u00f3n que quedan para la defensa del Estado de Derecho. Adem\u00e1s de ello, corresponde a las","og_url":"https:\/\/www.pressenza.com\/es\/2024\/04\/el-congreso-contra-el-sistema-electoral\/","og_site_name":"Pressenza","article_publisher":"https:\/\/www.facebook.com\/PressenzaItalia","article_author":"https:\/\/www.facebook.com\/servindinoticias\/?fref=ts","article_published_time":"2024-04-20T05:03:36+00:00","og_image":[{"width":700,"height":392,"url":"https:\/\/www.pressenza.com\/wp-content\/uploads\/2024\/04\/poderelectoral.png","type":"image\/png"}],"author":"SERVINDI","twitter_card":"summary_large_image","twitter_creator":"@servindi","twitter_site":"@PressenzaIPA","twitter_misc":{"Escrito por":"SERVINDI","Tiempo de lectura":"3 minutos"},"schema":{"@context":"https:\/\/schema.org","@graph":[{"@type":"Article","@id":"https:\/\/www.pressenza.com\/es\/2024\/04\/el-congreso-contra-el-sistema-electoral\/#article","isPartOf":{"@id":"https:\/\/www.pressenza.com\/es\/2024\/04\/el-congreso-contra-el-sistema-electoral\/"},"author":{"name":"SERVINDI","@id":"https:\/\/www.pressenza.com\/es\/#\/schema\/person\/6f7bffaf2962fc89e55e93589c50d908"},"headline":"El Congreso contra el sistema electoral","datePublished":"2024-04-20T05:03:36+00:00","mainEntityOfPage":{"@id":"https:\/\/www.pressenza.com\/es\/2024\/04\/el-congreso-contra-el-sistema-electoral\/"},"wordCount":665,"publisher":{"@id":"https:\/\/www.pressenza.com\/es\/#organization"},"image":{"@id":"https:\/\/www.pressenza.com\/es\/2024\/04\/el-congreso-contra-el-sistema-electoral\/#primaryimage"},"thumbnailUrl":"https:\/\/www.pressenza.com\/wp-content\/uploads\/2024\/04\/poderelectoral.png","keywords":["antidemocr\u00e1tico","estado de derecho","JNE","JNJ","ONPE","RENIEC","sistema sometido"],"articleSection":["Comunicados de Prensa","Contenido Original","Derechos Humanos","Noticia","Pol\u00edtica","Sudam\u00e9rica"],"inLanguage":"es"},{"@type":"WebPage","@id":"https:\/\/www.pressenza.com\/es\/2024\/04\/el-congreso-contra-el-sistema-electoral\/","url":"https:\/\/www.pressenza.com\/es\/2024\/04\/el-congreso-contra-el-sistema-electoral\/","name":"El Congreso contra el sistema electoral","isPartOf":{"@id":"https:\/\/www.pressenza.com\/es\/#website"},"primaryImageOfPage":{"@id":"https:\/\/www.pressenza.com\/es\/2024\/04\/el-congreso-contra-el-sistema-electoral\/#primaryimage"},"image":{"@id":"https:\/\/www.pressenza.com\/es\/2024\/04\/el-congreso-contra-el-sistema-electoral\/#primaryimage"},"thumbnailUrl":"https:\/\/www.pressenza.com\/wp-content\/uploads\/2024\/04\/poderelectoral.png","datePublished":"2024-04-20T05:03:36+00:00","description":"Hoy en d\u00eda la acci\u00f3n judicial es uno de los pocos muros de contenci\u00f3n que quedan para la defensa del Estado de Derecho. Adem\u00e1s de ello, corresponde a las","breadcrumb":{"@id":"https:\/\/www.pressenza.com\/es\/2024\/04\/el-congreso-contra-el-sistema-electoral\/#breadcrumb"},"inLanguage":"es","potentialAction":[{"@type":"ReadAction","target":["https:\/\/www.pressenza.com\/es\/2024\/04\/el-congreso-contra-el-sistema-electoral\/"]}]},{"@type":"ImageObject","inLanguage":"es","@id":"https:\/\/www.pressenza.com\/es\/2024\/04\/el-congreso-contra-el-sistema-electoral\/#primaryimage","url":"https:\/\/www.pressenza.com\/wp-content\/uploads\/2024\/04\/poderelectoral.png","contentUrl":"https:\/\/www.pressenza.com\/wp-content\/uploads\/2024\/04\/poderelectoral.png","width":700,"height":392},{"@type":"BreadcrumbList","@id":"https:\/\/www.pressenza.com\/es\/2024\/04\/el-congreso-contra-el-sistema-electoral\/#breadcrumb","itemListElement":[{"@type":"ListItem","position":1,"name":"Accueil","item":"https:\/\/www.pressenza.com\/es\/"},{"@type":"ListItem","position":2,"name":"El Congreso contra el sistema electoral"}]},{"@type":"WebSite","@id":"https:\/\/www.pressenza.com\/es\/#website","url":"https:\/\/www.pressenza.com\/es\/","name":"Pressenza","description":"International Press Agency","publisher":{"@id":"https:\/\/www.pressenza.com\/es\/#organization"},"potentialAction":[{"@type":"SearchAction","target":{"@type":"EntryPoint","urlTemplate":"https:\/\/www.pressenza.com\/es\/?s={search_term_string}"},"query-input":{"@type":"PropertyValueSpecification","valueRequired":true,"valueName":"search_term_string"}}],"inLanguage":"es"},{"@type":"Organization","@id":"https:\/\/www.pressenza.com\/es\/#organization","name":"Pressenza","url":"https:\/\/www.pressenza.com\/es\/","logo":{"@type":"ImageObject","inLanguage":"es","@id":"https:\/\/www.pressenza.com\/es\/#\/schema\/logo\/image\/","url":"https:\/\/www.pressenza.com\/wp-content\/uploads\/2022\/10\/pressenza_logo_200x200.jpg","contentUrl":"https:\/\/www.pressenza.com\/wp-content\/uploads\/2022\/10\/pressenza_logo_200x200.jpg","width":200,"height":200,"caption":"Pressenza"},"image":{"@id":"https:\/\/www.pressenza.com\/es\/#\/schema\/logo\/image\/"},"sameAs":["https:\/\/www.facebook.com\/PressenzaItalia","https:\/\/x.com\/PressenzaIPA"]},{"@type":"Person","@id":"https:\/\/www.pressenza.com\/es\/#\/schema\/person\/6f7bffaf2962fc89e55e93589c50d908","name":"SERVINDI","description":"Conscientes de nuestro rol de apoyo y acompa\u00f1amiento operamos como una agencia de noticias y elaboramos notas informativas, informes especiales, entrevistas y producciones de audio y v\u00eddeo, relacionadas al acontecer ind\u00edgena y ambiental nacional y mundial. www.servindi.org","sameAs":["https:\/\/www.facebook.com\/servindinoticias\/?fref=ts","https:\/\/x.com\/servindi"],"url":"https:\/\/www.pressenza.com\/es\/author\/servindi\/"}]}},"place":"","original_article_url":"","_links":{"self":[{"href":"https:\/\/www.pressenza.com\/es\/wp-json\/wp\/v2\/posts\/1839708","targetHints":{"allow":["GET"]}}],"collection":[{"href":"https:\/\/www.pressenza.com\/es\/wp-json\/wp\/v2\/posts"}],"about":[{"href":"https:\/\/www.pressenza.com\/es\/wp-json\/wp\/v2\/types\/post"}],"author":[{"embeddable":true,"href":"https:\/\/www.pressenza.com\/es\/wp-json\/wp\/v2\/users\/1256"}],"replies":[{"embeddable":true,"href":"https:\/\/www.pressenza.com\/es\/wp-json\/wp\/v2\/comments?post=1839708"}],"version-history":[{"count":0,"href":"https:\/\/www.pressenza.com\/es\/wp-json\/wp\/v2\/posts\/1839708\/revisions"}],"wp:featuredmedia":[{"embeddable":true,"href":"https:\/\/www.pressenza.com\/es\/wp-json\/wp\/v2\/media\/1839709"}],"wp:attachment":[{"href":"https:\/\/www.pressenza.com\/es\/wp-json\/wp\/v2\/media?parent=1839708"}],"wp:term":[{"taxonomy":"category","embeddable":true,"href":"https:\/\/www.pressenza.com\/es\/wp-json\/wp\/v2\/categories?post=1839708"},{"taxonomy":"post_tag","embeddable":true,"href":"https:\/\/www.pressenza.com\/es\/wp-json\/wp\/v2\/tags?post=1839708"}],"curies":[{"name":"wp","href":"https:\/\/api.w.org\/{rel}","templated":true}]}}