{"id":1838537,"date":"2024-04-14T17:30:58","date_gmt":"2024-04-14T16:30:58","guid":{"rendered":"https:\/\/www.pressenza.com\/?p=1838537"},"modified":"2024-04-14T17:32:40","modified_gmt":"2024-04-14T16:32:40","slug":"mario-aguilar-presidente-del-colegio-de-profesoras-y-profesores-de-chile-es-elegido-miembro-del-comite-ejecutivo-de-la-internacional-de-la-educacion","status":"publish","type":"post","link":"https:\/\/www.pressenza.com\/es\/2024\/04\/mario-aguilar-presidente-del-colegio-de-profesoras-y-profesores-de-chile-es-elegido-miembro-del-comite-ejecutivo-de-la-internacional-de-la-educacion\/","title":{"rendered":"Mario Aguilar, Presidente del Colegio de Profesoras y Profesores de Chile, es elegido miembro del Comit\u00e9 Ejecutivo de la Internacional de la Educaci\u00f3n"},"content":{"rendered":"<p>El Presidente del Colegio de Profesoras y Profesores de Chile, Mario Aguilar, fue elegido miembro del Comit\u00e9 Ejecutivo de la Internacional de la Educaci\u00f3n para Am\u00e9rica Latina, IEAL para el per\u00edodo 2024-2028.<\/p>\n<p>En su primer discurso ante la Asamblea Plenaria, el l\u00edder docente chileno realiz\u00f3 un repaso del sistema educativo chileno en las \u00faltimas d\u00e9cadas mencionando algunos de los pendientes \u201cel abandono de la educaci\u00f3n p\u00fablica; el agobio laboral docente con una sobrecarga administrativa y burocr\u00e1tica in\u00fatil y que no sirve para un gran trabajo pedag\u00f3gico y que solo estresa y enferma a las y los docentes\u201d.<\/p>\n<p>Mario Aguilar agreg\u00f3 \u201clos problemas de convivencia escolar por eso estamos exigiendo una ley que nos proteja efectivamente de las diversas agresiones y la educaci\u00f3n estandarizada que convierte a nuestras ni\u00f1as y ni\u00f1os en n\u00fameros, con quienes se trabaja para subir unos puntajes, lo que obliga a los docentes a transformarse en adiestradores m\u00e1s que en educadores\u201d.<\/p>\n<p>El Presidente del Colegio de Profesoras y Profesores de Chile tambi\u00e9n destac\u00f3 la Deuda Hist\u00f3rica explic\u00e1ndoles a todos los asistentes de diversos pa\u00edses que \u201cse gener\u00f3 en Dictadura, hace 43 a\u00f1os y a\u00fan no se resuelve \u201c.<\/p>\n<p>Por \u00faltimo, el l\u00edder docente sostuvo \u201cno podemos seguir repitiendo lo que hicimos antes si queremos resultados distintos, y como Gremio estamos revisando nuestra propia acci\u00f3n para lograr que esos cambios s\u00ed sean posibles y logremos recuperar la educaci\u00f3n como un derecho social y no como un producto de mercado\u201d.<\/p>\n<p>La elecci\u00f3n del Presidente del Colegio de Profesoras y Profesores de Chile, Mario Aguilar como parte del Comit\u00e9 Ejecutivo fue en el marco de la D\u00e9cimo tercera Conferencia Regional realizada en San Jos\u00e9 de Costa Rica entre el 7 al 9 de abril.<\/p>\n<p>La Internacional de la Educaci\u00f3n, IEAL, es una federaci\u00f3n internacional de sindicatos de la educaci\u00f3n, que representa a m\u00e1s de 30 millones de docentes, trabajadores y trabajadoras de la educaci\u00f3n y cuenta con m\u00e1s de 400 organizaciones integrantes de 177 pa\u00edses de varias regiones de todo el mundo.<\/p>\n<p>La IE es la \u00fanica Federaci\u00f3n Mundial que representa a todas las personas docentes y trabajadoras de la educaci\u00f3n, con el fin de proteger sus derechos y los de sus estudiantes. Son defensores de la educaci\u00f3n p\u00fablica y de calidad, accesible para todas las personas.<\/p>\n<p><img loading=\"lazy\" decoding=\"async\" class=\"alignnone wp-image-1838541 size-full\" src=\"https:\/\/www.pressenza.com\/wp-content\/uploads\/2024\/04\/otra.jpeg\" alt=\"\" width=\"1280\" height=\"853\" srcset=\"https:\/\/www.pressenza.com\/wp-content\/uploads\/2024\/04\/otra.jpeg 1280w, https:\/\/www.pressenza.com\/wp-content\/uploads\/2024\/04\/otra-300x200.jpeg 300w, https:\/\/www.pressenza.com\/wp-content\/uploads\/2024\/04\/otra-820x546.jpeg 820w\" sizes=\"auto, (max-width: 1280px) 100vw, 1280px\" \/><\/p>\n","protected":false},"excerpt":{"rendered":"<p>El Presidente del Colegio de Profesoras y Profesores de Chile, Mario Aguilar, fue elegido miembro del Comit\u00e9 Ejecutivo de la Internacional de la Educaci\u00f3n para Am\u00e9rica Latina, IEAL para el per\u00edodo 2024-2028. En su primer discurso ante la Asamblea Plenaria,&hellip;<\/p>\n","protected":false},"author":43,"featured_media":1838538,"comment_status":"closed","ping_status":"closed","sticky":false,"template":"","format":"standard","meta":{"footnotes":""},"categories":[149,11389,1230,39],"tags":[121938,121939,7784],"class_list":["post-1838537","post","type-post","status-publish","format-standard","has-post-thumbnail","hentry","category-comunicados-de-prensa","category-contenido-original","category-educacion-tema","category-internacional","tag-colegio-de-profesoras-y-profesores-de-chile","tag-comite-ejecutivo-de-la-internacional-de-la-educacion","tag-mario-aguilar"],"yoast_head":"<!-- This site is optimized with the Yoast SEO plugin v27.1.1 - https:\/\/yoast.com\/product\/yoast-seo-wordpress\/ -->\n<title>Mario Aguilar, Presidente del Colegio de Profesoras y Profesores de Chile, es elegido miembro del Comit\u00e9 Ejecutivo de la Internacional de la Educaci\u00f3n<\/title>\n<meta name=\"description\" content=\"El Presidente del Colegio de Profesoras y Profesores de Chile, Mario Aguilar, fue elegido miembro del Comit\u00e9 Ejecutivo de la Internacional de la Educaci\u00f3n\" \/>\n<meta name=\"robots\" content=\"index, follow, max-snippet:-1, max-image-preview:large, max-video-preview:-1\" \/>\n<link rel=\"canonical\" href=\"https:\/\/www.pressenza.com\/es\/2024\/04\/mario-aguilar-presidente-del-colegio-de-profesoras-y-profesores-de-chile-es-elegido-miembro-del-comite-ejecutivo-de-la-internacional-de-la-educacion\/\" \/>\n<meta property=\"og:locale\" content=\"es_ES\" \/>\n<meta property=\"og:type\" content=\"article\" \/>\n<meta property=\"og:title\" content=\"Mario Aguilar, Presidente del Colegio de Profesoras y Profesores de Chile, es elegido miembro del Comit\u00e9 Ejecutivo de la Internacional de la Educaci\u00f3n\" \/>\n<meta property=\"og:description\" content=\"El Presidente del Colegio de Profesoras y Profesores de Chile, Mario Aguilar, fue elegido miembro del Comit\u00e9 Ejecutivo de la Internacional de la Educaci\u00f3n\" \/>\n<meta property=\"og:url\" content=\"https:\/\/www.pressenza.com\/es\/2024\/04\/mario-aguilar-presidente-del-colegio-de-profesoras-y-profesores-de-chile-es-elegido-miembro-del-comite-ejecutivo-de-la-internacional-de-la-educacion\/\" \/>\n<meta property=\"og:site_name\" content=\"Pressenza\" \/>\n<meta property=\"article:publisher\" content=\"https:\/\/www.facebook.com\/PressenzaItalia\" \/>\n<meta property=\"article:author\" content=\"https:\/\/www.facebook.com\/pressenza\" \/>\n<meta property=\"article:published_time\" content=\"2024-04-14T16:30:58+00:00\" \/>\n<meta property=\"article:modified_time\" content=\"2024-04-14T16:32:40+00:00\" \/>\n<meta property=\"og:image\" content=\"https:\/\/www.pressenza.com\/wp-content\/uploads\/2024\/04\/Sin-titulo.jpeg\" \/>\n\t<meta property=\"og:image:width\" content=\"1280\" \/>\n\t<meta property=\"og:image:height\" content=\"853\" \/>\n\t<meta property=\"og:image:type\" content=\"image\/jpeg\" \/>\n<meta name=\"author\" content=\"Redacci\u00f3n Chile\" \/>\n<meta name=\"twitter:card\" content=\"summary_large_image\" \/>\n<meta name=\"twitter:creator\" content=\"@pressenza\" \/>\n<meta name=\"twitter:site\" content=\"@PressenzaIPA\" \/>\n<meta name=\"twitter:label1\" content=\"Escrito por\" \/>\n\t<meta name=\"twitter:data1\" content=\"Redacci\u00f3n Chile\" \/>\n\t<meta name=\"twitter:label2\" content=\"Tiempo de lectura\" \/>\n\t<meta name=\"twitter:data2\" content=\"2 minutos\" \/>\n<script type=\"application\/ld+json\" class=\"yoast-schema-graph\">{\"@context\":\"https:\/\/schema.org\",\"@graph\":[{\"@type\":\"Article\",\"@id\":\"https:\/\/www.pressenza.com\/es\/2024\/04\/mario-aguilar-presidente-del-colegio-de-profesoras-y-profesores-de-chile-es-elegido-miembro-del-comite-ejecutivo-de-la-internacional-de-la-educacion\/#article\",\"isPartOf\":{\"@id\":\"https:\/\/www.pressenza.com\/es\/2024\/04\/mario-aguilar-presidente-del-colegio-de-profesoras-y-profesores-de-chile-es-elegido-miembro-del-comite-ejecutivo-de-la-internacional-de-la-educacion\/\"},\"author\":{\"name\":\"Redacci\u00f3n Chile\",\"@id\":\"https:\/\/www.pressenza.com\/es\/#\/schema\/person\/d7db40df35d6698ba69ba9ee260944ed\"},\"headline\":\"Mario Aguilar, Presidente del Colegio de Profesoras y Profesores de Chile, es elegido miembro del Comit\u00e9 Ejecutivo de la Internacional de la Educaci\u00f3n\",\"datePublished\":\"2024-04-14T16:30:58+00:00\",\"dateModified\":\"2024-04-14T16:32:40+00:00\",\"mainEntityOfPage\":{\"@id\":\"https:\/\/www.pressenza.com\/es\/2024\/04\/mario-aguilar-presidente-del-colegio-de-profesoras-y-profesores-de-chile-es-elegido-miembro-del-comite-ejecutivo-de-la-internacional-de-la-educacion\/\"},\"wordCount\":431,\"publisher\":{\"@id\":\"https:\/\/www.pressenza.com\/es\/#organization\"},\"image\":{\"@id\":\"https:\/\/www.pressenza.com\/es\/2024\/04\/mario-aguilar-presidente-del-colegio-de-profesoras-y-profesores-de-chile-es-elegido-miembro-del-comite-ejecutivo-de-la-internacional-de-la-educacion\/#primaryimage\"},\"thumbnailUrl\":\"https:\/\/www.pressenza.com\/wp-content\/uploads\/2024\/04\/Sin-titulo.jpeg\",\"keywords\":[\"Colegio de Profesoras y Profesores de Chile\",\"Comit\u00e9 Ejecutivo de la Internacional de la Educaci\u00f3n\",\"Mario Aguilar\"],\"articleSection\":[\"Comunicados de Prensa\",\"Contenido Original\",\"Educaci\u00f3n\",\"Internacional\"],\"inLanguage\":\"es\"},{\"@type\":\"WebPage\",\"@id\":\"https:\/\/www.pressenza.com\/es\/2024\/04\/mario-aguilar-presidente-del-colegio-de-profesoras-y-profesores-de-chile-es-elegido-miembro-del-comite-ejecutivo-de-la-internacional-de-la-educacion\/\",\"url\":\"https:\/\/www.pressenza.com\/es\/2024\/04\/mario-aguilar-presidente-del-colegio-de-profesoras-y-profesores-de-chile-es-elegido-miembro-del-comite-ejecutivo-de-la-internacional-de-la-educacion\/\",\"name\":\"Mario Aguilar, Presidente del Colegio de Profesoras y Profesores de Chile, es elegido miembro del Comit\u00e9 Ejecutivo de la Internacional de la Educaci\u00f3n\",\"isPartOf\":{\"@id\":\"https:\/\/www.pressenza.com\/es\/#website\"},\"primaryImageOfPage\":{\"@id\":\"https:\/\/www.pressenza.com\/es\/2024\/04\/mario-aguilar-presidente-del-colegio-de-profesoras-y-profesores-de-chile-es-elegido-miembro-del-comite-ejecutivo-de-la-internacional-de-la-educacion\/#primaryimage\"},\"image\":{\"@id\":\"https:\/\/www.pressenza.com\/es\/2024\/04\/mario-aguilar-presidente-del-colegio-de-profesoras-y-profesores-de-chile-es-elegido-miembro-del-comite-ejecutivo-de-la-internacional-de-la-educacion\/#primaryimage\"},\"thumbnailUrl\":\"https:\/\/www.pressenza.com\/wp-content\/uploads\/2024\/04\/Sin-titulo.jpeg\",\"datePublished\":\"2024-04-14T16:30:58+00:00\",\"dateModified\":\"2024-04-14T16:32:40+00:00\",\"description\":\"El Presidente del Colegio de Profesoras y Profesores de Chile, Mario Aguilar, fue elegido miembro del Comit\u00e9 Ejecutivo de la Internacional de la Educaci\u00f3n\",\"breadcrumb\":{\"@id\":\"https:\/\/www.pressenza.com\/es\/2024\/04\/mario-aguilar-presidente-del-colegio-de-profesoras-y-profesores-de-chile-es-elegido-miembro-del-comite-ejecutivo-de-la-internacional-de-la-educacion\/#breadcrumb\"},\"inLanguage\":\"es\",\"potentialAction\":[{\"@type\":\"ReadAction\",\"target\":[\"https:\/\/www.pressenza.com\/es\/2024\/04\/mario-aguilar-presidente-del-colegio-de-profesoras-y-profesores-de-chile-es-elegido-miembro-del-comite-ejecutivo-de-la-internacional-de-la-educacion\/\"]}]},{\"@type\":\"ImageObject\",\"inLanguage\":\"es\",\"@id\":\"https:\/\/www.pressenza.com\/es\/2024\/04\/mario-aguilar-presidente-del-colegio-de-profesoras-y-profesores-de-chile-es-elegido-miembro-del-comite-ejecutivo-de-la-internacional-de-la-educacion\/#primaryimage\",\"url\":\"https:\/\/www.pressenza.com\/wp-content\/uploads\/2024\/04\/Sin-titulo.jpeg\",\"contentUrl\":\"https:\/\/www.pressenza.com\/wp-content\/uploads\/2024\/04\/Sin-titulo.jpeg\",\"width\":1280,\"height\":853},{\"@type\":\"BreadcrumbList\",\"@id\":\"https:\/\/www.pressenza.com\/es\/2024\/04\/mario-aguilar-presidente-del-colegio-de-profesoras-y-profesores-de-chile-es-elegido-miembro-del-comite-ejecutivo-de-la-internacional-de-la-educacion\/#breadcrumb\",\"itemListElement\":[{\"@type\":\"ListItem\",\"position\":1,\"name\":\"Accueil\",\"item\":\"https:\/\/www.pressenza.com\/es\/\"},{\"@type\":\"ListItem\",\"position\":2,\"name\":\"Mario Aguilar, Presidente del Colegio de Profesoras y Profesores de Chile, es elegido miembro del Comit\u00e9 Ejecutivo de la Internacional de la Educaci\u00f3n\"}]},{\"@type\":\"WebSite\",\"@id\":\"https:\/\/www.pressenza.com\/es\/#website\",\"url\":\"https:\/\/www.pressenza.com\/es\/\",\"name\":\"Pressenza\",\"description\":\"International Press Agency\",\"publisher\":{\"@id\":\"https:\/\/www.pressenza.com\/es\/#organization\"},\"potentialAction\":[{\"@type\":\"SearchAction\",\"target\":{\"@type\":\"EntryPoint\",\"urlTemplate\":\"https:\/\/www.pressenza.com\/es\/?s={search_term_string}\"},\"query-input\":{\"@type\":\"PropertyValueSpecification\",\"valueRequired\":true,\"valueName\":\"search_term_string\"}}],\"inLanguage\":\"es\"},{\"@type\":\"Organization\",\"@id\":\"https:\/\/www.pressenza.com\/es\/#organization\",\"name\":\"Pressenza\",\"url\":\"https:\/\/www.pressenza.com\/es\/\",\"logo\":{\"@type\":\"ImageObject\",\"inLanguage\":\"es\",\"@id\":\"https:\/\/www.pressenza.com\/es\/#\/schema\/logo\/image\/\",\"url\":\"https:\/\/www.pressenza.com\/wp-content\/uploads\/2022\/10\/pressenza_logo_200x200.jpg\",\"contentUrl\":\"https:\/\/www.pressenza.com\/wp-content\/uploads\/2022\/10\/pressenza_logo_200x200.jpg\",\"width\":200,\"height\":200,\"caption\":\"Pressenza\"},\"image\":{\"@id\":\"https:\/\/www.pressenza.com\/es\/#\/schema\/logo\/image\/\"},\"sameAs\":[\"https:\/\/www.facebook.com\/PressenzaItalia\",\"https:\/\/x.com\/PressenzaIPA\"]},{\"@type\":\"Person\",\"@id\":\"https:\/\/www.pressenza.com\/es\/#\/schema\/person\/d7db40df35d6698ba69ba9ee260944ed\",\"name\":\"Redacci\u00f3n Chile\",\"description\":\"News from the Pressenza Bureau in Chile\",\"sameAs\":[\"https:\/\/www.facebook.com\/pressenza\",\"https:\/\/x.com\/pressenza\"],\"url\":\"https:\/\/www.pressenza.com\/es\/author\/redaccion-chile\/\"}]}<\/script>\n<!-- \/ Yoast SEO plugin. -->","yoast_head_json":{"title":"Mario Aguilar, Presidente del Colegio de Profesoras y Profesores de Chile, es elegido miembro del Comit\u00e9 Ejecutivo de la Internacional de la Educaci\u00f3n","description":"El Presidente del Colegio de Profesoras y Profesores de Chile, Mario Aguilar, fue elegido miembro del Comit\u00e9 Ejecutivo de la Internacional de la Educaci\u00f3n","robots":{"index":"index","follow":"follow","max-snippet":"max-snippet:-1","max-image-preview":"max-image-preview:large","max-video-preview":"max-video-preview:-1"},"canonical":"https:\/\/www.pressenza.com\/es\/2024\/04\/mario-aguilar-presidente-del-colegio-de-profesoras-y-profesores-de-chile-es-elegido-miembro-del-comite-ejecutivo-de-la-internacional-de-la-educacion\/","og_locale":"es_ES","og_type":"article","og_title":"Mario Aguilar, Presidente del Colegio de Profesoras y Profesores de Chile, es elegido miembro del Comit\u00e9 Ejecutivo de la Internacional de la Educaci\u00f3n","og_description":"El Presidente del Colegio de Profesoras y Profesores de Chile, Mario Aguilar, fue elegido miembro del Comit\u00e9 Ejecutivo de la Internacional de la Educaci\u00f3n","og_url":"https:\/\/www.pressenza.com\/es\/2024\/04\/mario-aguilar-presidente-del-colegio-de-profesoras-y-profesores-de-chile-es-elegido-miembro-del-comite-ejecutivo-de-la-internacional-de-la-educacion\/","og_site_name":"Pressenza","article_publisher":"https:\/\/www.facebook.com\/PressenzaItalia","article_author":"https:\/\/www.facebook.com\/pressenza","article_published_time":"2024-04-14T16:30:58+00:00","article_modified_time":"2024-04-14T16:32:40+00:00","og_image":[{"width":1280,"height":853,"url":"https:\/\/www.pressenza.com\/wp-content\/uploads\/2024\/04\/Sin-titulo.jpeg","type":"image\/jpeg"}],"author":"Redacci\u00f3n Chile","twitter_card":"summary_large_image","twitter_creator":"@pressenza","twitter_site":"@PressenzaIPA","twitter_misc":{"Escrito por":"Redacci\u00f3n Chile","Tiempo de lectura":"2 minutos"},"schema":{"@context":"https:\/\/schema.org","@graph":[{"@type":"Article","@id":"https:\/\/www.pressenza.com\/es\/2024\/04\/mario-aguilar-presidente-del-colegio-de-profesoras-y-profesores-de-chile-es-elegido-miembro-del-comite-ejecutivo-de-la-internacional-de-la-educacion\/#article","isPartOf":{"@id":"https:\/\/www.pressenza.com\/es\/2024\/04\/mario-aguilar-presidente-del-colegio-de-profesoras-y-profesores-de-chile-es-elegido-miembro-del-comite-ejecutivo-de-la-internacional-de-la-educacion\/"},"author":{"name":"Redacci\u00f3n Chile","@id":"https:\/\/www.pressenza.com\/es\/#\/schema\/person\/d7db40df35d6698ba69ba9ee260944ed"},"headline":"Mario Aguilar, Presidente del Colegio de Profesoras y Profesores de Chile, es elegido miembro del Comit\u00e9 Ejecutivo de la Internacional de la Educaci\u00f3n","datePublished":"2024-04-14T16:30:58+00:00","dateModified":"2024-04-14T16:32:40+00:00","mainEntityOfPage":{"@id":"https:\/\/www.pressenza.com\/es\/2024\/04\/mario-aguilar-presidente-del-colegio-de-profesoras-y-profesores-de-chile-es-elegido-miembro-del-comite-ejecutivo-de-la-internacional-de-la-educacion\/"},"wordCount":431,"publisher":{"@id":"https:\/\/www.pressenza.com\/es\/#organization"},"image":{"@id":"https:\/\/www.pressenza.com\/es\/2024\/04\/mario-aguilar-presidente-del-colegio-de-profesoras-y-profesores-de-chile-es-elegido-miembro-del-comite-ejecutivo-de-la-internacional-de-la-educacion\/#primaryimage"},"thumbnailUrl":"https:\/\/www.pressenza.com\/wp-content\/uploads\/2024\/04\/Sin-titulo.jpeg","keywords":["Colegio de Profesoras y Profesores de Chile","Comit\u00e9 Ejecutivo de la Internacional de la Educaci\u00f3n","Mario Aguilar"],"articleSection":["Comunicados de Prensa","Contenido Original","Educaci\u00f3n","Internacional"],"inLanguage":"es"},{"@type":"WebPage","@id":"https:\/\/www.pressenza.com\/es\/2024\/04\/mario-aguilar-presidente-del-colegio-de-profesoras-y-profesores-de-chile-es-elegido-miembro-del-comite-ejecutivo-de-la-internacional-de-la-educacion\/","url":"https:\/\/www.pressenza.com\/es\/2024\/04\/mario-aguilar-presidente-del-colegio-de-profesoras-y-profesores-de-chile-es-elegido-miembro-del-comite-ejecutivo-de-la-internacional-de-la-educacion\/","name":"Mario Aguilar, Presidente del Colegio de Profesoras y Profesores de Chile, es elegido miembro del Comit\u00e9 Ejecutivo de la Internacional de la Educaci\u00f3n","isPartOf":{"@id":"https:\/\/www.pressenza.com\/es\/#website"},"primaryImageOfPage":{"@id":"https:\/\/www.pressenza.com\/es\/2024\/04\/mario-aguilar-presidente-del-colegio-de-profesoras-y-profesores-de-chile-es-elegido-miembro-del-comite-ejecutivo-de-la-internacional-de-la-educacion\/#primaryimage"},"image":{"@id":"https:\/\/www.pressenza.com\/es\/2024\/04\/mario-aguilar-presidente-del-colegio-de-profesoras-y-profesores-de-chile-es-elegido-miembro-del-comite-ejecutivo-de-la-internacional-de-la-educacion\/#primaryimage"},"thumbnailUrl":"https:\/\/www.pressenza.com\/wp-content\/uploads\/2024\/04\/Sin-titulo.jpeg","datePublished":"2024-04-14T16:30:58+00:00","dateModified":"2024-04-14T16:32:40+00:00","description":"El Presidente del Colegio de Profesoras y Profesores de Chile, Mario Aguilar, fue elegido miembro del Comit\u00e9 Ejecutivo de la Internacional de la Educaci\u00f3n","breadcrumb":{"@id":"https:\/\/www.pressenza.com\/es\/2024\/04\/mario-aguilar-presidente-del-colegio-de-profesoras-y-profesores-de-chile-es-elegido-miembro-del-comite-ejecutivo-de-la-internacional-de-la-educacion\/#breadcrumb"},"inLanguage":"es","potentialAction":[{"@type":"ReadAction","target":["https:\/\/www.pressenza.com\/es\/2024\/04\/mario-aguilar-presidente-del-colegio-de-profesoras-y-profesores-de-chile-es-elegido-miembro-del-comite-ejecutivo-de-la-internacional-de-la-educacion\/"]}]},{"@type":"ImageObject","inLanguage":"es","@id":"https:\/\/www.pressenza.com\/es\/2024\/04\/mario-aguilar-presidente-del-colegio-de-profesoras-y-profesores-de-chile-es-elegido-miembro-del-comite-ejecutivo-de-la-internacional-de-la-educacion\/#primaryimage","url":"https:\/\/www.pressenza.com\/wp-content\/uploads\/2024\/04\/Sin-titulo.jpeg","contentUrl":"https:\/\/www.pressenza.com\/wp-content\/uploads\/2024\/04\/Sin-titulo.jpeg","width":1280,"height":853},{"@type":"BreadcrumbList","@id":"https:\/\/www.pressenza.com\/es\/2024\/04\/mario-aguilar-presidente-del-colegio-de-profesoras-y-profesores-de-chile-es-elegido-miembro-del-comite-ejecutivo-de-la-internacional-de-la-educacion\/#breadcrumb","itemListElement":[{"@type":"ListItem","position":1,"name":"Accueil","item":"https:\/\/www.pressenza.com\/es\/"},{"@type":"ListItem","position":2,"name":"Mario Aguilar, Presidente del Colegio de Profesoras y Profesores de Chile, es elegido miembro del Comit\u00e9 Ejecutivo de la Internacional de la Educaci\u00f3n"}]},{"@type":"WebSite","@id":"https:\/\/www.pressenza.com\/es\/#website","url":"https:\/\/www.pressenza.com\/es\/","name":"Pressenza","description":"International Press Agency","publisher":{"@id":"https:\/\/www.pressenza.com\/es\/#organization"},"potentialAction":[{"@type":"SearchAction","target":{"@type":"EntryPoint","urlTemplate":"https:\/\/www.pressenza.com\/es\/?s={search_term_string}"},"query-input":{"@type":"PropertyValueSpecification","valueRequired":true,"valueName":"search_term_string"}}],"inLanguage":"es"},{"@type":"Organization","@id":"https:\/\/www.pressenza.com\/es\/#organization","name":"Pressenza","url":"https:\/\/www.pressenza.com\/es\/","logo":{"@type":"ImageObject","inLanguage":"es","@id":"https:\/\/www.pressenza.com\/es\/#\/schema\/logo\/image\/","url":"https:\/\/www.pressenza.com\/wp-content\/uploads\/2022\/10\/pressenza_logo_200x200.jpg","contentUrl":"https:\/\/www.pressenza.com\/wp-content\/uploads\/2022\/10\/pressenza_logo_200x200.jpg","width":200,"height":200,"caption":"Pressenza"},"image":{"@id":"https:\/\/www.pressenza.com\/es\/#\/schema\/logo\/image\/"},"sameAs":["https:\/\/www.facebook.com\/PressenzaItalia","https:\/\/x.com\/PressenzaIPA"]},{"@type":"Person","@id":"https:\/\/www.pressenza.com\/es\/#\/schema\/person\/d7db40df35d6698ba69ba9ee260944ed","name":"Redacci\u00f3n Chile","description":"News from the Pressenza Bureau in Chile","sameAs":["https:\/\/www.facebook.com\/pressenza","https:\/\/x.com\/pressenza"],"url":"https:\/\/www.pressenza.com\/es\/author\/redaccion-chile\/"}]}},"place":"Santiago de Chile","original_article_url":"","_links":{"self":[{"href":"https:\/\/www.pressenza.com\/es\/wp-json\/wp\/v2\/posts\/1838537","targetHints":{"allow":["GET"]}}],"collection":[{"href":"https:\/\/www.pressenza.com\/es\/wp-json\/wp\/v2\/posts"}],"about":[{"href":"https:\/\/www.pressenza.com\/es\/wp-json\/wp\/v2\/types\/post"}],"author":[{"embeddable":true,"href":"https:\/\/www.pressenza.com\/es\/wp-json\/wp\/v2\/users\/43"}],"replies":[{"embeddable":true,"href":"https:\/\/www.pressenza.com\/es\/wp-json\/wp\/v2\/comments?post=1838537"}],"version-history":[{"count":0,"href":"https:\/\/www.pressenza.com\/es\/wp-json\/wp\/v2\/posts\/1838537\/revisions"}],"wp:featuredmedia":[{"embeddable":true,"href":"https:\/\/www.pressenza.com\/es\/wp-json\/wp\/v2\/media\/1838538"}],"wp:attachment":[{"href":"https:\/\/www.pressenza.com\/es\/wp-json\/wp\/v2\/media?parent=1838537"}],"wp:term":[{"taxonomy":"category","embeddable":true,"href":"https:\/\/www.pressenza.com\/es\/wp-json\/wp\/v2\/categories?post=1838537"},{"taxonomy":"post_tag","embeddable":true,"href":"https:\/\/www.pressenza.com\/es\/wp-json\/wp\/v2\/tags?post=1838537"}],"curies":[{"name":"wp","href":"https:\/\/api.w.org\/{rel}","templated":true}]}}