{"id":1838440,"date":"2024-04-14T01:58:32","date_gmt":"2024-04-14T00:58:32","guid":{"rendered":"https:\/\/www.pressenza.com\/?p=1838440"},"modified":"2024-04-14T01:58:32","modified_gmt":"2024-04-14T00:58:32","slug":"presidente-de-colombia-culpo-a-eeuu-por-tensiones-en-medio-oriente","status":"publish","type":"post","link":"https:\/\/www.pressenza.com\/es\/2024\/04\/presidente-de-colombia-culpo-a-eeuu-por-tensiones-en-medio-oriente\/","title":{"rendered":"Presidente de Colombia culp\u00f3 a EEUU por tensiones en Medio Oriente"},"content":{"rendered":"<p>El apoyo de Estados Unidos, en la pr\u00e1ctica, a un genocidio, ha encendido el mundo, afirm\u00f3 hoy el presidente de Colombia, Gustavo Petro, en referencia al respaldo brindado por Washington a Israel contra Palestina.<\/p>\n<p>El mandatario consider\u00f3 que Naciones Unidas debe reunirse de urgencia y apostar de inmediato a la paz, debido a las agresiones desatadas en Medio Oriente tras un ataque iran\u00ed contra Israel, en represalia por su bombardeo contra el consulado de Teher\u00e1n en Damasco.<\/p>\n<p>De acuerdo con las declaraciones del gobierno en su red social X, la escalada de las hostilidades era previsible.<\/p>\n<p>A juicio de Petro se est\u00e1 ahora en la antesala de la III guerra mundial, precisamente cuando la humanidad deber\u00eda reconstruir su econom\u00eda hacia el objetivo r\u00e1pido de la descarbonizaci\u00f3n.<\/p>\n<p>\u201cTodos saben c\u00f3mo comienzan las guerras, nadie sabe c\u00f3mo terminan. Ojal\u00e1 el pueblo de Israel fuera lo suficientemente elevado como sus antepasados, para detener la locura de su gobernante\u201d, afirm\u00f3.<\/p>\n<p>Varios medios internacionales, que citan a fuentes de seguridad israel\u00edes y estadounidenses, hablaron de un bombardeo de 400 a 500 drones, as\u00ed como misiles cruceros.<\/p>\n<p>En un mensaje al pa\u00eds, el primer ministro israel\u00ed Benjamin Netanyahu prometi\u00f3 atacar a la naci\u00f3n musulmana, lo cual amenaza con una escalada de grandes proporciones en la regi\u00f3n.<\/p>\n<p>\u201cEstamos listos para un ataque directo de Ir\u00e1n y responderemos de la misma manera\u201d, afirm\u00f3.<\/p>\n","protected":false},"excerpt":{"rendered":"<p>El apoyo de Estados Unidos, en la pr\u00e1ctica, a un genocidio, ha encendido el mundo, afirm\u00f3 hoy el presidente de Colombia, Gustavo Petro, en referencia al respaldo brindado por Washington a Israel contra Palestina. El mandatario consider\u00f3 que Naciones Unidas&hellip;<\/p>\n","protected":false},"author":90,"featured_media":1838441,"comment_status":"closed","ping_status":"closed","sticky":false,"template":"","format":"standard","meta":{"footnotes":""},"categories":[76,39,106739],"tags":[10793,77171,22209],"class_list":["post-1838440","post","type-post","status-publish","format-standard","has-post-thumbnail","hentry","category-relaciones-exteriores","category-internacional","category-noticia","tag-estados-unidos-de-norteamerica","tag-gustavo-petro-es","tag-medio-oriente"],"yoast_head":"<!-- This site is optimized with the Yoast SEO plugin v27.1.1 - https:\/\/yoast.com\/product\/yoast-seo-wordpress\/ -->\n<title>Presidente de Colombia culp\u00f3 a EEUU por tensiones en Medio Oriente<\/title>\n<meta name=\"description\" content=\"El apoyo de Estados Unidos, en la pr\u00e1ctica, a un genocidio, ha encendido el mundo, afirm\u00f3 hoy el presidente de Colombia, Gustavo Petro, en referencia al\" \/>\n<meta name=\"robots\" content=\"index, follow, max-snippet:-1, max-image-preview:large, max-video-preview:-1\" \/>\n<link rel=\"canonical\" href=\"https:\/\/www.pressenza.com\/es\/2024\/04\/presidente-de-colombia-culpo-a-eeuu-por-tensiones-en-medio-oriente\/\" \/>\n<meta property=\"og:locale\" content=\"es_ES\" \/>\n<meta property=\"og:type\" content=\"article\" \/>\n<meta property=\"og:title\" content=\"Presidente de Colombia culp\u00f3 a EEUU por tensiones en Medio Oriente\" \/>\n<meta property=\"og:description\" content=\"El apoyo de Estados Unidos, en la pr\u00e1ctica, a un genocidio, ha encendido el mundo, afirm\u00f3 hoy el presidente de Colombia, Gustavo Petro, en referencia al\" \/>\n<meta property=\"og:url\" content=\"https:\/\/www.pressenza.com\/es\/2024\/04\/presidente-de-colombia-culpo-a-eeuu-por-tensiones-en-medio-oriente\/\" \/>\n<meta property=\"og:site_name\" content=\"Pressenza\" \/>\n<meta property=\"article:publisher\" content=\"https:\/\/www.facebook.com\/PressenzaItalia\" \/>\n<meta property=\"article:author\" content=\"https:\/\/www.facebook.com\/AgenciaPrensaLatina\" \/>\n<meta property=\"article:published_time\" content=\"2024-04-14T00:58:32+00:00\" \/>\n<meta property=\"og:image\" content=\"https:\/\/www.pressenza.com\/wp-content\/uploads\/2024\/04\/Gustavo-Petro.jpg\" \/>\n\t<meta property=\"og:image:width\" content=\"982\" \/>\n\t<meta property=\"og:image:height\" content=\"551\" \/>\n\t<meta property=\"og:image:type\" content=\"image\/jpeg\" \/>\n<meta name=\"author\" content=\"Prensa Latina\" \/>\n<meta name=\"twitter:card\" content=\"summary_large_image\" \/>\n<meta name=\"twitter:creator\" content=\"@prensalatina_cu\" \/>\n<meta name=\"twitter:site\" content=\"@PressenzaIPA\" \/>\n<meta name=\"twitter:label1\" content=\"Escrito por\" \/>\n\t<meta name=\"twitter:data1\" content=\"Prensa Latina\" \/>\n\t<meta name=\"twitter:label2\" content=\"Tiempo de lectura\" \/>\n\t<meta name=\"twitter:data2\" content=\"2 minutos\" \/>\n<script type=\"application\/ld+json\" class=\"yoast-schema-graph\">{\"@context\":\"https:\/\/schema.org\",\"@graph\":[{\"@type\":\"Article\",\"@id\":\"https:\/\/www.pressenza.com\/es\/2024\/04\/presidente-de-colombia-culpo-a-eeuu-por-tensiones-en-medio-oriente\/#article\",\"isPartOf\":{\"@id\":\"https:\/\/www.pressenza.com\/es\/2024\/04\/presidente-de-colombia-culpo-a-eeuu-por-tensiones-en-medio-oriente\/\"},\"author\":{\"name\":\"Prensa Latina\",\"@id\":\"https:\/\/www.pressenza.com\/es\/#\/schema\/person\/e35c78ffa242d98f4f49ccb18c8631de\"},\"headline\":\"Presidente de Colombia culp\u00f3 a EEUU por tensiones en Medio Oriente\",\"datePublished\":\"2024-04-14T00:58:32+00:00\",\"mainEntityOfPage\":{\"@id\":\"https:\/\/www.pressenza.com\/es\/2024\/04\/presidente-de-colombia-culpo-a-eeuu-por-tensiones-en-medio-oriente\/\"},\"wordCount\":247,\"publisher\":{\"@id\":\"https:\/\/www.pressenza.com\/es\/#organization\"},\"image\":{\"@id\":\"https:\/\/www.pressenza.com\/es\/2024\/04\/presidente-de-colombia-culpo-a-eeuu-por-tensiones-en-medio-oriente\/#primaryimage\"},\"thumbnailUrl\":\"https:\/\/www.pressenza.com\/wp-content\/uploads\/2024\/04\/Gustavo-Petro.jpg\",\"keywords\":[\"Estados Unidos de Norteam\u00e9rica\",\"Gustavo Petro\",\"Medio Oriente\"],\"articleSection\":[\"Asuntos internacionales\",\"Internacional\",\"Noticia\"],\"inLanguage\":\"es\"},{\"@type\":\"WebPage\",\"@id\":\"https:\/\/www.pressenza.com\/es\/2024\/04\/presidente-de-colombia-culpo-a-eeuu-por-tensiones-en-medio-oriente\/\",\"url\":\"https:\/\/www.pressenza.com\/es\/2024\/04\/presidente-de-colombia-culpo-a-eeuu-por-tensiones-en-medio-oriente\/\",\"name\":\"Presidente de Colombia culp\u00f3 a EEUU por tensiones en Medio Oriente\",\"isPartOf\":{\"@id\":\"https:\/\/www.pressenza.com\/es\/#website\"},\"primaryImageOfPage\":{\"@id\":\"https:\/\/www.pressenza.com\/es\/2024\/04\/presidente-de-colombia-culpo-a-eeuu-por-tensiones-en-medio-oriente\/#primaryimage\"},\"image\":{\"@id\":\"https:\/\/www.pressenza.com\/es\/2024\/04\/presidente-de-colombia-culpo-a-eeuu-por-tensiones-en-medio-oriente\/#primaryimage\"},\"thumbnailUrl\":\"https:\/\/www.pressenza.com\/wp-content\/uploads\/2024\/04\/Gustavo-Petro.jpg\",\"datePublished\":\"2024-04-14T00:58:32+00:00\",\"description\":\"El apoyo de Estados Unidos, en la pr\u00e1ctica, a un genocidio, ha encendido el mundo, afirm\u00f3 hoy el presidente de Colombia, Gustavo Petro, en referencia al\",\"breadcrumb\":{\"@id\":\"https:\/\/www.pressenza.com\/es\/2024\/04\/presidente-de-colombia-culpo-a-eeuu-por-tensiones-en-medio-oriente\/#breadcrumb\"},\"inLanguage\":\"es\",\"potentialAction\":[{\"@type\":\"ReadAction\",\"target\":[\"https:\/\/www.pressenza.com\/es\/2024\/04\/presidente-de-colombia-culpo-a-eeuu-por-tensiones-en-medio-oriente\/\"]}]},{\"@type\":\"ImageObject\",\"inLanguage\":\"es\",\"@id\":\"https:\/\/www.pressenza.com\/es\/2024\/04\/presidente-de-colombia-culpo-a-eeuu-por-tensiones-en-medio-oriente\/#primaryimage\",\"url\":\"https:\/\/www.pressenza.com\/wp-content\/uploads\/2024\/04\/Gustavo-Petro.jpg\",\"contentUrl\":\"https:\/\/www.pressenza.com\/wp-content\/uploads\/2024\/04\/Gustavo-Petro.jpg\",\"width\":982,\"height\":551,\"caption\":\"Gustavo Petro, presidente de Colombia\"},{\"@type\":\"BreadcrumbList\",\"@id\":\"https:\/\/www.pressenza.com\/es\/2024\/04\/presidente-de-colombia-culpo-a-eeuu-por-tensiones-en-medio-oriente\/#breadcrumb\",\"itemListElement\":[{\"@type\":\"ListItem\",\"position\":1,\"name\":\"Accueil\",\"item\":\"https:\/\/www.pressenza.com\/es\/\"},{\"@type\":\"ListItem\",\"position\":2,\"name\":\"Presidente de Colombia culp\u00f3 a EEUU por tensiones en Medio Oriente\"}]},{\"@type\":\"WebSite\",\"@id\":\"https:\/\/www.pressenza.com\/es\/#website\",\"url\":\"https:\/\/www.pressenza.com\/es\/\",\"name\":\"Pressenza\",\"description\":\"International Press Agency\",\"publisher\":{\"@id\":\"https:\/\/www.pressenza.com\/es\/#organization\"},\"potentialAction\":[{\"@type\":\"SearchAction\",\"target\":{\"@type\":\"EntryPoint\",\"urlTemplate\":\"https:\/\/www.pressenza.com\/es\/?s={search_term_string}\"},\"query-input\":{\"@type\":\"PropertyValueSpecification\",\"valueRequired\":true,\"valueName\":\"search_term_string\"}}],\"inLanguage\":\"es\"},{\"@type\":\"Organization\",\"@id\":\"https:\/\/www.pressenza.com\/es\/#organization\",\"name\":\"Pressenza\",\"url\":\"https:\/\/www.pressenza.com\/es\/\",\"logo\":{\"@type\":\"ImageObject\",\"inLanguage\":\"es\",\"@id\":\"https:\/\/www.pressenza.com\/es\/#\/schema\/logo\/image\/\",\"url\":\"https:\/\/www.pressenza.com\/wp-content\/uploads\/2022\/10\/pressenza_logo_200x200.jpg\",\"contentUrl\":\"https:\/\/www.pressenza.com\/wp-content\/uploads\/2022\/10\/pressenza_logo_200x200.jpg\",\"width\":200,\"height\":200,\"caption\":\"Pressenza\"},\"image\":{\"@id\":\"https:\/\/www.pressenza.com\/es\/#\/schema\/logo\/image\/\"},\"sameAs\":[\"https:\/\/www.facebook.com\/PressenzaItalia\",\"https:\/\/x.com\/PressenzaIPA\"]},{\"@type\":\"Person\",\"@id\":\"https:\/\/www.pressenza.com\/es\/#\/schema\/person\/e35c78ffa242d98f4f49ccb18c8631de\",\"name\":\"Prensa Latina\",\"description\":\"www.prensa-latina.cu\",\"sameAs\":[\"https:\/\/www.facebook.com\/AgenciaPrensaLatina\",\"https:\/\/x.com\/prensalatina_cu\"],\"url\":\"https:\/\/www.pressenza.com\/es\/author\/prensa-latina\/\"}]}<\/script>\n<!-- \/ Yoast SEO plugin. -->","yoast_head_json":{"title":"Presidente de Colombia culp\u00f3 a EEUU por tensiones en Medio Oriente","description":"El apoyo de Estados Unidos, en la pr\u00e1ctica, a un genocidio, ha encendido el mundo, afirm\u00f3 hoy el presidente de Colombia, Gustavo Petro, en referencia al","robots":{"index":"index","follow":"follow","max-snippet":"max-snippet:-1","max-image-preview":"max-image-preview:large","max-video-preview":"max-video-preview:-1"},"canonical":"https:\/\/www.pressenza.com\/es\/2024\/04\/presidente-de-colombia-culpo-a-eeuu-por-tensiones-en-medio-oriente\/","og_locale":"es_ES","og_type":"article","og_title":"Presidente de Colombia culp\u00f3 a EEUU por tensiones en Medio Oriente","og_description":"El apoyo de Estados Unidos, en la pr\u00e1ctica, a un genocidio, ha encendido el mundo, afirm\u00f3 hoy el presidente de Colombia, Gustavo Petro, en referencia al","og_url":"https:\/\/www.pressenza.com\/es\/2024\/04\/presidente-de-colombia-culpo-a-eeuu-por-tensiones-en-medio-oriente\/","og_site_name":"Pressenza","article_publisher":"https:\/\/www.facebook.com\/PressenzaItalia","article_author":"https:\/\/www.facebook.com\/AgenciaPrensaLatina","article_published_time":"2024-04-14T00:58:32+00:00","og_image":[{"width":982,"height":551,"url":"https:\/\/www.pressenza.com\/wp-content\/uploads\/2024\/04\/Gustavo-Petro.jpg","type":"image\/jpeg"}],"author":"Prensa Latina","twitter_card":"summary_large_image","twitter_creator":"@prensalatina_cu","twitter_site":"@PressenzaIPA","twitter_misc":{"Escrito por":"Prensa Latina","Tiempo de lectura":"2 minutos"},"schema":{"@context":"https:\/\/schema.org","@graph":[{"@type":"Article","@id":"https:\/\/www.pressenza.com\/es\/2024\/04\/presidente-de-colombia-culpo-a-eeuu-por-tensiones-en-medio-oriente\/#article","isPartOf":{"@id":"https:\/\/www.pressenza.com\/es\/2024\/04\/presidente-de-colombia-culpo-a-eeuu-por-tensiones-en-medio-oriente\/"},"author":{"name":"Prensa Latina","@id":"https:\/\/www.pressenza.com\/es\/#\/schema\/person\/e35c78ffa242d98f4f49ccb18c8631de"},"headline":"Presidente de Colombia culp\u00f3 a EEUU por tensiones en Medio Oriente","datePublished":"2024-04-14T00:58:32+00:00","mainEntityOfPage":{"@id":"https:\/\/www.pressenza.com\/es\/2024\/04\/presidente-de-colombia-culpo-a-eeuu-por-tensiones-en-medio-oriente\/"},"wordCount":247,"publisher":{"@id":"https:\/\/www.pressenza.com\/es\/#organization"},"image":{"@id":"https:\/\/www.pressenza.com\/es\/2024\/04\/presidente-de-colombia-culpo-a-eeuu-por-tensiones-en-medio-oriente\/#primaryimage"},"thumbnailUrl":"https:\/\/www.pressenza.com\/wp-content\/uploads\/2024\/04\/Gustavo-Petro.jpg","keywords":["Estados Unidos de Norteam\u00e9rica","Gustavo Petro","Medio Oriente"],"articleSection":["Asuntos internacionales","Internacional","Noticia"],"inLanguage":"es"},{"@type":"WebPage","@id":"https:\/\/www.pressenza.com\/es\/2024\/04\/presidente-de-colombia-culpo-a-eeuu-por-tensiones-en-medio-oriente\/","url":"https:\/\/www.pressenza.com\/es\/2024\/04\/presidente-de-colombia-culpo-a-eeuu-por-tensiones-en-medio-oriente\/","name":"Presidente de Colombia culp\u00f3 a EEUU por tensiones en Medio Oriente","isPartOf":{"@id":"https:\/\/www.pressenza.com\/es\/#website"},"primaryImageOfPage":{"@id":"https:\/\/www.pressenza.com\/es\/2024\/04\/presidente-de-colombia-culpo-a-eeuu-por-tensiones-en-medio-oriente\/#primaryimage"},"image":{"@id":"https:\/\/www.pressenza.com\/es\/2024\/04\/presidente-de-colombia-culpo-a-eeuu-por-tensiones-en-medio-oriente\/#primaryimage"},"thumbnailUrl":"https:\/\/www.pressenza.com\/wp-content\/uploads\/2024\/04\/Gustavo-Petro.jpg","datePublished":"2024-04-14T00:58:32+00:00","description":"El apoyo de Estados Unidos, en la pr\u00e1ctica, a un genocidio, ha encendido el mundo, afirm\u00f3 hoy el presidente de Colombia, Gustavo Petro, en referencia al","breadcrumb":{"@id":"https:\/\/www.pressenza.com\/es\/2024\/04\/presidente-de-colombia-culpo-a-eeuu-por-tensiones-en-medio-oriente\/#breadcrumb"},"inLanguage":"es","potentialAction":[{"@type":"ReadAction","target":["https:\/\/www.pressenza.com\/es\/2024\/04\/presidente-de-colombia-culpo-a-eeuu-por-tensiones-en-medio-oriente\/"]}]},{"@type":"ImageObject","inLanguage":"es","@id":"https:\/\/www.pressenza.com\/es\/2024\/04\/presidente-de-colombia-culpo-a-eeuu-por-tensiones-en-medio-oriente\/#primaryimage","url":"https:\/\/www.pressenza.com\/wp-content\/uploads\/2024\/04\/Gustavo-Petro.jpg","contentUrl":"https:\/\/www.pressenza.com\/wp-content\/uploads\/2024\/04\/Gustavo-Petro.jpg","width":982,"height":551,"caption":"Gustavo Petro, presidente de Colombia"},{"@type":"BreadcrumbList","@id":"https:\/\/www.pressenza.com\/es\/2024\/04\/presidente-de-colombia-culpo-a-eeuu-por-tensiones-en-medio-oriente\/#breadcrumb","itemListElement":[{"@type":"ListItem","position":1,"name":"Accueil","item":"https:\/\/www.pressenza.com\/es\/"},{"@type":"ListItem","position":2,"name":"Presidente de Colombia culp\u00f3 a EEUU por tensiones en Medio Oriente"}]},{"@type":"WebSite","@id":"https:\/\/www.pressenza.com\/es\/#website","url":"https:\/\/www.pressenza.com\/es\/","name":"Pressenza","description":"International Press Agency","publisher":{"@id":"https:\/\/www.pressenza.com\/es\/#organization"},"potentialAction":[{"@type":"SearchAction","target":{"@type":"EntryPoint","urlTemplate":"https:\/\/www.pressenza.com\/es\/?s={search_term_string}"},"query-input":{"@type":"PropertyValueSpecification","valueRequired":true,"valueName":"search_term_string"}}],"inLanguage":"es"},{"@type":"Organization","@id":"https:\/\/www.pressenza.com\/es\/#organization","name":"Pressenza","url":"https:\/\/www.pressenza.com\/es\/","logo":{"@type":"ImageObject","inLanguage":"es","@id":"https:\/\/www.pressenza.com\/es\/#\/schema\/logo\/image\/","url":"https:\/\/www.pressenza.com\/wp-content\/uploads\/2022\/10\/pressenza_logo_200x200.jpg","contentUrl":"https:\/\/www.pressenza.com\/wp-content\/uploads\/2022\/10\/pressenza_logo_200x200.jpg","width":200,"height":200,"caption":"Pressenza"},"image":{"@id":"https:\/\/www.pressenza.com\/es\/#\/schema\/logo\/image\/"},"sameAs":["https:\/\/www.facebook.com\/PressenzaItalia","https:\/\/x.com\/PressenzaIPA"]},{"@type":"Person","@id":"https:\/\/www.pressenza.com\/es\/#\/schema\/person\/e35c78ffa242d98f4f49ccb18c8631de","name":"Prensa Latina","description":"www.prensa-latina.cu","sameAs":["https:\/\/www.facebook.com\/AgenciaPrensaLatina","https:\/\/x.com\/prensalatina_cu"],"url":"https:\/\/www.pressenza.com\/es\/author\/prensa-latina\/"}]}},"place":"Bogot\u00e1, Colombia","original_article_url":"https:\/\/www.prensa-latina.cu\/2024\/04\/13\/presidente-de-colombia-culpo-a-eeuu-por-tensiones-en-medio-oriente\/","_links":{"self":[{"href":"https:\/\/www.pressenza.com\/es\/wp-json\/wp\/v2\/posts\/1838440","targetHints":{"allow":["GET"]}}],"collection":[{"href":"https:\/\/www.pressenza.com\/es\/wp-json\/wp\/v2\/posts"}],"about":[{"href":"https:\/\/www.pressenza.com\/es\/wp-json\/wp\/v2\/types\/post"}],"author":[{"embeddable":true,"href":"https:\/\/www.pressenza.com\/es\/wp-json\/wp\/v2\/users\/90"}],"replies":[{"embeddable":true,"href":"https:\/\/www.pressenza.com\/es\/wp-json\/wp\/v2\/comments?post=1838440"}],"version-history":[{"count":0,"href":"https:\/\/www.pressenza.com\/es\/wp-json\/wp\/v2\/posts\/1838440\/revisions"}],"wp:featuredmedia":[{"embeddable":true,"href":"https:\/\/www.pressenza.com\/es\/wp-json\/wp\/v2\/media\/1838441"}],"wp:attachment":[{"href":"https:\/\/www.pressenza.com\/es\/wp-json\/wp\/v2\/media?parent=1838440"}],"wp:term":[{"taxonomy":"category","embeddable":true,"href":"https:\/\/www.pressenza.com\/es\/wp-json\/wp\/v2\/categories?post=1838440"},{"taxonomy":"post_tag","embeddable":true,"href":"https:\/\/www.pressenza.com\/es\/wp-json\/wp\/v2\/tags?post=1838440"}],"curies":[{"name":"wp","href":"https:\/\/api.w.org\/{rel}","templated":true}]}}