{"id":1838289,"date":"2024-04-13T04:44:51","date_gmt":"2024-04-13T03:44:51","guid":{"rendered":"https:\/\/www.pressenza.com\/?p=1838289"},"modified":"2024-04-13T04:44:51","modified_gmt":"2024-04-13T03:44:51","slug":"amazonia-primero-fracturada-y-despues-fragmentada","status":"publish","type":"post","link":"https:\/\/www.pressenza.com\/es\/2024\/04\/amazonia-primero-fracturada-y-despues-fragmentada\/","title":{"rendered":"Amazonia: primero fracturada y despu\u00e9s fragmentada"},"content":{"rendered":"<p><strong>La Amazonia es una bioregi\u00f3n enorme que cubre m\u00e1s de siete millones de km2, pero est\u00e1 fracturada de muy diversos modos. Las fracturas y la fragmentaci\u00f3n amaz\u00f3nica permiten que m\u00faltiples problemas se repitan al no existir acciones y pol\u00edticas coordinadas para detenerlos.<\/strong><\/p>\n<p>Por: Eduardo Gudynas<\/p>\n<p>La Amazonia una vez m\u00e1s est\u00e1 en el centro de la atenci\u00f3n. En unos pocos meses se celebrar\u00e1 un nuevo Foro Social Panamaz\u00f3nico para abordar cuestiones tales como la situaci\u00f3n de los pueblos ind\u00edgenas y las amenazas de los extractivismos. Con ese prop\u00f3sito se reunir\u00e1n movimientos y organizaciones sociales en Rurrenabaque y San Buenaventura, en la Amazonia de Bolivia.<\/p>\n<p>Un condicionante destacado, siempre presente pero pocas veces advertido, es que la Amazonia es una bioregi\u00f3n enorme que cubre m\u00e1s de siete millones de km2, pero est\u00e1 fracturada de muy diversos modos. Una primera partici\u00f3n se debe a que estuvo bajo disputa coloniales por largo tiempo, bajo la dominancia de la corona espa\u00f1ola y portuguesa, pero tambi\u00e9n con presencia desde Francia y Holanda. Tras la colonia fue dividida entre ocho rep\u00fablicas sudamericanas y una colonia francesa, y luego, dentro de cada uno de esos espacios se sumaron m\u00e1s subdivisiones (como las departamentales, provinciales o estaduales). En cambio, los r\u00edos y las selvas no est\u00e1n contenidos por esas fronteras estales; muchos r\u00edos en lugar de separar pa\u00edses, unen comunidades, e incluso hay pueblos ind\u00edgenas con territorios extendidos m\u00e1s all\u00e1 de fronteras.<\/p>\n<p>Sobre esa fractura se sumaron otras que se expresan en los enclaves en los cuales se hace una extracci\u00f3n intensiva de recursos naturales. Algunos de ellos est\u00e1n espacialmente acotados, como pueden ser los campos de perforaci\u00f3n petrolera; otros avanzan carcomiendo r\u00edos y sus m\u00e1rgenes, como sucede con la miner\u00eda de oro aluvial; y finalmente, se registran aquellos que son m\u00e1s extensos, ocasionados por la deforestaci\u00f3n o los incendios, para as\u00ed dar lugar a una agropecuaria convencional. Esos enclaves perforan la continuidad de los ecosistemas amaz\u00f3nicos, y buena parte de ellos no est\u00e1n relacionados con su entorno, sino que dependen directamente de la globalizaci\u00f3n ya que son proveedores de materias primas que se exportan. De este modo, distintos factores econ\u00f3micos y comerciales penetran en la Amazonia, y all\u00ed donde encuentran recursos valiosos los extraen para venderlos en los mercados internacionales, fragment\u00e1ndola en miles de enclaves.<\/p>\n<p>Estas fracturas se han sostenido por los olvidos, o casi amnesias, en casi todo el liderazgo pol\u00edtico partidario en cada uno de los pa\u00edses amaz\u00f3nicos, y que acompa\u00f1a buena parte de los sectores ciudadanos, sobre todo en los capitales. Es como si, por momentos, en Brasilia o Bogot\u00e1, se olvidara que la Amazon\u00eda es tambi\u00e9n parte del propio pa\u00eds, o cuando en Lima o en Quito, s\u00f3lo se habla de esa regi\u00f3n cuando estalla alg\u00fan conflicto local o se promete una milagrosa inversi\u00f3n.<\/p>\n<p>Todo eso ha permitido que se suman otros estrafalarios imaginarios sobre la condici\u00f3n amaz\u00f3nica. Por ejemplo, se ha vuelto muy com\u00fan que al decir Amazon\u00eda se piense en Brasil, y a su vez concebir que ese pa\u00eds \u201ces\u201d la Amazonia. No es raro que la pol\u00edtica y la diplomacia brasile\u00f1a aprovechen esas im\u00e1genes distorsionadas, present\u00e1ndose como el actor excluyente en las cuestiones amaz\u00f3nicas, para as\u00ed reclamar el grueso de la ayuda financiera internacional. Tampoco es inusual que algunas ONG repitan esos errores.<\/p>\n<p>Estos y otros factores confluyen en lo que podr\u00eda llamarse como una marginaci\u00f3n de la Amazonia occidental, y especialmente las zonas andino-amaz\u00f3nicas que se extienden especialmente en Ecuador, Per\u00fa y Bolivia. Al mismo tiempo, los gobiernos de esos pa\u00edses son tambi\u00e9n muy responsables ya que desatendieron por a\u00f1os los problemas de esa regi\u00f3n y aceptan que desde Brasilia se tomen muchas decisiones.<\/p>\n<p>La realidad es no s\u00f3lo distinta sino un poco m\u00e1s compleja. Brasil no representa a \u201ctoda\u201d la Amazonia, sino que cuenta con un poco m\u00e1s del 65 % de su superficie total, sin que esto implique desconocer que esa \u00e1rea es grande (4,77 millones km2). Pero superficies amaz\u00f3nicas muy importantes se encuentran dentro de Per\u00fa, Bolivia y Colombia, que en conjunto alcanzan casi los 2 millones de km2 (el 27 % de toda la regi\u00f3n).<\/p>\n<p>Si en cambio se desea identificar cu\u00e1l es el pa\u00eds \u201cm\u00e1s amaz\u00f3nico\u201d, a partir de la proporci\u00f3n que \u00e9sta tiene en su superficie total, el panorama es distinto. El primer lugar corresponde a la Guayana Francesa (el 94,3 % de su territorio es amaz\u00f3nico), seguido por Suriname, Guyana y en la cuarta ubicaci\u00f3n, Bolivia (65 % de su superficie). Brasil reci\u00e9n ocupa el sexto lugar, donde del total de su superficie el 56 % corresponde a la Amazonia; Venezuela tiene la menor proporci\u00f3n (5,5 %).<\/p>\n<blockquote>\n<h4>Las fracturas y la fragmentaci\u00f3n amaz\u00f3nica permiten que m\u00faltiples problemas se repitan al no existir acciones y pol\u00edticas coordinadas para detenerlos.<\/h4>\n<\/blockquote>\n<p>Las fracturas y la fragmentaci\u00f3n amaz\u00f3nica permiten que m\u00faltiples problemas se repitan al no existir acciones y pol\u00edticas coordinadas para detenerlos. Eso ocurre con la deforestaci\u00f3n y los incendios, la expansi\u00f3n de la miner\u00eda de oro aluvial, o la presi\u00f3n por ampliar las \u00e1reas de explotaci\u00f3n minera y petrolera. Estas y otras circunstancias se desenvuelven en un creciente contexto de violencia, que va desde los asesinatos a l\u00edderes ciudadanos a la invasi\u00f3n de territorios ind\u00edgenas que est\u00e1 presente en todos los pa\u00edses. Los impactos que se producen tampoco reconocen los puestos fronterizos; recordemos que el agua contaminada por mercurio en Per\u00fa o Bolivia, siempre llega a Brasil.<\/p>\n<p>Para hacer todo m\u00e1s complicado, todos los pa\u00edses amaz\u00f3nicos, sin excepci\u00f3n siguen especializados en exportar recursos naturales, y que en varios casos son los mismos productos. Eso hace que esos pa\u00edses compitan entre ellos, tanto en los productos de sus exportaciones como en buscar inversores para expandirlas. O sea que refuerzan la fragmentaci\u00f3n amaz\u00f3nica. Una divisi\u00f3n que ha sido tan intensa que a pesar de contarse con el Tratado de Cooperaci\u00f3n Amaz\u00f3nica, que contiene muchas potencialidades, nunca se logr\u00f3 que actuara de modo efectivo porque los propios gobiernos no lo han apoyado, o incluso olvidaron que exist\u00eda (como les sucedi\u00f3 en sus momentos a los presidentes de Colombia, Iv\u00e1n Duque, y de Bolivia, Evo Morales que llamaban a firmar un tratado amaz\u00f3nico sin saber que ya exist\u00eda).<\/p>\n<p>En cambio, las alternativas para proteger a la Amazonia necesariamente requieren una mirada regional; no tendr\u00e1n \u00e9xito si est\u00e1n atadas a algunos sitios pero desatienden otros. Es necesario que los pa\u00edses coordinen. Sin duda eso es urgente para lidiar con urgencias tales como los incendios forestales o el tr\u00e1fico de maderas, lo que podr\u00eda hacerse con intercambio de informaci\u00f3n y acciones conjuntas. Pero es tambi\u00e9n imprescindible articular las estrategias productivas y comerciales para detener la fragmentaci\u00f3n de la Amazonia en enclaves extractivos subordinados a la globalizaci\u00f3n. Las alternativas reales se juegan en ese plano.<\/p>\n<p>Para que eso sea posible las sociedades amaz\u00f3nicas, los gobiernos y los pol\u00edticos en cada uno de esos estados, deber\u00e1n acordar cu\u00e1les son los procesos productivos aceptables y gestionables bajo las condiciones ecol\u00f3gicas de esos ambientes, y atendiendo a las necesidades de sus pueblos, en especial ind\u00edgenas. Es claro, por ejemplo, que la miner\u00eda de oro aluvial es inaceptable, y todos entendemos que son necesarios distintos aprovechamientos forestales, e incluso agr\u00edcola ganaderos, pero deber\u00edan discutirse las condiciones para que operen y c\u00f3mo se articulan con los espacios amaz\u00f3nicos. Eso refuerza la necesidad de una coordinaci\u00f3n regional.<\/p>\n<p>Sin duda esas son tareas complejas, y por cierto desde las organizaciones ciudadanas y equipos de investigadores, ya hay disponibles respuestas, y muchas de ellas se escuchar\u00e1n en el Foro Social Panamaz\u00f3nico. Pero estas son tareas que no pueden hacerse para una Amazonia fracturada, sino que requieren la coparticipaci\u00f3n de todos los gobiernos, de todas sus sociedades. Las imposiciones son inaceptables, pero tambi\u00e9n lo es esquivar esta responsabilidad. Es, al final de cuentas, la tarea de no quedar atrapados en las fracturas para entender que, en realidad, son todos parte de una misma Amazonia.<\/p>\n<p>&#8212;<br \/>\n*\u00a0Eduardo Gudynas es investigador en transiciones y alternativas al desarrollo en el Centro de Documentaci\u00f3n e Informaci\u00f3n Bolivia (CEDIB); en redes @EGudynas<\/p>\n","protected":false},"excerpt":{"rendered":"<p>La Amazonia es una bioregi\u00f3n enorme que cubre m\u00e1s de siete millones de km2, pero est\u00e1 fracturada de muy diversos modos. Las fracturas y la fragmentaci\u00f3n amaz\u00f3nica permiten que m\u00faltiples problemas se repitan al no existir acciones y pol\u00edticas coordinadas&hellip;<\/p>\n","protected":false},"author":1256,"featured_media":1838294,"comment_status":"closed","ping_status":"closed","sticky":false,"template":"","format":"standard","meta":{"footnotes":""},"categories":[76,11389,78,161,74,80,67],"tags":[47056,121887,121888,121889],"class_list":["post-1838289","post","type-post","status-publish","format-standard","has-post-thumbnail","hentry","category-relaciones-exteriores","category-contenido-original","category-medio-ambiente-ecologia","category-opiniones","category-politica-es","category-pueblos-originarios","category-sudamerica","tag-amazonia-es","tag-fractura-amazonica","tag-fragmentacion-amazonica","tag-tratado-de-cooperacion-amazonica"],"yoast_head":"<!-- This site is optimized with the Yoast SEO plugin v27.1.1 - https:\/\/yoast.com\/product\/yoast-seo-wordpress\/ -->\n<title>Amazonia: primero fracturada y despu\u00e9s fragmentada<\/title>\n<meta name=\"description\" content=\"La Amazonia es una bioregi\u00f3n enorme que cubre m\u00e1s de siete millones de km2, pero est\u00e1 fracturada de muy diversos modos. Las fracturas y la fragmentaci\u00f3n\" \/>\n<meta name=\"robots\" content=\"index, follow, max-snippet:-1, max-image-preview:large, max-video-preview:-1\" \/>\n<link rel=\"canonical\" href=\"https:\/\/www.pressenza.com\/es\/2024\/04\/amazonia-primero-fracturada-y-despues-fragmentada\/\" \/>\n<meta property=\"og:locale\" content=\"es_ES\" \/>\n<meta property=\"og:type\" content=\"article\" \/>\n<meta property=\"og:title\" content=\"Amazonia: primero fracturada y despu\u00e9s fragmentada\" \/>\n<meta property=\"og:description\" content=\"La Amazonia es una bioregi\u00f3n enorme que cubre m\u00e1s de siete millones de km2, pero est\u00e1 fracturada de muy diversos modos. Las fracturas y la fragmentaci\u00f3n\" \/>\n<meta property=\"og:url\" content=\"https:\/\/www.pressenza.com\/es\/2024\/04\/amazonia-primero-fracturada-y-despues-fragmentada\/\" \/>\n<meta property=\"og:site_name\" content=\"Pressenza\" \/>\n<meta property=\"article:publisher\" content=\"https:\/\/www.facebook.com\/PressenzaItalia\" \/>\n<meta property=\"article:author\" content=\"https:\/\/www.facebook.com\/servindinoticias\/?fref=ts\" \/>\n<meta property=\"article:published_time\" content=\"2024-04-13T03:44:51+00:00\" \/>\n<meta property=\"og:image\" content=\"https:\/\/www.pressenza.com\/wp-content\/uploads\/2024\/04\/amazonia-www.gob_.pe_.jpg\" \/>\n\t<meta property=\"og:image:width\" content=\"645\" \/>\n\t<meta property=\"og:image:height\" content=\"363\" \/>\n\t<meta property=\"og:image:type\" content=\"image\/jpeg\" \/>\n<meta name=\"author\" content=\"SERVINDI\" \/>\n<meta name=\"twitter:card\" content=\"summary_large_image\" \/>\n<meta name=\"twitter:creator\" content=\"@servindi\" \/>\n<meta name=\"twitter:site\" content=\"@PressenzaIPA\" \/>\n<meta name=\"twitter:label1\" content=\"Escrito por\" \/>\n\t<meta name=\"twitter:data1\" content=\"SERVINDI\" \/>\n\t<meta name=\"twitter:label2\" content=\"Tiempo de lectura\" \/>\n\t<meta name=\"twitter:data2\" content=\"7 minutos\" \/>\n<script type=\"application\/ld+json\" class=\"yoast-schema-graph\">{\"@context\":\"https:\/\/schema.org\",\"@graph\":[{\"@type\":\"Article\",\"@id\":\"https:\/\/www.pressenza.com\/es\/2024\/04\/amazonia-primero-fracturada-y-despues-fragmentada\/#article\",\"isPartOf\":{\"@id\":\"https:\/\/www.pressenza.com\/es\/2024\/04\/amazonia-primero-fracturada-y-despues-fragmentada\/\"},\"author\":{\"name\":\"SERVINDI\",\"@id\":\"https:\/\/www.pressenza.com\/es\/#\/schema\/person\/6f7bffaf2962fc89e55e93589c50d908\"},\"headline\":\"Amazonia: primero fracturada y despu\u00e9s fragmentada\",\"datePublished\":\"2024-04-13T03:44:51+00:00\",\"mainEntityOfPage\":{\"@id\":\"https:\/\/www.pressenza.com\/es\/2024\/04\/amazonia-primero-fracturada-y-despues-fragmentada\/\"},\"wordCount\":1459,\"publisher\":{\"@id\":\"https:\/\/www.pressenza.com\/es\/#organization\"},\"image\":{\"@id\":\"https:\/\/www.pressenza.com\/es\/2024\/04\/amazonia-primero-fracturada-y-despues-fragmentada\/#primaryimage\"},\"thumbnailUrl\":\"https:\/\/www.pressenza.com\/wp-content\/uploads\/2024\/04\/amazonia-www.gob_.pe_.jpg\",\"keywords\":[\"Amazonia\",\"fractura amaz\u00f3nica\",\"fragmentaci\u00f3n amaz\u00f3nica\",\"Tratado de Cooperaci\u00f3n Amaz\u00f3nica\"],\"articleSection\":[\"Asuntos internacionales\",\"Contenido Original\",\"Ecolog\u00eda y Medio Ambiente\",\"Opiniones\",\"Pol\u00edtica\",\"Pueblos Originarios\",\"Sudam\u00e9rica\"],\"inLanguage\":\"es\"},{\"@type\":\"WebPage\",\"@id\":\"https:\/\/www.pressenza.com\/es\/2024\/04\/amazonia-primero-fracturada-y-despues-fragmentada\/\",\"url\":\"https:\/\/www.pressenza.com\/es\/2024\/04\/amazonia-primero-fracturada-y-despues-fragmentada\/\",\"name\":\"Amazonia: primero fracturada y despu\u00e9s fragmentada\",\"isPartOf\":{\"@id\":\"https:\/\/www.pressenza.com\/es\/#website\"},\"primaryImageOfPage\":{\"@id\":\"https:\/\/www.pressenza.com\/es\/2024\/04\/amazonia-primero-fracturada-y-despues-fragmentada\/#primaryimage\"},\"image\":{\"@id\":\"https:\/\/www.pressenza.com\/es\/2024\/04\/amazonia-primero-fracturada-y-despues-fragmentada\/#primaryimage\"},\"thumbnailUrl\":\"https:\/\/www.pressenza.com\/wp-content\/uploads\/2024\/04\/amazonia-www.gob_.pe_.jpg\",\"datePublished\":\"2024-04-13T03:44:51+00:00\",\"description\":\"La Amazonia es una bioregi\u00f3n enorme que cubre m\u00e1s de siete millones de km2, pero est\u00e1 fracturada de muy diversos modos. Las fracturas y la fragmentaci\u00f3n\",\"breadcrumb\":{\"@id\":\"https:\/\/www.pressenza.com\/es\/2024\/04\/amazonia-primero-fracturada-y-despues-fragmentada\/#breadcrumb\"},\"inLanguage\":\"es\",\"potentialAction\":[{\"@type\":\"ReadAction\",\"target\":[\"https:\/\/www.pressenza.com\/es\/2024\/04\/amazonia-primero-fracturada-y-despues-fragmentada\/\"]}]},{\"@type\":\"ImageObject\",\"inLanguage\":\"es\",\"@id\":\"https:\/\/www.pressenza.com\/es\/2024\/04\/amazonia-primero-fracturada-y-despues-fragmentada\/#primaryimage\",\"url\":\"https:\/\/www.pressenza.com\/wp-content\/uploads\/2024\/04\/amazonia-www.gob_.pe_.jpg\",\"contentUrl\":\"https:\/\/www.pressenza.com\/wp-content\/uploads\/2024\/04\/amazonia-www.gob_.pe_.jpg\",\"width\":645,\"height\":363},{\"@type\":\"BreadcrumbList\",\"@id\":\"https:\/\/www.pressenza.com\/es\/2024\/04\/amazonia-primero-fracturada-y-despues-fragmentada\/#breadcrumb\",\"itemListElement\":[{\"@type\":\"ListItem\",\"position\":1,\"name\":\"Accueil\",\"item\":\"https:\/\/www.pressenza.com\/es\/\"},{\"@type\":\"ListItem\",\"position\":2,\"name\":\"Amazonia: primero fracturada y despu\u00e9s fragmentada\"}]},{\"@type\":\"WebSite\",\"@id\":\"https:\/\/www.pressenza.com\/es\/#website\",\"url\":\"https:\/\/www.pressenza.com\/es\/\",\"name\":\"Pressenza\",\"description\":\"International Press Agency\",\"publisher\":{\"@id\":\"https:\/\/www.pressenza.com\/es\/#organization\"},\"potentialAction\":[{\"@type\":\"SearchAction\",\"target\":{\"@type\":\"EntryPoint\",\"urlTemplate\":\"https:\/\/www.pressenza.com\/es\/?s={search_term_string}\"},\"query-input\":{\"@type\":\"PropertyValueSpecification\",\"valueRequired\":true,\"valueName\":\"search_term_string\"}}],\"inLanguage\":\"es\"},{\"@type\":\"Organization\",\"@id\":\"https:\/\/www.pressenza.com\/es\/#organization\",\"name\":\"Pressenza\",\"url\":\"https:\/\/www.pressenza.com\/es\/\",\"logo\":{\"@type\":\"ImageObject\",\"inLanguage\":\"es\",\"@id\":\"https:\/\/www.pressenza.com\/es\/#\/schema\/logo\/image\/\",\"url\":\"https:\/\/www.pressenza.com\/wp-content\/uploads\/2022\/10\/pressenza_logo_200x200.jpg\",\"contentUrl\":\"https:\/\/www.pressenza.com\/wp-content\/uploads\/2022\/10\/pressenza_logo_200x200.jpg\",\"width\":200,\"height\":200,\"caption\":\"Pressenza\"},\"image\":{\"@id\":\"https:\/\/www.pressenza.com\/es\/#\/schema\/logo\/image\/\"},\"sameAs\":[\"https:\/\/www.facebook.com\/PressenzaItalia\",\"https:\/\/x.com\/PressenzaIPA\"]},{\"@type\":\"Person\",\"@id\":\"https:\/\/www.pressenza.com\/es\/#\/schema\/person\/6f7bffaf2962fc89e55e93589c50d908\",\"name\":\"SERVINDI\",\"description\":\"Conscientes de nuestro rol de apoyo y acompa\u00f1amiento operamos como una agencia de noticias y elaboramos notas informativas, informes especiales, entrevistas y producciones de audio y v\u00eddeo, relacionadas al acontecer ind\u00edgena y ambiental nacional y mundial. www.servindi.org\",\"sameAs\":[\"https:\/\/www.facebook.com\/servindinoticias\/?fref=ts\",\"https:\/\/x.com\/servindi\"],\"url\":\"https:\/\/www.pressenza.com\/es\/author\/servindi\/\"}]}<\/script>\n<!-- \/ Yoast SEO plugin. -->","yoast_head_json":{"title":"Amazonia: primero fracturada y despu\u00e9s fragmentada","description":"La Amazonia es una bioregi\u00f3n enorme que cubre m\u00e1s de siete millones de km2, pero est\u00e1 fracturada de muy diversos modos. Las fracturas y la fragmentaci\u00f3n","robots":{"index":"index","follow":"follow","max-snippet":"max-snippet:-1","max-image-preview":"max-image-preview:large","max-video-preview":"max-video-preview:-1"},"canonical":"https:\/\/www.pressenza.com\/es\/2024\/04\/amazonia-primero-fracturada-y-despues-fragmentada\/","og_locale":"es_ES","og_type":"article","og_title":"Amazonia: primero fracturada y despu\u00e9s fragmentada","og_description":"La Amazonia es una bioregi\u00f3n enorme que cubre m\u00e1s de siete millones de km2, pero est\u00e1 fracturada de muy diversos modos. Las fracturas y la fragmentaci\u00f3n","og_url":"https:\/\/www.pressenza.com\/es\/2024\/04\/amazonia-primero-fracturada-y-despues-fragmentada\/","og_site_name":"Pressenza","article_publisher":"https:\/\/www.facebook.com\/PressenzaItalia","article_author":"https:\/\/www.facebook.com\/servindinoticias\/?fref=ts","article_published_time":"2024-04-13T03:44:51+00:00","og_image":[{"width":645,"height":363,"url":"https:\/\/www.pressenza.com\/wp-content\/uploads\/2024\/04\/amazonia-www.gob_.pe_.jpg","type":"image\/jpeg"}],"author":"SERVINDI","twitter_card":"summary_large_image","twitter_creator":"@servindi","twitter_site":"@PressenzaIPA","twitter_misc":{"Escrito por":"SERVINDI","Tiempo de lectura":"7 minutos"},"schema":{"@context":"https:\/\/schema.org","@graph":[{"@type":"Article","@id":"https:\/\/www.pressenza.com\/es\/2024\/04\/amazonia-primero-fracturada-y-despues-fragmentada\/#article","isPartOf":{"@id":"https:\/\/www.pressenza.com\/es\/2024\/04\/amazonia-primero-fracturada-y-despues-fragmentada\/"},"author":{"name":"SERVINDI","@id":"https:\/\/www.pressenza.com\/es\/#\/schema\/person\/6f7bffaf2962fc89e55e93589c50d908"},"headline":"Amazonia: primero fracturada y despu\u00e9s fragmentada","datePublished":"2024-04-13T03:44:51+00:00","mainEntityOfPage":{"@id":"https:\/\/www.pressenza.com\/es\/2024\/04\/amazonia-primero-fracturada-y-despues-fragmentada\/"},"wordCount":1459,"publisher":{"@id":"https:\/\/www.pressenza.com\/es\/#organization"},"image":{"@id":"https:\/\/www.pressenza.com\/es\/2024\/04\/amazonia-primero-fracturada-y-despues-fragmentada\/#primaryimage"},"thumbnailUrl":"https:\/\/www.pressenza.com\/wp-content\/uploads\/2024\/04\/amazonia-www.gob_.pe_.jpg","keywords":["Amazonia","fractura amaz\u00f3nica","fragmentaci\u00f3n amaz\u00f3nica","Tratado de Cooperaci\u00f3n Amaz\u00f3nica"],"articleSection":["Asuntos internacionales","Contenido Original","Ecolog\u00eda y Medio Ambiente","Opiniones","Pol\u00edtica","Pueblos Originarios","Sudam\u00e9rica"],"inLanguage":"es"},{"@type":"WebPage","@id":"https:\/\/www.pressenza.com\/es\/2024\/04\/amazonia-primero-fracturada-y-despues-fragmentada\/","url":"https:\/\/www.pressenza.com\/es\/2024\/04\/amazonia-primero-fracturada-y-despues-fragmentada\/","name":"Amazonia: primero fracturada y despu\u00e9s fragmentada","isPartOf":{"@id":"https:\/\/www.pressenza.com\/es\/#website"},"primaryImageOfPage":{"@id":"https:\/\/www.pressenza.com\/es\/2024\/04\/amazonia-primero-fracturada-y-despues-fragmentada\/#primaryimage"},"image":{"@id":"https:\/\/www.pressenza.com\/es\/2024\/04\/amazonia-primero-fracturada-y-despues-fragmentada\/#primaryimage"},"thumbnailUrl":"https:\/\/www.pressenza.com\/wp-content\/uploads\/2024\/04\/amazonia-www.gob_.pe_.jpg","datePublished":"2024-04-13T03:44:51+00:00","description":"La Amazonia es una bioregi\u00f3n enorme que cubre m\u00e1s de siete millones de km2, pero est\u00e1 fracturada de muy diversos modos. Las fracturas y la fragmentaci\u00f3n","breadcrumb":{"@id":"https:\/\/www.pressenza.com\/es\/2024\/04\/amazonia-primero-fracturada-y-despues-fragmentada\/#breadcrumb"},"inLanguage":"es","potentialAction":[{"@type":"ReadAction","target":["https:\/\/www.pressenza.com\/es\/2024\/04\/amazonia-primero-fracturada-y-despues-fragmentada\/"]}]},{"@type":"ImageObject","inLanguage":"es","@id":"https:\/\/www.pressenza.com\/es\/2024\/04\/amazonia-primero-fracturada-y-despues-fragmentada\/#primaryimage","url":"https:\/\/www.pressenza.com\/wp-content\/uploads\/2024\/04\/amazonia-www.gob_.pe_.jpg","contentUrl":"https:\/\/www.pressenza.com\/wp-content\/uploads\/2024\/04\/amazonia-www.gob_.pe_.jpg","width":645,"height":363},{"@type":"BreadcrumbList","@id":"https:\/\/www.pressenza.com\/es\/2024\/04\/amazonia-primero-fracturada-y-despues-fragmentada\/#breadcrumb","itemListElement":[{"@type":"ListItem","position":1,"name":"Accueil","item":"https:\/\/www.pressenza.com\/es\/"},{"@type":"ListItem","position":2,"name":"Amazonia: primero fracturada y despu\u00e9s fragmentada"}]},{"@type":"WebSite","@id":"https:\/\/www.pressenza.com\/es\/#website","url":"https:\/\/www.pressenza.com\/es\/","name":"Pressenza","description":"International Press Agency","publisher":{"@id":"https:\/\/www.pressenza.com\/es\/#organization"},"potentialAction":[{"@type":"SearchAction","target":{"@type":"EntryPoint","urlTemplate":"https:\/\/www.pressenza.com\/es\/?s={search_term_string}"},"query-input":{"@type":"PropertyValueSpecification","valueRequired":true,"valueName":"search_term_string"}}],"inLanguage":"es"},{"@type":"Organization","@id":"https:\/\/www.pressenza.com\/es\/#organization","name":"Pressenza","url":"https:\/\/www.pressenza.com\/es\/","logo":{"@type":"ImageObject","inLanguage":"es","@id":"https:\/\/www.pressenza.com\/es\/#\/schema\/logo\/image\/","url":"https:\/\/www.pressenza.com\/wp-content\/uploads\/2022\/10\/pressenza_logo_200x200.jpg","contentUrl":"https:\/\/www.pressenza.com\/wp-content\/uploads\/2022\/10\/pressenza_logo_200x200.jpg","width":200,"height":200,"caption":"Pressenza"},"image":{"@id":"https:\/\/www.pressenza.com\/es\/#\/schema\/logo\/image\/"},"sameAs":["https:\/\/www.facebook.com\/PressenzaItalia","https:\/\/x.com\/PressenzaIPA"]},{"@type":"Person","@id":"https:\/\/www.pressenza.com\/es\/#\/schema\/person\/6f7bffaf2962fc89e55e93589c50d908","name":"SERVINDI","description":"Conscientes de nuestro rol de apoyo y acompa\u00f1amiento operamos como una agencia de noticias y elaboramos notas informativas, informes especiales, entrevistas y producciones de audio y v\u00eddeo, relacionadas al acontecer ind\u00edgena y ambiental nacional y mundial. www.servindi.org","sameAs":["https:\/\/www.facebook.com\/servindinoticias\/?fref=ts","https:\/\/x.com\/servindi"],"url":"https:\/\/www.pressenza.com\/es\/author\/servindi\/"}]}},"place":"","original_article_url":"","_links":{"self":[{"href":"https:\/\/www.pressenza.com\/es\/wp-json\/wp\/v2\/posts\/1838289","targetHints":{"allow":["GET"]}}],"collection":[{"href":"https:\/\/www.pressenza.com\/es\/wp-json\/wp\/v2\/posts"}],"about":[{"href":"https:\/\/www.pressenza.com\/es\/wp-json\/wp\/v2\/types\/post"}],"author":[{"embeddable":true,"href":"https:\/\/www.pressenza.com\/es\/wp-json\/wp\/v2\/users\/1256"}],"replies":[{"embeddable":true,"href":"https:\/\/www.pressenza.com\/es\/wp-json\/wp\/v2\/comments?post=1838289"}],"version-history":[{"count":0,"href":"https:\/\/www.pressenza.com\/es\/wp-json\/wp\/v2\/posts\/1838289\/revisions"}],"wp:featuredmedia":[{"embeddable":true,"href":"https:\/\/www.pressenza.com\/es\/wp-json\/wp\/v2\/media\/1838294"}],"wp:attachment":[{"href":"https:\/\/www.pressenza.com\/es\/wp-json\/wp\/v2\/media?parent=1838289"}],"wp:term":[{"taxonomy":"category","embeddable":true,"href":"https:\/\/www.pressenza.com\/es\/wp-json\/wp\/v2\/categories?post=1838289"},{"taxonomy":"post_tag","embeddable":true,"href":"https:\/\/www.pressenza.com\/es\/wp-json\/wp\/v2\/tags?post=1838289"}],"curies":[{"name":"wp","href":"https:\/\/api.w.org\/{rel}","templated":true}]}}