{"id":1836627,"date":"2024-04-04T19:22:56","date_gmt":"2024-04-04T18:22:56","guid":{"rendered":"https:\/\/www.pressenza.com\/?p=1836627"},"modified":"2024-04-04T19:28:27","modified_gmt":"2024-04-04T18:28:27","slug":"dia-internacional-para-la-sensibilizacion-contra-las-minas-antipersonal","status":"publish","type":"post","link":"https:\/\/www.pressenza.com\/es\/2024\/04\/dia-internacional-para-la-sensibilizacion-contra-las-minas-antipersonal\/","title":{"rendered":"D\u00eda Internacional para la sensibilizaci\u00f3n contra las Minas Antipersonal"},"content":{"rendered":"<h3><em>El 4 de abril, se \u00a0conmemora el D\u00eda Internacional para la Sensibilizaci\u00f3n contra las Minas Antipersonal, una fecha establecida por las Naciones Unidas \u00a0para \u00a0crear\u00a0 conciencia sobre \u00a0el impacto devastador de estas armas \u00a0y promover su eliminaci\u00f3n total a nivel mundial<\/em><\/h3>\n<p>Las Minas Antipersonal son Artefactos Explosivos dise\u00f1ados para herir, mutilar o matar \u00a0a las personas. Representan un\u00a0 peligro letal, \u00a0que \u00a0persiste despu\u00e9s de que los conflictos han terminado, poniendo en riesgo la vida de civiles inocentes, especialmente de ni\u00f1os, ni\u00f1as, campesinos y comunidades en situaci\u00f3n de vulnerabilidad, sin dejar a un lado el da\u00f1o que causan al medio ambiente, la fauna y la flora.<\/p>\n<p>A pesar de los esfuerzos internacionales por erradicar estas armas, miles de personas siguen sufriendo sus consecuencias cada a\u00f1o. \u00a0Seg\u00fan\u00a0 datos de la <a href=\"https:\/\/www.altocomisionadoparalapaz.gov.co\/quienessomos\/Paginas\/oficina.aspx\">Ofina para el Alto Comisionado de Paz\u00a0<\/a> en \u00a0Colombia, 12.409 personas han sido v\u00edctimas de Minas Antipersonal, de las cuales \u00a05.068 son civiles y 7.371 \u00a0miembros de Fuerza P\u00fablica; 992 ni\u00f1os, 284 ni\u00f1as, 10.701 hombres, 392 mujeres, 10.054 heridos y 2.355 fallecieron; 496 v\u00edctimas pertenecen a comunidades ind\u00edgenas y 131 a comunidades afrodescendientes.<\/p>\n<blockquote class=\"twitter-tweet\" data-width=\"500\" data-dnt=\"true\">\n<p lang=\"es\" dir=\"ltr\">Las personas sobrevivientes de accidentes con Minas Antipersonal son protagonistas de la Construcci\u00f3n de Paz, al recordarnos la importancia de proteger la vida y los territorios.<\/p>\n<p>Te invitamos a conocer la inspiradora historia de Pablo Eliert P\u00e9rez P\u00e9rez. <a href=\"https:\/\/twitter.com\/hashtag\/ColombiaSinMinas?src=hash&amp;ref_src=twsrc%5Etfw\">#ColombiaSinMinas<\/a> <a href=\"https:\/\/t.co\/sXkK7ydUWj\">pic.twitter.com\/sXkK7ydUWj<\/a><\/p>\n<p>&mdash; Campa\u00f1a Colombiana Contra Minas (@COL_SIN_MINAS) <a href=\"https:\/\/twitter.com\/COL_SIN_MINAS\/status\/1775908378335735977?ref_src=twsrc%5Etfw\">April 4, 2024<\/a><\/p><\/blockquote>\n<p><script async src=\"https:\/\/platform.twitter.com\/widgets.js\" charset=\"utf-8\"><\/script><\/p>\n<p>Desde hace 25 a\u00f1os la Campa\u00f1a Colombiana Contra Minas (CCCM) ha trabajado para brindar Asistencia Integral a las v\u00edctimas, promover la Educaci\u00f3n sobre el Riesgo de Minas y velar por la prohibici\u00f3n y eliminaci\u00f3n total de estas armas en el pa\u00eds, para la contribuir a la construcci\u00f3n de paz en cada uno de los territorios de Colombia.<\/p>\n<p>Entre los a\u00f1os 2021 a febrero del \u00a02024, la CCCM ha acompa\u00f1ado a 127 sobrevivientes con apoyo complementario para continuar sus procesos de salud \u00a0y rehabilitaci\u00f3n integral en los departamentos de Antioquia, Arauca, Bol\u00edvar, Caldas,\u00a0 Caquet\u00e1, Cesar,\u00a0 Choc\u00f3, C\u00f3rdoba, Guaviare, Huila, Meta, Nari\u00f1o, Santander y Norte de Santander, Putumayo, Valle del Cauca y Vichada, adem\u00e1s de la capital del pa\u00eds.<\/p>\n<p>Hoy, mediante un comunicado de prensa, la CCCM insta a todos los actores armados que persisten en el uso de Minas Antipersonal como arma de guerra, a que \u00abdejen de utilizar estos Artefactos Explosivos indiscriminados que representan una flagrante violaci\u00f3n al Derecho Internacional Humanitario (DIH), y a los principios fundamentales de los derechos humanos. Las estad\u00edsticas y evidencias muestran que \u00a0las Minas Antipersonal, causan un da\u00f1o\u00a0 desproporcionado entre la poblaci\u00f3n civil inocente. La paz, el di\u00e1logo y la resoluci\u00f3n pac\u00edfica de conflictos deben prevalecer sobre la violencia ciega e injustificada\u00bb.<\/p>\n<p>De la misma forma, extiende un llamado al Gobierno Nacional para que \u00abredoble sus esfuerzos y refuerce los \u00a0procesos con las\u00a0 personas \u00a0que han sobrevivido al flagelo\u00a0 de\u00a0 las Minas Antipersonal, debido a \u00a0que las v\u00edctimas enfrentan un camino arduo de recuperaci\u00f3n y requerir\u00e1n un apoyo continuo para hacer frente a las secuelas f\u00edsicas, psicol\u00f3gicas y socioecon\u00f3micas derivadas de las atroces heridas causadas por estos artefactos\u00bb.<\/p>\n<p>As\u00ed mismo, la ONG resalta que es imprescindible que se brinde un acompa\u00f1amiento especial a las familias que han sufrido la p\u00e9rdida de un ser querido a causa de accidentes con Minas Antipersonal o Artefactos Explosivos.<\/p>\n<p>Por \u00faltimo, convida a la comunidad internacional para que se mantenga el compromiso y se intensifiquen los esfuerzos para \u00a0liberar al mundo de las Minas Antipersonal, sobre todo un llamado a los gobiernos, organizaciones y a la sociedad civil, para unirse y apoyar los programas de Acci\u00f3n Integral Contra \u00a0Minas: Desminado Humanitario, \u00a0Asistencia Integral a V\u00edctimas y Educaci\u00f3n en el Riesgo de Minas.<\/p>\n<blockquote class=\"twitter-tweet\" data-width=\"500\" data-dnt=\"true\">\n<p lang=\"es\" dir=\"ltr\">2\/2 El d\u00eda de hoy nos unimos al llamado por una Colombia sin minas y por un mundo m\u00e1s seguro <a href=\"https:\/\/twitter.com\/hashtag\/ColombiaSinMinas?src=hash&amp;ref_src=twsrc%5Etfw\">#ColombiaSinMinas<\/a> <a href=\"https:\/\/twitter.com\/hashtag\/DiaContraLasMinasAntipersonal?src=hash&amp;ref_src=twsrc%5Etfw\">#DiaContraLasMinasAntipersonal<\/a> <a href=\"https:\/\/twitter.com\/hashtag\/IMAD2024?src=hash&amp;ref_src=twsrc%5Etfw\">#IMAD2024<\/a> <a href=\"https:\/\/twitter.com\/UNMAS?ref_src=twsrc%5Etfw\">@UNMAS<\/a> <a href=\"https:\/\/twitter.com\/AicmaColombia?ref_src=twsrc%5Etfw\">@AicmaColombia<\/a> <a href=\"https:\/\/twitter.com\/TheHALOCol?ref_src=twsrc%5Etfw\">@TheHALOCol<\/a> <a href=\"https:\/\/twitter.com\/COL_SIN_MINAS?ref_src=twsrc%5Etfw\">@COL_SIN_MINAS<\/a> @HIlatinoamerica <a href=\"https:\/\/twitter.com\/genevacall?ref_src=twsrc%5Etfw\">@genevacall<\/a> <a href=\"https:\/\/twitter.com\/HUMANICEMOS_DH?ref_src=twsrc%5Etfw\">@HUMANICEMOS_DH<\/a> <a href=\"https:\/\/t.co\/h68BasR8Sm\">pic.twitter.com\/h68BasR8Sm<\/a><\/p>\n<p>&mdash; Noruega en Colombia (@NoruegaenCOL) <a href=\"https:\/\/twitter.com\/NoruegaenCOL\/status\/1775876011185385602?ref_src=twsrc%5Etfw\">April 4, 2024<\/a><\/p><\/blockquote>\n<p><script async src=\"https:\/\/platform.twitter.com\/widgets.js\" charset=\"utf-8\"><\/script><\/p>\n<p>Para quienes est\u00e9n interesados en desarrollar un voluntariado en Colombia con la CCCM, pueden consultar su p\u00e1gina web:\u00a0<a href=\"https:\/\/www.colombiasinminas.org\/formulario-para-voluntariados\/\">\u00bfTe gustar\u00eda ser parte del esfuerzo por un mundo sin armas?<\/a><\/p>\n","protected":false},"excerpt":{"rendered":"<p>El 4 de abril, se \u00a0conmemora el D\u00eda Internacional para la Sensibilizaci\u00f3n contra las Minas Antipersonal, una fecha establecida por las Naciones Unidas \u00a0para \u00a0crear\u00a0 conciencia sobre \u00a0el impacto devastador de estas armas \u00a0y promover su eliminaci\u00f3n total a nivel&hellip;<\/p>\n","protected":false},"author":1053,"featured_media":1836633,"comment_status":"closed","ping_status":"closed","sticky":false,"template":"","format":"standard","meta":{"footnotes":""},"categories":[11389,1243,67],"tags":[30,116433,106186],"class_list":["post-1836627","post","type-post","status-publish","format-standard","has-post-thumbnail","hentry","category-contenido-original","category-paz-desarme","category-sudamerica","tag-colombia","tag-minas-antipersonal","tag-paz-total"],"yoast_head":"<!-- This site is optimized with the Yoast SEO plugin v27.1.1 - https:\/\/yoast.com\/product\/yoast-seo-wordpress\/ -->\n<title>D\u00eda Internacional para la sensibilizaci\u00f3n contra las Minas Antipersonal<\/title>\n<meta name=\"description\" content=\"El 4 de abril, se \u00a0conmemora el D\u00eda Internacional para la Sensibilizaci\u00f3n contra las Minas Antipersonal, una fecha establecida por las Naciones Unidas \u00a0para \u00a0crear\u00a0 conciencia sobre \u00a0el impacto devastador de estas armas \u00a0y promover su eliminaci\u00f3n total a nivel mundial\" \/>\n<meta name=\"robots\" content=\"index, follow, max-snippet:-1, max-image-preview:large, max-video-preview:-1\" \/>\n<link rel=\"canonical\" href=\"https:\/\/www.pressenza.com\/es\/2024\/04\/dia-internacional-para-la-sensibilizacion-contra-las-minas-antipersonal\/\" \/>\n<meta property=\"og:locale\" content=\"es_ES\" \/>\n<meta property=\"og:type\" content=\"article\" \/>\n<meta property=\"og:title\" content=\"D\u00eda Internacional para la sensibilizaci\u00f3n contra las Minas Antipersonal\" \/>\n<meta property=\"og:description\" content=\"El 4 de abril, se \u00a0conmemora el D\u00eda Internacional para la Sensibilizaci\u00f3n contra las Minas Antipersonal, una fecha establecida por las Naciones Unidas \u00a0para \u00a0crear\u00a0 conciencia sobre \u00a0el impacto devastador de estas armas \u00a0y promover su eliminaci\u00f3n total a nivel mundial\" \/>\n<meta property=\"og:url\" content=\"https:\/\/www.pressenza.com\/es\/2024\/04\/dia-internacional-para-la-sensibilizacion-contra-las-minas-antipersonal\/\" \/>\n<meta property=\"og:site_name\" content=\"Pressenza\" \/>\n<meta property=\"article:publisher\" content=\"https:\/\/www.facebook.com\/PressenzaItalia\" \/>\n<meta property=\"article:published_time\" content=\"2024-04-04T18:22:56+00:00\" \/>\n<meta property=\"article:modified_time\" content=\"2024-04-04T18:28:27+00:00\" \/>\n<meta property=\"og:image\" content=\"https:\/\/www.pressenza.com\/wp-content\/uploads\/2024\/04\/WhatsApp-Image-2024-04-04-at-8.20.50-PM.jpeg\" \/>\n\t<meta property=\"og:image:width\" content=\"1600\" \/>\n\t<meta property=\"og:image:height\" content=\"1600\" \/>\n\t<meta property=\"og:image:type\" content=\"image\/jpeg\" \/>\n<meta name=\"author\" content=\"Redacci\u00f3n Colombia\" \/>\n<meta name=\"twitter:card\" content=\"summary_large_image\" \/>\n<meta name=\"twitter:creator\" content=\"@PressenzaIPA\" \/>\n<meta name=\"twitter:site\" content=\"@PressenzaIPA\" \/>\n<meta name=\"twitter:label1\" content=\"Escrito por\" \/>\n\t<meta name=\"twitter:data1\" content=\"Redacci\u00f3n Colombia\" \/>\n\t<meta name=\"twitter:label2\" content=\"Tiempo de lectura\" \/>\n\t<meta name=\"twitter:data2\" content=\"3 minutos\" \/>\n<script type=\"application\/ld+json\" class=\"yoast-schema-graph\">{\"@context\":\"https:\/\/schema.org\",\"@graph\":[{\"@type\":\"Article\",\"@id\":\"https:\/\/www.pressenza.com\/es\/2024\/04\/dia-internacional-para-la-sensibilizacion-contra-las-minas-antipersonal\/#article\",\"isPartOf\":{\"@id\":\"https:\/\/www.pressenza.com\/es\/2024\/04\/dia-internacional-para-la-sensibilizacion-contra-las-minas-antipersonal\/\"},\"author\":{\"name\":\"Redacci\u00f3n Colombia\",\"@id\":\"https:\/\/www.pressenza.com\/es\/#\/schema\/person\/7c8ee170a4502d638436c91e385315f2\"},\"headline\":\"D\u00eda Internacional para la sensibilizaci\u00f3n contra las Minas Antipersonal\",\"datePublished\":\"2024-04-04T18:22:56+00:00\",\"dateModified\":\"2024-04-04T18:28:27+00:00\",\"mainEntityOfPage\":{\"@id\":\"https:\/\/www.pressenza.com\/es\/2024\/04\/dia-internacional-para-la-sensibilizacion-contra-las-minas-antipersonal\/\"},\"wordCount\":658,\"publisher\":{\"@id\":\"https:\/\/www.pressenza.com\/es\/#organization\"},\"image\":{\"@id\":\"https:\/\/www.pressenza.com\/es\/2024\/04\/dia-internacional-para-la-sensibilizacion-contra-las-minas-antipersonal\/#primaryimage\"},\"thumbnailUrl\":\"https:\/\/www.pressenza.com\/wp-content\/uploads\/2024\/04\/WhatsApp-Image-2024-04-04-at-8.20.50-PM.jpeg\",\"keywords\":[\"Colombia\",\"Minas antipersonal\",\"Paz Total\"],\"articleSection\":[\"Contenido Original\",\"Paz y Desarme\",\"Sudam\u00e9rica\"],\"inLanguage\":\"es\"},{\"@type\":\"WebPage\",\"@id\":\"https:\/\/www.pressenza.com\/es\/2024\/04\/dia-internacional-para-la-sensibilizacion-contra-las-minas-antipersonal\/\",\"url\":\"https:\/\/www.pressenza.com\/es\/2024\/04\/dia-internacional-para-la-sensibilizacion-contra-las-minas-antipersonal\/\",\"name\":\"D\u00eda Internacional para la sensibilizaci\u00f3n contra las Minas Antipersonal\",\"isPartOf\":{\"@id\":\"https:\/\/www.pressenza.com\/es\/#website\"},\"primaryImageOfPage\":{\"@id\":\"https:\/\/www.pressenza.com\/es\/2024\/04\/dia-internacional-para-la-sensibilizacion-contra-las-minas-antipersonal\/#primaryimage\"},\"image\":{\"@id\":\"https:\/\/www.pressenza.com\/es\/2024\/04\/dia-internacional-para-la-sensibilizacion-contra-las-minas-antipersonal\/#primaryimage\"},\"thumbnailUrl\":\"https:\/\/www.pressenza.com\/wp-content\/uploads\/2024\/04\/WhatsApp-Image-2024-04-04-at-8.20.50-PM.jpeg\",\"datePublished\":\"2024-04-04T18:22:56+00:00\",\"dateModified\":\"2024-04-04T18:28:27+00:00\",\"description\":\"El 4 de abril, se \u00a0conmemora el D\u00eda Internacional para la Sensibilizaci\u00f3n contra las Minas Antipersonal, una fecha establecida por las Naciones Unidas \u00a0para \u00a0crear\u00a0 conciencia sobre \u00a0el impacto devastador de estas armas \u00a0y promover su eliminaci\u00f3n total a nivel mundial\",\"breadcrumb\":{\"@id\":\"https:\/\/www.pressenza.com\/es\/2024\/04\/dia-internacional-para-la-sensibilizacion-contra-las-minas-antipersonal\/#breadcrumb\"},\"inLanguage\":\"es\",\"potentialAction\":[{\"@type\":\"ReadAction\",\"target\":[\"https:\/\/www.pressenza.com\/es\/2024\/04\/dia-internacional-para-la-sensibilizacion-contra-las-minas-antipersonal\/\"]}]},{\"@type\":\"ImageObject\",\"inLanguage\":\"es\",\"@id\":\"https:\/\/www.pressenza.com\/es\/2024\/04\/dia-internacional-para-la-sensibilizacion-contra-las-minas-antipersonal\/#primaryimage\",\"url\":\"https:\/\/www.pressenza.com\/wp-content\/uploads\/2024\/04\/WhatsApp-Image-2024-04-04-at-8.20.50-PM.jpeg\",\"contentUrl\":\"https:\/\/www.pressenza.com\/wp-content\/uploads\/2024\/04\/WhatsApp-Image-2024-04-04-at-8.20.50-PM.jpeg\",\"width\":1600,\"height\":1600},{\"@type\":\"BreadcrumbList\",\"@id\":\"https:\/\/www.pressenza.com\/es\/2024\/04\/dia-internacional-para-la-sensibilizacion-contra-las-minas-antipersonal\/#breadcrumb\",\"itemListElement\":[{\"@type\":\"ListItem\",\"position\":1,\"name\":\"Accueil\",\"item\":\"https:\/\/www.pressenza.com\/es\/\"},{\"@type\":\"ListItem\",\"position\":2,\"name\":\"D\u00eda Internacional para la sensibilizaci\u00f3n contra las Minas Antipersonal\"}]},{\"@type\":\"WebSite\",\"@id\":\"https:\/\/www.pressenza.com\/es\/#website\",\"url\":\"https:\/\/www.pressenza.com\/es\/\",\"name\":\"Pressenza\",\"description\":\"International Press Agency\",\"publisher\":{\"@id\":\"https:\/\/www.pressenza.com\/es\/#organization\"},\"potentialAction\":[{\"@type\":\"SearchAction\",\"target\":{\"@type\":\"EntryPoint\",\"urlTemplate\":\"https:\/\/www.pressenza.com\/es\/?s={search_term_string}\"},\"query-input\":{\"@type\":\"PropertyValueSpecification\",\"valueRequired\":true,\"valueName\":\"search_term_string\"}}],\"inLanguage\":\"es\"},{\"@type\":\"Organization\",\"@id\":\"https:\/\/www.pressenza.com\/es\/#organization\",\"name\":\"Pressenza\",\"url\":\"https:\/\/www.pressenza.com\/es\/\",\"logo\":{\"@type\":\"ImageObject\",\"inLanguage\":\"es\",\"@id\":\"https:\/\/www.pressenza.com\/es\/#\/schema\/logo\/image\/\",\"url\":\"https:\/\/www.pressenza.com\/wp-content\/uploads\/2022\/10\/pressenza_logo_200x200.jpg\",\"contentUrl\":\"https:\/\/www.pressenza.com\/wp-content\/uploads\/2022\/10\/pressenza_logo_200x200.jpg\",\"width\":200,\"height\":200,\"caption\":\"Pressenza\"},\"image\":{\"@id\":\"https:\/\/www.pressenza.com\/es\/#\/schema\/logo\/image\/\"},\"sameAs\":[\"https:\/\/www.facebook.com\/PressenzaItalia\",\"https:\/\/x.com\/PressenzaIPA\"]},{\"@type\":\"Person\",\"@id\":\"https:\/\/www.pressenza.com\/es\/#\/schema\/person\/7c8ee170a4502d638436c91e385315f2\",\"name\":\"Redacci\u00f3n Colombia\",\"description\":\"News published by the Pressenza bureau in Colombia\",\"url\":\"https:\/\/www.pressenza.com\/es\/author\/redaccion-colombia\/\"}]}<\/script>\n<!-- \/ Yoast SEO plugin. -->","yoast_head_json":{"title":"D\u00eda Internacional para la sensibilizaci\u00f3n contra las Minas Antipersonal","description":"El 4 de abril, se \u00a0conmemora el D\u00eda Internacional para la Sensibilizaci\u00f3n contra las Minas Antipersonal, una fecha establecida por las Naciones Unidas \u00a0para \u00a0crear\u00a0 conciencia sobre \u00a0el impacto devastador de estas armas \u00a0y promover su eliminaci\u00f3n total a nivel mundial","robots":{"index":"index","follow":"follow","max-snippet":"max-snippet:-1","max-image-preview":"max-image-preview:large","max-video-preview":"max-video-preview:-1"},"canonical":"https:\/\/www.pressenza.com\/es\/2024\/04\/dia-internacional-para-la-sensibilizacion-contra-las-minas-antipersonal\/","og_locale":"es_ES","og_type":"article","og_title":"D\u00eda Internacional para la sensibilizaci\u00f3n contra las Minas Antipersonal","og_description":"El 4 de abril, se \u00a0conmemora el D\u00eda Internacional para la Sensibilizaci\u00f3n contra las Minas Antipersonal, una fecha establecida por las Naciones Unidas \u00a0para \u00a0crear\u00a0 conciencia sobre \u00a0el impacto devastador de estas armas \u00a0y promover su eliminaci\u00f3n total a nivel mundial","og_url":"https:\/\/www.pressenza.com\/es\/2024\/04\/dia-internacional-para-la-sensibilizacion-contra-las-minas-antipersonal\/","og_site_name":"Pressenza","article_publisher":"https:\/\/www.facebook.com\/PressenzaItalia","article_published_time":"2024-04-04T18:22:56+00:00","article_modified_time":"2024-04-04T18:28:27+00:00","og_image":[{"width":1600,"height":1600,"url":"https:\/\/www.pressenza.com\/wp-content\/uploads\/2024\/04\/WhatsApp-Image-2024-04-04-at-8.20.50-PM.jpeg","type":"image\/jpeg"}],"author":"Redacci\u00f3n Colombia","twitter_card":"summary_large_image","twitter_creator":"@PressenzaIPA","twitter_site":"@PressenzaIPA","twitter_misc":{"Escrito por":"Redacci\u00f3n Colombia","Tiempo de lectura":"3 minutos"},"schema":{"@context":"https:\/\/schema.org","@graph":[{"@type":"Article","@id":"https:\/\/www.pressenza.com\/es\/2024\/04\/dia-internacional-para-la-sensibilizacion-contra-las-minas-antipersonal\/#article","isPartOf":{"@id":"https:\/\/www.pressenza.com\/es\/2024\/04\/dia-internacional-para-la-sensibilizacion-contra-las-minas-antipersonal\/"},"author":{"name":"Redacci\u00f3n Colombia","@id":"https:\/\/www.pressenza.com\/es\/#\/schema\/person\/7c8ee170a4502d638436c91e385315f2"},"headline":"D\u00eda Internacional para la sensibilizaci\u00f3n contra las Minas Antipersonal","datePublished":"2024-04-04T18:22:56+00:00","dateModified":"2024-04-04T18:28:27+00:00","mainEntityOfPage":{"@id":"https:\/\/www.pressenza.com\/es\/2024\/04\/dia-internacional-para-la-sensibilizacion-contra-las-minas-antipersonal\/"},"wordCount":658,"publisher":{"@id":"https:\/\/www.pressenza.com\/es\/#organization"},"image":{"@id":"https:\/\/www.pressenza.com\/es\/2024\/04\/dia-internacional-para-la-sensibilizacion-contra-las-minas-antipersonal\/#primaryimage"},"thumbnailUrl":"https:\/\/www.pressenza.com\/wp-content\/uploads\/2024\/04\/WhatsApp-Image-2024-04-04-at-8.20.50-PM.jpeg","keywords":["Colombia","Minas antipersonal","Paz Total"],"articleSection":["Contenido Original","Paz y Desarme","Sudam\u00e9rica"],"inLanguage":"es"},{"@type":"WebPage","@id":"https:\/\/www.pressenza.com\/es\/2024\/04\/dia-internacional-para-la-sensibilizacion-contra-las-minas-antipersonal\/","url":"https:\/\/www.pressenza.com\/es\/2024\/04\/dia-internacional-para-la-sensibilizacion-contra-las-minas-antipersonal\/","name":"D\u00eda Internacional para la sensibilizaci\u00f3n contra las Minas Antipersonal","isPartOf":{"@id":"https:\/\/www.pressenza.com\/es\/#website"},"primaryImageOfPage":{"@id":"https:\/\/www.pressenza.com\/es\/2024\/04\/dia-internacional-para-la-sensibilizacion-contra-las-minas-antipersonal\/#primaryimage"},"image":{"@id":"https:\/\/www.pressenza.com\/es\/2024\/04\/dia-internacional-para-la-sensibilizacion-contra-las-minas-antipersonal\/#primaryimage"},"thumbnailUrl":"https:\/\/www.pressenza.com\/wp-content\/uploads\/2024\/04\/WhatsApp-Image-2024-04-04-at-8.20.50-PM.jpeg","datePublished":"2024-04-04T18:22:56+00:00","dateModified":"2024-04-04T18:28:27+00:00","description":"El 4 de abril, se \u00a0conmemora el D\u00eda Internacional para la Sensibilizaci\u00f3n contra las Minas Antipersonal, una fecha establecida por las Naciones Unidas \u00a0para \u00a0crear\u00a0 conciencia sobre \u00a0el impacto devastador de estas armas \u00a0y promover su eliminaci\u00f3n total a nivel mundial","breadcrumb":{"@id":"https:\/\/www.pressenza.com\/es\/2024\/04\/dia-internacional-para-la-sensibilizacion-contra-las-minas-antipersonal\/#breadcrumb"},"inLanguage":"es","potentialAction":[{"@type":"ReadAction","target":["https:\/\/www.pressenza.com\/es\/2024\/04\/dia-internacional-para-la-sensibilizacion-contra-las-minas-antipersonal\/"]}]},{"@type":"ImageObject","inLanguage":"es","@id":"https:\/\/www.pressenza.com\/es\/2024\/04\/dia-internacional-para-la-sensibilizacion-contra-las-minas-antipersonal\/#primaryimage","url":"https:\/\/www.pressenza.com\/wp-content\/uploads\/2024\/04\/WhatsApp-Image-2024-04-04-at-8.20.50-PM.jpeg","contentUrl":"https:\/\/www.pressenza.com\/wp-content\/uploads\/2024\/04\/WhatsApp-Image-2024-04-04-at-8.20.50-PM.jpeg","width":1600,"height":1600},{"@type":"BreadcrumbList","@id":"https:\/\/www.pressenza.com\/es\/2024\/04\/dia-internacional-para-la-sensibilizacion-contra-las-minas-antipersonal\/#breadcrumb","itemListElement":[{"@type":"ListItem","position":1,"name":"Accueil","item":"https:\/\/www.pressenza.com\/es\/"},{"@type":"ListItem","position":2,"name":"D\u00eda Internacional para la sensibilizaci\u00f3n contra las Minas Antipersonal"}]},{"@type":"WebSite","@id":"https:\/\/www.pressenza.com\/es\/#website","url":"https:\/\/www.pressenza.com\/es\/","name":"Pressenza","description":"International Press Agency","publisher":{"@id":"https:\/\/www.pressenza.com\/es\/#organization"},"potentialAction":[{"@type":"SearchAction","target":{"@type":"EntryPoint","urlTemplate":"https:\/\/www.pressenza.com\/es\/?s={search_term_string}"},"query-input":{"@type":"PropertyValueSpecification","valueRequired":true,"valueName":"search_term_string"}}],"inLanguage":"es"},{"@type":"Organization","@id":"https:\/\/www.pressenza.com\/es\/#organization","name":"Pressenza","url":"https:\/\/www.pressenza.com\/es\/","logo":{"@type":"ImageObject","inLanguage":"es","@id":"https:\/\/www.pressenza.com\/es\/#\/schema\/logo\/image\/","url":"https:\/\/www.pressenza.com\/wp-content\/uploads\/2022\/10\/pressenza_logo_200x200.jpg","contentUrl":"https:\/\/www.pressenza.com\/wp-content\/uploads\/2022\/10\/pressenza_logo_200x200.jpg","width":200,"height":200,"caption":"Pressenza"},"image":{"@id":"https:\/\/www.pressenza.com\/es\/#\/schema\/logo\/image\/"},"sameAs":["https:\/\/www.facebook.com\/PressenzaItalia","https:\/\/x.com\/PressenzaIPA"]},{"@type":"Person","@id":"https:\/\/www.pressenza.com\/es\/#\/schema\/person\/7c8ee170a4502d638436c91e385315f2","name":"Redacci\u00f3n Colombia","description":"News published by the Pressenza bureau in Colombia","url":"https:\/\/www.pressenza.com\/es\/author\/redaccion-colombia\/"}]}},"place":"","original_article_url":"","_links":{"self":[{"href":"https:\/\/www.pressenza.com\/es\/wp-json\/wp\/v2\/posts\/1836627","targetHints":{"allow":["GET"]}}],"collection":[{"href":"https:\/\/www.pressenza.com\/es\/wp-json\/wp\/v2\/posts"}],"about":[{"href":"https:\/\/www.pressenza.com\/es\/wp-json\/wp\/v2\/types\/post"}],"author":[{"embeddable":true,"href":"https:\/\/www.pressenza.com\/es\/wp-json\/wp\/v2\/users\/1053"}],"replies":[{"embeddable":true,"href":"https:\/\/www.pressenza.com\/es\/wp-json\/wp\/v2\/comments?post=1836627"}],"version-history":[{"count":0,"href":"https:\/\/www.pressenza.com\/es\/wp-json\/wp\/v2\/posts\/1836627\/revisions"}],"wp:featuredmedia":[{"embeddable":true,"href":"https:\/\/www.pressenza.com\/es\/wp-json\/wp\/v2\/media\/1836633"}],"wp:attachment":[{"href":"https:\/\/www.pressenza.com\/es\/wp-json\/wp\/v2\/media?parent=1836627"}],"wp:term":[{"taxonomy":"category","embeddable":true,"href":"https:\/\/www.pressenza.com\/es\/wp-json\/wp\/v2\/categories?post=1836627"},{"taxonomy":"post_tag","embeddable":true,"href":"https:\/\/www.pressenza.com\/es\/wp-json\/wp\/v2\/tags?post=1836627"}],"curies":[{"name":"wp","href":"https:\/\/api.w.org\/{rel}","templated":true}]}}