{"id":1835284,"date":"2024-03-28T23:28:52","date_gmt":"2024-03-28T23:28:52","guid":{"rendered":"https:\/\/www.pressenza.com\/?p=1835284"},"modified":"2024-03-28T23:28:52","modified_gmt":"2024-03-28T23:28:52","slug":"ni-ayuso-ni-nadie-puede-decidir-cuando-o-como-muere-alguien-decirlo-es-obsceno","status":"publish","type":"post","link":"https:\/\/www.pressenza.com\/es\/2024\/03\/ni-ayuso-ni-nadie-puede-decidir-cuando-o-como-muere-alguien-decirlo-es-obsceno\/","title":{"rendered":"\u201cNi Ayuso, ni nadie, puede decidir cu\u00e1ndo o c\u00f3mo muere alguien. Decirlo es obsceno\u201d"},"content":{"rendered":"<p style=\"padding-left: 40px;\">Entrevista a Fernando Flores, redactor del Informe de la Comisi\u00f3n Ciudadana por la Verdad en las Residencias de Madrid<\/p>\n<p style=\"padding-left: 40px;\">Por Gorka Castillo\/ctxt<\/p>\n<p>Fernando Flores (Valencia, 1968) es diplomado en Altos Estudios de la Defensa por el Centro Superior de Estudios de la Defensa Nacional (Ceseden) y licenciado en Derecho Constitucional, Ciencia Pol\u00edtica y Relaciones Internacionales por el Centro espa\u00f1ol de Estudios Constitucionales. En la actualidad forma parte del Instituto de Derechos Humanos de la Facultad de Derecho de la Universidad de Valencia y durante este \u00faltimo a\u00f1o ha integrado la Comisi\u00f3n Ciudadana por la Verdad en las Residencias de Madrid junto a otros seis expertos, dirigidos por el magistrado em\u00e9rito del Tribunal Supremo, Jos\u00e9 Antonio Mart\u00edn Pall\u00edn. Flores ha sido el redactor principal del\u00a0<a href=\"https:\/\/comisionverdadresidenciasmadrid.wordpress.com\/\" target=\"_blank\" rel=\"noopener\">devastador informe<\/a> presentado la semana pasada en respuesta al encargo realizado por Marea de Residencias y Verdad y Justicia para aportar luz a la muerte en condiciones lamentables de 7.291 personas en los centros madrile\u00f1os de mayores durante los dos primeros meses de la pandemia.<\/p>\n<p>Un episodio espeluznante que, a su juicio, seguir\u00e1 persiguiendo a Isabel D\u00edaz Ayuso durante mucho tiempo. Las acusaciones vertidas por decenas de afectados no han cesado en estos cuatro a\u00f1os, pese a la oposici\u00f3n de la presidenta madrile\u00f1a a revelar los motivos que guiaron sus decisiones. Pero la perseverancia que los familiares han mostrado es un desaf\u00edo directo al silencio impuesto por una lideresa hasta ahora intocable. Flores reconoce sin paliativos los errores y las responsabilidades pol\u00edticas del ejecutivo madrile\u00f1o en la\u00a0<a href=\"https:\/\/www.mdpi.com\/2673-3986\/4\/2\/19\" target=\"_blank\" rel=\"noopener\">alt\u00edsima tasa de mortalidad registrada en las residencias durante aquellas fechas<\/a>. El informe de 148 p\u00e1ginas deja en evidencia no s\u00f3lo unos hechos desgarradores, con testimonios y estudios documentados por especialistas, \u201csino tambi\u00e9n la discriminaci\u00f3n con la que actu\u00f3 el Gobierno auton\u00f3mico a la hora de derivar a hospitales a las personas mayores enfermas. Se segreg\u00f3 a esta gente en funci\u00f3n del lugar donde resid\u00eda y de su movilidad\u201d, afirma el redactor del estudio.<\/p>\n<p>Entre las lecciones que imparte esta investigaci\u00f3n est\u00e1 su escrupulosa fidelidad al relato de unos acontecimientos tremendos. Apoyado en datos procedentes de fuentes oficiales, como la propia Comunidad de Madrid o la fiscal\u00eda, no pierde de vista el contexto con art\u00edculos de investigaci\u00f3n ni los sentimientos que aportaron los supervivientes durante\u00a0<a href=\"https:\/\/ctxt.es\/es\/20231001\/Politica\/44476\/Gorka-Castillo-residencias-Madrid-Diaz-Ayuso-juicio-protocolos-muertes-covid.htm\" target=\"_blank\" rel=\"noopener\">las sesiones presenciales que la Comisi\u00f3n Ciudadana por la Verdad<\/a>\u00a0celebr\u00f3 el pasado 15 y 16 de septiembre. Desarma as\u00ed la versi\u00f3n institucional de que la mortalidad en las residencias fue tan inesperada como imposible de evitar. \u201cSe centra en hechos. Por ejemplo, un hecho fue que la justicia dict\u00f3 una medida cautelar ordenando medicalizar las residencias y otro hecho fue que no se medicalizaron, pese a que algunas voces interesadas digan lo contrario. Son hechos basados en datos, basados en testimonios, en informes documentados por epidemi\u00f3logos y juristas.<\/p>\n<blockquote><p>Ni se medicalizaron ni hubo derivaciones hospitalarias de enfermos sin seguros privados. Esta decisi\u00f3n tuvo graves consecuencias. La primera es que arrebat\u00f3 a muchos residentes su derecho a la protecci\u00f3n de la salud y, en bastantes casos, tambi\u00e9n su derecho a la vida\u201d, a\u00f1ade Flores.<\/p><\/blockquote>\n<p>Por eso, resulta esclarecedor y hasta pat\u00e9tico volver a leer el relato que en plena expansi\u00f3n del virus, el 12 de marzo de 2020, difundi\u00f3 el Gobierno de Madrid para dar cuenta de un \u201chist\u00f3rico\u201d plan antipand\u00e9mico consistente en la creaci\u00f3n de un mando unificado destinado a coordinar los 72 hospitales p\u00fablicos y privados y a medicalizar los 475 centros de mayores que hab\u00eda en la regi\u00f3n. La realidad mostr\u00f3 que aquello fue un brindis al sol de la ma\u00f1ana. Un d\u00eda despu\u00e9s de este anuncio, la residencia Monte Hermoso lanz\u00f3 un mensaje desesperado de auxilio a la Consejer\u00eda de Sanidad y otro a la presidencia de D\u00edaz Ayuso que nadie contest\u00f3. Cinco d\u00edas despu\u00e9s se supo que veinte personas de aquel centro murieron sin recibir m\u00e1s tratamientos que los que la residencia, en situaci\u00f3n precaria y con el personal enfermo, pudo improvisar. La Fiscal\u00eda abri\u00f3 una investigaci\u00f3n, el caso se denunci\u00f3 ante un juzgado y termin\u00f3 archivado sin que hasta el d\u00eda de hoy hayan trascendido responsabilidades ni se haya proporcionado informaci\u00f3n alguna a los familiares de los motivos que impidieron actuar a la administraci\u00f3n auton\u00f3mica ante la alerta que aquel d\u00eda de marzo notific\u00f3 la residencia. \u201cSe vulneraron derechos fundamentales, como a la propia vida, a la intimidad familiar, a la integridad f\u00edsica y ps\u00edquica. Como el derecho a la salud y a saber lo que sucedi\u00f3 con miles de personas que estaban en situaci\u00f3n de especial vulnerabilidad. Debemos exigir que se conozca la verdad porque la decisi\u00f3n de impedirles salir de las residencias es una vulneraci\u00f3n del art\u00edculo 2 del Comit\u00e9 Europeo de Derechos Humanos que habla de la obligaci\u00f3n positiva de los Estados a actuar de una manera extraordinariamente diligente en estos casos. No nos estamos inventando nada con nuestras demandas\u201d, a\u00f1ade Flores.<\/p>\n<p>Por eso, el informe de la comisi\u00f3n profundiza en el movimiento de recursos cl\u00ednicos, de m\u00e9dicas y enfermeros, que orden\u00f3 el Gobierno de Madrid al abrir un hospital de campa\u00f1a en Ifema y hace trizas el argumento esgrimido por D\u00edaz Ayuso para justificar su gesti\u00f3n \u2013\u201ccuando una persona mayor estaba gravemente enferma con covid no se salvaba en ning\u00fan sitio\u201d\u2013. Para las v\u00edctimas fue como si echaran sal en las heridas que a\u00fan tienen abiertas. El profesor de la Universidad de Valencia no puede ocultar su irritaci\u00f3n ante semejante groser\u00eda: \u201cEs que ni Ayuso, ni su gobierno, ni nadie puede decir cu\u00e1ndo muere alguien ni c\u00f3mo muere alguien. Decirlo es obsceno. En segundo lugar, porque de cada cien enfermos que hab\u00eda en las residencias, 65 no murieron. Y luego est\u00e1 lo del hospital \u2018milagro\u2019 de Ifema que se dedic\u00f3 fundamentalmente a tratar a personas con pron\u00f3stico leve de covid y que solo recibi\u00f3 a 23 residentes cuando todos sab\u00edan lo que estaba ocurriendo en los centros de mayores, las personas que estaban muriendo y c\u00f3mo mor\u00edan. Sin asistencia sanitaria porque mil trabajadores de atenci\u00f3n primaria terminaron absorbidos por Ifema. Con las puertas cerradas desde fuera, sin cuidados paliativos y con mil camas vac\u00edas esperando en los hospitales privados. No s\u00e9 si existen responsabilidades jur\u00eddicas en todo esto pero s\u00ed hay una responsabilidad pol\u00edtica. A lo mejor no hay un il\u00edcito penal ni contencioso. Habr\u00e1 que verlo porque es complicado, pero lo que est\u00e1 claro es que Ayuso tuvo una responsabilidad en estas decisiones.\u00bb<\/p>\n<blockquote><p>\u00abHay que decirlo en voz alta: usted, se\u00f1ora presidenta, es responsable de lo que pas\u00f3 en las residencias de Madrid durante la pandemia\u201d.<\/p><\/blockquote>\n<p>Fernando Flores, un acad\u00e9mico forjado en el Instituto de Derechos Humanos de la Universidad de Valencia, estima tambi\u00e9n que el trabajo desempe\u00f1ado por la fiscal de Madrid no ha contribuido a esclarecer con la debida transparencia, rigor e imparcialidad un caso de semejante envergadura. La justificaci\u00f3n que realiza en su memoria anual de que no cit\u00f3 a declarar a familiares para evitar su revictimizaci\u00f3n es, a juicio del redactor del informe de la Comisi\u00f3n de la Verdad, un error grueso en todo este proceso. \u201cLa propia jurisprudencia del Tribunal Constitucional y del Tribunal Europeo de Derechos Humanos indica que cuando existen indicios de una vulneraci\u00f3n de derechos grave o muy graves siempre se debe escuchar a las v\u00edctimas\u201d, asegura.<\/p>\n<p>Flores considera que el trabajo realizado en la Comisi\u00f3n ciudadana por la Verdad da cumplida respuesta a una serie de preguntas que familiares, trabajadoras y muchos ciudadanos contin\u00faan plante\u00e1ndose sobre lo que sucedi\u00f3 en las residencias de Madrid. \u00bfPor qu\u00e9 murieron el doble de personas en las residencias de la Comunidad que en otras comunidades aut\u00f3nomas? \u00bfQu\u00e9 consecuencias produjo la no derivaci\u00f3n de sus enfermos a hospitales? \u00bfPor qu\u00e9 el Gobierno regional incumpli\u00f3 la medida cautelar dictada por Tribunal Superior de Justicia de medicalizar esos centros al comienzo de la pandemia? \u201cPara los familiares de las v\u00edctimas hablar y ser escuchados es una catarsis sobre la experiencia traum\u00e1tica vivida, aunque despu\u00e9s no d\u00e9 lugar a una condena o se les d\u00e9 o no la raz\u00f3n. La administraci\u00f3n funciona con discrecionalidad arbitraria hacia su memoria, sus sentimientos de dolor y sus culpas. \u00bfC\u00f3mo puede decir la presidenta de Madrid que el deseo de conocer la verdad expresado por Marea de Residencias y Verdad y Justicia es utilizar a las v\u00edctimas cuando ellas son precisamente las v\u00edctimas?\u201d, reflexiona.<\/p>\n<p>Para Flores, el estudio reci\u00e9n presentado es un \u201ccr\u00edtico y honesto examen del sistema de cuidados y sanitario\u201d que no deber\u00eda caer en saco roto. En sus recomendaciones finales, urge a los poderes p\u00fablicos a adoptar medidas sobre las cuestiones que han quedado pendientes, como impulsar una investigaci\u00f3n eficaz y diligente para conocer la verdad, la reapertura de la comisi\u00f3n de investigaci\u00f3n sobre la pandemia que la Asamblea de Madrid cerr\u00f3 en falso, el inicio de un cambio radical en el planteamiento del modelo de cuidados, la mejora urgente de la dotaci\u00f3n del sistema sanitario p\u00fablico y, finalmente, la configuraci\u00f3n de una pol\u00edtica p\u00fablica contra el edadismo. \u201cVivimos en una sociedad que no es consciente de que a las personas mayores o con una discapacidad se las discrimina, como si estuvieran ya desahuciadas. Se las trata como si sus vidas valieran menos que las del resto\u201d, a\u00f1ade. Por ello, no duda en reclamar un cambio cultural, \u201cextraordinario y revolucionario\u201d en el modelo de gesti\u00f3n de los cuidados. Y para el redactor principal del estudio s\u00f3lo hay una v\u00eda para lograrlo. \u201cElevar las partidas presupuestarias y colocar a la persona en el centro de la acci\u00f3n pol\u00edtica y cultural\u201d, afirma. Quiz\u00e1 sea la \u00fanica forma de entender definitivamente \u201cque al final de la vida todos y todas valemos lo mismo\u201d, concluye Fernando Flores.<\/p>\n","protected":false},"excerpt":{"rendered":"<p>Entrevista a Fernando Flores, redactor del Informe de la Comisi\u00f3n Ciudadana por la Verdad en las Residencias de Madrid Por Gorka Castillo\/ctxt Fernando Flores (Valencia, 1968) es diplomado en Altos Estudios de la Defensa por el Centro Superior de Estudios&hellip;<\/p>\n","protected":false},"author":94,"featured_media":1835285,"comment_status":"closed","ping_status":"closed","sticky":false,"template":"","format":"standard","meta":{"footnotes":""},"categories":[79,155,66,74,1239],"tags":[86316,121432,121433,121431],"class_list":["post-1835284","post","type-post","status-publish","format-standard","has-post-thumbnail","hentry","category-derechos-humanos","category-entrevistas","category-europa-es","category-politica-es","category-salud","tag-ayuso","tag-comision-ciudadana-por-la-verdad","tag-marea-de-residencias","tag-residencias-de-madrod"],"yoast_head":"<!-- This site is optimized with the Yoast SEO plugin v27.1.1 - https:\/\/yoast.com\/product\/yoast-seo-wordpress\/ -->\n<title>\u201cNi Ayuso, ni nadie, puede decidir cu\u00e1ndo o c\u00f3mo muere alguien. Decirlo es obsceno\u201d<\/title>\n<meta name=\"description\" content=\"Entrevista a Fernando Flores, redactor del Informe de la Comisi\u00f3n Ciudadana por la Verdad en las Residencias de Madrid Por Gorka Castillo\/ctxt Fernando\" \/>\n<meta name=\"robots\" content=\"index, follow, max-snippet:-1, max-image-preview:large, max-video-preview:-1\" \/>\n<link rel=\"canonical\" href=\"https:\/\/www.pressenza.com\/es\/2024\/03\/ni-ayuso-ni-nadie-puede-decidir-cuando-o-como-muere-alguien-decirlo-es-obsceno\/\" \/>\n<meta property=\"og:locale\" content=\"es_ES\" \/>\n<meta property=\"og:type\" content=\"article\" \/>\n<meta property=\"og:title\" content=\"\u201cNi Ayuso, ni nadie, puede decidir cu\u00e1ndo o c\u00f3mo muere alguien. Decirlo es obsceno\u201d\" \/>\n<meta property=\"og:description\" content=\"Entrevista a Fernando Flores, redactor del Informe de la Comisi\u00f3n Ciudadana por la Verdad en las Residencias de Madrid Por Gorka Castillo\/ctxt Fernando\" \/>\n<meta property=\"og:url\" content=\"https:\/\/www.pressenza.com\/es\/2024\/03\/ni-ayuso-ni-nadie-puede-decidir-cuando-o-como-muere-alguien-decirlo-es-obsceno\/\" \/>\n<meta property=\"og:site_name\" content=\"Pressenza\" \/>\n<meta property=\"article:publisher\" content=\"https:\/\/www.facebook.com\/PressenzaItalia\" \/>\n<meta property=\"article:author\" content=\"https:\/\/www.facebook.com\/pressenza\" \/>\n<meta property=\"article:published_time\" content=\"2024-03-28T23:28:52+00:00\" \/>\n<meta property=\"og:image\" content=\"https:\/\/www.pressenza.com\/wp-content\/uploads\/2024\/03\/Diaz-Ayuso-Comunidad-de-Madrid.jpg\" \/>\n\t<meta property=\"og:image:width\" content=\"820\" \/>\n\t<meta property=\"og:image:height\" content=\"547\" \/>\n\t<meta property=\"og:image:type\" content=\"image\/jpeg\" \/>\n<meta name=\"author\" content=\"Redacci\u00f3n Madrid\" \/>\n<meta name=\"twitter:card\" content=\"summary_large_image\" \/>\n<meta name=\"twitter:creator\" content=\"@pressenza\" \/>\n<meta name=\"twitter:site\" content=\"@PressenzaIPA\" \/>\n<meta name=\"twitter:label1\" content=\"Escrito por\" \/>\n\t<meta name=\"twitter:data1\" content=\"Redacci\u00f3n Madrid\" \/>\n\t<meta name=\"twitter:label2\" content=\"Tiempo de lectura\" \/>\n\t<meta name=\"twitter:data2\" content=\"8 minutos\" \/>\n<script type=\"application\/ld+json\" class=\"yoast-schema-graph\">{\"@context\":\"https:\/\/schema.org\",\"@graph\":[{\"@type\":\"Article\",\"@id\":\"https:\/\/www.pressenza.com\/es\/2024\/03\/ni-ayuso-ni-nadie-puede-decidir-cuando-o-como-muere-alguien-decirlo-es-obsceno\/#article\",\"isPartOf\":{\"@id\":\"https:\/\/www.pressenza.com\/es\/2024\/03\/ni-ayuso-ni-nadie-puede-decidir-cuando-o-como-muere-alguien-decirlo-es-obsceno\/\"},\"author\":{\"name\":\"Redacci\u00f3n Madrid\",\"@id\":\"https:\/\/www.pressenza.com\/es\/#\/schema\/person\/828fc40eeca2ad7be3630e5a46adba94\"},\"headline\":\"\u201cNi Ayuso, ni nadie, puede decidir cu\u00e1ndo o c\u00f3mo muere alguien. Decirlo es obsceno\u201d\",\"datePublished\":\"2024-03-28T23:28:52+00:00\",\"mainEntityOfPage\":{\"@id\":\"https:\/\/www.pressenza.com\/es\/2024\/03\/ni-ayuso-ni-nadie-puede-decidir-cuando-o-como-muere-alguien-decirlo-es-obsceno\/\"},\"wordCount\":1735,\"publisher\":{\"@id\":\"https:\/\/www.pressenza.com\/es\/#organization\"},\"image\":{\"@id\":\"https:\/\/www.pressenza.com\/es\/2024\/03\/ni-ayuso-ni-nadie-puede-decidir-cuando-o-como-muere-alguien-decirlo-es-obsceno\/#primaryimage\"},\"thumbnailUrl\":\"https:\/\/www.pressenza.com\/wp-content\/uploads\/2024\/03\/Diaz-Ayuso-Comunidad-de-Madrid.jpg\",\"keywords\":[\"Ayuso\",\"Comisi\u00f3n ciudadana por la verdad\",\"Marea de residencias\",\"residencias de Madrod\"],\"articleSection\":[\"Derechos Humanos\",\"Entrevistas\",\"Europa\",\"Pol\u00edtica\",\"Salud\"],\"inLanguage\":\"es\"},{\"@type\":\"WebPage\",\"@id\":\"https:\/\/www.pressenza.com\/es\/2024\/03\/ni-ayuso-ni-nadie-puede-decidir-cuando-o-como-muere-alguien-decirlo-es-obsceno\/\",\"url\":\"https:\/\/www.pressenza.com\/es\/2024\/03\/ni-ayuso-ni-nadie-puede-decidir-cuando-o-como-muere-alguien-decirlo-es-obsceno\/\",\"name\":\"\u201cNi Ayuso, ni nadie, puede decidir cu\u00e1ndo o c\u00f3mo muere alguien. Decirlo es obsceno\u201d\",\"isPartOf\":{\"@id\":\"https:\/\/www.pressenza.com\/es\/#website\"},\"primaryImageOfPage\":{\"@id\":\"https:\/\/www.pressenza.com\/es\/2024\/03\/ni-ayuso-ni-nadie-puede-decidir-cuando-o-como-muere-alguien-decirlo-es-obsceno\/#primaryimage\"},\"image\":{\"@id\":\"https:\/\/www.pressenza.com\/es\/2024\/03\/ni-ayuso-ni-nadie-puede-decidir-cuando-o-como-muere-alguien-decirlo-es-obsceno\/#primaryimage\"},\"thumbnailUrl\":\"https:\/\/www.pressenza.com\/wp-content\/uploads\/2024\/03\/Diaz-Ayuso-Comunidad-de-Madrid.jpg\",\"datePublished\":\"2024-03-28T23:28:52+00:00\",\"description\":\"Entrevista a Fernando Flores, redactor del Informe de la Comisi\u00f3n Ciudadana por la Verdad en las Residencias de Madrid Por Gorka Castillo\/ctxt Fernando\",\"breadcrumb\":{\"@id\":\"https:\/\/www.pressenza.com\/es\/2024\/03\/ni-ayuso-ni-nadie-puede-decidir-cuando-o-como-muere-alguien-decirlo-es-obsceno\/#breadcrumb\"},\"inLanguage\":\"es\",\"potentialAction\":[{\"@type\":\"ReadAction\",\"target\":[\"https:\/\/www.pressenza.com\/es\/2024\/03\/ni-ayuso-ni-nadie-puede-decidir-cuando-o-como-muere-alguien-decirlo-es-obsceno\/\"]}]},{\"@type\":\"ImageObject\",\"inLanguage\":\"es\",\"@id\":\"https:\/\/www.pressenza.com\/es\/2024\/03\/ni-ayuso-ni-nadie-puede-decidir-cuando-o-como-muere-alguien-decirlo-es-obsceno\/#primaryimage\",\"url\":\"https:\/\/www.pressenza.com\/wp-content\/uploads\/2024\/03\/Diaz-Ayuso-Comunidad-de-Madrid.jpg\",\"contentUrl\":\"https:\/\/www.pressenza.com\/wp-content\/uploads\/2024\/03\/Diaz-Ayuso-Comunidad-de-Madrid.jpg\",\"width\":820,\"height\":547},{\"@type\":\"BreadcrumbList\",\"@id\":\"https:\/\/www.pressenza.com\/es\/2024\/03\/ni-ayuso-ni-nadie-puede-decidir-cuando-o-como-muere-alguien-decirlo-es-obsceno\/#breadcrumb\",\"itemListElement\":[{\"@type\":\"ListItem\",\"position\":1,\"name\":\"Accueil\",\"item\":\"https:\/\/www.pressenza.com\/es\/\"},{\"@type\":\"ListItem\",\"position\":2,\"name\":\"\u201cNi Ayuso, ni nadie, puede decidir cu\u00e1ndo o c\u00f3mo muere alguien. Decirlo es obsceno\u201d\"}]},{\"@type\":\"WebSite\",\"@id\":\"https:\/\/www.pressenza.com\/es\/#website\",\"url\":\"https:\/\/www.pressenza.com\/es\/\",\"name\":\"Pressenza\",\"description\":\"International Press Agency\",\"publisher\":{\"@id\":\"https:\/\/www.pressenza.com\/es\/#organization\"},\"potentialAction\":[{\"@type\":\"SearchAction\",\"target\":{\"@type\":\"EntryPoint\",\"urlTemplate\":\"https:\/\/www.pressenza.com\/es\/?s={search_term_string}\"},\"query-input\":{\"@type\":\"PropertyValueSpecification\",\"valueRequired\":true,\"valueName\":\"search_term_string\"}}],\"inLanguage\":\"es\"},{\"@type\":\"Organization\",\"@id\":\"https:\/\/www.pressenza.com\/es\/#organization\",\"name\":\"Pressenza\",\"url\":\"https:\/\/www.pressenza.com\/es\/\",\"logo\":{\"@type\":\"ImageObject\",\"inLanguage\":\"es\",\"@id\":\"https:\/\/www.pressenza.com\/es\/#\/schema\/logo\/image\/\",\"url\":\"https:\/\/www.pressenza.com\/wp-content\/uploads\/2022\/10\/pressenza_logo_200x200.jpg\",\"contentUrl\":\"https:\/\/www.pressenza.com\/wp-content\/uploads\/2022\/10\/pressenza_logo_200x200.jpg\",\"width\":200,\"height\":200,\"caption\":\"Pressenza\"},\"image\":{\"@id\":\"https:\/\/www.pressenza.com\/es\/#\/schema\/logo\/image\/\"},\"sameAs\":[\"https:\/\/www.facebook.com\/PressenzaItalia\",\"https:\/\/x.com\/PressenzaIPA\"]},{\"@type\":\"Person\",\"@id\":\"https:\/\/www.pressenza.com\/es\/#\/schema\/person\/828fc40eeca2ad7be3630e5a46adba94\",\"name\":\"Redacci\u00f3n Madrid\",\"description\":\"News from the Pressenza Bureau in Madrid, Spain\",\"sameAs\":[\"https:\/\/www.facebook.com\/pressenza\",\"https:\/\/x.com\/pressenza\"],\"url\":\"https:\/\/www.pressenza.com\/es\/author\/redaccion-madrid\/\"}]}<\/script>\n<!-- \/ Yoast SEO plugin. -->","yoast_head_json":{"title":"\u201cNi Ayuso, ni nadie, puede decidir cu\u00e1ndo o c\u00f3mo muere alguien. Decirlo es obsceno\u201d","description":"Entrevista a Fernando Flores, redactor del Informe de la Comisi\u00f3n Ciudadana por la Verdad en las Residencias de Madrid Por Gorka Castillo\/ctxt Fernando","robots":{"index":"index","follow":"follow","max-snippet":"max-snippet:-1","max-image-preview":"max-image-preview:large","max-video-preview":"max-video-preview:-1"},"canonical":"https:\/\/www.pressenza.com\/es\/2024\/03\/ni-ayuso-ni-nadie-puede-decidir-cuando-o-como-muere-alguien-decirlo-es-obsceno\/","og_locale":"es_ES","og_type":"article","og_title":"\u201cNi Ayuso, ni nadie, puede decidir cu\u00e1ndo o c\u00f3mo muere alguien. Decirlo es obsceno\u201d","og_description":"Entrevista a Fernando Flores, redactor del Informe de la Comisi\u00f3n Ciudadana por la Verdad en las Residencias de Madrid Por Gorka Castillo\/ctxt Fernando","og_url":"https:\/\/www.pressenza.com\/es\/2024\/03\/ni-ayuso-ni-nadie-puede-decidir-cuando-o-como-muere-alguien-decirlo-es-obsceno\/","og_site_name":"Pressenza","article_publisher":"https:\/\/www.facebook.com\/PressenzaItalia","article_author":"https:\/\/www.facebook.com\/pressenza","article_published_time":"2024-03-28T23:28:52+00:00","og_image":[{"width":820,"height":547,"url":"https:\/\/www.pressenza.com\/wp-content\/uploads\/2024\/03\/Diaz-Ayuso-Comunidad-de-Madrid.jpg","type":"image\/jpeg"}],"author":"Redacci\u00f3n Madrid","twitter_card":"summary_large_image","twitter_creator":"@pressenza","twitter_site":"@PressenzaIPA","twitter_misc":{"Escrito por":"Redacci\u00f3n Madrid","Tiempo de lectura":"8 minutos"},"schema":{"@context":"https:\/\/schema.org","@graph":[{"@type":"Article","@id":"https:\/\/www.pressenza.com\/es\/2024\/03\/ni-ayuso-ni-nadie-puede-decidir-cuando-o-como-muere-alguien-decirlo-es-obsceno\/#article","isPartOf":{"@id":"https:\/\/www.pressenza.com\/es\/2024\/03\/ni-ayuso-ni-nadie-puede-decidir-cuando-o-como-muere-alguien-decirlo-es-obsceno\/"},"author":{"name":"Redacci\u00f3n Madrid","@id":"https:\/\/www.pressenza.com\/es\/#\/schema\/person\/828fc40eeca2ad7be3630e5a46adba94"},"headline":"\u201cNi Ayuso, ni nadie, puede decidir cu\u00e1ndo o c\u00f3mo muere alguien. Decirlo es obsceno\u201d","datePublished":"2024-03-28T23:28:52+00:00","mainEntityOfPage":{"@id":"https:\/\/www.pressenza.com\/es\/2024\/03\/ni-ayuso-ni-nadie-puede-decidir-cuando-o-como-muere-alguien-decirlo-es-obsceno\/"},"wordCount":1735,"publisher":{"@id":"https:\/\/www.pressenza.com\/es\/#organization"},"image":{"@id":"https:\/\/www.pressenza.com\/es\/2024\/03\/ni-ayuso-ni-nadie-puede-decidir-cuando-o-como-muere-alguien-decirlo-es-obsceno\/#primaryimage"},"thumbnailUrl":"https:\/\/www.pressenza.com\/wp-content\/uploads\/2024\/03\/Diaz-Ayuso-Comunidad-de-Madrid.jpg","keywords":["Ayuso","Comisi\u00f3n ciudadana por la verdad","Marea de residencias","residencias de Madrod"],"articleSection":["Derechos Humanos","Entrevistas","Europa","Pol\u00edtica","Salud"],"inLanguage":"es"},{"@type":"WebPage","@id":"https:\/\/www.pressenza.com\/es\/2024\/03\/ni-ayuso-ni-nadie-puede-decidir-cuando-o-como-muere-alguien-decirlo-es-obsceno\/","url":"https:\/\/www.pressenza.com\/es\/2024\/03\/ni-ayuso-ni-nadie-puede-decidir-cuando-o-como-muere-alguien-decirlo-es-obsceno\/","name":"\u201cNi Ayuso, ni nadie, puede decidir cu\u00e1ndo o c\u00f3mo muere alguien. Decirlo es obsceno\u201d","isPartOf":{"@id":"https:\/\/www.pressenza.com\/es\/#website"},"primaryImageOfPage":{"@id":"https:\/\/www.pressenza.com\/es\/2024\/03\/ni-ayuso-ni-nadie-puede-decidir-cuando-o-como-muere-alguien-decirlo-es-obsceno\/#primaryimage"},"image":{"@id":"https:\/\/www.pressenza.com\/es\/2024\/03\/ni-ayuso-ni-nadie-puede-decidir-cuando-o-como-muere-alguien-decirlo-es-obsceno\/#primaryimage"},"thumbnailUrl":"https:\/\/www.pressenza.com\/wp-content\/uploads\/2024\/03\/Diaz-Ayuso-Comunidad-de-Madrid.jpg","datePublished":"2024-03-28T23:28:52+00:00","description":"Entrevista a Fernando Flores, redactor del Informe de la Comisi\u00f3n Ciudadana por la Verdad en las Residencias de Madrid Por Gorka Castillo\/ctxt Fernando","breadcrumb":{"@id":"https:\/\/www.pressenza.com\/es\/2024\/03\/ni-ayuso-ni-nadie-puede-decidir-cuando-o-como-muere-alguien-decirlo-es-obsceno\/#breadcrumb"},"inLanguage":"es","potentialAction":[{"@type":"ReadAction","target":["https:\/\/www.pressenza.com\/es\/2024\/03\/ni-ayuso-ni-nadie-puede-decidir-cuando-o-como-muere-alguien-decirlo-es-obsceno\/"]}]},{"@type":"ImageObject","inLanguage":"es","@id":"https:\/\/www.pressenza.com\/es\/2024\/03\/ni-ayuso-ni-nadie-puede-decidir-cuando-o-como-muere-alguien-decirlo-es-obsceno\/#primaryimage","url":"https:\/\/www.pressenza.com\/wp-content\/uploads\/2024\/03\/Diaz-Ayuso-Comunidad-de-Madrid.jpg","contentUrl":"https:\/\/www.pressenza.com\/wp-content\/uploads\/2024\/03\/Diaz-Ayuso-Comunidad-de-Madrid.jpg","width":820,"height":547},{"@type":"BreadcrumbList","@id":"https:\/\/www.pressenza.com\/es\/2024\/03\/ni-ayuso-ni-nadie-puede-decidir-cuando-o-como-muere-alguien-decirlo-es-obsceno\/#breadcrumb","itemListElement":[{"@type":"ListItem","position":1,"name":"Accueil","item":"https:\/\/www.pressenza.com\/es\/"},{"@type":"ListItem","position":2,"name":"\u201cNi Ayuso, ni nadie, puede decidir cu\u00e1ndo o c\u00f3mo muere alguien. Decirlo es obsceno\u201d"}]},{"@type":"WebSite","@id":"https:\/\/www.pressenza.com\/es\/#website","url":"https:\/\/www.pressenza.com\/es\/","name":"Pressenza","description":"International Press Agency","publisher":{"@id":"https:\/\/www.pressenza.com\/es\/#organization"},"potentialAction":[{"@type":"SearchAction","target":{"@type":"EntryPoint","urlTemplate":"https:\/\/www.pressenza.com\/es\/?s={search_term_string}"},"query-input":{"@type":"PropertyValueSpecification","valueRequired":true,"valueName":"search_term_string"}}],"inLanguage":"es"},{"@type":"Organization","@id":"https:\/\/www.pressenza.com\/es\/#organization","name":"Pressenza","url":"https:\/\/www.pressenza.com\/es\/","logo":{"@type":"ImageObject","inLanguage":"es","@id":"https:\/\/www.pressenza.com\/es\/#\/schema\/logo\/image\/","url":"https:\/\/www.pressenza.com\/wp-content\/uploads\/2022\/10\/pressenza_logo_200x200.jpg","contentUrl":"https:\/\/www.pressenza.com\/wp-content\/uploads\/2022\/10\/pressenza_logo_200x200.jpg","width":200,"height":200,"caption":"Pressenza"},"image":{"@id":"https:\/\/www.pressenza.com\/es\/#\/schema\/logo\/image\/"},"sameAs":["https:\/\/www.facebook.com\/PressenzaItalia","https:\/\/x.com\/PressenzaIPA"]},{"@type":"Person","@id":"https:\/\/www.pressenza.com\/es\/#\/schema\/person\/828fc40eeca2ad7be3630e5a46adba94","name":"Redacci\u00f3n Madrid","description":"News from the Pressenza Bureau in Madrid, Spain","sameAs":["https:\/\/www.facebook.com\/pressenza","https:\/\/x.com\/pressenza"],"url":"https:\/\/www.pressenza.com\/es\/author\/redaccion-madrid\/"}]}},"place":"Espa\u00f1a","original_article_url":"https:\/\/ctxt.es\/es\/20240301\/Politica\/45920\/fernando-flores-comision-ciudadana-por-la-verdad-entrevista-residencias-madrid-gorka-castillo-ayuso-ancianos-covid.htm","_links":{"self":[{"href":"https:\/\/www.pressenza.com\/es\/wp-json\/wp\/v2\/posts\/1835284","targetHints":{"allow":["GET"]}}],"collection":[{"href":"https:\/\/www.pressenza.com\/es\/wp-json\/wp\/v2\/posts"}],"about":[{"href":"https:\/\/www.pressenza.com\/es\/wp-json\/wp\/v2\/types\/post"}],"author":[{"embeddable":true,"href":"https:\/\/www.pressenza.com\/es\/wp-json\/wp\/v2\/users\/94"}],"replies":[{"embeddable":true,"href":"https:\/\/www.pressenza.com\/es\/wp-json\/wp\/v2\/comments?post=1835284"}],"version-history":[{"count":0,"href":"https:\/\/www.pressenza.com\/es\/wp-json\/wp\/v2\/posts\/1835284\/revisions"}],"wp:featuredmedia":[{"embeddable":true,"href":"https:\/\/www.pressenza.com\/es\/wp-json\/wp\/v2\/media\/1835285"}],"wp:attachment":[{"href":"https:\/\/www.pressenza.com\/es\/wp-json\/wp\/v2\/media?parent=1835284"}],"wp:term":[{"taxonomy":"category","embeddable":true,"href":"https:\/\/www.pressenza.com\/es\/wp-json\/wp\/v2\/categories?post=1835284"},{"taxonomy":"post_tag","embeddable":true,"href":"https:\/\/www.pressenza.com\/es\/wp-json\/wp\/v2\/tags?post=1835284"}],"curies":[{"name":"wp","href":"https:\/\/api.w.org\/{rel}","templated":true}]}}