{"id":1835253,"date":"2024-03-28T22:02:04","date_gmt":"2024-03-28T22:02:04","guid":{"rendered":"https:\/\/www.pressenza.com\/?p=1835253"},"modified":"2024-03-28T22:02:04","modified_gmt":"2024-03-28T22:02:04","slug":"tras-ocupacion-por-mujeres-sin-tierra-cientos-de-familias-podrian-obtener-asentamientos-permanentes-en-minas-gerais","status":"publish","type":"post","link":"https:\/\/www.pressenza.com\/es\/2024\/03\/tras-ocupacion-por-mujeres-sin-tierra-cientos-de-familias-podrian-obtener-asentamientos-permanentes-en-minas-gerais\/","title":{"rendered":"Tras ocupaci\u00f3n por mujeres sin tierra, cientos de familias podr\u00edan obtener asentamientos permanentes en Minas Gerais"},"content":{"rendered":"<p style=\"padding-left: 40px;\">Los campamentos de Campo do Meio y Felisburgo podr\u00edan regularizarse.<\/p>\n<p style=\"padding-left: 40px;\">Por Ana Carolina Vasconcelos\/Traducci\u00f3n de Pressenza<\/p>\n<p>Adem\u00e1s de intensificar el debate sobre la reforma agraria en Minas Gerais, la ocupaci\u00f3n de las mujeres sin tierra en Lagoa Santa trajo victorias concretas que superan los l\u00edmites de los municipios de la Regi\u00f3n Metropolitana de Belo Horizonte (RMBH).<\/p>\n<p>La movilizaci\u00f3n de las m\u00e1s de 500 familias que acamparon en la estancia Aroeiras entre el 8 y el 20 de marzo consigui\u00f3 el compromiso del Instituto Nacional de Colonizaci\u00f3n y Reforma Agraria (Incra) de regularizar \u00e1reas hist\u00f3ricas ocupadas por el <span style=\"text-decoration: underline;\"><a href=\"https:\/\/mst.org.br\/espanol\/\" target=\"_blank\" rel=\"noopener\">Movimiento de los Trabajadores Rurales Sin Tierra (MST)<\/a><\/span>, como los campamentos Quilombo Campo Grande y Terra Prometida, en Campo do Meio y Felisburgo, respectivamente.<\/p>\n<p>\u00abLa promesa de regularizar nuestras zonas de acampe es una gran victoria. Mientras [Romeu] Zema\u00b9 quiere entregar la tierra a la miner\u00eda y la especulaci\u00f3n inmobiliaria, nosotros luchamos para que esta tierra vuelva a ser productiva. En Lagoa Santa, donde la tierra que ya estaba dura porque llevaba casi una d\u00e9cada abandonada, conseguimos construir un huerto agroecol\u00f3gico en s\u00f3lo 14 d\u00edas\u00bb, explica Ana Cl\u00e1udia de Resende Silva, militante del MST y residente del campamento Zequinha Nunes, en S\u00e3o Joaquim de Bicas, en la RMBH.<\/p>\n<h3><strong>Casi 30 a\u00f1os de resistencia en el Quilombo Campo Grande <\/strong><\/h3>\n<p>El compromiso del <a href=\"https:\/\/www.brasildefato.com.br\/2024\/03\/08\/mulheres-camponesas-ocupam-sedes-do-incra-e-cobram-retomada-de-orcamento-para-a-reforma-agraria\" target=\"_blank\" rel=\"noopener\"><span style=\"text-decoration: underline;\">Incra\u00b2<\/span><\/a> represent\u00f3 una se\u00f1al importante para las m\u00e1s de 400 familias de los 11 campamentos que componen el Quilombo Campo Grande, en el sur de Minas. Llevan 26 a\u00f1os ocupando los terrenos de la antigua f\u00e1brica de ca\u00f1a de az\u00facar Ariadn\u00f3polis, que quebr\u00f3 en 1996 dejando deudas con el Estado y los trabajadores.<\/p>\n<p>Durante ese tiempo, los acampados se han enfrentado a 12 intentos de desalojo. El \u00faltimo, que tuvo lugar en 2020, en plena pandemia de covid-19, dur\u00f3 aproximadamente 60 horas y dej\u00f3 un rastro de destrucci\u00f3n que ni siquiera perdon\u00f3 a la <a href=\"https:\/\/www.brasildefato.com.br\/2023\/03\/13\/forca-popular-e-motor-para-reconstrucao-da-escola-eduardo-galeano-no-quilombo-campo-grande\" target=\"_blank\" rel=\"noopener\"><span style=\"text-decoration: underline;\">Escuela Popular Eduardo Galeano<\/span><\/a>, construida por el MST con el objetivo de alfabetizar a ni\u00f1os y adolescentes de la regi\u00f3n.<\/p>\n<p>A\u00fan as\u00ed, las zonas ocupadas por el movimiento en el sur de Minas Gerais se consideran una referencia nacional por su cuidado de la tierra y la alta productividad de los campamentos, que actualmente cuentan, por ejemplo, con m\u00e1s de 2 millones de plantas de caf\u00e9 y son responsables por la producci\u00f3n del famoso caf\u00e9 agroecol\u00f3gico Gua\u00ed.<\/p>\n<p>Tu\u00edra Tule, integrante del campamento del Quilombo Campo Grande y miembro de la direcci\u00f3n nacional del MST, destaca que el reconocimiento del Estado ser\u00e1 fundamental para que las familias puedan trabajar y proteger la tierra.<\/p>\n<p>\u00abYa plantamos m\u00e1s de 150.000 \u00e1rboles en esta tierra. Antes, aqu\u00ed no se produc\u00eda nada, ni siquiera ca\u00f1a de az\u00facar. Hoy tenemos m\u00e1s de 160 tipos diferentes de alimentos. Pero los pasos importantes que dimos para organizar la producci\u00f3n fueron sin ninguna subvenci\u00f3n del Estado brasilero. En estos 26 a\u00f1os, todo lo que constru\u00edmos fue a partir de la resistencia de los quien est\u00e1 en el campo y quien est\u00e1 en las ciudades\u00bb, afirma.<\/p>\n<p>\u00abCon la consolidaci\u00f3n del asentamiento Quilombo Campo Grande, podremos pasar a existir ante el Estado brasilero y obtener reconocimiento no solo de la posesi\u00f3n de la tierra, sino tambi\u00e9n de toda nuestra producci\u00f3n y organizaci\u00f3n. Tenemos m\u00e1s de 100 familias que a\u00fan no tienen electricidad, por ejemplo\u00bb, a\u00f1ade Tu\u00edra.<\/p>\n<p>La l\u00edder del MST tambi\u00e9n argumenta que, adem\u00e1s del reconocimiento institucional, al asentarse definitivamente, las familias podr\u00e1n acceder a derechos que, desde el campamento, todav\u00eda no tienen.<\/p>\n<p>\u00abEs la casa, la calle, la infraestructura de agua, la asistencia t\u00e9cnica, el cr\u00e9dito y otros derechos que son fundamentales para que podamos desarrollarnos y producir a\u00fan m\u00e1s y con calidad, aumentando el volumen de producci\u00f3n, garantiz\u00e1ndonos una vida digna basada en nuestro trabajo, pero tambi\u00e9n asegur\u00e1ndonos que los alimentos lleguen a quienes m\u00e1s los necesitan\u00bb, explica.<\/p>\n<p>\u00abTambi\u00e9n podremos superar el fantasma del desalojo, que todav\u00eda nos persigue. Durante estos 26 a\u00f1os, nos quitaron muchas veces nuestras casas y nuestros productos, y tiraron abajo nuestros \u00e1rboles. Nuestra escuela fue derrumbada\u00bb, concluye Tu\u00edra.<\/p>\n<h3>El asentamiento definitivo es respuesta a la masacre de Felisburgo<\/h3>\n<p>En la regi\u00f3n del Valle de Jequitinhonha, quienes acampan en Terra Prometida tienen las mismas expectativas tras el acuerdo con el Incra.<\/p>\n<p>Desde 2002, cuando 230 familias ocuparon la antigua estancia Nova Alegria, la disputa por la tierra se ha convertido en una de las m\u00e1s conocidas del pa\u00eds. Tras dos a\u00f1os de batallas legales y amenazas del terrateniente y empresario Adriano Chafik Luedy, cinco militantes sin tierra fueron asesinados y otros 20 resultaron heridos en lo que se conoci\u00f3 como la \u00abMasacre de Felisburgo\u00bb.<\/p>\n<p>Desde entonces, en todo el pa\u00eds, el MST ha esgrimido el lema \u00abmataron a cinco sin tierra, pero seguiremos adelante\u00bb, afirmando que las luchas organizadas por los trabajadores de hoy tambi\u00e9n responden a quienes perdieron la vida en pos del derecho a la tierra.<\/p>\n<p>Kelly Gomes, una de las sobrevivientes de la masacre, subraya que entre las familias que siguen all\u00ed, el imperativo es la obstinaci\u00f3n.<\/p>\n<p>\u00abLa tozudez de seguir produciendo alimentos sanos, de decir que la tierra tiene que cumplir su funci\u00f3n social, de construir la autoorganizaci\u00f3n popular. Son familias que sue\u00f1an con quedarse en esta tierra y se vienen desafiando a producir con dignidad. Soy madre de tres hijos que nacieron aqu\u00ed y estoy muy orgullosa de decir que en este territorio producimos libertad y dignidad\u00bb, afirma la campista de Terra Prometida.<\/p>\n<p>\u00abMis hijos crecen aqu\u00ed con una vida totalmente diferente a la de mis padres, sin ser explotados por los estancieros. La masacre tiene mucho peso porque nunca se va de nuestra memoria y nos trae una tristeza muy fuerte, pero la tierra necesita cumplir su funci\u00f3n social, que es producir alimentos sanos. Tenemos que tomar posesi\u00f3n de esta tierra porque es nuestro derecho y tambi\u00e9n el de nuestros cinco compa\u00f1eros\u00bb, concluye Kelly.<\/p>\n<hr \/>\n<p>\u00b9 Gobernador del estado de Minas Gerais<br \/>\n\u00b2 Instituto Nacional de Colonizaci\u00f3n y Reforma Agraria<\/p>\n","protected":false},"excerpt":{"rendered":"<p>Los campamentos de Campo do Meio y Felisburgo podr\u00edan regularizarse. Por Ana Carolina Vasconcelos\/Traducci\u00f3n de Pressenza Adem\u00e1s de intensificar el debate sobre la reforma agraria en Minas Gerais, la ocupaci\u00f3n de las mujeres sin tierra en Lagoa Santa trajo victorias&hellip;<\/p>\n","protected":false},"author":1685,"featured_media":1835254,"comment_status":"closed","ping_status":"closed","sticky":false,"template":"","format":"standard","meta":{"footnotes":""},"categories":[79,78,106740,67],"tags":[55348,2749,63209,18507,121425],"class_list":["post-1835253","post","type-post","status-publish","format-standard","has-post-thumbnail","hentry","category-derechos-humanos","category-medio-ambiente-ecologia","category-reportaje","category-sudamerica","tag-agroecologia-es","tag-brasil-es","tag-mst-es","tag-territorios","tag-trabajadore-sin-tierra"],"yoast_head":"<!-- This site is optimized with the Yoast SEO plugin v27.1.1 - https:\/\/yoast.com\/product\/yoast-seo-wordpress\/ -->\n<title>Tras ocupaci\u00f3n por mujeres sin tierra, cientos de familias podr\u00edan obtener asentamientos permanentes en Minas Gerais<\/title>\n<meta name=\"description\" content=\"Los campamentos de Campo do Meio y Felisburgo podr\u00edan regularizarse. Por Ana Carolina Vasconcelos\/Traducci\u00f3n de Pressenza Adem\u00e1s de intensificar el debate\" \/>\n<meta name=\"robots\" content=\"index, follow, max-snippet:-1, max-image-preview:large, max-video-preview:-1\" \/>\n<link rel=\"canonical\" href=\"https:\/\/www.pressenza.com\/es\/2024\/03\/tras-ocupacion-por-mujeres-sin-tierra-cientos-de-familias-podrian-obtener-asentamientos-permanentes-en-minas-gerais\/\" \/>\n<meta property=\"og:locale\" content=\"es_ES\" \/>\n<meta property=\"og:type\" content=\"article\" \/>\n<meta property=\"og:title\" content=\"Tras ocupaci\u00f3n por mujeres sin tierra, cientos de familias podr\u00edan obtener asentamientos permanentes en Minas Gerais\" \/>\n<meta property=\"og:description\" content=\"Los campamentos de Campo do Meio y Felisburgo podr\u00edan regularizarse. Por Ana Carolina Vasconcelos\/Traducci\u00f3n de Pressenza Adem\u00e1s de intensificar el debate\" \/>\n<meta property=\"og:url\" content=\"https:\/\/www.pressenza.com\/es\/2024\/03\/tras-ocupacion-por-mujeres-sin-tierra-cientos-de-familias-podrian-obtener-asentamientos-permanentes-en-minas-gerais\/\" \/>\n<meta property=\"og:site_name\" content=\"Pressenza\" \/>\n<meta property=\"article:publisher\" content=\"https:\/\/www.facebook.com\/PressenzaItalia\" \/>\n<meta property=\"article:published_time\" content=\"2024-03-28T22:02:04+00:00\" \/>\n<meta property=\"og:image\" content=\"https:\/\/www.pressenza.com\/wp-content\/uploads\/2024\/03\/MST-Rafa-Stedile-BdF.png\" \/>\n\t<meta property=\"og:image:width\" content=\"820\" \/>\n\t<meta property=\"og:image:height\" content=\"546\" \/>\n\t<meta property=\"og:image:type\" content=\"image\/png\" \/>\n<meta name=\"author\" content=\"Reda\u00e7\u00e3o Rio de Janeiro\" \/>\n<meta name=\"twitter:card\" content=\"summary_large_image\" \/>\n<meta name=\"twitter:creator\" content=\"@PressenzaIPA\" \/>\n<meta name=\"twitter:site\" content=\"@PressenzaIPA\" \/>\n<meta name=\"twitter:label1\" content=\"Escrito por\" \/>\n\t<meta name=\"twitter:data1\" content=\"Reda\u00e7\u00e3o Rio de Janeiro\" \/>\n\t<meta name=\"twitter:label2\" content=\"Tiempo de lectura\" \/>\n\t<meta name=\"twitter:data2\" content=\"5 minutos\" \/>\n<script type=\"application\/ld+json\" class=\"yoast-schema-graph\">{\"@context\":\"https:\/\/schema.org\",\"@graph\":[{\"@type\":\"Article\",\"@id\":\"https:\/\/www.pressenza.com\/es\/2024\/03\/tras-ocupacion-por-mujeres-sin-tierra-cientos-de-familias-podrian-obtener-asentamientos-permanentes-en-minas-gerais\/#article\",\"isPartOf\":{\"@id\":\"https:\/\/www.pressenza.com\/es\/2024\/03\/tras-ocupacion-por-mujeres-sin-tierra-cientos-de-familias-podrian-obtener-asentamientos-permanentes-en-minas-gerais\/\"},\"author\":{\"name\":\"Reda\u00e7\u00e3o Rio de Janeiro\",\"@id\":\"https:\/\/www.pressenza.com\/es\/#\/schema\/person\/6925e927f8ff3a0cdb838320c5d12259\"},\"headline\":\"Tras ocupaci\u00f3n por mujeres sin tierra, cientos de familias podr\u00edan obtener asentamientos permanentes en Minas Gerais\",\"datePublished\":\"2024-03-28T22:02:04+00:00\",\"mainEntityOfPage\":{\"@id\":\"https:\/\/www.pressenza.com\/es\/2024\/03\/tras-ocupacion-por-mujeres-sin-tierra-cientos-de-familias-podrian-obtener-asentamientos-permanentes-en-minas-gerais\/\"},\"wordCount\":1064,\"publisher\":{\"@id\":\"https:\/\/www.pressenza.com\/es\/#organization\"},\"image\":{\"@id\":\"https:\/\/www.pressenza.com\/es\/2024\/03\/tras-ocupacion-por-mujeres-sin-tierra-cientos-de-familias-podrian-obtener-asentamientos-permanentes-en-minas-gerais\/#primaryimage\"},\"thumbnailUrl\":\"https:\/\/www.pressenza.com\/wp-content\/uploads\/2024\/03\/MST-Rafa-Stedile-BdF.png\",\"keywords\":[\"agroecologia\",\"Brasil\",\"MST\",\"territorios\",\"trabajadore sin tierra\"],\"articleSection\":[\"Derechos Humanos\",\"Ecolog\u00eda y Medio Ambiente\",\"Reportaje\",\"Sudam\u00e9rica\"],\"inLanguage\":\"es\"},{\"@type\":\"WebPage\",\"@id\":\"https:\/\/www.pressenza.com\/es\/2024\/03\/tras-ocupacion-por-mujeres-sin-tierra-cientos-de-familias-podrian-obtener-asentamientos-permanentes-en-minas-gerais\/\",\"url\":\"https:\/\/www.pressenza.com\/es\/2024\/03\/tras-ocupacion-por-mujeres-sin-tierra-cientos-de-familias-podrian-obtener-asentamientos-permanentes-en-minas-gerais\/\",\"name\":\"Tras ocupaci\u00f3n por mujeres sin tierra, cientos de familias podr\u00edan obtener asentamientos permanentes en Minas Gerais\",\"isPartOf\":{\"@id\":\"https:\/\/www.pressenza.com\/es\/#website\"},\"primaryImageOfPage\":{\"@id\":\"https:\/\/www.pressenza.com\/es\/2024\/03\/tras-ocupacion-por-mujeres-sin-tierra-cientos-de-familias-podrian-obtener-asentamientos-permanentes-en-minas-gerais\/#primaryimage\"},\"image\":{\"@id\":\"https:\/\/www.pressenza.com\/es\/2024\/03\/tras-ocupacion-por-mujeres-sin-tierra-cientos-de-familias-podrian-obtener-asentamientos-permanentes-en-minas-gerais\/#primaryimage\"},\"thumbnailUrl\":\"https:\/\/www.pressenza.com\/wp-content\/uploads\/2024\/03\/MST-Rafa-Stedile-BdF.png\",\"datePublished\":\"2024-03-28T22:02:04+00:00\",\"description\":\"Los campamentos de Campo do Meio y Felisburgo podr\u00edan regularizarse. Por Ana Carolina Vasconcelos\/Traducci\u00f3n de Pressenza Adem\u00e1s de intensificar el debate\",\"breadcrumb\":{\"@id\":\"https:\/\/www.pressenza.com\/es\/2024\/03\/tras-ocupacion-por-mujeres-sin-tierra-cientos-de-familias-podrian-obtener-asentamientos-permanentes-en-minas-gerais\/#breadcrumb\"},\"inLanguage\":\"es\",\"potentialAction\":[{\"@type\":\"ReadAction\",\"target\":[\"https:\/\/www.pressenza.com\/es\/2024\/03\/tras-ocupacion-por-mujeres-sin-tierra-cientos-de-familias-podrian-obtener-asentamientos-permanentes-en-minas-gerais\/\"]}]},{\"@type\":\"ImageObject\",\"inLanguage\":\"es\",\"@id\":\"https:\/\/www.pressenza.com\/es\/2024\/03\/tras-ocupacion-por-mujeres-sin-tierra-cientos-de-familias-podrian-obtener-asentamientos-permanentes-en-minas-gerais\/#primaryimage\",\"url\":\"https:\/\/www.pressenza.com\/wp-content\/uploads\/2024\/03\/MST-Rafa-Stedile-BdF.png\",\"contentUrl\":\"https:\/\/www.pressenza.com\/wp-content\/uploads\/2024\/03\/MST-Rafa-Stedile-BdF.png\",\"width\":820,\"height\":546,\"caption\":\"La ocupaci\u00f3n de mujeres sin tierra en Lagoa Santa (Minas Gerais), revitaliz\u00f3 el debate sobre la reforma agraria.\"},{\"@type\":\"BreadcrumbList\",\"@id\":\"https:\/\/www.pressenza.com\/es\/2024\/03\/tras-ocupacion-por-mujeres-sin-tierra-cientos-de-familias-podrian-obtener-asentamientos-permanentes-en-minas-gerais\/#breadcrumb\",\"itemListElement\":[{\"@type\":\"ListItem\",\"position\":1,\"name\":\"Accueil\",\"item\":\"https:\/\/www.pressenza.com\/es\/\"},{\"@type\":\"ListItem\",\"position\":2,\"name\":\"Tras ocupaci\u00f3n por mujeres sin tierra, cientos de familias podr\u00edan obtener asentamientos permanentes en Minas Gerais\"}]},{\"@type\":\"WebSite\",\"@id\":\"https:\/\/www.pressenza.com\/es\/#website\",\"url\":\"https:\/\/www.pressenza.com\/es\/\",\"name\":\"Pressenza\",\"description\":\"International Press Agency\",\"publisher\":{\"@id\":\"https:\/\/www.pressenza.com\/es\/#organization\"},\"potentialAction\":[{\"@type\":\"SearchAction\",\"target\":{\"@type\":\"EntryPoint\",\"urlTemplate\":\"https:\/\/www.pressenza.com\/es\/?s={search_term_string}\"},\"query-input\":{\"@type\":\"PropertyValueSpecification\",\"valueRequired\":true,\"valueName\":\"search_term_string\"}}],\"inLanguage\":\"es\"},{\"@type\":\"Organization\",\"@id\":\"https:\/\/www.pressenza.com\/es\/#organization\",\"name\":\"Pressenza\",\"url\":\"https:\/\/www.pressenza.com\/es\/\",\"logo\":{\"@type\":\"ImageObject\",\"inLanguage\":\"es\",\"@id\":\"https:\/\/www.pressenza.com\/es\/#\/schema\/logo\/image\/\",\"url\":\"https:\/\/www.pressenza.com\/wp-content\/uploads\/2022\/10\/pressenza_logo_200x200.jpg\",\"contentUrl\":\"https:\/\/www.pressenza.com\/wp-content\/uploads\/2022\/10\/pressenza_logo_200x200.jpg\",\"width\":200,\"height\":200,\"caption\":\"Pressenza\"},\"image\":{\"@id\":\"https:\/\/www.pressenza.com\/es\/#\/schema\/logo\/image\/\"},\"sameAs\":[\"https:\/\/www.facebook.com\/PressenzaItalia\",\"https:\/\/x.com\/PressenzaIPA\"]},{\"@type\":\"Person\",\"@id\":\"https:\/\/www.pressenza.com\/es\/#\/schema\/person\/6925e927f8ff3a0cdb838320c5d12259\",\"name\":\"Reda\u00e7\u00e3o Rio de Janeiro\",\"description\":\"News published by the Pressenza bureau in Rio de Janeiro, Brazil\",\"url\":\"https:\/\/www.pressenza.com\/es\/author\/redacao-rio-de-janeiro\/\"}]}<\/script>\n<!-- \/ Yoast SEO plugin. -->","yoast_head_json":{"title":"Tras ocupaci\u00f3n por mujeres sin tierra, cientos de familias podr\u00edan obtener asentamientos permanentes en Minas Gerais","description":"Los campamentos de Campo do Meio y Felisburgo podr\u00edan regularizarse. Por Ana Carolina Vasconcelos\/Traducci\u00f3n de Pressenza Adem\u00e1s de intensificar el debate","robots":{"index":"index","follow":"follow","max-snippet":"max-snippet:-1","max-image-preview":"max-image-preview:large","max-video-preview":"max-video-preview:-1"},"canonical":"https:\/\/www.pressenza.com\/es\/2024\/03\/tras-ocupacion-por-mujeres-sin-tierra-cientos-de-familias-podrian-obtener-asentamientos-permanentes-en-minas-gerais\/","og_locale":"es_ES","og_type":"article","og_title":"Tras ocupaci\u00f3n por mujeres sin tierra, cientos de familias podr\u00edan obtener asentamientos permanentes en Minas Gerais","og_description":"Los campamentos de Campo do Meio y Felisburgo podr\u00edan regularizarse. Por Ana Carolina Vasconcelos\/Traducci\u00f3n de Pressenza Adem\u00e1s de intensificar el debate","og_url":"https:\/\/www.pressenza.com\/es\/2024\/03\/tras-ocupacion-por-mujeres-sin-tierra-cientos-de-familias-podrian-obtener-asentamientos-permanentes-en-minas-gerais\/","og_site_name":"Pressenza","article_publisher":"https:\/\/www.facebook.com\/PressenzaItalia","article_published_time":"2024-03-28T22:02:04+00:00","og_image":[{"width":820,"height":546,"url":"https:\/\/www.pressenza.com\/wp-content\/uploads\/2024\/03\/MST-Rafa-Stedile-BdF.png","type":"image\/png"}],"author":"Reda\u00e7\u00e3o Rio de Janeiro","twitter_card":"summary_large_image","twitter_creator":"@PressenzaIPA","twitter_site":"@PressenzaIPA","twitter_misc":{"Escrito por":"Reda\u00e7\u00e3o Rio de Janeiro","Tiempo de lectura":"5 minutos"},"schema":{"@context":"https:\/\/schema.org","@graph":[{"@type":"Article","@id":"https:\/\/www.pressenza.com\/es\/2024\/03\/tras-ocupacion-por-mujeres-sin-tierra-cientos-de-familias-podrian-obtener-asentamientos-permanentes-en-minas-gerais\/#article","isPartOf":{"@id":"https:\/\/www.pressenza.com\/es\/2024\/03\/tras-ocupacion-por-mujeres-sin-tierra-cientos-de-familias-podrian-obtener-asentamientos-permanentes-en-minas-gerais\/"},"author":{"name":"Reda\u00e7\u00e3o Rio de Janeiro","@id":"https:\/\/www.pressenza.com\/es\/#\/schema\/person\/6925e927f8ff3a0cdb838320c5d12259"},"headline":"Tras ocupaci\u00f3n por mujeres sin tierra, cientos de familias podr\u00edan obtener asentamientos permanentes en Minas Gerais","datePublished":"2024-03-28T22:02:04+00:00","mainEntityOfPage":{"@id":"https:\/\/www.pressenza.com\/es\/2024\/03\/tras-ocupacion-por-mujeres-sin-tierra-cientos-de-familias-podrian-obtener-asentamientos-permanentes-en-minas-gerais\/"},"wordCount":1064,"publisher":{"@id":"https:\/\/www.pressenza.com\/es\/#organization"},"image":{"@id":"https:\/\/www.pressenza.com\/es\/2024\/03\/tras-ocupacion-por-mujeres-sin-tierra-cientos-de-familias-podrian-obtener-asentamientos-permanentes-en-minas-gerais\/#primaryimage"},"thumbnailUrl":"https:\/\/www.pressenza.com\/wp-content\/uploads\/2024\/03\/MST-Rafa-Stedile-BdF.png","keywords":["agroecologia","Brasil","MST","territorios","trabajadore sin tierra"],"articleSection":["Derechos Humanos","Ecolog\u00eda y Medio Ambiente","Reportaje","Sudam\u00e9rica"],"inLanguage":"es"},{"@type":"WebPage","@id":"https:\/\/www.pressenza.com\/es\/2024\/03\/tras-ocupacion-por-mujeres-sin-tierra-cientos-de-familias-podrian-obtener-asentamientos-permanentes-en-minas-gerais\/","url":"https:\/\/www.pressenza.com\/es\/2024\/03\/tras-ocupacion-por-mujeres-sin-tierra-cientos-de-familias-podrian-obtener-asentamientos-permanentes-en-minas-gerais\/","name":"Tras ocupaci\u00f3n por mujeres sin tierra, cientos de familias podr\u00edan obtener asentamientos permanentes en Minas Gerais","isPartOf":{"@id":"https:\/\/www.pressenza.com\/es\/#website"},"primaryImageOfPage":{"@id":"https:\/\/www.pressenza.com\/es\/2024\/03\/tras-ocupacion-por-mujeres-sin-tierra-cientos-de-familias-podrian-obtener-asentamientos-permanentes-en-minas-gerais\/#primaryimage"},"image":{"@id":"https:\/\/www.pressenza.com\/es\/2024\/03\/tras-ocupacion-por-mujeres-sin-tierra-cientos-de-familias-podrian-obtener-asentamientos-permanentes-en-minas-gerais\/#primaryimage"},"thumbnailUrl":"https:\/\/www.pressenza.com\/wp-content\/uploads\/2024\/03\/MST-Rafa-Stedile-BdF.png","datePublished":"2024-03-28T22:02:04+00:00","description":"Los campamentos de Campo do Meio y Felisburgo podr\u00edan regularizarse. Por Ana Carolina Vasconcelos\/Traducci\u00f3n de Pressenza Adem\u00e1s de intensificar el debate","breadcrumb":{"@id":"https:\/\/www.pressenza.com\/es\/2024\/03\/tras-ocupacion-por-mujeres-sin-tierra-cientos-de-familias-podrian-obtener-asentamientos-permanentes-en-minas-gerais\/#breadcrumb"},"inLanguage":"es","potentialAction":[{"@type":"ReadAction","target":["https:\/\/www.pressenza.com\/es\/2024\/03\/tras-ocupacion-por-mujeres-sin-tierra-cientos-de-familias-podrian-obtener-asentamientos-permanentes-en-minas-gerais\/"]}]},{"@type":"ImageObject","inLanguage":"es","@id":"https:\/\/www.pressenza.com\/es\/2024\/03\/tras-ocupacion-por-mujeres-sin-tierra-cientos-de-familias-podrian-obtener-asentamientos-permanentes-en-minas-gerais\/#primaryimage","url":"https:\/\/www.pressenza.com\/wp-content\/uploads\/2024\/03\/MST-Rafa-Stedile-BdF.png","contentUrl":"https:\/\/www.pressenza.com\/wp-content\/uploads\/2024\/03\/MST-Rafa-Stedile-BdF.png","width":820,"height":546,"caption":"La ocupaci\u00f3n de mujeres sin tierra en Lagoa Santa (Minas Gerais), revitaliz\u00f3 el debate sobre la reforma agraria."},{"@type":"BreadcrumbList","@id":"https:\/\/www.pressenza.com\/es\/2024\/03\/tras-ocupacion-por-mujeres-sin-tierra-cientos-de-familias-podrian-obtener-asentamientos-permanentes-en-minas-gerais\/#breadcrumb","itemListElement":[{"@type":"ListItem","position":1,"name":"Accueil","item":"https:\/\/www.pressenza.com\/es\/"},{"@type":"ListItem","position":2,"name":"Tras ocupaci\u00f3n por mujeres sin tierra, cientos de familias podr\u00edan obtener asentamientos permanentes en Minas Gerais"}]},{"@type":"WebSite","@id":"https:\/\/www.pressenza.com\/es\/#website","url":"https:\/\/www.pressenza.com\/es\/","name":"Pressenza","description":"International Press Agency","publisher":{"@id":"https:\/\/www.pressenza.com\/es\/#organization"},"potentialAction":[{"@type":"SearchAction","target":{"@type":"EntryPoint","urlTemplate":"https:\/\/www.pressenza.com\/es\/?s={search_term_string}"},"query-input":{"@type":"PropertyValueSpecification","valueRequired":true,"valueName":"search_term_string"}}],"inLanguage":"es"},{"@type":"Organization","@id":"https:\/\/www.pressenza.com\/es\/#organization","name":"Pressenza","url":"https:\/\/www.pressenza.com\/es\/","logo":{"@type":"ImageObject","inLanguage":"es","@id":"https:\/\/www.pressenza.com\/es\/#\/schema\/logo\/image\/","url":"https:\/\/www.pressenza.com\/wp-content\/uploads\/2022\/10\/pressenza_logo_200x200.jpg","contentUrl":"https:\/\/www.pressenza.com\/wp-content\/uploads\/2022\/10\/pressenza_logo_200x200.jpg","width":200,"height":200,"caption":"Pressenza"},"image":{"@id":"https:\/\/www.pressenza.com\/es\/#\/schema\/logo\/image\/"},"sameAs":["https:\/\/www.facebook.com\/PressenzaItalia","https:\/\/x.com\/PressenzaIPA"]},{"@type":"Person","@id":"https:\/\/www.pressenza.com\/es\/#\/schema\/person\/6925e927f8ff3a0cdb838320c5d12259","name":"Reda\u00e7\u00e3o Rio de Janeiro","description":"News published by the Pressenza bureau in Rio de Janeiro, Brazil","url":"https:\/\/www.pressenza.com\/es\/author\/redacao-rio-de-janeiro\/"}]}},"place":"Brasil de Fato, Brasil","original_article_url":"https:\/\/www.brasildefato.com.br\/2024\/03\/28\/apos-ocupacao-de-mulheres-sem-terra-centenas-de-familias-podem-ter-assentamento-definitivo-em-minas-gerais","_links":{"self":[{"href":"https:\/\/www.pressenza.com\/es\/wp-json\/wp\/v2\/posts\/1835253","targetHints":{"allow":["GET"]}}],"collection":[{"href":"https:\/\/www.pressenza.com\/es\/wp-json\/wp\/v2\/posts"}],"about":[{"href":"https:\/\/www.pressenza.com\/es\/wp-json\/wp\/v2\/types\/post"}],"author":[{"embeddable":true,"href":"https:\/\/www.pressenza.com\/es\/wp-json\/wp\/v2\/users\/1685"}],"replies":[{"embeddable":true,"href":"https:\/\/www.pressenza.com\/es\/wp-json\/wp\/v2\/comments?post=1835253"}],"version-history":[{"count":0,"href":"https:\/\/www.pressenza.com\/es\/wp-json\/wp\/v2\/posts\/1835253\/revisions"}],"wp:featuredmedia":[{"embeddable":true,"href":"https:\/\/www.pressenza.com\/es\/wp-json\/wp\/v2\/media\/1835254"}],"wp:attachment":[{"href":"https:\/\/www.pressenza.com\/es\/wp-json\/wp\/v2\/media?parent=1835253"}],"wp:term":[{"taxonomy":"category","embeddable":true,"href":"https:\/\/www.pressenza.com\/es\/wp-json\/wp\/v2\/categories?post=1835253"},{"taxonomy":"post_tag","embeddable":true,"href":"https:\/\/www.pressenza.com\/es\/wp-json\/wp\/v2\/tags?post=1835253"}],"curies":[{"name":"wp","href":"https:\/\/api.w.org\/{rel}","templated":true}]}}