{"id":1835178,"date":"2024-03-28T14:19:58","date_gmt":"2024-03-28T14:19:58","guid":{"rendered":"https:\/\/www.pressenza.com\/?p=1835178"},"modified":"2024-03-28T14:19:58","modified_gmt":"2024-03-28T14:19:58","slug":"la-cia-ha-resucitado-la-red-gladio","status":"publish","type":"post","link":"https:\/\/www.pressenza.com\/es\/2024\/03\/la-cia-ha-resucitado-la-red-gladio\/","title":{"rendered":"\u00bfLa CIA ha resucitado la red Gladio?"},"content":{"rendered":"<p>Gladio (espada en lat\u00edn),\u00a0 fue el nombre que se le dio a la \u00abred de agentes durmientes desplegados por la OTAN\u00a0 en Italia y preparados para entrar en acci\u00f3n en caso de que los sovi\u00e9ticos invadieran Europa Occidental\u00bb y ser\u00edan la fuerza aliada que permanecer\u00eda detr\u00e1s de las l\u00edneas sovi\u00e9ticas para facilitar el contraataque.<\/p>\n<p>Dicha red estuvo teledirigida por la CIA y a pesar de desaparecer el peligro de invasi\u00f3n sovi\u00e9tica, sigui\u00f3 actuando en los pa\u00edses occidentales para evitar que partidos\u00a0 comunistas llegaran al poder a trav\u00e9s de unas elecciones democr\u00e1ticas y se dedicaron\u00a0a sembrar el caos mediante la doctrina conocida como \u00bb estrategia de la tensi\u00f3n\u00bb.<\/p>\n<p>La operaci\u00f3n Gladio afect\u00f3 a pr\u00e1cticamente toda Europa, con especial virulencia en Italia donde fue investigada por el juez Guido Salvini, qui\u00e9n concluy\u00f3 que organizaciones terroristas de extrema derecha como Ordine Nuovo o la Vanguardia Nacional \u00abestaban estrechamente vinculadas con el Estado italiano y la CIA estadounidense\u00bb y que \u00abla CIA les se\u00f1alaba los objetivos y les animaba a actuar\u00bb.<\/p>\n<p>Por su parte, el suizo Daniele Ganser en su libro \u00abLos ej\u00e9rcitos secretos de la OTAN. La operaci\u00f3n Gladio y el terrorismo en Europa occidental\u00bb ,\u00a0relata la historia de los ej\u00e9rcitos secretos anticomunistas de la OTAN creados por la CIA y el MI6 despu\u00e9s de la II Guerra Mundial en todos los pa\u00edses de Europa Occidental.<\/p>\n<p><strong>\u00bfEst\u00e1 en marcha la Operaci\u00f3n Gladio 2.0?<\/strong><\/p>\n<p>El objetivo confeso de los globalistas encabezados por Soros y la Open Society Foundation (OSF) ser\u00eda la implementaci\u00f3n del Nuevo Orden Mundial (NWO), que implicar\u00eda la recuperaci\u00f3n del papel de EEUU como gendarme mundial siguiendo la Doctrina Brzezinski. As\u00ed,\u00a0 eje globalista anglo-jud\u00edo estar\u00eda preparando un escenario b\u00e9lico que abarcar\u00eda pr\u00e1cticamente la totalidad de la cartograf\u00eda terrestre, quedando Am\u00e9rica Latina como islote en un oc\u00e9ano borrascoso.<\/p>\n<p>Sin embargo, la posible victoria de Trump en\u00a0 Noviembre del 2024 representar\u00eda el ocaso de la estrategia atlantista de Biden y Soros empecinados en defenestrar a Putin del poder, la firma de un acuerdo de Paz en Ucrania y el retorno a la Doctrina de la Coexistencia Pac\u00edfica con Rusia. Ello supondr\u00eda la entronizaci\u00f3n del G-3 (EEUU, Rusia y China) como \u00abprimus inter pares\u00bb en la gobernanza mundial y el final del sue\u00f1o obsesivo de los globalistas encabezados por Soros y la Open Society Foundation (OSF) de conseguir la balcanizaci\u00f3n de Rusia, \u00abla ballena blanca que los globalistas llevan d\u00e9cadas intentando cazar\u00bb.<\/p>\n<p>Para evitarlo, los globalistas habr\u00edan gestado la Operaci\u00f3n Gladio.2.0,\u00a0 consistente en despertar a sus c\u00e9lulas durmientes y provocar cruentos atentados de gran impacto medi\u00e1tico en Rusia y su contrarr\u00e9plica en pa\u00edses europeos on el objetivo confeso de provocar la implicaci\u00f3n de la OTAN en un conflicto total con Rusia que por mimetismo podr\u00eda extenderse a Extremo Oriente y desembocar en la Tercera Guerra Mundial.<\/p>\n<p>El estreno de la Operaci\u00f3n Gladio 2.0 habr\u00eda sido el cruento atentado en la sala de conciertos Crocus de Moscu, con el saldo de cerca de 140 muertos y m\u00e1s de 150 heridos y cuya autor\u00eda fue inicialmente reivindicada por el Estado Isl\u00e1mico (EI). Posteriormente, Putin ha reconocido que los autores del cruento atentado ser\u00edan \u00abislamistas radicales\u00bb originarios de Tayikistan, pero la sombra de la autor\u00eda intelectual seguir\u00eda sobrevolando sobre la CIA y la inteligencia ucraniana, no siendo descartable que dada la din\u00e1mica de acci\u00f3n-reacci\u00f3n en la que estamos inmersos tras el atentado de Mosc\u00fa,\u00a0 puedan repetirse en varios pa\u00edses europeos nuevos atentados cometidos por la red Gladio 2.0.<\/p>\n","protected":false},"excerpt":{"rendered":"<p>Gladio (espada en lat\u00edn),\u00a0 fue el nombre que se le dio a la \u00abred de agentes durmientes desplegados por la OTAN\u00a0 en Italia y preparados para entrar en acci\u00f3n en caso de que los sovi\u00e9ticos invadieran Europa Occidental\u00bb y ser\u00edan&hellip;<\/p>\n","protected":false},"author":1505,"featured_media":1835179,"comment_status":"closed","ping_status":"closed","sticky":false,"template":"","format":"standard","meta":{"footnotes":""},"categories":[76,11389,39,161],"tags":[2422,10793,121417],"class_list":["post-1835178","post","type-post","status-publish","format-standard","has-post-thumbnail","hentry","category-relaciones-exteriores","category-contenido-original","category-internacional","category-opiniones","tag-cia","tag-estados-unidos-de-norteamerica","tag-operacion-gladio-2-0"],"yoast_head":"<!-- This site is optimized with the Yoast SEO plugin v27.1.1 - https:\/\/yoast.com\/product\/yoast-seo-wordpress\/ -->\n<title>\u00bfLa CIA ha resucitado la red Gladio?<\/title>\n<meta name=\"description\" content=\"Gladio (espada en lat\u00edn),\u00a0 fue el nombre que se le dio a la &quot;red de agentes durmientes desplegados por la OTAN\u00a0 en Italia y preparados para entrar en\" \/>\n<meta name=\"robots\" content=\"index, follow, max-snippet:-1, max-image-preview:large, max-video-preview:-1\" \/>\n<link rel=\"canonical\" href=\"https:\/\/www.pressenza.com\/es\/2024\/03\/la-cia-ha-resucitado-la-red-gladio\/\" \/>\n<meta property=\"og:locale\" content=\"es_ES\" \/>\n<meta property=\"og:type\" content=\"article\" \/>\n<meta property=\"og:title\" content=\"\u00bfLa CIA ha resucitado la red Gladio?\" \/>\n<meta property=\"og:description\" content=\"Gladio (espada en lat\u00edn),\u00a0 fue el nombre que se le dio a la &quot;red de agentes durmientes desplegados por la OTAN\u00a0 en Italia y preparados para entrar en\" \/>\n<meta property=\"og:url\" content=\"https:\/\/www.pressenza.com\/es\/2024\/03\/la-cia-ha-resucitado-la-red-gladio\/\" \/>\n<meta property=\"og:site_name\" content=\"Pressenza\" \/>\n<meta property=\"article:publisher\" content=\"https:\/\/www.facebook.com\/PressenzaItalia\" \/>\n<meta property=\"article:published_time\" content=\"2024-03-28T14:19:58+00:00\" \/>\n<meta property=\"og:image\" content=\"https:\/\/www.pressenza.com\/wp-content\/uploads\/2024\/03\/maxresdefault.jpg\" \/>\n\t<meta property=\"og:image:width\" content=\"1280\" \/>\n\t<meta property=\"og:image:height\" content=\"720\" \/>\n\t<meta property=\"og:image:type\" content=\"image\/jpeg\" \/>\n<meta name=\"author\" content=\"Germ\u00e1n Gorraiz L\u00f3pez\" \/>\n<meta name=\"twitter:card\" content=\"summary_large_image\" \/>\n<meta name=\"twitter:creator\" content=\"@PressenzaIPA\" \/>\n<meta name=\"twitter:site\" content=\"@PressenzaIPA\" \/>\n<meta name=\"twitter:label1\" content=\"Escrito por\" \/>\n\t<meta name=\"twitter:data1\" content=\"Germ\u00e1n Gorraiz L\u00f3pez\" \/>\n\t<meta name=\"twitter:label2\" content=\"Tiempo de lectura\" \/>\n\t<meta name=\"twitter:data2\" content=\"3 minutos\" \/>\n<script type=\"application\/ld+json\" class=\"yoast-schema-graph\">{\"@context\":\"https:\/\/schema.org\",\"@graph\":[{\"@type\":\"Article\",\"@id\":\"https:\/\/www.pressenza.com\/es\/2024\/03\/la-cia-ha-resucitado-la-red-gladio\/#article\",\"isPartOf\":{\"@id\":\"https:\/\/www.pressenza.com\/es\/2024\/03\/la-cia-ha-resucitado-la-red-gladio\/\"},\"author\":{\"name\":\"Germ\u00e1n Gorraiz L\u00f3pez\",\"@id\":\"https:\/\/www.pressenza.com\/es\/#\/schema\/person\/57dba2cbf155df3e3656a436abe74b1b\"},\"headline\":\"\u00bfLa CIA ha resucitado la red Gladio?\",\"datePublished\":\"2024-03-28T14:19:58+00:00\",\"mainEntityOfPage\":{\"@id\":\"https:\/\/www.pressenza.com\/es\/2024\/03\/la-cia-ha-resucitado-la-red-gladio\/\"},\"wordCount\":634,\"publisher\":{\"@id\":\"https:\/\/www.pressenza.com\/es\/#organization\"},\"image\":{\"@id\":\"https:\/\/www.pressenza.com\/es\/2024\/03\/la-cia-ha-resucitado-la-red-gladio\/#primaryimage\"},\"thumbnailUrl\":\"https:\/\/www.pressenza.com\/wp-content\/uploads\/2024\/03\/maxresdefault.jpg\",\"keywords\":[\"CIA\",\"Estados Unidos de Norteam\u00e9rica\",\"Operaci\u00f3n\u00a0 Gladio 2.0\"],\"articleSection\":[\"Asuntos internacionales\",\"Contenido Original\",\"Internacional\",\"Opiniones\"],\"inLanguage\":\"es\"},{\"@type\":\"WebPage\",\"@id\":\"https:\/\/www.pressenza.com\/es\/2024\/03\/la-cia-ha-resucitado-la-red-gladio\/\",\"url\":\"https:\/\/www.pressenza.com\/es\/2024\/03\/la-cia-ha-resucitado-la-red-gladio\/\",\"name\":\"\u00bfLa CIA ha resucitado la red Gladio?\",\"isPartOf\":{\"@id\":\"https:\/\/www.pressenza.com\/es\/#website\"},\"primaryImageOfPage\":{\"@id\":\"https:\/\/www.pressenza.com\/es\/2024\/03\/la-cia-ha-resucitado-la-red-gladio\/#primaryimage\"},\"image\":{\"@id\":\"https:\/\/www.pressenza.com\/es\/2024\/03\/la-cia-ha-resucitado-la-red-gladio\/#primaryimage\"},\"thumbnailUrl\":\"https:\/\/www.pressenza.com\/wp-content\/uploads\/2024\/03\/maxresdefault.jpg\",\"datePublished\":\"2024-03-28T14:19:58+00:00\",\"description\":\"Gladio (espada en lat\u00edn),\u00a0 fue el nombre que se le dio a la \\\"red de agentes durmientes desplegados por la OTAN\u00a0 en Italia y preparados para entrar en\",\"breadcrumb\":{\"@id\":\"https:\/\/www.pressenza.com\/es\/2024\/03\/la-cia-ha-resucitado-la-red-gladio\/#breadcrumb\"},\"inLanguage\":\"es\",\"potentialAction\":[{\"@type\":\"ReadAction\",\"target\":[\"https:\/\/www.pressenza.com\/es\/2024\/03\/la-cia-ha-resucitado-la-red-gladio\/\"]}]},{\"@type\":\"ImageObject\",\"inLanguage\":\"es\",\"@id\":\"https:\/\/www.pressenza.com\/es\/2024\/03\/la-cia-ha-resucitado-la-red-gladio\/#primaryimage\",\"url\":\"https:\/\/www.pressenza.com\/wp-content\/uploads\/2024\/03\/maxresdefault.jpg\",\"contentUrl\":\"https:\/\/www.pressenza.com\/wp-content\/uploads\/2024\/03\/maxresdefault.jpg\",\"width\":1280,\"height\":720},{\"@type\":\"BreadcrumbList\",\"@id\":\"https:\/\/www.pressenza.com\/es\/2024\/03\/la-cia-ha-resucitado-la-red-gladio\/#breadcrumb\",\"itemListElement\":[{\"@type\":\"ListItem\",\"position\":1,\"name\":\"Accueil\",\"item\":\"https:\/\/www.pressenza.com\/es\/\"},{\"@type\":\"ListItem\",\"position\":2,\"name\":\"\u00bfLa CIA ha resucitado la red Gladio?\"}]},{\"@type\":\"WebSite\",\"@id\":\"https:\/\/www.pressenza.com\/es\/#website\",\"url\":\"https:\/\/www.pressenza.com\/es\/\",\"name\":\"Pressenza\",\"description\":\"International Press Agency\",\"publisher\":{\"@id\":\"https:\/\/www.pressenza.com\/es\/#organization\"},\"potentialAction\":[{\"@type\":\"SearchAction\",\"target\":{\"@type\":\"EntryPoint\",\"urlTemplate\":\"https:\/\/www.pressenza.com\/es\/?s={search_term_string}\"},\"query-input\":{\"@type\":\"PropertyValueSpecification\",\"valueRequired\":true,\"valueName\":\"search_term_string\"}}],\"inLanguage\":\"es\"},{\"@type\":\"Organization\",\"@id\":\"https:\/\/www.pressenza.com\/es\/#organization\",\"name\":\"Pressenza\",\"url\":\"https:\/\/www.pressenza.com\/es\/\",\"logo\":{\"@type\":\"ImageObject\",\"inLanguage\":\"es\",\"@id\":\"https:\/\/www.pressenza.com\/es\/#\/schema\/logo\/image\/\",\"url\":\"https:\/\/www.pressenza.com\/wp-content\/uploads\/2022\/10\/pressenza_logo_200x200.jpg\",\"contentUrl\":\"https:\/\/www.pressenza.com\/wp-content\/uploads\/2022\/10\/pressenza_logo_200x200.jpg\",\"width\":200,\"height\":200,\"caption\":\"Pressenza\"},\"image\":{\"@id\":\"https:\/\/www.pressenza.com\/es\/#\/schema\/logo\/image\/\"},\"sameAs\":[\"https:\/\/www.facebook.com\/PressenzaItalia\",\"https:\/\/x.com\/PressenzaIPA\"]},{\"@type\":\"Person\",\"@id\":\"https:\/\/www.pressenza.com\/es\/#\/schema\/person\/57dba2cbf155df3e3656a436abe74b1b\",\"name\":\"Germ\u00e1n Gorraiz L\u00f3pez\",\"description\":\"Germ\u00e1n Gorraiz L\u00f3pez (Navarra-Espa\u00f1a, 1957). Analista econ\u00f3mico y geopol\u00edtico, colabora habitualmente en varias publicaciones digitales e impresas espa\u00f1olas y latinoamericanas.\",\"url\":\"https:\/\/www.pressenza.com\/es\/author\/german-gorraiz-lopez\/\"}]}<\/script>\n<!-- \/ Yoast SEO plugin. -->","yoast_head_json":{"title":"\u00bfLa CIA ha resucitado la red Gladio?","description":"Gladio (espada en lat\u00edn),\u00a0 fue el nombre que se le dio a la \"red de agentes durmientes desplegados por la OTAN\u00a0 en Italia y preparados para entrar en","robots":{"index":"index","follow":"follow","max-snippet":"max-snippet:-1","max-image-preview":"max-image-preview:large","max-video-preview":"max-video-preview:-1"},"canonical":"https:\/\/www.pressenza.com\/es\/2024\/03\/la-cia-ha-resucitado-la-red-gladio\/","og_locale":"es_ES","og_type":"article","og_title":"\u00bfLa CIA ha resucitado la red Gladio?","og_description":"Gladio (espada en lat\u00edn),\u00a0 fue el nombre que se le dio a la \"red de agentes durmientes desplegados por la OTAN\u00a0 en Italia y preparados para entrar en","og_url":"https:\/\/www.pressenza.com\/es\/2024\/03\/la-cia-ha-resucitado-la-red-gladio\/","og_site_name":"Pressenza","article_publisher":"https:\/\/www.facebook.com\/PressenzaItalia","article_published_time":"2024-03-28T14:19:58+00:00","og_image":[{"width":1280,"height":720,"url":"https:\/\/www.pressenza.com\/wp-content\/uploads\/2024\/03\/maxresdefault.jpg","type":"image\/jpeg"}],"author":"Germ\u00e1n Gorraiz L\u00f3pez","twitter_card":"summary_large_image","twitter_creator":"@PressenzaIPA","twitter_site":"@PressenzaIPA","twitter_misc":{"Escrito por":"Germ\u00e1n Gorraiz L\u00f3pez","Tiempo de lectura":"3 minutos"},"schema":{"@context":"https:\/\/schema.org","@graph":[{"@type":"Article","@id":"https:\/\/www.pressenza.com\/es\/2024\/03\/la-cia-ha-resucitado-la-red-gladio\/#article","isPartOf":{"@id":"https:\/\/www.pressenza.com\/es\/2024\/03\/la-cia-ha-resucitado-la-red-gladio\/"},"author":{"name":"Germ\u00e1n Gorraiz L\u00f3pez","@id":"https:\/\/www.pressenza.com\/es\/#\/schema\/person\/57dba2cbf155df3e3656a436abe74b1b"},"headline":"\u00bfLa CIA ha resucitado la red Gladio?","datePublished":"2024-03-28T14:19:58+00:00","mainEntityOfPage":{"@id":"https:\/\/www.pressenza.com\/es\/2024\/03\/la-cia-ha-resucitado-la-red-gladio\/"},"wordCount":634,"publisher":{"@id":"https:\/\/www.pressenza.com\/es\/#organization"},"image":{"@id":"https:\/\/www.pressenza.com\/es\/2024\/03\/la-cia-ha-resucitado-la-red-gladio\/#primaryimage"},"thumbnailUrl":"https:\/\/www.pressenza.com\/wp-content\/uploads\/2024\/03\/maxresdefault.jpg","keywords":["CIA","Estados Unidos de Norteam\u00e9rica","Operaci\u00f3n\u00a0 Gladio 2.0"],"articleSection":["Asuntos internacionales","Contenido Original","Internacional","Opiniones"],"inLanguage":"es"},{"@type":"WebPage","@id":"https:\/\/www.pressenza.com\/es\/2024\/03\/la-cia-ha-resucitado-la-red-gladio\/","url":"https:\/\/www.pressenza.com\/es\/2024\/03\/la-cia-ha-resucitado-la-red-gladio\/","name":"\u00bfLa CIA ha resucitado la red Gladio?","isPartOf":{"@id":"https:\/\/www.pressenza.com\/es\/#website"},"primaryImageOfPage":{"@id":"https:\/\/www.pressenza.com\/es\/2024\/03\/la-cia-ha-resucitado-la-red-gladio\/#primaryimage"},"image":{"@id":"https:\/\/www.pressenza.com\/es\/2024\/03\/la-cia-ha-resucitado-la-red-gladio\/#primaryimage"},"thumbnailUrl":"https:\/\/www.pressenza.com\/wp-content\/uploads\/2024\/03\/maxresdefault.jpg","datePublished":"2024-03-28T14:19:58+00:00","description":"Gladio (espada en lat\u00edn),\u00a0 fue el nombre que se le dio a la \"red de agentes durmientes desplegados por la OTAN\u00a0 en Italia y preparados para entrar en","breadcrumb":{"@id":"https:\/\/www.pressenza.com\/es\/2024\/03\/la-cia-ha-resucitado-la-red-gladio\/#breadcrumb"},"inLanguage":"es","potentialAction":[{"@type":"ReadAction","target":["https:\/\/www.pressenza.com\/es\/2024\/03\/la-cia-ha-resucitado-la-red-gladio\/"]}]},{"@type":"ImageObject","inLanguage":"es","@id":"https:\/\/www.pressenza.com\/es\/2024\/03\/la-cia-ha-resucitado-la-red-gladio\/#primaryimage","url":"https:\/\/www.pressenza.com\/wp-content\/uploads\/2024\/03\/maxresdefault.jpg","contentUrl":"https:\/\/www.pressenza.com\/wp-content\/uploads\/2024\/03\/maxresdefault.jpg","width":1280,"height":720},{"@type":"BreadcrumbList","@id":"https:\/\/www.pressenza.com\/es\/2024\/03\/la-cia-ha-resucitado-la-red-gladio\/#breadcrumb","itemListElement":[{"@type":"ListItem","position":1,"name":"Accueil","item":"https:\/\/www.pressenza.com\/es\/"},{"@type":"ListItem","position":2,"name":"\u00bfLa CIA ha resucitado la red Gladio?"}]},{"@type":"WebSite","@id":"https:\/\/www.pressenza.com\/es\/#website","url":"https:\/\/www.pressenza.com\/es\/","name":"Pressenza","description":"International Press Agency","publisher":{"@id":"https:\/\/www.pressenza.com\/es\/#organization"},"potentialAction":[{"@type":"SearchAction","target":{"@type":"EntryPoint","urlTemplate":"https:\/\/www.pressenza.com\/es\/?s={search_term_string}"},"query-input":{"@type":"PropertyValueSpecification","valueRequired":true,"valueName":"search_term_string"}}],"inLanguage":"es"},{"@type":"Organization","@id":"https:\/\/www.pressenza.com\/es\/#organization","name":"Pressenza","url":"https:\/\/www.pressenza.com\/es\/","logo":{"@type":"ImageObject","inLanguage":"es","@id":"https:\/\/www.pressenza.com\/es\/#\/schema\/logo\/image\/","url":"https:\/\/www.pressenza.com\/wp-content\/uploads\/2022\/10\/pressenza_logo_200x200.jpg","contentUrl":"https:\/\/www.pressenza.com\/wp-content\/uploads\/2022\/10\/pressenza_logo_200x200.jpg","width":200,"height":200,"caption":"Pressenza"},"image":{"@id":"https:\/\/www.pressenza.com\/es\/#\/schema\/logo\/image\/"},"sameAs":["https:\/\/www.facebook.com\/PressenzaItalia","https:\/\/x.com\/PressenzaIPA"]},{"@type":"Person","@id":"https:\/\/www.pressenza.com\/es\/#\/schema\/person\/57dba2cbf155df3e3656a436abe74b1b","name":"Germ\u00e1n Gorraiz L\u00f3pez","description":"Germ\u00e1n Gorraiz L\u00f3pez (Navarra-Espa\u00f1a, 1957). Analista econ\u00f3mico y geopol\u00edtico, colabora habitualmente en varias publicaciones digitales e impresas espa\u00f1olas y latinoamericanas.","url":"https:\/\/www.pressenza.com\/es\/author\/german-gorraiz-lopez\/"}]}},"place":"Madrid, Espa\u00f1a","original_article_url":"","_links":{"self":[{"href":"https:\/\/www.pressenza.com\/es\/wp-json\/wp\/v2\/posts\/1835178","targetHints":{"allow":["GET"]}}],"collection":[{"href":"https:\/\/www.pressenza.com\/es\/wp-json\/wp\/v2\/posts"}],"about":[{"href":"https:\/\/www.pressenza.com\/es\/wp-json\/wp\/v2\/types\/post"}],"author":[{"embeddable":true,"href":"https:\/\/www.pressenza.com\/es\/wp-json\/wp\/v2\/users\/1505"}],"replies":[{"embeddable":true,"href":"https:\/\/www.pressenza.com\/es\/wp-json\/wp\/v2\/comments?post=1835178"}],"version-history":[{"count":0,"href":"https:\/\/www.pressenza.com\/es\/wp-json\/wp\/v2\/posts\/1835178\/revisions"}],"wp:featuredmedia":[{"embeddable":true,"href":"https:\/\/www.pressenza.com\/es\/wp-json\/wp\/v2\/media\/1835179"}],"wp:attachment":[{"href":"https:\/\/www.pressenza.com\/es\/wp-json\/wp\/v2\/media?parent=1835178"}],"wp:term":[{"taxonomy":"category","embeddable":true,"href":"https:\/\/www.pressenza.com\/es\/wp-json\/wp\/v2\/categories?post=1835178"},{"taxonomy":"post_tag","embeddable":true,"href":"https:\/\/www.pressenza.com\/es\/wp-json\/wp\/v2\/tags?post=1835178"}],"curies":[{"name":"wp","href":"https:\/\/api.w.org\/{rel}","templated":true}]}}