{"id":1833804,"date":"2024-03-21T22:39:56","date_gmt":"2024-03-21T22:39:56","guid":{"rendered":"https:\/\/www.pressenza.com\/?p=1833804"},"modified":"2024-03-21T23:19:45","modified_gmt":"2024-03-21T23:19:45","slug":"llamando-a-la-europa-fortaleza-queremos-proteccion","status":"publish","type":"post","link":"https:\/\/www.pressenza.com\/es\/2024\/03\/llamando-a-la-europa-fortaleza-queremos-proteccion\/","title":{"rendered":"Llamando a la Europa fortaleza: \u201cQueremos protecci\u00f3n\u201d"},"content":{"rendered":"<p style=\"padding-left: 40px;\">El desamparo espera a quienes consiguen llegar a territorio europeo, tras sortear la externalizaci\u00f3n y la securitizaci\u00f3n de las fronteras, en una Europa que avanza hacia la normalizaci\u00f3n de su vertiente m\u00e1s restrictiva, a trav\u00e9s del Pacto Europeo de Migraci\u00f3n y Asilo.<\/p>\n<p style=\"padding-left: 40px;\">Por Sara Babiker\/El salto diario<\/p>\n<p>Mamadou* manda por escrito un texto en franc\u00e9s el viernes 15 de marzo. Es un d\u00eda muy duro, lo que empez\u00f3 como una acci\u00f3n de las personas migrantes alojadas en el hostal Goyma de San Fernando de Henares para reivindicar sus derechos, ha terminado en tragedia. La madrugada anterior, los compa\u00f1eros marroqu\u00edes han recibido una llamada del hospital. Les confirman que el joven Shad Karim, un chico de solo 22 a\u00f1os, ha muerto. La gente ha pasado la noche llorando y gritando y Mamadou no ha pegado ojo. No tiene ganas de hablar con otra periodista.<\/p>\n<p>La muerte del joven marroqu\u00ed ya est\u00e1 en los peri\u00f3dicos, as\u00ed como la historia que ya contaron a otros medios, sobre la huelga de hambre que comenzaron una semana atr\u00e1s y decidieron suspender porque era Ramad\u00e1n y ya no pod\u00edan m\u00e1s. Esa misma tarde del viernes, 30 colectivos, junto a otras personas migrantes, se concentran ante el Ayuntamiento de San Fernando para protestar por el abandono institucional que sufren, y sobre todo, la imposibilidad de acceder a la protecci\u00f3n internacional como consecuencia del colapso, una vez m\u00e1s, de las citas de asilo. A la denuncia por su situaci\u00f3n, a\u00f1aden el duelo por la muerte sorpresiva de Karim.<\/p>\n<blockquote class=\"twitter-tweet\">\n<p dir=\"ltr\" lang=\"es\">J\u00f3venes migrantes de centros de acogida se concentraron en <a href=\"https:\/\/twitter.com\/AytoSanFernando?ref_src=twsrc%5Etfw\">@AytoSanFernando<\/a> en cuya ciudad, hab\u00eda fallecido un joven, precisamente, de los acogidos en el Hostal gestionado por <a href=\"https:\/\/twitter.com\/CruzRojaEsp?ref_src=twsrc%5Etfw\">@CruzRojaEsp<\/a><br \/>\nEl dolor atraves\u00f3 el acto y los j\u00f3venes mostraron su enfado portando lazos rojos&#8230; <a href=\"https:\/\/t.co\/of0i9Zmyks\">pic.twitter.com\/of0i9Zmyks<\/a><\/p>\n<p>\u2014 San Carlos Borromeo (@EntreBorromeos) <a href=\"https:\/\/twitter.com\/EntreBorromeos\/status\/1768931798937899335?ref_src=twsrc%5Etfw\">March 16, 2024<\/a><\/p><\/blockquote>\n<p><script async src=\"https:\/\/platform.twitter.com\/widgets.js\" charset=\"utf-8\"><\/script><\/p>\n<p>En el texto que el joven senegal\u00e9s manda, explica que Karim empez\u00f3 a sentirse mal el d\u00eda anterior. El chico marroqu\u00ed, que era una de las 28 personas alojadas en este centro de la Cruz Roja, que se hab\u00eda puesto en huelga de hambre una semana antes, se quejaba de un fuerte dolor de est\u00f3mago. Mamadou narra c\u00f3mo avisaron a personal de la Cruz Roja del malestar de su compa\u00f1ero, pero les dijeron que no pod\u00edan llevarlo al hospital. Uno de sus compa\u00f1eros se hizo cargo de trasladarlo al centro de salud, all\u00e1 le recetaron omeprazol. A la vuelta del centro de salud, explica el compa\u00f1ero en su texto, Karim segu\u00eda sinti\u00e9ndose muy mal. Contactaron de nuevo con personal de Cruz Roja, les dijeron que mejor se esperaran al d\u00eda siguiente. Finalmente recurrieron al encargado del hostal Goyma. Fue \u00e9l quien llam\u00f3 al 112, explica Mamadou, lleg\u00f3 la ambulancia y tambi\u00e9n, seg\u00fan el joven, cuatro o cinco coches de polic\u00eda. \u201cEl personal sanitario pas\u00f3 m\u00e1s de una hora y media encima del chico\u201d, pero no bast\u00f3, se lo llevaron al hospital y, ya de madrugada, lleg\u00f3 la llamada anunciando su muerte.<\/p>\n<p>El testimonio de Mamadou coincide con el de una trabajadora de la Cruz Roja cuya narraci\u00f3n de lo ocurrido ha reproducido<b>\u00a0<\/b><span style=\"text-decoration: underline;\"><a href=\"https:\/\/www.eldiario.es\/desalambre\/ultimas-horas-shad-karim-joven-migrante-fallecido-huelga-hambre-hostal-cruz-roja_1_11219683.html\" target=\"_blank\" rel=\"noopener\">Eldiario.es<\/a><\/span>, mientras que la entidad defiende que actu\u00f3 siguiendo los protocolos, y el Ministerio pide que se espere a los resultados de la autopsia.<b>\u00a0<\/b>Mientras, el Defensor del Pueblo<a href=\"https:\/\/cadenaser.com\/cmadrid\/2024\/03\/18\/la-situacion-de-los-migrantes-de-san-fernando-de-henares-en-espana-hasta-los-perros-tienen-papeles-entonces-por-que-nosotros-no-radio-madrid\/\" target=\"_blank\" rel=\"noopener\">\u00a0<span style=\"text-decoration: underline;\">ha abierto una investigaci\u00f3n<\/span><\/a>.<b>\u00a0<\/b>Para Mamadou y los dem\u00e1s, hay una cosa cierta: de nuevo no fueron escuchados, en esta ocasi\u00f3n con consecuencias fatales. Llevan tiempo intentando que se les oiga: \u201cHicimos una huelga de hambre porque la Cruz Roja no hace nada por nuestros derechos. Cuando llegamos al hotel nos hicieron firmar documentos para probar que hemos recibido dinero, ropa, una tarjeta de transportes\u2026 dos d\u00edas despu\u00e9s nos dijeron que todo esto hab\u00eda sido bloqueado por el Gobierno, despu\u00e9s nos dijeron que solo pod\u00edamos quedarnos un mes en el hotel\u201d, repite una vez m\u00e1s.<\/p>\n<p>Antes de recurrir a la huelga de hambre, los j\u00f3venes llamaron a muchas puertas: fueron al Ayuntamiento de este municipio del Corredor de Henares en una marcha pac\u00edfica, a la polic\u00eda local&#8230; interpelaron a la Cruz Roja. Pero la Cruz Roja segu\u00eda apuntando al ministerio, explica Mamadou. Ante la falta de escucha, el grupo se dirigi\u00f3 a los medios para explicarles tanto su situaci\u00f3n como la medida de presi\u00f3n que hab\u00edan consensuado: una huelga de hambre \u201ccon la llegada del Ramad\u00e1n,\u00a0 todo el mundo iba a la mezquita de al lado a comer\u201d, al tercer d\u00eda ya no pod\u00edan soportarlo y detuvieron la huelga.<\/p>\n<p><iframe loading=\"lazy\" title=\"Sin derecho a protecci\u00f3n: De Canarias a Alcal\u00e1 de Henares\" width=\"500\" height=\"281\" src=\"https:\/\/www.youtube.com\/embed\/eZniJ7TUS-s?feature=oembed\" frameborder=\"0\" allow=\"accelerometer; autoplay; clipboard-write; encrypted-media; gyroscope; picture-in-picture; web-share\" referrerpolicy=\"strict-origin-when-cross-origin\" allowfullscreen><\/iframe><\/p>\n<p>El hostal Goyma de San Fernando de Henares, es uno de los lugares donde han ido a parar personas migrantes que fueron trasladadas desde Canarias a los Centros de Acogida, Emergencia y Derivaci\u00f3n (CAED), habilitados por el Ministerio de Inclusi\u00f3n, Seguridad Social y Migraciones. En concreto este grupo se encontraba en el de Carabanchel. Adem\u00e1s de este CAED, otros centros similares se encuentran en Pozuelo, o Alcal\u00e1 de Henares. Pensados para dar una respuesta de emergencia temporal, su funcionamiento se ha ido ampliando. Como otros recursos de este tipo habilitados en el archipi\u00e9lago, estos espacios est\u00e1n gestionados por\u00a0 Cruz Roja o Accem.<\/p>\n<h3>Trato diferenciado<\/h3>\n<p>La fundaci\u00f3n Accem gestiona el centro de Pozuelo, el primero que se habilit\u00f3 hace dos a\u00f1os como centro de recepci\u00f3n, atenci\u00f3n y derivaci\u00f3n (CREADE) para las personas que llegaban refugiadas procedentes de\u00a0<span style=\"text-decoration: underline;\"><a href=\"https:\/\/www.accem.es\/accem-gestiona-primer-centro-recepcion-primera-acogida-derivacion-personas-ucranianas-espana\/\" target=\"_blank\" rel=\"noopener\">Ucrania<\/a><\/span>, despu\u00e9s, fueron llegando\u00a0\u00a0<span style=\"text-decoration: underline;\"><a href=\"https:\/\/www.accem.es\/dos-anos-de-acogida-a-las-personas-refugiadas-de-afganistan\/\" target=\"_blank\" rel=\"noopener\">personas afganas<\/a><\/span>. Estas poblaciones, cuya llegada se facilit\u00f3 con una Directiva Europea de Protecci\u00f3n Temporal aprobada en 2001 pero aplicada por primera vez en el caso de Ucrania, y con una operaci\u00f3n de evacuaci\u00f3n del ej\u00e9rcito espa\u00f1ol, ante la retirada militar de Afganist\u00e1n, pueden residir seis meses en el centro, extendi\u00e9ndose a veces ese plazo, hasta que tienen los medios para salir, o cuando se considera que est\u00e1n en situaci\u00f3n de vulnerabilidad.<\/p>\n<p>Desde noviembre, a este hotel de Pozuelo tambi\u00e9n llegan personas procedente de Canarias, la mayor\u00eda j\u00f3venes de \u00c1frica, senegaleses o malienses, pero tambi\u00e9n et\u00edopes. Seg\u00fan cuenta un extrabajador del centro a El Salto, la diferencia de categor\u00edas entre ambos grupos, los solicitantes de asilo ucranianos y afganos, y los j\u00f3venes africanos, se hizo patente desde el principio, teniendo un correlato muy visible: En un primer momento los segundos fueron alojados en literas en el aparcamiento de las instalaciones. \u201cEntonces hubo alerta naranja, con las lluvias entr\u00f3 agua, se dan cuenta de que no es una buena idea y les trasladan\u201d. No les llevan muy lejos: instalan literas en un espacio com\u00fan, una parte del comedor. El trato es distinto porque se prev\u00e9 que se queden menos tiempo, apunta el ex trabajador. Pero el contraste es claro: en el piso de arriba hay habitaciones para familias e incluso algunas individuales, en el comedor, 30 personas negras duermen en un mismo espacio.<\/p>\n<p>\u201cHay cosas peque\u00f1as, pero significativas: a los de arriba les corresponden tubos de dent\u00edfrico, a los de abajo un chorrito al d\u00eda\u201d, intenta ejemplificar el extrabajador. Algunas personas que trabajan en el centro se sienten inc\u00f3modas ante la segregaci\u00f3n que est\u00e1n presenciando. Pero, \u201ccuando te quejas o planteas cr\u00edticas constructivas recibes represalias\u201d, explica el extrabajador \u201chay gente despedida por pedir mejores condiciones para los usuarios\u201d. De fondo, la certeza de que en un mes estar\u00edan en la calle, casi todos, como los que se pusieron en huelga de hambre en San Fernando de Henares, sin una cita de asilo. En los \u00faltimos tiempos, al menos, se ha ampliado la estancia hasta los tres meses, aunque las condiciones y la incertidumbre permanecen.<\/p>\n<div id=\"attachment_1833806\" class=\"wp-caption alignnone\"><img loading=\"lazy\" decoding=\"async\" aria-describedby=\"caption-attachment-1833806\" class=\"wp-image-1833806 size-full\" src=\"https:\/\/www.pressenza.com\/wp-content\/uploads\/2024\/03\/migrantes2-El-salto-diario.jpg\" alt=\"\" width=\"1033\" height=\"581\" srcset=\"https:\/\/www.pressenza.com\/wp-content\/uploads\/2024\/03\/migrantes2-El-salto-diario.jpg 1033w, https:\/\/www.pressenza.com\/wp-content\/uploads\/2024\/03\/migrantes2-El-salto-diario-300x169.jpg 300w, https:\/\/www.pressenza.com\/wp-content\/uploads\/2024\/03\/migrantes2-El-salto-diario-820x461.jpg 820w\" sizes=\"auto, (max-width: 1033px) 100vw, 1033px\" \/><p id=\"caption-attachment-1833806\" class=\"wp-caption-text\">El salto diario, captura de video<\/p><\/div>\n<h3>Una acogida no tan humanitaria<\/h3>\n<p>Los tres chicos son muy j\u00f3venes, vienen de Gambia y hablan un buen ingl\u00e9s. Aceptan contestar, pero no quieren dar sus nombres, ni que se muestren sus caras. Tienen miedo a represalias. Llegaron en noviembre al CAED sito en el Acuartelamiento Primo de Rivera de Alcal\u00e1 de Henares, tambi\u00e9n gestionado por Accem. Dos de ellos son menores. En la conversaci\u00f3n participa una cuarta persona, viene de Senegal, es unos a\u00f1os mayor, y habla franc\u00e9s. Est\u00e1n estudiando espa\u00f1ol en las clases que la Red de Acogida de Alcal\u00e1 de Henares ha organizado con profesoras voluntarias. Saben que les queda poco tiempo en el cuartel, y luego tendr\u00e1n que buscarse la vida.<\/p>\n<p>Los tres chicos procedentes de Gambia llegaron al Hierro, de ah\u00ed les derivaron a Tenerife, primero a un campo, dicen, y luego, a dos de ellos, a un apartamento para menores. \u201cPasa un mes y una semana, y nos dicen que los menores y los mayores van a distintos sitios, si tenemos m\u00e1s de 18 nos traer\u00e1n a este campo en Madrid\u201d, explica uno de ellos, refiri\u00e9ndose al centro de Alcal\u00e1. \u201cTodos all\u00ed \u00e9ramos menores, ellos dicen que no est\u00e1n seguros as\u00ed que nos llevan al hospital para comprobarlo. Nosotros dos, fuimos al hospital, y nos dijeron que ten\u00edamos 18\u201d. Esta pr\u00e1ctica de comprobaci\u00f3n de mayor\u00eda de edad ha sido denunciada m\u00faltiples veces por su cuestionable precisi\u00f3n adem\u00e1s de considerada como lesiva del inter\u00e9s superior del menor. La documentaci\u00f3n del pa\u00eds de origen deber\u00eda bastar para mostrar la minor\u00eda. Pero una vez realizada la prueba, los chicos tienen poco que hacer, son trasladados al centro de Alcal\u00e1 donde tendr\u00e1n que buscarse la vida entre cientos de adultos. Explican que se ayudan entre ellos, que ahora que se han encontrado a lo largo del camino no quieren separarse, el hecho de hablar el mismo idioma les hace sentir menos solos.<\/p>\n<p>Al compa\u00f1ero senegal\u00e9s le llevaron a otro centro de Accem. Describe el proceso: \u201cLlegamos por la noche a Tenerife, nos agruparon a todos y nos hicieron\u00a0 peque\u00f1os carnets, para poder entrar y salir. All\u00e1, no lo hemos pasado como esper\u00e1bamos\u201d. Largas colas para todo y sobre todo mucha incertidumbre. \u201cFue duro. El d\u00eda que llegamos, llev\u00e1bamos a\u00fan la ropa que nos hab\u00eda proporcionado la polic\u00eda en El Hierro, ni siquiera nos han dado zapatos\u201d.<\/p>\n<p>En el centro de Alcal\u00e1 de Henares, el joven senegal\u00e9s se da cuenta de que la incertidumbre y falta de respuesta que vivi\u00f3 en La Laguna, va a continuar. \u201cCuando estaba en Tenerife no te dec\u00edan qui\u00e9n era el encargado. (&#8230;) Si tienes que preguntar algo te dicen: ve a hablar con el encargado, pero qui\u00e9n es. Si dices que necesitas hablar con un psic\u00f3logo o un abogado, te van a apuntar en un papel y eso es todo\u201d. Una vez en el centro de Alcal\u00e1, las cosas solo han cambiado a peor: \u201cAqu\u00ed es m\u00e1s duro, desde que hemos llegado, les hemos dicho que necesitamos hablar con los abogados. Y lo mismo, aqu\u00ed nunca sabes ni qui\u00e9n es el abogado, no tenemos ni siquiera protecci\u00f3n, desde que hemos llegado lo estamos reclamando\u201d.<\/p>\n<p>Y mientras pasan las semanas, saben que en un mes se tiene que ir, aunque a veces la estancia se prolonga. Cuando se van, firman un papel y les dan algo m\u00e1s de cien euros. \u201cEl problema no es el dinero, es que si sales no tienes protecci\u00f3n, si no conoces a nadie, \u00bfd\u00f3nde vas a dormir? Nosotros no queremos dinero, queremos protecci\u00f3n, sin la protecci\u00f3n no tienes nada\u201d, explica el chico senegal\u00e9s. Es sencillo, la gente no quiere salir en esas condiciones porque no tiene a d\u00f3nde ir. \u201cYo he venido a trabajar, he venido por el futuro. Cada uno se debe preparar su futuro, su ma\u00f1ana\u201d, afirma. \u00bfPero c\u00f3mo puede hacerlo en la calle, sin papeles, sin protecci\u00f3n ante la posibilidad de ser detenido y llevado a un CIE?<\/p>\n<div id=\"attachment_1833810\" class=\"wp-caption alignnone\"><img loading=\"lazy\" decoding=\"async\" aria-describedby=\"caption-attachment-1833810\" class=\"wp-image-1833810 size-full\" src=\"https:\/\/www.pressenza.com\/wp-content\/uploads\/2024\/03\/San-Carlos-Borromeo3-Centro-Pastoral-de-Entrevias.jpg\" alt=\"\" width=\"1022\" height=\"621\" srcset=\"https:\/\/www.pressenza.com\/wp-content\/uploads\/2024\/03\/San-Carlos-Borromeo3-Centro-Pastoral-de-Entrevias.jpg 1022w, https:\/\/www.pressenza.com\/wp-content\/uploads\/2024\/03\/San-Carlos-Borromeo3-Centro-Pastoral-de-Entrevias-300x182.jpg 300w, https:\/\/www.pressenza.com\/wp-content\/uploads\/2024\/03\/San-Carlos-Borromeo3-Centro-Pastoral-de-Entrevias-820x498.jpg 820w\" sizes=\"auto, (max-width: 1022px) 100vw, 1022px\" \/><p id=\"caption-attachment-1833810\" class=\"wp-caption-text\">Foto San Carlos Borromeo, Centro Pastoral de Entrevi\u0301as. @EntreBorromeos<\/p><\/div>\n<p>Ante la incertidumbre que enfrentan cada d\u00eda, los tres chicos procedentes de Gambia agradecen la labor de la Red de Acogida de Alcal\u00e1, que apoya no solo con clases de espa\u00f1ol, si no que tambi\u00e9n les acompa\u00f1a en sus demandas. \u201cPara mi es un gran placer saber que alguien te est\u00e1 ayudando aunque no te conozca. Todo lo que puedes hacer es agradecerlo\u201d, apunta uno de ellos.<\/p>\n<p>Y es que el tejido social de Alcal\u00e1 se moviliz\u00f3 enseguida cuando supo que iban a llegar personas provenientes de Canarias al Acuartelamiento. \u201cCuando tuvimos constancia de que iban a llegar los autobuses con personas migrantes, una de las cosas que hizo Bienvenidxs Refugiadxs fue convocar a gente para ir a recibirles y que su primera impresi\u00f3n no fuera de hostilidad\u201d, explica Miguel Cano, que pertenece a este espacio. Como voluntarios no pueden aportar lo que deber\u00eda aportar la administraci\u00f3n \u2014recursos habitacionales, asistencia jur\u00eddica etc\u2014 explican, pero s\u00ed estar ah\u00ed, y contrarrestar los discursos xen\u00f3fobos que llegan de una parte de la poblaci\u00f3n.<\/p>\n<p>El mismo 19 de marzo, el Ayuntamiento de PP y Vox\u00a0<a href=\"https:\/\/www.telemadrid.es\/programas\/telenoticias-1\/Alcala-pide-al-Gobierno-mas-seguridad-tras-acoger-en-un-cuartel-inmigrantes-rescatados-2-2652954700--20240319024420.html\" target=\"_blank\" rel=\"noopener\"><span style=\"text-decoration: underline;\">aprobaban una moci\u00f3n<\/span>\u00a0<\/a>para pedir al Gobierno central un plan de seguridad destinado al acuartelamiento, a cuyos habitantes temporales vienen se\u00f1alando desde hace semanas. Contra la moci\u00f3n votaron PSOE y M\u00e1s Madrid, cuya concejal acus\u00f3 a a PP y Vox de querer estigmatizar a las personas migrantes, y apunt\u00f3 a la dificultad para conseguir citas de asilo como problem\u00e1tica por la que deb\u00edan preocuparse.<\/p>\n<p>Mientras las derechas agitan el fantasma de la inseguridad, las redes solidarias se han puesto a colaborar con las personas migrantes, que, seg\u00fan recuerda Blanca Aller, una de las cofundadoras de Bienvenidxs Refugiadxs, est\u00e1n muy organizadas. La presi\u00f3n de adentro y el apoyo de afuera ha ido consiguiendo cosas: las personas ya tienen un poco de dinero de bolsillo, algo que les correspond\u00eda y no se les estaba dando, a pesar de estar comprometido en el contrato con Accem, apunta Blanca. \u201cTambi\u00e9n ten\u00edan que darles abono transporte. Eso tampoco lo ten\u00edan y siguen sin tenerlo\u201d. Las colas para entrar y salir porque tienen que pasar tres controles, los horarios de comida que a veces dejan a gente sin tiempo para comer, el fr\u00edo en las carpas, la escasez de ba\u00f1os, hacen la vida de estas personas m\u00e1s complicada. Y de ah\u00ed a la calle, una situaci\u00f3n que\u00a0<span style=\"text-decoration: underline;\"><a href=\"https:\/\/www.telemadrid.es\/programas\/telenoticias-1\/Alcala-pide-al-Gobierno-mas-seguridad-tras-acoger-en-un-cuartel-inmigrantes-rescatados-2-2652954700--20240319024420.html\" target=\"_blank\" rel=\"noopener\">denunciar\u00edan<\/a><\/span>\u00a0a trav\u00e9s de la Red Espa\u00f1ola de Inmigraci\u00f3n y Ayuda al Refugiado ante la Audiencia Nacional ante la expulsi\u00f3n de 21 personas el pasado mes de enero.<\/p>\n<p>Blanca habla de un grupo de chicos a los que les avisaron con un margen de una semana que se iban: \u201cUna semana para encontrarles alg\u00fan sitio para dormir\u201d. La red de Alcal\u00e1, en comunicaci\u00f3n con la Red Solidaria de Acogida, se ponen en marcha. No siempre lo consiguen y la soluci\u00f3n no deja de ser un parche provisional, ante la inacci\u00f3n de las instituciones. \u201cSolo les pagan un billete a quienes tienen d\u00f3nde ir. Si no tienes ning\u00fan sitio donde ir. B\u00fascate la vida\u201d, resumen. Respecto al documento que se les hace firmar, denuncian que si no firman no les dan esos poco m\u00e1s de 100\u20ac para los primeros d\u00edas. Algunos, asesorados por la Red han firmado no conforme, explicando en observaciones que se van contra su voluntad. Esperan que al menos as\u00ed se pueda denunciar la situaci\u00f3n.<\/p>\n<p><iframe loading=\"lazy\" title=\"Sin derecho a protecci\u00f3n: Del centro de acogida de emergencia a la calle\" width=\"500\" height=\"281\" src=\"https:\/\/www.youtube.com\/embed\/n26lTsamh1E?feature=oembed\" frameborder=\"0\" allow=\"accelerometer; autoplay; clipboard-write; encrypted-media; gyroscope; picture-in-picture; web-share\" referrerpolicy=\"strict-origin-when-cross-origin\" allowfullscreen><\/iframe><\/p>\n<p>Es el caso de otro joven gambiano con el que nos encontramos en Lavapi\u00e9s. Firm\u00f3 no conforme, sali\u00f3, y ahora sobrevive como puede con un trabajo mal pagado. Llegado tambi\u00e9n al Hierro en diciembre, fue trasladado en dos d\u00edas a Tenerife, unos d\u00edas despu\u00e9s, a un hotel a Lloret del Mar. Su \u00faltimo destino: Alcal\u00e1.\u00a0 \u201cCuando vinimos a Espa\u00f1a no sab\u00edamos a d\u00f3nde est\u00e1bamos yendo, en Tenerife hac\u00eda fr\u00edo, viv\u00edamos en tiendas, y la comida no estaba bien\u201d. En Alcal\u00e1 se encontraron de nuevo en carpas, le llegaron a decir hasta cuatro veces que se ten\u00eda que ir.<\/p>\n<p>Despu\u00e9s de firmar la no conformidad en el documento, \u201cla gente que nos ayudaba nos trajo a Lavapi\u00e9s, yo encontr\u00e9 un trabajo peque\u00f1o mal pagado porque no tengo papeles. Pago 300\u20ac por la habitaci\u00f3n y gano 600\u20ac: tengo para la cama y la comida\u201d. Este es el peque\u00f1o espacio de certeza que ha podido conquistar entre tanta incertidumbre: \u201cNunca sabemos qu\u00e9 viene despu\u00e9s. A las autoridades les pedir\u00eda papeles para poder trabajar y ahorrar un poco porque si no tienes papeles, no tienes trabajo. Y sin trabajo nadie te dar\u00e1 comida, nadie te apoyar\u00e1, te ir\u00e1s a la calle\u201d, explica. Al lado suyo, un compa\u00f1ero senegal\u00e9s que conoci\u00f3 en el Cuartel, y que no ha tenido tanta suerte buscando empleo. Vive con otros compatriotas en un piso que tendr\u00e1n que dejar pronto. \u201cNos ayudamos entre nosotros, qu\u00e9 otra cosa podemos hacer, la uni\u00f3n hace la fuerza\u201d, explica. Y el otro insiste: es mejor tener a la gente trabajando que en la calle.<\/p>\n<h3>Del Pireo a Alcal\u00e1<\/h3>\n<p>Personas migrantes en la calle, es uno de los recuerdos que Blanca guarda de 2015, cuando empezaron con Bienvenidxs Refugiadxs. Pero esas personas no estaban en las calles de Alcal\u00e1 ni en Madrid, estaban en Grecia. Blanca evoca el campo de Pireo en Atenas, que lleg\u00f3 a alojar a 4.000 personas provenientes de las islas. M\u00e1s concretamente, recuerdan cuando estas personas fueron desalojadas y las redes de solidaridad empezaron a movilizarse para que tuvieran d\u00f3nde ir. \u201cCuando empez\u00e1bamos a ver que aqu\u00ed se iba a quedar gente en la calle, me empieza a recordar a Atenas en el 19:\u00a0 hab\u00edan cogido a la gente en las islas, la hab\u00edan llevado al continente y la hab\u00edan dejado a su suerte\u201d. Toma el ejemplo de las negociaciones que se dieron con el ayuntamiento de Atenas, para ubicar a las personas. Sin embargo, no parece que este di\u00e1logo sea posible con el ayuntamiento de Alcal\u00e1. \u201cNo esperamos nada porque ya han hecho declaraciones xen\u00f3fobas y racistas sobre la existencia de este centro. Ya se han posicionado\u201d, afirma Miguel por su parte.<\/p>\n<p>La falta de respuesta por parte del ayuntamiento se evidencia, por ejemplo, en las dificultades para empadronar a las personas migrantes, y as\u00ed puedan optar a usar los recursos de emergencia municipales. Sin poder recurrir a esta posibilidad, a\u00fan cuando tienen derecho a ese empadronamiento, y sin poder concretar la solicitud de asilo, las posibilidades se estrechan: al final no tienen m\u00e1s remedio que ir a buscar trabajo a lugares como Plaza El\u00edptica, algunos, hartos, se deciden a probar suerte a Francia o Portugal, bajo el riesgo de ser devueltos a Espa\u00f1a al haber sido este su pa\u00eds de entrada en el territorio Shengen, en virtud del Convenio de Dubl\u00edn. Algo est\u00e1 claro, explica Miguel, poner las cosas dif\u00edciles a quienes llegan a Europa no va a frenar sus proyectos migratorios, basta con mirar c\u00f3mo est\u00e1 el mundo para entender que la gente va a seguir migrando. Otra cosa, matiza, es que a quienes jalean esta Europa fortaleza les venga bien la mano de obra sin papeles y por tanto sin derechos laborales. \u201cEs una pol\u00edtica migratoria deliberada, con unas finalidades econ\u00f3micas y pol\u00edticas\u201d, apunta el activista.<\/p>\n<h3>La frontera de Barajas<\/h3>\n<p>No solo no hay citas para solicitar asilo, sino que cada vez es m\u00e1s dif\u00edcil conseguirlo. A principios del mes de febrero CEAR advert\u00eda que, frente a un incremento del 37% de las solicitudes de asilo, las denegaciones hab\u00edan aumentado. As\u00ed, Espa\u00f1a retroced\u00eda en su ya modesta cuota de concesi\u00f3n: solo 12 de cada 100 personas de las que hab\u00edan logrado solicitar protecci\u00f3n internacional en 2023 la hab\u00edan obtenido: un 4,5% menos respecto al a\u00f1o anterior. De las m\u00e1s de 163.000 personas que habr\u00edan solicitado asilo, algunas lo habr\u00edan hecho en Barajas. Un n\u00famero que se increment\u00f3 sensiblemente el pasado oto\u00f1o, cuando las salas destinadas a solicitantes de asilo se vieron saturadas.<\/p>\n<div id=\"attachment_1833812\" class=\"wp-caption alignnone\"><img loading=\"lazy\" decoding=\"async\" aria-describedby=\"caption-attachment-1833812\" class=\"wp-image-1833812 size-full\" src=\"https:\/\/www.pressenza.com\/wp-content\/uploads\/2024\/03\/San-Carlos-Borromeo-Centro-Pastoral-de-Entrevias.jpg\" alt=\"\" width=\"1015\" height=\"624\" srcset=\"https:\/\/www.pressenza.com\/wp-content\/uploads\/2024\/03\/San-Carlos-Borromeo-Centro-Pastoral-de-Entrevias.jpg 1015w, https:\/\/www.pressenza.com\/wp-content\/uploads\/2024\/03\/San-Carlos-Borromeo-Centro-Pastoral-de-Entrevias-300x184.jpg 300w, https:\/\/www.pressenza.com\/wp-content\/uploads\/2024\/03\/San-Carlos-Borromeo-Centro-Pastoral-de-Entrevias-820x504.jpg 820w\" sizes=\"auto, (max-width: 1015px) 100vw, 1015px\" \/><p id=\"caption-attachment-1833812\" class=\"wp-caption-text\">Foto San Carlos Borromeo, Centro Pastoral de Entrevi\u0301as. @EntreBorromeos<\/p><\/div>\n<p>\u201cDesde verano m\u00e1s o menos, empezamos a detectar un aumento de solicitudes de protecci\u00f3n internacional en el aeropuerto\u201d, explica Elena Mu\u00f1oz, coordinadora del \u00c1rea Jur\u00eddica de CEAR. Alertaron de que este incremento de solicitudes no estaba acompa\u00f1ado de un aumento de recursos humanos. En diciembre la situaci\u00f3n ya era insostenible, las salas destinadas a los solicitantes de asilo estaban sobreocupadas. \u201cHab\u00eda en aquella \u00e9poca, m\u00e1s de 300 personas, cuando la capacidad era de unas 150 a 170 plazas y se daban muchos retrasos en la formalizaci\u00f3n de la solicitud\u201d: hasta 20 d\u00edas esperaba la gente en salas no acondicionadas para estas largas estancias, para un tr\u00e1mite que hasta entonces se realizaba con mucha m\u00e1s celeridad.<\/p>\n<p>\u201cPusimos queja ante el Juzgado de control de la sala de inadmitidos de Barajas, que hicieron un acuerdo conjunto solicitando medidas inmediatas al Ministro Interior y a Polic\u00eda para evitar esa situaci\u00f3n, porque se estaban incumpliendo los requisitos m\u00ednimos, tanto de acogida como de procedimiento que establece la normativa europea\u201d, resumen desde CEAR. Pero las primeras semanas la situaci\u00f3n solo hab\u00eda cambiado a peor, se hab\u00edan abierto nuevas salas, tambi\u00e9n inadecuadas \u2014sin luz natural, con un solo ba\u00f1o\u2014\u00a0 y aunque hab\u00eda algunos polic\u00edas m\u00e1s para hacer entrevistas, los retrasos seguir\u00e1n siendo enormes hasta finales de enero, cuando la situaci\u00f3n empieza a normalizarse y volver a los plazos normales. Pero la soluci\u00f3n aportada no lleg\u00f3 por el lado de incrementar los recursos sino de restringir a\u00fan m\u00e1s las entradas.\u00a0 \u00bfC\u00f3mo? imponiendo visados de tr\u00e1nsito: primero, en enero, a las personas que viajaban con pasaporte keniano, la mayor\u00eda de ellos somal\u00edes, despu\u00e9s \u201cvemos otra vez como medida estrella del ministerio de interior imponer un visado de tr\u00e1nsito a las personas de Senegal a partir del 19 de febrero\u201d.<\/p>\n<p>As\u00ed, se restringen las posibilidades para las personas provenientes de \u00c1frica de venir de otra forma que no sea arriesgando su vida en el mar, para luego encontrarse con un sistema de citas para solicitar asilo no operativo, explica Mu\u00f1oz. Esto sucede mientras Espa\u00f1a avanza hacia el horizonte del Pacto Europeo de Migraci\u00f3n y Asilo, que \u201cestablece lo que llamamos ficci\u00f3n jur\u00eddica de no entrada, es decir, considerar que una persona, no solo que llegue en un aeropuerto, sino por ejemplo, las personas que llegan por costa o que son desembarcados despu\u00e9s de una operaci\u00f3n de salvamento, o personas que son interceptadas intentando entrar o incluso ya dentro de territorio, se les va a aplicar el procedimiento fronterizo y se les va a considerar que no est\u00e1n en territorio espa\u00f1ol\u201d.<\/p>\n<div id=\"attachment_1833805\" class=\"wp-caption alignnone\"><img loading=\"lazy\" decoding=\"async\" aria-describedby=\"caption-attachment-1833805\" class=\"wp-image-1833805 size-full\" src=\"https:\/\/www.pressenza.com\/wp-content\/uploads\/2024\/03\/migrantes3-El-salto-diario.jpg\" alt=\"\" width=\"1024\" height=\"551\" srcset=\"https:\/\/www.pressenza.com\/wp-content\/uploads\/2024\/03\/migrantes3-El-salto-diario.jpg 1024w, https:\/\/www.pressenza.com\/wp-content\/uploads\/2024\/03\/migrantes3-El-salto-diario-300x161.jpg 300w, https:\/\/www.pressenza.com\/wp-content\/uploads\/2024\/03\/migrantes3-El-salto-diario-820x441.jpg 820w\" sizes=\"auto, (max-width: 1024px) 100vw, 1024px\" \/><p id=\"caption-attachment-1833805\" class=\"wp-caption-text\">El salto diario, captura de video<\/p><\/div>\n<h3>Europa elige blindarse<\/h3>\n<p>El pasado febrero, M\u00e9dicos sin Fronteras publicaba un informe con el descriptivo nombre: \u201cMuerte, desesperaci\u00f3n y desamparo: el coste humano de las pol\u00edticas migratorias de la UE\u201d. En el mismo, la organizaci\u00f3n registraba lo que ha aprendido en los \u00faltimos tiempos en las fronteras exteriores de la Uni\u00f3n Europea, que el dolor infringido (f\u00edsico, psicol\u00f3gico) es inmenso. Presente en 12 pa\u00edses al sur y norte del Mediterr\u00e1neo, MSF no solo recoge los efectos m\u00e1s visibles de la violencia en las fronteras, como aquellos que se sufren al chocar con elementos disuasorios como las vallas elevadas o con cuchillas, o las consecuencias de ser atrapados por las milicias libias financiadas por Europa. La organizaci\u00f3n tambi\u00e9n aborda el concepto de \u201cseguridad denegada\u201d, se\u00f1alando pol\u00edticas que impiden a las personas sanar, establecerse y acceder a una vida digna. Cuando el asilo es denegado, las personas se ven condenadas a vivir en la calle o buscar soluciones habitacionales fuera del mercado, explica el informe, un vida de desamparo, ya desde dentro de la Europa fortaleza.<\/p>\n<p>Y este es el camino que quiere consolidarse en el Pacto Europeo de Migraciones, que es, seg\u00fan Raquel Gonz\u00e1lez, coordinadora de MSF en Espa\u00f1a \u201cun pasito m\u00e1s en esta institucionalizaci\u00f3n: el refuerzo de la seguridad en las fronteras para tratar que la gente no pase, junto al refuerzo de la externalizaci\u00f3n a terceros pa\u00edses, para que estos hagan el trabajo sucio de contener y controlar esos flujos migratorios\u201d. Respecto a esto, Europa no parece tener ninguna respuesta para quienes seguir\u00e1n llegando, prueba de ello, explica Gonz\u00e1lez, es que\u00a0 \u201cno se hayan reforzado en este \u00faltimo pacto elementos de protecci\u00f3n para aquellas personas que est\u00e1n reconocidas en los Convenios de Ginebra, que son los refugiados\u201d.<\/p>\n<p>Un buen ejemplo de que los derechos de las personas migrantes y refugiadas no son prioritarios para el pacto, apunta la coordinadora de MSF, es que no se haya previsto nada similar a un\u00a0 servicio de salvamento mar\u00edtimo europeo, a pesar de que esta demanda haya sido puesta m\u00faltiples veces sobre la mesa. Al rev\u00e9s, el Pacto se\u00f1ala a las organizaciones de rescate apuntando a una \u201cposible connivencia\u201d con las mafias, o abriendo la posibilidad de que se las acuse de suponer \u201cuna amenaza para la seguridad del Estado\u201d. Gonz\u00e1lez alerta, que las medidas que se introduzcan ser\u00e1n luego muy dif\u00edciles de revertir.<\/p>\n<p>Como Blanca, Gonz\u00e1lez tambi\u00e9n hace memoria hist\u00f3rica, recuerda que en el 2015-16 fue cuando se cruz\u00f3 una l\u00ednea roja de la que no se consigue volver. Fue entonces cuando se \u201cprohibi\u00f3 directamente llegar a refugiados sirios a territorio europeo, apostando por la externalizaci\u00f3n y llegando al acuerdo con Turqu\u00eda de marzo de 2016\u201d: dinero a cambio de contener a quienes huyen desesperadamente de una guerra. Una tendencia, advierte la coordinadora de MSF, que no hace sino agravarse con el paso de los a\u00f1os, fortalecida adem\u00e1s por los discursos deshumanizadores y el doble rasero de la protecci\u00f3n: el prop\u00f3sito de ligar el derecho a protecci\u00f3n internacional a la nacionalidad de la persona,\u00a0 \u201cviola de forma flagrante los Convenios de Ginebra y la protecci\u00f3n a los refugiados\u201d.<\/p>\n<h3>Una mirada privilegiada desde Canarias<\/h3>\n<p>Evitar que la gente llegue a la frontera y cuando de todas formas llegan, evitar que se queden en el territorio, y si de todas formas se quedan, dejarles a su suerte, esa parece ser la t\u00f3nica: \u201cCanarias es un lugar privilegiado para observar hacia d\u00f3nde van las pol\u00edticas migratorias\u201d,\u00a0 apunta la activista Koldob\u00ed Velasco desde las islas. El marco, para esta investigadora antimilitarista, proyecta que \u201cla migraci\u00f3n no es un derecho y que por tanto es una amenaza y se le aplica la l\u00f3gica b\u00e9lica\u201d. Desde la Frontera Sur, los colectivos llevan tiempo viendo una\u00a0 panor\u00e1mica completa de lo que se viene: \u201cel control, la contenci\u00f3n, la coerci\u00f3n y la intercepci\u00f3n, son las \u00fanicas pol\u00edticas sobre la mesa\u201d, considera. Unas pol\u00edticas alimentadas por los intereses de la industria militar y de seguridad, recuerda, esa apuesta estrat\u00e9gica en la que la UE e Israel se entienden tan bien.<\/p>\n<p>Frente a esta securitaci\u00f3n de la frontera, lo que falta, considera Velasco, es una respuesta que no sea la de la emergencia, llena de l\u00edmites: \u201cLa emergencia es entender que esta es una realidad coyuntural y no estructural. Y eso trae una serie de consecuencias en los dispositivos y en la implementaci\u00f3n de esas pol\u00edticas\u201d, explica la activista. Una emergencia que habilita la excepcionalidad en m\u00faltiples y peligrosas dimensiones: \u201cExcepcionalidad democr\u00e1tica. Excepcionalidad de derechos y de libertades y de condiciones adecuadas para la acogida\u201d, enumera Velasco, para concluir: \u201cEmergencia es privatizaci\u00f3n, es mercantilizaci\u00f3n que hace negocio de las migraciones\u201d.<\/p>\n<p>Es bajo este r\u00e9gimen de emergencia, prosigue la activista, que se excluye la participaci\u00f3n tanto de las poblaciones locales como de las personas que migran, lo que en muchos acasos acaba generando desconfianza, racismo y enfrentamientos: \u201cLa emergencia es expulsar, es deportar, es hacernos sentir que las migraciones son un problema y que hay que quit\u00e1rselo de encima\u201d, concluye la activista desde Canarias.<\/p>\n<hr \/>\n<div class=\"recuadro-generico\">\n<div class=\"recuadro-dentro\">\n<div class=\"recuadro-texto\">* Pseud\u00f3nimo<\/div>\n<\/div>\n<\/div>\n","protected":false},"excerpt":{"rendered":"<p>El desamparo espera a quienes consiguen llegar a territorio europeo, tras sortear la externalizaci\u00f3n y la securitizaci\u00f3n de las fronteras, en una Europa que avanza hacia la normalizaci\u00f3n de su vertiente m\u00e1s restrictiva, a trav\u00e9s del Pacto Europeo de Migraci\u00f3n&hellip;<\/p>\n","protected":false},"author":94,"featured_media":1833809,"comment_status":"closed","ping_status":"closed","sticky":false,"template":"","format":"standard","meta":{"footnotes":""},"categories":[64,79,66,54574,106740],"tags":[16466,54979,1092,395,54175],"class_list":["post-1833804","post","type-post","status-publish","format-standard","has-post-thumbnail","hentry","category-africa-es","category-derechos-humanos","category-europa-es","category-migrantes-es","category-reportaje","tag-cie-es","tag-cruz-roja","tag-discriminacion","tag-huelga-de-hambre","tag-migrantes-es"],"yoast_head":"<!-- This site is optimized with the Yoast SEO plugin v27.1.1 - https:\/\/yoast.com\/product\/yoast-seo-wordpress\/ -->\n<title>Llamando a la Europa fortaleza: \u201cQueremos protecci\u00f3n\u201d<\/title>\n<meta name=\"description\" content=\"El desamparo espera a quienes consiguen llegar a territorio europeo, tras sortear la externalizaci\u00f3n y la securitizaci\u00f3n de las fronteras, en una Europa\" \/>\n<meta name=\"robots\" content=\"index, follow, max-snippet:-1, max-image-preview:large, max-video-preview:-1\" \/>\n<link rel=\"canonical\" href=\"https:\/\/www.pressenza.com\/es\/2024\/03\/llamando-a-la-europa-fortaleza-queremos-proteccion\/\" \/>\n<meta property=\"og:locale\" content=\"es_ES\" \/>\n<meta property=\"og:type\" content=\"article\" \/>\n<meta property=\"og:title\" content=\"Llamando a la Europa fortaleza: \u201cQueremos protecci\u00f3n\u201d\" \/>\n<meta property=\"og:description\" content=\"El desamparo espera a quienes consiguen llegar a territorio europeo, tras sortear la externalizaci\u00f3n y la securitizaci\u00f3n de las fronteras, en una Europa\" \/>\n<meta property=\"og:url\" content=\"https:\/\/www.pressenza.com\/es\/2024\/03\/llamando-a-la-europa-fortaleza-queremos-proteccion\/\" \/>\n<meta property=\"og:site_name\" content=\"Pressenza\" \/>\n<meta property=\"article:publisher\" content=\"https:\/\/www.facebook.com\/PressenzaItalia\" \/>\n<meta property=\"article:author\" content=\"https:\/\/www.facebook.com\/pressenza\" \/>\n<meta property=\"article:published_time\" content=\"2024-03-21T22:39:56+00:00\" \/>\n<meta property=\"article:modified_time\" content=\"2024-03-21T23:19:45+00:00\" \/>\n<meta property=\"og:image\" content=\"https:\/\/www.pressenza.com\/wp-content\/uploads\/2024\/03\/San-Carlos-Borromeo1-Centro-Pastoral-de-Entrevias.jpg\" \/>\n\t<meta property=\"og:image:width\" content=\"1020\" \/>\n\t<meta property=\"og:image:height\" content=\"617\" \/>\n\t<meta property=\"og:image:type\" content=\"image\/jpeg\" \/>\n<meta name=\"author\" content=\"Redacci\u00f3n Madrid\" \/>\n<meta name=\"twitter:card\" content=\"summary_large_image\" \/>\n<meta name=\"twitter:creator\" content=\"@pressenza\" \/>\n<meta name=\"twitter:site\" content=\"@PressenzaIPA\" \/>\n<meta name=\"twitter:label1\" content=\"Escrito por\" \/>\n\t<meta name=\"twitter:data1\" content=\"Redacci\u00f3n Madrid\" \/>\n\t<meta name=\"twitter:label2\" content=\"Tiempo de lectura\" \/>\n\t<meta name=\"twitter:data2\" content=\"22 minutos\" \/>\n<script type=\"application\/ld+json\" class=\"yoast-schema-graph\">{\"@context\":\"https:\/\/schema.org\",\"@graph\":[{\"@type\":\"Article\",\"@id\":\"https:\/\/www.pressenza.com\/es\/2024\/03\/llamando-a-la-europa-fortaleza-queremos-proteccion\/#article\",\"isPartOf\":{\"@id\":\"https:\/\/www.pressenza.com\/es\/2024\/03\/llamando-a-la-europa-fortaleza-queremos-proteccion\/\"},\"author\":{\"name\":\"Redacci\u00f3n Madrid\",\"@id\":\"https:\/\/www.pressenza.com\/es\/#\/schema\/person\/828fc40eeca2ad7be3630e5a46adba94\"},\"headline\":\"Llamando a la Europa fortaleza: \u201cQueremos protecci\u00f3n\u201d\",\"datePublished\":\"2024-03-21T22:39:56+00:00\",\"dateModified\":\"2024-03-21T23:19:45+00:00\",\"mainEntityOfPage\":{\"@id\":\"https:\/\/www.pressenza.com\/es\/2024\/03\/llamando-a-la-europa-fortaleza-queremos-proteccion\/\"},\"wordCount\":4864,\"publisher\":{\"@id\":\"https:\/\/www.pressenza.com\/es\/#organization\"},\"image\":{\"@id\":\"https:\/\/www.pressenza.com\/es\/2024\/03\/llamando-a-la-europa-fortaleza-queremos-proteccion\/#primaryimage\"},\"thumbnailUrl\":\"https:\/\/www.pressenza.com\/wp-content\/uploads\/2024\/03\/San-Carlos-Borromeo1-Centro-Pastoral-de-Entrevias.jpg\",\"keywords\":[\"CIE\",\"Cruz Roja\",\"discriminaci\u00f3n\",\"huelga de hambre\",\"migrantes\"],\"articleSection\":[\"Africa\",\"Derechos Humanos\",\"Europa\",\"Migrantes\",\"Reportaje\"],\"inLanguage\":\"es\"},{\"@type\":\"WebPage\",\"@id\":\"https:\/\/www.pressenza.com\/es\/2024\/03\/llamando-a-la-europa-fortaleza-queremos-proteccion\/\",\"url\":\"https:\/\/www.pressenza.com\/es\/2024\/03\/llamando-a-la-europa-fortaleza-queremos-proteccion\/\",\"name\":\"Llamando a la Europa fortaleza: \u201cQueremos protecci\u00f3n\u201d\",\"isPartOf\":{\"@id\":\"https:\/\/www.pressenza.com\/es\/#website\"},\"primaryImageOfPage\":{\"@id\":\"https:\/\/www.pressenza.com\/es\/2024\/03\/llamando-a-la-europa-fortaleza-queremos-proteccion\/#primaryimage\"},\"image\":{\"@id\":\"https:\/\/www.pressenza.com\/es\/2024\/03\/llamando-a-la-europa-fortaleza-queremos-proteccion\/#primaryimage\"},\"thumbnailUrl\":\"https:\/\/www.pressenza.com\/wp-content\/uploads\/2024\/03\/San-Carlos-Borromeo1-Centro-Pastoral-de-Entrevias.jpg\",\"datePublished\":\"2024-03-21T22:39:56+00:00\",\"dateModified\":\"2024-03-21T23:19:45+00:00\",\"description\":\"El desamparo espera a quienes consiguen llegar a territorio europeo, tras sortear la externalizaci\u00f3n y la securitizaci\u00f3n de las fronteras, en una Europa\",\"breadcrumb\":{\"@id\":\"https:\/\/www.pressenza.com\/es\/2024\/03\/llamando-a-la-europa-fortaleza-queremos-proteccion\/#breadcrumb\"},\"inLanguage\":\"es\",\"potentialAction\":[{\"@type\":\"ReadAction\",\"target\":[\"https:\/\/www.pressenza.com\/es\/2024\/03\/llamando-a-la-europa-fortaleza-queremos-proteccion\/\"]}]},{\"@type\":\"ImageObject\",\"inLanguage\":\"es\",\"@id\":\"https:\/\/www.pressenza.com\/es\/2024\/03\/llamando-a-la-europa-fortaleza-queremos-proteccion\/#primaryimage\",\"url\":\"https:\/\/www.pressenza.com\/wp-content\/uploads\/2024\/03\/San-Carlos-Borromeo1-Centro-Pastoral-de-Entrevias.jpg\",\"contentUrl\":\"https:\/\/www.pressenza.com\/wp-content\/uploads\/2024\/03\/San-Carlos-Borromeo1-Centro-Pastoral-de-Entrevias.jpg\",\"width\":1020,\"height\":617},{\"@type\":\"BreadcrumbList\",\"@id\":\"https:\/\/www.pressenza.com\/es\/2024\/03\/llamando-a-la-europa-fortaleza-queremos-proteccion\/#breadcrumb\",\"itemListElement\":[{\"@type\":\"ListItem\",\"position\":1,\"name\":\"Accueil\",\"item\":\"https:\/\/www.pressenza.com\/es\/\"},{\"@type\":\"ListItem\",\"position\":2,\"name\":\"Llamando a la Europa fortaleza: \u201cQueremos protecci\u00f3n\u201d\"}]},{\"@type\":\"WebSite\",\"@id\":\"https:\/\/www.pressenza.com\/es\/#website\",\"url\":\"https:\/\/www.pressenza.com\/es\/\",\"name\":\"Pressenza\",\"description\":\"International Press Agency\",\"publisher\":{\"@id\":\"https:\/\/www.pressenza.com\/es\/#organization\"},\"potentialAction\":[{\"@type\":\"SearchAction\",\"target\":{\"@type\":\"EntryPoint\",\"urlTemplate\":\"https:\/\/www.pressenza.com\/es\/?s={search_term_string}\"},\"query-input\":{\"@type\":\"PropertyValueSpecification\",\"valueRequired\":true,\"valueName\":\"search_term_string\"}}],\"inLanguage\":\"es\"},{\"@type\":\"Organization\",\"@id\":\"https:\/\/www.pressenza.com\/es\/#organization\",\"name\":\"Pressenza\",\"url\":\"https:\/\/www.pressenza.com\/es\/\",\"logo\":{\"@type\":\"ImageObject\",\"inLanguage\":\"es\",\"@id\":\"https:\/\/www.pressenza.com\/es\/#\/schema\/logo\/image\/\",\"url\":\"https:\/\/www.pressenza.com\/wp-content\/uploads\/2022\/10\/pressenza_logo_200x200.jpg\",\"contentUrl\":\"https:\/\/www.pressenza.com\/wp-content\/uploads\/2022\/10\/pressenza_logo_200x200.jpg\",\"width\":200,\"height\":200,\"caption\":\"Pressenza\"},\"image\":{\"@id\":\"https:\/\/www.pressenza.com\/es\/#\/schema\/logo\/image\/\"},\"sameAs\":[\"https:\/\/www.facebook.com\/PressenzaItalia\",\"https:\/\/x.com\/PressenzaIPA\"]},{\"@type\":\"Person\",\"@id\":\"https:\/\/www.pressenza.com\/es\/#\/schema\/person\/828fc40eeca2ad7be3630e5a46adba94\",\"name\":\"Redacci\u00f3n Madrid\",\"description\":\"News from the Pressenza Bureau in Madrid, Spain\",\"sameAs\":[\"https:\/\/www.facebook.com\/pressenza\",\"https:\/\/x.com\/pressenza\"],\"url\":\"https:\/\/www.pressenza.com\/es\/author\/redaccion-madrid\/\"}]}<\/script>\n<!-- \/ Yoast SEO plugin. -->","yoast_head_json":{"title":"Llamando a la Europa fortaleza: \u201cQueremos protecci\u00f3n\u201d","description":"El desamparo espera a quienes consiguen llegar a territorio europeo, tras sortear la externalizaci\u00f3n y la securitizaci\u00f3n de las fronteras, en una Europa","robots":{"index":"index","follow":"follow","max-snippet":"max-snippet:-1","max-image-preview":"max-image-preview:large","max-video-preview":"max-video-preview:-1"},"canonical":"https:\/\/www.pressenza.com\/es\/2024\/03\/llamando-a-la-europa-fortaleza-queremos-proteccion\/","og_locale":"es_ES","og_type":"article","og_title":"Llamando a la Europa fortaleza: \u201cQueremos protecci\u00f3n\u201d","og_description":"El desamparo espera a quienes consiguen llegar a territorio europeo, tras sortear la externalizaci\u00f3n y la securitizaci\u00f3n de las fronteras, en una Europa","og_url":"https:\/\/www.pressenza.com\/es\/2024\/03\/llamando-a-la-europa-fortaleza-queremos-proteccion\/","og_site_name":"Pressenza","article_publisher":"https:\/\/www.facebook.com\/PressenzaItalia","article_author":"https:\/\/www.facebook.com\/pressenza","article_published_time":"2024-03-21T22:39:56+00:00","article_modified_time":"2024-03-21T23:19:45+00:00","og_image":[{"width":1020,"height":617,"url":"https:\/\/www.pressenza.com\/wp-content\/uploads\/2024\/03\/San-Carlos-Borromeo1-Centro-Pastoral-de-Entrevias.jpg","type":"image\/jpeg"}],"author":"Redacci\u00f3n Madrid","twitter_card":"summary_large_image","twitter_creator":"@pressenza","twitter_site":"@PressenzaIPA","twitter_misc":{"Escrito por":"Redacci\u00f3n Madrid","Tiempo de lectura":"22 minutos"},"schema":{"@context":"https:\/\/schema.org","@graph":[{"@type":"Article","@id":"https:\/\/www.pressenza.com\/es\/2024\/03\/llamando-a-la-europa-fortaleza-queremos-proteccion\/#article","isPartOf":{"@id":"https:\/\/www.pressenza.com\/es\/2024\/03\/llamando-a-la-europa-fortaleza-queremos-proteccion\/"},"author":{"name":"Redacci\u00f3n Madrid","@id":"https:\/\/www.pressenza.com\/es\/#\/schema\/person\/828fc40eeca2ad7be3630e5a46adba94"},"headline":"Llamando a la Europa fortaleza: \u201cQueremos protecci\u00f3n\u201d","datePublished":"2024-03-21T22:39:56+00:00","dateModified":"2024-03-21T23:19:45+00:00","mainEntityOfPage":{"@id":"https:\/\/www.pressenza.com\/es\/2024\/03\/llamando-a-la-europa-fortaleza-queremos-proteccion\/"},"wordCount":4864,"publisher":{"@id":"https:\/\/www.pressenza.com\/es\/#organization"},"image":{"@id":"https:\/\/www.pressenza.com\/es\/2024\/03\/llamando-a-la-europa-fortaleza-queremos-proteccion\/#primaryimage"},"thumbnailUrl":"https:\/\/www.pressenza.com\/wp-content\/uploads\/2024\/03\/San-Carlos-Borromeo1-Centro-Pastoral-de-Entrevias.jpg","keywords":["CIE","Cruz Roja","discriminaci\u00f3n","huelga de hambre","migrantes"],"articleSection":["Africa","Derechos Humanos","Europa","Migrantes","Reportaje"],"inLanguage":"es"},{"@type":"WebPage","@id":"https:\/\/www.pressenza.com\/es\/2024\/03\/llamando-a-la-europa-fortaleza-queremos-proteccion\/","url":"https:\/\/www.pressenza.com\/es\/2024\/03\/llamando-a-la-europa-fortaleza-queremos-proteccion\/","name":"Llamando a la Europa fortaleza: \u201cQueremos protecci\u00f3n\u201d","isPartOf":{"@id":"https:\/\/www.pressenza.com\/es\/#website"},"primaryImageOfPage":{"@id":"https:\/\/www.pressenza.com\/es\/2024\/03\/llamando-a-la-europa-fortaleza-queremos-proteccion\/#primaryimage"},"image":{"@id":"https:\/\/www.pressenza.com\/es\/2024\/03\/llamando-a-la-europa-fortaleza-queremos-proteccion\/#primaryimage"},"thumbnailUrl":"https:\/\/www.pressenza.com\/wp-content\/uploads\/2024\/03\/San-Carlos-Borromeo1-Centro-Pastoral-de-Entrevias.jpg","datePublished":"2024-03-21T22:39:56+00:00","dateModified":"2024-03-21T23:19:45+00:00","description":"El desamparo espera a quienes consiguen llegar a territorio europeo, tras sortear la externalizaci\u00f3n y la securitizaci\u00f3n de las fronteras, en una Europa","breadcrumb":{"@id":"https:\/\/www.pressenza.com\/es\/2024\/03\/llamando-a-la-europa-fortaleza-queremos-proteccion\/#breadcrumb"},"inLanguage":"es","potentialAction":[{"@type":"ReadAction","target":["https:\/\/www.pressenza.com\/es\/2024\/03\/llamando-a-la-europa-fortaleza-queremos-proteccion\/"]}]},{"@type":"ImageObject","inLanguage":"es","@id":"https:\/\/www.pressenza.com\/es\/2024\/03\/llamando-a-la-europa-fortaleza-queremos-proteccion\/#primaryimage","url":"https:\/\/www.pressenza.com\/wp-content\/uploads\/2024\/03\/San-Carlos-Borromeo1-Centro-Pastoral-de-Entrevias.jpg","contentUrl":"https:\/\/www.pressenza.com\/wp-content\/uploads\/2024\/03\/San-Carlos-Borromeo1-Centro-Pastoral-de-Entrevias.jpg","width":1020,"height":617},{"@type":"BreadcrumbList","@id":"https:\/\/www.pressenza.com\/es\/2024\/03\/llamando-a-la-europa-fortaleza-queremos-proteccion\/#breadcrumb","itemListElement":[{"@type":"ListItem","position":1,"name":"Accueil","item":"https:\/\/www.pressenza.com\/es\/"},{"@type":"ListItem","position":2,"name":"Llamando a la Europa fortaleza: \u201cQueremos protecci\u00f3n\u201d"}]},{"@type":"WebSite","@id":"https:\/\/www.pressenza.com\/es\/#website","url":"https:\/\/www.pressenza.com\/es\/","name":"Pressenza","description":"International Press Agency","publisher":{"@id":"https:\/\/www.pressenza.com\/es\/#organization"},"potentialAction":[{"@type":"SearchAction","target":{"@type":"EntryPoint","urlTemplate":"https:\/\/www.pressenza.com\/es\/?s={search_term_string}"},"query-input":{"@type":"PropertyValueSpecification","valueRequired":true,"valueName":"search_term_string"}}],"inLanguage":"es"},{"@type":"Organization","@id":"https:\/\/www.pressenza.com\/es\/#organization","name":"Pressenza","url":"https:\/\/www.pressenza.com\/es\/","logo":{"@type":"ImageObject","inLanguage":"es","@id":"https:\/\/www.pressenza.com\/es\/#\/schema\/logo\/image\/","url":"https:\/\/www.pressenza.com\/wp-content\/uploads\/2022\/10\/pressenza_logo_200x200.jpg","contentUrl":"https:\/\/www.pressenza.com\/wp-content\/uploads\/2022\/10\/pressenza_logo_200x200.jpg","width":200,"height":200,"caption":"Pressenza"},"image":{"@id":"https:\/\/www.pressenza.com\/es\/#\/schema\/logo\/image\/"},"sameAs":["https:\/\/www.facebook.com\/PressenzaItalia","https:\/\/x.com\/PressenzaIPA"]},{"@type":"Person","@id":"https:\/\/www.pressenza.com\/es\/#\/schema\/person\/828fc40eeca2ad7be3630e5a46adba94","name":"Redacci\u00f3n Madrid","description":"News from the Pressenza Bureau in Madrid, Spain","sameAs":["https:\/\/www.facebook.com\/pressenza","https:\/\/x.com\/pressenza"],"url":"https:\/\/www.pressenza.com\/es\/author\/redaccion-madrid\/"}]}},"place":"El Salto diario, Espa\u00f1a","original_article_url":"https:\/\/www.elsaltodiario.com\/migracion\/llamando-europa-fortaleza-queremos-proteccion","_links":{"self":[{"href":"https:\/\/www.pressenza.com\/es\/wp-json\/wp\/v2\/posts\/1833804","targetHints":{"allow":["GET"]}}],"collection":[{"href":"https:\/\/www.pressenza.com\/es\/wp-json\/wp\/v2\/posts"}],"about":[{"href":"https:\/\/www.pressenza.com\/es\/wp-json\/wp\/v2\/types\/post"}],"author":[{"embeddable":true,"href":"https:\/\/www.pressenza.com\/es\/wp-json\/wp\/v2\/users\/94"}],"replies":[{"embeddable":true,"href":"https:\/\/www.pressenza.com\/es\/wp-json\/wp\/v2\/comments?post=1833804"}],"version-history":[{"count":0,"href":"https:\/\/www.pressenza.com\/es\/wp-json\/wp\/v2\/posts\/1833804\/revisions"}],"wp:featuredmedia":[{"embeddable":true,"href":"https:\/\/www.pressenza.com\/es\/wp-json\/wp\/v2\/media\/1833809"}],"wp:attachment":[{"href":"https:\/\/www.pressenza.com\/es\/wp-json\/wp\/v2\/media?parent=1833804"}],"wp:term":[{"taxonomy":"category","embeddable":true,"href":"https:\/\/www.pressenza.com\/es\/wp-json\/wp\/v2\/categories?post=1833804"},{"taxonomy":"post_tag","embeddable":true,"href":"https:\/\/www.pressenza.com\/es\/wp-json\/wp\/v2\/tags?post=1833804"}],"curies":[{"name":"wp","href":"https:\/\/api.w.org\/{rel}","templated":true}]}}