{"id":1833755,"date":"2024-03-21T18:49:52","date_gmt":"2024-03-21T18:49:52","guid":{"rendered":"https:\/\/www.pressenza.com\/?p=1833755"},"modified":"2024-03-21T18:49:52","modified_gmt":"2024-03-21T18:49:52","slug":"explosion-en-atanor-un-nuevo-desastre-ambiental-en-san-nicolas-y-orden-judicial-de-cese-inmediato-de-la-actividad-de-la-fabricante-de-agrotoxicos","status":"publish","type":"post","link":"https:\/\/www.pressenza.com\/es\/2024\/03\/explosion-en-atanor-un-nuevo-desastre-ambiental-en-san-nicolas-y-orden-judicial-de-cese-inmediato-de-la-actividad-de-la-fabricante-de-agrotoxicos\/","title":{"rendered":"Explosi\u00f3n en Atanor: un nuevo desastre ambiental en San Nicol\u00e1s y orden judicial de \u201ccese inmediato\u201d de la actividad de la fabricante de agrot\u00f3xicos"},"content":{"rendered":"<p style=\"padding-left: 40px;\">En la madrugada de este mi\u00e9rcoles estall\u00f3 un reactor y una nube t\u00f3xica se expandi\u00f3 por los barrios aleda\u00f1os a la empresa Atanor en San Nicol\u00e1s, provincia de Buenos Aires. El aire se impregn\u00f3 de cianurilo: \u201cDecir cianurilo es decir c\u00e1ncer puro\u201d, denuncian en el vecindario. Pasado el mediod\u00eda, el juzgado de Ejecuci\u00f3n Penal hizo lugar a una medida cautelar de los vecinos y orden\u00f3 el \u201ccese inmediato\u201d de las actividades de la corporaci\u00f3n fabricante de agrot\u00f3xicos. Atanor es la principal productora argentina de tres pesticidas prohibidos en varios pa\u00edses: glifosato, atrazina y 2,4D. Un operario sufri\u00f3 heridas graves y est\u00e1 internado tras la explosi\u00f3n. El a\u00f1o pasado el poder judicial confirm\u00f3, adem\u00e1s, la contaminaci\u00f3n que la empresa genera al R\u00edo Paran\u00e1 y la \u201cilegalidad manifiesta\u201d en la que operaban. Les fijaron una indemnizaci\u00f3n de 150 millones de pesos que no pagaron. Qu\u00e9 dicen los vecinos, que contabilizaron 200 muertes y denunciaron la situaci\u00f3n de contaminaci\u00f3n ante la Corte Interamericana de Derechos Humanos. La explicaci\u00f3n de la reacci\u00f3n qu\u00edmica que produjo la explosi\u00f3n, por la mezcla de sustancias t\u00f3xicas. El abogado de los vecinos consider\u00f3 \u201ccriminal\u201d la actitud de la empresa.<\/p>\n<p style=\"padding-left: 40px;\">Por Lucas Pedulla\/lavaca<\/p>\n<p>\u201cOtra vez explot\u00f3 la f\u00e1brica. Estamos encerrados. No se pueden abrir ventanas ni puertas. La f\u00e1brica revent\u00f3, y hay cianurilo en todo el barrio. Ya va saliendo para todos los barrios y nadie hace ni saca nada. Queda todo en silencio. Nos est\u00e1n matando de a poco. Decir cianurilo es decir c\u00e1ncer puro. Ya no sabemos qu\u00e9 hacer\u201d.<\/p>\n<p>El audio de WhatsApp \u2013desesperado, urgente\u2013 lo manda Miriam Gonz\u00e1lez, una vecina de 67 a\u00f1os del Barrio Qu\u00edmica, en San Nicol\u00e1s (provincia de Buenos Aires), que vive enfrente de Atanor, la principal productora del pa\u00eds de tres herbicidas altamente t\u00f3xicos, prohibidos en varios pa\u00edses (Glifosato, Atrazina y 2,4D), y que volvi\u00f3 a ser noticia por sus efectos sobre el medio ambiente: en la madrugada del mi\u00e9rcoles, entre las 3:30 y 4 de la madrugada, un reactor explot\u00f3, le gener\u00f3 heridas de gravedad a un operario que est\u00e1 internado, y expandi\u00f3 una nube t\u00f3xica que est\u00e1 llegando a los barrios aleda\u00f1os, como Belgrano y Saavedra.<\/p>\n<p>Pasado el mediod\u00eda, el Juzgado de Ejecuci\u00f3n Penal de San Nicol\u00e1s hizo lugar a una medida cautelar presentada por los vecinos. Dispuso:<\/p>\n<ul>\n<li style=\"list-style-type: none;\">\n<ul>\n<li>El \u201ccese inmediato\u201d de las actividades de Atanor \u201ca los fines de garantizar la salud y seguridad de la poblaci\u00f3n\u201d.<\/li>\n<li>Prohibi\u00f3 la salida de camiones con residuos y materiales bajo apercibimiento de multas de 10 millones de pesos en cada caso.<\/li>\n<li>Libr\u00f3 oficio a la Jefatura Departamental de polic\u00eda para que custodie la planta de Atanor y corrobore que se encuentra fuera de funcionamiento.<\/li>\n<li>Dispuso adem\u00e1s que se comunique a la Fiscal\u00eda General, al Ministerio de Medio Ambiente de la provincia de Buenos Aires, al Organismo Provincial de Desarrollo Sostenible (OPDS) y la Autoridad del Agua (ADA). Estos dos \u00faltimos organismos ya hab\u00edan sido fuertemente denunciados por los vecinos por su complicidad en los nulos o exiguos controles en la empresa.<\/li>\n<li>En la resoluci\u00f3n, la jueza Bancalari resalt\u00f3 la ubicaci\u00f3n de la f\u00e1brica dentro del radio urbano por \u201clos peligros que puede implicar para el medio ambiente y las personas que habitamos la ciudad\u201d.<\/li>\n<\/ul>\n<\/li>\n<\/ul>\n<h3 class=\"wp-block-heading\">\u00bfD\u00f3nde est\u00e1 el problema?<\/h3>\n<p>Hace un a\u00f1o, el Juzgado de Ejecuci\u00f3n Penal de San Nicol\u00e1s hab\u00eda probado la existencia de contaminaci\u00f3n que los propios vecinos denunciaron hasta en la Comisi\u00f3n Interamericana de Derechos Humanos (donde presentaron un censo con 200 muertes por diversas enfermedades en la 6 cuadras del barrio) y la jueza Luciana Bancalari consider\u00f3 probado \u201cel marco de ilegalidad manifiesta\u201d en el que funcionaba la empresa. Conviene recordar, como contexto pol\u00edtico de la situaci\u00f3n ambiental en general, que en septiembre de 2023 el entonces candidato a presidente Javier Milei dijo, sin referirse espec\u00edficamente a Atanor: \u201cUna empresa puede contaminar un r\u00edo todo lo que quiera. \u00bfD\u00f3nde est\u00e1 el da\u00f1o? \u00bfD\u00f3nde est\u00e1 el problema?\u201d.<\/p>\n<p>Atanor permite responder a esa pregunta incalificable. Hace a\u00f1os la revista\u00a0<strong><em>MU<\/em><\/strong>\u00a0cubre los efectos de Atanor en la comunidad, y luego del fallo viajamos para hacer <a href=\"https:\/\/lavaca.org\/mu181\/tuve-tu-veneno-contaminacion-en-san-nicolas\/\" target=\"_blank\" rel=\"noopener\"><span style=\"text-decoration: underline;\">esta nota<\/span><\/a>.<\/p>\n<p>Luego, la C\u00e1mara Primera de Apelaci\u00f3n del distrito le fij\u00f3 a la empresa, en un <a href=\"https:\/\/lavaca.org\/notas\/historico-atanor-debera-pagarle-para-remediar-la-contaminacion-del-rio-parana\/\" target=\"_blank\" rel=\"noopener\"><span style=\"text-decoration: underline;\">fallo hist\u00f3rico<\/span><\/a>, una indemnizaci\u00f3n sustitutiva por el da\u00f1o ambiental al R\u00edo Paran\u00e1 de 150 millones de pesos.<\/p>\n<h3 class=\"wp-block-heading\">El origen del estallido<\/h3>\n<p>Los fallos ordenaron una serie de medidas de control que, seg\u00fan advierte el abogado Fabi\u00e1n Maggi, representante de las demandas vecinales, la corporaci\u00f3n no est\u00e1 cumpliendo: \u201cAc\u00e1 hay una sentencia condenatoria que no se cumple. De hecho tampoco pagaron la indemnizaci\u00f3n. Se mantiene el escenario de ilegalidad que se reflej\u00f3 en aquel momento con el agravante de que hoy a las 4 de la ma\u00f1ana, en el proceso productivo de atrazina, el contaminante que aparece omnipresente en el suelo, el r\u00edo, las napas y por todos lados del barrio, agregaron cloruro de cianurilo, y cuando agregan sal de amina se produce una reacci\u00f3n qu\u00edmica adversa del reactor que genera una explosi\u00f3n y posterior incendio\u201d.<\/p>\n<blockquote><p>Consecuencias: \u201cLa explosi\u00f3n afect\u00f3 a los operarios, uno recibi\u00f3 quemaduras severas. Otros pudieron escapar. Y luego, la terrible nube t\u00f3xica por horas que, en un d\u00eda sin viento y con mucha humedad, viaja muy bajo y afect\u00f3 todos los barrios aleda\u00f1os. Como efecto inmediato, irritaci\u00f3n de ojos y de garganta. Las consecuencias de corto y mediano plazo para la salud, a\u00fan no las podemos saber. Es una situaci\u00f3n de extrema gravedad, vuelven a repetirse la conducta criminal de la empresa. Vamos a seguir con medidas judiciales\u201d.<\/p><\/blockquote>\n<h3 class=\"wp-block-heading\">Taxi de atrazina<\/h3>\n<p>Eduardo Ochoa es un extrabajador de Atanor. Lo echaron en 2019, antes de la pandemia, por una supuesta \u201creestructuraci\u00f3n\u201d, que lleg\u00f3 casualmente luego de que Ochoa denunciara la contaminaci\u00f3n de atrazina en el barrio. Ahora es taxista y cuenta a\u00a0<strong>lavaca<\/strong>: \u201cHice un viaje a las 3.30, cuando vuelvo veo a lo lejos una humareda. Pens\u00e9 que estaban quemando basura. Cuando me acerco huelo el olor a cianurilo, muy parecido al forro del salam\u00edn, para que te des una idea. Cuando hago cuatro cuadras ya me met\u00ed en la nube y al toque la vista se te empieza a llorar, a lagrimear, y lo mismo en garganta. Todo en cuesti\u00f3n de segundos. En la f\u00e1brica ya se ve\u00eda el fuego. Me vine a mi casa y le dije a mi se\u00f1ora que cierre todo. Fui a ver a mi mam\u00e1, a dos cuadras de la f\u00e1brica. Para ir ten\u00e9s que pasar por Atanor, pero tuve que doblar en U en medio del humo negro, porque no pod\u00eda respirar m\u00e1s. Ah\u00ed se me llen\u00f3 todo el auto de atrazina. La nube sali\u00f3 derecho a la autopista, y como no hab\u00eda viento qued\u00f3 al ras del piso\u201d. Eduardo filma su taxi lleno de atrazina, y la reacci\u00f3n qu\u00edmica que genera cuando lo lava con agua: \u201cLamentablemente, pese a las denuncias, ac\u00e1 sigue todo igual\u201d.<\/p>\n<blockquote class=\"twitter-tweet\">\n<p dir=\"ltr\" lang=\"es\">\ud83d\udea8<a href=\"https:\/\/twitter.com\/hashtag\/Urgente?src=hash&amp;ref_src=twsrc%5Etfw\">#Urgente<\/a>: Un vecino muestra los efectos de la nube t\u00f3xica que inunda los barrios de San Nicol\u00e1s tras la explosi\u00f3n en Atanor. Su auto cubierto por atrazina, un veneno prohibido en 37 pa\u00edses. Y la reacci\u00f3n qu\u00edmica al agua. <a href=\"https:\/\/t.co\/neLrxximju\">pic.twitter.com\/neLrxximju<\/a><\/p>\n<p>\u2014 lavaca tuitera (@Lavacatuitera) <a href=\"https:\/\/twitter.com\/Lavacatuitera\/status\/1770448903311151367?ref_src=twsrc%5Etfw\">March 20, 2024<\/a><\/p><\/blockquote>\n<p><script async src=\"https:\/\/platform.twitter.com\/widgets.js\" charset=\"utf-8\"><\/script><\/p>\n<p>La explosi\u00f3n de este mi\u00e9rcoles no es la primera. En 2016, a pocos meses de que la f\u00e1brica reabriera sin ning\u00fan tipo de control tras haber sido clausurada, sufri\u00f3 un <a href=\"https:\/\/lavaca.org\/notas\/chauatanor-incendio-en-la-planta-contaminante-de-san-nicolas\/\" target=\"_blank\" rel=\"noopener\"><span style=\"text-decoration: underline;\">incendio que tap\u00f3 con una nube negra t\u00f3xica a todo el barrio<\/span><\/a>.<\/p>\n<p>Miriam Gonz\u00e1lez, la vecina que alert\u00f3 a\u00a0<strong>lavaca<\/strong>, tiene 67 a\u00f1os, cuatro hijos, nueve nietos y la mitad de un ri\u00f1\u00f3n \u201ccompletamente seco\u201d. Fue varias veces a la justicia a denunciar la contaminaci\u00f3n en el Barrio Qu\u00edmica en el que vive, y en una de ellas manifest\u00f3: \u201cTengo mucho dolor continuo, porque la gente que uno quiere se muere, y yo s\u00e9 que todos nos moriremos, pero no hay derecho de que nos quiten as\u00ed la vida\u201d.<\/p>\n<p>Ahora, en audios angustiados, pide que por favor alguien haga algo: \u201cEs terrible. Ac\u00e1 todos estamos encerrados. Ventanas, puertas, tapando todos los agujeros. Es veneno puro. Esto es c\u00e1ncer. La cantidad de gente que ha fallecido desde que vinieron a hacer la \u00faltima nota (marzo del 2023). Esto sigue y nadie lo para. El veedor que ten\u00eda que revisar no lo dejaron pasara. Nada de nada por parte de las autoridades del municipio: todo queda terriblemente aplastado por la burocracia, por la maldad. No puedo hablar mucho, se me seca la garganta, los ojos llorosos y eso que estamos todos encerrados. Pero el aire siempre filtra por alg\u00fan lado\u201d.<\/p>\n<p>Miriam llora: \u201cUno ya est\u00e1 grande pero los hijos, los nietos\u2026 Una calidad de vida mejor pido. Porque no podemos irnos a vivir a otro lado, porque no tenemos medio: no nos compran la casa por la contaminaci\u00f3n que hay ac\u00e1. Que se vayan. Y que nos dejen vivir\u201d.<\/p>\n<p><strong>Compartimos la producci\u00f3n audiovisual que hicimos en 2023<\/strong><\/p>\n<p><iframe loading=\"lazy\" title=\"Atanor en San Nicol\u00e1s: la f\u00e1brica de agrot\u00f3xicos que mata y enferma\" width=\"500\" height=\"281\" src=\"https:\/\/www.youtube.com\/embed\/Jr7oA8OkzJ4?feature=oembed\" frameborder=\"0\" allow=\"accelerometer; autoplay; clipboard-write; encrypted-media; gyroscope; picture-in-picture; web-share\" referrerpolicy=\"strict-origin-when-cross-origin\" allowfullscreen><\/iframe><\/p>\n","protected":false},"excerpt":{"rendered":"<p>En la madrugada de este mi\u00e9rcoles estall\u00f3 un reactor y una nube t\u00f3xica se expandi\u00f3 por los barrios aleda\u00f1os a la empresa Atanor en San Nicol\u00e1s, provincia de Buenos Aires. El aire se impregn\u00f3 de cianurilo: \u201cDecir cianurilo es decir&hellip;<\/p>\n","protected":false},"author":1254,"featured_media":1833760,"comment_status":"closed","ping_status":"closed","sticky":false,"template":"","format":"standard","meta":{"footnotes":""},"categories":[78,74,106740,1239,67],"tags":[30450,54679,30447,23286,7310,6887,13186],"class_list":["post-1833755","post","type-post","status-publish","format-standard","has-post-thumbnail","hentry","category-medio-ambiente-ecologia","category-politica-es","category-reportaje","category-salud","category-sudamerica","tag-2-4d","tag-agrotoxicos-es-2","tag-atanor","tag-atrazina","tag-contaminacion","tag-glifosato","tag-impunidad"],"yoast_head":"<!-- This site is optimized with the Yoast SEO plugin v27.1.1 - https:\/\/yoast.com\/product\/yoast-seo-wordpress\/ -->\n<title>Explosi\u00f3n en Atanor: un nuevo desastre ambiental en San Nicol\u00e1s y orden judicial de \u201ccese inmediato\u201d de la actividad de la fabricante de agrot\u00f3xicos<\/title>\n<meta name=\"description\" content=\"En la madrugada de este mi\u00e9rcoles estall\u00f3 un reactor y una nube t\u00f3xica se expandi\u00f3 por los barrios aleda\u00f1os a la empresa Atanor en San Nicol\u00e1s, provincia\" \/>\n<meta name=\"robots\" content=\"index, follow, max-snippet:-1, max-image-preview:large, max-video-preview:-1\" \/>\n<link rel=\"canonical\" href=\"https:\/\/www.pressenza.com\/es\/2024\/03\/explosion-en-atanor-un-nuevo-desastre-ambiental-en-san-nicolas-y-orden-judicial-de-cese-inmediato-de-la-actividad-de-la-fabricante-de-agrotoxicos\/\" \/>\n<meta property=\"og:locale\" content=\"es_ES\" \/>\n<meta property=\"og:type\" content=\"article\" \/>\n<meta property=\"og:title\" content=\"Explosi\u00f3n en Atanor: un nuevo desastre ambiental en San Nicol\u00e1s y orden judicial de \u201ccese inmediato\u201d de la actividad de la fabricante de agrot\u00f3xicos\" \/>\n<meta property=\"og:description\" content=\"En la madrugada de este mi\u00e9rcoles estall\u00f3 un reactor y una nube t\u00f3xica se expandi\u00f3 por los barrios aleda\u00f1os a la empresa Atanor en San Nicol\u00e1s, provincia\" \/>\n<meta property=\"og:url\" content=\"https:\/\/www.pressenza.com\/es\/2024\/03\/explosion-en-atanor-un-nuevo-desastre-ambiental-en-san-nicolas-y-orden-judicial-de-cese-inmediato-de-la-actividad-de-la-fabricante-de-agrotoxicos\/\" \/>\n<meta property=\"og:site_name\" content=\"Pressenza\" \/>\n<meta property=\"article:publisher\" content=\"https:\/\/www.facebook.com\/PressenzaItalia\" \/>\n<meta property=\"article:author\" content=\"https:\/\/www.facebook.com\/pressenza\" \/>\n<meta property=\"article:published_time\" content=\"2024-03-21T18:49:52+00:00\" \/>\n<meta property=\"og:image\" content=\"https:\/\/www.pressenza.com\/wp-content\/uploads\/2024\/03\/atanor-Sebastian-Smok-La-vaca.jpeg\" \/>\n\t<meta property=\"og:image:width\" content=\"1000\" \/>\n\t<meta property=\"og:image:height\" content=\"666\" \/>\n\t<meta property=\"og:image:type\" content=\"image\/jpeg\" \/>\n<meta name=\"author\" content=\"Redacci\u00f3n Mar del Plata\" \/>\n<meta name=\"twitter:card\" content=\"summary_large_image\" \/>\n<meta name=\"twitter:creator\" content=\"@Pressenza\" \/>\n<meta name=\"twitter:site\" content=\"@PressenzaIPA\" \/>\n<meta name=\"twitter:label1\" content=\"Escrito por\" \/>\n\t<meta name=\"twitter:data1\" content=\"Redacci\u00f3n Mar del Plata\" \/>\n\t<meta name=\"twitter:label2\" content=\"Tiempo de lectura\" \/>\n\t<meta name=\"twitter:data2\" content=\"7 minutos\" \/>\n<script type=\"application\/ld+json\" class=\"yoast-schema-graph\">{\"@context\":\"https:\/\/schema.org\",\"@graph\":[{\"@type\":\"Article\",\"@id\":\"https:\/\/www.pressenza.com\/es\/2024\/03\/explosion-en-atanor-un-nuevo-desastre-ambiental-en-san-nicolas-y-orden-judicial-de-cese-inmediato-de-la-actividad-de-la-fabricante-de-agrotoxicos\/#article\",\"isPartOf\":{\"@id\":\"https:\/\/www.pressenza.com\/es\/2024\/03\/explosion-en-atanor-un-nuevo-desastre-ambiental-en-san-nicolas-y-orden-judicial-de-cese-inmediato-de-la-actividad-de-la-fabricante-de-agrotoxicos\/\"},\"author\":{\"name\":\"Redacci\u00f3n Mar del Plata\",\"@id\":\"https:\/\/www.pressenza.com\/es\/#\/schema\/person\/738658b5125ecea661a8a0b96dba8b69\"},\"headline\":\"Explosi\u00f3n en Atanor: un nuevo desastre ambiental en San Nicol\u00e1s y orden judicial de \u201ccese inmediato\u201d de la actividad de la fabricante de agrot\u00f3xicos\",\"datePublished\":\"2024-03-21T18:49:52+00:00\",\"mainEntityOfPage\":{\"@id\":\"https:\/\/www.pressenza.com\/es\/2024\/03\/explosion-en-atanor-un-nuevo-desastre-ambiental-en-san-nicolas-y-orden-judicial-de-cese-inmediato-de-la-actividad-de-la-fabricante-de-agrotoxicos\/\"},\"wordCount\":1610,\"publisher\":{\"@id\":\"https:\/\/www.pressenza.com\/es\/#organization\"},\"image\":{\"@id\":\"https:\/\/www.pressenza.com\/es\/2024\/03\/explosion-en-atanor-un-nuevo-desastre-ambiental-en-san-nicolas-y-orden-judicial-de-cese-inmediato-de-la-actividad-de-la-fabricante-de-agrotoxicos\/#primaryimage\"},\"thumbnailUrl\":\"https:\/\/www.pressenza.com\/wp-content\/uploads\/2024\/03\/atanor-Sebastian-Smok-La-vaca.jpeg\",\"keywords\":[\"2-4D\",\"agrotoxicos\",\"Atanor\",\"atrazina\",\"contaminaci\u00f3n\",\"glifosato\",\"Impunidad\"],\"articleSection\":[\"Ecolog\u00eda y Medio Ambiente\",\"Pol\u00edtica\",\"Reportaje\",\"Salud\",\"Sudam\u00e9rica\"],\"inLanguage\":\"es\"},{\"@type\":\"WebPage\",\"@id\":\"https:\/\/www.pressenza.com\/es\/2024\/03\/explosion-en-atanor-un-nuevo-desastre-ambiental-en-san-nicolas-y-orden-judicial-de-cese-inmediato-de-la-actividad-de-la-fabricante-de-agrotoxicos\/\",\"url\":\"https:\/\/www.pressenza.com\/es\/2024\/03\/explosion-en-atanor-un-nuevo-desastre-ambiental-en-san-nicolas-y-orden-judicial-de-cese-inmediato-de-la-actividad-de-la-fabricante-de-agrotoxicos\/\",\"name\":\"Explosi\u00f3n en Atanor: un nuevo desastre ambiental en San Nicol\u00e1s y orden judicial de \u201ccese inmediato\u201d de la actividad de la fabricante de agrot\u00f3xicos\",\"isPartOf\":{\"@id\":\"https:\/\/www.pressenza.com\/es\/#website\"},\"primaryImageOfPage\":{\"@id\":\"https:\/\/www.pressenza.com\/es\/2024\/03\/explosion-en-atanor-un-nuevo-desastre-ambiental-en-san-nicolas-y-orden-judicial-de-cese-inmediato-de-la-actividad-de-la-fabricante-de-agrotoxicos\/#primaryimage\"},\"image\":{\"@id\":\"https:\/\/www.pressenza.com\/es\/2024\/03\/explosion-en-atanor-un-nuevo-desastre-ambiental-en-san-nicolas-y-orden-judicial-de-cese-inmediato-de-la-actividad-de-la-fabricante-de-agrotoxicos\/#primaryimage\"},\"thumbnailUrl\":\"https:\/\/www.pressenza.com\/wp-content\/uploads\/2024\/03\/atanor-Sebastian-Smok-La-vaca.jpeg\",\"datePublished\":\"2024-03-21T18:49:52+00:00\",\"description\":\"En la madrugada de este mi\u00e9rcoles estall\u00f3 un reactor y una nube t\u00f3xica se expandi\u00f3 por los barrios aleda\u00f1os a la empresa Atanor en San Nicol\u00e1s, provincia\",\"breadcrumb\":{\"@id\":\"https:\/\/www.pressenza.com\/es\/2024\/03\/explosion-en-atanor-un-nuevo-desastre-ambiental-en-san-nicolas-y-orden-judicial-de-cese-inmediato-de-la-actividad-de-la-fabricante-de-agrotoxicos\/#breadcrumb\"},\"inLanguage\":\"es\",\"potentialAction\":[{\"@type\":\"ReadAction\",\"target\":[\"https:\/\/www.pressenza.com\/es\/2024\/03\/explosion-en-atanor-un-nuevo-desastre-ambiental-en-san-nicolas-y-orden-judicial-de-cese-inmediato-de-la-actividad-de-la-fabricante-de-agrotoxicos\/\"]}]},{\"@type\":\"ImageObject\",\"inLanguage\":\"es\",\"@id\":\"https:\/\/www.pressenza.com\/es\/2024\/03\/explosion-en-atanor-un-nuevo-desastre-ambiental-en-san-nicolas-y-orden-judicial-de-cese-inmediato-de-la-actividad-de-la-fabricante-de-agrotoxicos\/#primaryimage\",\"url\":\"https:\/\/www.pressenza.com\/wp-content\/uploads\/2024\/03\/atanor-Sebastian-Smok-La-vaca.jpeg\",\"contentUrl\":\"https:\/\/www.pressenza.com\/wp-content\/uploads\/2024\/03\/atanor-Sebastian-Smok-La-vaca.jpeg\",\"width\":1000,\"height\":666},{\"@type\":\"BreadcrumbList\",\"@id\":\"https:\/\/www.pressenza.com\/es\/2024\/03\/explosion-en-atanor-un-nuevo-desastre-ambiental-en-san-nicolas-y-orden-judicial-de-cese-inmediato-de-la-actividad-de-la-fabricante-de-agrotoxicos\/#breadcrumb\",\"itemListElement\":[{\"@type\":\"ListItem\",\"position\":1,\"name\":\"Accueil\",\"item\":\"https:\/\/www.pressenza.com\/es\/\"},{\"@type\":\"ListItem\",\"position\":2,\"name\":\"Explosi\u00f3n en Atanor: un nuevo desastre ambiental en San Nicol\u00e1s y orden judicial de \u201ccese inmediato\u201d de la actividad de la fabricante de agrot\u00f3xicos\"}]},{\"@type\":\"WebSite\",\"@id\":\"https:\/\/www.pressenza.com\/es\/#website\",\"url\":\"https:\/\/www.pressenza.com\/es\/\",\"name\":\"Pressenza\",\"description\":\"International Press Agency\",\"publisher\":{\"@id\":\"https:\/\/www.pressenza.com\/es\/#organization\"},\"potentialAction\":[{\"@type\":\"SearchAction\",\"target\":{\"@type\":\"EntryPoint\",\"urlTemplate\":\"https:\/\/www.pressenza.com\/es\/?s={search_term_string}\"},\"query-input\":{\"@type\":\"PropertyValueSpecification\",\"valueRequired\":true,\"valueName\":\"search_term_string\"}}],\"inLanguage\":\"es\"},{\"@type\":\"Organization\",\"@id\":\"https:\/\/www.pressenza.com\/es\/#organization\",\"name\":\"Pressenza\",\"url\":\"https:\/\/www.pressenza.com\/es\/\",\"logo\":{\"@type\":\"ImageObject\",\"inLanguage\":\"es\",\"@id\":\"https:\/\/www.pressenza.com\/es\/#\/schema\/logo\/image\/\",\"url\":\"https:\/\/www.pressenza.com\/wp-content\/uploads\/2022\/10\/pressenza_logo_200x200.jpg\",\"contentUrl\":\"https:\/\/www.pressenza.com\/wp-content\/uploads\/2022\/10\/pressenza_logo_200x200.jpg\",\"width\":200,\"height\":200,\"caption\":\"Pressenza\"},\"image\":{\"@id\":\"https:\/\/www.pressenza.com\/es\/#\/schema\/logo\/image\/\"},\"sameAs\":[\"https:\/\/www.facebook.com\/PressenzaItalia\",\"https:\/\/x.com\/PressenzaIPA\"]},{\"@type\":\"Person\",\"@id\":\"https:\/\/www.pressenza.com\/es\/#\/schema\/person\/738658b5125ecea661a8a0b96dba8b69\",\"name\":\"Redacci\u00f3n Mar del Plata\",\"description\":\"News published by the Pressenza bureau in Mar Del Plata, Argentina\",\"sameAs\":[\"https:\/\/www.facebook.com\/pressenza\",\"https:\/\/x.com\/Pressenza\"],\"url\":\"https:\/\/www.pressenza.com\/es\/author\/redaccion-mar-del-plata\/\"}]}<\/script>\n<!-- \/ Yoast SEO plugin. -->","yoast_head_json":{"title":"Explosi\u00f3n en Atanor: un nuevo desastre ambiental en San Nicol\u00e1s y orden judicial de \u201ccese inmediato\u201d de la actividad de la fabricante de agrot\u00f3xicos","description":"En la madrugada de este mi\u00e9rcoles estall\u00f3 un reactor y una nube t\u00f3xica se expandi\u00f3 por los barrios aleda\u00f1os a la empresa Atanor en San Nicol\u00e1s, provincia","robots":{"index":"index","follow":"follow","max-snippet":"max-snippet:-1","max-image-preview":"max-image-preview:large","max-video-preview":"max-video-preview:-1"},"canonical":"https:\/\/www.pressenza.com\/es\/2024\/03\/explosion-en-atanor-un-nuevo-desastre-ambiental-en-san-nicolas-y-orden-judicial-de-cese-inmediato-de-la-actividad-de-la-fabricante-de-agrotoxicos\/","og_locale":"es_ES","og_type":"article","og_title":"Explosi\u00f3n en Atanor: un nuevo desastre ambiental en San Nicol\u00e1s y orden judicial de \u201ccese inmediato\u201d de la actividad de la fabricante de agrot\u00f3xicos","og_description":"En la madrugada de este mi\u00e9rcoles estall\u00f3 un reactor y una nube t\u00f3xica se expandi\u00f3 por los barrios aleda\u00f1os a la empresa Atanor en San Nicol\u00e1s, provincia","og_url":"https:\/\/www.pressenza.com\/es\/2024\/03\/explosion-en-atanor-un-nuevo-desastre-ambiental-en-san-nicolas-y-orden-judicial-de-cese-inmediato-de-la-actividad-de-la-fabricante-de-agrotoxicos\/","og_site_name":"Pressenza","article_publisher":"https:\/\/www.facebook.com\/PressenzaItalia","article_author":"https:\/\/www.facebook.com\/pressenza","article_published_time":"2024-03-21T18:49:52+00:00","og_image":[{"width":1000,"height":666,"url":"https:\/\/www.pressenza.com\/wp-content\/uploads\/2024\/03\/atanor-Sebastian-Smok-La-vaca.jpeg","type":"image\/jpeg"}],"author":"Redacci\u00f3n Mar del Plata","twitter_card":"summary_large_image","twitter_creator":"@Pressenza","twitter_site":"@PressenzaIPA","twitter_misc":{"Escrito por":"Redacci\u00f3n Mar del Plata","Tiempo de lectura":"7 minutos"},"schema":{"@context":"https:\/\/schema.org","@graph":[{"@type":"Article","@id":"https:\/\/www.pressenza.com\/es\/2024\/03\/explosion-en-atanor-un-nuevo-desastre-ambiental-en-san-nicolas-y-orden-judicial-de-cese-inmediato-de-la-actividad-de-la-fabricante-de-agrotoxicos\/#article","isPartOf":{"@id":"https:\/\/www.pressenza.com\/es\/2024\/03\/explosion-en-atanor-un-nuevo-desastre-ambiental-en-san-nicolas-y-orden-judicial-de-cese-inmediato-de-la-actividad-de-la-fabricante-de-agrotoxicos\/"},"author":{"name":"Redacci\u00f3n Mar del Plata","@id":"https:\/\/www.pressenza.com\/es\/#\/schema\/person\/738658b5125ecea661a8a0b96dba8b69"},"headline":"Explosi\u00f3n en Atanor: un nuevo desastre ambiental en San Nicol\u00e1s y orden judicial de \u201ccese inmediato\u201d de la actividad de la fabricante de agrot\u00f3xicos","datePublished":"2024-03-21T18:49:52+00:00","mainEntityOfPage":{"@id":"https:\/\/www.pressenza.com\/es\/2024\/03\/explosion-en-atanor-un-nuevo-desastre-ambiental-en-san-nicolas-y-orden-judicial-de-cese-inmediato-de-la-actividad-de-la-fabricante-de-agrotoxicos\/"},"wordCount":1610,"publisher":{"@id":"https:\/\/www.pressenza.com\/es\/#organization"},"image":{"@id":"https:\/\/www.pressenza.com\/es\/2024\/03\/explosion-en-atanor-un-nuevo-desastre-ambiental-en-san-nicolas-y-orden-judicial-de-cese-inmediato-de-la-actividad-de-la-fabricante-de-agrotoxicos\/#primaryimage"},"thumbnailUrl":"https:\/\/www.pressenza.com\/wp-content\/uploads\/2024\/03\/atanor-Sebastian-Smok-La-vaca.jpeg","keywords":["2-4D","agrotoxicos","Atanor","atrazina","contaminaci\u00f3n","glifosato","Impunidad"],"articleSection":["Ecolog\u00eda y Medio Ambiente","Pol\u00edtica","Reportaje","Salud","Sudam\u00e9rica"],"inLanguage":"es"},{"@type":"WebPage","@id":"https:\/\/www.pressenza.com\/es\/2024\/03\/explosion-en-atanor-un-nuevo-desastre-ambiental-en-san-nicolas-y-orden-judicial-de-cese-inmediato-de-la-actividad-de-la-fabricante-de-agrotoxicos\/","url":"https:\/\/www.pressenza.com\/es\/2024\/03\/explosion-en-atanor-un-nuevo-desastre-ambiental-en-san-nicolas-y-orden-judicial-de-cese-inmediato-de-la-actividad-de-la-fabricante-de-agrotoxicos\/","name":"Explosi\u00f3n en Atanor: un nuevo desastre ambiental en San Nicol\u00e1s y orden judicial de \u201ccese inmediato\u201d de la actividad de la fabricante de agrot\u00f3xicos","isPartOf":{"@id":"https:\/\/www.pressenza.com\/es\/#website"},"primaryImageOfPage":{"@id":"https:\/\/www.pressenza.com\/es\/2024\/03\/explosion-en-atanor-un-nuevo-desastre-ambiental-en-san-nicolas-y-orden-judicial-de-cese-inmediato-de-la-actividad-de-la-fabricante-de-agrotoxicos\/#primaryimage"},"image":{"@id":"https:\/\/www.pressenza.com\/es\/2024\/03\/explosion-en-atanor-un-nuevo-desastre-ambiental-en-san-nicolas-y-orden-judicial-de-cese-inmediato-de-la-actividad-de-la-fabricante-de-agrotoxicos\/#primaryimage"},"thumbnailUrl":"https:\/\/www.pressenza.com\/wp-content\/uploads\/2024\/03\/atanor-Sebastian-Smok-La-vaca.jpeg","datePublished":"2024-03-21T18:49:52+00:00","description":"En la madrugada de este mi\u00e9rcoles estall\u00f3 un reactor y una nube t\u00f3xica se expandi\u00f3 por los barrios aleda\u00f1os a la empresa Atanor en San Nicol\u00e1s, provincia","breadcrumb":{"@id":"https:\/\/www.pressenza.com\/es\/2024\/03\/explosion-en-atanor-un-nuevo-desastre-ambiental-en-san-nicolas-y-orden-judicial-de-cese-inmediato-de-la-actividad-de-la-fabricante-de-agrotoxicos\/#breadcrumb"},"inLanguage":"es","potentialAction":[{"@type":"ReadAction","target":["https:\/\/www.pressenza.com\/es\/2024\/03\/explosion-en-atanor-un-nuevo-desastre-ambiental-en-san-nicolas-y-orden-judicial-de-cese-inmediato-de-la-actividad-de-la-fabricante-de-agrotoxicos\/"]}]},{"@type":"ImageObject","inLanguage":"es","@id":"https:\/\/www.pressenza.com\/es\/2024\/03\/explosion-en-atanor-un-nuevo-desastre-ambiental-en-san-nicolas-y-orden-judicial-de-cese-inmediato-de-la-actividad-de-la-fabricante-de-agrotoxicos\/#primaryimage","url":"https:\/\/www.pressenza.com\/wp-content\/uploads\/2024\/03\/atanor-Sebastian-Smok-La-vaca.jpeg","contentUrl":"https:\/\/www.pressenza.com\/wp-content\/uploads\/2024\/03\/atanor-Sebastian-Smok-La-vaca.jpeg","width":1000,"height":666},{"@type":"BreadcrumbList","@id":"https:\/\/www.pressenza.com\/es\/2024\/03\/explosion-en-atanor-un-nuevo-desastre-ambiental-en-san-nicolas-y-orden-judicial-de-cese-inmediato-de-la-actividad-de-la-fabricante-de-agrotoxicos\/#breadcrumb","itemListElement":[{"@type":"ListItem","position":1,"name":"Accueil","item":"https:\/\/www.pressenza.com\/es\/"},{"@type":"ListItem","position":2,"name":"Explosi\u00f3n en Atanor: un nuevo desastre ambiental en San Nicol\u00e1s y orden judicial de \u201ccese inmediato\u201d de la actividad de la fabricante de agrot\u00f3xicos"}]},{"@type":"WebSite","@id":"https:\/\/www.pressenza.com\/es\/#website","url":"https:\/\/www.pressenza.com\/es\/","name":"Pressenza","description":"International Press Agency","publisher":{"@id":"https:\/\/www.pressenza.com\/es\/#organization"},"potentialAction":[{"@type":"SearchAction","target":{"@type":"EntryPoint","urlTemplate":"https:\/\/www.pressenza.com\/es\/?s={search_term_string}"},"query-input":{"@type":"PropertyValueSpecification","valueRequired":true,"valueName":"search_term_string"}}],"inLanguage":"es"},{"@type":"Organization","@id":"https:\/\/www.pressenza.com\/es\/#organization","name":"Pressenza","url":"https:\/\/www.pressenza.com\/es\/","logo":{"@type":"ImageObject","inLanguage":"es","@id":"https:\/\/www.pressenza.com\/es\/#\/schema\/logo\/image\/","url":"https:\/\/www.pressenza.com\/wp-content\/uploads\/2022\/10\/pressenza_logo_200x200.jpg","contentUrl":"https:\/\/www.pressenza.com\/wp-content\/uploads\/2022\/10\/pressenza_logo_200x200.jpg","width":200,"height":200,"caption":"Pressenza"},"image":{"@id":"https:\/\/www.pressenza.com\/es\/#\/schema\/logo\/image\/"},"sameAs":["https:\/\/www.facebook.com\/PressenzaItalia","https:\/\/x.com\/PressenzaIPA"]},{"@type":"Person","@id":"https:\/\/www.pressenza.com\/es\/#\/schema\/person\/738658b5125ecea661a8a0b96dba8b69","name":"Redacci\u00f3n Mar del Plata","description":"News published by the Pressenza bureau in Mar Del Plata, Argentina","sameAs":["https:\/\/www.facebook.com\/pressenza","https:\/\/x.com\/Pressenza"],"url":"https:\/\/www.pressenza.com\/es\/author\/redaccion-mar-del-plata\/"}]}},"place":"la vaca, Argentina","original_article_url":"https:\/\/lavaca.org\/actualidad\/explosion-en-atanor-humo-y-contaminacion-en-un-nuevo-desastre-ambiental-en-san-nicolas\/","_links":{"self":[{"href":"https:\/\/www.pressenza.com\/es\/wp-json\/wp\/v2\/posts\/1833755","targetHints":{"allow":["GET"]}}],"collection":[{"href":"https:\/\/www.pressenza.com\/es\/wp-json\/wp\/v2\/posts"}],"about":[{"href":"https:\/\/www.pressenza.com\/es\/wp-json\/wp\/v2\/types\/post"}],"author":[{"embeddable":true,"href":"https:\/\/www.pressenza.com\/es\/wp-json\/wp\/v2\/users\/1254"}],"replies":[{"embeddable":true,"href":"https:\/\/www.pressenza.com\/es\/wp-json\/wp\/v2\/comments?post=1833755"}],"version-history":[{"count":0,"href":"https:\/\/www.pressenza.com\/es\/wp-json\/wp\/v2\/posts\/1833755\/revisions"}],"wp:featuredmedia":[{"embeddable":true,"href":"https:\/\/www.pressenza.com\/es\/wp-json\/wp\/v2\/media\/1833760"}],"wp:attachment":[{"href":"https:\/\/www.pressenza.com\/es\/wp-json\/wp\/v2\/media?parent=1833755"}],"wp:term":[{"taxonomy":"category","embeddable":true,"href":"https:\/\/www.pressenza.com\/es\/wp-json\/wp\/v2\/categories?post=1833755"},{"taxonomy":"post_tag","embeddable":true,"href":"https:\/\/www.pressenza.com\/es\/wp-json\/wp\/v2\/tags?post=1833755"}],"curies":[{"name":"wp","href":"https:\/\/api.w.org\/{rel}","templated":true}]}}