{"id":1833,"date":"2009-10-20T00:00:00","date_gmt":"2009-10-20T00:00:00","guid":{"rendered":""},"modified":"2009-10-25T01:20:57","modified_gmt":"2009-10-25T01:20:57","slug":"vientos-de-paz-en-diyarbakir","status":"publish","type":"post","link":"https:\/\/www.pressenza.com\/es\/2009\/10\/vientos-de-paz-en-diyarbakir\/","title":{"rendered":"Vientos de paz en Diyarbakir"},"content":{"rendered":"<p>En la ma\u00f1ana del 19 de octubre, el equipo de la MM en Turqu\u00eda ha sido recibido por personalidades de Diyarbakir, la segunda ciudad m\u00e1s grande del sureste de la regi\u00f3n de Anatolia. Entre otros, se han entrevistado con el Gobernador y el Vicegobernador, y los Presidentes de la Camara de Comercio y de la Asociacion de Empresarios.<br \/>\nLa MM ha llegado a esta ciudad, en un momento especial en el que representantes de tres grupos de guerrilleros kurdos van a cruzar la frontera para mantener conversaciones con el Gobierno en una apuesta por la paz. En las ciudades mas importantes de Turquia se han organizado manifestaciones y festivales multitudinarios por este motivo. Tambi\u00e9n hasta all\u00ed, en pleno centro de la zona kurda, se ha dirigido el equipo de la MM que ha sido muy bien acogido tanto por los asistentes como por la organizaci\u00f3n. Por la tarde, miembros del equipo han sido invitados a subir al escenario y ante m\u00e1s de 4000 personas han presentado su propuesta de no-violencia.<\/p>\n","protected":false},"excerpt":{"rendered":"<p>El 19 de octubre y despu\u00e9s de entrevistarse con algunas personalidades de esta ciudad del sureste de Anatolia, los marchantes por la paz participaron de un festival y ante m\u00e1s de 4.000 personas dieron su mensaje de no-violencia en un momento que parece abrirse a una posibilidad de paz entre turcos y kurdos de esta parte de Turqu\u00eda.<\/p>\n","protected":false},"author":19,"featured_media":0,"comment_status":"closed","ping_status":"open","sticky":false,"template":"","format":"standard","meta":{"footnotes":""},"categories":[71,74],"tags":[],"class_list":["post-1833","post","type-post","status-publish","format-standard","hentry","category-medio-oriente-es","category-politica-es"],"yoast_head":"<!-- This site is optimized with the Yoast SEO plugin v27.1.1 - https:\/\/yoast.com\/product\/yoast-seo-wordpress\/ -->\n<title>Vientos de paz en Diyarbakir<\/title>\n<meta name=\"description\" content=\"El 19 de octubre y despu\u00e9s de entrevistarse con algunas personalidades de esta ciudad del sureste de Anatolia, los marchantes por la paz participaron de un festival y ante m\u00e1s de 4.000 personas dieron su mensaje de no-violencia en un momento que parece abrirse a una posibilidad de paz entre turcos y kurdos de esta parte de Turqu\u00eda.\" \/>\n<meta name=\"robots\" content=\"index, follow, max-snippet:-1, max-image-preview:large, max-video-preview:-1\" \/>\n<link rel=\"canonical\" href=\"https:\/\/www.pressenza.com\/es\/2009\/10\/vientos-de-paz-en-diyarbakir\/\" \/>\n<meta property=\"og:locale\" content=\"es_ES\" \/>\n<meta property=\"og:type\" content=\"article\" \/>\n<meta property=\"og:title\" content=\"Vientos de paz en Diyarbakir\" \/>\n<meta property=\"og:description\" content=\"El 19 de octubre y despu\u00e9s de entrevistarse con algunas personalidades de esta ciudad del sureste de Anatolia, los marchantes por la paz participaron de un festival y ante m\u00e1s de 4.000 personas dieron su mensaje de no-violencia en un momento que parece abrirse a una posibilidad de paz entre turcos y kurdos de esta parte de Turqu\u00eda.\" \/>\n<meta property=\"og:url\" content=\"https:\/\/www.pressenza.com\/es\/2009\/10\/vientos-de-paz-en-diyarbakir\/\" \/>\n<meta property=\"og:site_name\" content=\"Pressenza\" \/>\n<meta property=\"article:publisher\" content=\"https:\/\/www.facebook.com\/PressenzaItalia\" \/>\n<meta property=\"article:author\" content=\"https:\/\/www.facebook.com\/pressenza\" \/>\n<meta property=\"article:published_time\" content=\"2009-10-20T00:00:00+00:00\" \/>\n<meta property=\"article:modified_time\" content=\"2009-10-25T01:20:57+00:00\" \/>\n<meta name=\"author\" content=\"Pressenza IPA\" \/>\n<meta name=\"twitter:card\" content=\"summary_large_image\" \/>\n<meta name=\"twitter:creator\" content=\"@PressenzaIPA\" \/>\n<meta name=\"twitter:site\" content=\"@PressenzaIPA\" \/>\n<meta name=\"twitter:label1\" content=\"Escrito por\" \/>\n\t<meta name=\"twitter:data1\" content=\"Pressenza IPA\" \/>\n\t<meta name=\"twitter:label2\" content=\"Tiempo de lectura\" \/>\n\t<meta name=\"twitter:data2\" content=\"1 minuto\" \/>\n<script type=\"application\/ld+json\" class=\"yoast-schema-graph\">{\"@context\":\"https:\/\/schema.org\",\"@graph\":[{\"@type\":\"Article\",\"@id\":\"https:\/\/www.pressenza.com\/es\/2009\/10\/vientos-de-paz-en-diyarbakir\/#article\",\"isPartOf\":{\"@id\":\"https:\/\/www.pressenza.com\/es\/2009\/10\/vientos-de-paz-en-diyarbakir\/\"},\"author\":{\"name\":\"Pressenza IPA\",\"@id\":\"https:\/\/www.pressenza.com\/es\/#\/schema\/person\/010e5d02bcf40965427a1289a4cc8d75\"},\"headline\":\"Vientos de paz en Diyarbakir\",\"datePublished\":\"2009-10-20T00:00:00+00:00\",\"dateModified\":\"2009-10-25T01:20:57+00:00\",\"mainEntityOfPage\":{\"@id\":\"https:\/\/www.pressenza.com\/es\/2009\/10\/vientos-de-paz-en-diyarbakir\/\"},\"wordCount\":180,\"publisher\":{\"@id\":\"https:\/\/www.pressenza.com\/es\/#organization\"},\"articleSection\":[\"Medio Oriente\",\"Pol\u00edtica\"],\"inLanguage\":\"es\"},{\"@type\":\"WebPage\",\"@id\":\"https:\/\/www.pressenza.com\/es\/2009\/10\/vientos-de-paz-en-diyarbakir\/\",\"url\":\"https:\/\/www.pressenza.com\/es\/2009\/10\/vientos-de-paz-en-diyarbakir\/\",\"name\":\"Vientos de paz en Diyarbakir\",\"isPartOf\":{\"@id\":\"https:\/\/www.pressenza.com\/es\/#website\"},\"datePublished\":\"2009-10-20T00:00:00+00:00\",\"dateModified\":\"2009-10-25T01:20:57+00:00\",\"description\":\"El 19 de octubre y despu\u00e9s de entrevistarse con algunas personalidades de esta ciudad del sureste de Anatolia, los marchantes por la paz participaron de un festival y ante m\u00e1s de 4.000 personas dieron su mensaje de no-violencia en un momento que parece abrirse a una posibilidad de paz entre turcos y kurdos de esta parte de Turqu\u00eda.\",\"breadcrumb\":{\"@id\":\"https:\/\/www.pressenza.com\/es\/2009\/10\/vientos-de-paz-en-diyarbakir\/#breadcrumb\"},\"inLanguage\":\"es\",\"potentialAction\":[{\"@type\":\"ReadAction\",\"target\":[\"https:\/\/www.pressenza.com\/es\/2009\/10\/vientos-de-paz-en-diyarbakir\/\"]}]},{\"@type\":\"BreadcrumbList\",\"@id\":\"https:\/\/www.pressenza.com\/es\/2009\/10\/vientos-de-paz-en-diyarbakir\/#breadcrumb\",\"itemListElement\":[{\"@type\":\"ListItem\",\"position\":1,\"name\":\"Accueil\",\"item\":\"https:\/\/www.pressenza.com\/es\/\"},{\"@type\":\"ListItem\",\"position\":2,\"name\":\"Vientos de paz en Diyarbakir\"}]},{\"@type\":\"WebSite\",\"@id\":\"https:\/\/www.pressenza.com\/es\/#website\",\"url\":\"https:\/\/www.pressenza.com\/es\/\",\"name\":\"Pressenza\",\"description\":\"International Press Agency\",\"publisher\":{\"@id\":\"https:\/\/www.pressenza.com\/es\/#organization\"},\"potentialAction\":[{\"@type\":\"SearchAction\",\"target\":{\"@type\":\"EntryPoint\",\"urlTemplate\":\"https:\/\/www.pressenza.com\/es\/?s={search_term_string}\"},\"query-input\":{\"@type\":\"PropertyValueSpecification\",\"valueRequired\":true,\"valueName\":\"search_term_string\"}}],\"inLanguage\":\"es\"},{\"@type\":\"Organization\",\"@id\":\"https:\/\/www.pressenza.com\/es\/#organization\",\"name\":\"Pressenza\",\"url\":\"https:\/\/www.pressenza.com\/es\/\",\"logo\":{\"@type\":\"ImageObject\",\"inLanguage\":\"es\",\"@id\":\"https:\/\/www.pressenza.com\/es\/#\/schema\/logo\/image\/\",\"url\":\"https:\/\/www.pressenza.com\/wp-content\/uploads\/2022\/10\/pressenza_logo_200x200.jpg\",\"contentUrl\":\"https:\/\/www.pressenza.com\/wp-content\/uploads\/2022\/10\/pressenza_logo_200x200.jpg\",\"width\":200,\"height\":200,\"caption\":\"Pressenza\"},\"image\":{\"@id\":\"https:\/\/www.pressenza.com\/es\/#\/schema\/logo\/image\/\"},\"sameAs\":[\"https:\/\/www.facebook.com\/PressenzaItalia\",\"https:\/\/x.com\/PressenzaIPA\"]},{\"@type\":\"Person\",\"@id\":\"https:\/\/www.pressenza.com\/es\/#\/schema\/person\/010e5d02bcf40965427a1289a4cc8d75\",\"name\":\"Pressenza IPA\",\"description\":\"News from Pressenza IPA correspondents\",\"sameAs\":[\"https:\/\/www.facebook.com\/pressenza\",\"https:\/\/x.com\/PressenzaIPA\"],\"url\":\"https:\/\/www.pressenza.com\/es\/author\/pressenza-ipa\/\"}]}<\/script>\n<!-- \/ Yoast SEO plugin. -->","yoast_head_json":{"title":"Vientos de paz en Diyarbakir","description":"El 19 de octubre y despu\u00e9s de entrevistarse con algunas personalidades de esta ciudad del sureste de Anatolia, los marchantes por la paz participaron de un festival y ante m\u00e1s de 4.000 personas dieron su mensaje de no-violencia en un momento que parece abrirse a una posibilidad de paz entre turcos y kurdos de esta parte de Turqu\u00eda.","robots":{"index":"index","follow":"follow","max-snippet":"max-snippet:-1","max-image-preview":"max-image-preview:large","max-video-preview":"max-video-preview:-1"},"canonical":"https:\/\/www.pressenza.com\/es\/2009\/10\/vientos-de-paz-en-diyarbakir\/","og_locale":"es_ES","og_type":"article","og_title":"Vientos de paz en Diyarbakir","og_description":"El 19 de octubre y despu\u00e9s de entrevistarse con algunas personalidades de esta ciudad del sureste de Anatolia, los marchantes por la paz participaron de un festival y ante m\u00e1s de 4.000 personas dieron su mensaje de no-violencia en un momento que parece abrirse a una posibilidad de paz entre turcos y kurdos de esta parte de Turqu\u00eda.","og_url":"https:\/\/www.pressenza.com\/es\/2009\/10\/vientos-de-paz-en-diyarbakir\/","og_site_name":"Pressenza","article_publisher":"https:\/\/www.facebook.com\/PressenzaItalia","article_author":"https:\/\/www.facebook.com\/pressenza","article_published_time":"2009-10-20T00:00:00+00:00","article_modified_time":"2009-10-25T01:20:57+00:00","author":"Pressenza IPA","twitter_card":"summary_large_image","twitter_creator":"@PressenzaIPA","twitter_site":"@PressenzaIPA","twitter_misc":{"Escrito por":"Pressenza IPA","Tiempo de lectura":"1 minuto"},"schema":{"@context":"https:\/\/schema.org","@graph":[{"@type":"Article","@id":"https:\/\/www.pressenza.com\/es\/2009\/10\/vientos-de-paz-en-diyarbakir\/#article","isPartOf":{"@id":"https:\/\/www.pressenza.com\/es\/2009\/10\/vientos-de-paz-en-diyarbakir\/"},"author":{"name":"Pressenza IPA","@id":"https:\/\/www.pressenza.com\/es\/#\/schema\/person\/010e5d02bcf40965427a1289a4cc8d75"},"headline":"Vientos de paz en Diyarbakir","datePublished":"2009-10-20T00:00:00+00:00","dateModified":"2009-10-25T01:20:57+00:00","mainEntityOfPage":{"@id":"https:\/\/www.pressenza.com\/es\/2009\/10\/vientos-de-paz-en-diyarbakir\/"},"wordCount":180,"publisher":{"@id":"https:\/\/www.pressenza.com\/es\/#organization"},"articleSection":["Medio Oriente","Pol\u00edtica"],"inLanguage":"es"},{"@type":"WebPage","@id":"https:\/\/www.pressenza.com\/es\/2009\/10\/vientos-de-paz-en-diyarbakir\/","url":"https:\/\/www.pressenza.com\/es\/2009\/10\/vientos-de-paz-en-diyarbakir\/","name":"Vientos de paz en Diyarbakir","isPartOf":{"@id":"https:\/\/www.pressenza.com\/es\/#website"},"datePublished":"2009-10-20T00:00:00+00:00","dateModified":"2009-10-25T01:20:57+00:00","description":"El 19 de octubre y despu\u00e9s de entrevistarse con algunas personalidades de esta ciudad del sureste de Anatolia, los marchantes por la paz participaron de un festival y ante m\u00e1s de 4.000 personas dieron su mensaje de no-violencia en un momento que parece abrirse a una posibilidad de paz entre turcos y kurdos de esta parte de Turqu\u00eda.","breadcrumb":{"@id":"https:\/\/www.pressenza.com\/es\/2009\/10\/vientos-de-paz-en-diyarbakir\/#breadcrumb"},"inLanguage":"es","potentialAction":[{"@type":"ReadAction","target":["https:\/\/www.pressenza.com\/es\/2009\/10\/vientos-de-paz-en-diyarbakir\/"]}]},{"@type":"BreadcrumbList","@id":"https:\/\/www.pressenza.com\/es\/2009\/10\/vientos-de-paz-en-diyarbakir\/#breadcrumb","itemListElement":[{"@type":"ListItem","position":1,"name":"Accueil","item":"https:\/\/www.pressenza.com\/es\/"},{"@type":"ListItem","position":2,"name":"Vientos de paz en Diyarbakir"}]},{"@type":"WebSite","@id":"https:\/\/www.pressenza.com\/es\/#website","url":"https:\/\/www.pressenza.com\/es\/","name":"Pressenza","description":"International Press Agency","publisher":{"@id":"https:\/\/www.pressenza.com\/es\/#organization"},"potentialAction":[{"@type":"SearchAction","target":{"@type":"EntryPoint","urlTemplate":"https:\/\/www.pressenza.com\/es\/?s={search_term_string}"},"query-input":{"@type":"PropertyValueSpecification","valueRequired":true,"valueName":"search_term_string"}}],"inLanguage":"es"},{"@type":"Organization","@id":"https:\/\/www.pressenza.com\/es\/#organization","name":"Pressenza","url":"https:\/\/www.pressenza.com\/es\/","logo":{"@type":"ImageObject","inLanguage":"es","@id":"https:\/\/www.pressenza.com\/es\/#\/schema\/logo\/image\/","url":"https:\/\/www.pressenza.com\/wp-content\/uploads\/2022\/10\/pressenza_logo_200x200.jpg","contentUrl":"https:\/\/www.pressenza.com\/wp-content\/uploads\/2022\/10\/pressenza_logo_200x200.jpg","width":200,"height":200,"caption":"Pressenza"},"image":{"@id":"https:\/\/www.pressenza.com\/es\/#\/schema\/logo\/image\/"},"sameAs":["https:\/\/www.facebook.com\/PressenzaItalia","https:\/\/x.com\/PressenzaIPA"]},{"@type":"Person","@id":"https:\/\/www.pressenza.com\/es\/#\/schema\/person\/010e5d02bcf40965427a1289a4cc8d75","name":"Pressenza IPA","description":"News from Pressenza IPA correspondents","sameAs":["https:\/\/www.facebook.com\/pressenza","https:\/\/x.com\/PressenzaIPA"],"url":"https:\/\/www.pressenza.com\/es\/author\/pressenza-ipa\/"}]}},"place":"Diyarbakir","original_article_url":"","_links":{"self":[{"href":"https:\/\/www.pressenza.com\/es\/wp-json\/wp\/v2\/posts\/1833","targetHints":{"allow":["GET"]}}],"collection":[{"href":"https:\/\/www.pressenza.com\/es\/wp-json\/wp\/v2\/posts"}],"about":[{"href":"https:\/\/www.pressenza.com\/es\/wp-json\/wp\/v2\/types\/post"}],"author":[{"embeddable":true,"href":"https:\/\/www.pressenza.com\/es\/wp-json\/wp\/v2\/users\/19"}],"replies":[{"embeddable":true,"href":"https:\/\/www.pressenza.com\/es\/wp-json\/wp\/v2\/comments?post=1833"}],"version-history":[{"count":0,"href":"https:\/\/www.pressenza.com\/es\/wp-json\/wp\/v2\/posts\/1833\/revisions"}],"wp:attachment":[{"href":"https:\/\/www.pressenza.com\/es\/wp-json\/wp\/v2\/media?parent=1833"}],"wp:term":[{"taxonomy":"category","embeddable":true,"href":"https:\/\/www.pressenza.com\/es\/wp-json\/wp\/v2\/categories?post=1833"},{"taxonomy":"post_tag","embeddable":true,"href":"https:\/\/www.pressenza.com\/es\/wp-json\/wp\/v2\/tags?post=1833"}],"curies":[{"name":"wp","href":"https:\/\/api.w.org\/{rel}","templated":true}]}}