{"id":1832958,"date":"2024-03-18T17:36:55","date_gmt":"2024-03-18T17:36:55","guid":{"rendered":"https:\/\/www.pressenza.com\/?p=1832958"},"modified":"2024-03-18T17:36:55","modified_gmt":"2024-03-18T17:36:55","slug":"militares-al-poder","status":"publish","type":"post","link":"https:\/\/www.pressenza.com\/es\/2024\/03\/militares-al-poder\/","title":{"rendered":"Militares al poder"},"content":{"rendered":"<p>La demanda de la derecha y de algunos dirigentes de la propia izquierda en cuanto a recurrir a las Fuerzas Armadas para combatir a la delincuencia y recuperar la paz es una demostraci\u00f3n cabal del fracaso de la clase pol\u00edtica en materia de seguridad p\u00fablica. Constituye, tambi\u00e9n, un reconocimiento de la incapacidad de nuestras polic\u00edas en el combate al crimen organizado y la prevenci\u00f3n del delito, pese a los ingentes recursos que el Estado le ha asignado en los \u00faltimos a\u00f1os a Carabineros de Chile y a la Polic\u00eda de investigaciones.<\/p>\n<p>La poblaci\u00f3n chilena todos los d\u00edas da muestras de vivir con miedo ante la proliferaci\u00f3n de cr\u00edmenes, secuestros, asaltos a la propiedad privada y p\u00fablica. Los mismos jueces y tribunales de la Rep\u00fablica son cuestionados severamente por su d\u00e9bil desempe\u00f1o en la captura y condena ejemplar a los que delinquen. En este sentido, se asume que nuestras autoridades y tribunales han manifestado debilidad fragrante en relaci\u00f3n a los carteles de la droga empoderados en poblaciones y ciudades a lo largo de todo el territorio nacional. Cuesti\u00f3n que se manifiesta en la puerta rotatoria de nuestras c\u00e1rceles por donde entran y salen peligrosos malhechores. Criminales que incluso siguen delinquiendo al interior de los penales, agenci\u00e1ndose el favor de jueces y gendarmes demasiado tolerantes con sus derechos e, incluso, favorecidos por prerrogativas que otros reos no consiguen.<\/p>\n<p>Lo m\u00e1s lamentable es que ante los magros resultados en la poblaci\u00f3n aumenta la convicci\u00f3n de que hay que involucrar a los militares en las tareas policiales. Dir\u00edamos que quienes as\u00ed piensan en la pol\u00edtica hacen gala de un irresponsable populismo, cuando incluso los m\u00e1s altos mandos del Ej\u00e9rcito han expresado estar renuentes a esta posibilidad, advirtiendo no estar preparados para asumir tareas que son propias de las polic\u00edas.<\/p>\n<p>Es evidente que el miedo que hoy invade al pa\u00eds puede hacer propicio el involucramiento de las Fuerzas Armadas en tareas que van m\u00e1s all\u00e1 de la defensa nacional, misi\u00f3n que aparece cada vez m\u00e1s remota en nuestra zona latinoamericana, es decir en la \u00fanica regi\u00f3n del mundo que impera la paz y se hacen muy poco probables los conflictos armados entre los pa\u00edses que la integran. Una cuesti\u00f3n que aparece evidente si se observan que los militares de esta regi\u00f3n han estado y siguen involucrados en la lucha contra los enemigos \u201cinternos\u201d, conspirando y derribando gobiernos muchas veces legitimados por el ejercicio del sufragio popular.<\/p>\n<p>Vale la pena recordar que cuando el Presidente Allende recurri\u00f3 a altos oficiales castrenses para integrarlos a su gabinete ministerial, a la postre esto le abri\u00f3 las puertas a la sedici\u00f3n c\u00edvico militar como al cruento golpe de estado de 1973, lo que por cierto para nada estuvo en los c\u00e1lculos del mandatario que fue depuesto y asesinado por esta asonada.<\/p>\n<p>Valoramos que en La Moneda no prospere todav\u00eda la \u201cnecesidad\u201d de llamar a los militares a tareas para las cuales no est\u00e1n preparados. Sin embargo, ya parece inminente la idea de encomendarle la custodia de la llamada \u201cinfraestructura cr\u00edtica\u201d del pa\u00eds, cuesti\u00f3n que puede parecer conveniente si es que ello no deja a los uniformados cada vez m\u00e1s cerca del desempe\u00f1o pol\u00edtico, lo que se facilita por la irresponsable actitud de la clase pol\u00edtica que, ante una hora tan cr\u00edtica de nuestra convivencia, parece \u00fanicamente interesada en la competencia electoral.<\/p>\n<p>Una derecha obstruccionista que incluso hace uso de la aguda y dram\u00e1tica intranquilidad social para ganar voluntades o un gobierno que apenas ha cumplido en dos a\u00f1os con menos de un tercio de lo prometido por sus dirigentes en campa\u00f1a y que a esta altura parece no vislumbrar posibilidad de cumplir con la voluntad de conjurar las pol\u00edticas neoliberales de sus antecesores, para lo cual llegaron hasta autoproclamar su superioridad moral. Cuando nuevamente la corrupci\u00f3n hizo presa de no pocos militantes de izquierda, que malversaron recursos destinados a los m\u00e1s pobres, continuaron practicando el nepotismo y otros vicios que el pueblo asume ya como end\u00e9micos al poder y las clases hegem\u00f3nicas.<\/p>\n<p>Lo que es m\u00e1s evidente es que el pueblo no tiene mayor inter\u00e9s en los pr\u00f3ximos comicios electorales, as\u00ed como la misma democracia pierde tambi\u00e9n adeptos, con lo cual la propuesta de muchos de involucrar a la casta militar en las tareas de la pol\u00edtica puede provocar vientos en el inminente vendaval pol\u00edtico y social que parece avecinarse.\u00a0 Por la desigualdad social que se perpet\u00faa y la consecuente inseguridad social transformada en el pan de cada d\u00eda.<\/p>\n<p>Ante la misma renuencia de los militares a ser incorporados a tareas que van m\u00e1s all\u00e1 de la preparaci\u00f3n para la guerra, las autoridades podr\u00edan considerar la reducci\u00f3n del gasto en Defensa a objeto de destinarle m\u00e1s recursos a las polic\u00edas y Gendarmer\u00eda. Incluso contemplar la posibilidad de formar otras instancias que sirvan, como en otros pa\u00edses, para el control de los puertos y fronteras. Es cosa de imaginarse lo que podr\u00eda reunirse con los recursos que hoy se malgastan en aviones, tanques, nav\u00edos y mantenci\u00f3n de miles de soldados para la eventualidad de un conflicto de muy remota posibilidad. Armas que solo se obsoletan con el tiempo o se van destruyendo en sus onerosos juegos de guerra.<\/p>\n<p>Parece fundamental que tanto en Carabineros de Chile y la Polic\u00eda de Investigaciones sean removidos sus directores generales imputados por la Justicia como autores de grav\u00edsimos delitos en materia de Derechos Humanos y corrupci\u00f3n. Cuesti\u00f3n que abunda en el descr\u00e9dito de la poblaci\u00f3n respecto de los temas de seguridad, as\u00ed como de la capacidad del Gobierno y estas instituciones para encarar una demanda tan sentida en todo el pa\u00eds.<\/p>\n<p>&nbsp;<\/p>\n","protected":false},"excerpt":{"rendered":"<p>La demanda de la derecha y de algunos dirigentes de la propia izquierda en cuanto a recurrir a las Fuerzas Armadas para combatir a la delincuencia y recuperar la paz es una demostraci\u00f3n cabal del fracaso de la clase pol\u00edtica&hellip;<\/p>\n","protected":false},"author":1739,"featured_media":1832960,"comment_status":"closed","ping_status":"closed","sticky":false,"template":"","format":"standard","meta":{"footnotes":""},"categories":[11389,161,74,67],"tags":[29,55119],"class_list":["post-1832958","post","type-post","status-publish","format-standard","has-post-thumbnail","hentry","category-contenido-original","category-opiniones","category-politica-es","category-sudamerica","tag-chile","tag-militares-es"],"yoast_head":"<!-- This site is optimized with the Yoast SEO plugin v27.1.1 - https:\/\/yoast.com\/product\/yoast-seo-wordpress\/ -->\n<title>Militares al poder<\/title>\n<meta name=\"description\" content=\"La demanda de la derecha y de algunos dirigentes de la propia izquierda en cuanto a recurrir a las Fuerzas Armadas para combatir a la delincuencia y\" \/>\n<meta name=\"robots\" content=\"index, follow, max-snippet:-1, max-image-preview:large, max-video-preview:-1\" \/>\n<link rel=\"canonical\" href=\"https:\/\/www.pressenza.com\/es\/2024\/03\/militares-al-poder\/\" \/>\n<meta property=\"og:locale\" content=\"es_ES\" \/>\n<meta property=\"og:type\" content=\"article\" \/>\n<meta property=\"og:title\" content=\"Militares al poder\" \/>\n<meta property=\"og:description\" content=\"La demanda de la derecha y de algunos dirigentes de la propia izquierda en cuanto a recurrir a las Fuerzas Armadas para combatir a la delincuencia y\" \/>\n<meta property=\"og:url\" content=\"https:\/\/www.pressenza.com\/es\/2024\/03\/militares-al-poder\/\" \/>\n<meta property=\"og:site_name\" content=\"Pressenza\" \/>\n<meta property=\"article:publisher\" content=\"https:\/\/www.facebook.com\/PressenzaItalia\" \/>\n<meta property=\"article:published_time\" content=\"2024-03-18T17:36:55+00:00\" \/>\n<meta property=\"og:image\" content=\"https:\/\/www.pressenza.com\/wp-content\/uploads\/2024\/03\/images-2.jpeg\" \/>\n\t<meta property=\"og:image:width\" content=\"738\" \/>\n\t<meta property=\"og:image:height\" content=\"414\" \/>\n\t<meta property=\"og:image:type\" content=\"image\/jpeg\" \/>\n<meta name=\"author\" content=\"Juan Pablo C\u00e1rdenas\" \/>\n<meta name=\"twitter:card\" content=\"summary_large_image\" \/>\n<meta name=\"twitter:creator\" content=\"@PressenzaIPA\" \/>\n<meta name=\"twitter:site\" content=\"@PressenzaIPA\" \/>\n<meta name=\"twitter:label1\" content=\"Escrito por\" \/>\n\t<meta name=\"twitter:data1\" content=\"Juan Pablo C\u00e1rdenas\" \/>\n\t<meta name=\"twitter:label2\" content=\"Tiempo de lectura\" \/>\n\t<meta name=\"twitter:data2\" content=\"5 minutos\" \/>\n<script type=\"application\/ld+json\" class=\"yoast-schema-graph\">{\"@context\":\"https:\/\/schema.org\",\"@graph\":[{\"@type\":\"Article\",\"@id\":\"https:\/\/www.pressenza.com\/es\/2024\/03\/militares-al-poder\/#article\",\"isPartOf\":{\"@id\":\"https:\/\/www.pressenza.com\/es\/2024\/03\/militares-al-poder\/\"},\"author\":{\"name\":\"Juan Pablo C\u00e1rdenas\",\"@id\":\"https:\/\/www.pressenza.com\/es\/#\/schema\/person\/d72a7c8c014dcbfa2ef9e9976103ea0d\"},\"headline\":\"Militares al poder\",\"datePublished\":\"2024-03-18T17:36:55+00:00\",\"mainEntityOfPage\":{\"@id\":\"https:\/\/www.pressenza.com\/es\/2024\/03\/militares-al-poder\/\"},\"wordCount\":1013,\"publisher\":{\"@id\":\"https:\/\/www.pressenza.com\/es\/#organization\"},\"image\":{\"@id\":\"https:\/\/www.pressenza.com\/es\/2024\/03\/militares-al-poder\/#primaryimage\"},\"thumbnailUrl\":\"https:\/\/www.pressenza.com\/wp-content\/uploads\/2024\/03\/images-2.jpeg\",\"keywords\":[\"Chile\",\"militares\"],\"articleSection\":[\"Contenido Original\",\"Opiniones\",\"Pol\u00edtica\",\"Sudam\u00e9rica\"],\"inLanguage\":\"es\"},{\"@type\":\"WebPage\",\"@id\":\"https:\/\/www.pressenza.com\/es\/2024\/03\/militares-al-poder\/\",\"url\":\"https:\/\/www.pressenza.com\/es\/2024\/03\/militares-al-poder\/\",\"name\":\"Militares al poder\",\"isPartOf\":{\"@id\":\"https:\/\/www.pressenza.com\/es\/#website\"},\"primaryImageOfPage\":{\"@id\":\"https:\/\/www.pressenza.com\/es\/2024\/03\/militares-al-poder\/#primaryimage\"},\"image\":{\"@id\":\"https:\/\/www.pressenza.com\/es\/2024\/03\/militares-al-poder\/#primaryimage\"},\"thumbnailUrl\":\"https:\/\/www.pressenza.com\/wp-content\/uploads\/2024\/03\/images-2.jpeg\",\"datePublished\":\"2024-03-18T17:36:55+00:00\",\"description\":\"La demanda de la derecha y de algunos dirigentes de la propia izquierda en cuanto a recurrir a las Fuerzas Armadas para combatir a la delincuencia y\",\"breadcrumb\":{\"@id\":\"https:\/\/www.pressenza.com\/es\/2024\/03\/militares-al-poder\/#breadcrumb\"},\"inLanguage\":\"es\",\"potentialAction\":[{\"@type\":\"ReadAction\",\"target\":[\"https:\/\/www.pressenza.com\/es\/2024\/03\/militares-al-poder\/\"]}]},{\"@type\":\"ImageObject\",\"inLanguage\":\"es\",\"@id\":\"https:\/\/www.pressenza.com\/es\/2024\/03\/militares-al-poder\/#primaryimage\",\"url\":\"https:\/\/www.pressenza.com\/wp-content\/uploads\/2024\/03\/images-2.jpeg\",\"contentUrl\":\"https:\/\/www.pressenza.com\/wp-content\/uploads\/2024\/03\/images-2.jpeg\",\"width\":738,\"height\":414},{\"@type\":\"BreadcrumbList\",\"@id\":\"https:\/\/www.pressenza.com\/es\/2024\/03\/militares-al-poder\/#breadcrumb\",\"itemListElement\":[{\"@type\":\"ListItem\",\"position\":1,\"name\":\"Accueil\",\"item\":\"https:\/\/www.pressenza.com\/es\/\"},{\"@type\":\"ListItem\",\"position\":2,\"name\":\"Militares al poder\"}]},{\"@type\":\"WebSite\",\"@id\":\"https:\/\/www.pressenza.com\/es\/#website\",\"url\":\"https:\/\/www.pressenza.com\/es\/\",\"name\":\"Pressenza\",\"description\":\"International Press Agency\",\"publisher\":{\"@id\":\"https:\/\/www.pressenza.com\/es\/#organization\"},\"potentialAction\":[{\"@type\":\"SearchAction\",\"target\":{\"@type\":\"EntryPoint\",\"urlTemplate\":\"https:\/\/www.pressenza.com\/es\/?s={search_term_string}\"},\"query-input\":{\"@type\":\"PropertyValueSpecification\",\"valueRequired\":true,\"valueName\":\"search_term_string\"}}],\"inLanguage\":\"es\"},{\"@type\":\"Organization\",\"@id\":\"https:\/\/www.pressenza.com\/es\/#organization\",\"name\":\"Pressenza\",\"url\":\"https:\/\/www.pressenza.com\/es\/\",\"logo\":{\"@type\":\"ImageObject\",\"inLanguage\":\"es\",\"@id\":\"https:\/\/www.pressenza.com\/es\/#\/schema\/logo\/image\/\",\"url\":\"https:\/\/www.pressenza.com\/wp-content\/uploads\/2022\/10\/pressenza_logo_200x200.jpg\",\"contentUrl\":\"https:\/\/www.pressenza.com\/wp-content\/uploads\/2022\/10\/pressenza_logo_200x200.jpg\",\"width\":200,\"height\":200,\"caption\":\"Pressenza\"},\"image\":{\"@id\":\"https:\/\/www.pressenza.com\/es\/#\/schema\/logo\/image\/\"},\"sameAs\":[\"https:\/\/www.facebook.com\/PressenzaItalia\",\"https:\/\/x.com\/PressenzaIPA\"]},{\"@type\":\"Person\",\"@id\":\"https:\/\/www.pressenza.com\/es\/#\/schema\/person\/d72a7c8c014dcbfa2ef9e9976103ea0d\",\"name\":\"Juan Pablo C\u00e1rdenas\",\"description\":\"Juan Pablo C\u00e1rdenas Squella es un periodista y profesor universitario de vasta trayectoria. En el 2005 recibi\u00f3 en premio nacional de Periodismo y, antes, la Pluma de Oro de la Libertad, otorgada por la Federaci\u00f3n Mundial de la Prensa. Tambi\u00e9n obtuvo el Premio Latinoamericano de Periodismo, la Houten Camara de Holanda (1989) entre otras m\u00faltiples distinciones nacionales y extranjeras. Forma parte de los sesenta periodistas del mundo considerados H\u00e9roes de la Libertad de Expresi\u00f3n, reconocimiento hecho por la Federaci\u00f3n Internacional de Periodistas. Ha sido director y columnista de las revistas Debate Universitario, An\u00e1lisis y Los Tiempos, as\u00ed como del diario electr\u00f3nico primeral\u00ednea.cl. Tambi\u00e9n fue por m\u00e1s 18 a\u00f1os director de la Radio Universidad de Chile y de su diario digital. Se ha desempe\u00f1ado como profesor de varias escuelas de periodismo de Santiago y Valpara\u00edso y en la Universidad de Chile alcanz\u00f3 el grado de profesor titular y senador universitario.\",\"url\":\"https:\/\/www.pressenza.com\/es\/author\/juan-pablo-cardenas\/\"}]}<\/script>\n<!-- \/ Yoast SEO plugin. -->","yoast_head_json":{"title":"Militares al poder","description":"La demanda de la derecha y de algunos dirigentes de la propia izquierda en cuanto a recurrir a las Fuerzas Armadas para combatir a la delincuencia y","robots":{"index":"index","follow":"follow","max-snippet":"max-snippet:-1","max-image-preview":"max-image-preview:large","max-video-preview":"max-video-preview:-1"},"canonical":"https:\/\/www.pressenza.com\/es\/2024\/03\/militares-al-poder\/","og_locale":"es_ES","og_type":"article","og_title":"Militares al poder","og_description":"La demanda de la derecha y de algunos dirigentes de la propia izquierda en cuanto a recurrir a las Fuerzas Armadas para combatir a la delincuencia y","og_url":"https:\/\/www.pressenza.com\/es\/2024\/03\/militares-al-poder\/","og_site_name":"Pressenza","article_publisher":"https:\/\/www.facebook.com\/PressenzaItalia","article_published_time":"2024-03-18T17:36:55+00:00","og_image":[{"width":738,"height":414,"url":"https:\/\/www.pressenza.com\/wp-content\/uploads\/2024\/03\/images-2.jpeg","type":"image\/jpeg"}],"author":"Juan Pablo C\u00e1rdenas","twitter_card":"summary_large_image","twitter_creator":"@PressenzaIPA","twitter_site":"@PressenzaIPA","twitter_misc":{"Escrito por":"Juan Pablo C\u00e1rdenas","Tiempo de lectura":"5 minutos"},"schema":{"@context":"https:\/\/schema.org","@graph":[{"@type":"Article","@id":"https:\/\/www.pressenza.com\/es\/2024\/03\/militares-al-poder\/#article","isPartOf":{"@id":"https:\/\/www.pressenza.com\/es\/2024\/03\/militares-al-poder\/"},"author":{"name":"Juan Pablo C\u00e1rdenas","@id":"https:\/\/www.pressenza.com\/es\/#\/schema\/person\/d72a7c8c014dcbfa2ef9e9976103ea0d"},"headline":"Militares al poder","datePublished":"2024-03-18T17:36:55+00:00","mainEntityOfPage":{"@id":"https:\/\/www.pressenza.com\/es\/2024\/03\/militares-al-poder\/"},"wordCount":1013,"publisher":{"@id":"https:\/\/www.pressenza.com\/es\/#organization"},"image":{"@id":"https:\/\/www.pressenza.com\/es\/2024\/03\/militares-al-poder\/#primaryimage"},"thumbnailUrl":"https:\/\/www.pressenza.com\/wp-content\/uploads\/2024\/03\/images-2.jpeg","keywords":["Chile","militares"],"articleSection":["Contenido Original","Opiniones","Pol\u00edtica","Sudam\u00e9rica"],"inLanguage":"es"},{"@type":"WebPage","@id":"https:\/\/www.pressenza.com\/es\/2024\/03\/militares-al-poder\/","url":"https:\/\/www.pressenza.com\/es\/2024\/03\/militares-al-poder\/","name":"Militares al poder","isPartOf":{"@id":"https:\/\/www.pressenza.com\/es\/#website"},"primaryImageOfPage":{"@id":"https:\/\/www.pressenza.com\/es\/2024\/03\/militares-al-poder\/#primaryimage"},"image":{"@id":"https:\/\/www.pressenza.com\/es\/2024\/03\/militares-al-poder\/#primaryimage"},"thumbnailUrl":"https:\/\/www.pressenza.com\/wp-content\/uploads\/2024\/03\/images-2.jpeg","datePublished":"2024-03-18T17:36:55+00:00","description":"La demanda de la derecha y de algunos dirigentes de la propia izquierda en cuanto a recurrir a las Fuerzas Armadas para combatir a la delincuencia y","breadcrumb":{"@id":"https:\/\/www.pressenza.com\/es\/2024\/03\/militares-al-poder\/#breadcrumb"},"inLanguage":"es","potentialAction":[{"@type":"ReadAction","target":["https:\/\/www.pressenza.com\/es\/2024\/03\/militares-al-poder\/"]}]},{"@type":"ImageObject","inLanguage":"es","@id":"https:\/\/www.pressenza.com\/es\/2024\/03\/militares-al-poder\/#primaryimage","url":"https:\/\/www.pressenza.com\/wp-content\/uploads\/2024\/03\/images-2.jpeg","contentUrl":"https:\/\/www.pressenza.com\/wp-content\/uploads\/2024\/03\/images-2.jpeg","width":738,"height":414},{"@type":"BreadcrumbList","@id":"https:\/\/www.pressenza.com\/es\/2024\/03\/militares-al-poder\/#breadcrumb","itemListElement":[{"@type":"ListItem","position":1,"name":"Accueil","item":"https:\/\/www.pressenza.com\/es\/"},{"@type":"ListItem","position":2,"name":"Militares al poder"}]},{"@type":"WebSite","@id":"https:\/\/www.pressenza.com\/es\/#website","url":"https:\/\/www.pressenza.com\/es\/","name":"Pressenza","description":"International Press Agency","publisher":{"@id":"https:\/\/www.pressenza.com\/es\/#organization"},"potentialAction":[{"@type":"SearchAction","target":{"@type":"EntryPoint","urlTemplate":"https:\/\/www.pressenza.com\/es\/?s={search_term_string}"},"query-input":{"@type":"PropertyValueSpecification","valueRequired":true,"valueName":"search_term_string"}}],"inLanguage":"es"},{"@type":"Organization","@id":"https:\/\/www.pressenza.com\/es\/#organization","name":"Pressenza","url":"https:\/\/www.pressenza.com\/es\/","logo":{"@type":"ImageObject","inLanguage":"es","@id":"https:\/\/www.pressenza.com\/es\/#\/schema\/logo\/image\/","url":"https:\/\/www.pressenza.com\/wp-content\/uploads\/2022\/10\/pressenza_logo_200x200.jpg","contentUrl":"https:\/\/www.pressenza.com\/wp-content\/uploads\/2022\/10\/pressenza_logo_200x200.jpg","width":200,"height":200,"caption":"Pressenza"},"image":{"@id":"https:\/\/www.pressenza.com\/es\/#\/schema\/logo\/image\/"},"sameAs":["https:\/\/www.facebook.com\/PressenzaItalia","https:\/\/x.com\/PressenzaIPA"]},{"@type":"Person","@id":"https:\/\/www.pressenza.com\/es\/#\/schema\/person\/d72a7c8c014dcbfa2ef9e9976103ea0d","name":"Juan Pablo C\u00e1rdenas","description":"Juan Pablo C\u00e1rdenas Squella es un periodista y profesor universitario de vasta trayectoria. En el 2005 recibi\u00f3 en premio nacional de Periodismo y, antes, la Pluma de Oro de la Libertad, otorgada por la Federaci\u00f3n Mundial de la Prensa. Tambi\u00e9n obtuvo el Premio Latinoamericano de Periodismo, la Houten Camara de Holanda (1989) entre otras m\u00faltiples distinciones nacionales y extranjeras. Forma parte de los sesenta periodistas del mundo considerados H\u00e9roes de la Libertad de Expresi\u00f3n, reconocimiento hecho por la Federaci\u00f3n Internacional de Periodistas. Ha sido director y columnista de las revistas Debate Universitario, An\u00e1lisis y Los Tiempos, as\u00ed como del diario electr\u00f3nico primeral\u00ednea.cl. Tambi\u00e9n fue por m\u00e1s 18 a\u00f1os director de la Radio Universidad de Chile y de su diario digital. Se ha desempe\u00f1ado como profesor de varias escuelas de periodismo de Santiago y Valpara\u00edso y en la Universidad de Chile alcanz\u00f3 el grado de profesor titular y senador universitario.","url":"https:\/\/www.pressenza.com\/es\/author\/juan-pablo-cardenas\/"}]}},"place":"Santiago de Chile","original_article_url":"","_links":{"self":[{"href":"https:\/\/www.pressenza.com\/es\/wp-json\/wp\/v2\/posts\/1832958","targetHints":{"allow":["GET"]}}],"collection":[{"href":"https:\/\/www.pressenza.com\/es\/wp-json\/wp\/v2\/posts"}],"about":[{"href":"https:\/\/www.pressenza.com\/es\/wp-json\/wp\/v2\/types\/post"}],"author":[{"embeddable":true,"href":"https:\/\/www.pressenza.com\/es\/wp-json\/wp\/v2\/users\/1739"}],"replies":[{"embeddable":true,"href":"https:\/\/www.pressenza.com\/es\/wp-json\/wp\/v2\/comments?post=1832958"}],"version-history":[{"count":0,"href":"https:\/\/www.pressenza.com\/es\/wp-json\/wp\/v2\/posts\/1832958\/revisions"}],"wp:featuredmedia":[{"embeddable":true,"href":"https:\/\/www.pressenza.com\/es\/wp-json\/wp\/v2\/media\/1832960"}],"wp:attachment":[{"href":"https:\/\/www.pressenza.com\/es\/wp-json\/wp\/v2\/media?parent=1832958"}],"wp:term":[{"taxonomy":"category","embeddable":true,"href":"https:\/\/www.pressenza.com\/es\/wp-json\/wp\/v2\/categories?post=1832958"},{"taxonomy":"post_tag","embeddable":true,"href":"https:\/\/www.pressenza.com\/es\/wp-json\/wp\/v2\/tags?post=1832958"}],"curies":[{"name":"wp","href":"https:\/\/api.w.org\/{rel}","templated":true}]}}