{"id":1832360,"date":"2024-03-16T04:27:03","date_gmt":"2024-03-16T04:27:03","guid":{"rendered":"https:\/\/www.pressenza.com\/?p=1832360"},"modified":"2024-03-16T04:27:03","modified_gmt":"2024-03-16T04:27:03","slug":"peru-de-espaldas-a-sus-compromisos-climaticos-el-oro-y-el-lobby-es-lo-que-cuenta","status":"publish","type":"post","link":"https:\/\/www.pressenza.com\/es\/2024\/03\/peru-de-espaldas-a-sus-compromisos-climaticos-el-oro-y-el-lobby-es-lo-que-cuenta\/","title":{"rendered":"Per\u00fa de espaldas a sus compromisos clim\u00e1ticos \u00a1El oro y el lobby es lo que cuenta!"},"content":{"rendered":"<p>El Congreso de la Rep\u00fablica con la anuencia del Ministerio de Energ\u00eda y Minas deroga norma que pon\u00eda plazo para eliminar a mineros ilegales del Registro Integral de Formalizaci\u00f3n Minera (REINFO). Una actividad que se considera que mueve m\u00e1s dinero que el narcotr\u00e1fico en el Per\u00fa, que draga r\u00edos y arrasa con bosques primarios en la Amazon\u00eda y que asesina defensores ambientales es protegida por el lobby congresal y pone una vez m\u00e1s al pa\u00eds de espaldas a sus compromisos internacionales; esta vez los recientemente asumidos en la Asamblea de Naciones Unidas sobre Medio Ambiente, que culmin\u00f3 este 1ro\u00b0 de marzo en Nairobi #UNEA6.<\/p>\n<p>Como si viviera en una realidad paralela el Congreso de la Rep\u00fablica el d\u00eda de ayer de manera expr\u00e9s, sin dictamen de la Comisi\u00f3n de Energ\u00eda y Minas y sin encontrarse en agenda, derog\u00f3 la Primera disposici\u00f3n complementaria del Decreto Legislativo 1607 orientada a prevenir la tenencia ilegal de artefactos o materiales explosivos en actividades mineras y que dispon\u00eda la eliminaci\u00f3n autom\u00e1tica del REINFO a los mineros ilegales que no cumplieron con levantar las observaciones respecto a la realizaci\u00f3n de explotaciones mineras en concesiones de terceros.<\/p>\n<p>La referida norma daba plazo a los mineros ilegales en proceso de formalizaci\u00f3n inscritos en el REINFO a subsanar observaciones hasta el 20 de marzo, de no hacerlo dispon\u00eda que quedaban fuera del proceso de formalizaci\u00f3n y en tal sentido ser\u00edan perseguidos por la fiscal\u00eda por desarrollar actividades ilegales. As\u00ed menciona el abogado ambiental C\u00e9sar Ipenza que hoy tenemos mineros ilegales \u201cdisfrazados de informales\u201d. Una vez m\u00e1s la impunidad campea. Los mineros ilegales podr\u00e1n formalizarse hasta fin de a\u00f1o y con ello continuar invadiendo concesiones formales, dijo el exviceministro de minas Guillermo Chino a Per\u00fa 21.<\/p>\n<p>El Congreso de la Rep\u00fablica en primera votaci\u00f3n, con 79 votos a favor, 16 en contra y 11 abstenciones aprob\u00f3 derogar la norma. Tama\u00f1o desatino se da a pocos d\u00edas de finalizada la UNEA en la que los ministros del ambiente del mundo entero firmaban una declaraci\u00f3n y suscrib\u00edan 15 resoluciones destinadas a hacer frente a la triple crisis planetaria comprometi\u00e9ndose a redoblar esfuerzos para contrarrestar el cambio clim\u00e1tico, la p\u00e9rdida de naturaleza y biodiversidad, y la contaminaci\u00f3n y los desechos; avanzando a una econom\u00eda cero desechos; y lo m\u00e1s ir\u00f3nico es que el ministro del Ambiente del Per\u00fa, Juan Carlos Castro, fue elegido para integrar la mesa directiva y desempe\u00f1ar\u00e1 sus funciones como vicepresidente de dicho foro global en representaci\u00f3n de nuestro pa\u00eds.<\/p>\n","protected":false},"excerpt":{"rendered":"<p>El Congreso de la Rep\u00fablica con la anuencia del Ministerio de Energ\u00eda y Minas deroga norma que pon\u00eda plazo para eliminar a mineros ilegales del Registro Integral de Formalizaci\u00f3n Minera (REINFO). Una actividad que se considera que mueve m\u00e1s dinero&hellip;<\/p>\n","protected":false},"author":1951,"featured_media":1832362,"comment_status":"closed","ping_status":"closed","sticky":false,"template":"","format":"standard","meta":{"footnotes":""},"categories":[76,11389,78,161,74],"tags":[47056,93535,42909,120962],"class_list":["post-1832360","post","type-post","status-publish","format-standard","has-post-thumbnail","hentry","category-relaciones-exteriores","category-contenido-original","category-medio-ambiente-ecologia","category-opiniones","category-politica-es","tag-amazonia-es","tag-congreso-de-la-republica","tag-mineria-ilegal","tag-unea"],"yoast_head":"<!-- This site is optimized with the Yoast SEO plugin v27.1.1 - https:\/\/yoast.com\/product\/yoast-seo-wordpress\/ -->\n<title>Per\u00fa de espaldas a sus compromisos clim\u00e1ticos \u00a1El oro y el lobby es lo que cuenta!<\/title>\n<meta name=\"description\" content=\"El Congreso de la Rep\u00fablica con la anuencia del Ministerio de Energ\u00eda y Minas deroga norma que pon\u00eda plazo para eliminar a mineros ilegales del Registro\" \/>\n<meta name=\"robots\" content=\"index, follow, max-snippet:-1, max-image-preview:large, max-video-preview:-1\" \/>\n<link rel=\"canonical\" href=\"https:\/\/www.pressenza.com\/es\/2024\/03\/peru-de-espaldas-a-sus-compromisos-climaticos-el-oro-y-el-lobby-es-lo-que-cuenta\/\" \/>\n<meta property=\"og:locale\" content=\"es_ES\" \/>\n<meta property=\"og:type\" content=\"article\" \/>\n<meta property=\"og:title\" content=\"Per\u00fa de espaldas a sus compromisos clim\u00e1ticos \u00a1El oro y el lobby es lo que cuenta!\" \/>\n<meta property=\"og:description\" content=\"El Congreso de la Rep\u00fablica con la anuencia del Ministerio de Energ\u00eda y Minas deroga norma que pon\u00eda plazo para eliminar a mineros ilegales del Registro\" \/>\n<meta property=\"og:url\" content=\"https:\/\/www.pressenza.com\/es\/2024\/03\/peru-de-espaldas-a-sus-compromisos-climaticos-el-oro-y-el-lobby-es-lo-que-cuenta\/\" \/>\n<meta property=\"og:site_name\" content=\"Pressenza\" \/>\n<meta property=\"article:publisher\" content=\"https:\/\/www.facebook.com\/PressenzaItalia\" \/>\n<meta property=\"article:published_time\" content=\"2024-03-16T04:27:03+00:00\" \/>\n<meta property=\"og:image\" content=\"https:\/\/www.pressenza.com\/wp-content\/uploads\/2024\/03\/pexels-Aleksey-Kuprikov.jpeg\" \/>\n\t<meta property=\"og:image:width\" content=\"750\" \/>\n\t<meta property=\"og:image:height\" content=\"750\" \/>\n\t<meta property=\"og:image:type\" content=\"image\/jpeg\" \/>\n<meta name=\"author\" content=\"Doris Balv\u00edn\" \/>\n<meta name=\"twitter:card\" content=\"summary_large_image\" \/>\n<meta name=\"twitter:creator\" content=\"@PressenzaIPA\" \/>\n<meta name=\"twitter:site\" content=\"@PressenzaIPA\" \/>\n<meta name=\"twitter:label1\" content=\"Escrito por\" \/>\n\t<meta name=\"twitter:data1\" content=\"Doris Balv\u00edn\" \/>\n\t<meta name=\"twitter:label2\" content=\"Tiempo de lectura\" \/>\n\t<meta name=\"twitter:data2\" content=\"2 minutos\" \/>\n<script type=\"application\/ld+json\" class=\"yoast-schema-graph\">{\"@context\":\"https:\/\/schema.org\",\"@graph\":[{\"@type\":\"Article\",\"@id\":\"https:\/\/www.pressenza.com\/es\/2024\/03\/peru-de-espaldas-a-sus-compromisos-climaticos-el-oro-y-el-lobby-es-lo-que-cuenta\/#article\",\"isPartOf\":{\"@id\":\"https:\/\/www.pressenza.com\/es\/2024\/03\/peru-de-espaldas-a-sus-compromisos-climaticos-el-oro-y-el-lobby-es-lo-que-cuenta\/\"},\"author\":{\"name\":\"Doris Balv\u00edn\",\"@id\":\"https:\/\/www.pressenza.com\/es\/#\/schema\/person\/a73d800dc4a8d0e7dd2eb72a2ba36bce\"},\"headline\":\"Per\u00fa de espaldas a sus compromisos clim\u00e1ticos \u00a1El oro y el lobby es lo que cuenta!\",\"datePublished\":\"2024-03-16T04:27:03+00:00\",\"mainEntityOfPage\":{\"@id\":\"https:\/\/www.pressenza.com\/es\/2024\/03\/peru-de-espaldas-a-sus-compromisos-climaticos-el-oro-y-el-lobby-es-lo-que-cuenta\/\"},\"wordCount\":465,\"publisher\":{\"@id\":\"https:\/\/www.pressenza.com\/es\/#organization\"},\"image\":{\"@id\":\"https:\/\/www.pressenza.com\/es\/2024\/03\/peru-de-espaldas-a-sus-compromisos-climaticos-el-oro-y-el-lobby-es-lo-que-cuenta\/#primaryimage\"},\"thumbnailUrl\":\"https:\/\/www.pressenza.com\/wp-content\/uploads\/2024\/03\/pexels-Aleksey-Kuprikov.jpeg\",\"keywords\":[\"Amazonia\",\"Congreso de la Rep\u00fablica\",\"miner\u00eda ilegal\",\"UNEA\"],\"articleSection\":[\"Asuntos internacionales\",\"Contenido Original\",\"Ecolog\u00eda y Medio Ambiente\",\"Opiniones\",\"Pol\u00edtica\"],\"inLanguage\":\"es\"},{\"@type\":\"WebPage\",\"@id\":\"https:\/\/www.pressenza.com\/es\/2024\/03\/peru-de-espaldas-a-sus-compromisos-climaticos-el-oro-y-el-lobby-es-lo-que-cuenta\/\",\"url\":\"https:\/\/www.pressenza.com\/es\/2024\/03\/peru-de-espaldas-a-sus-compromisos-climaticos-el-oro-y-el-lobby-es-lo-que-cuenta\/\",\"name\":\"Per\u00fa de espaldas a sus compromisos clim\u00e1ticos \u00a1El oro y el lobby es lo que cuenta!\",\"isPartOf\":{\"@id\":\"https:\/\/www.pressenza.com\/es\/#website\"},\"primaryImageOfPage\":{\"@id\":\"https:\/\/www.pressenza.com\/es\/2024\/03\/peru-de-espaldas-a-sus-compromisos-climaticos-el-oro-y-el-lobby-es-lo-que-cuenta\/#primaryimage\"},\"image\":{\"@id\":\"https:\/\/www.pressenza.com\/es\/2024\/03\/peru-de-espaldas-a-sus-compromisos-climaticos-el-oro-y-el-lobby-es-lo-que-cuenta\/#primaryimage\"},\"thumbnailUrl\":\"https:\/\/www.pressenza.com\/wp-content\/uploads\/2024\/03\/pexels-Aleksey-Kuprikov.jpeg\",\"datePublished\":\"2024-03-16T04:27:03+00:00\",\"description\":\"El Congreso de la Rep\u00fablica con la anuencia del Ministerio de Energ\u00eda y Minas deroga norma que pon\u00eda plazo para eliminar a mineros ilegales del Registro\",\"breadcrumb\":{\"@id\":\"https:\/\/www.pressenza.com\/es\/2024\/03\/peru-de-espaldas-a-sus-compromisos-climaticos-el-oro-y-el-lobby-es-lo-que-cuenta\/#breadcrumb\"},\"inLanguage\":\"es\",\"potentialAction\":[{\"@type\":\"ReadAction\",\"target\":[\"https:\/\/www.pressenza.com\/es\/2024\/03\/peru-de-espaldas-a-sus-compromisos-climaticos-el-oro-y-el-lobby-es-lo-que-cuenta\/\"]}]},{\"@type\":\"ImageObject\",\"inLanguage\":\"es\",\"@id\":\"https:\/\/www.pressenza.com\/es\/2024\/03\/peru-de-espaldas-a-sus-compromisos-climaticos-el-oro-y-el-lobby-es-lo-que-cuenta\/#primaryimage\",\"url\":\"https:\/\/www.pressenza.com\/wp-content\/uploads\/2024\/03\/pexels-Aleksey-Kuprikov.jpeg\",\"contentUrl\":\"https:\/\/www.pressenza.com\/wp-content\/uploads\/2024\/03\/pexels-Aleksey-Kuprikov.jpeg\",\"width\":750,\"height\":750},{\"@type\":\"BreadcrumbList\",\"@id\":\"https:\/\/www.pressenza.com\/es\/2024\/03\/peru-de-espaldas-a-sus-compromisos-climaticos-el-oro-y-el-lobby-es-lo-que-cuenta\/#breadcrumb\",\"itemListElement\":[{\"@type\":\"ListItem\",\"position\":1,\"name\":\"Accueil\",\"item\":\"https:\/\/www.pressenza.com\/es\/\"},{\"@type\":\"ListItem\",\"position\":2,\"name\":\"Per\u00fa de espaldas a sus compromisos clim\u00e1ticos \u00a1El oro y el lobby es lo que cuenta!\"}]},{\"@type\":\"WebSite\",\"@id\":\"https:\/\/www.pressenza.com\/es\/#website\",\"url\":\"https:\/\/www.pressenza.com\/es\/\",\"name\":\"Pressenza\",\"description\":\"International Press Agency\",\"publisher\":{\"@id\":\"https:\/\/www.pressenza.com\/es\/#organization\"},\"potentialAction\":[{\"@type\":\"SearchAction\",\"target\":{\"@type\":\"EntryPoint\",\"urlTemplate\":\"https:\/\/www.pressenza.com\/es\/?s={search_term_string}\"},\"query-input\":{\"@type\":\"PropertyValueSpecification\",\"valueRequired\":true,\"valueName\":\"search_term_string\"}}],\"inLanguage\":\"es\"},{\"@type\":\"Organization\",\"@id\":\"https:\/\/www.pressenza.com\/es\/#organization\",\"name\":\"Pressenza\",\"url\":\"https:\/\/www.pressenza.com\/es\/\",\"logo\":{\"@type\":\"ImageObject\",\"inLanguage\":\"es\",\"@id\":\"https:\/\/www.pressenza.com\/es\/#\/schema\/logo\/image\/\",\"url\":\"https:\/\/www.pressenza.com\/wp-content\/uploads\/2022\/10\/pressenza_logo_200x200.jpg\",\"contentUrl\":\"https:\/\/www.pressenza.com\/wp-content\/uploads\/2022\/10\/pressenza_logo_200x200.jpg\",\"width\":200,\"height\":200,\"caption\":\"Pressenza\"},\"image\":{\"@id\":\"https:\/\/www.pressenza.com\/es\/#\/schema\/logo\/image\/\"},\"sameAs\":[\"https:\/\/www.facebook.com\/PressenzaItalia\",\"https:\/\/x.com\/PressenzaIPA\"]},{\"@type\":\"Person\",\"@id\":\"https:\/\/www.pressenza.com\/es\/#\/schema\/person\/a73d800dc4a8d0e7dd2eb72a2ba36bce\",\"name\":\"Doris Balv\u00edn\",\"description\":\"Investigadora senior del Centro de Estudios Humanistas Nueva Civilizaci\u00f3n, Lima, Per\u00fa, especialista en ecolog\u00eda social\",\"url\":\"https:\/\/www.pressenza.com\/es\/author\/doris-balvin\/\"}]}<\/script>\n<!-- \/ Yoast SEO plugin. -->","yoast_head_json":{"title":"Per\u00fa de espaldas a sus compromisos clim\u00e1ticos \u00a1El oro y el lobby es lo que cuenta!","description":"El Congreso de la Rep\u00fablica con la anuencia del Ministerio de Energ\u00eda y Minas deroga norma que pon\u00eda plazo para eliminar a mineros ilegales del Registro","robots":{"index":"index","follow":"follow","max-snippet":"max-snippet:-1","max-image-preview":"max-image-preview:large","max-video-preview":"max-video-preview:-1"},"canonical":"https:\/\/www.pressenza.com\/es\/2024\/03\/peru-de-espaldas-a-sus-compromisos-climaticos-el-oro-y-el-lobby-es-lo-que-cuenta\/","og_locale":"es_ES","og_type":"article","og_title":"Per\u00fa de espaldas a sus compromisos clim\u00e1ticos \u00a1El oro y el lobby es lo que cuenta!","og_description":"El Congreso de la Rep\u00fablica con la anuencia del Ministerio de Energ\u00eda y Minas deroga norma que pon\u00eda plazo para eliminar a mineros ilegales del Registro","og_url":"https:\/\/www.pressenza.com\/es\/2024\/03\/peru-de-espaldas-a-sus-compromisos-climaticos-el-oro-y-el-lobby-es-lo-que-cuenta\/","og_site_name":"Pressenza","article_publisher":"https:\/\/www.facebook.com\/PressenzaItalia","article_published_time":"2024-03-16T04:27:03+00:00","og_image":[{"width":750,"height":750,"url":"https:\/\/www.pressenza.com\/wp-content\/uploads\/2024\/03\/pexels-Aleksey-Kuprikov.jpeg","type":"image\/jpeg"}],"author":"Doris Balv\u00edn","twitter_card":"summary_large_image","twitter_creator":"@PressenzaIPA","twitter_site":"@PressenzaIPA","twitter_misc":{"Escrito por":"Doris Balv\u00edn","Tiempo de lectura":"2 minutos"},"schema":{"@context":"https:\/\/schema.org","@graph":[{"@type":"Article","@id":"https:\/\/www.pressenza.com\/es\/2024\/03\/peru-de-espaldas-a-sus-compromisos-climaticos-el-oro-y-el-lobby-es-lo-que-cuenta\/#article","isPartOf":{"@id":"https:\/\/www.pressenza.com\/es\/2024\/03\/peru-de-espaldas-a-sus-compromisos-climaticos-el-oro-y-el-lobby-es-lo-que-cuenta\/"},"author":{"name":"Doris Balv\u00edn","@id":"https:\/\/www.pressenza.com\/es\/#\/schema\/person\/a73d800dc4a8d0e7dd2eb72a2ba36bce"},"headline":"Per\u00fa de espaldas a sus compromisos clim\u00e1ticos \u00a1El oro y el lobby es lo que cuenta!","datePublished":"2024-03-16T04:27:03+00:00","mainEntityOfPage":{"@id":"https:\/\/www.pressenza.com\/es\/2024\/03\/peru-de-espaldas-a-sus-compromisos-climaticos-el-oro-y-el-lobby-es-lo-que-cuenta\/"},"wordCount":465,"publisher":{"@id":"https:\/\/www.pressenza.com\/es\/#organization"},"image":{"@id":"https:\/\/www.pressenza.com\/es\/2024\/03\/peru-de-espaldas-a-sus-compromisos-climaticos-el-oro-y-el-lobby-es-lo-que-cuenta\/#primaryimage"},"thumbnailUrl":"https:\/\/www.pressenza.com\/wp-content\/uploads\/2024\/03\/pexels-Aleksey-Kuprikov.jpeg","keywords":["Amazonia","Congreso de la Rep\u00fablica","miner\u00eda ilegal","UNEA"],"articleSection":["Asuntos internacionales","Contenido Original","Ecolog\u00eda y Medio Ambiente","Opiniones","Pol\u00edtica"],"inLanguage":"es"},{"@type":"WebPage","@id":"https:\/\/www.pressenza.com\/es\/2024\/03\/peru-de-espaldas-a-sus-compromisos-climaticos-el-oro-y-el-lobby-es-lo-que-cuenta\/","url":"https:\/\/www.pressenza.com\/es\/2024\/03\/peru-de-espaldas-a-sus-compromisos-climaticos-el-oro-y-el-lobby-es-lo-que-cuenta\/","name":"Per\u00fa de espaldas a sus compromisos clim\u00e1ticos \u00a1El oro y el lobby es lo que cuenta!","isPartOf":{"@id":"https:\/\/www.pressenza.com\/es\/#website"},"primaryImageOfPage":{"@id":"https:\/\/www.pressenza.com\/es\/2024\/03\/peru-de-espaldas-a-sus-compromisos-climaticos-el-oro-y-el-lobby-es-lo-que-cuenta\/#primaryimage"},"image":{"@id":"https:\/\/www.pressenza.com\/es\/2024\/03\/peru-de-espaldas-a-sus-compromisos-climaticos-el-oro-y-el-lobby-es-lo-que-cuenta\/#primaryimage"},"thumbnailUrl":"https:\/\/www.pressenza.com\/wp-content\/uploads\/2024\/03\/pexels-Aleksey-Kuprikov.jpeg","datePublished":"2024-03-16T04:27:03+00:00","description":"El Congreso de la Rep\u00fablica con la anuencia del Ministerio de Energ\u00eda y Minas deroga norma que pon\u00eda plazo para eliminar a mineros ilegales del Registro","breadcrumb":{"@id":"https:\/\/www.pressenza.com\/es\/2024\/03\/peru-de-espaldas-a-sus-compromisos-climaticos-el-oro-y-el-lobby-es-lo-que-cuenta\/#breadcrumb"},"inLanguage":"es","potentialAction":[{"@type":"ReadAction","target":["https:\/\/www.pressenza.com\/es\/2024\/03\/peru-de-espaldas-a-sus-compromisos-climaticos-el-oro-y-el-lobby-es-lo-que-cuenta\/"]}]},{"@type":"ImageObject","inLanguage":"es","@id":"https:\/\/www.pressenza.com\/es\/2024\/03\/peru-de-espaldas-a-sus-compromisos-climaticos-el-oro-y-el-lobby-es-lo-que-cuenta\/#primaryimage","url":"https:\/\/www.pressenza.com\/wp-content\/uploads\/2024\/03\/pexels-Aleksey-Kuprikov.jpeg","contentUrl":"https:\/\/www.pressenza.com\/wp-content\/uploads\/2024\/03\/pexels-Aleksey-Kuprikov.jpeg","width":750,"height":750},{"@type":"BreadcrumbList","@id":"https:\/\/www.pressenza.com\/es\/2024\/03\/peru-de-espaldas-a-sus-compromisos-climaticos-el-oro-y-el-lobby-es-lo-que-cuenta\/#breadcrumb","itemListElement":[{"@type":"ListItem","position":1,"name":"Accueil","item":"https:\/\/www.pressenza.com\/es\/"},{"@type":"ListItem","position":2,"name":"Per\u00fa de espaldas a sus compromisos clim\u00e1ticos \u00a1El oro y el lobby es lo que cuenta!"}]},{"@type":"WebSite","@id":"https:\/\/www.pressenza.com\/es\/#website","url":"https:\/\/www.pressenza.com\/es\/","name":"Pressenza","description":"International Press Agency","publisher":{"@id":"https:\/\/www.pressenza.com\/es\/#organization"},"potentialAction":[{"@type":"SearchAction","target":{"@type":"EntryPoint","urlTemplate":"https:\/\/www.pressenza.com\/es\/?s={search_term_string}"},"query-input":{"@type":"PropertyValueSpecification","valueRequired":true,"valueName":"search_term_string"}}],"inLanguage":"es"},{"@type":"Organization","@id":"https:\/\/www.pressenza.com\/es\/#organization","name":"Pressenza","url":"https:\/\/www.pressenza.com\/es\/","logo":{"@type":"ImageObject","inLanguage":"es","@id":"https:\/\/www.pressenza.com\/es\/#\/schema\/logo\/image\/","url":"https:\/\/www.pressenza.com\/wp-content\/uploads\/2022\/10\/pressenza_logo_200x200.jpg","contentUrl":"https:\/\/www.pressenza.com\/wp-content\/uploads\/2022\/10\/pressenza_logo_200x200.jpg","width":200,"height":200,"caption":"Pressenza"},"image":{"@id":"https:\/\/www.pressenza.com\/es\/#\/schema\/logo\/image\/"},"sameAs":["https:\/\/www.facebook.com\/PressenzaItalia","https:\/\/x.com\/PressenzaIPA"]},{"@type":"Person","@id":"https:\/\/www.pressenza.com\/es\/#\/schema\/person\/a73d800dc4a8d0e7dd2eb72a2ba36bce","name":"Doris Balv\u00edn","description":"Investigadora senior del Centro de Estudios Humanistas Nueva Civilizaci\u00f3n, Lima, Per\u00fa, especialista en ecolog\u00eda social","url":"https:\/\/www.pressenza.com\/es\/author\/doris-balvin\/"}]}},"place":"","original_article_url":"","_links":{"self":[{"href":"https:\/\/www.pressenza.com\/es\/wp-json\/wp\/v2\/posts\/1832360","targetHints":{"allow":["GET"]}}],"collection":[{"href":"https:\/\/www.pressenza.com\/es\/wp-json\/wp\/v2\/posts"}],"about":[{"href":"https:\/\/www.pressenza.com\/es\/wp-json\/wp\/v2\/types\/post"}],"author":[{"embeddable":true,"href":"https:\/\/www.pressenza.com\/es\/wp-json\/wp\/v2\/users\/1951"}],"replies":[{"embeddable":true,"href":"https:\/\/www.pressenza.com\/es\/wp-json\/wp\/v2\/comments?post=1832360"}],"version-history":[{"count":0,"href":"https:\/\/www.pressenza.com\/es\/wp-json\/wp\/v2\/posts\/1832360\/revisions"}],"wp:featuredmedia":[{"embeddable":true,"href":"https:\/\/www.pressenza.com\/es\/wp-json\/wp\/v2\/media\/1832362"}],"wp:attachment":[{"href":"https:\/\/www.pressenza.com\/es\/wp-json\/wp\/v2\/media?parent=1832360"}],"wp:term":[{"taxonomy":"category","embeddable":true,"href":"https:\/\/www.pressenza.com\/es\/wp-json\/wp\/v2\/categories?post=1832360"},{"taxonomy":"post_tag","embeddable":true,"href":"https:\/\/www.pressenza.com\/es\/wp-json\/wp\/v2\/tags?post=1832360"}],"curies":[{"name":"wp","href":"https:\/\/api.w.org\/{rel}","templated":true}]}}