{"id":1831445,"date":"2024-03-10T23:31:48","date_gmt":"2024-03-10T23:31:48","guid":{"rendered":"https:\/\/www.pressenza.com\/?p=1831445"},"modified":"2024-03-10T23:31:48","modified_gmt":"2024-03-10T23:31:48","slug":"peru-cantautora-daniella-saettone-lanza-nueva-cancion-mi-voz-una-protesta-sobre-la-inadmisible-y-creciente-violencia-de-genero","status":"publish","type":"post","link":"https:\/\/www.pressenza.com\/es\/2024\/03\/peru-cantautora-daniella-saettone-lanza-nueva-cancion-mi-voz-una-protesta-sobre-la-inadmisible-y-creciente-violencia-de-genero\/","title":{"rendered":"[Per\u00fa] Cantautora Daniella Saettone lanza nueva canci\u00f3n: Mi voz, una protesta sobre la inadmisible y creciente violencia de g\u00e9nero"},"content":{"rendered":"<p>Seg\u00fan ONU-Mujeres, una de cada tres mujeres en el mundo ha sufrido violencia de g\u00e9nero, f\u00edsica o sexual en su mayor\u00eda. Esto genera graves da\u00f1os a la salud mental de corto y de largo plazo. Muchas mujeres piden ayuda y no reciben apoyo, otras por verg\u00fcenza niegan o callan el trauma.<\/p>\n<p><b>Daniella Saettone<\/b>, cantautora peruana reconocida como una de las fundadoras del pop femenino peruano cuenta con cuatro discos en su haber. Es psic\u00f3loga licenciada por la PUCP y magister en psicoterapia por la Universidad Comillas en Madrid. En el d\u00eda de la mujer, el 8 de marzo del 2024, lanz\u00f3 su tema \u201cMi Voz\u201d, parte de su quinto disco, una protesta sobre la inadmisible y creciente violencia de g\u00e9nero.<\/p>\n<p>La canci\u00f3n narra de forma v\u00edvida las fases por las que pasa la supervivencia a la violencia sexual: la verg\u00fcenza o fase secreto, la reacci\u00f3n o divulgaci\u00f3n, la visi\u00f3n de salir adelante con reca\u00eddas y finalmente la sanaci\u00f3n. Daniella Saettone lo hace con una letra simb\u00f3lica y profunda que la caracteriza como cantautora.<\/p>\n<p>Con la participaci\u00f3n del psic\u00f3logo social Jorge Yamamoto, el video presenta una explicaci\u00f3n de los efectos de la violencia de g\u00e9nero, qu\u00e9 pasa por la mente, por los sentimientos y por el comportamiento de la v\u00edctima. C\u00f3mo, con ayuda de familiares, amigos y especialistas puede salir adelante. La lucha no es f\u00e1cil, tiene reca\u00eddas, pero se puede y se debe retomar la vida rutinaria, la vida con bienestar.<\/p>\n<p><img loading=\"lazy\" decoding=\"async\" class=\"alignnone size-large wp-image-1831448\" src=\"https:\/\/www.pressenza.com\/wp-content\/uploads\/2024\/03\/Daniella-Saettone-2-683x1024.jpg\" alt=\"\" width=\"683\" height=\"1024\" srcset=\"https:\/\/www.pressenza.com\/wp-content\/uploads\/2024\/03\/Daniella-Saettone-2-683x1024.jpg 683w, https:\/\/www.pressenza.com\/wp-content\/uploads\/2024\/03\/Daniella-Saettone-2-200x300.jpg 200w, https:\/\/www.pressenza.com\/wp-content\/uploads\/2024\/03\/Daniella-Saettone-2.jpg 950w\" sizes=\"auto, (max-width: 683px) 100vw, 683px\" \/><\/p>\n<p>La combinaci\u00f3n del arte, la psicoterapia y la psicolog\u00eda social ensaya una propuesta de educaci\u00f3n masiva para crear conciencia sobre el problema, narra la historia de las v\u00edctimas con riqueza descriptiva y sustento psicol\u00f3gico. Explica que los caminos que la ciencia del comportamiento encuentra son las que mejoran las posibilidades de salir adelante. En la parte final, se cita el enlace a la l\u00ednea 100, que con especialistas atienden y orientan a las v\u00edctimas de violencia de g\u00e9nero.<\/p>\n<p>Lamentablemente, las noticias de feminicidios, violencia f\u00edsica, psicol\u00f3gica y sexual en el Per\u00fa van en alarmante aumento. La obra de Daniella Saettone con la colaboraci\u00f3n de Jorge Yamamoto, es una respuesta concreta a este problema que, con la debida difusi\u00f3n, puede ayudar a crear conciencia y brindar v\u00edas de enfrentar este flagelo.<\/p>\n<p>El viernes 8 a las 10 pm se realiz\u00f3 un live v\u00eda: <a href=\"https:\/\/www.instagram.com\/daniellasaettone\/\" target=\"_blank\" rel=\"nofollow noopener\" data-saferedirecturl=\"https:\/\/www.google.com\/url?q=https:\/\/www.instagram.com\/daniellasaettone\/&amp;source=gmail&amp;ust=1710199280440000&amp;usg=AOvVaw34qrpiqm8SaKqLr8ETUzDw\">https:\/\/www.instagram.com\/<wbr \/>daniellasaettone\/<\/a> en el que participaron Daniella Saettone y Jorge Yamamoto. Terminada la presentaci\u00f3n, se abri\u00f3 el enlace para que el p\u00fablico pueda ver el v\u00eddeo de MI VOZ en el IG de Daniella Saettone y a trav\u00e9s de Spotify.<\/p>\n<p><b>*Agradecemos su apoyo en la difusi\u00f3n.<\/b><\/p>\n<p>Prensa<\/p>\n<p>Diva Producciones\/ Pilar Ramos<\/p>\n<p><a href=\"mailto:pilarramos@diva.pe\" target=\"_blank\" rel=\"nofollow noopener\">pilarramos@diva.pe<\/a> \/ Cel. 971137656<\/p>\n","protected":false},"excerpt":{"rendered":"<p>Seg\u00fan ONU-Mujeres, una de cada tres mujeres en el mundo ha sufrido violencia de g\u00e9nero, f\u00edsica o sexual en su mayor\u00eda. Esto genera graves da\u00f1os a la salud mental de corto y de largo plazo. Muchas mujeres piden ayuda y&hellip;<\/p>\n","protected":false},"author":831,"featured_media":1831447,"comment_status":"closed","ping_status":"closed","sticky":false,"template":"","format":"standard","meta":{"footnotes":""},"categories":[149,75,54515,106739,67],"tags":[120816,120815,1674,1024],"class_list":["post-1831445","post","type-post","status-publish","format-standard","has-post-thumbnail","hentry","category-comunicados-de-prensa","category-cultura-es","category-genero-y-feminismos","category-noticia","category-sudamerica","tag-cantautora","tag-daniella-saettone","tag-musica-es","tag-violencia-de-genero"],"yoast_head":"<!-- This site is optimized with the Yoast SEO plugin v27.1.1 - https:\/\/yoast.com\/product\/yoast-seo-wordpress\/ -->\n<title>[Per\u00fa] Cantautora Daniella Saettone lanza nueva canci\u00f3n: Mi voz, una protesta sobre la inadmisible y creciente violencia de g\u00e9nero<\/title>\n<meta name=\"description\" content=\"Seg\u00fan ONU-Mujeres, una de cada tres mujeres en el mundo ha sufrido violencia de g\u00e9nero, f\u00edsica o sexual en su mayor\u00eda. Esto genera graves da\u00f1os a la salud\" \/>\n<meta name=\"robots\" content=\"index, follow, max-snippet:-1, max-image-preview:large, max-video-preview:-1\" \/>\n<link rel=\"canonical\" href=\"https:\/\/www.pressenza.com\/es\/2024\/03\/peru-cantautora-daniella-saettone-lanza-nueva-cancion-mi-voz-una-protesta-sobre-la-inadmisible-y-creciente-violencia-de-genero\/\" \/>\n<meta property=\"og:locale\" content=\"es_ES\" \/>\n<meta property=\"og:type\" content=\"article\" \/>\n<meta property=\"og:title\" content=\"[Per\u00fa] Cantautora Daniella Saettone lanza nueva canci\u00f3n: Mi voz, una protesta sobre la inadmisible y creciente violencia de g\u00e9nero\" \/>\n<meta property=\"og:description\" content=\"Seg\u00fan ONU-Mujeres, una de cada tres mujeres en el mundo ha sufrido violencia de g\u00e9nero, f\u00edsica o sexual en su mayor\u00eda. Esto genera graves da\u00f1os a la salud\" \/>\n<meta property=\"og:url\" content=\"https:\/\/www.pressenza.com\/es\/2024\/03\/peru-cantautora-daniella-saettone-lanza-nueva-cancion-mi-voz-una-protesta-sobre-la-inadmisible-y-creciente-violencia-de-genero\/\" \/>\n<meta property=\"og:site_name\" content=\"Pressenza\" \/>\n<meta property=\"article:publisher\" content=\"https:\/\/www.facebook.com\/PressenzaItalia\" \/>\n<meta property=\"article:published_time\" content=\"2024-03-10T23:31:48+00:00\" \/>\n<meta property=\"og:image\" content=\"https:\/\/www.pressenza.com\/wp-content\/uploads\/2024\/03\/Daniella-Saettone.jpg\" \/>\n\t<meta property=\"og:image:width\" content=\"950\" \/>\n\t<meta property=\"og:image:height\" content=\"950\" \/>\n\t<meta property=\"og:image:type\" content=\"image\/jpeg\" \/>\n<meta name=\"author\" content=\"Redacci\u00f3n Per\u00fa\" \/>\n<meta name=\"twitter:card\" content=\"summary_large_image\" \/>\n<meta name=\"twitter:creator\" content=\"@PressenzaIPA\" \/>\n<meta name=\"twitter:site\" content=\"@PressenzaIPA\" \/>\n<meta name=\"twitter:label1\" content=\"Escrito por\" \/>\n\t<meta name=\"twitter:data1\" content=\"Redacci\u00f3n Per\u00fa\" \/>\n\t<meta name=\"twitter:label2\" content=\"Tiempo de lectura\" \/>\n\t<meta name=\"twitter:data2\" content=\"3 minutos\" \/>\n<script type=\"application\/ld+json\" class=\"yoast-schema-graph\">{\"@context\":\"https:\/\/schema.org\",\"@graph\":[{\"@type\":\"Article\",\"@id\":\"https:\/\/www.pressenza.com\/es\/2024\/03\/peru-cantautora-daniella-saettone-lanza-nueva-cancion-mi-voz-una-protesta-sobre-la-inadmisible-y-creciente-violencia-de-genero\/#article\",\"isPartOf\":{\"@id\":\"https:\/\/www.pressenza.com\/es\/2024\/03\/peru-cantautora-daniella-saettone-lanza-nueva-cancion-mi-voz-una-protesta-sobre-la-inadmisible-y-creciente-violencia-de-genero\/\"},\"author\":{\"name\":\"Redacci\u00f3n Per\u00fa\",\"@id\":\"https:\/\/www.pressenza.com\/es\/#\/schema\/person\/e86c29a41185b85084a478822f5de81b\"},\"headline\":\"[Per\u00fa] Cantautora Daniella Saettone lanza nueva canci\u00f3n: Mi voz, una protesta sobre la inadmisible y creciente violencia de g\u00e9nero\",\"datePublished\":\"2024-03-10T23:31:48+00:00\",\"mainEntityOfPage\":{\"@id\":\"https:\/\/www.pressenza.com\/es\/2024\/03\/peru-cantautora-daniella-saettone-lanza-nueva-cancion-mi-voz-una-protesta-sobre-la-inadmisible-y-creciente-violencia-de-genero\/\"},\"wordCount\":502,\"publisher\":{\"@id\":\"https:\/\/www.pressenza.com\/es\/#organization\"},\"image\":{\"@id\":\"https:\/\/www.pressenza.com\/es\/2024\/03\/peru-cantautora-daniella-saettone-lanza-nueva-cancion-mi-voz-una-protesta-sobre-la-inadmisible-y-creciente-violencia-de-genero\/#primaryimage\"},\"thumbnailUrl\":\"https:\/\/www.pressenza.com\/wp-content\/uploads\/2024\/03\/Daniella-Saettone.jpg\",\"keywords\":[\"cantautora\",\"Daniella Saettone\",\"m\u00fasica\",\"Violencia de g\u00e9nero\"],\"articleSection\":[\"Comunicados de Prensa\",\"Cultura y Medios\",\"G\u00e9nero y Feminismos\",\"Noticia\",\"Sudam\u00e9rica\"],\"inLanguage\":\"es\"},{\"@type\":\"WebPage\",\"@id\":\"https:\/\/www.pressenza.com\/es\/2024\/03\/peru-cantautora-daniella-saettone-lanza-nueva-cancion-mi-voz-una-protesta-sobre-la-inadmisible-y-creciente-violencia-de-genero\/\",\"url\":\"https:\/\/www.pressenza.com\/es\/2024\/03\/peru-cantautora-daniella-saettone-lanza-nueva-cancion-mi-voz-una-protesta-sobre-la-inadmisible-y-creciente-violencia-de-genero\/\",\"name\":\"[Per\u00fa] Cantautora Daniella Saettone lanza nueva canci\u00f3n: Mi voz, una protesta sobre la inadmisible y creciente violencia de g\u00e9nero\",\"isPartOf\":{\"@id\":\"https:\/\/www.pressenza.com\/es\/#website\"},\"primaryImageOfPage\":{\"@id\":\"https:\/\/www.pressenza.com\/es\/2024\/03\/peru-cantautora-daniella-saettone-lanza-nueva-cancion-mi-voz-una-protesta-sobre-la-inadmisible-y-creciente-violencia-de-genero\/#primaryimage\"},\"image\":{\"@id\":\"https:\/\/www.pressenza.com\/es\/2024\/03\/peru-cantautora-daniella-saettone-lanza-nueva-cancion-mi-voz-una-protesta-sobre-la-inadmisible-y-creciente-violencia-de-genero\/#primaryimage\"},\"thumbnailUrl\":\"https:\/\/www.pressenza.com\/wp-content\/uploads\/2024\/03\/Daniella-Saettone.jpg\",\"datePublished\":\"2024-03-10T23:31:48+00:00\",\"description\":\"Seg\u00fan ONU-Mujeres, una de cada tres mujeres en el mundo ha sufrido violencia de g\u00e9nero, f\u00edsica o sexual en su mayor\u00eda. Esto genera graves da\u00f1os a la salud\",\"breadcrumb\":{\"@id\":\"https:\/\/www.pressenza.com\/es\/2024\/03\/peru-cantautora-daniella-saettone-lanza-nueva-cancion-mi-voz-una-protesta-sobre-la-inadmisible-y-creciente-violencia-de-genero\/#breadcrumb\"},\"inLanguage\":\"es\",\"potentialAction\":[{\"@type\":\"ReadAction\",\"target\":[\"https:\/\/www.pressenza.com\/es\/2024\/03\/peru-cantautora-daniella-saettone-lanza-nueva-cancion-mi-voz-una-protesta-sobre-la-inadmisible-y-creciente-violencia-de-genero\/\"]}]},{\"@type\":\"ImageObject\",\"inLanguage\":\"es\",\"@id\":\"https:\/\/www.pressenza.com\/es\/2024\/03\/peru-cantautora-daniella-saettone-lanza-nueva-cancion-mi-voz-una-protesta-sobre-la-inadmisible-y-creciente-violencia-de-genero\/#primaryimage\",\"url\":\"https:\/\/www.pressenza.com\/wp-content\/uploads\/2024\/03\/Daniella-Saettone.jpg\",\"contentUrl\":\"https:\/\/www.pressenza.com\/wp-content\/uploads\/2024\/03\/Daniella-Saettone.jpg\",\"width\":950,\"height\":950},{\"@type\":\"BreadcrumbList\",\"@id\":\"https:\/\/www.pressenza.com\/es\/2024\/03\/peru-cantautora-daniella-saettone-lanza-nueva-cancion-mi-voz-una-protesta-sobre-la-inadmisible-y-creciente-violencia-de-genero\/#breadcrumb\",\"itemListElement\":[{\"@type\":\"ListItem\",\"position\":1,\"name\":\"Accueil\",\"item\":\"https:\/\/www.pressenza.com\/es\/\"},{\"@type\":\"ListItem\",\"position\":2,\"name\":\"[Per\u00fa] Cantautora Daniella Saettone lanza nueva canci\u00f3n: Mi voz, una protesta sobre la inadmisible y creciente violencia de g\u00e9nero\"}]},{\"@type\":\"WebSite\",\"@id\":\"https:\/\/www.pressenza.com\/es\/#website\",\"url\":\"https:\/\/www.pressenza.com\/es\/\",\"name\":\"Pressenza\",\"description\":\"International Press Agency\",\"publisher\":{\"@id\":\"https:\/\/www.pressenza.com\/es\/#organization\"},\"potentialAction\":[{\"@type\":\"SearchAction\",\"target\":{\"@type\":\"EntryPoint\",\"urlTemplate\":\"https:\/\/www.pressenza.com\/es\/?s={search_term_string}\"},\"query-input\":{\"@type\":\"PropertyValueSpecification\",\"valueRequired\":true,\"valueName\":\"search_term_string\"}}],\"inLanguage\":\"es\"},{\"@type\":\"Organization\",\"@id\":\"https:\/\/www.pressenza.com\/es\/#organization\",\"name\":\"Pressenza\",\"url\":\"https:\/\/www.pressenza.com\/es\/\",\"logo\":{\"@type\":\"ImageObject\",\"inLanguage\":\"es\",\"@id\":\"https:\/\/www.pressenza.com\/es\/#\/schema\/logo\/image\/\",\"url\":\"https:\/\/www.pressenza.com\/wp-content\/uploads\/2022\/10\/pressenza_logo_200x200.jpg\",\"contentUrl\":\"https:\/\/www.pressenza.com\/wp-content\/uploads\/2022\/10\/pressenza_logo_200x200.jpg\",\"width\":200,\"height\":200,\"caption\":\"Pressenza\"},\"image\":{\"@id\":\"https:\/\/www.pressenza.com\/es\/#\/schema\/logo\/image\/\"},\"sameAs\":[\"https:\/\/www.facebook.com\/PressenzaItalia\",\"https:\/\/x.com\/PressenzaIPA\"]},{\"@type\":\"Person\",\"@id\":\"https:\/\/www.pressenza.com\/es\/#\/schema\/person\/e86c29a41185b85084a478822f5de81b\",\"name\":\"Redacci\u00f3n Per\u00fa\",\"description\":\"News published by the Pressenza bureau in Peru\",\"url\":\"https:\/\/www.pressenza.com\/es\/author\/redaccion-peru\/\"}]}<\/script>\n<!-- \/ Yoast SEO plugin. -->","yoast_head_json":{"title":"[Per\u00fa] Cantautora Daniella Saettone lanza nueva canci\u00f3n: Mi voz, una protesta sobre la inadmisible y creciente violencia de g\u00e9nero","description":"Seg\u00fan ONU-Mujeres, una de cada tres mujeres en el mundo ha sufrido violencia de g\u00e9nero, f\u00edsica o sexual en su mayor\u00eda. Esto genera graves da\u00f1os a la salud","robots":{"index":"index","follow":"follow","max-snippet":"max-snippet:-1","max-image-preview":"max-image-preview:large","max-video-preview":"max-video-preview:-1"},"canonical":"https:\/\/www.pressenza.com\/es\/2024\/03\/peru-cantautora-daniella-saettone-lanza-nueva-cancion-mi-voz-una-protesta-sobre-la-inadmisible-y-creciente-violencia-de-genero\/","og_locale":"es_ES","og_type":"article","og_title":"[Per\u00fa] Cantautora Daniella Saettone lanza nueva canci\u00f3n: Mi voz, una protesta sobre la inadmisible y creciente violencia de g\u00e9nero","og_description":"Seg\u00fan ONU-Mujeres, una de cada tres mujeres en el mundo ha sufrido violencia de g\u00e9nero, f\u00edsica o sexual en su mayor\u00eda. Esto genera graves da\u00f1os a la salud","og_url":"https:\/\/www.pressenza.com\/es\/2024\/03\/peru-cantautora-daniella-saettone-lanza-nueva-cancion-mi-voz-una-protesta-sobre-la-inadmisible-y-creciente-violencia-de-genero\/","og_site_name":"Pressenza","article_publisher":"https:\/\/www.facebook.com\/PressenzaItalia","article_published_time":"2024-03-10T23:31:48+00:00","og_image":[{"width":950,"height":950,"url":"https:\/\/www.pressenza.com\/wp-content\/uploads\/2024\/03\/Daniella-Saettone.jpg","type":"image\/jpeg"}],"author":"Redacci\u00f3n Per\u00fa","twitter_card":"summary_large_image","twitter_creator":"@PressenzaIPA","twitter_site":"@PressenzaIPA","twitter_misc":{"Escrito por":"Redacci\u00f3n Per\u00fa","Tiempo de lectura":"3 minutos"},"schema":{"@context":"https:\/\/schema.org","@graph":[{"@type":"Article","@id":"https:\/\/www.pressenza.com\/es\/2024\/03\/peru-cantautora-daniella-saettone-lanza-nueva-cancion-mi-voz-una-protesta-sobre-la-inadmisible-y-creciente-violencia-de-genero\/#article","isPartOf":{"@id":"https:\/\/www.pressenza.com\/es\/2024\/03\/peru-cantautora-daniella-saettone-lanza-nueva-cancion-mi-voz-una-protesta-sobre-la-inadmisible-y-creciente-violencia-de-genero\/"},"author":{"name":"Redacci\u00f3n Per\u00fa","@id":"https:\/\/www.pressenza.com\/es\/#\/schema\/person\/e86c29a41185b85084a478822f5de81b"},"headline":"[Per\u00fa] Cantautora Daniella Saettone lanza nueva canci\u00f3n: Mi voz, una protesta sobre la inadmisible y creciente violencia de g\u00e9nero","datePublished":"2024-03-10T23:31:48+00:00","mainEntityOfPage":{"@id":"https:\/\/www.pressenza.com\/es\/2024\/03\/peru-cantautora-daniella-saettone-lanza-nueva-cancion-mi-voz-una-protesta-sobre-la-inadmisible-y-creciente-violencia-de-genero\/"},"wordCount":502,"publisher":{"@id":"https:\/\/www.pressenza.com\/es\/#organization"},"image":{"@id":"https:\/\/www.pressenza.com\/es\/2024\/03\/peru-cantautora-daniella-saettone-lanza-nueva-cancion-mi-voz-una-protesta-sobre-la-inadmisible-y-creciente-violencia-de-genero\/#primaryimage"},"thumbnailUrl":"https:\/\/www.pressenza.com\/wp-content\/uploads\/2024\/03\/Daniella-Saettone.jpg","keywords":["cantautora","Daniella Saettone","m\u00fasica","Violencia de g\u00e9nero"],"articleSection":["Comunicados de Prensa","Cultura y Medios","G\u00e9nero y Feminismos","Noticia","Sudam\u00e9rica"],"inLanguage":"es"},{"@type":"WebPage","@id":"https:\/\/www.pressenza.com\/es\/2024\/03\/peru-cantautora-daniella-saettone-lanza-nueva-cancion-mi-voz-una-protesta-sobre-la-inadmisible-y-creciente-violencia-de-genero\/","url":"https:\/\/www.pressenza.com\/es\/2024\/03\/peru-cantautora-daniella-saettone-lanza-nueva-cancion-mi-voz-una-protesta-sobre-la-inadmisible-y-creciente-violencia-de-genero\/","name":"[Per\u00fa] Cantautora Daniella Saettone lanza nueva canci\u00f3n: Mi voz, una protesta sobre la inadmisible y creciente violencia de g\u00e9nero","isPartOf":{"@id":"https:\/\/www.pressenza.com\/es\/#website"},"primaryImageOfPage":{"@id":"https:\/\/www.pressenza.com\/es\/2024\/03\/peru-cantautora-daniella-saettone-lanza-nueva-cancion-mi-voz-una-protesta-sobre-la-inadmisible-y-creciente-violencia-de-genero\/#primaryimage"},"image":{"@id":"https:\/\/www.pressenza.com\/es\/2024\/03\/peru-cantautora-daniella-saettone-lanza-nueva-cancion-mi-voz-una-protesta-sobre-la-inadmisible-y-creciente-violencia-de-genero\/#primaryimage"},"thumbnailUrl":"https:\/\/www.pressenza.com\/wp-content\/uploads\/2024\/03\/Daniella-Saettone.jpg","datePublished":"2024-03-10T23:31:48+00:00","description":"Seg\u00fan ONU-Mujeres, una de cada tres mujeres en el mundo ha sufrido violencia de g\u00e9nero, f\u00edsica o sexual en su mayor\u00eda. Esto genera graves da\u00f1os a la salud","breadcrumb":{"@id":"https:\/\/www.pressenza.com\/es\/2024\/03\/peru-cantautora-daniella-saettone-lanza-nueva-cancion-mi-voz-una-protesta-sobre-la-inadmisible-y-creciente-violencia-de-genero\/#breadcrumb"},"inLanguage":"es","potentialAction":[{"@type":"ReadAction","target":["https:\/\/www.pressenza.com\/es\/2024\/03\/peru-cantautora-daniella-saettone-lanza-nueva-cancion-mi-voz-una-protesta-sobre-la-inadmisible-y-creciente-violencia-de-genero\/"]}]},{"@type":"ImageObject","inLanguage":"es","@id":"https:\/\/www.pressenza.com\/es\/2024\/03\/peru-cantautora-daniella-saettone-lanza-nueva-cancion-mi-voz-una-protesta-sobre-la-inadmisible-y-creciente-violencia-de-genero\/#primaryimage","url":"https:\/\/www.pressenza.com\/wp-content\/uploads\/2024\/03\/Daniella-Saettone.jpg","contentUrl":"https:\/\/www.pressenza.com\/wp-content\/uploads\/2024\/03\/Daniella-Saettone.jpg","width":950,"height":950},{"@type":"BreadcrumbList","@id":"https:\/\/www.pressenza.com\/es\/2024\/03\/peru-cantautora-daniella-saettone-lanza-nueva-cancion-mi-voz-una-protesta-sobre-la-inadmisible-y-creciente-violencia-de-genero\/#breadcrumb","itemListElement":[{"@type":"ListItem","position":1,"name":"Accueil","item":"https:\/\/www.pressenza.com\/es\/"},{"@type":"ListItem","position":2,"name":"[Per\u00fa] Cantautora Daniella Saettone lanza nueva canci\u00f3n: Mi voz, una protesta sobre la inadmisible y creciente violencia de g\u00e9nero"}]},{"@type":"WebSite","@id":"https:\/\/www.pressenza.com\/es\/#website","url":"https:\/\/www.pressenza.com\/es\/","name":"Pressenza","description":"International Press Agency","publisher":{"@id":"https:\/\/www.pressenza.com\/es\/#organization"},"potentialAction":[{"@type":"SearchAction","target":{"@type":"EntryPoint","urlTemplate":"https:\/\/www.pressenza.com\/es\/?s={search_term_string}"},"query-input":{"@type":"PropertyValueSpecification","valueRequired":true,"valueName":"search_term_string"}}],"inLanguage":"es"},{"@type":"Organization","@id":"https:\/\/www.pressenza.com\/es\/#organization","name":"Pressenza","url":"https:\/\/www.pressenza.com\/es\/","logo":{"@type":"ImageObject","inLanguage":"es","@id":"https:\/\/www.pressenza.com\/es\/#\/schema\/logo\/image\/","url":"https:\/\/www.pressenza.com\/wp-content\/uploads\/2022\/10\/pressenza_logo_200x200.jpg","contentUrl":"https:\/\/www.pressenza.com\/wp-content\/uploads\/2022\/10\/pressenza_logo_200x200.jpg","width":200,"height":200,"caption":"Pressenza"},"image":{"@id":"https:\/\/www.pressenza.com\/es\/#\/schema\/logo\/image\/"},"sameAs":["https:\/\/www.facebook.com\/PressenzaItalia","https:\/\/x.com\/PressenzaIPA"]},{"@type":"Person","@id":"https:\/\/www.pressenza.com\/es\/#\/schema\/person\/e86c29a41185b85084a478822f5de81b","name":"Redacci\u00f3n Per\u00fa","description":"News published by the Pressenza bureau in Peru","url":"https:\/\/www.pressenza.com\/es\/author\/redaccion-peru\/"}]}},"place":"Lima, Per\u00fa","original_article_url":"","_links":{"self":[{"href":"https:\/\/www.pressenza.com\/es\/wp-json\/wp\/v2\/posts\/1831445","targetHints":{"allow":["GET"]}}],"collection":[{"href":"https:\/\/www.pressenza.com\/es\/wp-json\/wp\/v2\/posts"}],"about":[{"href":"https:\/\/www.pressenza.com\/es\/wp-json\/wp\/v2\/types\/post"}],"author":[{"embeddable":true,"href":"https:\/\/www.pressenza.com\/es\/wp-json\/wp\/v2\/users\/831"}],"replies":[{"embeddable":true,"href":"https:\/\/www.pressenza.com\/es\/wp-json\/wp\/v2\/comments?post=1831445"}],"version-history":[{"count":0,"href":"https:\/\/www.pressenza.com\/es\/wp-json\/wp\/v2\/posts\/1831445\/revisions"}],"wp:featuredmedia":[{"embeddable":true,"href":"https:\/\/www.pressenza.com\/es\/wp-json\/wp\/v2\/media\/1831447"}],"wp:attachment":[{"href":"https:\/\/www.pressenza.com\/es\/wp-json\/wp\/v2\/media?parent=1831445"}],"wp:term":[{"taxonomy":"category","embeddable":true,"href":"https:\/\/www.pressenza.com\/es\/wp-json\/wp\/v2\/categories?post=1831445"},{"taxonomy":"post_tag","embeddable":true,"href":"https:\/\/www.pressenza.com\/es\/wp-json\/wp\/v2\/tags?post=1831445"}],"curies":[{"name":"wp","href":"https:\/\/api.w.org\/{rel}","templated":true}]}}