{"id":1831043,"date":"2024-03-08T23:41:57","date_gmt":"2024-03-08T23:41:57","guid":{"rendered":"https:\/\/www.pressenza.com\/?p=1831043"},"modified":"2024-03-08T23:41:57","modified_gmt":"2024-03-08T23:41:57","slug":"manifestacion-de-enfermeras-en-guatemala","status":"publish","type":"post","link":"https:\/\/www.pressenza.com\/es\/2024\/03\/manifestacion-de-enfermeras-en-guatemala\/","title":{"rendered":"Manifestaci\u00f3n de enfermeras en Guatemala"},"content":{"rendered":"<p>A trav\u00e9s de una manifestaci\u00f3n pac\u00edfica realizada en las principales calles de la ciudad guatemalteca, el gremio de enfermer\u00eda denunci\u00f3 lo que a diario viven en sus lugares de trabajo. Entre las denuncias est\u00e1n: la falta de insumos y medicamentos para brindar una atenci\u00f3n adecuada, largas jornadas laborales por falta de personal, los contratos de trabajo que no son permanentes y sin goce de derechos laborales, la falta de un salario acorde a cubrir el costo de la canasta b\u00e1sica.<\/p>\n<p>Ac\u00e1 el v\u00eddeo que da cuenta de la manifestaci\u00f3n:<\/p>\n<p><iframe loading=\"lazy\" title=\"DEMANDAS DEL GREMIO DE ENFERMERIA\" width=\"500\" height=\"281\" src=\"https:\/\/www.youtube.com\/embed\/tjSVQ-Aw0OI?feature=oembed\" frameborder=\"0\" allow=\"accelerometer; autoplay; clipboard-write; encrypted-media; gyroscope; picture-in-picture; web-share\" referrerpolicy=\"strict-origin-when-cross-origin\" allowfullscreen><\/iframe><\/p>\n","protected":false},"excerpt":{"rendered":"<p>A trav\u00e9s de una manifestaci\u00f3n pac\u00edfica realizada en las principales calles de la ciudad guatemalteca, el gremio de enfermer\u00eda denunci\u00f3 lo que a diario viven en sus lugares de trabajo. Entre las denuncias est\u00e1n: la falta de insumos y medicamentos&hellip;<\/p>\n","protected":false},"author":2347,"featured_media":1831046,"comment_status":"closed","ping_status":"closed","sticky":false,"template":"","format":"standard","meta":{"footnotes":""},"categories":[69,11389,79,106739,25678],"tags":[7625,40105,1828],"class_list":["post-1831043","post","type-post","status-publish","format-standard","has-post-thumbnail","hentry","category-america-central","category-contenido-original","category-derechos-humanos","category-noticia","category-video-es","tag-derechos-laborales","tag-enfermeras","tag-guatemala-es"],"yoast_head":"<!-- This site is optimized with the Yoast SEO plugin v27.1.1 - https:\/\/yoast.com\/product\/yoast-seo-wordpress\/ -->\n<title>Manifestaci\u00f3n de enfermeras en Guatemala<\/title>\n<meta name=\"description\" content=\"A trav\u00e9s de una manifestaci\u00f3n pac\u00edfica realizada en las principales calles de la ciudad guatemalteca, el gremio de enfermer\u00eda denunci\u00f3 lo que a diario\" \/>\n<meta name=\"robots\" content=\"index, follow, max-snippet:-1, max-image-preview:large, max-video-preview:-1\" \/>\n<link rel=\"canonical\" href=\"https:\/\/www.pressenza.com\/es\/2024\/03\/manifestacion-de-enfermeras-en-guatemala\/\" \/>\n<meta property=\"og:locale\" content=\"es_ES\" \/>\n<meta property=\"og:type\" content=\"article\" \/>\n<meta property=\"og:title\" content=\"Manifestaci\u00f3n de enfermeras en Guatemala\" \/>\n<meta property=\"og:description\" content=\"A trav\u00e9s de una manifestaci\u00f3n pac\u00edfica realizada en las principales calles de la ciudad guatemalteca, el gremio de enfermer\u00eda denunci\u00f3 lo que a diario\" \/>\n<meta property=\"og:url\" content=\"https:\/\/www.pressenza.com\/es\/2024\/03\/manifestacion-de-enfermeras-en-guatemala\/\" \/>\n<meta property=\"og:site_name\" content=\"Pressenza\" \/>\n<meta property=\"article:publisher\" content=\"https:\/\/www.facebook.com\/PressenzaItalia\" \/>\n<meta property=\"article:published_time\" content=\"2024-03-08T23:41:57+00:00\" \/>\n<meta property=\"og:image\" content=\"https:\/\/www.pressenza.com\/wp-content\/uploads\/2024\/03\/FOTO-DEMANDAS-GREMIO-DE-ENFERMERIA.jpg\" \/>\n\t<meta property=\"og:image:width\" content=\"720\" \/>\n\t<meta property=\"og:image:height\" content=\"530\" \/>\n\t<meta property=\"og:image:type\" content=\"image\/jpeg\" \/>\n<meta name=\"author\" content=\"Rocizela P\u00e9rez\" \/>\n<meta name=\"twitter:card\" content=\"summary_large_image\" \/>\n<meta name=\"twitter:creator\" content=\"@PressenzaIPA\" \/>\n<meta name=\"twitter:site\" content=\"@PressenzaIPA\" \/>\n<meta name=\"twitter:label1\" content=\"Escrito por\" \/>\n\t<meta name=\"twitter:data1\" content=\"Rocizela P\u00e9rez\" \/>\n\t<meta name=\"twitter:label2\" content=\"Tiempo de lectura\" \/>\n\t<meta name=\"twitter:data2\" content=\"1 minuto\" \/>\n<script type=\"application\/ld+json\" class=\"yoast-schema-graph\">{\"@context\":\"https:\/\/schema.org\",\"@graph\":[{\"@type\":\"Article\",\"@id\":\"https:\/\/www.pressenza.com\/es\/2024\/03\/manifestacion-de-enfermeras-en-guatemala\/#article\",\"isPartOf\":{\"@id\":\"https:\/\/www.pressenza.com\/es\/2024\/03\/manifestacion-de-enfermeras-en-guatemala\/\"},\"author\":{\"name\":\"Rocizela P\u00e9rez\",\"@id\":\"https:\/\/www.pressenza.com\/es\/#\/schema\/person\/6b7a0fa7d865aa3a5cd354458fe0d780\"},\"headline\":\"Manifestaci\u00f3n de enfermeras en Guatemala\",\"datePublished\":\"2024-03-08T23:41:57+00:00\",\"mainEntityOfPage\":{\"@id\":\"https:\/\/www.pressenza.com\/es\/2024\/03\/manifestacion-de-enfermeras-en-guatemala\/\"},\"wordCount\":109,\"publisher\":{\"@id\":\"https:\/\/www.pressenza.com\/es\/#organization\"},\"image\":{\"@id\":\"https:\/\/www.pressenza.com\/es\/2024\/03\/manifestacion-de-enfermeras-en-guatemala\/#primaryimage\"},\"thumbnailUrl\":\"https:\/\/www.pressenza.com\/wp-content\/uploads\/2024\/03\/FOTO-DEMANDAS-GREMIO-DE-ENFERMERIA.jpg\",\"keywords\":[\"Derechos laborales\",\"enfermeras\",\"Guatemala\"],\"articleSection\":[\"Am\u00e9rica Central\",\"Contenido Original\",\"Derechos Humanos\",\"Noticia\",\"Video\"],\"inLanguage\":\"es\"},{\"@type\":\"WebPage\",\"@id\":\"https:\/\/www.pressenza.com\/es\/2024\/03\/manifestacion-de-enfermeras-en-guatemala\/\",\"url\":\"https:\/\/www.pressenza.com\/es\/2024\/03\/manifestacion-de-enfermeras-en-guatemala\/\",\"name\":\"Manifestaci\u00f3n de enfermeras en Guatemala\",\"isPartOf\":{\"@id\":\"https:\/\/www.pressenza.com\/es\/#website\"},\"primaryImageOfPage\":{\"@id\":\"https:\/\/www.pressenza.com\/es\/2024\/03\/manifestacion-de-enfermeras-en-guatemala\/#primaryimage\"},\"image\":{\"@id\":\"https:\/\/www.pressenza.com\/es\/2024\/03\/manifestacion-de-enfermeras-en-guatemala\/#primaryimage\"},\"thumbnailUrl\":\"https:\/\/www.pressenza.com\/wp-content\/uploads\/2024\/03\/FOTO-DEMANDAS-GREMIO-DE-ENFERMERIA.jpg\",\"datePublished\":\"2024-03-08T23:41:57+00:00\",\"description\":\"A trav\u00e9s de una manifestaci\u00f3n pac\u00edfica realizada en las principales calles de la ciudad guatemalteca, el gremio de enfermer\u00eda denunci\u00f3 lo que a diario\",\"breadcrumb\":{\"@id\":\"https:\/\/www.pressenza.com\/es\/2024\/03\/manifestacion-de-enfermeras-en-guatemala\/#breadcrumb\"},\"inLanguage\":\"es\",\"potentialAction\":[{\"@type\":\"ReadAction\",\"target\":[\"https:\/\/www.pressenza.com\/es\/2024\/03\/manifestacion-de-enfermeras-en-guatemala\/\"]}]},{\"@type\":\"ImageObject\",\"inLanguage\":\"es\",\"@id\":\"https:\/\/www.pressenza.com\/es\/2024\/03\/manifestacion-de-enfermeras-en-guatemala\/#primaryimage\",\"url\":\"https:\/\/www.pressenza.com\/wp-content\/uploads\/2024\/03\/FOTO-DEMANDAS-GREMIO-DE-ENFERMERIA.jpg\",\"contentUrl\":\"https:\/\/www.pressenza.com\/wp-content\/uploads\/2024\/03\/FOTO-DEMANDAS-GREMIO-DE-ENFERMERIA.jpg\",\"width\":720,\"height\":530},{\"@type\":\"BreadcrumbList\",\"@id\":\"https:\/\/www.pressenza.com\/es\/2024\/03\/manifestacion-de-enfermeras-en-guatemala\/#breadcrumb\",\"itemListElement\":[{\"@type\":\"ListItem\",\"position\":1,\"name\":\"Accueil\",\"item\":\"https:\/\/www.pressenza.com\/es\/\"},{\"@type\":\"ListItem\",\"position\":2,\"name\":\"Manifestaci\u00f3n de enfermeras en Guatemala\"}]},{\"@type\":\"WebSite\",\"@id\":\"https:\/\/www.pressenza.com\/es\/#website\",\"url\":\"https:\/\/www.pressenza.com\/es\/\",\"name\":\"Pressenza\",\"description\":\"International Press Agency\",\"publisher\":{\"@id\":\"https:\/\/www.pressenza.com\/es\/#organization\"},\"potentialAction\":[{\"@type\":\"SearchAction\",\"target\":{\"@type\":\"EntryPoint\",\"urlTemplate\":\"https:\/\/www.pressenza.com\/es\/?s={search_term_string}\"},\"query-input\":{\"@type\":\"PropertyValueSpecification\",\"valueRequired\":true,\"valueName\":\"search_term_string\"}}],\"inLanguage\":\"es\"},{\"@type\":\"Organization\",\"@id\":\"https:\/\/www.pressenza.com\/es\/#organization\",\"name\":\"Pressenza\",\"url\":\"https:\/\/www.pressenza.com\/es\/\",\"logo\":{\"@type\":\"ImageObject\",\"inLanguage\":\"es\",\"@id\":\"https:\/\/www.pressenza.com\/es\/#\/schema\/logo\/image\/\",\"url\":\"https:\/\/www.pressenza.com\/wp-content\/uploads\/2022\/10\/pressenza_logo_200x200.jpg\",\"contentUrl\":\"https:\/\/www.pressenza.com\/wp-content\/uploads\/2022\/10\/pressenza_logo_200x200.jpg\",\"width\":200,\"height\":200,\"caption\":\"Pressenza\"},\"image\":{\"@id\":\"https:\/\/www.pressenza.com\/es\/#\/schema\/logo\/image\/\"},\"sameAs\":[\"https:\/\/www.facebook.com\/PressenzaItalia\",\"https:\/\/x.com\/PressenzaIPA\"]},{\"@type\":\"Person\",\"@id\":\"https:\/\/www.pressenza.com\/es\/#\/schema\/person\/6b7a0fa7d865aa3a5cd354458fe0d780\",\"name\":\"Rocizela P\u00e9rez\",\"url\":\"https:\/\/www.pressenza.com\/es\/author\/rocizela-perez\/\"}]}<\/script>\n<!-- \/ Yoast SEO plugin. -->","yoast_head_json":{"title":"Manifestaci\u00f3n de enfermeras en Guatemala","description":"A trav\u00e9s de una manifestaci\u00f3n pac\u00edfica realizada en las principales calles de la ciudad guatemalteca, el gremio de enfermer\u00eda denunci\u00f3 lo que a diario","robots":{"index":"index","follow":"follow","max-snippet":"max-snippet:-1","max-image-preview":"max-image-preview:large","max-video-preview":"max-video-preview:-1"},"canonical":"https:\/\/www.pressenza.com\/es\/2024\/03\/manifestacion-de-enfermeras-en-guatemala\/","og_locale":"es_ES","og_type":"article","og_title":"Manifestaci\u00f3n de enfermeras en Guatemala","og_description":"A trav\u00e9s de una manifestaci\u00f3n pac\u00edfica realizada en las principales calles de la ciudad guatemalteca, el gremio de enfermer\u00eda denunci\u00f3 lo que a diario","og_url":"https:\/\/www.pressenza.com\/es\/2024\/03\/manifestacion-de-enfermeras-en-guatemala\/","og_site_name":"Pressenza","article_publisher":"https:\/\/www.facebook.com\/PressenzaItalia","article_published_time":"2024-03-08T23:41:57+00:00","og_image":[{"width":720,"height":530,"url":"https:\/\/www.pressenza.com\/wp-content\/uploads\/2024\/03\/FOTO-DEMANDAS-GREMIO-DE-ENFERMERIA.jpg","type":"image\/jpeg"}],"author":"Rocizela P\u00e9rez","twitter_card":"summary_large_image","twitter_creator":"@PressenzaIPA","twitter_site":"@PressenzaIPA","twitter_misc":{"Escrito por":"Rocizela P\u00e9rez","Tiempo de lectura":"1 minuto"},"schema":{"@context":"https:\/\/schema.org","@graph":[{"@type":"Article","@id":"https:\/\/www.pressenza.com\/es\/2024\/03\/manifestacion-de-enfermeras-en-guatemala\/#article","isPartOf":{"@id":"https:\/\/www.pressenza.com\/es\/2024\/03\/manifestacion-de-enfermeras-en-guatemala\/"},"author":{"name":"Rocizela P\u00e9rez","@id":"https:\/\/www.pressenza.com\/es\/#\/schema\/person\/6b7a0fa7d865aa3a5cd354458fe0d780"},"headline":"Manifestaci\u00f3n de enfermeras en Guatemala","datePublished":"2024-03-08T23:41:57+00:00","mainEntityOfPage":{"@id":"https:\/\/www.pressenza.com\/es\/2024\/03\/manifestacion-de-enfermeras-en-guatemala\/"},"wordCount":109,"publisher":{"@id":"https:\/\/www.pressenza.com\/es\/#organization"},"image":{"@id":"https:\/\/www.pressenza.com\/es\/2024\/03\/manifestacion-de-enfermeras-en-guatemala\/#primaryimage"},"thumbnailUrl":"https:\/\/www.pressenza.com\/wp-content\/uploads\/2024\/03\/FOTO-DEMANDAS-GREMIO-DE-ENFERMERIA.jpg","keywords":["Derechos laborales","enfermeras","Guatemala"],"articleSection":["Am\u00e9rica Central","Contenido Original","Derechos Humanos","Noticia","Video"],"inLanguage":"es"},{"@type":"WebPage","@id":"https:\/\/www.pressenza.com\/es\/2024\/03\/manifestacion-de-enfermeras-en-guatemala\/","url":"https:\/\/www.pressenza.com\/es\/2024\/03\/manifestacion-de-enfermeras-en-guatemala\/","name":"Manifestaci\u00f3n de enfermeras en Guatemala","isPartOf":{"@id":"https:\/\/www.pressenza.com\/es\/#website"},"primaryImageOfPage":{"@id":"https:\/\/www.pressenza.com\/es\/2024\/03\/manifestacion-de-enfermeras-en-guatemala\/#primaryimage"},"image":{"@id":"https:\/\/www.pressenza.com\/es\/2024\/03\/manifestacion-de-enfermeras-en-guatemala\/#primaryimage"},"thumbnailUrl":"https:\/\/www.pressenza.com\/wp-content\/uploads\/2024\/03\/FOTO-DEMANDAS-GREMIO-DE-ENFERMERIA.jpg","datePublished":"2024-03-08T23:41:57+00:00","description":"A trav\u00e9s de una manifestaci\u00f3n pac\u00edfica realizada en las principales calles de la ciudad guatemalteca, el gremio de enfermer\u00eda denunci\u00f3 lo que a diario","breadcrumb":{"@id":"https:\/\/www.pressenza.com\/es\/2024\/03\/manifestacion-de-enfermeras-en-guatemala\/#breadcrumb"},"inLanguage":"es","potentialAction":[{"@type":"ReadAction","target":["https:\/\/www.pressenza.com\/es\/2024\/03\/manifestacion-de-enfermeras-en-guatemala\/"]}]},{"@type":"ImageObject","inLanguage":"es","@id":"https:\/\/www.pressenza.com\/es\/2024\/03\/manifestacion-de-enfermeras-en-guatemala\/#primaryimage","url":"https:\/\/www.pressenza.com\/wp-content\/uploads\/2024\/03\/FOTO-DEMANDAS-GREMIO-DE-ENFERMERIA.jpg","contentUrl":"https:\/\/www.pressenza.com\/wp-content\/uploads\/2024\/03\/FOTO-DEMANDAS-GREMIO-DE-ENFERMERIA.jpg","width":720,"height":530},{"@type":"BreadcrumbList","@id":"https:\/\/www.pressenza.com\/es\/2024\/03\/manifestacion-de-enfermeras-en-guatemala\/#breadcrumb","itemListElement":[{"@type":"ListItem","position":1,"name":"Accueil","item":"https:\/\/www.pressenza.com\/es\/"},{"@type":"ListItem","position":2,"name":"Manifestaci\u00f3n de enfermeras en Guatemala"}]},{"@type":"WebSite","@id":"https:\/\/www.pressenza.com\/es\/#website","url":"https:\/\/www.pressenza.com\/es\/","name":"Pressenza","description":"International Press Agency","publisher":{"@id":"https:\/\/www.pressenza.com\/es\/#organization"},"potentialAction":[{"@type":"SearchAction","target":{"@type":"EntryPoint","urlTemplate":"https:\/\/www.pressenza.com\/es\/?s={search_term_string}"},"query-input":{"@type":"PropertyValueSpecification","valueRequired":true,"valueName":"search_term_string"}}],"inLanguage":"es"},{"@type":"Organization","@id":"https:\/\/www.pressenza.com\/es\/#organization","name":"Pressenza","url":"https:\/\/www.pressenza.com\/es\/","logo":{"@type":"ImageObject","inLanguage":"es","@id":"https:\/\/www.pressenza.com\/es\/#\/schema\/logo\/image\/","url":"https:\/\/www.pressenza.com\/wp-content\/uploads\/2022\/10\/pressenza_logo_200x200.jpg","contentUrl":"https:\/\/www.pressenza.com\/wp-content\/uploads\/2022\/10\/pressenza_logo_200x200.jpg","width":200,"height":200,"caption":"Pressenza"},"image":{"@id":"https:\/\/www.pressenza.com\/es\/#\/schema\/logo\/image\/"},"sameAs":["https:\/\/www.facebook.com\/PressenzaItalia","https:\/\/x.com\/PressenzaIPA"]},{"@type":"Person","@id":"https:\/\/www.pressenza.com\/es\/#\/schema\/person\/6b7a0fa7d865aa3a5cd354458fe0d780","name":"Rocizela P\u00e9rez","url":"https:\/\/www.pressenza.com\/es\/author\/rocizela-perez\/"}]}},"place":"Ciudad de Guatemala, Guatemala","original_article_url":"","_links":{"self":[{"href":"https:\/\/www.pressenza.com\/es\/wp-json\/wp\/v2\/posts\/1831043","targetHints":{"allow":["GET"]}}],"collection":[{"href":"https:\/\/www.pressenza.com\/es\/wp-json\/wp\/v2\/posts"}],"about":[{"href":"https:\/\/www.pressenza.com\/es\/wp-json\/wp\/v2\/types\/post"}],"author":[{"embeddable":true,"href":"https:\/\/www.pressenza.com\/es\/wp-json\/wp\/v2\/users\/2347"}],"replies":[{"embeddable":true,"href":"https:\/\/www.pressenza.com\/es\/wp-json\/wp\/v2\/comments?post=1831043"}],"version-history":[{"count":0,"href":"https:\/\/www.pressenza.com\/es\/wp-json\/wp\/v2\/posts\/1831043\/revisions"}],"wp:featuredmedia":[{"embeddable":true,"href":"https:\/\/www.pressenza.com\/es\/wp-json\/wp\/v2\/media\/1831046"}],"wp:attachment":[{"href":"https:\/\/www.pressenza.com\/es\/wp-json\/wp\/v2\/media?parent=1831043"}],"wp:term":[{"taxonomy":"category","embeddable":true,"href":"https:\/\/www.pressenza.com\/es\/wp-json\/wp\/v2\/categories?post=1831043"},{"taxonomy":"post_tag","embeddable":true,"href":"https:\/\/www.pressenza.com\/es\/wp-json\/wp\/v2\/tags?post=1831043"}],"curies":[{"name":"wp","href":"https:\/\/api.w.org\/{rel}","templated":true}]}}