{"id":1830675,"date":"2024-03-07T22:45:25","date_gmt":"2024-03-07T22:45:25","guid":{"rendered":"https:\/\/www.pressenza.com\/?p=1830675"},"modified":"2024-03-07T22:45:25","modified_gmt":"2024-03-07T22:45:25","slug":"68-cientificos-as-ganadores-del-premio-nobel-firmaron-una-carta-contra-el-ajuste-a-la-ciencia-argentina","status":"publish","type":"post","link":"https:\/\/www.pressenza.com\/es\/2024\/03\/68-cientificos-as-ganadores-del-premio-nobel-firmaron-una-carta-contra-el-ajuste-a-la-ciencia-argentina\/","title":{"rendered":"68 cient\u00edficos\/as ganadores del Premio Nobel firmaron una carta contra el ajuste a la ciencia argentina"},"content":{"rendered":"<p>El CCT CONICET C\u00f3rdoba agradece el apoyo recibido por parte de estas destacadas figuras cient\u00edficas y comparte la carta, con la intenci\u00f3n de reafirmar su apuesta por una ciencia de calidad al servicio del pueblo argentino.<\/p>\n<p>Sesenta y ocho referentes mundiales en Medicina, Qu\u00edmica, F\u00edsica y Econom\u00eda firmaron una carta en la que se\u00f1alan el destacado papel que ocupa el sistema cient\u00edfico argentino a nivel global y condenan el desfinanciamiento al que est\u00e1 siendo sometido por el gobierno nacional.<\/p>\n<p>\u00abVemos con preocupaci\u00f3n la eliminaci\u00f3n del Ministerio de Ciencia y Tecnolog\u00eda, el despido de empleados administrativos del CONICET y otros institutos en todo el pa\u00eds, y la terminaci\u00f3n anticipada de muchos contratos el pr\u00f3ximo mes. Tememos que Argentina est\u00e9 abandonando a sus cient\u00edficos, estudiantes y futuros l\u00edderes de la ciencia\u201d, manifiestan en el documento que fue enviado al Poder Ejecutivo y a las autoridades del Congreso.<\/p>\n<p>Ante esta situaci\u00f3n sin precedentes, el Centro Cient\u00edfico Tecnol\u00f3gico CONICET C\u00f3rdoba agradece el apoyo recibido por parte de estas destacadas figuras cient\u00edficas y comparte la carta, con la intenci\u00f3n de reafirmar su apuesta por una ciencia de calidad al servicio del pueblo argentino.<\/p>\n<blockquote><p><strong>Sr. Presidente de la Rep\u00fablica Argentina, Javier Milei<\/strong><br \/>\n<strong>Sr. Jefe del Gabinete de Ministros, Nicol\u00e1s Posse<\/strong><br \/>\n<strong>Sr. Presidente del CONICET, Dr. Daniel Salamone<\/strong><br \/>\n<strong>Honorables Senadores y Diputados del Congreso de la Naci\u00f3n Argentina<\/strong><\/p>\n<p>Le escribimos con respeto y profunda preocupaci\u00f3n. Observamos c\u00f3mo el sistema argentino de ciencia y tecnolog\u00eda se acerca a un peligroso precipicio y nos desalientan las consecuencias que esta situaci\u00f3n podr\u00eda tener tanto para el pueblo argentino como para el mundo. Vemos con preocupaci\u00f3n la eliminaci\u00f3n del Ministerio de Ciencia y Tecnolog\u00eda, el despido de empleados administrativos del CONICET y otros institutos en todo el pa\u00eds, y la terminaci\u00f3n anticipada de muchos contratos el pr\u00f3ximo mes. Tememos que Argentina est\u00e9 abandonando a sus cient\u00edficos, estudiantes y futuros l\u00edderes de la ciencia. Nos preocupa que la dram\u00e1tica devaluaci\u00f3n de los presupuestos del CONICET y las Universidades Nacionales refleje no s\u00f3lo una dram\u00e1tica devaluaci\u00f3n de la ciencia argentina sino tambi\u00e9n una devaluaci\u00f3n del pueblo argentino y del futuro de Argentina.<\/p>\n<p>Como cient\u00edficos internacionales, muchos de nosotros hemos sido testigos de las contribuciones transformadoras de la ciencia argentina. Si no fuera por la ciencia y los cient\u00edficos argentinos, las causas y el tratamiento del c\u00e1ncer, la diabetes y las enfermedades cardiovasculares habr\u00edan seguido siendo un misterio durante d\u00e9cadas m\u00e1s. Si no fuera por la ciencia y los cient\u00edficos argentinos, carecer\u00edamos del conocimiento y la tecnolog\u00eda que permiten a un pa\u00eds alimentar tanto a su propio pueblo como a gran parte del mundo y establecer el conocimiento b\u00e1sico necesario para pol\u00edticas efectivas de conservaci\u00f3n de la naturaleza. Si no fuera por la ciencia y los cient\u00edficos argentinos, carecer\u00edamos de elementos clave para nuestra comprensi\u00f3n del funcionamiento del Universo, desde el funcionamiento de los \u00e1tomos hasta el funcionamiento de los virus, las c\u00e9lulas, los genes, el ARN y los ecosistemas. Si no fuera por los ge\u00f3logos y paleont\u00f3logos argentinos el mundo ignorar\u00eda c\u00f3mo se formaron los Andes y la incre\u00edble fauna que habit\u00f3 el continente hace millones de a\u00f1os, lo que explica su riqueza en minerales y petr\u00f3leo. Como ciudadanos del mundo, nos beneficiamos de este legado. Nos beneficiamos de nuestra capacidad, a\u00fan imperfecta, pero a veces vital, para diagnosticar y tratar el c\u00e1ncer. Nos beneficiamos de los avances de la agricultura y de los alimentos que produce el paisaje argentino. Vemos los muchos avances notables que han llegado a Argentina a trav\u00e9s de la historia y la tradici\u00f3n de la ciencia y la tecnolog\u00eda argentinas. \u00bfD\u00f3nde estar\u00eda Argentina -y el mundo- sin esta rica e importante historia?<\/p>\n<p>Devaluar y\/o cancelar a la ciencia argentina ser\u00eda un grave error. El mundo tiene muchos problemas, y cualquier econom\u00eda moderna como la de Argentina debe ser capaz de generar nuevas tecnolog\u00edas centradas en problemas locales y aplicar tecnolog\u00edas generadas por otros en un nuevo contexto local para resolver problemas locales. Creemos en el ideal de que los pa\u00edses que invierten en nueva ciencia compartan sus tecnolog\u00edas y sus beneficios, pero ser\u00edamos ingenuos si no comprendi\u00e9ramos que cualquier pa\u00eds que dependa \u00fanicamente de este esp\u00edritu comunitario perder\u00e1 r\u00e1pidamente su independencia econ\u00f3mica. Algunos problemas, oportunidades y soluciones son globales y quiz\u00e1s confiar en el conocimiento y los esfuerzos de otros pueda funcionar en esos casos. Pero muchos problemas, oportunidades y soluciones son locales, regionales o nacionales, y no debe haber expectativas de que las inversiones y los inversionistas de otras naciones proporcionen el conocimiento y los recursos necesarios para abordar esos problemas. Sin una infraestructura para la ciencia, un pa\u00eds cae en el desamparo y la vulnerabilidad, sin desarrollar su propia tecnolog\u00eda para avanzar, ni capacitar a las personas ni desarrollar la infraestructura necesaria para aplicar el conocimiento cient\u00edfico y tecnol\u00f3gico de otros a los problemas regionales, nacionales y locales. \u00bfD\u00f3nde dejar\u00eda a la Argentina una situaci\u00f3n as\u00ed?<\/p>\n<p>Escribimos con la perspectiva de que Argentina tiene una base cient\u00edfica notable sobre la cual construir, si hay voluntad. Argentina es el \u00fanico pa\u00eds de la regi\u00f3n que ha desarrollado su propia vacuna contra el Covid-19, construido y lanzado sat\u00e9lites de comunicaciones y dise\u00f1ado y construido reactores nucleares de pr\u00f3xima generaci\u00f3n que no s\u00f3lo han sido exportados sino que tambi\u00e9n generar\u00e1n un suministro interno de radiois\u00f3topos cruciales para uso m\u00e9dico. Pr\u00f3ximamente se inaugurar\u00e1 un nuevo laboratorio de terapia de protones, \u00fanico en el hemisferio sur. Un proyecto multinacional liderado por cient\u00edficos argentinos de la Comisi\u00f3n Nacional de Energ\u00eda At\u00f3mica (CNEA) ha instalado el potente radiotelescopio QUBIC a 5.000 metros de altitud en la Puna, en Salta. Este telescopio explorar\u00e1 los primeros milisegundos del universo inmediatamente despu\u00e9s del Big Bang. Argentina ocupa el d\u00e9cimo lugar en el mundo por n\u00famero de empresas de biotecnolog\u00eda, un logro llamativo que promete grandes avances en medicina y agricultura. Utilizando ingenier\u00eda gen\u00e9tica, un grupo financiado con fondos p\u00fablicos ha desarrollado exitosas variantes gen\u00e9ticas de trigo que son resistentes a la sequ\u00eda, ampliando as\u00ed las fronteras de cultivo de cultivos esenciales. Los cient\u00edficos argentinos se destacan en muchas \u00e1reas, incluyendo geolog\u00eda, paleontolog\u00eda, bioqu\u00edmica, biolog\u00eda molecular, neurociencias, inmunolog\u00eda, ecolog\u00eda, f\u00edsica, arqueolog\u00eda y estudios ambientales, atmosf\u00e9ricos y sociales.<\/p>\n<p>Todos estos avances han sido consecuencia del apoyo gubernamental a la investigaci\u00f3n b\u00e1sica. El progreso econ\u00f3mico y social en las sociedades modernas y la creaci\u00f3n de riqueza a partir de los recursos naturales de un pa\u00eds est\u00e1n estrechamente vinculados a una fuerte inversi\u00f3n p\u00fablica en ciencia y tecnolog\u00eda.<\/p>\n<p>Por estas razones, le instamos con respeto a que restablezca los presupuestos sometidos a restricciones impuestas recientemente al important\u00edsimo sector cient\u00edfico y tecnol\u00f3gico de su pa\u00eds. Congelar los programas de investigaci\u00f3n y disminuir el n\u00famero de estudiantes de doctorado y de investigadores j\u00f3venes provocar\u00e1 la destrucci\u00f3n de un sistema que tard\u00f3 muchos a\u00f1os en construirse, y que requerir\u00eda muchos, muchos m\u00e1s para ser reconstruido.<\/p>\n<p>Atentamente,<\/p>\n<ul>\n<li>Thomas R. Cech, Qu\u00edmica, 1989<\/li>\n<li>Martin Chalfie, Qu\u00edmica, 2008<\/li>\n<li>Aaron Ciechanover, Qu\u00edmica, 2004<\/li>\n<li>Walter Gilbert, Qu\u00edmica, 1980<\/li>\n<li>Richard Henderson, Qu\u00edmica, 2017<\/li>\n<li>Avram Hershko, Qu\u00edmica, 2004<\/li>\n<li>Roald Hoffmann, Qu\u00edmica, 1981<\/li>\n<li>Brian K. Kobilka, Qu\u00edmica, 2012<\/li>\n<li>Roger D. Kornberg, Qu\u00edmica, 2006<\/li>\n<li>Yuan T. Lee, Qu\u00edmica, 1986<\/li>\n<li>Robert J. Lefkowitz, Qu\u00edmica, 2012<\/li>\n<li>Jean-Marie Lehn, Qu\u00edmica, 1987<\/li>\n<li>Tomas Lindahl, Qu\u00edmica, 2015<\/li>\n<li>Roderick MacKinnon, Qu\u00edmica, 2003<\/li>\n<li>Paul L. Modrich, Qu\u00edmica, 2015<\/li>\n<li>Jean-Pierre Sauvage, Qu\u00edmica, 2016<\/li>\n<li>Richard R. Schrock, Qu\u00edmica, 2005<\/li>\n<li>Sir John E. Walker, Qu\u00edmica, 1997<\/li>\n<li>Arieh Warshel, Qu\u00edmica, 2013<\/li>\n<li>Sir Gregory P. Winter, Qu\u00edmica, 2018<\/li>\n<li>Kurt Wuthrich, Qu\u00edmica, 2002<\/li>\n<li>Finn E. Kydland, Econom\u00eda, 2004<\/li>\n<li>Harvey J. Alter, Medicina\u00a0\u00a0 2020<\/li>\n<li>Werner Arber, Medicina 1978<\/li>\n<li>Francoise Barre-Sinoussi, Medicina\u00a0\u00a0\u00a0\u00a0 2008<\/li>\n<li>Elizabeth H. Blackburn, Medicina 2009<\/li>\n<li>Andrew Z. Fire, Medicina\u00a0\u00a0\u00a0 2006<\/li>\n<li>Jules A. Hoffmann, Medicina 2011<\/li>\n<li>Tasuku Honjo, Medicina 2018<\/li>\n<li>Robert Horvitz, Medicina 2002<\/li>\n<li>Sir Michael Houghton, Medicina\u00a0\u00a0 2020<\/li>\n<li>Tim Hunt, Medicina\u00a0\u00a0\u00a0 2001<\/li>\n<li>Louis J. Ignarro, Medicina\u00a0 1998<\/li>\n<li>William G. Kaelin Jr., Medicina\u00a0 2019<\/li>\n<li>Barry J. Marshall, Medicina 2005<\/li>\n<li>Craig C. Mello, Medicina\u00a0\u00a0\u00a0 2006<\/li>\n<li>Edvard Moser, Medicina 2014<\/li>\n<li>May-Britt Moser, Medicina\u00a0\u00a0 2014<\/li>\n<li>Sir Paul M. Nurse, Medicina 2001<\/li>\n<li>Stanley B. Prusiner, Medicina\u00a0\u00a0\u00a0 1997<\/li>\n<li>Sir Peter J. Ratcliffe, Medicina 2019<\/li>\n<li>Charles M. Rice, Medicina\u00a0\u00a0 2020<\/li>\n<li>Sir Richard J. Roberts, Medicina 1993<\/li>\n<li>Michael Rosbash, Medicina\u00a0\u00a0 2017<\/li>\n<li>Phillip A. Sharp, Medicina\u00a0 1993<\/li>\n<li>Susumu Tonegawa, Medicina\u00a0\u00a0 1987<\/li>\n<li>Harold E. Varmus, Medicina\u00a0 1989<\/li>\n<li>Torsten N. Wiesel, Medicina 1981<\/li>\n<li>Barry Clark Barish, F\u00edsica\u00a0 2017<\/li>\n<li>Steven Chu, F\u00edsica\u00a0\u00a0\u00a0 1997<\/li>\n<li>Albert Fert, F\u00edsica\u00a0\u00a0 2007<\/li>\n<li>Andre Geim, F\u00edsica\u00a0\u00a0\u00a0 2010<\/li>\n<li>Sheldon Glashow, F\u00edsica\u00a0\u00a0\u00a0\u00a0 1979<\/li>\n<li>David J. Gross, F\u00edsica 2004<\/li>\n<li>John L. Hall, F\u00edsica\u00a0 2005<\/li>\n<li>Serge Haroche, F\u00edsica 2012<\/li>\n<li>Takaaki Kajita, F\u00edsica 2015<\/li>\n<li>Ferenc Krausz, F\u00edsica 2023<\/li>\n<li>Anthony J. Leggett, F\u00edsica\u00a0 2003<\/li>\n<li>Michel Mayor, F\u00edsica\u00a0 2019<\/li>\n<li>Konstantin Novoselov, F\u00edsica 2010<\/li>\n<li>Giorgio Parisi, F\u00edsica 2021<\/li>\n<li>Roger Penrose, F\u00edsica 2020<\/li>\n<li>William D. Phillips, F\u00edsica 1997<\/li>\n<li>David Politzer, F\u00edsica 2004<\/li>\n<li>Donna Strickland, F\u00edsica\u00a0\u00a0\u00a0 2018<\/li>\n<li>Kip Stephen Thorne, F\u00edsica\u00a0 2017<\/li>\n<li>David J. Wineland, F\u00edsica\u00a0\u00a0 2012<\/li>\n<\/ul>\n<\/blockquote>\n","protected":false},"excerpt":{"rendered":"<p>El CCT CONICET C\u00f3rdoba agradece el apoyo recibido por parte de estas destacadas figuras cient\u00edficas y comparte la carta, con la intenci\u00f3n de reafirmar su apuesta por una ciencia de calidad al servicio del pueblo argentino. Sesenta y ocho referentes&hellip;<\/p>\n","protected":false},"author":1254,"featured_media":1830681,"comment_status":"closed","ping_status":"closed","sticky":false,"template":"","format":"standard","meta":{"footnotes":""},"categories":[497,149,74,67],"tags":[19600,19025,737,56437,58521,115734,9967,76933],"class_list":["post-1830675","post","type-post","status-publish","format-standard","has-post-thumbnail","hentry","category-ciencia-tecnologia","category-comunicados-de-prensa","category-politica-es","category-sudamerica","tag-ajuste","tag-conicet","tag-economia-2","tag-fisica-es","tag-medicina-es","tag-milei","tag-premio-nobel","tag-quimica"],"yoast_head":"<!-- This site is optimized with the Yoast SEO plugin v27.1.1 - https:\/\/yoast.com\/product\/yoast-seo-wordpress\/ -->\n<title>68 cient\u00edficos\/as ganadores del Premio Nobel firmaron una carta contra el ajuste a la ciencia argentina<\/title>\n<meta name=\"description\" content=\"El CCT CONICET C\u00f3rdoba agradece el apoyo recibido por parte de estas destacadas figuras cient\u00edficas y comparte la carta, con la intenci\u00f3n de reafirmar su\" \/>\n<meta name=\"robots\" content=\"index, follow, max-snippet:-1, max-image-preview:large, max-video-preview:-1\" \/>\n<link rel=\"canonical\" href=\"https:\/\/www.pressenza.com\/es\/2024\/03\/68-cientificos-as-ganadores-del-premio-nobel-firmaron-una-carta-contra-el-ajuste-a-la-ciencia-argentina\/\" \/>\n<meta property=\"og:locale\" content=\"es_ES\" \/>\n<meta property=\"og:type\" content=\"article\" \/>\n<meta property=\"og:title\" content=\"68 cient\u00edficos\/as ganadores del Premio Nobel firmaron una carta contra el ajuste a la ciencia argentina\" \/>\n<meta property=\"og:description\" content=\"El CCT CONICET C\u00f3rdoba agradece el apoyo recibido por parte de estas destacadas figuras cient\u00edficas y comparte la carta, con la intenci\u00f3n de reafirmar su\" \/>\n<meta property=\"og:url\" content=\"https:\/\/www.pressenza.com\/es\/2024\/03\/68-cientificos-as-ganadores-del-premio-nobel-firmaron-una-carta-contra-el-ajuste-a-la-ciencia-argentina\/\" \/>\n<meta property=\"og:site_name\" content=\"Pressenza\" \/>\n<meta property=\"article:publisher\" content=\"https:\/\/www.facebook.com\/PressenzaItalia\" \/>\n<meta property=\"article:author\" content=\"https:\/\/www.facebook.com\/pressenza\" \/>\n<meta property=\"article:published_time\" content=\"2024-03-07T22:45:25+00:00\" \/>\n<meta property=\"og:image\" content=\"https:\/\/www.pressenza.com\/wp-content\/uploads\/2024\/03\/comunicado_web.jpg\" \/>\n\t<meta property=\"og:image:width\" content=\"995\" \/>\n\t<meta property=\"og:image:height\" content=\"560\" \/>\n\t<meta property=\"og:image:type\" content=\"image\/jpeg\" \/>\n<meta name=\"author\" content=\"Redacci\u00f3n Mar del Plata\" \/>\n<meta name=\"twitter:card\" content=\"summary_large_image\" \/>\n<meta name=\"twitter:creator\" content=\"@Pressenza\" \/>\n<meta name=\"twitter:site\" content=\"@PressenzaIPA\" \/>\n<meta name=\"twitter:label1\" content=\"Escrito por\" \/>\n\t<meta name=\"twitter:data1\" content=\"Redacci\u00f3n Mar del Plata\" \/>\n\t<meta name=\"twitter:label2\" content=\"Tiempo de lectura\" \/>\n\t<meta name=\"twitter:data2\" content=\"7 minutos\" \/>\n<script type=\"application\/ld+json\" class=\"yoast-schema-graph\">{\"@context\":\"https:\/\/schema.org\",\"@graph\":[{\"@type\":\"Article\",\"@id\":\"https:\/\/www.pressenza.com\/es\/2024\/03\/68-cientificos-as-ganadores-del-premio-nobel-firmaron-una-carta-contra-el-ajuste-a-la-ciencia-argentina\/#article\",\"isPartOf\":{\"@id\":\"https:\/\/www.pressenza.com\/es\/2024\/03\/68-cientificos-as-ganadores-del-premio-nobel-firmaron-una-carta-contra-el-ajuste-a-la-ciencia-argentina\/\"},\"author\":{\"name\":\"Redacci\u00f3n Mar del Plata\",\"@id\":\"https:\/\/www.pressenza.com\/es\/#\/schema\/person\/738658b5125ecea661a8a0b96dba8b69\"},\"headline\":\"68 cient\u00edficos\/as ganadores del Premio Nobel firmaron una carta contra el ajuste a la ciencia argentina\",\"datePublished\":\"2024-03-07T22:45:25+00:00\",\"mainEntityOfPage\":{\"@id\":\"https:\/\/www.pressenza.com\/es\/2024\/03\/68-cientificos-as-ganadores-del-premio-nobel-firmaron-una-carta-contra-el-ajuste-a-la-ciencia-argentina\/\"},\"wordCount\":1588,\"publisher\":{\"@id\":\"https:\/\/www.pressenza.com\/es\/#organization\"},\"image\":{\"@id\":\"https:\/\/www.pressenza.com\/es\/2024\/03\/68-cientificos-as-ganadores-del-premio-nobel-firmaron-una-carta-contra-el-ajuste-a-la-ciencia-argentina\/#primaryimage\"},\"thumbnailUrl\":\"https:\/\/www.pressenza.com\/wp-content\/uploads\/2024\/03\/comunicado_web.jpg\",\"keywords\":[\"ajuste\",\"CONICET\",\"econom\u00eda\",\"Fisica\",\"medicina\",\"Milei\",\"Premio Nobel\",\"Qu\u00edmica\"],\"articleSection\":[\"Ciencia y Tecnolog\u00eda\",\"Comunicados de Prensa\",\"Pol\u00edtica\",\"Sudam\u00e9rica\"],\"inLanguage\":\"es\"},{\"@type\":\"WebPage\",\"@id\":\"https:\/\/www.pressenza.com\/es\/2024\/03\/68-cientificos-as-ganadores-del-premio-nobel-firmaron-una-carta-contra-el-ajuste-a-la-ciencia-argentina\/\",\"url\":\"https:\/\/www.pressenza.com\/es\/2024\/03\/68-cientificos-as-ganadores-del-premio-nobel-firmaron-una-carta-contra-el-ajuste-a-la-ciencia-argentina\/\",\"name\":\"68 cient\u00edficos\/as ganadores del Premio Nobel firmaron una carta contra el ajuste a la ciencia argentina\",\"isPartOf\":{\"@id\":\"https:\/\/www.pressenza.com\/es\/#website\"},\"primaryImageOfPage\":{\"@id\":\"https:\/\/www.pressenza.com\/es\/2024\/03\/68-cientificos-as-ganadores-del-premio-nobel-firmaron-una-carta-contra-el-ajuste-a-la-ciencia-argentina\/#primaryimage\"},\"image\":{\"@id\":\"https:\/\/www.pressenza.com\/es\/2024\/03\/68-cientificos-as-ganadores-del-premio-nobel-firmaron-una-carta-contra-el-ajuste-a-la-ciencia-argentina\/#primaryimage\"},\"thumbnailUrl\":\"https:\/\/www.pressenza.com\/wp-content\/uploads\/2024\/03\/comunicado_web.jpg\",\"datePublished\":\"2024-03-07T22:45:25+00:00\",\"description\":\"El CCT CONICET C\u00f3rdoba agradece el apoyo recibido por parte de estas destacadas figuras cient\u00edficas y comparte la carta, con la intenci\u00f3n de reafirmar su\",\"breadcrumb\":{\"@id\":\"https:\/\/www.pressenza.com\/es\/2024\/03\/68-cientificos-as-ganadores-del-premio-nobel-firmaron-una-carta-contra-el-ajuste-a-la-ciencia-argentina\/#breadcrumb\"},\"inLanguage\":\"es\",\"potentialAction\":[{\"@type\":\"ReadAction\",\"target\":[\"https:\/\/www.pressenza.com\/es\/2024\/03\/68-cientificos-as-ganadores-del-premio-nobel-firmaron-una-carta-contra-el-ajuste-a-la-ciencia-argentina\/\"]}]},{\"@type\":\"ImageObject\",\"inLanguage\":\"es\",\"@id\":\"https:\/\/www.pressenza.com\/es\/2024\/03\/68-cientificos-as-ganadores-del-premio-nobel-firmaron-una-carta-contra-el-ajuste-a-la-ciencia-argentina\/#primaryimage\",\"url\":\"https:\/\/www.pressenza.com\/wp-content\/uploads\/2024\/03\/comunicado_web.jpg\",\"contentUrl\":\"https:\/\/www.pressenza.com\/wp-content\/uploads\/2024\/03\/comunicado_web.jpg\",\"width\":995,\"height\":560},{\"@type\":\"BreadcrumbList\",\"@id\":\"https:\/\/www.pressenza.com\/es\/2024\/03\/68-cientificos-as-ganadores-del-premio-nobel-firmaron-una-carta-contra-el-ajuste-a-la-ciencia-argentina\/#breadcrumb\",\"itemListElement\":[{\"@type\":\"ListItem\",\"position\":1,\"name\":\"Accueil\",\"item\":\"https:\/\/www.pressenza.com\/es\/\"},{\"@type\":\"ListItem\",\"position\":2,\"name\":\"68 cient\u00edficos\/as ganadores del Premio Nobel firmaron una carta contra el ajuste a la ciencia argentina\"}]},{\"@type\":\"WebSite\",\"@id\":\"https:\/\/www.pressenza.com\/es\/#website\",\"url\":\"https:\/\/www.pressenza.com\/es\/\",\"name\":\"Pressenza\",\"description\":\"International Press Agency\",\"publisher\":{\"@id\":\"https:\/\/www.pressenza.com\/es\/#organization\"},\"potentialAction\":[{\"@type\":\"SearchAction\",\"target\":{\"@type\":\"EntryPoint\",\"urlTemplate\":\"https:\/\/www.pressenza.com\/es\/?s={search_term_string}\"},\"query-input\":{\"@type\":\"PropertyValueSpecification\",\"valueRequired\":true,\"valueName\":\"search_term_string\"}}],\"inLanguage\":\"es\"},{\"@type\":\"Organization\",\"@id\":\"https:\/\/www.pressenza.com\/es\/#organization\",\"name\":\"Pressenza\",\"url\":\"https:\/\/www.pressenza.com\/es\/\",\"logo\":{\"@type\":\"ImageObject\",\"inLanguage\":\"es\",\"@id\":\"https:\/\/www.pressenza.com\/es\/#\/schema\/logo\/image\/\",\"url\":\"https:\/\/www.pressenza.com\/wp-content\/uploads\/2022\/10\/pressenza_logo_200x200.jpg\",\"contentUrl\":\"https:\/\/www.pressenza.com\/wp-content\/uploads\/2022\/10\/pressenza_logo_200x200.jpg\",\"width\":200,\"height\":200,\"caption\":\"Pressenza\"},\"image\":{\"@id\":\"https:\/\/www.pressenza.com\/es\/#\/schema\/logo\/image\/\"},\"sameAs\":[\"https:\/\/www.facebook.com\/PressenzaItalia\",\"https:\/\/x.com\/PressenzaIPA\"]},{\"@type\":\"Person\",\"@id\":\"https:\/\/www.pressenza.com\/es\/#\/schema\/person\/738658b5125ecea661a8a0b96dba8b69\",\"name\":\"Redacci\u00f3n Mar del Plata\",\"description\":\"News published by the Pressenza bureau in Mar Del Plata, Argentina\",\"sameAs\":[\"https:\/\/www.facebook.com\/pressenza\",\"https:\/\/x.com\/Pressenza\"],\"url\":\"https:\/\/www.pressenza.com\/es\/author\/redaccion-mar-del-plata\/\"}]}<\/script>\n<!-- \/ Yoast SEO plugin. -->","yoast_head_json":{"title":"68 cient\u00edficos\/as ganadores del Premio Nobel firmaron una carta contra el ajuste a la ciencia argentina","description":"El CCT CONICET C\u00f3rdoba agradece el apoyo recibido por parte de estas destacadas figuras cient\u00edficas y comparte la carta, con la intenci\u00f3n de reafirmar su","robots":{"index":"index","follow":"follow","max-snippet":"max-snippet:-1","max-image-preview":"max-image-preview:large","max-video-preview":"max-video-preview:-1"},"canonical":"https:\/\/www.pressenza.com\/es\/2024\/03\/68-cientificos-as-ganadores-del-premio-nobel-firmaron-una-carta-contra-el-ajuste-a-la-ciencia-argentina\/","og_locale":"es_ES","og_type":"article","og_title":"68 cient\u00edficos\/as ganadores del Premio Nobel firmaron una carta contra el ajuste a la ciencia argentina","og_description":"El CCT CONICET C\u00f3rdoba agradece el apoyo recibido por parte de estas destacadas figuras cient\u00edficas y comparte la carta, con la intenci\u00f3n de reafirmar su","og_url":"https:\/\/www.pressenza.com\/es\/2024\/03\/68-cientificos-as-ganadores-del-premio-nobel-firmaron-una-carta-contra-el-ajuste-a-la-ciencia-argentina\/","og_site_name":"Pressenza","article_publisher":"https:\/\/www.facebook.com\/PressenzaItalia","article_author":"https:\/\/www.facebook.com\/pressenza","article_published_time":"2024-03-07T22:45:25+00:00","og_image":[{"width":995,"height":560,"url":"https:\/\/www.pressenza.com\/wp-content\/uploads\/2024\/03\/comunicado_web.jpg","type":"image\/jpeg"}],"author":"Redacci\u00f3n Mar del Plata","twitter_card":"summary_large_image","twitter_creator":"@Pressenza","twitter_site":"@PressenzaIPA","twitter_misc":{"Escrito por":"Redacci\u00f3n Mar del Plata","Tiempo de lectura":"7 minutos"},"schema":{"@context":"https:\/\/schema.org","@graph":[{"@type":"Article","@id":"https:\/\/www.pressenza.com\/es\/2024\/03\/68-cientificos-as-ganadores-del-premio-nobel-firmaron-una-carta-contra-el-ajuste-a-la-ciencia-argentina\/#article","isPartOf":{"@id":"https:\/\/www.pressenza.com\/es\/2024\/03\/68-cientificos-as-ganadores-del-premio-nobel-firmaron-una-carta-contra-el-ajuste-a-la-ciencia-argentina\/"},"author":{"name":"Redacci\u00f3n Mar del Plata","@id":"https:\/\/www.pressenza.com\/es\/#\/schema\/person\/738658b5125ecea661a8a0b96dba8b69"},"headline":"68 cient\u00edficos\/as ganadores del Premio Nobel firmaron una carta contra el ajuste a la ciencia argentina","datePublished":"2024-03-07T22:45:25+00:00","mainEntityOfPage":{"@id":"https:\/\/www.pressenza.com\/es\/2024\/03\/68-cientificos-as-ganadores-del-premio-nobel-firmaron-una-carta-contra-el-ajuste-a-la-ciencia-argentina\/"},"wordCount":1588,"publisher":{"@id":"https:\/\/www.pressenza.com\/es\/#organization"},"image":{"@id":"https:\/\/www.pressenza.com\/es\/2024\/03\/68-cientificos-as-ganadores-del-premio-nobel-firmaron-una-carta-contra-el-ajuste-a-la-ciencia-argentina\/#primaryimage"},"thumbnailUrl":"https:\/\/www.pressenza.com\/wp-content\/uploads\/2024\/03\/comunicado_web.jpg","keywords":["ajuste","CONICET","econom\u00eda","Fisica","medicina","Milei","Premio Nobel","Qu\u00edmica"],"articleSection":["Ciencia y Tecnolog\u00eda","Comunicados de Prensa","Pol\u00edtica","Sudam\u00e9rica"],"inLanguage":"es"},{"@type":"WebPage","@id":"https:\/\/www.pressenza.com\/es\/2024\/03\/68-cientificos-as-ganadores-del-premio-nobel-firmaron-una-carta-contra-el-ajuste-a-la-ciencia-argentina\/","url":"https:\/\/www.pressenza.com\/es\/2024\/03\/68-cientificos-as-ganadores-del-premio-nobel-firmaron-una-carta-contra-el-ajuste-a-la-ciencia-argentina\/","name":"68 cient\u00edficos\/as ganadores del Premio Nobel firmaron una carta contra el ajuste a la ciencia argentina","isPartOf":{"@id":"https:\/\/www.pressenza.com\/es\/#website"},"primaryImageOfPage":{"@id":"https:\/\/www.pressenza.com\/es\/2024\/03\/68-cientificos-as-ganadores-del-premio-nobel-firmaron-una-carta-contra-el-ajuste-a-la-ciencia-argentina\/#primaryimage"},"image":{"@id":"https:\/\/www.pressenza.com\/es\/2024\/03\/68-cientificos-as-ganadores-del-premio-nobel-firmaron-una-carta-contra-el-ajuste-a-la-ciencia-argentina\/#primaryimage"},"thumbnailUrl":"https:\/\/www.pressenza.com\/wp-content\/uploads\/2024\/03\/comunicado_web.jpg","datePublished":"2024-03-07T22:45:25+00:00","description":"El CCT CONICET C\u00f3rdoba agradece el apoyo recibido por parte de estas destacadas figuras cient\u00edficas y comparte la carta, con la intenci\u00f3n de reafirmar su","breadcrumb":{"@id":"https:\/\/www.pressenza.com\/es\/2024\/03\/68-cientificos-as-ganadores-del-premio-nobel-firmaron-una-carta-contra-el-ajuste-a-la-ciencia-argentina\/#breadcrumb"},"inLanguage":"es","potentialAction":[{"@type":"ReadAction","target":["https:\/\/www.pressenza.com\/es\/2024\/03\/68-cientificos-as-ganadores-del-premio-nobel-firmaron-una-carta-contra-el-ajuste-a-la-ciencia-argentina\/"]}]},{"@type":"ImageObject","inLanguage":"es","@id":"https:\/\/www.pressenza.com\/es\/2024\/03\/68-cientificos-as-ganadores-del-premio-nobel-firmaron-una-carta-contra-el-ajuste-a-la-ciencia-argentina\/#primaryimage","url":"https:\/\/www.pressenza.com\/wp-content\/uploads\/2024\/03\/comunicado_web.jpg","contentUrl":"https:\/\/www.pressenza.com\/wp-content\/uploads\/2024\/03\/comunicado_web.jpg","width":995,"height":560},{"@type":"BreadcrumbList","@id":"https:\/\/www.pressenza.com\/es\/2024\/03\/68-cientificos-as-ganadores-del-premio-nobel-firmaron-una-carta-contra-el-ajuste-a-la-ciencia-argentina\/#breadcrumb","itemListElement":[{"@type":"ListItem","position":1,"name":"Accueil","item":"https:\/\/www.pressenza.com\/es\/"},{"@type":"ListItem","position":2,"name":"68 cient\u00edficos\/as ganadores del Premio Nobel firmaron una carta contra el ajuste a la ciencia argentina"}]},{"@type":"WebSite","@id":"https:\/\/www.pressenza.com\/es\/#website","url":"https:\/\/www.pressenza.com\/es\/","name":"Pressenza","description":"International Press Agency","publisher":{"@id":"https:\/\/www.pressenza.com\/es\/#organization"},"potentialAction":[{"@type":"SearchAction","target":{"@type":"EntryPoint","urlTemplate":"https:\/\/www.pressenza.com\/es\/?s={search_term_string}"},"query-input":{"@type":"PropertyValueSpecification","valueRequired":true,"valueName":"search_term_string"}}],"inLanguage":"es"},{"@type":"Organization","@id":"https:\/\/www.pressenza.com\/es\/#organization","name":"Pressenza","url":"https:\/\/www.pressenza.com\/es\/","logo":{"@type":"ImageObject","inLanguage":"es","@id":"https:\/\/www.pressenza.com\/es\/#\/schema\/logo\/image\/","url":"https:\/\/www.pressenza.com\/wp-content\/uploads\/2022\/10\/pressenza_logo_200x200.jpg","contentUrl":"https:\/\/www.pressenza.com\/wp-content\/uploads\/2022\/10\/pressenza_logo_200x200.jpg","width":200,"height":200,"caption":"Pressenza"},"image":{"@id":"https:\/\/www.pressenza.com\/es\/#\/schema\/logo\/image\/"},"sameAs":["https:\/\/www.facebook.com\/PressenzaItalia","https:\/\/x.com\/PressenzaIPA"]},{"@type":"Person","@id":"https:\/\/www.pressenza.com\/es\/#\/schema\/person\/738658b5125ecea661a8a0b96dba8b69","name":"Redacci\u00f3n Mar del Plata","description":"News published by the Pressenza bureau in Mar Del Plata, Argentina","sameAs":["https:\/\/www.facebook.com\/pressenza","https:\/\/x.com\/Pressenza"],"url":"https:\/\/www.pressenza.com\/es\/author\/redaccion-mar-del-plata\/"}]}},"place":"Argentina","original_article_url":"","_links":{"self":[{"href":"https:\/\/www.pressenza.com\/es\/wp-json\/wp\/v2\/posts\/1830675","targetHints":{"allow":["GET"]}}],"collection":[{"href":"https:\/\/www.pressenza.com\/es\/wp-json\/wp\/v2\/posts"}],"about":[{"href":"https:\/\/www.pressenza.com\/es\/wp-json\/wp\/v2\/types\/post"}],"author":[{"embeddable":true,"href":"https:\/\/www.pressenza.com\/es\/wp-json\/wp\/v2\/users\/1254"}],"replies":[{"embeddable":true,"href":"https:\/\/www.pressenza.com\/es\/wp-json\/wp\/v2\/comments?post=1830675"}],"version-history":[{"count":0,"href":"https:\/\/www.pressenza.com\/es\/wp-json\/wp\/v2\/posts\/1830675\/revisions"}],"wp:featuredmedia":[{"embeddable":true,"href":"https:\/\/www.pressenza.com\/es\/wp-json\/wp\/v2\/media\/1830681"}],"wp:attachment":[{"href":"https:\/\/www.pressenza.com\/es\/wp-json\/wp\/v2\/media?parent=1830675"}],"wp:term":[{"taxonomy":"category","embeddable":true,"href":"https:\/\/www.pressenza.com\/es\/wp-json\/wp\/v2\/categories?post=1830675"},{"taxonomy":"post_tag","embeddable":true,"href":"https:\/\/www.pressenza.com\/es\/wp-json\/wp\/v2\/tags?post=1830675"}],"curies":[{"name":"wp","href":"https:\/\/api.w.org\/{rel}","templated":true}]}}