{"id":1830,"date":"2009-10-20T00:00:00","date_gmt":"2009-10-20T00:00:00","guid":{"rendered":""},"modified":"2009-10-23T06:03:06","modified_gmt":"2009-10-23T06:03:06","slug":"el-equipo-de-medio-oriente-llega-a-turquia","status":"publish","type":"post","link":"https:\/\/www.pressenza.com\/es\/2009\/10\/el-equipo-de-medio-oriente-llega-a-turquia\/","title":{"rendered":"El equipo de Medio Oriente llega a Turqu\u00eda"},"content":{"rendered":"<p>En la noche del pasado 16 de octubre, miembros de la MM de Turqu\u00eda se encontraron en el paso fronterizo con los marchantes que ven\u00edan desde Siria despu\u00e9s de recorrer Medio Oriente. Se acercaban caminando por una carretera poco transitada, con sus banderas y pancartas alusivas a este evento que recorre el globo. Despu\u00e9s del tr\u00e1mite del control de pasaportes, ambos grupos se fundieron en abrazos. La polic\u00eda, amablemente y por \u00absu seguridad\u00bb, los acompa\u00f1\u00f3 al hotel.<br \/>\nAl d\u00eda siguiente dieron una rueda de prensa informativa, en la sede de la Asociacion de la Prensa de Antioqu\u00eda, capital de la provincia de Hatay.<\/p>\n<p>Video alta resolucion:<br \/>\nPer scaricare video in Alta risoluzione:<br \/>\n[Video Turkey](http:\/\/videoforum.theworldmarch.org\/index.php?action=videos;sa=downfile;id=629)<\/p>\n","protected":false},"excerpt":{"rendered":"<p>Las banderas de la Paz y la No-violencia entran a Turqu\u00eda desde Siria. El encuentro entre ambos equipos tuvo lugar el d\u00eda 16 en un paso fronterizo de la regi\u00f3n de Hatay, en plena noche y en una carretera poco transitada a esa hora. El grupo que ven\u00eda de Siria lleg\u00f3 caminando. Despu\u00e9s del control de pasaportes los dos equipos celebraron el encuentro entre abrazos y risas.<\/p>\n","protected":false},"author":19,"featured_media":0,"comment_status":"closed","ping_status":"open","sticky":false,"template":"","format":"standard","meta":{"footnotes":""},"categories":[71,74],"tags":[],"class_list":["post-1830","post","type-post","status-publish","format-standard","hentry","category-medio-oriente-es","category-politica-es"],"yoast_head":"<!-- This site is optimized with the Yoast SEO plugin v27.1.1 - https:\/\/yoast.com\/product\/yoast-seo-wordpress\/ -->\n<title>El equipo de Medio Oriente llega a Turqu\u00eda<\/title>\n<meta name=\"description\" content=\"Las banderas de la Paz y la No-violencia entran a Turqu\u00eda desde Siria. El encuentro entre ambos equipos tuvo lugar el d\u00eda 16 en un paso fronterizo de la regi\u00f3n de Hatay, en plena noche y en una carretera poco transitada a esa hora. El grupo que ven\u00eda de Siria lleg\u00f3 caminando. Despu\u00e9s del control de pasaportes los dos equipos celebraron el encuentro entre abrazos y risas.\" \/>\n<meta name=\"robots\" content=\"index, follow, max-snippet:-1, max-image-preview:large, max-video-preview:-1\" \/>\n<link rel=\"canonical\" href=\"https:\/\/www.pressenza.com\/es\/2009\/10\/el-equipo-de-medio-oriente-llega-a-turquia\/\" \/>\n<meta property=\"og:locale\" content=\"es_ES\" \/>\n<meta property=\"og:type\" content=\"article\" \/>\n<meta property=\"og:title\" content=\"El equipo de Medio Oriente llega a Turqu\u00eda\" \/>\n<meta property=\"og:description\" content=\"Las banderas de la Paz y la No-violencia entran a Turqu\u00eda desde Siria. El encuentro entre ambos equipos tuvo lugar el d\u00eda 16 en un paso fronterizo de la regi\u00f3n de Hatay, en plena noche y en una carretera poco transitada a esa hora. El grupo que ven\u00eda de Siria lleg\u00f3 caminando. Despu\u00e9s del control de pasaportes los dos equipos celebraron el encuentro entre abrazos y risas.\" \/>\n<meta property=\"og:url\" content=\"https:\/\/www.pressenza.com\/es\/2009\/10\/el-equipo-de-medio-oriente-llega-a-turquia\/\" \/>\n<meta property=\"og:site_name\" content=\"Pressenza\" \/>\n<meta property=\"article:publisher\" content=\"https:\/\/www.facebook.com\/PressenzaItalia\" \/>\n<meta property=\"article:author\" content=\"https:\/\/www.facebook.com\/pressenza\" \/>\n<meta property=\"article:published_time\" content=\"2009-10-20T00:00:00+00:00\" \/>\n<meta property=\"article:modified_time\" content=\"2009-10-23T06:03:06+00:00\" \/>\n<meta name=\"author\" content=\"Pressenza IPA\" \/>\n<meta name=\"twitter:card\" content=\"summary_large_image\" \/>\n<meta name=\"twitter:creator\" content=\"@PressenzaIPA\" \/>\n<meta name=\"twitter:site\" content=\"@PressenzaIPA\" \/>\n<meta name=\"twitter:label1\" content=\"Escrito por\" \/>\n\t<meta name=\"twitter:data1\" content=\"Pressenza IPA\" \/>\n\t<meta name=\"twitter:label2\" content=\"Tiempo de lectura\" \/>\n\t<meta name=\"twitter:data2\" content=\"1 minuto\" \/>\n<script type=\"application\/ld+json\" class=\"yoast-schema-graph\">{\"@context\":\"https:\/\/schema.org\",\"@graph\":[{\"@type\":\"Article\",\"@id\":\"https:\/\/www.pressenza.com\/es\/2009\/10\/el-equipo-de-medio-oriente-llega-a-turquia\/#article\",\"isPartOf\":{\"@id\":\"https:\/\/www.pressenza.com\/es\/2009\/10\/el-equipo-de-medio-oriente-llega-a-turquia\/\"},\"author\":{\"name\":\"Pressenza IPA\",\"@id\":\"https:\/\/www.pressenza.com\/es\/#\/schema\/person\/010e5d02bcf40965427a1289a4cc8d75\"},\"headline\":\"El equipo de Medio Oriente llega a Turqu\u00eda\",\"datePublished\":\"2009-10-20T00:00:00+00:00\",\"dateModified\":\"2009-10-23T06:03:06+00:00\",\"mainEntityOfPage\":{\"@id\":\"https:\/\/www.pressenza.com\/es\/2009\/10\/el-equipo-de-medio-oriente-llega-a-turquia\/\"},\"wordCount\":141,\"publisher\":{\"@id\":\"https:\/\/www.pressenza.com\/es\/#organization\"},\"articleSection\":[\"Medio Oriente\",\"Pol\u00edtica\"],\"inLanguage\":\"es\"},{\"@type\":\"WebPage\",\"@id\":\"https:\/\/www.pressenza.com\/es\/2009\/10\/el-equipo-de-medio-oriente-llega-a-turquia\/\",\"url\":\"https:\/\/www.pressenza.com\/es\/2009\/10\/el-equipo-de-medio-oriente-llega-a-turquia\/\",\"name\":\"El equipo de Medio Oriente llega a Turqu\u00eda\",\"isPartOf\":{\"@id\":\"https:\/\/www.pressenza.com\/es\/#website\"},\"datePublished\":\"2009-10-20T00:00:00+00:00\",\"dateModified\":\"2009-10-23T06:03:06+00:00\",\"description\":\"Las banderas de la Paz y la No-violencia entran a Turqu\u00eda desde Siria. El encuentro entre ambos equipos tuvo lugar el d\u00eda 16 en un paso fronterizo de la regi\u00f3n de Hatay, en plena noche y en una carretera poco transitada a esa hora. El grupo que ven\u00eda de Siria lleg\u00f3 caminando. Despu\u00e9s del control de pasaportes los dos equipos celebraron el encuentro entre abrazos y risas.\",\"breadcrumb\":{\"@id\":\"https:\/\/www.pressenza.com\/es\/2009\/10\/el-equipo-de-medio-oriente-llega-a-turquia\/#breadcrumb\"},\"inLanguage\":\"es\",\"potentialAction\":[{\"@type\":\"ReadAction\",\"target\":[\"https:\/\/www.pressenza.com\/es\/2009\/10\/el-equipo-de-medio-oriente-llega-a-turquia\/\"]}]},{\"@type\":\"BreadcrumbList\",\"@id\":\"https:\/\/www.pressenza.com\/es\/2009\/10\/el-equipo-de-medio-oriente-llega-a-turquia\/#breadcrumb\",\"itemListElement\":[{\"@type\":\"ListItem\",\"position\":1,\"name\":\"Accueil\",\"item\":\"https:\/\/www.pressenza.com\/es\/\"},{\"@type\":\"ListItem\",\"position\":2,\"name\":\"El equipo de Medio Oriente llega a Turqu\u00eda\"}]},{\"@type\":\"WebSite\",\"@id\":\"https:\/\/www.pressenza.com\/es\/#website\",\"url\":\"https:\/\/www.pressenza.com\/es\/\",\"name\":\"Pressenza\",\"description\":\"International Press Agency\",\"publisher\":{\"@id\":\"https:\/\/www.pressenza.com\/es\/#organization\"},\"potentialAction\":[{\"@type\":\"SearchAction\",\"target\":{\"@type\":\"EntryPoint\",\"urlTemplate\":\"https:\/\/www.pressenza.com\/es\/?s={search_term_string}\"},\"query-input\":{\"@type\":\"PropertyValueSpecification\",\"valueRequired\":true,\"valueName\":\"search_term_string\"}}],\"inLanguage\":\"es\"},{\"@type\":\"Organization\",\"@id\":\"https:\/\/www.pressenza.com\/es\/#organization\",\"name\":\"Pressenza\",\"url\":\"https:\/\/www.pressenza.com\/es\/\",\"logo\":{\"@type\":\"ImageObject\",\"inLanguage\":\"es\",\"@id\":\"https:\/\/www.pressenza.com\/es\/#\/schema\/logo\/image\/\",\"url\":\"https:\/\/www.pressenza.com\/wp-content\/uploads\/2022\/10\/pressenza_logo_200x200.jpg\",\"contentUrl\":\"https:\/\/www.pressenza.com\/wp-content\/uploads\/2022\/10\/pressenza_logo_200x200.jpg\",\"width\":200,\"height\":200,\"caption\":\"Pressenza\"},\"image\":{\"@id\":\"https:\/\/www.pressenza.com\/es\/#\/schema\/logo\/image\/\"},\"sameAs\":[\"https:\/\/www.facebook.com\/PressenzaItalia\",\"https:\/\/x.com\/PressenzaIPA\"]},{\"@type\":\"Person\",\"@id\":\"https:\/\/www.pressenza.com\/es\/#\/schema\/person\/010e5d02bcf40965427a1289a4cc8d75\",\"name\":\"Pressenza IPA\",\"description\":\"News from Pressenza IPA correspondents\",\"sameAs\":[\"https:\/\/www.facebook.com\/pressenza\",\"https:\/\/x.com\/PressenzaIPA\"],\"url\":\"https:\/\/www.pressenza.com\/es\/author\/pressenza-ipa\/\"}]}<\/script>\n<!-- \/ Yoast SEO plugin. -->","yoast_head_json":{"title":"El equipo de Medio Oriente llega a Turqu\u00eda","description":"Las banderas de la Paz y la No-violencia entran a Turqu\u00eda desde Siria. El encuentro entre ambos equipos tuvo lugar el d\u00eda 16 en un paso fronterizo de la regi\u00f3n de Hatay, en plena noche y en una carretera poco transitada a esa hora. El grupo que ven\u00eda de Siria lleg\u00f3 caminando. Despu\u00e9s del control de pasaportes los dos equipos celebraron el encuentro entre abrazos y risas.","robots":{"index":"index","follow":"follow","max-snippet":"max-snippet:-1","max-image-preview":"max-image-preview:large","max-video-preview":"max-video-preview:-1"},"canonical":"https:\/\/www.pressenza.com\/es\/2009\/10\/el-equipo-de-medio-oriente-llega-a-turquia\/","og_locale":"es_ES","og_type":"article","og_title":"El equipo de Medio Oriente llega a Turqu\u00eda","og_description":"Las banderas de la Paz y la No-violencia entran a Turqu\u00eda desde Siria. El encuentro entre ambos equipos tuvo lugar el d\u00eda 16 en un paso fronterizo de la regi\u00f3n de Hatay, en plena noche y en una carretera poco transitada a esa hora. El grupo que ven\u00eda de Siria lleg\u00f3 caminando. Despu\u00e9s del control de pasaportes los dos equipos celebraron el encuentro entre abrazos y risas.","og_url":"https:\/\/www.pressenza.com\/es\/2009\/10\/el-equipo-de-medio-oriente-llega-a-turquia\/","og_site_name":"Pressenza","article_publisher":"https:\/\/www.facebook.com\/PressenzaItalia","article_author":"https:\/\/www.facebook.com\/pressenza","article_published_time":"2009-10-20T00:00:00+00:00","article_modified_time":"2009-10-23T06:03:06+00:00","author":"Pressenza IPA","twitter_card":"summary_large_image","twitter_creator":"@PressenzaIPA","twitter_site":"@PressenzaIPA","twitter_misc":{"Escrito por":"Pressenza IPA","Tiempo de lectura":"1 minuto"},"schema":{"@context":"https:\/\/schema.org","@graph":[{"@type":"Article","@id":"https:\/\/www.pressenza.com\/es\/2009\/10\/el-equipo-de-medio-oriente-llega-a-turquia\/#article","isPartOf":{"@id":"https:\/\/www.pressenza.com\/es\/2009\/10\/el-equipo-de-medio-oriente-llega-a-turquia\/"},"author":{"name":"Pressenza IPA","@id":"https:\/\/www.pressenza.com\/es\/#\/schema\/person\/010e5d02bcf40965427a1289a4cc8d75"},"headline":"El equipo de Medio Oriente llega a Turqu\u00eda","datePublished":"2009-10-20T00:00:00+00:00","dateModified":"2009-10-23T06:03:06+00:00","mainEntityOfPage":{"@id":"https:\/\/www.pressenza.com\/es\/2009\/10\/el-equipo-de-medio-oriente-llega-a-turquia\/"},"wordCount":141,"publisher":{"@id":"https:\/\/www.pressenza.com\/es\/#organization"},"articleSection":["Medio Oriente","Pol\u00edtica"],"inLanguage":"es"},{"@type":"WebPage","@id":"https:\/\/www.pressenza.com\/es\/2009\/10\/el-equipo-de-medio-oriente-llega-a-turquia\/","url":"https:\/\/www.pressenza.com\/es\/2009\/10\/el-equipo-de-medio-oriente-llega-a-turquia\/","name":"El equipo de Medio Oriente llega a Turqu\u00eda","isPartOf":{"@id":"https:\/\/www.pressenza.com\/es\/#website"},"datePublished":"2009-10-20T00:00:00+00:00","dateModified":"2009-10-23T06:03:06+00:00","description":"Las banderas de la Paz y la No-violencia entran a Turqu\u00eda desde Siria. El encuentro entre ambos equipos tuvo lugar el d\u00eda 16 en un paso fronterizo de la regi\u00f3n de Hatay, en plena noche y en una carretera poco transitada a esa hora. El grupo que ven\u00eda de Siria lleg\u00f3 caminando. Despu\u00e9s del control de pasaportes los dos equipos celebraron el encuentro entre abrazos y risas.","breadcrumb":{"@id":"https:\/\/www.pressenza.com\/es\/2009\/10\/el-equipo-de-medio-oriente-llega-a-turquia\/#breadcrumb"},"inLanguage":"es","potentialAction":[{"@type":"ReadAction","target":["https:\/\/www.pressenza.com\/es\/2009\/10\/el-equipo-de-medio-oriente-llega-a-turquia\/"]}]},{"@type":"BreadcrumbList","@id":"https:\/\/www.pressenza.com\/es\/2009\/10\/el-equipo-de-medio-oriente-llega-a-turquia\/#breadcrumb","itemListElement":[{"@type":"ListItem","position":1,"name":"Accueil","item":"https:\/\/www.pressenza.com\/es\/"},{"@type":"ListItem","position":2,"name":"El equipo de Medio Oriente llega a Turqu\u00eda"}]},{"@type":"WebSite","@id":"https:\/\/www.pressenza.com\/es\/#website","url":"https:\/\/www.pressenza.com\/es\/","name":"Pressenza","description":"International Press Agency","publisher":{"@id":"https:\/\/www.pressenza.com\/es\/#organization"},"potentialAction":[{"@type":"SearchAction","target":{"@type":"EntryPoint","urlTemplate":"https:\/\/www.pressenza.com\/es\/?s={search_term_string}"},"query-input":{"@type":"PropertyValueSpecification","valueRequired":true,"valueName":"search_term_string"}}],"inLanguage":"es"},{"@type":"Organization","@id":"https:\/\/www.pressenza.com\/es\/#organization","name":"Pressenza","url":"https:\/\/www.pressenza.com\/es\/","logo":{"@type":"ImageObject","inLanguage":"es","@id":"https:\/\/www.pressenza.com\/es\/#\/schema\/logo\/image\/","url":"https:\/\/www.pressenza.com\/wp-content\/uploads\/2022\/10\/pressenza_logo_200x200.jpg","contentUrl":"https:\/\/www.pressenza.com\/wp-content\/uploads\/2022\/10\/pressenza_logo_200x200.jpg","width":200,"height":200,"caption":"Pressenza"},"image":{"@id":"https:\/\/www.pressenza.com\/es\/#\/schema\/logo\/image\/"},"sameAs":["https:\/\/www.facebook.com\/PressenzaItalia","https:\/\/x.com\/PressenzaIPA"]},{"@type":"Person","@id":"https:\/\/www.pressenza.com\/es\/#\/schema\/person\/010e5d02bcf40965427a1289a4cc8d75","name":"Pressenza IPA","description":"News from Pressenza IPA correspondents","sameAs":["https:\/\/www.facebook.com\/pressenza","https:\/\/x.com\/PressenzaIPA"],"url":"https:\/\/www.pressenza.com\/es\/author\/pressenza-ipa\/"}]}},"place":"Antioqu\u00eda - Antakya","original_article_url":"","_links":{"self":[{"href":"https:\/\/www.pressenza.com\/es\/wp-json\/wp\/v2\/posts\/1830","targetHints":{"allow":["GET"]}}],"collection":[{"href":"https:\/\/www.pressenza.com\/es\/wp-json\/wp\/v2\/posts"}],"about":[{"href":"https:\/\/www.pressenza.com\/es\/wp-json\/wp\/v2\/types\/post"}],"author":[{"embeddable":true,"href":"https:\/\/www.pressenza.com\/es\/wp-json\/wp\/v2\/users\/19"}],"replies":[{"embeddable":true,"href":"https:\/\/www.pressenza.com\/es\/wp-json\/wp\/v2\/comments?post=1830"}],"version-history":[{"count":0,"href":"https:\/\/www.pressenza.com\/es\/wp-json\/wp\/v2\/posts\/1830\/revisions"}],"wp:attachment":[{"href":"https:\/\/www.pressenza.com\/es\/wp-json\/wp\/v2\/media?parent=1830"}],"wp:term":[{"taxonomy":"category","embeddable":true,"href":"https:\/\/www.pressenza.com\/es\/wp-json\/wp\/v2\/categories?post=1830"},{"taxonomy":"post_tag","embeddable":true,"href":"https:\/\/www.pressenza.com\/es\/wp-json\/wp\/v2\/tags?post=1830"}],"curies":[{"name":"wp","href":"https:\/\/api.w.org\/{rel}","templated":true}]}}