{"id":1829509,"date":"2024-03-03T19:48:36","date_gmt":"2024-03-03T19:48:36","guid":{"rendered":"https:\/\/www.pressenza.com\/?p=1829509"},"modified":"2024-03-03T19:48:36","modified_gmt":"2024-03-03T19:48:36","slug":"gaza-israel-en-torno-al-veto-indefendible-de-estados-unidos-en-el-seno-del-consejo-de-seguridad","status":"publish","type":"post","link":"https:\/\/www.pressenza.com\/es\/2024\/03\/gaza-israel-en-torno-al-veto-indefendible-de-estados-unidos-en-el-seno-del-consejo-de-seguridad\/","title":{"rendered":"Gaza \/ Israel: en torno al veto indefendible de Estados Unidos en el seno del Consejo de Seguridad"},"content":{"rendered":"<div style=\"padding-left: 40px;\">\u00ab<i>In just over four months in Gaza there have been more children, more journalists, more medical personnel, and more UN staff killed than anywhere in the world during a conflict. Over 150 UNRWA premises have been hit by bombardment or shelling, killing over 390 people, and injuring over 1300. Many reports of UN premises being used by Hamas combatants or by the Israeli army are circulating on social media. The last remaining hospitals are collapsing, and doctors amputate children\u2019s limbs without anaesthetic, which puts pain at a new level for children, their parents, and medical personnel. According to UN experts, famine is imminent<\/i>\u00ab.<\/div>\n<p style=\"padding-left: 40px;\">Letter of UNRWA &#8216; s Chief Philippe\u00a0 Lazzarini to UNGA &#8216; s President, dated 22\/02\/2024 and available (full text)\u00a0 <b><a href=\"https:\/\/aurdip.org\/wp-content\/uploads\/2024\/02\/letter_to_the_ga_unrwa_cg_final_1.pdf\">here<\/a><\/b>.<\/p>\n<div style=\"padding-left: 40px;\">Carta del Jefe de la UNRWA, Philippe\u00a0 Lazzarini al Presidente de la Asamblea General de Naciones Unidas, con fecha del 22 de febrero del 2024 y disponible (texto completo) en este\u00a0<b><a href=\"https:\/\/aurdip.org\/wp-content\/uploads\/2024\/02\/letter_to_the_ga_unrwa_cg_final_1.pdf\">enlace<\/a><\/b>.<\/div>\n<blockquote>\n<div><\/div>\n<\/blockquote>\n<div>El pasado 20 de febrero, por tercera vez, Estados Unidos ha recurrido al veto para impedir que el Consejo de Seguridad de Naciones Unidas adopte una resoluci\u00f3n exigiendo un cese al fuego de car\u00e1cter humanitario en Gaza (v\u00e9ase <a href=\"https:\/\/press.un.org\/en\/2024\/sc15595.doc.htm\">comunicado de prensa<\/a> de Naciones Unidas y<a href=\"https:\/\/news.un.org\/es\/story\/2024\/02\/1527827\"> comunicado<\/a> en castellano).<\/div>\n<p>El texto integral que fue vetado es reproducido al final de esta nota.<\/p>\n<p>Resulta bastante notorio observar que en varios de los titulares de medios internacionales de prensa, se ha hecho omisi\u00f3n\u00a0de la reiteraci\u00f3n, por tercera vez, de un veto de Estados Unidos; de igual manera, resulta sorprendente que en muchas notas de prensa sobre este veto norteamericano, se ha pasado por alto la reciente decisi\u00f3n del principal\u00a0\u00f3rgano judicial de Naciones Unidas sobre el drama inhumano al que Israel somete a la poblacion en Gaza, y a la que nos referiremos en las siguientes l\u00edneas.<\/p>\n<p>El pasado 28 de febrero varias ONG alertaron al Consejo de Seguridad del riesgo inminente de hambruna para los habitantes de Gaza si no se ordena de inmediato un cese al fuego (v\u00e9ase <b><a href=\"https:\/\/www.care-international.org\/news\/un-security-council-must-agree-ceasefire-now-avert-famine-gaza-ngos-warn\">carta<\/a><\/b>\u00a0reproducida en el sitio de una de las organizaciones firmantes, CARE).<\/p>\n<p>El Consejo de Seguridad sesion\u00f3\u00a0el 27 de febrero para escuchar a diversos expertos y agencias de Naciones Unidas, alertando de igual manera\u00a0 a los integrantes de dicho Consejo sobre la imperiosa necesidad de ordenar sin preludios un cese urgente de las hostilidades en Gaza ante la hambruna inminente que amenaza a toda la poblaci\u00f3n (v\u00e9ase <b><a href=\"https:\/\/news.un.org\/en\/story\/2024\/02\/1146997\">comunicado oficial<\/a><\/b> de Naciones Unidas). En una de las intervenciones, uno de los responsables de una agencia de Naciones Unidas indic\u00f3\u00a0(v\u00e9ase <b><a href=\"https:\/\/www.ochaopt.org\/content\/mr-ramesh-rajasingham-updating-security-council-food-security-risks-gaza\">texto completo<\/a><\/b> de su intervenci\u00f3n ante el Consejo de Seguridad) que:<\/p>\n<p>\u00ab<i>Hunger and the risk of famine are exacerbated by factors that go beyond just the availability of food. Inadequate water, sanitation, and health services creates a cycle of vulnerability, where malnourished people \u2013 especially among the tens of thousands of people who are injured \u2013 become more susceptible to disease that further depletes the body\u2019s nutritional reserves.<\/i><\/p>\n<p><i>A steep rise in malnutrition among children and pregnant and breastfeeding women in the Gaza strip is a particularly grave concern. And add chronic overcrowding, exposure to the cold and an absence of adequate shelter to this lack of nutrition, and you have created the conditions for massive disease epidemics<\/i>\u00ab.<\/p>\n<p><b><i>Israel y su irrespeto total a la justicia internacional<\/i><\/b><\/p>\n<p>Un riesgo \u00ab<i>plausible<\/i>\u00bb de genocidio en Gaza, confirmado por los jueces de la Corte Internacional de Justicia (CIJ) desde el 26 de enero del 2024, y un Estado que, desde entonces, sigue desafiando con su accionar insensato en Gaza a la justicia internacional, interpelan a todos los integrantes de la comunidad internacional, y ello desde diversos planos, sea nacional, sea internacional.<\/p>\n<p>A modo de ejemplo, en el plano nacional, el pasado 12 de febrero, las autoridades de Israel fueron informadas de una sentencia de una corte nacional holandesa que ordena el cese inmediato de exportaciones de componentes hacia Israel para aviones de combate F-35 desde Pa\u00edses Bajos (v\u00e9ase\u00a0<b><a href=\"https:\/\/www.bbc.com\/news\/world-europe-68272233\">nota<\/a><\/b>\u00a0de la BBC del 12 de febrero).\u00a0\u00a0El pasado 29 de febrero, Colombia ha anunciado suspender todas sus compras de material militar proveniente de Israel\u00a0 (v\u00e9ase\u00a0<b><a href=\"https:\/\/www.latimes.com\/espanol\/internacional\/articulo\/2024-02-29\/colombia-suspende-la-compra-de-armas-israelies-y-petro-califica-de-genocidio-la-guerra-en-gaza\">nota de prensa<\/a><\/b>\u00a0de\u00a0<i>Los Angeles Times<\/i>).<\/p>\n<p>Con respecto a las exportaciones de armas hacia Israel, el pasado 23 de febrero del 2024, es desde Naciones Unidas que un nutrido grupo de expertos en derechos humanos y de mecanismos ha solicitado un cese inmediato de exportaciones de armas hacia Israel. Sobre el particular, v\u00e9ase el texto completo del\u00a0<b><a href=\"https:\/\/www.ohchr.org\/en\/press-releases\/2024\/02\/arms-exports-israel-must-stop-immediately-un-experts\">comunicado oficial<\/a>, <\/b>cuya lectura completa se recomienda) y en el que se lee que:<\/p>\n<p>\u00ab<i>The need for an arms embargo on Israel is heightened by the International Court of Justice\u2019s ruling\u00a0<\/i><i>on 26 January 2024 that there is a plausible risk of genocide in Gaza and the continuing serious harm to civilians since then\u201d, the experts said. The Genocide Convention of 1948 requires<\/i><i>\u00a0States parties to employ all means reasonably available to them to prevent genocide in another state as far as possible. \u201cThis necessitates halting arms exports in the present circumstances\u201d, the experts said\u00bb<\/i>.<\/p>\n<p>Posiblemente\u00a0 nuestros estimables lectores descubran la existencia de este texto colectivo al leer la cita previamente referenciada. No deben de sorprenderse mayormente: como ya viene siendo costumbre desde la tarde\/noche del pasado 7 de octubre, este importante llamado colectivo hecho desde la sede central de Naciones Unidas en Europa, exigiendo frenar el accionar militar de Israel en Gaza, ha sido escasamente difundido y mucho menos referenciado en los grandes medios de prensa internacionales.<\/p>\n<p>Otros informes recientes totalmente pasados por alto en medios de prensa son:<\/p>\n<p>&#8211; el informe de la ONG <i>Human Rights Watch<\/i>\u00a0 (HRW), detallando el nivel de desacato de Israel a la ordenanza de la CIJ con fecha del 26 de febrero del 2024 y disponible en este <a href=\"https:\/\/www.hrw.org\/news\/2024\/02\/26\/israel-not-complying-world-court-order-genocide-case\"><b>enlace<\/b><\/a>;<\/p>\n<p>&#8211; el informe de la ONG <i>International Commission of Jurists<\/i> (ICJ), publicado en la misma fecha y que va en el mismo sentido que el anterior (disponible en est <b><a href=\"https:\/\/www.icj.org\/gaza-one-month-on-israel-fails-to-comply-with-the-order-of-the-international-court-of-justice\/\">enlace<\/a><\/b>);<\/p>\n<p>&#8211; un informe muy similar de la ONG <i>Amnistia Internacional<\/i>, publicado en la misma fecha (disponible en este <b><a href=\"https:\/\/www.amnesty.org\/es\/latest\/news\/2024\/02\/israel-defying-icj-ruling-to-prevent-genocide-by-failing-to-allow-adequate-humanitarian-aid-to-reach-gaza\/\">enlace<\/a><\/b>) y en el que se puede leer que:<\/p>\n<p>\u00ab<i>La cat\u00e1strofe humanitaria que hoy se vive en la Franja de Gaza ocupada es el resultado del bloqueo que Israel impone desde hace 16 a\u00f1os y su intensificaci\u00f3n adicional, as\u00ed como de las reiteradas y devastadoras operaciones militares. Desde 2007, Israel mantiene el control del espacio a\u00e9reo, las fronteras terrestres y las aguas territoriales de Gaza, y restringe estrictamente la circulaci\u00f3n de los productos b\u00e1sicos y las personas que entran o salen de la Franja, lo que alimenta un desastre humanitario. Israel ha obligado a la poblaci\u00f3n de Gaza a vivir en condiciones cada vez m\u00e1s terribles, que desde octubre de 2023 se han deteriorado con tal celeridad y gravedad que la poblaci\u00f3n en su totalidad hace frente actualmente a una hambruna que no obedece a causas naturales.\u00a0<\/i><i>El bloqueo de Israel es una forma de castigo colectivo y un crimen de guerra. Es uno de los medios fundamentales de Israel para mantener su\u00a0<\/i><a href=\"https:\/\/www.amnesty.org\/es\/documents\/mde15\/5141\/2022\/es\/\"><b><i>sistema de\u00a0apartheid<\/i><\/b><\/a><i>\u00a0contra la poblaci\u00f3n palestina, que es un crimen contra la humanidad\u00bb.<\/i><\/p>\n<p>Es notorio la casi nula difusi\u00f3n de estos informes en medios de prensa internacionales, en particular en algunos de ellos usualmente sumamente pendientes de los comunicados emitidos desde HRW, la ICJ o desde una ONG del prestigio y la trayectoria de\u00a0<i>Amnistia Internacional<\/i>.<\/p>\n<p>Con relaci\u00f3n a medidas provisionales ordenadas por la CIJ y que son posteriormente ignoradas por un Estado, tuvimos en el 2022 la ocasi\u00f3n de observar\u00a0 el irrespeto a las medidas provisionales ordenadas a Rusia por parte de la CIJ en el mes de marzo del 2022, solicitadas por Ucrania (v\u00e9ase\u00a0<b><a href=\"https:\/\/www.icj-cij.org\/sites\/default\/files\/case-related\/182\/182-20220316-ord-01-00-bi.pdf\">ordenanza<\/a>\u00a0<\/b>del 16 de marzo del 2022). Cabe recordar que Rusia opt\u00f3\u00a0en marzo del 2022\u00a0 por no comparecer ante los jueces de La Haya, por razones que se desconocen (<b>Nota 1<\/b>).\u00a0El conjunto de sanciones tomadas en contra de Rusia y que se reforzaron al no acatar Rusia lo establecido por el juez internacional a partir de marzo del 2022, interpela ahora a muchos decisores en Europa, Estados Unidos y Canad\u00e1 con relaci\u00f3n al desacato absoluto por parte de Israel a la ordenanza de la CIJ le\u00edda el 26 de enero del 2024. La inconsistencia de estos decisores es palpable y amenaza su credibilidad futura en acciones tomadas en defensa de las reglas del ordenamiento jur\u00eddico internacional.<\/p>\n<p><b><i>Breve puesta en contexto del veto norteamericano<\/i><\/b><\/p>\n<p>Hab\u00edamos tenido la oportunidad de analizar el primer veto, que tom\u00f3\u00a0desprevenidos a varios Estados Miembros del Consejo de Seguridad (<b>Nota 2<\/b>), registrado el <b>18 de octibre del 2023<\/b> ante una propuesta de Brasil (v\u00e9ase nuestra <a href=\"https:\/\/www.larevista.cr\/nicolas-boeglin-gaza-israel-estados-unidos-veta-proyecto-de-resolucion-en-el-seno-del-consejo-de-seguridad-presentado-por-brasil\/\"><b>nota<\/b><\/a>\u00a0publicada en <i>LaRevistacr<\/i>, y titulada \u00ab<i>Gaza \/ Israel: breves reflexiones con relaci\u00f3n al veto de Estados Unidos al proyecto de resoluci\u00f3n en el seno del Consejo de Seguridad presentado por Brasil\u00bb).\u00a0<\/i><\/p>\n<p>El <b>8 de diciembre del 2023<\/b>, con esta vez una propuesta de Emiratos \u00c1rabes Unidos, se logr\u00f3 reunir 13 votos a favor, una abstenci\u00f3n (Reino Unido) y un segundo veto norteamericano.<\/p>\n<p>En las v\u00edsperas de las fiestas de Navidad, Estados Unidos permiti\u00f3\u00a0el voto de la resoluci\u00f3n S(2023) 2720 adoptada el<b> 22 de diciembre del 2023<\/b>\u00a0 &#8211; con una abstenci\u00f3n de Estados Unidos &#8211; despu\u00e9s\u00a0de varios d\u00edas de\u00a0maniobras con amenazas de un veto si no se revisaba el borrador de texto propuesto. Al respecto, tuvimos la oportunidad de detallar y analizar estas maniobras en <b><a href=\"https:\/\/derechointernacionalcr.blogspot.com\/2023\/12\/gaza-israel-nueva-resolucion-del.html\">nuestra nota<\/a><\/b> previa titulada \u00ab<i>Gaza \/ Israel: a prop\u00f3sito de las maniobras norteamericanas y la reciente resoluci\u00f3n S\/RES\/2720(2023) del Consejo de Seguridad de Naciones Unidas<\/i>\u00ab. En esas breves reflexiones sobre el resultado final obtenido luego de intensas negociaciones con Estados Unidos, conclu\u00edamos\u00a0que:<\/p>\n<p>\u00ab<i>Dada las lagunas y las debilidades de la resoluci\u00f3n 2720 adoptada por el Consejo de Seguridad de Naciones Unidas, es m\u00e1s que probable que Israel contin\u00fae su asedio total en contra la poblaci\u00f3n civil palestina en estos \u00faltimos d\u00edas del a\u00f1o 2023<\/i>\u00ab.<\/p>\n<p>Fue precisamente en raz\u00f3n de las debilidades de dicha resoluci\u00f3n del Consejo de Seguridad adoptada\u00a0el 22 de diciembre que, el 29 de diciembre del 2023, Sud\u00e1frica present\u00f3\u00a0formalmente su demanda contra Israel ante la CIJ, completada con una solicitud urgente de medidas provisionales, las cuales fueron otorgadas por la CIJ el 26 de enero del 2024 mediante una ordenanza (<b>Nota 3<\/b>).<\/p>\n<p>Ahora bien, a diferencia de los dos otros vetos previos, este veto de Estados Unidos del 20 de febrero fue precedido por la precitada ordenanza de la CIJ\u00a0 dada a conocer el 26 de enero del 2024, la cual califica como \u00ab<i>plausible<\/i>\u00bb un riesgo de genocidio en Gaza: por lo que el repudio y la profunda indignaci\u00f3n hacia\u00a0Estados Unidos son esta vez mucho mayores.<\/p>\n<p>Tuvimos la oportunidad de analizar en detalle el alcance exacto de la ordenanza de la CIJ, la cual ha sido ignorada por Israel: remitimos a nuestros estimables lectores a una\u00a0<b><a href=\"https:\/\/derechointernacionalcr.blogspot.com\/2024\/01\/gaza-israel-ordenanza-de-la-corte.html\">nota<\/a><\/b>\u00a0previa nuestra titulada \u00ab<i>Gaza \/ Israel:\u00a0a prop\u00f3sito de\u00a0<\/i><i>la ordenanza de la Corte Internacional de Justicia (CIJ)<\/i><b>\u00ab.<\/b><\/p>\n<div class=\"separator\"><a href=\"https:\/\/blogger.googleusercontent.com\/img\/a\/AVvXsEjKV-tzfKSz1cARSUpbdWtcZ55lrQU6w1Bj26RAU_bYMoXC4CftnQzwf3CpCX2HhkgK0c_2bQwk5YCWGavgmGJkWZXyPTaQFLW-fODM9g0HPwsfiI8jIYbmx0vAzTOnytVKdNb43CLDpilQS_2-tHoVY6ZlL0Aab-yzlO0wTwp9tD4I1LK7nJcHacjyoGM\"><img loading=\"lazy\" decoding=\"async\" class=\"\" src=\"https:\/\/blogger.googleusercontent.com\/img\/a\/AVvXsEjKV-tzfKSz1cARSUpbdWtcZ55lrQU6w1Bj26RAU_bYMoXC4CftnQzwf3CpCX2HhkgK0c_2bQwk5YCWGavgmGJkWZXyPTaQFLW-fODM9g0HPwsfiI8jIYbmx0vAzTOnytVKdNb43CLDpilQS_2-tHoVY6ZlL0Aab-yzlO0wTwp9tD4I1LK7nJcHacjyoGM=w400-h300\" alt=\"\" width=\"732\" height=\"549\" data-original-height=\"768\" data-original-width=\"1024\" \/><\/a><\/div>\n<p><i>Vigilia en memoria de las v\u00edctimas palestinas en Gaza, organizada frente al Ministerio de Relaciones Exteriores\u00a0 Culto de Costa Rica en la tarde\/noche del 2 de noviembre del 2023. Foto obtenida gracias a la cortes\u00eda de la <a href=\"https:\/\/www.facebook.com\/PalestinaCostaRica?locale=ms_MY\">Red de Solidaridad con Palestina \/ Costa Rica<\/a>.<\/i><\/p>\n<p><b><i>El detalle del voto registrado en breve<\/i><\/b><\/p>\n<p>El proyecto de resoluci\u00f3n\u00a0 A\/2024\/173 propuesto por Argelia recibi\u00f3\u00a013 votos a favor, una abstenci\u00f3n (Reino Unido) y el voto negativo de Estados Unidos.<\/p>\n<p>En su intervenci\u00f3n (v\u00e9ase acta\u00a0<b><a href=\"https:\/\/documents.un.org\/doc\/undoc\/pro\/n24\/045\/52\/pdf\/n2404552.pdf?token=Y0sQdYugO84q8ClRrL&amp;fe=true\">S\/PV.9552<\/a>\u00a0<\/b>del 20 de febrero,\u00a0p\u00e1gina 5),\u00a0 la representante de Estados Unidos en el Consejo de Seguridad explic\u00f3\u00a0simplemente que:<\/p>\n<p>\u00ab<i>Over the past few weeks, we have made it incredibly clear that the draft resolution that the Security Council just voted on (S\/2024\/173) would not achieve the goal of a sustainable peace and could in fact run counter to it. Proceeding with a vote today was wishful and irresponsible<\/i>\u00bb<\/p>\n<p>Como indicado anteriormente, el texto vetado se reproduce al final de esta nota de manera que nuestros estimables lectores se puedan hacer una idea precisa de su contenido. Dicho sea de paso han, sido escasos los medios de prensa internacionales en reproducir o al menos referir al texto preciso de este texto finalmente vetado por Estados Unidos, luego de varias jornadas buscando enmendarlo de manera a obtener un masivo respaldo en el seno del Consejo de Seguridad.<\/p>\n<p>La\u00a0abstenci\u00f3n\u00a0del Reino Unido puede entenderse como una simple forma de maquillar el aislamiento total de Estados Unidos en el seno del Consejo de Seguridad, tendiente a evitar un estrepitoso resultado de 14 votos a favor y un veto norteamericano. Un voto que expondria como nunca al incondicional aliado de Israel en el Consejo de Seguridad, tal y como ya ocurri\u00f3\u00a0en diciembre del 2017 con relaci\u00f3n a la consolidada prohibici\u00f3n acordada hace varios decenios por parte de la comunidad internacional, de considerar a Jerusal\u00e9n como sede para establecer legaciones diplom\u00e1ticas (<b>Nota 4<\/b>).<\/p>\n<div><b><i>Un veto injustificable, indefendible e impresentable<\/i><\/b><\/div>\n<div><\/div>\n<div>Tal y como se puede observar, Israel no ha modificado su accionar en Gaza desde la ordenanza de la CIJ dictaminada el 26 de enero del 2024 sino que mantiene bombardeos incesantes, despropocionales e indiscriminados sobre Gaza similares a los iniciados desde el 7 de octubre por la tarde\/noche. En la precitada sesi\u00f3n del Consejo de Seguridad del 20 de febrero (v\u00e9ase acta <b><a href=\"https:\/\/documents.un.org\/doc\/undoc\/pro\/n24\/045\/52\/pdf\/n2404552.pdf?token=eYT5C6nNqYBVceN1np&amp;fe=true\">PV\/S.9552<\/a><\/b>), el representante de Palestina indic\u00f3\u00a0(p\u00e1gina 14)\u00a0que:<\/div>\n<div><\/div>\n<div>\u00ab<i>Between our previous Council meeting on 31 January and today, the casualty toll has risen from 26,000 Palestinians killed by the Israeli occupying forces to now almost 30,000 people, and more than 69,000 people injured. That means in just the past 20 days alone, Israel has killed nearly 4,000 more Palestinian children, women and men. That is in just 20 days. That is the deplorable consequence of inaction. It means more than 200 Palestinians killed every day. It means that, by the time this Security Council meeting ends, more than 25 Palestinians will have been killed<\/i>\u00ab.<\/div>\n<div><\/div>\n<div>Desde un punto estrictamente estrat\u00e9gico y militar, cabe precisar que a casi cinco\u00a0meses de intensos bombardeos, Israel no ha logrado alcanzar los objetivos militares iniciales planteados, al mantenerse los rehenes escondidos en Gaza con sus custodios, al seguir los jefes militares del Ham\u00e1s en vida instruyendo a sus combatientes, y al mantenerse activa la estructura militar del Ham\u00e1s, disparando cohetes hacia Israel con cierta regularidad desde Gaza. En cuanto al dato oficial de Israel segun el cual ha eliminado a 10.000 combatientes del Ham\u00e1s, son muchas las dudas que persisten sobre esta cifra, como bien los detalla este interesante <b><a href=\"https:\/\/www.bbc.com\/mundo\/articles\/c1w1ee3qnz8o\">articulo<\/a><\/b> de\u00a0 <i>BBC Verify<\/i>,\u00a0 titulado precisamente\u00a0 \u00ab<i>An\u00e1lisis BBC: \u00bfha matado Israel realmente a 10.000 combatientes de Ham\u00e1s?<\/i>\u00ab<\/div>\n<div><\/div>\n<div>Los escalofriantes saldos de muertos y heridos que diariamente Naciones Unidas reporta desde la OCHA (v\u00e9ase <b><a href=\"https:\/\/www.ochaopt.org\/\">enlace<\/a><\/b>) y que supera\u00a0 los 30.000 en el caso del primer saldo\u00a0 (v\u00e9ase <b><a href=\"https:\/\/www.ochaopt.org\/content\/hostilities-gaza-strip-and-israel-flash-update-130\">informe<\/a><\/b> al 1 de marzo del 2024, dia 130) evidencian la insensatez del accionar de Israel.\u00a0 En el\u00a0<b>\u00a0<a href=\"https:\/\/www.ochaopt.org\/content\/hostilities-gaza-strip-and-israel-flash-update-125\">informe<\/a><\/b>\u00a0al 23 de febrero, una semana antes, se puede leer que:<\/div>\n<div><\/div>\n<div>\u00abIntense Israeli bombardment from air, land and sea continues to be reported across much of the Gaza Strip, resulting in further civilian casualties, displacement, and destruction of civilian infrastructure. Ground operations and heavy fighting between Israeli forces and Palestinian armed groups also continue to be reported, particularly in Jabalya (northern Gaza), Gaza city, Deir al Balah and Khan Younis.<\/div>\n<div><\/div>\n<div>Between the afternoon of 22 February and 10:30 on 23 February, according to the Ministry of Health (MoH) in Gaza, 104 Palestinians were killed, and 160 Palestinians were injured. Between 7 October 2023 and 10:30 on 23 February 2024, at least 29,514 Palestinians were killed in Gaza and 69,616 Palestinians were injured, according to MoH in Gaza.<\/div>\n<div><\/div>\n<div>On 22 February, Israeli forces conducted airstrikes reportedly on residential buildings, mainly in Deir al Balah and Rafah, without prior warning, resulting in the death and injury of multiple people from the same family, including children. The following are among the deadliest incidents reported on 21 and 22 February:<\/div>\n<div><\/div>\n<div>&#8211; On 21 February, at about 20:20, 22 Palestinians were reportedly killed, and tens of others were injured, when a residential building in western An Nuseirat Camp, in Deir al Balah, was struck.<\/div>\n<div><\/div>\n<div>&#8211; On 22 February, at about 0:15, three Palestinians, including one child, were reportedly killed, and others were injured, when a residential building sheltering internally displaced persons (IDPs) in Al Geneina neighbourhood, northern Rafah, was struck.<\/div>\n<div><\/div>\n<div>&#8211; On 22 February, at about 1:30, four Palestinians were reportedly killed, including three children, when a residential building in Deir al Balah was struck.<\/div>\n<div><\/div>\n<div>&#8211; On 22 February, at about 7:20, four Palestinians were reportedly killed, when a residential building in Az Zawayda, Deir al Balah, was struck.<\/div>\n<div><\/div>\n<div>&#8211; On 22 February, In the Zaytoun neighbourhood of Gaza city, up to eighteen people from the same family were reportedly killed, and several remained unaccounted for, in a strike on a residential building<\/div>\n<div><\/div>\n<div>Between the afternoons of 22 and 23 February, no Israeli soldiers were reported killed in Gaza. As of 23 February, 235 soldiers have been killed and 1,396 soldiers injured in Gaza since the beginning of the ground operation, according to the Israeli military. In addition, over 1,200 Israelis and foreign nationals have been killed in Israel, according to the Israeli authorities, the vast majority on 7 October. As of 23 February, the Israeli authorities estimate that some 134 Israelis and foreign nationals remain captive in Gaza and include fatalities whose bodies are being withheld\u00bb.<\/div>\n<div><\/div>\n<div>En cuanto al saldo de muertos y heridos debido a la intensidad de la ofensiva de Israel en Gaza, un ex militar en Francia y connotado experto en bombardeos a\u00e9reos, indica en una nota de su blog titulada \u00ab<i>Laissons Netanyahou d\u00e9vaster la bande de Gaza et Poutine \u00e9craser l\u2019Ukraine\u00a0?\u00bb\u00a0<\/i>(v\u00e9ase\u00a0<b><a href=\"https:\/\/nepassubir.fr\/2024\/02\/10\/laissons-netanyahou-devaster-la-bande-de-gaza-et-poutine-ecraser-lukraine\/\">nota completa\u00a0<\/a><\/b>con un juego de mapas muy detallados) que:<\/div>\n<div><\/div>\n<div><i>\u00abPour achever la\u00a0d\u00e9vastation de la bande Gaza, dont les \u00be ont \u00e9t\u00e9 effectu\u00e9s en 4 mois de guerre, il ne manque plus \u00e0 Netanyahou que quelques semaines pour y parvenir, un ou deux mois peut-\u00eatre. Le bilan sera catastrophique en pertes humaines, l\u2019actuel \u00e9tant largement sous-estim\u00e9 puisqu\u2019il n\u2019int\u00e8gre pas les 8 \u00e0 9,000 \u00ab\u00a0disparus\u00a0\u00bb d\u00e9j\u00e0 recens\u00e9s par ce qui reste de l\u2019\u00e9tat-civil de Gaza, auquel il faut rajouter les personnes ensevelies sous les d\u00e9combres et que personne ne recherche.\u00a0<\/i><\/div>\n<p><i>Compte tenu de l\u2019intensit\u00e9 et de la dur\u00e9e des bombardements effectu\u00e9s par l\u2019arm\u00e9e isra\u00e9lienne, une fois \u00ab\u00a0l\u2019offensive massive\u00a0\u00bb sur Rafah achev\u00e9e, les victimes palestiniennes d\u00e9passeront les 50,000 morts. Je parle volontairement de \u00ab\u00a0victimes\u00a0\u00bb car pour 80%, ce seront des civils sans rapport avec les miliciens du Hamas. Il faudra encore multiplier par 3 \u00e0 4 le nombre de bless\u00e9s, soit un total sup\u00e9rieur \u00e0 200,000 morts et bless\u00e9s \u00e0 la fin de cette offensive isra\u00e9lienne\u00bb.\u00a0<\/i><\/p>\n<p>Finalmente, el hecho que sea el mismo Secretario de Defensa norteamericano en persona\u00a0 el que haya precisado p\u00fablicamente que son 25.000 los ni\u00f1os y mujeres que han fallecido en Gaza, durante una comparecencia realizada el pasado 29 de febrero (v\u00e9ase <a href=\"https:\/\/www.timesofisrael.com\/pentagon-head-says-over-25000-women-kids-killed-in-gaza-inflating-hamas-claim\/\"><b>nota<\/b><\/a> del <i>Times of Israel<\/i> de la misma fecha) viene a poner en jaque a qui\u00e9nes, en Estados Unidos e Israel, y desde algunas salas de redacci\u00f3n en algunas partes del mundo, persisten en cuestionar el dram\u00e1tico saldo en vidas humans observado en Gaza desde la tarde \/ noche del 7 de octubre del 2023.<\/p>\n<p><b><i>Una combativa diplomacia sudafricana, respaldada por una gran cantidad de Estados en su accionar<\/i><\/b><\/p>\n<div>\n<div>Ante la actitud desafiante de Israel luego de publicada la ordenanza de la CIJ del 26 de enero, el pasado 12 de febrero del 2024, la CIJ recibi\u00f3\u00a0una segunda solicitud formal de medidas provisionales urgentes solicitadas\u00a0por Sud\u00e1frica contra Israel: el texto de esta segunda solicitud, cuya lectura completa se recomienda,\u00a0 puede ser consultado en este enlace oficial de la CIJ\u00a0en\u00a0<a href=\"https:\/\/www.icj-cij.org\/sites\/default\/files\/case-related\/192\/192-20240212-wri-01-00-fr.pdf\"><b>franc<\/b><\/a><b><a href=\"https:\/\/www.icj-cij.org\/sites\/default\/files\/case-related\/192\/192-20240212-wri-01-00-fr.pdf\">\u00e9s<\/a><\/b>\u00a0y en\u00a0\u00a0<a href=\"https:\/\/www.icj-cij.org\/sites\/default\/files\/case-related\/192\/192-20240212-wri-01-00-en.pdf\">ingl\u00e9s<\/a>.<b>\u00a0<\/b><\/div>\n<div><\/div>\n<div>El 16 de febrero, la CIJ di\u00f3\u00a0a conocer su respuesta a esta segunda solicitud formal de medidas provisionales: el texto de la respuesta de la CIJ a esta segunda solicitud, que constituye un comunicado de prensa de la CIJ, puede ser consultado en este enlace oficial\u00a0en\u00a0<b><a href=\"https:\/\/www.icj-cij.org\/sites\/default\/files\/case-related\/192\/192-20240216-pre-01-00-fr.pdf\">franc<\/a><\/b><b><a href=\"https:\/\/www.icj-cij.org\/sites\/default\/files\/case-related\/192\/192-20240216-pre-01-00-fr.pdf\">\u00e9s<\/a><\/b>\u00a0y en\u00a0\u00a0<b><a href=\"https:\/\/www.icj-cij.org\/sites\/default\/files\/case-related\/192\/192-20240216-pre-01-00-en.pdf\">ingl\u00e9s<\/a><\/b>.<\/div>\n<div><\/div>\n<div>Este 1ero de marzo del 2024, en medio de un repudio generalizado por parte de otros Estados ante el accionar de Israel (v\u00e9ase <b><a href=\"https:\/\/www.lefigaro.fr\/international\/a-gaza-l-emeute-de-la-faim-meurtriere-suscite-une-tempete-de-critiques-contre-israel-20240301\">nota de prensa<\/a><\/b> de <i>Le Figaro<\/i>), fue de nuevo fue la diplomacia sudafricana una de las primeras en alzar fuertemente\u00a0la voz ante un nuevo drama ocurrido el 29 de febrero, durante una entrega por parte de camiones con ayuda humanitaria cuyos beneficiarios fueron ultimados por soldados de Israel. Al respecto, v\u00e9ase el\u00a0<b><a href=\"https:\/\/dirco.gov.za\/south-africa-condemns-israels-targeted-killing-of-palestinian-civilians-waiting-for-humanitarian-food-aid\/\">comunicado oficial<\/a><\/b> de prensa del Ministerio de Relaciones Exteriores de\u00a0 Sud\u00e1frica en el que se lee que:<\/div>\n<div><\/div>\n<div>\u00ab<i>This attack comes just days after Israel submitted a report to the International Court of Justice (ICJ) and to which South Africa is preparing a response to. This latest atrocity is another breach of international law and in breach of the binding provisional orders of the ICJ. Legal remedies are one route to end institutionalised impunity that Israel has enjoyed for decades, which has emboldened them to act in the manner they have been doing on Thursday, 29 February 2024, and for decades before that<\/i>\u00ab.<\/div>\n<div><\/div>\n<div>En Am\u00e9rica Latina, Chile de igual forma conden\u00f3\u00a0tempranamente lo ocurrido en Gaza el 29 de febrero (v\u00e9ase <b><a href=\"https:\/\/www.minrel.gob.cl\/noticias-anteriores\/comunicado-de-prensa-29-02-2024\">comunicado oficial<\/a><\/b> de prensa) asi como Colombia (v\u00e9ase <b><a href=\"https:\/\/www.cancilleria.gov.co\/newsroom\/publiques\/comunicado-prensa-colombia-manifiesta-su-energica-condena-ataque-ocurrido-dia\">comunicado oficial<\/a><\/b> de prensa).<\/div>\n<div><\/div>\n<div>Se sugiere a nuestros estimables lectores saber qu\u00e9\u00a0ha comunicado oficialmente su respectivo Estado ante esta verdadera masacre injustificable de civiles\u00a0por parte de Israel observada por el mundo entero el pasado 29 de febrero. Y si no ha comunicado nada su respectivo aparato diplom\u00e1tico, preguntarse entonces qu\u00e9 es lo que puede estar inhibi\u00e9ndolo de expresarse al respecto, teniendo acceso a las mismas im\u00e1genes y testimonios que circularon en todo el mundo.<\/div>\n<div><\/div>\n<div>Como se puede apreciar, en estos primeros meses del 2024, es un Estado como\u00a0Sud\u00e1frica el que\u00a0se destaca ante el mundo por su incansable batalla legal ante la justicia internacional en aras de lograr frenar las pretensiones de Israel en Gaza. Mientras que Sud\u00e1frica ha\u00a0reforzado su prestigio e imagen como raramente observado, para Israel el desprestigio es total.<\/div>\n<div><\/div>\n<div>Ahora bien, poner a prueba a la justicia internacional y defender los principios elementales del derecho internacional humanitario ante la insensatez del accionar militar de Israel en Gaza deberian\u00a0de poder ser asumidos por muchos otros Estados, adem\u00e1s de Sud\u00e1frica.<\/div>\n<div><\/div>\n<div>Es de precisar que ante\u00a0las reiteradas acciones interpuestas por\u00a0Sud\u00e1frica ante la CIJ, el aparato estatal de Israel no ha logrado dar respuestas mayormente convincentes: el simple hecho que la ordenanza emitida por la CIJ el pasado 26 de enero fuera adoptada con 16 votos a favor y una sola jueza en contra, o en algunos puntos del dispositivo, con 15 votos a favor y 2 votos en contra (v\u00e9ase detalle en el parrafo 86 de la\u00a0<a href=\"https:\/\/www.icj-cij.org\/sites\/default\/files\/case-related\/192\/192-20240126-ord-01-00-en.pdf\"><b>ordenanza<\/b><\/a>\u00a0de la CIJ del 26 de enero)\u00a0evidencia la debilidad de la defensa legal israel\u00ed\u00a0ante los jueces de La Haya.<\/div>\n<div><\/div>\n<div>Dada la contundencia de la petitoria elaborada por la diplomacia sudafricana, Israel no ha podido m\u00e1s que lanzar desde diversos sectores improperios, amenazas y otras reacciones iracundas que ya no impresionan mayormente.\u00a0Al respecto, es de notar que recientemente la jefa de la diplomacia sudafricana hizo ver que recibe amenazas veladas en redes sociales, apuntando sin tapujos hacia los servicios de inteligencia israel\u00edes.\u00a0En esta\u00a0<b><a href=\"https:\/\/mg.co.za\/politics\/2024-02-08-naledi-pandor-israeli-intelligence-trying-to-intimidate-me\/#:~:text=Speaking%20on%20the%20sidelines%20of,been%20targeted%20on%20social%20media.\">nota de prensa<\/a><\/b>\u00a0publicada el 8 de febrero, se puede leer que:<\/div>\n<div><\/div>\n<div>\u00ab<i>I felt that [it would] be better if we had extra security. But what I\u2019m more concerned about is my family, because in some of the social media messages my children are mentioned and so on, but this is par for the course. The Israeli agents, the intelligence services, [this] is how they behave, and they seek to intimidate you, so we must not be intimidated. There is a cause that is under way<\/i>\u00ab.<\/div>\n<\/div>\n<p><b><i>A modo conclusivo<\/i><\/b><\/p>\n<p>Dado este tercer veto de Estados Unidos, es posible que Argelia insista con una nuevo texto para forzar a Estados Unidos en un segundo ejercicio del mismo tipo a reconsiderar su postura: o bien, que sea la Asamblea General de Naciones Unidas\u00a0la llamada a tomar una resoluci\u00f3n con un texto muy similar en los pr\u00f3ximos dias en Nueva York,\u00a0sometiendo esta vez el texto al voto de los 193 Estados Miembros de Naciones Unidas. De ser esta la ruta escogida, se prev\u00e9 que, en\u00a0 lo que respecta a Am\u00e9rica Latina, \u00fanicamente Guatemala votar\u00e1 en contra, conjuntamente con Estados Unidos, Israel y un peque\u00f1o grupo de islas del Pac\u00edfico.<\/p>\n<p>Un reducido grupo al que Argentina tambi\u00e9n podr\u00eda sumarse, dada la cercan\u00eda\u00a0de su nuevo Presidente con Israel, tal y como ocurri\u00f3\u00a0recientemente en una reuni\u00f3n de la CELAC en la qu<b>e ni Argentina, ni Costa Rica, ni El Salvador, ni Guatemala, ni Panam<\/b><b>\u00e1<\/b><b>, ni Paraguay ni Uruguay<\/b> aparecen firmando una declaraci\u00f3n sobre Gaza (<b>Nota 5<\/b>).\u00a0\u00a0A no ser que, adem\u00e1s,\u00a0Israel y Estados Unidos logren nuevamente convencer a algunos Estados de Centroam\u00e9rica y de Suram\u00e9rica, tal y como se ha podido observar en algunas ocasiones pasadas.<\/p>\n<p>Resulta oportuno recordar que el primer veto norteamericano de octubre del 2023 origin\u00f3 el voto de una resoluci\u00f3n por parte de la Asamblea General el 27 de octubre del 2023, que fue\u00a0abrumador en cuanto a los votos favorables obtenidos: remitimos nuevamente al lector a nuestra <b><a href=\"https:\/\/derechointernacionalcr.blogspot.com\/2023\/10\/gaza-israel-asamblea-general-de.html\">nota anterior<\/a><\/b> titulada: \u00ab<i>Gaza\u00a0 \/ Israel: a prop\u00f3sito de la abrumadora mayor\u00eda con la que la Asamblea General de Naciones Unidas adopt\u00f3 una resoluci\u00f3n pidiendo un alto a la violencia en Gaza y el respeto al derecho internacional humanitario\u00bb. <\/i>En este texto nuestro se indicaba que:<\/p>\n<p>\u00ab<i>Por primera desde muchos a\u00f1os, Canad\u00e1 opt\u00f3 esta vez por abstenerse, en vez de votar con Israel y Estados Unidos, al igual que ocurri\u00f3 con el delegado de Palau en Naciones Unidas. Al haber con anterioridad Canad\u00e1 presentado una enmienda al texto (que fue rechazada), la abstenci\u00f3n de Canad\u00e1 cobra a\u00fan mayor relevancia<\/i> \u00ab.<\/p>\n<p>No obstante lo observado en octubre del 2023, al ser mucho mayor esta vez el repudio\u00a0hacia\u00a0Estados Unidos, el ejercicio en Nueva York puede esta vez resultar mucho m\u00e1s riesgoso para Estados Unidos e Israel.<\/p>\n<p>Se prev\u00e9 tambi\u00e9n\u00a0un probable recrudecimiento de\u00a0acciones de diversa naturaleza en contra de los intereses de Estados Unidos en distintas partes del mundo.<\/p>\n<p><b>Notas:<\/b><\/p>\n<p><b>Nota 1:<\/b>\u00a0 Con relaci\u00f3n a esta <b>inusitada no comparecencia de Rusia ante los jueces de la CIJ<\/b>, remitimos a nuestros estimables lectores a una nota nuestra: <b>BOEGLIN N<\/b>., \u00ab<i>La fuerza del derecho ante el derecho a la fuerza (el caso de Ucrania y Rusia)<\/i><i>A prop\u00f3sito de la no comparecencia de Rusia ante la Corte Internacional de Justicia (CIJ)<\/i>\u00ab, Portal de la Universidad de Costa Rica (UCR), 23 de marzo del 2022. texto disponible <b><a href=\"https:\/\/www.ucr.ac.cr\/noticias\/2022\/3\/23\/voz-experta-la-fuerza-del-derecho-ante-el-derecho-a-la-fuerza-el-caso-de-ucrania-y-rusia.html\">aqui<\/a><\/b>.<\/p>\n<p><b>Nota 2:\u00a0<\/b>En efecto, el <b>veto norteamericano tom\u00f3 por sorpresa a altos responsables pol\u00edticos<\/b>, convencidos que las palabras usadas y las formulaciones revisadas una y otra vez hasta contar con el acuerdo de los diplom\u00e1ticos de Estados Unidos garantizaban la adopci\u00f3n del texto: en el caso de Francia, se lee en esta\u00a0<a href=\"https:\/\/www.publicsenat.fr\/actualites\/international\/la-ministre-catherine-colonna-souligne-lurgence-de-demander-lacces-humanitaire-a-la-bande-de-gaza\"><b>nota<\/b><\/a>\u00a0de\u00a0<i>Public S\u00e9nat<\/i>\u00a0que:\u00a0<i>\u00ab\u00ab\u00a0Le Conseil de s\u00e9curit\u00e9 des Nations Unies vient d\u2019adopter cet apr\u00e8s-midi une r\u00e9solution, pr\u00e9sent\u00e9e par le Br\u00e9sil, qui a \u00e9t\u00e9 travaill\u00e9e, comme c\u2019est la r\u00e8gle aux Nations Unies, n\u00e9goci\u00e9e, quelques jours, avant d\u2019\u00eatre mise au vote et d\u2019\u00eatre accept\u00e9e cet apr\u00e8s-midi, qui condamne clairement le Hamas et ses actions terroristes, appelle \u00e0 la d\u00e9sescalade et rappelle les principes fondamentaux du droit humanitaire\u00a0\u00bb, a affirm\u00e9 Catherine Colonna, pr\u00e9cis\u00e9ment \u00e0 16h38, soit 13 minutes apr\u00e8s que l\u2019AFP envoie une alerte sur le rejet de la r\u00e9solution\u00bb.<\/i><\/p>\n<p><b>Nota 3<\/b>: Como bien se recordar\u00e1, Sud\u00e1frica present\u00f3 formalmente una demanda contra Israel. V\u00e9ase a ese respecto el\u00a0<b><a href=\"https:\/\/www.icj-cij.org\/sites\/default\/files\/case-related\/192\/192-20231228-app-01-00-en.pdf\">texto completo<\/a><\/b>\u00a0de su demanda inicial de 84 p\u00e1ginas, cuya lectura completa se recomienda: revisten especial inter\u00e9s <b>los p\u00e1rrafos 101-107 que detallan las escalofriantes declaraciones oficiales o\u00eddas en Israel<\/b> por parte de sus m\u00e1ximas autoridades. El equipo legal de Sud\u00e1frica hizo adem\u00e1s una demonstraci\u00f3n bastante convincente sobre el hecho que estas in\u00e9ditas declaraciones oficiales por parte de las autoridades de Israel son parte de un contexto que explica las reiteradas exacciones de todo tipo contra familias palestinas, y no solamente en Gaza ni a partir del 7 de octubre \u00fanicamente.<\/p>\n<p><b>Nota 4: <\/b>En\u00a0su sesi\u00f3n del 19 de diciembre del 2017, con ocasi\u00f3n de un texto propuesto por Egipto condenando el traslado de embajadas a la ciudad de Jerusal\u00e9n (v\u00e9ase\u00a0<a href=\"https:\/\/undocs.org\/Home\/Mobile?FinalSymbol=S%2F2017%2F1060&amp;Language=E&amp;DeviceType=Desktop&amp;LangRequested=False\"><b>enlace<\/b><\/a>\u00a0 a documento\u00a0<a href=\"https:\/\/documents-dds-ny.un.org\/doc\/UNDOC\/GEN\/N17\/448\/85\/PDF\/N1744885.pdf?OpenElement\"><b>S\/2017\/1060<\/b><\/a>), el voto registrado fue de <b>14 votos a favor y un \u00fanico voto en contra<\/b> (Estados Unidos): v\u00e9ase acta\u00a0<a href=\"https:\/\/undocs.org\/Home\/Mobile?FinalSymbol=S%2FPV.8139&amp;Language=E&amp;DeviceType=Desktop&amp;LangRequested=False\"><b>S\/PV.8139<\/b><\/a>\u00a0.Con relaci\u00f3n a la votaci\u00f3n acaecida\u00a0 en diciembre del 2017, es de notar que Estados Unidos inaugur\u00f3 su embajada en Jerusal\u00e9n el 14 de mayo del 2018 (v\u00e9ase\u00a0<a href=\"https:\/\/www.dw.com\/es\/jerusal%C3%A9n-ciudad-dividida-por-la-apertura-de-la-embajada-de-eeuu\/a-43771115\"><b>nota<\/b><\/a>\u00a0de la DW): una decisi\u00f3n\u00a0 que ning\u00fan Presidente norteamericano anterior a Donald Trump se hab\u00eda aventurado a tomar, y que el actual ocupante de la Casa Blanca <b>no pareciera\u00a0 en lo m\u00e1s m\u00ednimo querer revertir<\/b>.<\/p>\n<p><b>Nota 5<\/b>: la Declaraci\u00f3n de la CELAC sobre Israel y Gaza del 2 de marzo titulada \u00ab<i>Statement on Israeli actions in Occupied East Jerusalem and the rest of the Occupied Palestinian Territory<\/i>\u00bb\u00a0se encuentra disponible en este <a href=\"https:\/\/www.gov.br\/mre\/pt-br\/canais_atendimento\/imprensa\/notas-a-imprensa\/declaracao-sobre-as-acoes-israelenses-em-jerusalem-oriental-ocupada-e-no-resto-do-territorio-palestino-ocupado\"><b>enlace<\/b><\/a> oficial del Palacio del Itamaraty de Brasil, sede del Ministerio de Relaciones Exteriores de Brasil.<\/p>\n<p><b>Documento \/ Materia<\/b>l: texto del proyecto de resoluci\u00f3n <b><a href=\"https:\/\/undocs.org\/Home\/Mobile?FinalSymbol=S%2F2024%2F173&amp;Language=E&amp;DeviceType=Desktop&amp;LangRequested=False\">S\/2024\/173<\/a><\/b>\u00a0presentado por Argelia y vetado por Estados Unidos el 20 de febrero en el seno del Consejo de Seguridad en versiones oficiales inglesa y espanola:<\/p>\n<p>\u00ab<i><b>Algeria: draft resolution\u00a0<\/b><\/i><\/p>\n<p><i>The Security Council,\u00a0<\/i><\/p>\n<p><i>Reaffirming the purposes and principles of the Charter of the United Nations,\u00a0<\/i><\/p>\n<p><i>Recalling all its relevant resolutions on the situation in the Middle East, including the Palestinian question,\u00a0<\/i><\/p>\n<p><i>Recalling also the Order delivered on 26 January 2024 by the International Court of Justice indicating provisional measures to Israel in the case concerning the application of the Convention on the Prevention and Punishment of the Crime of Genocide (South Africa v. Israel) in relation to the right of the Palestinian people in the Gaza Strip to be protected from all acts within the scope of Article II and Article III of the Convention,\u00a0<\/i><\/p>\n<p><i>Recalling further the letter dated 6 December 2023 of the Secretary-General, under Article 99 of the Charter of the United Nations, addressed to the President of the Security Council (S\/2023\/962),\u00a0<\/i><\/p>\n<p><i>Reiterating its demand that all parties to the conflict comply with their obligations under international law, including international humanitarian law and international human rights law, in particular with regard to the conduct of hostilities and the protection of civilians and civilian objects, and recalling the obligation to respect and protect humanitarian relief and medical personnel as well as medical infrastructure, medical transports and the wounded and sick, and to refrain from depriving the Palestinian civilian population in the Gaza Strip of essential goods and services indispensable to their survival and humanitarian assistance, consistent with international humanitarian law and international human rights law,\u00a0<\/i><\/p>\n<p><i>Reaffirming the obligations of all parties regarding the provision of humanitarian assistance, and its demand that they allow, facilitate and enable the immediate, full, safe and unhindered delivery of humanitarian assistance at scale directly to the Palestinian civilian population throughout the Gaza Strip,\u00a0<\/i><\/p>\n<p><i>Welcoming the appointment of Ms. Sigrid Kaag, as Senior Humanitarian and Reconstruction Coordinator for Gaza pursuant to its resolution 2720, underscoring the need to provide her team with the resources and support necessary to fulfil her mandate, and emphasizing the urgent need to expand the flow of humanitarian assistance to civilians in the Gaza Strip,\u00a0<\/i><\/p>\n<p><i>Reaffirming its strong concern for the disproportionate and grave effect that the conflict is having on the civilian population, with particular impact on the lives and\u00a0well-being of children, women, and persons with disabilities as well as other civilians in vulnerable situations,\u00a0<\/i><\/p>\n<p><i>Expressing grave concern over the dire and urgently deteriorating humanitarian situation in the Gaza Strip and the adverse conditions of life for and suffering of the Palestinian civilian population,\u00a0<\/i><\/p>\n<p><i>Expressing also grave concern over the impact of the situation in Gaza on regional and international peace and security,\u00a0<\/i><\/p>\n<p><i>Emphasizing the imperative of accountability for all violations of international law, Stressing that the Gaza Strip constitutes an integral part of the territory occupied in 1967, and reiterating the vision of the two-state solution, with the Gaza Strip as part of the Palestinian State,<\/i><\/p>\n<p><i>1. Demands an immediate humanitarian ceasefire that must be respected by all parties;\u00a0<\/i><\/p>\n<p><i>2. Reiterates its demand that all parties scrupulously comply with their obligations under international law, including international humanitarian law and international human rights law, in particular including with regard to the protection of civilians and civilian objects, and in this regard deplores all attacks against civilians and civilian objects, as well as all violence and hostilities against civilians, and all acts of terrorism;\u00a0<\/i><\/p>\n<p><i>3. Rejects forced displacement of the Palestinian civilian population, including women and children, in violation of international law, including international humanitarian law and international human rights law, and demands an immediate end to any such violations;\u00a0<\/i><\/p>\n<p><i>4. Demands the immediate and unconditional release of all hostages, as well as ensuring humanitarian access to address medical needs of all hostages, and further demands that the parties comply with their obligations under international law in relation to all persons they detain and respect their human rights;\u00a0<\/i><\/p>\n<p><i>5. Reiterates its call for the full, rapid, safe, and unhindered humanitarian access into and throughout the entire Gaza Strip and for the urgent, continuous and sufficient provision of humanitarian assistance at scale to the Palestinian civilian population, including by facilitating the use of all available routes to and throughout the entire Gaza Strip, including border crossings, in accordance with international humanitarian law and its relevant resolutions;\u00a0<\/i><\/p>\n<p><i>6. Demands the implementation of its resolutions 2712 (2023) and 2720 (2023) in full;\u00a0<\/i><\/p>\n<p><i>7. Reiterates its unwavering commitment to the vision of the two-State solution where two democratic States, Israel and Palestine, live side by side in peace within secure and recognized borders, consistent with international law and relevant UN resolutions, and in this regard stresses the importance of unifying the Gaza Strip with the West Bank under the Palestinian Authority;\u00a0<\/i><\/p>\n<p><i>8. Emphasizes the importance of preventing further escalation in the region, and, in this regard, calls on all parties to exercise maximum restraint and calls on all those with influence on the parties to work toward this objective;\u00a0<\/i><\/p>\n<p><i>9. Decides to remain actively seized of the matter.\u00bb<\/i><\/p>\n<p><b><i>\u00abArgelia: proyecto de resoluci\u00f3n\u00a0<\/i><\/b><\/p>\n<p><i>El Consejo de Seguridad,\u00a0<\/i><\/p>\n<p><i>Reafirmando los prop\u00f3sitos y principios de la Carta de las Naciones Unidas,\u00a0<\/i><\/p>\n<p><i>Recordando todas sus resoluciones pertinentes sobre la situaci\u00f3n en Oriente Medio, incluida la cuesti\u00f3n palestina,\u00a0<\/i><\/p>\n<p><i>Recordando tambi\u00e9n la providencia sobre medidas provisionales dictada el 26 de enero de 2024 por la Corte Internacional de Justicia en la causa relativa a la Aplicaci\u00f3n de la Convenci\u00f3n para la Prevenci\u00f3n y la Sanci\u00f3n del Delito de Genocidio en la Franja de Gaza (Sud\u00e1frica c. Israel), que obliga a Israel en relaci\u00f3n con el derecho del pueblo palestino de la Franja de Gaza a ser protegido de todos los ac tos comprendidos en el \u00e1mbito de aplicaci\u00f3n de los art\u00edculos II y III de la Convenci\u00f3n,\u00a0<\/i><\/p>\n<p><i>Recordando adem\u00e1s la carta de fecha 6 de diciembre de 2023 dirigida a su Presidencia por el Secretario General (S\/2023\/962) en virtud del Art\u00edculo 99 de la Carta de las Naciones Unidas,\u00a0<\/i><\/p>\n<p><i>Reiterando su exigencia de que todas las partes en el conflicto cumplan sus obligaciones en virtud del derecho internacional, incluidos el derecho inter nacional humanitario y el derecho internacional de los derechos humanos, en particular en lo que respecta a la conducci\u00f3n de las hostilidades y la protecci\u00f3n de los civiles y los bienes de car\u00e1cter civil, y recordando la obligaci\u00f3n de respetar y proteger al personal m\u00e9dico y de socorro humanitario, as\u00ed como la infraestructura m\u00e9dica, los medios de transporte sanitarios y a los heridos y enfermos, y su exigencia de que se abstengan de privar a la poblaci\u00f3n civil palestina de la Franja de Gaza de los bienes y servicios indispensables para su supervivencia y la asistencia humanitaria, en consonancia con el derecho internacional humanitario y el derecho internacional de los derechos humanos,\u00a0<\/i><\/p>\n<p><i>Reafirmando las obligaciones que incumben a todas las partes en cuanto a la prestaci\u00f3n de asistencia humanitaria y su exigencia de que permitan, faciliten y posibiliten la entrega inmediata, plena, segura y sin trabas de asistencia humanitaria a gran escala directamente a la poblaci\u00f3n civil palestina en toda la Franja de Gaz a,\u00a0<\/i><\/p>\n<p><i>Acogiendo con benepl\u00e1cito el nombramiento de la Sra. Sigrid Kaag como Coordinadora Superior de Asuntos Humanitarios y de la Reconstrucci\u00f3n para Gaza, de conformidad con su resoluci\u00f3n 2720 (2023), recalcando la necesidad de proporcionar a su equipo los recursos y el apoyo necesarios para cumplir el mandato de la Coordinadora, y poniendo de relieve la urgente neces<\/i><\/p>\n<p><i>Reafirmando su gran preocupaci\u00f3n por los efectos graves y desproporcionados que est\u00e1 teniendo el conflicto en la poblaci\u00f3n civil, y en particular su repercusi\u00f3n en la vida y el bienestar de los ni\u00f1os, las mujeres y las personas con discapacidad, as\u00ed como de otros civiles que se encuentran en situaci\u00f3n de vulnerabilidad,\u00a0<\/i><\/p>\n<p><i>Expresando grave preocupaci\u00f3n por la penosa situaci\u00f3n humanitaria en la Franja de Gaza y su acelerado deterioro y por las condiciones de vida adversas y el sufrimiento de la poblaci\u00f3n civil palestina,\u00a0<\/i><\/p>\n<p><i>Expresando grave preocupaci\u00f3n tambi\u00e9n por las repercusiones que tiene la situaci\u00f3n en Gaza para la paz y la seguridad regionales e internacionales, Poniendo de relieve la necesidad imperiosa de exigir cuentas por todas las violaciones del derecho internacional,\u00a0<\/i><\/p>\n<p><i>Destacando que la Franja de Gaza constituye una parte integral del territorio ocupado en 1967 y reiterando la aspiraci\u00f3n a la soluci\u00f3n biestatal, seg\u00fan la cual la Franja de Gaza forma parte del Estado palestino,\u00a0<\/i><\/p>\n<p><i>1. Exige un alto el fuego humanitario inmediato que deben respetar todas las partes;\u00a0<\/i><\/p>\n<p><i>2. Reitera su exigencia de que todas las partes cumplan escrupulosamente las obligaciones que les incumben en virtud del derecho internacional, incluidos el derecho internacional humanitario y el derecho internacional de los derechos humanos, en particular en lo tocante a la protecci\u00f3n de los civiles y los bienes de car\u00e1cter civil, y a este respecto deplora todos los ataques contra civiles y bienes de car\u00e1cter civil, as\u00ed como todos los actos de violencia y las hostilidades contra civiles y todos los actos de terrorismo;\u00a0<\/i><\/p>\n<p><i>3. Rechaza el desplazamiento forzoso de la poblaci\u00f3n civil palestina, incluidos mujeres y ni\u00f1os, en contravenci\u00f3n del derecho internacional, incluidos el derecho internacional humanitario y el derecho internacional de los derechos humanos, y exige que se ponga fin de inmediato a todas las violaciones de ese tipo;\u00a0<\/i><\/p>\n<p><i>4. Exige la liberaci\u00f3n inmediata e incondicional de todos los rehenes y que se garantice el acceso humanitario para atender las necesidades m\u00e9dicas de todos ellos, y exige tambi\u00e9n que las partes cumplan sus obligaciones en virtud del derecho internacional en relaci\u00f3n con todas las personas que detengan y que respeten sus derechos humanos;\u00a0<\/i><\/p>\n<p><i>5. Reitera su exhortaci\u00f3n a que se permita el acceso humanitario pleno, r\u00e1pido, seguro y sin trabas a la Franja de Gaza y en todo su territorio y la entrega de ayuda humanitaria a gran escala a la poblaci\u00f3n civil palestina de manera urgente, continua y suficiente, incluso facilitando el uso de todas las rutas disponibles hacia la Franja de Gaza y en todo su territorio, incluidos los pasos fronterizos, de conformidad con el derecho internacional humanitario y con sus resoluciones pertinentes;\u00a0<\/i><\/p>\n<p><i>6. Exige que se apliquen \u00edntegramente sus resoluciones 2712 (2023) y 2720 (2023);\u00a0<\/i><\/p>\n<p><i>7. Reitera su inquebrantable compromiso con la aspiraci\u00f3n a la soluci\u00f3n biestatal que permita que dos Estados democr\u00e1ticos, Israel y Palestina, convivan en paz dentro de fronteras seguras y reconocidas, de conformidad con el derecho internacional y las resoluciones pertinentes de las Naciones Unidas, y a este respecto destaca la importancia de unificar la Franja de Gaza con la Ribera Occidental bajo la Autoridad Palestina;\u00a0<\/i><\/p>\n<p><i>8. Pone de relieve la importancia de evitar una mayor escalada de las tensiones en la regi\u00f3n y, en este sentido, exhorta a todas las partes a que act\u00faen con la m\u00e1xima moderaci\u00f3n y a todos los que tienen influencia sobre ellas a que obren en pro de ese objetivo;\u00a0<\/i><\/p>\n<p><i>9. Decide seguir ocup\u00e1ndose activamente de la cuesti\u00f3n\u00bb.<\/i><\/p>\n","protected":false},"excerpt":{"rendered":"<p>\u00abIn just over four months in Gaza there have been more children, more journalists, more medical personnel, and more UN staff killed than anywhere in the world during a conflict. Over 150 UNRWA premises have been hit by bombardment or&hellip;<\/p>\n","protected":false},"author":1329,"featured_media":1829511,"comment_status":"closed","ping_status":"closed","sticky":false,"template":"","format":"standard","meta":{"footnotes":""},"categories":[69,161,74],"tags":[11599,646],"class_list":["post-1829509","post","type-post","status-publish","format-standard","has-post-thumbnail","hentry","category-america-central","category-opiniones","category-politica-es","tag-hamas-es","tag-israel-es"],"yoast_head":"<!-- This site is optimized with the Yoast SEO plugin v27.1.1 - https:\/\/yoast.com\/product\/yoast-seo-wordpress\/ -->\n<title>Gaza \/ Israel: en torno al veto indefendible de Estados Unidos en el seno del Consejo de Seguridad<\/title>\n<meta name=\"description\" content=\"&quot;In just over four months in Gaza there have been more children, more journalists, more medical personnel, and more UN staff killed than anywhere in the\" \/>\n<meta name=\"robots\" content=\"index, follow, max-snippet:-1, max-image-preview:large, max-video-preview:-1\" \/>\n<link rel=\"canonical\" href=\"https:\/\/www.pressenza.com\/es\/2024\/03\/gaza-israel-en-torno-al-veto-indefendible-de-estados-unidos-en-el-seno-del-consejo-de-seguridad\/\" \/>\n<meta property=\"og:locale\" content=\"es_ES\" \/>\n<meta property=\"og:type\" content=\"article\" \/>\n<meta property=\"og:title\" content=\"Gaza \/ Israel: en torno al veto indefendible de Estados Unidos en el seno del Consejo de Seguridad\" \/>\n<meta property=\"og:description\" content=\"&quot;In just over four months in Gaza there have been more children, more journalists, more medical personnel, and more UN staff killed than anywhere in the\" \/>\n<meta property=\"og:url\" content=\"https:\/\/www.pressenza.com\/es\/2024\/03\/gaza-israel-en-torno-al-veto-indefendible-de-estados-unidos-en-el-seno-del-consejo-de-seguridad\/\" \/>\n<meta property=\"og:site_name\" content=\"Pressenza\" \/>\n<meta property=\"article:publisher\" content=\"https:\/\/www.facebook.com\/PressenzaItalia\" \/>\n<meta property=\"article:published_time\" content=\"2024-03-03T19:48:36+00:00\" \/>\n<meta property=\"og:image\" content=\"https:\/\/www.pressenza.com\/wp-content\/uploads\/2024\/03\/palestina.png\" \/>\n\t<meta property=\"og:image:width\" content=\"950\" \/>\n\t<meta property=\"og:image:height\" content=\"633\" \/>\n\t<meta property=\"og:image:type\" content=\"image\/png\" \/>\n<meta name=\"author\" content=\"Nicolas Boeglin\" \/>\n<meta name=\"twitter:card\" content=\"summary_large_image\" \/>\n<meta name=\"twitter:creator\" content=\"@PressenzaIPA\" \/>\n<meta name=\"twitter:site\" content=\"@PressenzaIPA\" \/>\n<meta name=\"twitter:label1\" content=\"Escrito por\" \/>\n\t<meta name=\"twitter:data1\" content=\"Nicolas Boeglin\" \/>\n\t<meta name=\"twitter:label2\" content=\"Tiempo de lectura\" \/>\n\t<meta name=\"twitter:data2\" content=\"31 minutos\" \/>\n<script type=\"application\/ld+json\" class=\"yoast-schema-graph\">{\"@context\":\"https:\/\/schema.org\",\"@graph\":[{\"@type\":\"Article\",\"@id\":\"https:\/\/www.pressenza.com\/es\/2024\/03\/gaza-israel-en-torno-al-veto-indefendible-de-estados-unidos-en-el-seno-del-consejo-de-seguridad\/#article\",\"isPartOf\":{\"@id\":\"https:\/\/www.pressenza.com\/es\/2024\/03\/gaza-israel-en-torno-al-veto-indefendible-de-estados-unidos-en-el-seno-del-consejo-de-seguridad\/\"},\"author\":{\"name\":\"Nicolas Boeglin\",\"@id\":\"https:\/\/www.pressenza.com\/es\/#\/schema\/person\/3166268d27b8b74a51a91eecd7b64f26\"},\"headline\":\"Gaza \/ Israel: en torno al veto indefendible de Estados Unidos en el seno del Consejo de Seguridad\",\"datePublished\":\"2024-03-03T19:48:36+00:00\",\"mainEntityOfPage\":{\"@id\":\"https:\/\/www.pressenza.com\/es\/2024\/03\/gaza-israel-en-torno-al-veto-indefendible-de-estados-unidos-en-el-seno-del-consejo-de-seguridad\/\"},\"wordCount\":6784,\"publisher\":{\"@id\":\"https:\/\/www.pressenza.com\/es\/#organization\"},\"image\":{\"@id\":\"https:\/\/www.pressenza.com\/es\/2024\/03\/gaza-israel-en-torno-al-veto-indefendible-de-estados-unidos-en-el-seno-del-consejo-de-seguridad\/#primaryimage\"},\"thumbnailUrl\":\"https:\/\/www.pressenza.com\/wp-content\/uploads\/2024\/03\/palestina.png\",\"keywords\":[\"Ham\u00e1s\",\"Israel\"],\"articleSection\":[\"Am\u00e9rica Central\",\"Opiniones\",\"Pol\u00edtica\"],\"inLanguage\":\"es\"},{\"@type\":\"WebPage\",\"@id\":\"https:\/\/www.pressenza.com\/es\/2024\/03\/gaza-israel-en-torno-al-veto-indefendible-de-estados-unidos-en-el-seno-del-consejo-de-seguridad\/\",\"url\":\"https:\/\/www.pressenza.com\/es\/2024\/03\/gaza-israel-en-torno-al-veto-indefendible-de-estados-unidos-en-el-seno-del-consejo-de-seguridad\/\",\"name\":\"Gaza \/ Israel: en torno al veto indefendible de Estados Unidos en el seno del Consejo de Seguridad\",\"isPartOf\":{\"@id\":\"https:\/\/www.pressenza.com\/es\/#website\"},\"primaryImageOfPage\":{\"@id\":\"https:\/\/www.pressenza.com\/es\/2024\/03\/gaza-israel-en-torno-al-veto-indefendible-de-estados-unidos-en-el-seno-del-consejo-de-seguridad\/#primaryimage\"},\"image\":{\"@id\":\"https:\/\/www.pressenza.com\/es\/2024\/03\/gaza-israel-en-torno-al-veto-indefendible-de-estados-unidos-en-el-seno-del-consejo-de-seguridad\/#primaryimage\"},\"thumbnailUrl\":\"https:\/\/www.pressenza.com\/wp-content\/uploads\/2024\/03\/palestina.png\",\"datePublished\":\"2024-03-03T19:48:36+00:00\",\"description\":\"\\\"In just over four months in Gaza there have been more children, more journalists, more medical personnel, and more UN staff killed than anywhere in the\",\"breadcrumb\":{\"@id\":\"https:\/\/www.pressenza.com\/es\/2024\/03\/gaza-israel-en-torno-al-veto-indefendible-de-estados-unidos-en-el-seno-del-consejo-de-seguridad\/#breadcrumb\"},\"inLanguage\":\"es\",\"potentialAction\":[{\"@type\":\"ReadAction\",\"target\":[\"https:\/\/www.pressenza.com\/es\/2024\/03\/gaza-israel-en-torno-al-veto-indefendible-de-estados-unidos-en-el-seno-del-consejo-de-seguridad\/\"]}]},{\"@type\":\"ImageObject\",\"inLanguage\":\"es\",\"@id\":\"https:\/\/www.pressenza.com\/es\/2024\/03\/gaza-israel-en-torno-al-veto-indefendible-de-estados-unidos-en-el-seno-del-consejo-de-seguridad\/#primaryimage\",\"url\":\"https:\/\/www.pressenza.com\/wp-content\/uploads\/2024\/03\/palestina.png\",\"contentUrl\":\"https:\/\/www.pressenza.com\/wp-content\/uploads\/2024\/03\/palestina.png\",\"width\":950,\"height\":633},{\"@type\":\"BreadcrumbList\",\"@id\":\"https:\/\/www.pressenza.com\/es\/2024\/03\/gaza-israel-en-torno-al-veto-indefendible-de-estados-unidos-en-el-seno-del-consejo-de-seguridad\/#breadcrumb\",\"itemListElement\":[{\"@type\":\"ListItem\",\"position\":1,\"name\":\"Accueil\",\"item\":\"https:\/\/www.pressenza.com\/es\/\"},{\"@type\":\"ListItem\",\"position\":2,\"name\":\"Gaza \/ Israel: en torno al veto indefendible de Estados Unidos en el seno del Consejo de Seguridad\"}]},{\"@type\":\"WebSite\",\"@id\":\"https:\/\/www.pressenza.com\/es\/#website\",\"url\":\"https:\/\/www.pressenza.com\/es\/\",\"name\":\"Pressenza\",\"description\":\"International Press Agency\",\"publisher\":{\"@id\":\"https:\/\/www.pressenza.com\/es\/#organization\"},\"potentialAction\":[{\"@type\":\"SearchAction\",\"target\":{\"@type\":\"EntryPoint\",\"urlTemplate\":\"https:\/\/www.pressenza.com\/es\/?s={search_term_string}\"},\"query-input\":{\"@type\":\"PropertyValueSpecification\",\"valueRequired\":true,\"valueName\":\"search_term_string\"}}],\"inLanguage\":\"es\"},{\"@type\":\"Organization\",\"@id\":\"https:\/\/www.pressenza.com\/es\/#organization\",\"name\":\"Pressenza\",\"url\":\"https:\/\/www.pressenza.com\/es\/\",\"logo\":{\"@type\":\"ImageObject\",\"inLanguage\":\"es\",\"@id\":\"https:\/\/www.pressenza.com\/es\/#\/schema\/logo\/image\/\",\"url\":\"https:\/\/www.pressenza.com\/wp-content\/uploads\/2022\/10\/pressenza_logo_200x200.jpg\",\"contentUrl\":\"https:\/\/www.pressenza.com\/wp-content\/uploads\/2022\/10\/pressenza_logo_200x200.jpg\",\"width\":200,\"height\":200,\"caption\":\"Pressenza\"},\"image\":{\"@id\":\"https:\/\/www.pressenza.com\/es\/#\/schema\/logo\/image\/\"},\"sameAs\":[\"https:\/\/www.facebook.com\/PressenzaItalia\",\"https:\/\/x.com\/PressenzaIPA\"]},{\"@type\":\"Person\",\"@id\":\"https:\/\/www.pressenza.com\/es\/#\/schema\/person\/3166268d27b8b74a51a91eecd7b64f26\",\"name\":\"Nicolas Boeglin\",\"description\":\"Nicolas Boeglin, Professor of International Law, Law Faculty, University of Costa Rica (UCR). Contact : nboeglin@gmail.com\",\"url\":\"https:\/\/www.pressenza.com\/es\/author\/nicolas-boeglin\/\"}]}<\/script>\n<!-- \/ Yoast SEO plugin. -->","yoast_head_json":{"title":"Gaza \/ Israel: en torno al veto indefendible de Estados Unidos en el seno del Consejo de Seguridad","description":"\"In just over four months in Gaza there have been more children, more journalists, more medical personnel, and more UN staff killed than anywhere in the","robots":{"index":"index","follow":"follow","max-snippet":"max-snippet:-1","max-image-preview":"max-image-preview:large","max-video-preview":"max-video-preview:-1"},"canonical":"https:\/\/www.pressenza.com\/es\/2024\/03\/gaza-israel-en-torno-al-veto-indefendible-de-estados-unidos-en-el-seno-del-consejo-de-seguridad\/","og_locale":"es_ES","og_type":"article","og_title":"Gaza \/ Israel: en torno al veto indefendible de Estados Unidos en el seno del Consejo de Seguridad","og_description":"\"In just over four months in Gaza there have been more children, more journalists, more medical personnel, and more UN staff killed than anywhere in the","og_url":"https:\/\/www.pressenza.com\/es\/2024\/03\/gaza-israel-en-torno-al-veto-indefendible-de-estados-unidos-en-el-seno-del-consejo-de-seguridad\/","og_site_name":"Pressenza","article_publisher":"https:\/\/www.facebook.com\/PressenzaItalia","article_published_time":"2024-03-03T19:48:36+00:00","og_image":[{"width":950,"height":633,"url":"https:\/\/www.pressenza.com\/wp-content\/uploads\/2024\/03\/palestina.png","type":"image\/png"}],"author":"Nicolas Boeglin","twitter_card":"summary_large_image","twitter_creator":"@PressenzaIPA","twitter_site":"@PressenzaIPA","twitter_misc":{"Escrito por":"Nicolas Boeglin","Tiempo de lectura":"31 minutos"},"schema":{"@context":"https:\/\/schema.org","@graph":[{"@type":"Article","@id":"https:\/\/www.pressenza.com\/es\/2024\/03\/gaza-israel-en-torno-al-veto-indefendible-de-estados-unidos-en-el-seno-del-consejo-de-seguridad\/#article","isPartOf":{"@id":"https:\/\/www.pressenza.com\/es\/2024\/03\/gaza-israel-en-torno-al-veto-indefendible-de-estados-unidos-en-el-seno-del-consejo-de-seguridad\/"},"author":{"name":"Nicolas Boeglin","@id":"https:\/\/www.pressenza.com\/es\/#\/schema\/person\/3166268d27b8b74a51a91eecd7b64f26"},"headline":"Gaza \/ Israel: en torno al veto indefendible de Estados Unidos en el seno del Consejo de Seguridad","datePublished":"2024-03-03T19:48:36+00:00","mainEntityOfPage":{"@id":"https:\/\/www.pressenza.com\/es\/2024\/03\/gaza-israel-en-torno-al-veto-indefendible-de-estados-unidos-en-el-seno-del-consejo-de-seguridad\/"},"wordCount":6784,"publisher":{"@id":"https:\/\/www.pressenza.com\/es\/#organization"},"image":{"@id":"https:\/\/www.pressenza.com\/es\/2024\/03\/gaza-israel-en-torno-al-veto-indefendible-de-estados-unidos-en-el-seno-del-consejo-de-seguridad\/#primaryimage"},"thumbnailUrl":"https:\/\/www.pressenza.com\/wp-content\/uploads\/2024\/03\/palestina.png","keywords":["Ham\u00e1s","Israel"],"articleSection":["Am\u00e9rica Central","Opiniones","Pol\u00edtica"],"inLanguage":"es"},{"@type":"WebPage","@id":"https:\/\/www.pressenza.com\/es\/2024\/03\/gaza-israel-en-torno-al-veto-indefendible-de-estados-unidos-en-el-seno-del-consejo-de-seguridad\/","url":"https:\/\/www.pressenza.com\/es\/2024\/03\/gaza-israel-en-torno-al-veto-indefendible-de-estados-unidos-en-el-seno-del-consejo-de-seguridad\/","name":"Gaza \/ Israel: en torno al veto indefendible de Estados Unidos en el seno del Consejo de Seguridad","isPartOf":{"@id":"https:\/\/www.pressenza.com\/es\/#website"},"primaryImageOfPage":{"@id":"https:\/\/www.pressenza.com\/es\/2024\/03\/gaza-israel-en-torno-al-veto-indefendible-de-estados-unidos-en-el-seno-del-consejo-de-seguridad\/#primaryimage"},"image":{"@id":"https:\/\/www.pressenza.com\/es\/2024\/03\/gaza-israel-en-torno-al-veto-indefendible-de-estados-unidos-en-el-seno-del-consejo-de-seguridad\/#primaryimage"},"thumbnailUrl":"https:\/\/www.pressenza.com\/wp-content\/uploads\/2024\/03\/palestina.png","datePublished":"2024-03-03T19:48:36+00:00","description":"\"In just over four months in Gaza there have been more children, more journalists, more medical personnel, and more UN staff killed than anywhere in the","breadcrumb":{"@id":"https:\/\/www.pressenza.com\/es\/2024\/03\/gaza-israel-en-torno-al-veto-indefendible-de-estados-unidos-en-el-seno-del-consejo-de-seguridad\/#breadcrumb"},"inLanguage":"es","potentialAction":[{"@type":"ReadAction","target":["https:\/\/www.pressenza.com\/es\/2024\/03\/gaza-israel-en-torno-al-veto-indefendible-de-estados-unidos-en-el-seno-del-consejo-de-seguridad\/"]}]},{"@type":"ImageObject","inLanguage":"es","@id":"https:\/\/www.pressenza.com\/es\/2024\/03\/gaza-israel-en-torno-al-veto-indefendible-de-estados-unidos-en-el-seno-del-consejo-de-seguridad\/#primaryimage","url":"https:\/\/www.pressenza.com\/wp-content\/uploads\/2024\/03\/palestina.png","contentUrl":"https:\/\/www.pressenza.com\/wp-content\/uploads\/2024\/03\/palestina.png","width":950,"height":633},{"@type":"BreadcrumbList","@id":"https:\/\/www.pressenza.com\/es\/2024\/03\/gaza-israel-en-torno-al-veto-indefendible-de-estados-unidos-en-el-seno-del-consejo-de-seguridad\/#breadcrumb","itemListElement":[{"@type":"ListItem","position":1,"name":"Accueil","item":"https:\/\/www.pressenza.com\/es\/"},{"@type":"ListItem","position":2,"name":"Gaza \/ Israel: en torno al veto indefendible de Estados Unidos en el seno del Consejo de Seguridad"}]},{"@type":"WebSite","@id":"https:\/\/www.pressenza.com\/es\/#website","url":"https:\/\/www.pressenza.com\/es\/","name":"Pressenza","description":"International Press Agency","publisher":{"@id":"https:\/\/www.pressenza.com\/es\/#organization"},"potentialAction":[{"@type":"SearchAction","target":{"@type":"EntryPoint","urlTemplate":"https:\/\/www.pressenza.com\/es\/?s={search_term_string}"},"query-input":{"@type":"PropertyValueSpecification","valueRequired":true,"valueName":"search_term_string"}}],"inLanguage":"es"},{"@type":"Organization","@id":"https:\/\/www.pressenza.com\/es\/#organization","name":"Pressenza","url":"https:\/\/www.pressenza.com\/es\/","logo":{"@type":"ImageObject","inLanguage":"es","@id":"https:\/\/www.pressenza.com\/es\/#\/schema\/logo\/image\/","url":"https:\/\/www.pressenza.com\/wp-content\/uploads\/2022\/10\/pressenza_logo_200x200.jpg","contentUrl":"https:\/\/www.pressenza.com\/wp-content\/uploads\/2022\/10\/pressenza_logo_200x200.jpg","width":200,"height":200,"caption":"Pressenza"},"image":{"@id":"https:\/\/www.pressenza.com\/es\/#\/schema\/logo\/image\/"},"sameAs":["https:\/\/www.facebook.com\/PressenzaItalia","https:\/\/x.com\/PressenzaIPA"]},{"@type":"Person","@id":"https:\/\/www.pressenza.com\/es\/#\/schema\/person\/3166268d27b8b74a51a91eecd7b64f26","name":"Nicolas Boeglin","description":"Nicolas Boeglin, Professor of International Law, Law Faculty, University of Costa Rica (UCR). Contact : nboeglin@gmail.com","url":"https:\/\/www.pressenza.com\/es\/author\/nicolas-boeglin\/"}]}},"place":"Costa Rica","original_article_url":"https:\/\/derechointernacionalcr.blogspot.com\/2024\/02\/gaza-israel-tercer-veto-de-estados.html","_links":{"self":[{"href":"https:\/\/www.pressenza.com\/es\/wp-json\/wp\/v2\/posts\/1829509","targetHints":{"allow":["GET"]}}],"collection":[{"href":"https:\/\/www.pressenza.com\/es\/wp-json\/wp\/v2\/posts"}],"about":[{"href":"https:\/\/www.pressenza.com\/es\/wp-json\/wp\/v2\/types\/post"}],"author":[{"embeddable":true,"href":"https:\/\/www.pressenza.com\/es\/wp-json\/wp\/v2\/users\/1329"}],"replies":[{"embeddable":true,"href":"https:\/\/www.pressenza.com\/es\/wp-json\/wp\/v2\/comments?post=1829509"}],"version-history":[{"count":0,"href":"https:\/\/www.pressenza.com\/es\/wp-json\/wp\/v2\/posts\/1829509\/revisions"}],"wp:featuredmedia":[{"embeddable":true,"href":"https:\/\/www.pressenza.com\/es\/wp-json\/wp\/v2\/media\/1829511"}],"wp:attachment":[{"href":"https:\/\/www.pressenza.com\/es\/wp-json\/wp\/v2\/media?parent=1829509"}],"wp:term":[{"taxonomy":"category","embeddable":true,"href":"https:\/\/www.pressenza.com\/es\/wp-json\/wp\/v2\/categories?post=1829509"},{"taxonomy":"post_tag","embeddable":true,"href":"https:\/\/www.pressenza.com\/es\/wp-json\/wp\/v2\/tags?post=1829509"}],"curies":[{"name":"wp","href":"https:\/\/api.w.org\/{rel}","templated":true}]}}