{"id":1829504,"date":"2024-03-03T19:47:13","date_gmt":"2024-03-03T19:47:13","guid":{"rendered":"https:\/\/www.pressenza.com\/?p=1829504"},"modified":"2024-03-04T08:15:30","modified_gmt":"2024-03-04T08:15:30","slug":"situacion-actual-europa-rusia","status":"publish","type":"post","link":"https:\/\/www.pressenza.com\/es\/2024\/03\/situacion-actual-europa-rusia\/","title":{"rendered":"Situaci\u00f3n actual Europa-Rusia"},"content":{"rendered":"<article class=\"post-1695 post type-post status-publish format-standard has-post-thumbnail category-sin-categoria\">\r\n<div class=\"entry-box clearfix\">\r\n<div class=\"entry\">\r\n\r\nJavier Belda.-\r\n\r\nDos acontecimientos significativos han resonado con fuerza en todo el mundo. En lo referente a la batalla del relato entre OTAN y Rusia, la entrevista a Putin de Tucker Carlson ha supuesto un antes y un despu\u00e9s, tanto por los n\u00fameros como por su contenido. A d\u00eda de hoy cuenta con aproximadamente medio mill\u00f3n de visualizaciones, convirti\u00e9ndose en la entrevista m\u00e1s vista en toda la historia de Twitter (actualmente X). Respecto al contenido, fue tan erudito como incontestable. Putin no es por casualidad uno de los l\u00edderes mundiales m\u00e1s valorado por los analistas serios.\r\n\r\nOtro acontecimiento de gran relevancia ha sido el avance de Rusia en el campo de batalla frente a los enclaves del ej\u00e9rcito ucraniano en el sector de Avd\u00e9evka.\r\n\r\nEn realidad estos acontecimientos son el resultado de un trasfondo m\u00e1s amplio, que entrega conclusiones contundentes: 1, Rusia ha crecido econ\u00f3micamente con las sanciones, mientras que Europa ha entrado en recesi\u00f3n. 2, es evidente que Rusia no perder\u00e1 la guerra. 3, China se ha convertido en un aliado indudable de Rusia, lo cual es la garant\u00eda de que el belicismo y caos occidental no podr\u00e1 penetrar en el Lejano Oriente.\r\n\r\nNo importa la decena de a\u00f1os invertidos en preparar el escenario, promover el nazismo y el golpe de estado en Ucrania. No importa tampoco la cantidad de armamento y personal militar especializado de la OTAN, ni la guerra sucia a trav\u00e9s de atentados contra los civiles en \u0414\u043e\u043d\u0431\u0430\u0441\u0441 (Donbass), ni la censura que se ha impuesto a los medios de comunicaci\u00f3n rusos. Simplemente, tomen nota, occidente ha sido derrotado en todos sus frentes.\r\n\r\nUna situaci\u00f3n que est\u00e1 siendo indigerible para Europa. Durante la pasada semana se ha producido un contrataque verbal histri\u00f3nico por parte de los l\u00edderes europeos, que se sienten muy nerviosos, est\u00e1n incluso hablando del inicio de la 3\u00aa Guerra Mundial.\r\n\r\nEl mismo nerviosismo que ha llevado a la falta de control sobre la conversaci\u00f3n \u00absecreta\u00bb [1] del alto mando militar alem\u00e1n, revelando sus intenciones de perpetrar un ataque terrorista con misiles contra el puente de Crimea (el cual es una infraestructura civil). Esta conversaci\u00f3n entre los militares se llev\u00f3 a cabo a trav\u00e9s de la plataforma WebEx, relativamente f\u00e1cil para interceptar. Todo un rev\u00e9s de contraespionaje dif\u00edcil de digerir para Olaf Scholz, que calific\u00f3 el asunto como \u201cmuy serio\u201d.\r\n\r\nM\u00e1s all\u00e1 del nerviosismo, existe tambi\u00e9n una estrategia en Europa dirigida contra los propios ciudadanos europeos. Ah\u00ed se inscriben las declaraciones de Macron que dice que Rusia va a atacar diez pa\u00edses y la presidenta (no electa) de la Comisi\u00f3n Europea Ursula von der Leyen anunciando la Guerra Mundial a medio plazo en territorio de Europa.\r\n\r\nLo que hay detr\u00e1s de esto es que pretenden emitir bonos del tesoro de guerra para que lo compren las personas. Un pez que se muerde la cola, ya que estos eurobonos estar\u00e1n respaldados con la deuda de los impuestos de los europeos. Esto se traduce en un impuesto especial para financiar los planes de convertir a Europa en un cuartel terrorista de la OTAN, aunque ellos dir\u00e1n que se trata de un ej\u00e9rcito europeo (eso s\u00ed, al servicio de los amos del Pent\u00e1gono), con su polic\u00eda de inteligencia y todo un paquete de medidas de censura comunicacional, identificaci\u00f3n digital, euro digital, etc.\r\n\r\n<img loading=\"lazy\" decoding=\"async\" class=\"alignnone wp-image-1829512\" src=\"https:\/\/www.pressenza.com\/wp-content\/uploads\/2024\/03\/fr-300x184.jpg\" alt=\"\" width=\"830\" height=\"509\" srcset=\"https:\/\/www.pressenza.com\/wp-content\/uploads\/2024\/03\/fr-300x184.jpg 300w, https:\/\/www.pressenza.com\/wp-content\/uploads\/2024\/03\/fr-820x502.jpg 820w, https:\/\/www.pressenza.com\/wp-content\/uploads\/2024\/03\/fr.jpg 1365w\" sizes=\"auto, (max-width: 830px) 100vw, 830px\" \/>\r\n<figure class=\"wp-block-image size-large\"><\/figure>\r\n<p class=\"has-small-font-size\"><em>fotospublicas.com <\/em><\/p>\r\nEste escenario resultar\u00e1 catastr\u00f3fico para Europa, que quedar\u00e1 condenada a la dependencia energ\u00e9tica de EEUU, en sustituci\u00f3n de la energ\u00eda rusa, cercana, abundante y barata. Habr\u00e1 m\u00e1s recesi\u00f3n y descontento y protestas, frente a las que el sistema se aplicara con plena violencia.\r\n\r\n\u00bfQu\u00e9 siglas pol\u00edticas van a gestionar semejante desastre? No hay duda, solo puede crecer el nazismo, que ya ha sido infiltrado durante a\u00f1os, alcanzando importantes cotas de poder en toda Europa. Lo hemos dicho en m\u00e1s ocasiones, todo este asunto de la est\u00fapida Agenda 2030, entre otros objetivos, cumple la funci\u00f3n de degradar a la izquierda, que ha asumido esta agenda tramposa como algo deseable; eso s\u00ed, a cambio de suculentas partidas presupuestarias, cargos y prebendas, lo cual es algo t\u00edpico en la falsa izquierda. Pero que ser\u00e1 ef\u00edmero en el momento en que los ciudadanos manipulados, desinformados, confusos, empobrecidos den el pendulazo y voten por engendros pol\u00edticos como Zelenski\u200b o Javier Milei en Argentina. Lo de menos ser\u00e1 el payaso de turno que gobierne, el asunto es que lo har\u00e1 al servicio del nazismo; as\u00ed el r\u00e9gimen actual de Kiev ser\u00e1 el modelo para toda Europa.\r\n\r\n*Al nazismo se lo detecta por su ideolog\u00eda represiva, violenta, xen\u00f3foba, racista, ultra y derechista, lleve o no esv\u00e1sticas.\r\n\r\nFinalmente el jard\u00edn de Borrell ser\u00e1 convertido en un campo de concentraci\u00f3n preparado para que Black Rock se apodere de nuestros recursos y propiedad privada.\r\n\r\n\u00bfC\u00f3mo cerrar en positivo?\u2026 <em>umm.<\/em> Creen partidos pro-rusos y anti-OTAN en Europa.\r\n\r\nLo importante para nosotros es la cuesti\u00f3n humanista, que el movimiento humanista sea capaz de reconocer los procesos evolutivos en esta situaci\u00f3n mundial ca\u00f3tica y que los l\u00edderes mundiales reconozcan al humanismo como la utop\u00eda a alcanzar, lo cual ha sido manifestado a menudo por parte de Rusia y algunos l\u00edderes latinoamericanos. Lo hemos escuchado en voz de Cristina Fernandez, Petro, Lula, Rafael Correa, Evo Morales y otros.\r\n\r\nA nivel de medios de comunicaci\u00f3n y an\u00e1lisis, ya lo vemos m\u00e1s extendido por todo el mundo. Existe una corriente humanista no organizada.\r\n\r\nEs muy distinto un mundo ca\u00f3tico con horizonte humanista a un mundo ca\u00f3tico sin ning\u00fan horizonte.\r\n\r\nLo que le pedimos a Rusia no es que tenga l\u00edderes carism\u00e1ticos, tan solo que no sea un monstruo (como los que salen en la foto del art\u00edculo) y que tenga valores compatibles con la vida y el desarrollo de condiciones futuras.\r\n\r\nEste es \u00abnuestro relato\u00bb sobre el humanismo y sobre Rusia y la propaganda de guerra occidental-sionista-imperialista.\r\n\r\n&#8212;\r\n\r\n1: <a href=\"https:\/\/sputniknews.lat\/20240301\/transcripcion-entera-de-la-conversacion-entre-militares-alemanes-sobre-un-ataque-al-puente-de-1148654827.html\" target=\"_blank\" rel=\"noreferrer noopener\">https:\/\/sputniknews.lat\/20240301\/transcripcion-entera-de-la-conversacion-entre-militares-alemanes-sobre-un-ataque-al-puente-de-1148654827.html <\/a>\r\n\r\n<\/div>\r\n<\/div>\r\n<\/article><!-- \/wp:post-content -->","protected":false},"excerpt":{"rendered":"<p>Javier Belda.- Dos acontecimientos significativos han resonado con fuerza en todo el mundo. En lo referente a la batalla del relato entre OTAN y Rusia, la entrevista a Putin de Tucker Carlson ha supuesto un antes y un despu\u00e9s, tanto&hellip;<\/p>\n","protected":false},"author":2099,"featured_media":1829505,"comment_status":"closed","ping_status":"closed","sticky":false,"template":"","format":"standard","meta":{"footnotes":""},"categories":[81,66,39,161,1243,74],"tags":[70067,120596,25705,953,115734,14495,924,715,9533,120597,99706],"class_list":["post-1829504","post","type-post","status-publish","format-standard","has-post-thumbnail","hentry","category-economia-es","category-europa-es","category-internacional","category-opiniones","category-paz-desarme","category-politica-es","tag-black-rock-es","tag-borrell","tag-eeuu","tag-europa-es-2","tag-milei","tag-nazismo-es","tag-otan","tag-rusia","tag-ue-es","tag-ursula-es","tag-zelenski"],"yoast_head":"<!-- This site is optimized with the Yoast SEO plugin v27.1.1 - https:\/\/yoast.com\/product\/yoast-seo-wordpress\/ -->\n<title>Situaci\u00f3n actual Europa-Rusia<\/title>\n<meta name=\"description\" content=\"Javier Belda.- Dos acontecimientos significativos han resonado con fuerza en todo el mundo. En lo referente a la batalla del relato entre OTAN y Rusia, la\" \/>\n<meta name=\"robots\" content=\"index, follow, max-snippet:-1, max-image-preview:large, max-video-preview:-1\" \/>\n<link rel=\"canonical\" href=\"https:\/\/www.pressenza.com\/es\/2024\/03\/situacion-actual-europa-rusia\/\" \/>\n<meta property=\"og:locale\" content=\"es_ES\" \/>\n<meta property=\"og:type\" content=\"article\" \/>\n<meta property=\"og:title\" content=\"Situaci\u00f3n actual Europa-Rusia\" \/>\n<meta property=\"og:description\" content=\"Javier Belda.- Dos acontecimientos significativos han resonado con fuerza en todo el mundo. En lo referente a la batalla del relato entre OTAN y Rusia, la\" \/>\n<meta property=\"og:url\" content=\"https:\/\/www.pressenza.com\/es\/2024\/03\/situacion-actual-europa-rusia\/\" \/>\n<meta property=\"og:site_name\" content=\"Pressenza\" \/>\n<meta property=\"article:publisher\" content=\"https:\/\/www.facebook.com\/PressenzaItalia\" \/>\n<meta property=\"article:published_time\" content=\"2024-03-03T19:47:13+00:00\" \/>\n<meta property=\"article:modified_time\" content=\"2024-03-04T08:15:30+00:00\" \/>\n<meta property=\"og:image\" content=\"https:\/\/www.pressenza.com\/wp-content\/uploads\/2024\/03\/52913695233_d22fe80106_o.jpg\" \/>\n\t<meta property=\"og:image:width\" content=\"1920\" \/>\n\t<meta property=\"og:image:height\" content=\"1281\" \/>\n\t<meta property=\"og:image:type\" content=\"image\/jpeg\" \/>\n<meta name=\"author\" content=\"IHPS\" \/>\n<meta name=\"twitter:card\" content=\"summary_large_image\" \/>\n<meta name=\"twitter:creator\" content=\"@PressenzaIPA\" \/>\n<meta name=\"twitter:site\" content=\"@PressenzaIPA\" \/>\n<meta name=\"twitter:label1\" content=\"Escrito por\" \/>\n\t<meta name=\"twitter:data1\" content=\"IHPS\" \/>\n\t<meta name=\"twitter:label2\" content=\"Tiempo de lectura\" \/>\n\t<meta name=\"twitter:data2\" content=\"5 minutos\" \/>\n<script type=\"application\/ld+json\" class=\"yoast-schema-graph\">{\"@context\":\"https:\/\/schema.org\",\"@graph\":[{\"@type\":\"Article\",\"@id\":\"https:\/\/www.pressenza.com\/es\/2024\/03\/situacion-actual-europa-rusia\/#article\",\"isPartOf\":{\"@id\":\"https:\/\/www.pressenza.com\/es\/2024\/03\/situacion-actual-europa-rusia\/\"},\"author\":{\"name\":\"IHPS\",\"@id\":\"https:\/\/www.pressenza.com\/es\/#\/schema\/person\/d5ec6967bd81144e354045096ec84b6b\"},\"headline\":\"Situaci\u00f3n actual Europa-Rusia\",\"datePublished\":\"2024-03-03T19:47:13+00:00\",\"dateModified\":\"2024-03-04T08:15:30+00:00\",\"mainEntityOfPage\":{\"@id\":\"https:\/\/www.pressenza.com\/es\/2024\/03\/situacion-actual-europa-rusia\/\"},\"wordCount\":1039,\"publisher\":{\"@id\":\"https:\/\/www.pressenza.com\/es\/#organization\"},\"image\":{\"@id\":\"https:\/\/www.pressenza.com\/es\/2024\/03\/situacion-actual-europa-rusia\/#primaryimage\"},\"thumbnailUrl\":\"https:\/\/www.pressenza.com\/wp-content\/uploads\/2024\/03\/52913695233_d22fe80106_o.jpg\",\"keywords\":[\"Black Rock\",\"Borrell\",\"EEUU\",\"Europa\",\"Milei\",\"nazismo\",\"OTAN\",\"Rusia\",\"UE\",\"Ursula\",\"Zelenski\"],\"articleSection\":[\"Econom\u00eda\",\"Europa\",\"Internacional\",\"Opiniones\",\"Paz y Desarme\",\"Pol\u00edtica\"],\"inLanguage\":\"es\"},{\"@type\":\"WebPage\",\"@id\":\"https:\/\/www.pressenza.com\/es\/2024\/03\/situacion-actual-europa-rusia\/\",\"url\":\"https:\/\/www.pressenza.com\/es\/2024\/03\/situacion-actual-europa-rusia\/\",\"name\":\"Situaci\u00f3n actual Europa-Rusia\",\"isPartOf\":{\"@id\":\"https:\/\/www.pressenza.com\/es\/#website\"},\"primaryImageOfPage\":{\"@id\":\"https:\/\/www.pressenza.com\/es\/2024\/03\/situacion-actual-europa-rusia\/#primaryimage\"},\"image\":{\"@id\":\"https:\/\/www.pressenza.com\/es\/2024\/03\/situacion-actual-europa-rusia\/#primaryimage\"},\"thumbnailUrl\":\"https:\/\/www.pressenza.com\/wp-content\/uploads\/2024\/03\/52913695233_d22fe80106_o.jpg\",\"datePublished\":\"2024-03-03T19:47:13+00:00\",\"dateModified\":\"2024-03-04T08:15:30+00:00\",\"description\":\"Javier Belda.- Dos acontecimientos significativos han resonado con fuerza en todo el mundo. En lo referente a la batalla del relato entre OTAN y Rusia, la\",\"breadcrumb\":{\"@id\":\"https:\/\/www.pressenza.com\/es\/2024\/03\/situacion-actual-europa-rusia\/#breadcrumb\"},\"inLanguage\":\"es\",\"potentialAction\":[{\"@type\":\"ReadAction\",\"target\":[\"https:\/\/www.pressenza.com\/es\/2024\/03\/situacion-actual-europa-rusia\/\"]}]},{\"@type\":\"ImageObject\",\"inLanguage\":\"es\",\"@id\":\"https:\/\/www.pressenza.com\/es\/2024\/03\/situacion-actual-europa-rusia\/#primaryimage\",\"url\":\"https:\/\/www.pressenza.com\/wp-content\/uploads\/2024\/03\/52913695233_d22fe80106_o.jpg\",\"contentUrl\":\"https:\/\/www.pressenza.com\/wp-content\/uploads\/2024\/03\/52913695233_d22fe80106_o.jpg\",\"width\":1920,\"height\":1281},{\"@type\":\"BreadcrumbList\",\"@id\":\"https:\/\/www.pressenza.com\/es\/2024\/03\/situacion-actual-europa-rusia\/#breadcrumb\",\"itemListElement\":[{\"@type\":\"ListItem\",\"position\":1,\"name\":\"Accueil\",\"item\":\"https:\/\/www.pressenza.com\/es\/\"},{\"@type\":\"ListItem\",\"position\":2,\"name\":\"Situaci\u00f3n actual Europa-Rusia\"}]},{\"@type\":\"WebSite\",\"@id\":\"https:\/\/www.pressenza.com\/es\/#website\",\"url\":\"https:\/\/www.pressenza.com\/es\/\",\"name\":\"Pressenza\",\"description\":\"International Press Agency\",\"publisher\":{\"@id\":\"https:\/\/www.pressenza.com\/es\/#organization\"},\"potentialAction\":[{\"@type\":\"SearchAction\",\"target\":{\"@type\":\"EntryPoint\",\"urlTemplate\":\"https:\/\/www.pressenza.com\/es\/?s={search_term_string}\"},\"query-input\":{\"@type\":\"PropertyValueSpecification\",\"valueRequired\":true,\"valueName\":\"search_term_string\"}}],\"inLanguage\":\"es\"},{\"@type\":\"Organization\",\"@id\":\"https:\/\/www.pressenza.com\/es\/#organization\",\"name\":\"Pressenza\",\"url\":\"https:\/\/www.pressenza.com\/es\/\",\"logo\":{\"@type\":\"ImageObject\",\"inLanguage\":\"es\",\"@id\":\"https:\/\/www.pressenza.com\/es\/#\/schema\/logo\/image\/\",\"url\":\"https:\/\/www.pressenza.com\/wp-content\/uploads\/2022\/10\/pressenza_logo_200x200.jpg\",\"contentUrl\":\"https:\/\/www.pressenza.com\/wp-content\/uploads\/2022\/10\/pressenza_logo_200x200.jpg\",\"width\":200,\"height\":200,\"caption\":\"Pressenza\"},\"image\":{\"@id\":\"https:\/\/www.pressenza.com\/es\/#\/schema\/logo\/image\/\"},\"sameAs\":[\"https:\/\/www.facebook.com\/PressenzaItalia\",\"https:\/\/x.com\/PressenzaIPA\"]},{\"@type\":\"Person\",\"@id\":\"https:\/\/www.pressenza.com\/es\/#\/schema\/person\/d5ec6967bd81144e354045096ec84b6b\",\"name\":\"IHPS\",\"description\":\"Ver en Humanipedia: https:\/\/es.humanipedia.org TELEGRAM: https:\/\/t.me\/IHPSnuevosparadigmas\",\"url\":\"https:\/\/www.pressenza.com\/es\/author\/ihps\/\"}]}<\/script>\n<!-- \/ Yoast SEO plugin. -->","yoast_head_json":{"title":"Situaci\u00f3n actual Europa-Rusia","description":"Javier Belda.- Dos acontecimientos significativos han resonado con fuerza en todo el mundo. En lo referente a la batalla del relato entre OTAN y Rusia, la","robots":{"index":"index","follow":"follow","max-snippet":"max-snippet:-1","max-image-preview":"max-image-preview:large","max-video-preview":"max-video-preview:-1"},"canonical":"https:\/\/www.pressenza.com\/es\/2024\/03\/situacion-actual-europa-rusia\/","og_locale":"es_ES","og_type":"article","og_title":"Situaci\u00f3n actual Europa-Rusia","og_description":"Javier Belda.- Dos acontecimientos significativos han resonado con fuerza en todo el mundo. En lo referente a la batalla del relato entre OTAN y Rusia, la","og_url":"https:\/\/www.pressenza.com\/es\/2024\/03\/situacion-actual-europa-rusia\/","og_site_name":"Pressenza","article_publisher":"https:\/\/www.facebook.com\/PressenzaItalia","article_published_time":"2024-03-03T19:47:13+00:00","article_modified_time":"2024-03-04T08:15:30+00:00","og_image":[{"width":1920,"height":1281,"url":"https:\/\/www.pressenza.com\/wp-content\/uploads\/2024\/03\/52913695233_d22fe80106_o.jpg","type":"image\/jpeg"}],"author":"IHPS","twitter_card":"summary_large_image","twitter_creator":"@PressenzaIPA","twitter_site":"@PressenzaIPA","twitter_misc":{"Escrito por":"IHPS","Tiempo de lectura":"5 minutos"},"schema":{"@context":"https:\/\/schema.org","@graph":[{"@type":"Article","@id":"https:\/\/www.pressenza.com\/es\/2024\/03\/situacion-actual-europa-rusia\/#article","isPartOf":{"@id":"https:\/\/www.pressenza.com\/es\/2024\/03\/situacion-actual-europa-rusia\/"},"author":{"name":"IHPS","@id":"https:\/\/www.pressenza.com\/es\/#\/schema\/person\/d5ec6967bd81144e354045096ec84b6b"},"headline":"Situaci\u00f3n actual Europa-Rusia","datePublished":"2024-03-03T19:47:13+00:00","dateModified":"2024-03-04T08:15:30+00:00","mainEntityOfPage":{"@id":"https:\/\/www.pressenza.com\/es\/2024\/03\/situacion-actual-europa-rusia\/"},"wordCount":1039,"publisher":{"@id":"https:\/\/www.pressenza.com\/es\/#organization"},"image":{"@id":"https:\/\/www.pressenza.com\/es\/2024\/03\/situacion-actual-europa-rusia\/#primaryimage"},"thumbnailUrl":"https:\/\/www.pressenza.com\/wp-content\/uploads\/2024\/03\/52913695233_d22fe80106_o.jpg","keywords":["Black Rock","Borrell","EEUU","Europa","Milei","nazismo","OTAN","Rusia","UE","Ursula","Zelenski"],"articleSection":["Econom\u00eda","Europa","Internacional","Opiniones","Paz y Desarme","Pol\u00edtica"],"inLanguage":"es"},{"@type":"WebPage","@id":"https:\/\/www.pressenza.com\/es\/2024\/03\/situacion-actual-europa-rusia\/","url":"https:\/\/www.pressenza.com\/es\/2024\/03\/situacion-actual-europa-rusia\/","name":"Situaci\u00f3n actual Europa-Rusia","isPartOf":{"@id":"https:\/\/www.pressenza.com\/es\/#website"},"primaryImageOfPage":{"@id":"https:\/\/www.pressenza.com\/es\/2024\/03\/situacion-actual-europa-rusia\/#primaryimage"},"image":{"@id":"https:\/\/www.pressenza.com\/es\/2024\/03\/situacion-actual-europa-rusia\/#primaryimage"},"thumbnailUrl":"https:\/\/www.pressenza.com\/wp-content\/uploads\/2024\/03\/52913695233_d22fe80106_o.jpg","datePublished":"2024-03-03T19:47:13+00:00","dateModified":"2024-03-04T08:15:30+00:00","description":"Javier Belda.- Dos acontecimientos significativos han resonado con fuerza en todo el mundo. En lo referente a la batalla del relato entre OTAN y Rusia, la","breadcrumb":{"@id":"https:\/\/www.pressenza.com\/es\/2024\/03\/situacion-actual-europa-rusia\/#breadcrumb"},"inLanguage":"es","potentialAction":[{"@type":"ReadAction","target":["https:\/\/www.pressenza.com\/es\/2024\/03\/situacion-actual-europa-rusia\/"]}]},{"@type":"ImageObject","inLanguage":"es","@id":"https:\/\/www.pressenza.com\/es\/2024\/03\/situacion-actual-europa-rusia\/#primaryimage","url":"https:\/\/www.pressenza.com\/wp-content\/uploads\/2024\/03\/52913695233_d22fe80106_o.jpg","contentUrl":"https:\/\/www.pressenza.com\/wp-content\/uploads\/2024\/03\/52913695233_d22fe80106_o.jpg","width":1920,"height":1281},{"@type":"BreadcrumbList","@id":"https:\/\/www.pressenza.com\/es\/2024\/03\/situacion-actual-europa-rusia\/#breadcrumb","itemListElement":[{"@type":"ListItem","position":1,"name":"Accueil","item":"https:\/\/www.pressenza.com\/es\/"},{"@type":"ListItem","position":2,"name":"Situaci\u00f3n actual Europa-Rusia"}]},{"@type":"WebSite","@id":"https:\/\/www.pressenza.com\/es\/#website","url":"https:\/\/www.pressenza.com\/es\/","name":"Pressenza","description":"International Press Agency","publisher":{"@id":"https:\/\/www.pressenza.com\/es\/#organization"},"potentialAction":[{"@type":"SearchAction","target":{"@type":"EntryPoint","urlTemplate":"https:\/\/www.pressenza.com\/es\/?s={search_term_string}"},"query-input":{"@type":"PropertyValueSpecification","valueRequired":true,"valueName":"search_term_string"}}],"inLanguage":"es"},{"@type":"Organization","@id":"https:\/\/www.pressenza.com\/es\/#organization","name":"Pressenza","url":"https:\/\/www.pressenza.com\/es\/","logo":{"@type":"ImageObject","inLanguage":"es","@id":"https:\/\/www.pressenza.com\/es\/#\/schema\/logo\/image\/","url":"https:\/\/www.pressenza.com\/wp-content\/uploads\/2022\/10\/pressenza_logo_200x200.jpg","contentUrl":"https:\/\/www.pressenza.com\/wp-content\/uploads\/2022\/10\/pressenza_logo_200x200.jpg","width":200,"height":200,"caption":"Pressenza"},"image":{"@id":"https:\/\/www.pressenza.com\/es\/#\/schema\/logo\/image\/"},"sameAs":["https:\/\/www.facebook.com\/PressenzaItalia","https:\/\/x.com\/PressenzaIPA"]},{"@type":"Person","@id":"https:\/\/www.pressenza.com\/es\/#\/schema\/person\/d5ec6967bd81144e354045096ec84b6b","name":"IHPS","description":"Ver en Humanipedia: https:\/\/es.humanipedia.org TELEGRAM: https:\/\/t.me\/IHPSnuevosparadigmas","url":"https:\/\/www.pressenza.com\/es\/author\/ihps\/"}]}},"place":"Espa\u00f1a","original_article_url":"https:\/\/www.institutohps.org\/2024\/03\/03\/situacion-actual-europa-rusia\/","_links":{"self":[{"href":"https:\/\/www.pressenza.com\/es\/wp-json\/wp\/v2\/posts\/1829504","targetHints":{"allow":["GET"]}}],"collection":[{"href":"https:\/\/www.pressenza.com\/es\/wp-json\/wp\/v2\/posts"}],"about":[{"href":"https:\/\/www.pressenza.com\/es\/wp-json\/wp\/v2\/types\/post"}],"author":[{"embeddable":true,"href":"https:\/\/www.pressenza.com\/es\/wp-json\/wp\/v2\/users\/2099"}],"replies":[{"embeddable":true,"href":"https:\/\/www.pressenza.com\/es\/wp-json\/wp\/v2\/comments?post=1829504"}],"version-history":[{"count":0,"href":"https:\/\/www.pressenza.com\/es\/wp-json\/wp\/v2\/posts\/1829504\/revisions"}],"wp:featuredmedia":[{"embeddable":true,"href":"https:\/\/www.pressenza.com\/es\/wp-json\/wp\/v2\/media\/1829505"}],"wp:attachment":[{"href":"https:\/\/www.pressenza.com\/es\/wp-json\/wp\/v2\/media?parent=1829504"}],"wp:term":[{"taxonomy":"category","embeddable":true,"href":"https:\/\/www.pressenza.com\/es\/wp-json\/wp\/v2\/categories?post=1829504"},{"taxonomy":"post_tag","embeddable":true,"href":"https:\/\/www.pressenza.com\/es\/wp-json\/wp\/v2\/tags?post=1829504"}],"curies":[{"name":"wp","href":"https:\/\/api.w.org\/{rel}","templated":true}]}}