{"id":182847,"date":"2015-05-06T00:07:42","date_gmt":"2015-05-05T23:07:42","guid":{"rendered":"http:\/\/www.pressenza.com\/?p=182847"},"modified":"2015-05-06T11:58:03","modified_gmt":"2015-05-06T10:58:03","slug":"la-eurocaravana-43-de-ayotzinapa-paso-por-paris","status":"publish","type":"post","link":"https:\/\/www.pressenza.com\/es\/2015\/05\/la-eurocaravana-43-de-ayotzinapa-paso-por-paris\/","title":{"rendered":"La #EuroCaravana43 de Ayotzinapa pas\u00f3 por Par\u00eds"},"content":{"rendered":"<p><em>La Eurocaravana 43 que recorrer\u00e1 13 pa\u00edses en Europa, pas\u00f3 por Par\u00eds el pasado 3 y 4 de mayo. La delegaci\u00f3n formada por un estudiante de la Normal Rural Isidro Burgos de Ayotzinapa, el padre de uno de los 43 estudiantes de Ayotzinapa desaparecidos en Iguala el pasado 26 de septiembre y un miembro de la organizaci\u00f3n de derechos humanos, Tlalchinollan, particip\u00f3 en las diversas actividades que se realizaren los dos d\u00edas.<\/em><\/p>\n<p><strong><em>Por Georgina Moreno Coello, historiadora<\/em><\/strong><\/p>\n<p>En ellas los miembros de de la Eurocaravana 43 denunciaron lo que la desaparici\u00f3n de los 43 estudiantes de Ayotzinapa puso en evidencia: la incapacidad del Estado para garantizar los derechos humanos cuya violaci\u00f3n se ha vuelto generalizada en M\u00e9xico, as\u00ed como la incompetencia de ese Estado para realizar de manera incontestable investigaciones cient\u00edficas que garanticen el derecho a la verdad y el acceso a la justicia.<\/p>\n<p>Por ello, se\u00f1alaron, los padres de familia han tenido que recurrir a un grupo de antrop\u00f3logos forenses argentinos que han llevado a cabo los trabajos referentes a la identificaci\u00f3n cient\u00edfica de los hipot\u00e9ticos cuerpos de los j\u00f3venes desaparecidos y tambi\u00e9n la intervenci\u00f3n de un grupo de expertos de la Comisi\u00f3n Interamericana de Derechos Humanos.<\/p>\n<p>Los trabajos de esos dos grupos han permitido cuestionar la versi\u00f3n oficial que sostiene que los j\u00f3venes fueron incinerados en un basurero por miembros del crimen organizado. A pesar de que los trabajos de la CIDH deben finalizar hasta el mes de septiembre, ya han avanzado algunas recomendaciones entre las que se encuentra la necesidad de abordar el caso de los 43 estudiantes desde una perspectiva tipificada de desaparici\u00f3n forzada.<\/p>\n<p>Por ello, se\u00f1alaron que la exigencia de la presentaci\u00f3n con vida de los 43 estudiantes sigue siendo de actualidad, pues la desaparici\u00f3n forzada de los 43 estudiantes es solo la punta del iceberg de las miles de v\u00edctimas de desaparici\u00f3n forzada, a las que se suman m\u00e1s de ciento cincuenta mil personas asesinadas en M\u00e9xico durante los \u00faltimos a\u00f1os, todas ellas producto de la impunidad de la que gozan polic\u00edas municipales, federales y el ej\u00e9rcito en M\u00e9xico y que recuerdan lo m\u00e1s cruel e inhumano de la \u00e9poca de las dictaduras militares en algunos pa\u00edses de Sudam\u00e9rica.<br \/>\nSe\u00f1alaron que uno de los objetivos de la Eurocaravana 43 era difundir los hechos del 26 de septiembre del 2014, para luchar contra el olvido y la resignaci\u00f3n en la situaci\u00f3n inaceptable que vive Guerrero y el pa\u00eds y denunciar el clima de represi\u00f3n contra el movimiento de Ayotzinapa que se ha ido instalando desde que el gobierno mexicano declar\u00f3 cerrado el caso con la versi\u00f3n seg\u00fan la cual los j\u00f3venes murieron incinerados en el basurero de Cocula.<\/p>\n<p>Asimismo indicaron que buscaban articular la lucha de Ayotzinapa con los procesos de organizaci\u00f3n social existentes, intentando desarrollar amplias bases de apoyo y una red de solidaridad que permita y ayude a visibilizar, ante la opini\u00f3n p\u00fablica internacional, la violaci\u00f3n generalizada de los derechos humanos en M\u00e9xico, que ha cobrado tant\u00edsimas victimas y mantener la presi\u00f3n sobre el gobierno mexicano para recordarle en toda ocasi\u00f3n que siguen faltando 43, mas los 23 mil desaparecidos y los m\u00e1s de 150 mil personas asesinadas desde 2006.<\/p>\n<p>De la misma manera demandan que se agite la conciencia de los ciudadanos en los diversos pa\u00edses de la comunidad internacional que han visitado, para que presionen a sus gobiernos a fin de que estos cobren consciencia de la complicidad en la que incurren al mantener relaciones diplom\u00e1ticas y comerciales con el gobierno mexicano, sin exigir antes el respeto irrestricto de los derechos humanos en M\u00e9xico.<br \/>\nAdvirtieron adem\u00e1s la necesidad de apoyarse en la comunidad internacional para construir garant\u00edas reales de no repetici\u00f3n de los hechos que han estado denunciando en la Eurocaravana 43, dado que es imposible confiar en las instituciones mexicanas que han sido las causantes de los cr\u00edmenes que se denuncian, sobre todo en un contexto de creciente militarizaci\u00f3n de M\u00e9xico.<\/p>\n<p>La Eurocaravana43 que ya hab\u00eda recorrido varios pa\u00edses de Europa del Norte y que lleg\u00f3 a Par\u00eds, proveniente de Z\u00fcrich, se dirigir\u00eda enseguida a Espa\u00f1a, donde visitar\u00eda Zaragoza, Madrid y Barcelona. A mediados del mes de mayo iniciar\u00e1 igualmente otra caravana que recorrer\u00e1 algunas ciudades de Brasil, Uruguay y Argentina.<\/p>\n","protected":false},"excerpt":{"rendered":"<p>La Eurocaravana 43 que recorrer\u00e1 13 pa\u00edses en Europa, pas\u00f3 por Par\u00eds el pasado 3 y 4 de mayo. La delegaci\u00f3n formada por un estudiante de la Normal Rural Isidro Burgos de Ayotzinapa, el padre de uno de los 43&hellip;<\/p>\n","protected":false},"author":926,"featured_media":182848,"comment_status":"closed","ping_status":"open","sticky":false,"template":"","format":"standard","meta":{"footnotes":""},"categories":[11389,79,66],"tags":[15110,441,13186,1321,394,702,17342,397,729],"class_list":["post-182847","post","type-post","status-publish","format-standard","has-post-thumbnail","hentry","category-contenido-original","category-derechos-humanos","category-europa-es","tag-43-ayotzinapa","tag-derechos-humanos","tag-impunidad","tag-mexico","tag-protestas-sociales","tag-represion","tag-ruralistas","tag-violencia-estatal","tag-violencia-policial"],"yoast_head":"<!-- This site is optimized with the Yoast SEO plugin v27.1.1 - https:\/\/yoast.com\/product\/yoast-seo-wordpress\/ -->\n<title>La #EuroCaravana43 de Ayotzinapa pas\u00f3 por Par\u00eds<\/title>\n<meta name=\"description\" content=\"La Eurocaravana 43 que recorrer\u00e1 13 pa\u00edses en Europa, pas\u00f3 por Par\u00eds el pasado 3 y 4 de mayo. La delegaci\u00f3n formada por un estudiante de la Normal Rural\" \/>\n<meta name=\"robots\" content=\"index, follow, max-snippet:-1, max-image-preview:large, max-video-preview:-1\" \/>\n<link rel=\"canonical\" href=\"https:\/\/www.pressenza.com\/es\/2015\/05\/la-eurocaravana-43-de-ayotzinapa-paso-por-paris\/\" \/>\n<meta property=\"og:locale\" content=\"es_ES\" \/>\n<meta property=\"og:type\" content=\"article\" \/>\n<meta property=\"og:title\" content=\"La #EuroCaravana43 de Ayotzinapa pas\u00f3 por Par\u00eds\" \/>\n<meta property=\"og:description\" content=\"La Eurocaravana 43 que recorrer\u00e1 13 pa\u00edses en Europa, pas\u00f3 por Par\u00eds el pasado 3 y 4 de mayo. La delegaci\u00f3n formada por un estudiante de la Normal Rural\" \/>\n<meta property=\"og:url\" content=\"https:\/\/www.pressenza.com\/es\/2015\/05\/la-eurocaravana-43-de-ayotzinapa-paso-por-paris\/\" \/>\n<meta property=\"og:site_name\" content=\"Pressenza\" \/>\n<meta property=\"article:publisher\" content=\"https:\/\/www.facebook.com\/PressenzaItalia\" \/>\n<meta property=\"article:published_time\" content=\"2015-05-05T23:07:42+00:00\" \/>\n<meta property=\"article:modified_time\" content=\"2015-05-06T10:58:03+00:00\" \/>\n<meta property=\"og:image\" content=\"https:\/\/www.pressenza.com\/wp-content\/uploads\/2015\/05\/15196956754_acc93e25fc_z.jpg\" \/>\n\t<meta property=\"og:image:width\" content=\"640\" \/>\n\t<meta property=\"og:image:height\" content=\"427\" \/>\n\t<meta property=\"og:image:type\" content=\"image\/jpeg\" \/>\n<meta name=\"author\" content=\"R\u00e9daction France\" \/>\n<meta name=\"twitter:card\" content=\"summary_large_image\" \/>\n<meta name=\"twitter:creator\" content=\"@PressenzaIPA\" \/>\n<meta name=\"twitter:site\" content=\"@PressenzaIPA\" \/>\n<meta name=\"twitter:label1\" content=\"Escrito por\" \/>\n\t<meta name=\"twitter:data1\" content=\"R\u00e9daction France\" \/>\n\t<meta name=\"twitter:label2\" content=\"Tiempo de lectura\" \/>\n\t<meta name=\"twitter:data2\" content=\"4 minutos\" \/>\n<script type=\"application\/ld+json\" class=\"yoast-schema-graph\">{\"@context\":\"https:\/\/schema.org\",\"@graph\":[{\"@type\":\"Article\",\"@id\":\"https:\/\/www.pressenza.com\/es\/2015\/05\/la-eurocaravana-43-de-ayotzinapa-paso-por-paris\/#article\",\"isPartOf\":{\"@id\":\"https:\/\/www.pressenza.com\/es\/2015\/05\/la-eurocaravana-43-de-ayotzinapa-paso-por-paris\/\"},\"author\":{\"name\":\"R\u00e9daction France\",\"@id\":\"https:\/\/www.pressenza.com\/es\/#\/schema\/person\/3c9fe6670cc2cffbd37562f87b98e869\"},\"headline\":\"La #EuroCaravana43 de Ayotzinapa pas\u00f3 por Par\u00eds\",\"datePublished\":\"2015-05-05T23:07:42+00:00\",\"dateModified\":\"2015-05-06T10:58:03+00:00\",\"mainEntityOfPage\":{\"@id\":\"https:\/\/www.pressenza.com\/es\/2015\/05\/la-eurocaravana-43-de-ayotzinapa-paso-por-paris\/\"},\"wordCount\":758,\"publisher\":{\"@id\":\"https:\/\/www.pressenza.com\/es\/#organization\"},\"image\":{\"@id\":\"https:\/\/www.pressenza.com\/es\/2015\/05\/la-eurocaravana-43-de-ayotzinapa-paso-por-paris\/#primaryimage\"},\"thumbnailUrl\":\"https:\/\/www.pressenza.com\/wp-content\/uploads\/2015\/05\/15196956754_acc93e25fc_z.jpg\",\"keywords\":[\"43 Ayotzinapa\",\"Derechos humanos\",\"Impunidad\",\"M\u00e9xico\",\"protestas sociales\",\"represi\u00f3n\",\"Ruralistas\",\"Violencia estatal\",\"Violencia policial\"],\"articleSection\":[\"Contenido Original\",\"Derechos Humanos\",\"Europa\"],\"inLanguage\":\"es\"},{\"@type\":\"WebPage\",\"@id\":\"https:\/\/www.pressenza.com\/es\/2015\/05\/la-eurocaravana-43-de-ayotzinapa-paso-por-paris\/\",\"url\":\"https:\/\/www.pressenza.com\/es\/2015\/05\/la-eurocaravana-43-de-ayotzinapa-paso-por-paris\/\",\"name\":\"La #EuroCaravana43 de Ayotzinapa pas\u00f3 por Par\u00eds\",\"isPartOf\":{\"@id\":\"https:\/\/www.pressenza.com\/es\/#website\"},\"primaryImageOfPage\":{\"@id\":\"https:\/\/www.pressenza.com\/es\/2015\/05\/la-eurocaravana-43-de-ayotzinapa-paso-por-paris\/#primaryimage\"},\"image\":{\"@id\":\"https:\/\/www.pressenza.com\/es\/2015\/05\/la-eurocaravana-43-de-ayotzinapa-paso-por-paris\/#primaryimage\"},\"thumbnailUrl\":\"https:\/\/www.pressenza.com\/wp-content\/uploads\/2015\/05\/15196956754_acc93e25fc_z.jpg\",\"datePublished\":\"2015-05-05T23:07:42+00:00\",\"dateModified\":\"2015-05-06T10:58:03+00:00\",\"description\":\"La Eurocaravana 43 que recorrer\u00e1 13 pa\u00edses en Europa, pas\u00f3 por Par\u00eds el pasado 3 y 4 de mayo. La delegaci\u00f3n formada por un estudiante de la Normal Rural\",\"breadcrumb\":{\"@id\":\"https:\/\/www.pressenza.com\/es\/2015\/05\/la-eurocaravana-43-de-ayotzinapa-paso-por-paris\/#breadcrumb\"},\"inLanguage\":\"es\",\"potentialAction\":[{\"@type\":\"ReadAction\",\"target\":[\"https:\/\/www.pressenza.com\/es\/2015\/05\/la-eurocaravana-43-de-ayotzinapa-paso-por-paris\/\"]}]},{\"@type\":\"ImageObject\",\"inLanguage\":\"es\",\"@id\":\"https:\/\/www.pressenza.com\/es\/2015\/05\/la-eurocaravana-43-de-ayotzinapa-paso-por-paris\/#primaryimage\",\"url\":\"https:\/\/www.pressenza.com\/wp-content\/uploads\/2015\/05\/15196956754_acc93e25fc_z.jpg\",\"contentUrl\":\"https:\/\/www.pressenza.com\/wp-content\/uploads\/2015\/05\/15196956754_acc93e25fc_z.jpg\",\"width\":640,\"height\":427},{\"@type\":\"BreadcrumbList\",\"@id\":\"https:\/\/www.pressenza.com\/es\/2015\/05\/la-eurocaravana-43-de-ayotzinapa-paso-por-paris\/#breadcrumb\",\"itemListElement\":[{\"@type\":\"ListItem\",\"position\":1,\"name\":\"Accueil\",\"item\":\"https:\/\/www.pressenza.com\/es\/\"},{\"@type\":\"ListItem\",\"position\":2,\"name\":\"La #EuroCaravana43 de Ayotzinapa pas\u00f3 por Par\u00eds\"}]},{\"@type\":\"WebSite\",\"@id\":\"https:\/\/www.pressenza.com\/es\/#website\",\"url\":\"https:\/\/www.pressenza.com\/es\/\",\"name\":\"Pressenza\",\"description\":\"International Press Agency\",\"publisher\":{\"@id\":\"https:\/\/www.pressenza.com\/es\/#organization\"},\"potentialAction\":[{\"@type\":\"SearchAction\",\"target\":{\"@type\":\"EntryPoint\",\"urlTemplate\":\"https:\/\/www.pressenza.com\/es\/?s={search_term_string}\"},\"query-input\":{\"@type\":\"PropertyValueSpecification\",\"valueRequired\":true,\"valueName\":\"search_term_string\"}}],\"inLanguage\":\"es\"},{\"@type\":\"Organization\",\"@id\":\"https:\/\/www.pressenza.com\/es\/#organization\",\"name\":\"Pressenza\",\"url\":\"https:\/\/www.pressenza.com\/es\/\",\"logo\":{\"@type\":\"ImageObject\",\"inLanguage\":\"es\",\"@id\":\"https:\/\/www.pressenza.com\/es\/#\/schema\/logo\/image\/\",\"url\":\"https:\/\/www.pressenza.com\/wp-content\/uploads\/2022\/10\/pressenza_logo_200x200.jpg\",\"contentUrl\":\"https:\/\/www.pressenza.com\/wp-content\/uploads\/2022\/10\/pressenza_logo_200x200.jpg\",\"width\":200,\"height\":200,\"caption\":\"Pressenza\"},\"image\":{\"@id\":\"https:\/\/www.pressenza.com\/es\/#\/schema\/logo\/image\/\"},\"sameAs\":[\"https:\/\/www.facebook.com\/PressenzaItalia\",\"https:\/\/x.com\/PressenzaIPA\"]},{\"@type\":\"Person\",\"@id\":\"https:\/\/www.pressenza.com\/es\/#\/schema\/person\/3c9fe6670cc2cffbd37562f87b98e869\",\"name\":\"R\u00e9daction France\",\"description\":\"News published by the Pressenza bureau in France\",\"sameAs\":[\"http:\/\/www.pressenza.com\/fr\"],\"url\":\"https:\/\/www.pressenza.com\/es\/author\/redactionfrance\/\"}]}<\/script>\n<!-- \/ Yoast SEO plugin. -->","yoast_head_json":{"title":"La #EuroCaravana43 de Ayotzinapa pas\u00f3 por Par\u00eds","description":"La Eurocaravana 43 que recorrer\u00e1 13 pa\u00edses en Europa, pas\u00f3 por Par\u00eds el pasado 3 y 4 de mayo. La delegaci\u00f3n formada por un estudiante de la Normal Rural","robots":{"index":"index","follow":"follow","max-snippet":"max-snippet:-1","max-image-preview":"max-image-preview:large","max-video-preview":"max-video-preview:-1"},"canonical":"https:\/\/www.pressenza.com\/es\/2015\/05\/la-eurocaravana-43-de-ayotzinapa-paso-por-paris\/","og_locale":"es_ES","og_type":"article","og_title":"La #EuroCaravana43 de Ayotzinapa pas\u00f3 por Par\u00eds","og_description":"La Eurocaravana 43 que recorrer\u00e1 13 pa\u00edses en Europa, pas\u00f3 por Par\u00eds el pasado 3 y 4 de mayo. La delegaci\u00f3n formada por un estudiante de la Normal Rural","og_url":"https:\/\/www.pressenza.com\/es\/2015\/05\/la-eurocaravana-43-de-ayotzinapa-paso-por-paris\/","og_site_name":"Pressenza","article_publisher":"https:\/\/www.facebook.com\/PressenzaItalia","article_published_time":"2015-05-05T23:07:42+00:00","article_modified_time":"2015-05-06T10:58:03+00:00","og_image":[{"width":640,"height":427,"url":"https:\/\/www.pressenza.com\/wp-content\/uploads\/2015\/05\/15196956754_acc93e25fc_z.jpg","type":"image\/jpeg"}],"author":"R\u00e9daction France","twitter_card":"summary_large_image","twitter_creator":"@PressenzaIPA","twitter_site":"@PressenzaIPA","twitter_misc":{"Escrito por":"R\u00e9daction France","Tiempo de lectura":"4 minutos"},"schema":{"@context":"https:\/\/schema.org","@graph":[{"@type":"Article","@id":"https:\/\/www.pressenza.com\/es\/2015\/05\/la-eurocaravana-43-de-ayotzinapa-paso-por-paris\/#article","isPartOf":{"@id":"https:\/\/www.pressenza.com\/es\/2015\/05\/la-eurocaravana-43-de-ayotzinapa-paso-por-paris\/"},"author":{"name":"R\u00e9daction France","@id":"https:\/\/www.pressenza.com\/es\/#\/schema\/person\/3c9fe6670cc2cffbd37562f87b98e869"},"headline":"La #EuroCaravana43 de Ayotzinapa pas\u00f3 por Par\u00eds","datePublished":"2015-05-05T23:07:42+00:00","dateModified":"2015-05-06T10:58:03+00:00","mainEntityOfPage":{"@id":"https:\/\/www.pressenza.com\/es\/2015\/05\/la-eurocaravana-43-de-ayotzinapa-paso-por-paris\/"},"wordCount":758,"publisher":{"@id":"https:\/\/www.pressenza.com\/es\/#organization"},"image":{"@id":"https:\/\/www.pressenza.com\/es\/2015\/05\/la-eurocaravana-43-de-ayotzinapa-paso-por-paris\/#primaryimage"},"thumbnailUrl":"https:\/\/www.pressenza.com\/wp-content\/uploads\/2015\/05\/15196956754_acc93e25fc_z.jpg","keywords":["43 Ayotzinapa","Derechos humanos","Impunidad","M\u00e9xico","protestas sociales","represi\u00f3n","Ruralistas","Violencia estatal","Violencia policial"],"articleSection":["Contenido Original","Derechos Humanos","Europa"],"inLanguage":"es"},{"@type":"WebPage","@id":"https:\/\/www.pressenza.com\/es\/2015\/05\/la-eurocaravana-43-de-ayotzinapa-paso-por-paris\/","url":"https:\/\/www.pressenza.com\/es\/2015\/05\/la-eurocaravana-43-de-ayotzinapa-paso-por-paris\/","name":"La #EuroCaravana43 de Ayotzinapa pas\u00f3 por Par\u00eds","isPartOf":{"@id":"https:\/\/www.pressenza.com\/es\/#website"},"primaryImageOfPage":{"@id":"https:\/\/www.pressenza.com\/es\/2015\/05\/la-eurocaravana-43-de-ayotzinapa-paso-por-paris\/#primaryimage"},"image":{"@id":"https:\/\/www.pressenza.com\/es\/2015\/05\/la-eurocaravana-43-de-ayotzinapa-paso-por-paris\/#primaryimage"},"thumbnailUrl":"https:\/\/www.pressenza.com\/wp-content\/uploads\/2015\/05\/15196956754_acc93e25fc_z.jpg","datePublished":"2015-05-05T23:07:42+00:00","dateModified":"2015-05-06T10:58:03+00:00","description":"La Eurocaravana 43 que recorrer\u00e1 13 pa\u00edses en Europa, pas\u00f3 por Par\u00eds el pasado 3 y 4 de mayo. La delegaci\u00f3n formada por un estudiante de la Normal Rural","breadcrumb":{"@id":"https:\/\/www.pressenza.com\/es\/2015\/05\/la-eurocaravana-43-de-ayotzinapa-paso-por-paris\/#breadcrumb"},"inLanguage":"es","potentialAction":[{"@type":"ReadAction","target":["https:\/\/www.pressenza.com\/es\/2015\/05\/la-eurocaravana-43-de-ayotzinapa-paso-por-paris\/"]}]},{"@type":"ImageObject","inLanguage":"es","@id":"https:\/\/www.pressenza.com\/es\/2015\/05\/la-eurocaravana-43-de-ayotzinapa-paso-por-paris\/#primaryimage","url":"https:\/\/www.pressenza.com\/wp-content\/uploads\/2015\/05\/15196956754_acc93e25fc_z.jpg","contentUrl":"https:\/\/www.pressenza.com\/wp-content\/uploads\/2015\/05\/15196956754_acc93e25fc_z.jpg","width":640,"height":427},{"@type":"BreadcrumbList","@id":"https:\/\/www.pressenza.com\/es\/2015\/05\/la-eurocaravana-43-de-ayotzinapa-paso-por-paris\/#breadcrumb","itemListElement":[{"@type":"ListItem","position":1,"name":"Accueil","item":"https:\/\/www.pressenza.com\/es\/"},{"@type":"ListItem","position":2,"name":"La #EuroCaravana43 de Ayotzinapa pas\u00f3 por Par\u00eds"}]},{"@type":"WebSite","@id":"https:\/\/www.pressenza.com\/es\/#website","url":"https:\/\/www.pressenza.com\/es\/","name":"Pressenza","description":"International Press Agency","publisher":{"@id":"https:\/\/www.pressenza.com\/es\/#organization"},"potentialAction":[{"@type":"SearchAction","target":{"@type":"EntryPoint","urlTemplate":"https:\/\/www.pressenza.com\/es\/?s={search_term_string}"},"query-input":{"@type":"PropertyValueSpecification","valueRequired":true,"valueName":"search_term_string"}}],"inLanguage":"es"},{"@type":"Organization","@id":"https:\/\/www.pressenza.com\/es\/#organization","name":"Pressenza","url":"https:\/\/www.pressenza.com\/es\/","logo":{"@type":"ImageObject","inLanguage":"es","@id":"https:\/\/www.pressenza.com\/es\/#\/schema\/logo\/image\/","url":"https:\/\/www.pressenza.com\/wp-content\/uploads\/2022\/10\/pressenza_logo_200x200.jpg","contentUrl":"https:\/\/www.pressenza.com\/wp-content\/uploads\/2022\/10\/pressenza_logo_200x200.jpg","width":200,"height":200,"caption":"Pressenza"},"image":{"@id":"https:\/\/www.pressenza.com\/es\/#\/schema\/logo\/image\/"},"sameAs":["https:\/\/www.facebook.com\/PressenzaItalia","https:\/\/x.com\/PressenzaIPA"]},{"@type":"Person","@id":"https:\/\/www.pressenza.com\/es\/#\/schema\/person\/3c9fe6670cc2cffbd37562f87b98e869","name":"R\u00e9daction France","description":"News published by the Pressenza bureau in France","sameAs":["http:\/\/www.pressenza.com\/fr"],"url":"https:\/\/www.pressenza.com\/es\/author\/redactionfrance\/"}]}},"place":"Par\u00eds","original_article_url":"","_links":{"self":[{"href":"https:\/\/www.pressenza.com\/es\/wp-json\/wp\/v2\/posts\/182847","targetHints":{"allow":["GET"]}}],"collection":[{"href":"https:\/\/www.pressenza.com\/es\/wp-json\/wp\/v2\/posts"}],"about":[{"href":"https:\/\/www.pressenza.com\/es\/wp-json\/wp\/v2\/types\/post"}],"author":[{"embeddable":true,"href":"https:\/\/www.pressenza.com\/es\/wp-json\/wp\/v2\/users\/926"}],"replies":[{"embeddable":true,"href":"https:\/\/www.pressenza.com\/es\/wp-json\/wp\/v2\/comments?post=182847"}],"version-history":[{"count":0,"href":"https:\/\/www.pressenza.com\/es\/wp-json\/wp\/v2\/posts\/182847\/revisions"}],"wp:featuredmedia":[{"embeddable":true,"href":"https:\/\/www.pressenza.com\/es\/wp-json\/wp\/v2\/media\/182848"}],"wp:attachment":[{"href":"https:\/\/www.pressenza.com\/es\/wp-json\/wp\/v2\/media?parent=182847"}],"wp:term":[{"taxonomy":"category","embeddable":true,"href":"https:\/\/www.pressenza.com\/es\/wp-json\/wp\/v2\/categories?post=182847"},{"taxonomy":"post_tag","embeddable":true,"href":"https:\/\/www.pressenza.com\/es\/wp-json\/wp\/v2\/tags?post=182847"}],"curies":[{"name":"wp","href":"https:\/\/api.w.org\/{rel}","templated":true}]}}