{"id":1827720,"date":"2024-02-25T10:27:48","date_gmt":"2024-02-25T10:27:48","guid":{"rendered":"https:\/\/www.pressenza.com\/?p=1827720"},"modified":"2024-02-25T00:32:04","modified_gmt":"2024-02-25T00:32:04","slug":"peru-carnaval-la-fiesta-entre-la-carne-y-el-espiritu-en-sala-robles-godoy-del-1-al-3-de-marzo","status":"publish","type":"post","link":"https:\/\/www.pressenza.com\/es\/2024\/02\/peru-carnaval-la-fiesta-entre-la-carne-y-el-espiritu-en-sala-robles-godoy-del-1-al-3-de-marzo\/","title":{"rendered":"[Per\u00fa] \u00abCarnaval: la fiesta entre la carne y el esp\u00edritu\u00bb en sala Robles Godoy del 1 al 3 de marzo"},"content":{"rendered":"<div>\n<div id=\"m_-6135012764871012354ydp4943e3a1yiv5867857888\">\n<div>\n<div>\n<div id=\"m_-6135012764871012354ydp4943e3a1yiv5867857888ydpaaf7bc47yiv3979299066\">\n<div>\n<div id=\"m_-6135012764871012354ydp4943e3a1yiv5867857888ydpaaf7bc47yiv3979299066ydp6dc6390ayahoo_quoted_8807768007\">\n<div>\n<div>\n<div id=\"m_-6135012764871012354ydp4943e3a1yiv5867857888ydpaaf7bc47yiv3979299066ydp6dc6390ayiv4699294496\">\n<div>\n<div>\n<p align=\"center\"><b><span lang=\"ES\">\u00abCARNAVAL: LA FIESTA ENTRE LA CARNE Y EL ESP\u00cdRITU\u00bb SE PRESENTAR\u00c1 CON INGRESO GRATUITO EN LIMA DEL 1 AL 3 DE MARZO EN LA SALA ROBLES GODOY <\/span><\/b><\/p>\n<\/div>\n<\/div>\n<\/div>\n<\/div>\n<\/div>\n<\/div>\n<\/div>\n<\/div>\n<\/div>\n<\/div>\n<\/div>\n<\/div>\n<div id=\"m_-6135012764871012354ydpd9717384yiv5867857888yqtfd71309\">\n<div id=\"m_-6135012764871012354ydpd9717384yiv5867857888ydpd9c8edf4yiv3979299066yqtfd91230\">\n<p><span lang=\"ES\">El p\u00fablico lime\u00f1o tendr\u00e1 la oportunidad de disfrutar de la pel\u00edcula <b>Carnaval: La Fiesta entre la Carne y el Esp\u00edritu<\/b>,<b> <\/b>el primer documental peruano de largometraje que revive la historia, tradici\u00f3n y evoluci\u00f3n del carnaval de Cajamarca, en tres funciones especiales con ingreso gratuito que se realizar\u00e1n el 1, 2 y 3 de marzo en la Sala Armando Robles Godoy del Ministerio de Cultura. Con estas presentaciones, la pel\u00edcula dirigida por <b>Jos\u00e9 Alberto Osorio<\/b> y <b>Gabriel<\/b> <b>Tejada<\/b>, inicia su recorrido por un circuito alternativo que incluye funciones en Arequipa, Trujillo, Chiclayo, Puno y Cusco.<\/span><\/p>\n<p><b><span lang=\"ES\">Carnaval: La Fiesta entre la Carne y el Esp\u00edritu<\/span><\/b><span lang=\"ES\"> se estren\u00f3 con un \u00e9xito sin precedentes antes de las celebraciones del carnaval en Cajamarca donde se film\u00f3. Las entradas se agotaron en todas sus funciones, el p\u00fablico acogi\u00f3 la pel\u00edcula con una masiva asistencia llenando el cine de alegr\u00eda y emoci\u00f3n.\u00a0 Luego el documental tuvo su estreno comercial en Lima y ahora se proyectar\u00e1 en seis \u00fanicas funciones que contar\u00e1n con la presencia de los directores y que se realizar\u00e1n el viernes 1ero de marzo en dos horarios a las 6 y 8 pm, y el s\u00e1bado 2 y domingo 3 a las 5 y 7 pm. La fiesta de la tradicional celebraci\u00f3n cajamarquina se revivir\u00e1 en la pantalla grande de la Sala Armando Robles Godoy. <\/span><\/p>\n<p><span lang=\"ES\">Realizada trav\u00e9s de la Asociaci\u00f3n Cultural Indio Pishgo, <b>Carnaval: La Fiesta entre la Carne y el Esp\u00edritu<\/b> es tambi\u00e9n el resultado de una profunda investigaci\u00f3n que los directores <b>Jos\u00e9 Alberto Osorio<\/b> y <b>Gabriel<\/b> <b>Tejada<\/b>\u00a0 realizaron durante cerca de seis a\u00f1os acerca de la fiesta tradicional m\u00e1s emblem\u00e1tica de Cajamarca. En el film, los protagonistas, pobladores de Cajamarca, comparten sus vivencias desde una perspectiva aut\u00e9ntica, con testimonios complementados con material de archivo in\u00e9dito de V\u00edctor Campos, brindando as\u00ed una visi\u00f3n \u00fanica de esta trascendente celebraci\u00f3n.<\/span><\/p>\n<p><span lang=\"ES\">La pel\u00edcula propone un viaje hist\u00f3rico por la festividad, destacando sus componentes principales como la m\u00fasica, la gastronom\u00eda, las patrullas y comparsas, y los personajes que dan vida a esta manifestaci\u00f3n cultural tan arraigada en la comunidad. La pel\u00edcula muestra la esencia e historia de esta importante fiesta.<\/span><\/p>\n<p><span lang=\"ES\">La producci\u00f3n de este documental fue posible gracias a los <b>Est\u00edmulos Econ\u00f3micos para la Cinematograf\u00eda y el Audiovisual del Ministerio de Cultura, obtenidos en el Concurso Nacional de Proyectos de Documental 2022,<\/b> organizado por la Direcci\u00f3n del Audiovisual, la Fonograf\u00eda y los Nuevos Medios (DAFO), y tambi\u00e9n gracias al auspicio de diversas empresas cajamarquinas y entidades importantes como el <b>Gobierno Regional de Cajamarca, Hoteles Costa del Sol, Transportes L\u00ednea, La Oficina, Backstage &amp; Marketing, MSA Automotriz y Latam Airlines, que con este apoyo fortalece su compromiso con la regi\u00f3n Cajamarca.<\/b><\/span><\/p>\n<p><b><span lang=\"ES\">Descarga el tr\u00e1iler <a href=\"https:\/\/www.youtube.com\/watch?v=iEIbUQAzaF8\">aqu\u00ed<\/a>.<\/span><\/b><b><\/b><\/p>\n<p><iframe loading=\"lazy\" title=\"CARNAVAL (trailer)\" width=\"500\" height=\"281\" src=\"https:\/\/www.youtube.com\/embed\/iEIbUQAzaF8?feature=oembed\" frameborder=\"0\" allow=\"accelerometer; autoplay; clipboard-write; encrypted-media; gyroscope; picture-in-picture; web-share\" referrerpolicy=\"strict-origin-when-cross-origin\" allowfullscreen><\/iframe><\/p>\n<p><b><span lang=\"ES\">Prensa: Diva Producciones \/ Pilar Ramos \u2013 971137656 \u2013 <a href=\"mailto:pilarramos@diva.pe\" target=\"_blank\" rel=\"nofollow noopener\" shape=\"rect\">pilarramos@diva.pe<\/a><\/span><\/b><\/p>\n<\/div>\n<\/div>\n","protected":false},"excerpt":{"rendered":"<p>\u00abCARNAVAL: LA FIESTA ENTRE LA CARNE Y EL ESP\u00cdRITU\u00bb SE PRESENTAR\u00c1 CON INGRESO GRATUITO EN LIMA DEL 1 AL 3 DE MARZO EN LA SALA ROBLES GODOY El p\u00fablico lime\u00f1o tendr\u00e1 la oportunidad de disfrutar de la pel\u00edcula Carnaval: La&hellip;<\/p>\n","protected":false},"author":831,"featured_media":1827721,"comment_status":"closed","ping_status":"closed","sticky":false,"template":"","format":"standard","meta":{"footnotes":""},"categories":[149,75,67],"tags":[15926,3305,25750],"class_list":["post-1827720","post","type-post","status-publish","format-standard","has-post-thumbnail","hentry","category-comunicados-de-prensa","category-cultura-es","category-sudamerica","tag-carnaval-es","tag-cine","tag-cine-peruano"],"yoast_head":"<!-- This site is optimized with the Yoast SEO plugin v27.1.1 - https:\/\/yoast.com\/product\/yoast-seo-wordpress\/ -->\n<title>[Per\u00fa] &quot;Carnaval: la fiesta entre la carne y el esp\u00edritu&quot; en sala Robles Godoy del 1 al 3 de marzo<\/title>\n<meta name=\"description\" content=\"&quot;CARNAVAL: LA FIESTA ENTRE LA CARNE Y EL ESP\u00cdRITU&quot; SE PRESENTAR\u00c1 CON INGRESO GRATUITO EN LIMA DEL 1 AL 3 DE MARZO EN LA SALA ROBLES GODOY El p\u00fablico\" \/>\n<meta name=\"robots\" content=\"index, follow, max-snippet:-1, max-image-preview:large, max-video-preview:-1\" \/>\n<link rel=\"canonical\" href=\"https:\/\/www.pressenza.com\/es\/2024\/02\/peru-carnaval-la-fiesta-entre-la-carne-y-el-espiritu-en-sala-robles-godoy-del-1-al-3-de-marzo\/\" \/>\n<meta property=\"og:locale\" content=\"es_ES\" \/>\n<meta property=\"og:type\" content=\"article\" \/>\n<meta property=\"og:title\" content=\"[Per\u00fa] &quot;Carnaval: la fiesta entre la carne y el esp\u00edritu&quot; en sala Robles Godoy del 1 al 3 de marzo\" \/>\n<meta property=\"og:description\" content=\"&quot;CARNAVAL: LA FIESTA ENTRE LA CARNE Y EL ESP\u00cdRITU&quot; SE PRESENTAR\u00c1 CON INGRESO GRATUITO EN LIMA DEL 1 AL 3 DE MARZO EN LA SALA ROBLES GODOY El p\u00fablico\" \/>\n<meta property=\"og:url\" content=\"https:\/\/www.pressenza.com\/es\/2024\/02\/peru-carnaval-la-fiesta-entre-la-carne-y-el-espiritu-en-sala-robles-godoy-del-1-al-3-de-marzo\/\" \/>\n<meta property=\"og:site_name\" content=\"Pressenza\" \/>\n<meta property=\"article:publisher\" content=\"https:\/\/www.facebook.com\/PressenzaItalia\" \/>\n<meta property=\"article:published_time\" content=\"2024-02-25T10:27:48+00:00\" \/>\n<meta property=\"og:image\" content=\"https:\/\/www.pressenza.com\/wp-content\/uploads\/2024\/02\/image002.jpg\" \/>\n\t<meta property=\"og:image:width\" content=\"950\" \/>\n\t<meta property=\"og:image:height\" content=\"672\" \/>\n\t<meta property=\"og:image:type\" content=\"image\/jpeg\" \/>\n<meta name=\"author\" content=\"Redacci\u00f3n Per\u00fa\" \/>\n<meta name=\"twitter:card\" content=\"summary_large_image\" \/>\n<meta name=\"twitter:creator\" content=\"@PressenzaIPA\" \/>\n<meta name=\"twitter:site\" content=\"@PressenzaIPA\" \/>\n<meta name=\"twitter:label1\" content=\"Escrito por\" \/>\n\t<meta name=\"twitter:data1\" content=\"Redacci\u00f3n Per\u00fa\" \/>\n\t<meta name=\"twitter:label2\" content=\"Tiempo de lectura\" \/>\n\t<meta name=\"twitter:data2\" content=\"3 minutos\" \/>\n<script type=\"application\/ld+json\" class=\"yoast-schema-graph\">{\"@context\":\"https:\/\/schema.org\",\"@graph\":[{\"@type\":\"Article\",\"@id\":\"https:\/\/www.pressenza.com\/es\/2024\/02\/peru-carnaval-la-fiesta-entre-la-carne-y-el-espiritu-en-sala-robles-godoy-del-1-al-3-de-marzo\/#article\",\"isPartOf\":{\"@id\":\"https:\/\/www.pressenza.com\/es\/2024\/02\/peru-carnaval-la-fiesta-entre-la-carne-y-el-espiritu-en-sala-robles-godoy-del-1-al-3-de-marzo\/\"},\"author\":{\"name\":\"Redacci\u00f3n Per\u00fa\",\"@id\":\"https:\/\/www.pressenza.com\/es\/#\/schema\/person\/e86c29a41185b85084a478822f5de81b\"},\"headline\":\"[Per\u00fa] \u00abCarnaval: la fiesta entre la carne y el esp\u00edritu\u00bb en sala Robles Godoy del 1 al 3 de marzo\",\"datePublished\":\"2024-02-25T10:27:48+00:00\",\"mainEntityOfPage\":{\"@id\":\"https:\/\/www.pressenza.com\/es\/2024\/02\/peru-carnaval-la-fiesta-entre-la-carne-y-el-espiritu-en-sala-robles-godoy-del-1-al-3-de-marzo\/\"},\"wordCount\":544,\"publisher\":{\"@id\":\"https:\/\/www.pressenza.com\/es\/#organization\"},\"image\":{\"@id\":\"https:\/\/www.pressenza.com\/es\/2024\/02\/peru-carnaval-la-fiesta-entre-la-carne-y-el-espiritu-en-sala-robles-godoy-del-1-al-3-de-marzo\/#primaryimage\"},\"thumbnailUrl\":\"https:\/\/www.pressenza.com\/wp-content\/uploads\/2024\/02\/image002.jpg\",\"keywords\":[\"carnaval\",\"cine\",\"cine peruano\"],\"articleSection\":[\"Comunicados de Prensa\",\"Cultura y Medios\",\"Sudam\u00e9rica\"],\"inLanguage\":\"es\"},{\"@type\":\"WebPage\",\"@id\":\"https:\/\/www.pressenza.com\/es\/2024\/02\/peru-carnaval-la-fiesta-entre-la-carne-y-el-espiritu-en-sala-robles-godoy-del-1-al-3-de-marzo\/\",\"url\":\"https:\/\/www.pressenza.com\/es\/2024\/02\/peru-carnaval-la-fiesta-entre-la-carne-y-el-espiritu-en-sala-robles-godoy-del-1-al-3-de-marzo\/\",\"name\":\"[Per\u00fa] \\\"Carnaval: la fiesta entre la carne y el esp\u00edritu\\\" en sala Robles Godoy del 1 al 3 de marzo\",\"isPartOf\":{\"@id\":\"https:\/\/www.pressenza.com\/es\/#website\"},\"primaryImageOfPage\":{\"@id\":\"https:\/\/www.pressenza.com\/es\/2024\/02\/peru-carnaval-la-fiesta-entre-la-carne-y-el-espiritu-en-sala-robles-godoy-del-1-al-3-de-marzo\/#primaryimage\"},\"image\":{\"@id\":\"https:\/\/www.pressenza.com\/es\/2024\/02\/peru-carnaval-la-fiesta-entre-la-carne-y-el-espiritu-en-sala-robles-godoy-del-1-al-3-de-marzo\/#primaryimage\"},\"thumbnailUrl\":\"https:\/\/www.pressenza.com\/wp-content\/uploads\/2024\/02\/image002.jpg\",\"datePublished\":\"2024-02-25T10:27:48+00:00\",\"description\":\"\\\"CARNAVAL: LA FIESTA ENTRE LA CARNE Y EL ESP\u00cdRITU\\\" SE PRESENTAR\u00c1 CON INGRESO GRATUITO EN LIMA DEL 1 AL 3 DE MARZO EN LA SALA ROBLES GODOY El p\u00fablico\",\"breadcrumb\":{\"@id\":\"https:\/\/www.pressenza.com\/es\/2024\/02\/peru-carnaval-la-fiesta-entre-la-carne-y-el-espiritu-en-sala-robles-godoy-del-1-al-3-de-marzo\/#breadcrumb\"},\"inLanguage\":\"es\",\"potentialAction\":[{\"@type\":\"ReadAction\",\"target\":[\"https:\/\/www.pressenza.com\/es\/2024\/02\/peru-carnaval-la-fiesta-entre-la-carne-y-el-espiritu-en-sala-robles-godoy-del-1-al-3-de-marzo\/\"]}]},{\"@type\":\"ImageObject\",\"inLanguage\":\"es\",\"@id\":\"https:\/\/www.pressenza.com\/es\/2024\/02\/peru-carnaval-la-fiesta-entre-la-carne-y-el-espiritu-en-sala-robles-godoy-del-1-al-3-de-marzo\/#primaryimage\",\"url\":\"https:\/\/www.pressenza.com\/wp-content\/uploads\/2024\/02\/image002.jpg\",\"contentUrl\":\"https:\/\/www.pressenza.com\/wp-content\/uploads\/2024\/02\/image002.jpg\",\"width\":950,\"height\":672},{\"@type\":\"BreadcrumbList\",\"@id\":\"https:\/\/www.pressenza.com\/es\/2024\/02\/peru-carnaval-la-fiesta-entre-la-carne-y-el-espiritu-en-sala-robles-godoy-del-1-al-3-de-marzo\/#breadcrumb\",\"itemListElement\":[{\"@type\":\"ListItem\",\"position\":1,\"name\":\"Accueil\",\"item\":\"https:\/\/www.pressenza.com\/es\/\"},{\"@type\":\"ListItem\",\"position\":2,\"name\":\"[Per\u00fa] \u00abCarnaval: la fiesta entre la carne y el esp\u00edritu\u00bb en sala Robles Godoy del 1 al 3 de marzo\"}]},{\"@type\":\"WebSite\",\"@id\":\"https:\/\/www.pressenza.com\/es\/#website\",\"url\":\"https:\/\/www.pressenza.com\/es\/\",\"name\":\"Pressenza\",\"description\":\"International Press Agency\",\"publisher\":{\"@id\":\"https:\/\/www.pressenza.com\/es\/#organization\"},\"potentialAction\":[{\"@type\":\"SearchAction\",\"target\":{\"@type\":\"EntryPoint\",\"urlTemplate\":\"https:\/\/www.pressenza.com\/es\/?s={search_term_string}\"},\"query-input\":{\"@type\":\"PropertyValueSpecification\",\"valueRequired\":true,\"valueName\":\"search_term_string\"}}],\"inLanguage\":\"es\"},{\"@type\":\"Organization\",\"@id\":\"https:\/\/www.pressenza.com\/es\/#organization\",\"name\":\"Pressenza\",\"url\":\"https:\/\/www.pressenza.com\/es\/\",\"logo\":{\"@type\":\"ImageObject\",\"inLanguage\":\"es\",\"@id\":\"https:\/\/www.pressenza.com\/es\/#\/schema\/logo\/image\/\",\"url\":\"https:\/\/www.pressenza.com\/wp-content\/uploads\/2022\/10\/pressenza_logo_200x200.jpg\",\"contentUrl\":\"https:\/\/www.pressenza.com\/wp-content\/uploads\/2022\/10\/pressenza_logo_200x200.jpg\",\"width\":200,\"height\":200,\"caption\":\"Pressenza\"},\"image\":{\"@id\":\"https:\/\/www.pressenza.com\/es\/#\/schema\/logo\/image\/\"},\"sameAs\":[\"https:\/\/www.facebook.com\/PressenzaItalia\",\"https:\/\/x.com\/PressenzaIPA\"]},{\"@type\":\"Person\",\"@id\":\"https:\/\/www.pressenza.com\/es\/#\/schema\/person\/e86c29a41185b85084a478822f5de81b\",\"name\":\"Redacci\u00f3n Per\u00fa\",\"description\":\"News published by the Pressenza bureau in Peru\",\"url\":\"https:\/\/www.pressenza.com\/es\/author\/redaccion-peru\/\"}]}<\/script>\n<!-- \/ Yoast SEO plugin. -->","yoast_head_json":{"title":"[Per\u00fa] \"Carnaval: la fiesta entre la carne y el esp\u00edritu\" en sala Robles Godoy del 1 al 3 de marzo","description":"\"CARNAVAL: LA FIESTA ENTRE LA CARNE Y EL ESP\u00cdRITU\" SE PRESENTAR\u00c1 CON INGRESO GRATUITO EN LIMA DEL 1 AL 3 DE MARZO EN LA SALA ROBLES GODOY El p\u00fablico","robots":{"index":"index","follow":"follow","max-snippet":"max-snippet:-1","max-image-preview":"max-image-preview:large","max-video-preview":"max-video-preview:-1"},"canonical":"https:\/\/www.pressenza.com\/es\/2024\/02\/peru-carnaval-la-fiesta-entre-la-carne-y-el-espiritu-en-sala-robles-godoy-del-1-al-3-de-marzo\/","og_locale":"es_ES","og_type":"article","og_title":"[Per\u00fa] \"Carnaval: la fiesta entre la carne y el esp\u00edritu\" en sala Robles Godoy del 1 al 3 de marzo","og_description":"\"CARNAVAL: LA FIESTA ENTRE LA CARNE Y EL ESP\u00cdRITU\" SE PRESENTAR\u00c1 CON INGRESO GRATUITO EN LIMA DEL 1 AL 3 DE MARZO EN LA SALA ROBLES GODOY El p\u00fablico","og_url":"https:\/\/www.pressenza.com\/es\/2024\/02\/peru-carnaval-la-fiesta-entre-la-carne-y-el-espiritu-en-sala-robles-godoy-del-1-al-3-de-marzo\/","og_site_name":"Pressenza","article_publisher":"https:\/\/www.facebook.com\/PressenzaItalia","article_published_time":"2024-02-25T10:27:48+00:00","og_image":[{"width":950,"height":672,"url":"https:\/\/www.pressenza.com\/wp-content\/uploads\/2024\/02\/image002.jpg","type":"image\/jpeg"}],"author":"Redacci\u00f3n Per\u00fa","twitter_card":"summary_large_image","twitter_creator":"@PressenzaIPA","twitter_site":"@PressenzaIPA","twitter_misc":{"Escrito por":"Redacci\u00f3n Per\u00fa","Tiempo de lectura":"3 minutos"},"schema":{"@context":"https:\/\/schema.org","@graph":[{"@type":"Article","@id":"https:\/\/www.pressenza.com\/es\/2024\/02\/peru-carnaval-la-fiesta-entre-la-carne-y-el-espiritu-en-sala-robles-godoy-del-1-al-3-de-marzo\/#article","isPartOf":{"@id":"https:\/\/www.pressenza.com\/es\/2024\/02\/peru-carnaval-la-fiesta-entre-la-carne-y-el-espiritu-en-sala-robles-godoy-del-1-al-3-de-marzo\/"},"author":{"name":"Redacci\u00f3n Per\u00fa","@id":"https:\/\/www.pressenza.com\/es\/#\/schema\/person\/e86c29a41185b85084a478822f5de81b"},"headline":"[Per\u00fa] \u00abCarnaval: la fiesta entre la carne y el esp\u00edritu\u00bb en sala Robles Godoy del 1 al 3 de marzo","datePublished":"2024-02-25T10:27:48+00:00","mainEntityOfPage":{"@id":"https:\/\/www.pressenza.com\/es\/2024\/02\/peru-carnaval-la-fiesta-entre-la-carne-y-el-espiritu-en-sala-robles-godoy-del-1-al-3-de-marzo\/"},"wordCount":544,"publisher":{"@id":"https:\/\/www.pressenza.com\/es\/#organization"},"image":{"@id":"https:\/\/www.pressenza.com\/es\/2024\/02\/peru-carnaval-la-fiesta-entre-la-carne-y-el-espiritu-en-sala-robles-godoy-del-1-al-3-de-marzo\/#primaryimage"},"thumbnailUrl":"https:\/\/www.pressenza.com\/wp-content\/uploads\/2024\/02\/image002.jpg","keywords":["carnaval","cine","cine peruano"],"articleSection":["Comunicados de Prensa","Cultura y Medios","Sudam\u00e9rica"],"inLanguage":"es"},{"@type":"WebPage","@id":"https:\/\/www.pressenza.com\/es\/2024\/02\/peru-carnaval-la-fiesta-entre-la-carne-y-el-espiritu-en-sala-robles-godoy-del-1-al-3-de-marzo\/","url":"https:\/\/www.pressenza.com\/es\/2024\/02\/peru-carnaval-la-fiesta-entre-la-carne-y-el-espiritu-en-sala-robles-godoy-del-1-al-3-de-marzo\/","name":"[Per\u00fa] \"Carnaval: la fiesta entre la carne y el esp\u00edritu\" en sala Robles Godoy del 1 al 3 de marzo","isPartOf":{"@id":"https:\/\/www.pressenza.com\/es\/#website"},"primaryImageOfPage":{"@id":"https:\/\/www.pressenza.com\/es\/2024\/02\/peru-carnaval-la-fiesta-entre-la-carne-y-el-espiritu-en-sala-robles-godoy-del-1-al-3-de-marzo\/#primaryimage"},"image":{"@id":"https:\/\/www.pressenza.com\/es\/2024\/02\/peru-carnaval-la-fiesta-entre-la-carne-y-el-espiritu-en-sala-robles-godoy-del-1-al-3-de-marzo\/#primaryimage"},"thumbnailUrl":"https:\/\/www.pressenza.com\/wp-content\/uploads\/2024\/02\/image002.jpg","datePublished":"2024-02-25T10:27:48+00:00","description":"\"CARNAVAL: LA FIESTA ENTRE LA CARNE Y EL ESP\u00cdRITU\" SE PRESENTAR\u00c1 CON INGRESO GRATUITO EN LIMA DEL 1 AL 3 DE MARZO EN LA SALA ROBLES GODOY El p\u00fablico","breadcrumb":{"@id":"https:\/\/www.pressenza.com\/es\/2024\/02\/peru-carnaval-la-fiesta-entre-la-carne-y-el-espiritu-en-sala-robles-godoy-del-1-al-3-de-marzo\/#breadcrumb"},"inLanguage":"es","potentialAction":[{"@type":"ReadAction","target":["https:\/\/www.pressenza.com\/es\/2024\/02\/peru-carnaval-la-fiesta-entre-la-carne-y-el-espiritu-en-sala-robles-godoy-del-1-al-3-de-marzo\/"]}]},{"@type":"ImageObject","inLanguage":"es","@id":"https:\/\/www.pressenza.com\/es\/2024\/02\/peru-carnaval-la-fiesta-entre-la-carne-y-el-espiritu-en-sala-robles-godoy-del-1-al-3-de-marzo\/#primaryimage","url":"https:\/\/www.pressenza.com\/wp-content\/uploads\/2024\/02\/image002.jpg","contentUrl":"https:\/\/www.pressenza.com\/wp-content\/uploads\/2024\/02\/image002.jpg","width":950,"height":672},{"@type":"BreadcrumbList","@id":"https:\/\/www.pressenza.com\/es\/2024\/02\/peru-carnaval-la-fiesta-entre-la-carne-y-el-espiritu-en-sala-robles-godoy-del-1-al-3-de-marzo\/#breadcrumb","itemListElement":[{"@type":"ListItem","position":1,"name":"Accueil","item":"https:\/\/www.pressenza.com\/es\/"},{"@type":"ListItem","position":2,"name":"[Per\u00fa] \u00abCarnaval: la fiesta entre la carne y el esp\u00edritu\u00bb en sala Robles Godoy del 1 al 3 de marzo"}]},{"@type":"WebSite","@id":"https:\/\/www.pressenza.com\/es\/#website","url":"https:\/\/www.pressenza.com\/es\/","name":"Pressenza","description":"International Press Agency","publisher":{"@id":"https:\/\/www.pressenza.com\/es\/#organization"},"potentialAction":[{"@type":"SearchAction","target":{"@type":"EntryPoint","urlTemplate":"https:\/\/www.pressenza.com\/es\/?s={search_term_string}"},"query-input":{"@type":"PropertyValueSpecification","valueRequired":true,"valueName":"search_term_string"}}],"inLanguage":"es"},{"@type":"Organization","@id":"https:\/\/www.pressenza.com\/es\/#organization","name":"Pressenza","url":"https:\/\/www.pressenza.com\/es\/","logo":{"@type":"ImageObject","inLanguage":"es","@id":"https:\/\/www.pressenza.com\/es\/#\/schema\/logo\/image\/","url":"https:\/\/www.pressenza.com\/wp-content\/uploads\/2022\/10\/pressenza_logo_200x200.jpg","contentUrl":"https:\/\/www.pressenza.com\/wp-content\/uploads\/2022\/10\/pressenza_logo_200x200.jpg","width":200,"height":200,"caption":"Pressenza"},"image":{"@id":"https:\/\/www.pressenza.com\/es\/#\/schema\/logo\/image\/"},"sameAs":["https:\/\/www.facebook.com\/PressenzaItalia","https:\/\/x.com\/PressenzaIPA"]},{"@type":"Person","@id":"https:\/\/www.pressenza.com\/es\/#\/schema\/person\/e86c29a41185b85084a478822f5de81b","name":"Redacci\u00f3n Per\u00fa","description":"News published by the Pressenza bureau in Peru","url":"https:\/\/www.pressenza.com\/es\/author\/redaccion-peru\/"}]}},"place":"Lima, Per\u00fa","original_article_url":"","_links":{"self":[{"href":"https:\/\/www.pressenza.com\/es\/wp-json\/wp\/v2\/posts\/1827720","targetHints":{"allow":["GET"]}}],"collection":[{"href":"https:\/\/www.pressenza.com\/es\/wp-json\/wp\/v2\/posts"}],"about":[{"href":"https:\/\/www.pressenza.com\/es\/wp-json\/wp\/v2\/types\/post"}],"author":[{"embeddable":true,"href":"https:\/\/www.pressenza.com\/es\/wp-json\/wp\/v2\/users\/831"}],"replies":[{"embeddable":true,"href":"https:\/\/www.pressenza.com\/es\/wp-json\/wp\/v2\/comments?post=1827720"}],"version-history":[{"count":0,"href":"https:\/\/www.pressenza.com\/es\/wp-json\/wp\/v2\/posts\/1827720\/revisions"}],"wp:featuredmedia":[{"embeddable":true,"href":"https:\/\/www.pressenza.com\/es\/wp-json\/wp\/v2\/media\/1827721"}],"wp:attachment":[{"href":"https:\/\/www.pressenza.com\/es\/wp-json\/wp\/v2\/media?parent=1827720"}],"wp:term":[{"taxonomy":"category","embeddable":true,"href":"https:\/\/www.pressenza.com\/es\/wp-json\/wp\/v2\/categories?post=1827720"},{"taxonomy":"post_tag","embeddable":true,"href":"https:\/\/www.pressenza.com\/es\/wp-json\/wp\/v2\/tags?post=1827720"}],"curies":[{"name":"wp","href":"https:\/\/api.w.org\/{rel}","templated":true}]}}