{"id":1826301,"date":"2024-02-19T23:15:02","date_gmt":"2024-02-19T23:15:02","guid":{"rendered":"https:\/\/www.pressenza.com\/?p=1826301"},"modified":"2024-02-20T10:00:03","modified_gmt":"2024-02-20T10:00:03","slug":"diallo-ablaye-genocidio-en-el-congo-y-silencio-total-de-la-comunidad-internacional","status":"publish","type":"post","link":"https:\/\/www.pressenza.com\/es\/2024\/02\/diallo-ablaye-genocidio-en-el-congo-y-silencio-total-de-la-comunidad-internacional\/","title":{"rendered":"Diallo Ablaye: \u201cGenocidio en el Congo y silencio total de la comunidad internacional\u201d"},"content":{"rendered":"<h6><em>Diallo Ablaye, vicepresidente fundador de la fundaci\u00f3n de Sur Sur Cooperaci\u00f3n internacional , Representante Internacional de la Organizaci\u00f3n Panafricanista Mundial OPAM-WOPO\/OPDH y Secretario de CONAICOP (Consejo Nacional e Internacional de la Comunicaci\u00f3n Popular).<br \/>\n<\/em><\/h6>\n<p>Hablamos a menudo del genocidio en Palestina. Sin lugar a dudas, todo lo que hablemos ser\u00e1 poco para que todo el mundo lo tenga cada vez m\u00e1s presente. Pero ser\u00eda terriblemente injusto ignorar lo que est\u00e1 sucediendo en el Congo.<\/p>\n<p>Seguro que a muchos les surge casi autom\u00e1ticamente la expresi\u00f3n \u201cirse al Congo belga\u201d como para referirse a un lugar sumamente remoto, casi inexistente. No es algo casual, pues la historia del pa\u00eds va unida tristemente a la de B\u00e9lgica y el Congo sigue siendo un pa\u00eds en el olvido.<\/p>\n<p>Leopoldo II fue el soberano, fundador y \u00fanico propietario del Estado Libre del Congo desde 1885 hasta 1908. Se trataba de un proyecto privado encabezado por \u00e9l mismo. En ese periodo se produjo el exterminio de 15 millones de personas.<\/p>\n<p>El extractivismo en aquel tiempo se basaba en el caucho. Entre las muchas barbaridades, el patriarca Leopoldo mandaba cortar las manos de los ni\u00f1os que no recolectaban lo suficiente al final del d\u00eda. No fueron pocos los ni\u00f1os mutilados, al punto de que son t\u00edpicas las manitas de chocolate en B\u00e9lgica, como una tradici\u00f3n \u201csimp\u00e1tica\u201d, en memoria de la lejana colonia.<\/p>\n<p>Despu\u00e9s, en 1908 el territorio adquiri\u00f3 el estatus de colonia Belga, hasta alcanzar su hipot\u00e9tica independencia en 1960.<\/p>\n<p>Pero el genocidio en el Congo contin\u00faa en la actualidad. Mujeres y ni\u00f1os son masacrados con machetes y luego ejecutados y abandonados en las calles. Miles de personas huyen de la violencia en el este de la Rep\u00fablica Democr\u00e1tica del Congo, mientras se intensifican los combates entre el ej\u00e9rcito congole\u00f1o y el grupo armado M23.<\/p>\n<p>Desde la lejan\u00eda podr\u00eda darnos por pensar que es algo que ya forma parte de su destino, como un designio natural. Pero evidentemente este pensamiento es una estupidez mezquina, pues no hay nada de natural en los genocidios.<\/p>\n<p>Como es evidente, para realizar c\u00f3modamente el expolio, Occidente propicia la inestabilidad gubernamental, de manera que no puedan prosperar las iniciativas de autogesti\u00f3n nacional. Cuando aparece un l\u00edder potente y honesto se le asesina, como es el caso de Patrice Lumumba. \u00a0As\u00ed, los pa\u00edses colonialistas pretenden mantener eternamente esclavizada a la poblaci\u00f3n africana.<\/p>\n<p>Hoy en el Congo, ya no se trata del caucho sino de la extracci\u00f3n de los enormes recursos que posee el pa\u00eds, como el colt\u00e1n, cobalto, litio, circonio, bauxita, oro, diamantes, fosfato, etc. que nutren a la industria y la codicia occidental.<\/p>\n<p>La segunda parte de esta injusticia ocurre mucho m\u00e1s cerca de nuestra casa, pero no por ello los africanos son vistos como gente que deber\u00eda ser acogida y restaurada del mal que Occidente causa.<\/p>\n<p>No conformes con el desastre producido, el sistema se ocupa de difamar a las v\u00edctimas. \u00abLos pa\u00edses occidentales quieren los recursos naturales africanos pero no quieren a los ciudadanos negros africanos\u00bb, escribe Diallo Ablaye en su cuenta de X.<\/p>\n<p>Cuando los africanos se ven obligados a abandonar su pa\u00eds, entonces occidente considera que le molestan estas personas en situaci\u00f3n de urgencia. Para ello niegan el auxilio m\u00ednimo humanitario y despliegan un discurso sembrado de difamaciones hacia quienes huyen del desastre que ellos han producido y siguen produciendo en \u00c1frica.<\/p>\n<p>Es de vital importancia dar visibilidad a los cr\u00edmenes que est\u00e1n ocurriendo ahora en el Congo y en muchos pa\u00edses africanos, propiciar un relato que se ajuste a la realidad, para que cada vez m\u00e1s personas abandonen la visi\u00f3n violenta y racista con la que contaminan nuestras mentes.<\/p>\n<p>El mundo necesita nuevos l\u00edderes que trabajen para generar condiciones de reequilibrio en \u00c1frica, pero tambi\u00e9n necesita de la implicaci\u00f3n de todos nosotros.<\/p>\n<p>Se requiere actuar en muchos campos en simult\u00e1neo: autoorganizaci\u00f3n y campa\u00f1as de educaci\u00f3n, tanto en \u00c1frica como en Occidente.<\/p>\n<p>Pero una cosa es clara, \u00c1frica no necesita de limosnas occidentales, ya que tiene riqueza suficiente; basta con que detengan el expolio y los cr\u00edmenes.<\/p>\n<p><img loading=\"lazy\" decoding=\"async\" class=\"alignnone wp-image-1826303\" src=\"https:\/\/www.pressenza.com\/wp-content\/uploads\/2024\/02\/maxresdefault-300x169.jpg\" alt=\"\" width=\"644\" height=\"363\" srcset=\"https:\/\/www.pressenza.com\/wp-content\/uploads\/2024\/02\/maxresdefault-300x169.jpg 300w, https:\/\/www.pressenza.com\/wp-content\/uploads\/2024\/02\/maxresdefault-820x461.jpg 820w, https:\/\/www.pressenza.com\/wp-content\/uploads\/2024\/02\/maxresdefault.jpg 1280w\" sizes=\"auto, (max-width: 644px) 100vw, 644px\" \/><\/p>\n<p>Diallo Ablaye es uno de estos l\u00edderes que est\u00e1 trabajando por esta causa desde el movimiento panafricanista.<\/p>\n<p>Pueden seguirle en las redes sociales.<\/p>\n<p><a href=\"https:\/\/www.tiktok.com\/@latinoamerihermanos\/video\/7336767096312892678\">https:\/\/www.tiktok.com\/@latinoamerihermanos\/video\/7336767096312892678<\/a><\/p>\n<p><a href=\"https:\/\/twitter.com\/Hugo_Gutierrez_\/status\/1757390756359086483\">https:\/\/twitter.com\/Hugo_Gutierrez_\/status\/1757390756359086483<\/a><\/p>\n<p><a href=\"https:\/\/x.com\/kitmediaoficial\/status\/1759150252412538992?t=kbPtvKLiNQTah5SRotZCMQ&amp;s=35\">https:\/\/x.com\/kitmediaoficial\/status\/1759150252412538992?t=kbPtvKLiNQTah5SRotZCMQ&amp;s=35<\/a><\/p>\n<p>&#8212;&#8212;&#8212;&#8212;-<\/p>\n<p>La <a href=\"https:\/\/www.institutohps.org\/asamblea-humanista\/\">Asamblea Humanista<\/a> expresa su compromiso con la liberaci\u00f3n de \u00c1frica. Quienes deseen apoyar, conocer o implicarse en este proyecto, en relaci\u00f3n con el movimiento panafricano, pueden suscribirse <a href=\"https:\/\/docs.google.com\/forms\/d\/e\/1FAIpQLSdp1dpmi1Lhc0MUjgpIogV-8eEtZVrb0CkUUCQBflzyAAhQ-A\/viewform\">aqu\u00ed<\/a> o contactar a trav\u00e9s de un mensaje a: <em><span class=\"qu\" role=\"gridcell\"><span class=\"go\">institutohps@gmail.com<\/span><\/span><\/em><\/p>\n","protected":false},"excerpt":{"rendered":"<p>Diallo Ablaye, vicepresidente fundador de la fundaci\u00f3n de Sur Sur Cooperaci\u00f3n internacional , Representante Internacional de la Organizaci\u00f3n Panafricanista Mundial OPAM-WOPO\/OPDH y Secretario de CONAICOP (Consejo Nacional e Internacional de la Comunicaci\u00f3n Popular). Hablamos a menudo del genocidio en Palestina.&hellip;<\/p>\n","protected":false},"author":2099,"featured_media":1826302,"comment_status":"closed","ping_status":"closed","sticky":false,"template":"","format":"standard","meta":{"footnotes":""},"categories":[64,76,54574,74],"tags":[16510,120192,16267,120194,10315,120193],"class_list":["post-1826301","post","type-post","status-publish","format-standard","has-post-thumbnail","hentry","category-africa-es","category-relaciones-exteriores","category-migrantes-es","category-politica-es","tag-africa-es","tag-asamblea-humanista","tag-congo-es","tag-diallo-ablaye","tag-genocidio-es","tag-panafricanista"],"yoast_head":"<!-- This site is optimized with the Yoast SEO plugin v27.1.1 - https:\/\/yoast.com\/product\/yoast-seo-wordpress\/ -->\n<title>Diallo Ablaye: \u201cGenocidio en el Congo y silencio total de la comunidad internacional\u201d<\/title>\n<meta name=\"description\" content=\"Diallo Ablaye, vicepresidente fundador de la fundaci\u00f3n de Sur Sur Cooperaci\u00f3n internacional , Representante Internacional de la Organizaci\u00f3n\" \/>\n<meta name=\"robots\" content=\"index, follow, max-snippet:-1, max-image-preview:large, max-video-preview:-1\" \/>\n<link rel=\"canonical\" href=\"https:\/\/www.pressenza.com\/es\/2024\/02\/diallo-ablaye-genocidio-en-el-congo-y-silencio-total-de-la-comunidad-internacional\/\" \/>\n<meta property=\"og:locale\" content=\"es_ES\" \/>\n<meta property=\"og:type\" content=\"article\" \/>\n<meta property=\"og:title\" content=\"Diallo Ablaye: \u201cGenocidio en el Congo y silencio total de la comunidad internacional\u201d\" \/>\n<meta property=\"og:description\" content=\"Diallo Ablaye, vicepresidente fundador de la fundaci\u00f3n de Sur Sur Cooperaci\u00f3n internacional , Representante Internacional de la Organizaci\u00f3n\" \/>\n<meta property=\"og:url\" content=\"https:\/\/www.pressenza.com\/es\/2024\/02\/diallo-ablaye-genocidio-en-el-congo-y-silencio-total-de-la-comunidad-internacional\/\" \/>\n<meta property=\"og:site_name\" content=\"Pressenza\" \/>\n<meta property=\"article:publisher\" content=\"https:\/\/www.facebook.com\/PressenzaItalia\" \/>\n<meta property=\"article:published_time\" content=\"2024-02-19T23:15:02+00:00\" \/>\n<meta property=\"article:modified_time\" content=\"2024-02-20T10:00:03+00:00\" \/>\n<meta property=\"og:image\" content=\"https:\/\/www.pressenza.com\/wp-content\/uploads\/2024\/02\/a548720c-6d41-4672-9ea1-bdba5955d536.jpg\" \/>\n\t<meta property=\"og:image:width\" content=\"374\" \/>\n\t<meta property=\"og:image:height\" content=\"542\" \/>\n\t<meta property=\"og:image:type\" content=\"image\/jpeg\" \/>\n<meta name=\"author\" content=\"IHPS\" \/>\n<meta name=\"twitter:card\" content=\"summary_large_image\" \/>\n<meta name=\"twitter:creator\" content=\"@PressenzaIPA\" \/>\n<meta name=\"twitter:site\" content=\"@PressenzaIPA\" \/>\n<meta name=\"twitter:label1\" content=\"Escrito por\" \/>\n\t<meta name=\"twitter:data1\" content=\"IHPS\" \/>\n\t<meta name=\"twitter:label2\" content=\"Tiempo de lectura\" \/>\n\t<meta name=\"twitter:data2\" content=\"4 minutos\" \/>\n<script type=\"application\/ld+json\" class=\"yoast-schema-graph\">{\"@context\":\"https:\/\/schema.org\",\"@graph\":[{\"@type\":\"Article\",\"@id\":\"https:\/\/www.pressenza.com\/es\/2024\/02\/diallo-ablaye-genocidio-en-el-congo-y-silencio-total-de-la-comunidad-internacional\/#article\",\"isPartOf\":{\"@id\":\"https:\/\/www.pressenza.com\/es\/2024\/02\/diallo-ablaye-genocidio-en-el-congo-y-silencio-total-de-la-comunidad-internacional\/\"},\"author\":{\"name\":\"IHPS\",\"@id\":\"https:\/\/www.pressenza.com\/es\/#\/schema\/person\/d5ec6967bd81144e354045096ec84b6b\"},\"headline\":\"Diallo Ablaye: \u201cGenocidio en el Congo y silencio total de la comunidad internacional\u201d\",\"datePublished\":\"2024-02-19T23:15:02+00:00\",\"dateModified\":\"2024-02-20T10:00:03+00:00\",\"mainEntityOfPage\":{\"@id\":\"https:\/\/www.pressenza.com\/es\/2024\/02\/diallo-ablaye-genocidio-en-el-congo-y-silencio-total-de-la-comunidad-internacional\/\"},\"wordCount\":822,\"publisher\":{\"@id\":\"https:\/\/www.pressenza.com\/es\/#organization\"},\"image\":{\"@id\":\"https:\/\/www.pressenza.com\/es\/2024\/02\/diallo-ablaye-genocidio-en-el-congo-y-silencio-total-de-la-comunidad-internacional\/#primaryimage\"},\"thumbnailUrl\":\"https:\/\/www.pressenza.com\/wp-content\/uploads\/2024\/02\/a548720c-6d41-4672-9ea1-bdba5955d536.jpg\",\"keywords\":[\"Africa\",\"Asamblea Humanista\",\"Congo\",\"Diallo Ablaye\",\"Genocidio\",\"panafricanista\"],\"articleSection\":[\"Africa\",\"Asuntos internacionales\",\"Migrantes\",\"Pol\u00edtica\"],\"inLanguage\":\"es\"},{\"@type\":\"WebPage\",\"@id\":\"https:\/\/www.pressenza.com\/es\/2024\/02\/diallo-ablaye-genocidio-en-el-congo-y-silencio-total-de-la-comunidad-internacional\/\",\"url\":\"https:\/\/www.pressenza.com\/es\/2024\/02\/diallo-ablaye-genocidio-en-el-congo-y-silencio-total-de-la-comunidad-internacional\/\",\"name\":\"Diallo Ablaye: \u201cGenocidio en el Congo y silencio total de la comunidad internacional\u201d\",\"isPartOf\":{\"@id\":\"https:\/\/www.pressenza.com\/es\/#website\"},\"primaryImageOfPage\":{\"@id\":\"https:\/\/www.pressenza.com\/es\/2024\/02\/diallo-ablaye-genocidio-en-el-congo-y-silencio-total-de-la-comunidad-internacional\/#primaryimage\"},\"image\":{\"@id\":\"https:\/\/www.pressenza.com\/es\/2024\/02\/diallo-ablaye-genocidio-en-el-congo-y-silencio-total-de-la-comunidad-internacional\/#primaryimage\"},\"thumbnailUrl\":\"https:\/\/www.pressenza.com\/wp-content\/uploads\/2024\/02\/a548720c-6d41-4672-9ea1-bdba5955d536.jpg\",\"datePublished\":\"2024-02-19T23:15:02+00:00\",\"dateModified\":\"2024-02-20T10:00:03+00:00\",\"description\":\"Diallo Ablaye, vicepresidente fundador de la fundaci\u00f3n de Sur Sur Cooperaci\u00f3n internacional , Representante Internacional de la Organizaci\u00f3n\",\"breadcrumb\":{\"@id\":\"https:\/\/www.pressenza.com\/es\/2024\/02\/diallo-ablaye-genocidio-en-el-congo-y-silencio-total-de-la-comunidad-internacional\/#breadcrumb\"},\"inLanguage\":\"es\",\"potentialAction\":[{\"@type\":\"ReadAction\",\"target\":[\"https:\/\/www.pressenza.com\/es\/2024\/02\/diallo-ablaye-genocidio-en-el-congo-y-silencio-total-de-la-comunidad-internacional\/\"]}]},{\"@type\":\"ImageObject\",\"inLanguage\":\"es\",\"@id\":\"https:\/\/www.pressenza.com\/es\/2024\/02\/diallo-ablaye-genocidio-en-el-congo-y-silencio-total-de-la-comunidad-internacional\/#primaryimage\",\"url\":\"https:\/\/www.pressenza.com\/wp-content\/uploads\/2024\/02\/a548720c-6d41-4672-9ea1-bdba5955d536.jpg\",\"contentUrl\":\"https:\/\/www.pressenza.com\/wp-content\/uploads\/2024\/02\/a548720c-6d41-4672-9ea1-bdba5955d536.jpg\",\"width\":374,\"height\":542},{\"@type\":\"BreadcrumbList\",\"@id\":\"https:\/\/www.pressenza.com\/es\/2024\/02\/diallo-ablaye-genocidio-en-el-congo-y-silencio-total-de-la-comunidad-internacional\/#breadcrumb\",\"itemListElement\":[{\"@type\":\"ListItem\",\"position\":1,\"name\":\"Accueil\",\"item\":\"https:\/\/www.pressenza.com\/es\/\"},{\"@type\":\"ListItem\",\"position\":2,\"name\":\"Diallo Ablaye: \u201cGenocidio en el Congo y silencio total de la comunidad internacional\u201d\"}]},{\"@type\":\"WebSite\",\"@id\":\"https:\/\/www.pressenza.com\/es\/#website\",\"url\":\"https:\/\/www.pressenza.com\/es\/\",\"name\":\"Pressenza\",\"description\":\"International Press Agency\",\"publisher\":{\"@id\":\"https:\/\/www.pressenza.com\/es\/#organization\"},\"potentialAction\":[{\"@type\":\"SearchAction\",\"target\":{\"@type\":\"EntryPoint\",\"urlTemplate\":\"https:\/\/www.pressenza.com\/es\/?s={search_term_string}\"},\"query-input\":{\"@type\":\"PropertyValueSpecification\",\"valueRequired\":true,\"valueName\":\"search_term_string\"}}],\"inLanguage\":\"es\"},{\"@type\":\"Organization\",\"@id\":\"https:\/\/www.pressenza.com\/es\/#organization\",\"name\":\"Pressenza\",\"url\":\"https:\/\/www.pressenza.com\/es\/\",\"logo\":{\"@type\":\"ImageObject\",\"inLanguage\":\"es\",\"@id\":\"https:\/\/www.pressenza.com\/es\/#\/schema\/logo\/image\/\",\"url\":\"https:\/\/www.pressenza.com\/wp-content\/uploads\/2022\/10\/pressenza_logo_200x200.jpg\",\"contentUrl\":\"https:\/\/www.pressenza.com\/wp-content\/uploads\/2022\/10\/pressenza_logo_200x200.jpg\",\"width\":200,\"height\":200,\"caption\":\"Pressenza\"},\"image\":{\"@id\":\"https:\/\/www.pressenza.com\/es\/#\/schema\/logo\/image\/\"},\"sameAs\":[\"https:\/\/www.facebook.com\/PressenzaItalia\",\"https:\/\/x.com\/PressenzaIPA\"]},{\"@type\":\"Person\",\"@id\":\"https:\/\/www.pressenza.com\/es\/#\/schema\/person\/d5ec6967bd81144e354045096ec84b6b\",\"name\":\"IHPS\",\"description\":\"Ver en Humanipedia: https:\/\/es.humanipedia.org TELEGRAM: https:\/\/t.me\/IHPSnuevosparadigmas\",\"url\":\"https:\/\/www.pressenza.com\/es\/author\/ihps\/\"}]}<\/script>\n<!-- \/ Yoast SEO plugin. -->","yoast_head_json":{"title":"Diallo Ablaye: \u201cGenocidio en el Congo y silencio total de la comunidad internacional\u201d","description":"Diallo Ablaye, vicepresidente fundador de la fundaci\u00f3n de Sur Sur Cooperaci\u00f3n internacional , Representante Internacional de la Organizaci\u00f3n","robots":{"index":"index","follow":"follow","max-snippet":"max-snippet:-1","max-image-preview":"max-image-preview:large","max-video-preview":"max-video-preview:-1"},"canonical":"https:\/\/www.pressenza.com\/es\/2024\/02\/diallo-ablaye-genocidio-en-el-congo-y-silencio-total-de-la-comunidad-internacional\/","og_locale":"es_ES","og_type":"article","og_title":"Diallo Ablaye: \u201cGenocidio en el Congo y silencio total de la comunidad internacional\u201d","og_description":"Diallo Ablaye, vicepresidente fundador de la fundaci\u00f3n de Sur Sur Cooperaci\u00f3n internacional , Representante Internacional de la Organizaci\u00f3n","og_url":"https:\/\/www.pressenza.com\/es\/2024\/02\/diallo-ablaye-genocidio-en-el-congo-y-silencio-total-de-la-comunidad-internacional\/","og_site_name":"Pressenza","article_publisher":"https:\/\/www.facebook.com\/PressenzaItalia","article_published_time":"2024-02-19T23:15:02+00:00","article_modified_time":"2024-02-20T10:00:03+00:00","og_image":[{"width":374,"height":542,"url":"https:\/\/www.pressenza.com\/wp-content\/uploads\/2024\/02\/a548720c-6d41-4672-9ea1-bdba5955d536.jpg","type":"image\/jpeg"}],"author":"IHPS","twitter_card":"summary_large_image","twitter_creator":"@PressenzaIPA","twitter_site":"@PressenzaIPA","twitter_misc":{"Escrito por":"IHPS","Tiempo de lectura":"4 minutos"},"schema":{"@context":"https:\/\/schema.org","@graph":[{"@type":"Article","@id":"https:\/\/www.pressenza.com\/es\/2024\/02\/diallo-ablaye-genocidio-en-el-congo-y-silencio-total-de-la-comunidad-internacional\/#article","isPartOf":{"@id":"https:\/\/www.pressenza.com\/es\/2024\/02\/diallo-ablaye-genocidio-en-el-congo-y-silencio-total-de-la-comunidad-internacional\/"},"author":{"name":"IHPS","@id":"https:\/\/www.pressenza.com\/es\/#\/schema\/person\/d5ec6967bd81144e354045096ec84b6b"},"headline":"Diallo Ablaye: \u201cGenocidio en el Congo y silencio total de la comunidad internacional\u201d","datePublished":"2024-02-19T23:15:02+00:00","dateModified":"2024-02-20T10:00:03+00:00","mainEntityOfPage":{"@id":"https:\/\/www.pressenza.com\/es\/2024\/02\/diallo-ablaye-genocidio-en-el-congo-y-silencio-total-de-la-comunidad-internacional\/"},"wordCount":822,"publisher":{"@id":"https:\/\/www.pressenza.com\/es\/#organization"},"image":{"@id":"https:\/\/www.pressenza.com\/es\/2024\/02\/diallo-ablaye-genocidio-en-el-congo-y-silencio-total-de-la-comunidad-internacional\/#primaryimage"},"thumbnailUrl":"https:\/\/www.pressenza.com\/wp-content\/uploads\/2024\/02\/a548720c-6d41-4672-9ea1-bdba5955d536.jpg","keywords":["Africa","Asamblea Humanista","Congo","Diallo Ablaye","Genocidio","panafricanista"],"articleSection":["Africa","Asuntos internacionales","Migrantes","Pol\u00edtica"],"inLanguage":"es"},{"@type":"WebPage","@id":"https:\/\/www.pressenza.com\/es\/2024\/02\/diallo-ablaye-genocidio-en-el-congo-y-silencio-total-de-la-comunidad-internacional\/","url":"https:\/\/www.pressenza.com\/es\/2024\/02\/diallo-ablaye-genocidio-en-el-congo-y-silencio-total-de-la-comunidad-internacional\/","name":"Diallo Ablaye: \u201cGenocidio en el Congo y silencio total de la comunidad internacional\u201d","isPartOf":{"@id":"https:\/\/www.pressenza.com\/es\/#website"},"primaryImageOfPage":{"@id":"https:\/\/www.pressenza.com\/es\/2024\/02\/diallo-ablaye-genocidio-en-el-congo-y-silencio-total-de-la-comunidad-internacional\/#primaryimage"},"image":{"@id":"https:\/\/www.pressenza.com\/es\/2024\/02\/diallo-ablaye-genocidio-en-el-congo-y-silencio-total-de-la-comunidad-internacional\/#primaryimage"},"thumbnailUrl":"https:\/\/www.pressenza.com\/wp-content\/uploads\/2024\/02\/a548720c-6d41-4672-9ea1-bdba5955d536.jpg","datePublished":"2024-02-19T23:15:02+00:00","dateModified":"2024-02-20T10:00:03+00:00","description":"Diallo Ablaye, vicepresidente fundador de la fundaci\u00f3n de Sur Sur Cooperaci\u00f3n internacional , Representante Internacional de la Organizaci\u00f3n","breadcrumb":{"@id":"https:\/\/www.pressenza.com\/es\/2024\/02\/diallo-ablaye-genocidio-en-el-congo-y-silencio-total-de-la-comunidad-internacional\/#breadcrumb"},"inLanguage":"es","potentialAction":[{"@type":"ReadAction","target":["https:\/\/www.pressenza.com\/es\/2024\/02\/diallo-ablaye-genocidio-en-el-congo-y-silencio-total-de-la-comunidad-internacional\/"]}]},{"@type":"ImageObject","inLanguage":"es","@id":"https:\/\/www.pressenza.com\/es\/2024\/02\/diallo-ablaye-genocidio-en-el-congo-y-silencio-total-de-la-comunidad-internacional\/#primaryimage","url":"https:\/\/www.pressenza.com\/wp-content\/uploads\/2024\/02\/a548720c-6d41-4672-9ea1-bdba5955d536.jpg","contentUrl":"https:\/\/www.pressenza.com\/wp-content\/uploads\/2024\/02\/a548720c-6d41-4672-9ea1-bdba5955d536.jpg","width":374,"height":542},{"@type":"BreadcrumbList","@id":"https:\/\/www.pressenza.com\/es\/2024\/02\/diallo-ablaye-genocidio-en-el-congo-y-silencio-total-de-la-comunidad-internacional\/#breadcrumb","itemListElement":[{"@type":"ListItem","position":1,"name":"Accueil","item":"https:\/\/www.pressenza.com\/es\/"},{"@type":"ListItem","position":2,"name":"Diallo Ablaye: \u201cGenocidio en el Congo y silencio total de la comunidad internacional\u201d"}]},{"@type":"WebSite","@id":"https:\/\/www.pressenza.com\/es\/#website","url":"https:\/\/www.pressenza.com\/es\/","name":"Pressenza","description":"International Press Agency","publisher":{"@id":"https:\/\/www.pressenza.com\/es\/#organization"},"potentialAction":[{"@type":"SearchAction","target":{"@type":"EntryPoint","urlTemplate":"https:\/\/www.pressenza.com\/es\/?s={search_term_string}"},"query-input":{"@type":"PropertyValueSpecification","valueRequired":true,"valueName":"search_term_string"}}],"inLanguage":"es"},{"@type":"Organization","@id":"https:\/\/www.pressenza.com\/es\/#organization","name":"Pressenza","url":"https:\/\/www.pressenza.com\/es\/","logo":{"@type":"ImageObject","inLanguage":"es","@id":"https:\/\/www.pressenza.com\/es\/#\/schema\/logo\/image\/","url":"https:\/\/www.pressenza.com\/wp-content\/uploads\/2022\/10\/pressenza_logo_200x200.jpg","contentUrl":"https:\/\/www.pressenza.com\/wp-content\/uploads\/2022\/10\/pressenza_logo_200x200.jpg","width":200,"height":200,"caption":"Pressenza"},"image":{"@id":"https:\/\/www.pressenza.com\/es\/#\/schema\/logo\/image\/"},"sameAs":["https:\/\/www.facebook.com\/PressenzaItalia","https:\/\/x.com\/PressenzaIPA"]},{"@type":"Person","@id":"https:\/\/www.pressenza.com\/es\/#\/schema\/person\/d5ec6967bd81144e354045096ec84b6b","name":"IHPS","description":"Ver en Humanipedia: https:\/\/es.humanipedia.org TELEGRAM: https:\/\/t.me\/IHPSnuevosparadigmas","url":"https:\/\/www.pressenza.com\/es\/author\/ihps\/"}]}},"place":"Barcelona, Espa\u00f1a","original_article_url":"https:\/\/www.institutohps.org\/2024\/02\/19\/diallo-ablaye-genocidio-en-el-congo-y-silencio-total-de-la-comunidad-internacional\/","_links":{"self":[{"href":"https:\/\/www.pressenza.com\/es\/wp-json\/wp\/v2\/posts\/1826301","targetHints":{"allow":["GET"]}}],"collection":[{"href":"https:\/\/www.pressenza.com\/es\/wp-json\/wp\/v2\/posts"}],"about":[{"href":"https:\/\/www.pressenza.com\/es\/wp-json\/wp\/v2\/types\/post"}],"author":[{"embeddable":true,"href":"https:\/\/www.pressenza.com\/es\/wp-json\/wp\/v2\/users\/2099"}],"replies":[{"embeddable":true,"href":"https:\/\/www.pressenza.com\/es\/wp-json\/wp\/v2\/comments?post=1826301"}],"version-history":[{"count":0,"href":"https:\/\/www.pressenza.com\/es\/wp-json\/wp\/v2\/posts\/1826301\/revisions"}],"wp:featuredmedia":[{"embeddable":true,"href":"https:\/\/www.pressenza.com\/es\/wp-json\/wp\/v2\/media\/1826302"}],"wp:attachment":[{"href":"https:\/\/www.pressenza.com\/es\/wp-json\/wp\/v2\/media?parent=1826301"}],"wp:term":[{"taxonomy":"category","embeddable":true,"href":"https:\/\/www.pressenza.com\/es\/wp-json\/wp\/v2\/categories?post=1826301"},{"taxonomy":"post_tag","embeddable":true,"href":"https:\/\/www.pressenza.com\/es\/wp-json\/wp\/v2\/tags?post=1826301"}],"curies":[{"name":"wp","href":"https:\/\/api.w.org\/{rel}","templated":true}]}}