{"id":182235,"date":"2015-05-03T19:07:50","date_gmt":"2015-05-03T18:07:50","guid":{"rendered":"http:\/\/www.pressenza.com\/?p=182235"},"modified":"2015-05-04T15:04:12","modified_gmt":"2015-05-04T14:04:12","slug":"es-impresentable-que-duenos-de-medios-no-reconozcan-falta-de-pluralismo-en-chile","status":"publish","type":"post","link":"https:\/\/www.pressenza.com\/es\/2015\/05\/es-impresentable-que-duenos-de-medios-no-reconozcan-falta-de-pluralismo-en-chile\/","title":{"rendered":"Es impresentable que due\u00f1os de medios no reconozcan falta de pluralismo en Chile"},"content":{"rendered":"<p style=\"text-align: justify;\"><em>Javiera Olivares Particip\u00f3 Durante this ma\u00f1ana en la Conmemoraci\u00f3n del D\u00eda de la Libertad de Prensa en el Barrio Concha y Toro de Santiago, Ocasi\u00f3n En que Hizo Una Cr\u00edtica directa a la postura de Quienes, en la Pr\u00e1ctica, controlan El Libre Flujo de las Opini\u00f3nes y Expresiones en Chile.<\/em><\/p>\n<p style=\"text-align: justify;\">En el marco del acto de Conmemoraci\u00f3n del D\u00eda de la Libertad de Prensa en la plaza hom\u00f3nima del Barrio Concha y Toro en Santiago, la presidenta del Colegio de Periodistas de Chile, Javiera Olivares, se refiri\u00f3 a las Declaraciones Que hiciera el presidente de la Asociaci\u00f3n Nacional de la Prensa (ANP), Ricardo Hepp. En <a href=\"http:\/\/www.emol.com\/noticias\/nacional\/2015\/05\/03\/715219\/anp-dia.html\">entrevista<\/a> a la ONU medio digital, el dirigente Expreso Que \u00bb <em>incertidumbre del heno<\/em> \u00abpor los anuncios de Michelle Bachelet de Iniciar, en septiembre, la ONU\u00bb <em>Proceso constituyente<\/em> \u00ab.<\/p>\n<p style=\"text-align: justify;\"><a href=\"http:\/\/www.pressenza.com\/wp-content\/uploads\/2015\/05\/JOlivares.jpg\"><img loading=\"lazy\" decoding=\"async\" class=\"alignleft size-full wp-image-182236\" src=\"http:\/\/www.pressenza.com\/wp-content\/uploads\/2015\/05\/JOlivares.jpg\" alt=\"JOlivares\" width=\"344\" height=\"525\" srcset=\"https:\/\/www.pressenza.com\/wp-content\/uploads\/2015\/05\/JOlivares.jpg 344w, https:\/\/www.pressenza.com\/wp-content\/uploads\/2015\/05\/JOlivares-197x300.jpg 197w\" sizes=\"auto, (max-width: 344px) 100vw, 344px\" \/><\/a><\/p>\n<p style=\"text-align: justify;\">\u00bb <em>Es impresentable Que hoy Quienes Poseen la propiedad de los Grandes Medios no sean CAPACES de Reconocer Que el pluralismo en Chile this Puesto en entredicho<\/em> \u00abIndico Olivares. \u00bb <em>En un Pa\u00eds Donde casi no EXISTEN Los Medios P\u00fablicos, Donde ONU duopolio de la prensa Controla los impresos de Pr\u00e1cticamente todo el pais, Donde no hay Cabida Para La televisi\u00f3n universitaria y la p\u00fablica se Exclusivamente Financia por publicidad, Donde el espectro radioel\u00e9ctrico es casi Exclusivamente p\u00e1rrafo Privados, no hay Podemos Hablar de pluralismo<\/em> \u00abpuntualiz\u00f3.<\/p>\n<p style=\"text-align: justify;\">Con Relaci\u00f3n al \u00c1mbito escrito, sector al repre Que la ANP, el propio presidente de la Asociaci\u00f3n Nacional de Televisi\u00f3n (Anatel) Ernesto Corona reconoci\u00f3 el 16 de abril Durante las Jornadas de Periodismo en Televisi\u00f3n, ORGANIZADAS por Fucatel, Que \u00bb <em>en prensa Escrita Vivimos Situaci\u00f3n Una (de Concentraci\u00f3n) de Hecho<\/em> \u00ab.<\/p>\n<p style=\"text-align: justify;\">\u00bb <em>Resultan lamentables las Declaraciones del presidente de la ANP. No es correcto SumaRSE una los Intentos de sofocar la Participaci\u00f3n de la Ciudadan\u00eda p\u00e1rrafo debatir Nuestra Constituci\u00f3n. En El Momento hist\u00f3rico Que vive Chile, y LUEGO De que HEMOS Conocido todos los il\u00edcitos y faltas de transparencia en materia de Financiamiento a la Pol\u00edtica, M\u00e1s Que Nunca es el soberano, es Decir El Pueblo, El que D\u0119be discutir y Definir la Constituci\u00f3n Que regir\u00e1 el Chile de los Pr\u00f3ximos tiempos<\/em> \u00abse\u00f1al\u00f3 Olivares. In this SENTIDO Recordo Que \u00bb <em>Como Colegio de Periodistas ya HEMOS planteado la Necesidad de Una Nueva Constituci\u00f3n zanjada Por Una Asamblea Constituyente, postura Que Fue ratificado con Una S\u00f3lida majority Durante El \u00faltimo Congreso Nacional Realizado en Arica<\/em> \u00ab.<\/p>\n<p style=\"text-align: justify;\">Sobre los Temas Espec\u00edficos Que un Los Profesionales de la Informaci\u00f3n Interesa Que contenga la nueva Constituci\u00f3n, la dirigenta Indico Que \u00bb <em>ESPERAMOS Presidenta del la del que cumpla la palabra Que Empe\u00f1o CUANDO Como directiva nos reunimos con ella. Para Ello comprometi\u00f3 la Instalaci\u00f3n De Una mesa de trabajo o Comisi\u00f3n Asesora Presidencial Que incluya a la sociedad civil, el p\u00e1rrafo debatir Sobre la Necesaria democratizaci\u00f3n de los Medios de Comunicaci\u00f3n en Chile Aun ESPERAMOS Dicha conformaci\u00f3n, Porque CREEMOS Que DEBEMOS Garantizar el derecho a la Comunicaci\u00f3n en todos SUS Componentes:. Libertades de Prensa y Expresi\u00f3n , Pero tambi\u00e9n el Acceso a la Informaci\u00f3n de parte de la Ciudadan\u00eda<\/em> \u00ab.<\/p>\n","protected":false},"excerpt":{"rendered":"<p>Javiera Olivares Particip\u00f3 Durante this ma\u00f1ana en la Conmemoraci\u00f3n del D\u00eda de la Libertad de Prensa en el Barrio Concha y Toro de Santiago, Ocasi\u00f3n En que Hizo Una Cr\u00edtica directa a la postura de Quienes, en la Pr\u00e1ctica, controlan&hellip;<\/p>\n","protected":false},"author":43,"featured_media":182559,"comment_status":"closed","ping_status":"open","sticky":false,"template":"","format":"standard","meta":{"footnotes":""},"categories":[11389,75,161,67],"tags":[645,16155,9053,523],"class_list":["post-182235","post","type-post","status-publish","format-standard","has-post-thumbnail","hentry","category-contenido-original","category-cultura-es","category-opiniones","category-sudamerica","tag-libertad-de-expresion","tag-libertad-de-informacion","tag-libertad-de-prensa","tag-medios-de-comunicacion"],"yoast_head":"<!-- This site is optimized with the Yoast SEO plugin v27.1.1 - https:\/\/yoast.com\/product\/yoast-seo-wordpress\/ -->\n<title>Es impresentable que due\u00f1os de medios no reconozcan falta de pluralismo en Chile<\/title>\n<meta name=\"description\" content=\"Javiera Olivares Particip\u00f3 Durante this ma\u00f1ana en la Conmemoraci\u00f3n del D\u00eda de la Libertad de Prensa en el Barrio Concha y Toro de Santiago, Ocasi\u00f3n En que\" \/>\n<meta name=\"robots\" content=\"index, follow, max-snippet:-1, max-image-preview:large, max-video-preview:-1\" \/>\n<link rel=\"canonical\" href=\"https:\/\/www.pressenza.com\/es\/2015\/05\/es-impresentable-que-duenos-de-medios-no-reconozcan-falta-de-pluralismo-en-chile\/\" \/>\n<meta property=\"og:locale\" content=\"es_ES\" \/>\n<meta property=\"og:type\" content=\"article\" \/>\n<meta property=\"og:title\" content=\"Es impresentable que due\u00f1os de medios no reconozcan falta de pluralismo en Chile\" \/>\n<meta property=\"og:description\" content=\"Javiera Olivares Particip\u00f3 Durante this ma\u00f1ana en la Conmemoraci\u00f3n del D\u00eda de la Libertad de Prensa en el Barrio Concha y Toro de Santiago, Ocasi\u00f3n En que\" \/>\n<meta property=\"og:url\" content=\"https:\/\/www.pressenza.com\/es\/2015\/05\/es-impresentable-que-duenos-de-medios-no-reconozcan-falta-de-pluralismo-en-chile\/\" \/>\n<meta property=\"og:site_name\" content=\"Pressenza\" \/>\n<meta property=\"article:publisher\" content=\"https:\/\/www.facebook.com\/PressenzaItalia\" \/>\n<meta property=\"article:author\" content=\"https:\/\/www.facebook.com\/pressenza\" \/>\n<meta property=\"article:published_time\" content=\"2015-05-03T18:07:50+00:00\" \/>\n<meta property=\"article:modified_time\" content=\"2015-05-04T14:04:12+00:00\" \/>\n<meta property=\"og:image\" content=\"https:\/\/www.pressenza.com\/wp-content\/uploads\/2015\/05\/plaza_libertad_de_prensa-750x595.jpg\" \/>\n\t<meta property=\"og:image:width\" content=\"750\" \/>\n\t<meta property=\"og:image:height\" content=\"552\" \/>\n\t<meta property=\"og:image:type\" content=\"image\/jpeg\" \/>\n<meta name=\"author\" content=\"Redacci\u00f3n Chile\" \/>\n<meta name=\"twitter:card\" content=\"summary_large_image\" \/>\n<meta name=\"twitter:creator\" content=\"@pressenza\" \/>\n<meta name=\"twitter:site\" content=\"@PressenzaIPA\" \/>\n<meta name=\"twitter:label1\" content=\"Escrito por\" \/>\n\t<meta name=\"twitter:data1\" content=\"Redacci\u00f3n Chile\" \/>\n\t<meta name=\"twitter:label2\" content=\"Tiempo de lectura\" \/>\n\t<meta name=\"twitter:data2\" content=\"3 minutos\" \/>\n<script type=\"application\/ld+json\" class=\"yoast-schema-graph\">{\"@context\":\"https:\/\/schema.org\",\"@graph\":[{\"@type\":\"Article\",\"@id\":\"https:\/\/www.pressenza.com\/es\/2015\/05\/es-impresentable-que-duenos-de-medios-no-reconozcan-falta-de-pluralismo-en-chile\/#article\",\"isPartOf\":{\"@id\":\"https:\/\/www.pressenza.com\/es\/2015\/05\/es-impresentable-que-duenos-de-medios-no-reconozcan-falta-de-pluralismo-en-chile\/\"},\"author\":{\"name\":\"Redacci\u00f3n Chile\",\"@id\":\"https:\/\/www.pressenza.com\/es\/#\/schema\/person\/d7db40df35d6698ba69ba9ee260944ed\"},\"headline\":\"Es impresentable que due\u00f1os de medios no reconozcan falta de pluralismo en Chile\",\"datePublished\":\"2015-05-03T18:07:50+00:00\",\"dateModified\":\"2015-05-04T14:04:12+00:00\",\"mainEntityOfPage\":{\"@id\":\"https:\/\/www.pressenza.com\/es\/2015\/05\/es-impresentable-que-duenos-de-medios-no-reconozcan-falta-de-pluralismo-en-chile\/\"},\"wordCount\":560,\"publisher\":{\"@id\":\"https:\/\/www.pressenza.com\/es\/#organization\"},\"image\":{\"@id\":\"https:\/\/www.pressenza.com\/es\/2015\/05\/es-impresentable-que-duenos-de-medios-no-reconozcan-falta-de-pluralismo-en-chile\/#primaryimage\"},\"thumbnailUrl\":\"https:\/\/www.pressenza.com\/wp-content\/uploads\/2015\/05\/plaza_libertad_de_prensa-750x595.jpg\",\"keywords\":[\"Libertad de expresi\u00f3n\",\"libertad de informaci\u00f3n\",\"libertad de prensa\",\"medios de comunicaci\u00f3n\"],\"articleSection\":[\"Contenido Original\",\"Cultura y Medios\",\"Opiniones\",\"Sudam\u00e9rica\"],\"inLanguage\":\"es\"},{\"@type\":\"WebPage\",\"@id\":\"https:\/\/www.pressenza.com\/es\/2015\/05\/es-impresentable-que-duenos-de-medios-no-reconozcan-falta-de-pluralismo-en-chile\/\",\"url\":\"https:\/\/www.pressenza.com\/es\/2015\/05\/es-impresentable-que-duenos-de-medios-no-reconozcan-falta-de-pluralismo-en-chile\/\",\"name\":\"Es impresentable que due\u00f1os de medios no reconozcan falta de pluralismo en Chile\",\"isPartOf\":{\"@id\":\"https:\/\/www.pressenza.com\/es\/#website\"},\"primaryImageOfPage\":{\"@id\":\"https:\/\/www.pressenza.com\/es\/2015\/05\/es-impresentable-que-duenos-de-medios-no-reconozcan-falta-de-pluralismo-en-chile\/#primaryimage\"},\"image\":{\"@id\":\"https:\/\/www.pressenza.com\/es\/2015\/05\/es-impresentable-que-duenos-de-medios-no-reconozcan-falta-de-pluralismo-en-chile\/#primaryimage\"},\"thumbnailUrl\":\"https:\/\/www.pressenza.com\/wp-content\/uploads\/2015\/05\/plaza_libertad_de_prensa-750x595.jpg\",\"datePublished\":\"2015-05-03T18:07:50+00:00\",\"dateModified\":\"2015-05-04T14:04:12+00:00\",\"description\":\"Javiera Olivares Particip\u00f3 Durante this ma\u00f1ana en la Conmemoraci\u00f3n del D\u00eda de la Libertad de Prensa en el Barrio Concha y Toro de Santiago, Ocasi\u00f3n En que\",\"breadcrumb\":{\"@id\":\"https:\/\/www.pressenza.com\/es\/2015\/05\/es-impresentable-que-duenos-de-medios-no-reconozcan-falta-de-pluralismo-en-chile\/#breadcrumb\"},\"inLanguage\":\"es\",\"potentialAction\":[{\"@type\":\"ReadAction\",\"target\":[\"https:\/\/www.pressenza.com\/es\/2015\/05\/es-impresentable-que-duenos-de-medios-no-reconozcan-falta-de-pluralismo-en-chile\/\"]}]},{\"@type\":\"ImageObject\",\"inLanguage\":\"es\",\"@id\":\"https:\/\/www.pressenza.com\/es\/2015\/05\/es-impresentable-que-duenos-de-medios-no-reconozcan-falta-de-pluralismo-en-chile\/#primaryimage\",\"url\":\"https:\/\/www.pressenza.com\/wp-content\/uploads\/2015\/05\/plaza_libertad_de_prensa-750x595.jpg\",\"contentUrl\":\"https:\/\/www.pressenza.com\/wp-content\/uploads\/2015\/05\/plaza_libertad_de_prensa-750x595.jpg\",\"width\":750,\"height\":552},{\"@type\":\"BreadcrumbList\",\"@id\":\"https:\/\/www.pressenza.com\/es\/2015\/05\/es-impresentable-que-duenos-de-medios-no-reconozcan-falta-de-pluralismo-en-chile\/#breadcrumb\",\"itemListElement\":[{\"@type\":\"ListItem\",\"position\":1,\"name\":\"Accueil\",\"item\":\"https:\/\/www.pressenza.com\/es\/\"},{\"@type\":\"ListItem\",\"position\":2,\"name\":\"Es impresentable que due\u00f1os de medios no reconozcan falta de pluralismo en Chile\"}]},{\"@type\":\"WebSite\",\"@id\":\"https:\/\/www.pressenza.com\/es\/#website\",\"url\":\"https:\/\/www.pressenza.com\/es\/\",\"name\":\"Pressenza\",\"description\":\"International Press Agency\",\"publisher\":{\"@id\":\"https:\/\/www.pressenza.com\/es\/#organization\"},\"potentialAction\":[{\"@type\":\"SearchAction\",\"target\":{\"@type\":\"EntryPoint\",\"urlTemplate\":\"https:\/\/www.pressenza.com\/es\/?s={search_term_string}\"},\"query-input\":{\"@type\":\"PropertyValueSpecification\",\"valueRequired\":true,\"valueName\":\"search_term_string\"}}],\"inLanguage\":\"es\"},{\"@type\":\"Organization\",\"@id\":\"https:\/\/www.pressenza.com\/es\/#organization\",\"name\":\"Pressenza\",\"url\":\"https:\/\/www.pressenza.com\/es\/\",\"logo\":{\"@type\":\"ImageObject\",\"inLanguage\":\"es\",\"@id\":\"https:\/\/www.pressenza.com\/es\/#\/schema\/logo\/image\/\",\"url\":\"https:\/\/www.pressenza.com\/wp-content\/uploads\/2022\/10\/pressenza_logo_200x200.jpg\",\"contentUrl\":\"https:\/\/www.pressenza.com\/wp-content\/uploads\/2022\/10\/pressenza_logo_200x200.jpg\",\"width\":200,\"height\":200,\"caption\":\"Pressenza\"},\"image\":{\"@id\":\"https:\/\/www.pressenza.com\/es\/#\/schema\/logo\/image\/\"},\"sameAs\":[\"https:\/\/www.facebook.com\/PressenzaItalia\",\"https:\/\/x.com\/PressenzaIPA\"]},{\"@type\":\"Person\",\"@id\":\"https:\/\/www.pressenza.com\/es\/#\/schema\/person\/d7db40df35d6698ba69ba9ee260944ed\",\"name\":\"Redacci\u00f3n Chile\",\"description\":\"News from the Pressenza Bureau in Chile\",\"sameAs\":[\"https:\/\/www.facebook.com\/pressenza\",\"https:\/\/x.com\/pressenza\"],\"url\":\"https:\/\/www.pressenza.com\/es\/author\/redaccion-chile\/\"}]}<\/script>\n<!-- \/ Yoast SEO plugin. -->","yoast_head_json":{"title":"Es impresentable que due\u00f1os de medios no reconozcan falta de pluralismo en Chile","description":"Javiera Olivares Particip\u00f3 Durante this ma\u00f1ana en la Conmemoraci\u00f3n del D\u00eda de la Libertad de Prensa en el Barrio Concha y Toro de Santiago, Ocasi\u00f3n En que","robots":{"index":"index","follow":"follow","max-snippet":"max-snippet:-1","max-image-preview":"max-image-preview:large","max-video-preview":"max-video-preview:-1"},"canonical":"https:\/\/www.pressenza.com\/es\/2015\/05\/es-impresentable-que-duenos-de-medios-no-reconozcan-falta-de-pluralismo-en-chile\/","og_locale":"es_ES","og_type":"article","og_title":"Es impresentable que due\u00f1os de medios no reconozcan falta de pluralismo en Chile","og_description":"Javiera Olivares Particip\u00f3 Durante this ma\u00f1ana en la Conmemoraci\u00f3n del D\u00eda de la Libertad de Prensa en el Barrio Concha y Toro de Santiago, Ocasi\u00f3n En que","og_url":"https:\/\/www.pressenza.com\/es\/2015\/05\/es-impresentable-que-duenos-de-medios-no-reconozcan-falta-de-pluralismo-en-chile\/","og_site_name":"Pressenza","article_publisher":"https:\/\/www.facebook.com\/PressenzaItalia","article_author":"https:\/\/www.facebook.com\/pressenza","article_published_time":"2015-05-03T18:07:50+00:00","article_modified_time":"2015-05-04T14:04:12+00:00","og_image":[{"width":750,"height":552,"url":"https:\/\/www.pressenza.com\/wp-content\/uploads\/2015\/05\/plaza_libertad_de_prensa-750x595.jpg","type":"image\/jpeg"}],"author":"Redacci\u00f3n Chile","twitter_card":"summary_large_image","twitter_creator":"@pressenza","twitter_site":"@PressenzaIPA","twitter_misc":{"Escrito por":"Redacci\u00f3n Chile","Tiempo de lectura":"3 minutos"},"schema":{"@context":"https:\/\/schema.org","@graph":[{"@type":"Article","@id":"https:\/\/www.pressenza.com\/es\/2015\/05\/es-impresentable-que-duenos-de-medios-no-reconozcan-falta-de-pluralismo-en-chile\/#article","isPartOf":{"@id":"https:\/\/www.pressenza.com\/es\/2015\/05\/es-impresentable-que-duenos-de-medios-no-reconozcan-falta-de-pluralismo-en-chile\/"},"author":{"name":"Redacci\u00f3n Chile","@id":"https:\/\/www.pressenza.com\/es\/#\/schema\/person\/d7db40df35d6698ba69ba9ee260944ed"},"headline":"Es impresentable que due\u00f1os de medios no reconozcan falta de pluralismo en Chile","datePublished":"2015-05-03T18:07:50+00:00","dateModified":"2015-05-04T14:04:12+00:00","mainEntityOfPage":{"@id":"https:\/\/www.pressenza.com\/es\/2015\/05\/es-impresentable-que-duenos-de-medios-no-reconozcan-falta-de-pluralismo-en-chile\/"},"wordCount":560,"publisher":{"@id":"https:\/\/www.pressenza.com\/es\/#organization"},"image":{"@id":"https:\/\/www.pressenza.com\/es\/2015\/05\/es-impresentable-que-duenos-de-medios-no-reconozcan-falta-de-pluralismo-en-chile\/#primaryimage"},"thumbnailUrl":"https:\/\/www.pressenza.com\/wp-content\/uploads\/2015\/05\/plaza_libertad_de_prensa-750x595.jpg","keywords":["Libertad de expresi\u00f3n","libertad de informaci\u00f3n","libertad de prensa","medios de comunicaci\u00f3n"],"articleSection":["Contenido Original","Cultura y Medios","Opiniones","Sudam\u00e9rica"],"inLanguage":"es"},{"@type":"WebPage","@id":"https:\/\/www.pressenza.com\/es\/2015\/05\/es-impresentable-que-duenos-de-medios-no-reconozcan-falta-de-pluralismo-en-chile\/","url":"https:\/\/www.pressenza.com\/es\/2015\/05\/es-impresentable-que-duenos-de-medios-no-reconozcan-falta-de-pluralismo-en-chile\/","name":"Es impresentable que due\u00f1os de medios no reconozcan falta de pluralismo en Chile","isPartOf":{"@id":"https:\/\/www.pressenza.com\/es\/#website"},"primaryImageOfPage":{"@id":"https:\/\/www.pressenza.com\/es\/2015\/05\/es-impresentable-que-duenos-de-medios-no-reconozcan-falta-de-pluralismo-en-chile\/#primaryimage"},"image":{"@id":"https:\/\/www.pressenza.com\/es\/2015\/05\/es-impresentable-que-duenos-de-medios-no-reconozcan-falta-de-pluralismo-en-chile\/#primaryimage"},"thumbnailUrl":"https:\/\/www.pressenza.com\/wp-content\/uploads\/2015\/05\/plaza_libertad_de_prensa-750x595.jpg","datePublished":"2015-05-03T18:07:50+00:00","dateModified":"2015-05-04T14:04:12+00:00","description":"Javiera Olivares Particip\u00f3 Durante this ma\u00f1ana en la Conmemoraci\u00f3n del D\u00eda de la Libertad de Prensa en el Barrio Concha y Toro de Santiago, Ocasi\u00f3n En que","breadcrumb":{"@id":"https:\/\/www.pressenza.com\/es\/2015\/05\/es-impresentable-que-duenos-de-medios-no-reconozcan-falta-de-pluralismo-en-chile\/#breadcrumb"},"inLanguage":"es","potentialAction":[{"@type":"ReadAction","target":["https:\/\/www.pressenza.com\/es\/2015\/05\/es-impresentable-que-duenos-de-medios-no-reconozcan-falta-de-pluralismo-en-chile\/"]}]},{"@type":"ImageObject","inLanguage":"es","@id":"https:\/\/www.pressenza.com\/es\/2015\/05\/es-impresentable-que-duenos-de-medios-no-reconozcan-falta-de-pluralismo-en-chile\/#primaryimage","url":"https:\/\/www.pressenza.com\/wp-content\/uploads\/2015\/05\/plaza_libertad_de_prensa-750x595.jpg","contentUrl":"https:\/\/www.pressenza.com\/wp-content\/uploads\/2015\/05\/plaza_libertad_de_prensa-750x595.jpg","width":750,"height":552},{"@type":"BreadcrumbList","@id":"https:\/\/www.pressenza.com\/es\/2015\/05\/es-impresentable-que-duenos-de-medios-no-reconozcan-falta-de-pluralismo-en-chile\/#breadcrumb","itemListElement":[{"@type":"ListItem","position":1,"name":"Accueil","item":"https:\/\/www.pressenza.com\/es\/"},{"@type":"ListItem","position":2,"name":"Es impresentable que due\u00f1os de medios no reconozcan falta de pluralismo en Chile"}]},{"@type":"WebSite","@id":"https:\/\/www.pressenza.com\/es\/#website","url":"https:\/\/www.pressenza.com\/es\/","name":"Pressenza","description":"International Press Agency","publisher":{"@id":"https:\/\/www.pressenza.com\/es\/#organization"},"potentialAction":[{"@type":"SearchAction","target":{"@type":"EntryPoint","urlTemplate":"https:\/\/www.pressenza.com\/es\/?s={search_term_string}"},"query-input":{"@type":"PropertyValueSpecification","valueRequired":true,"valueName":"search_term_string"}}],"inLanguage":"es"},{"@type":"Organization","@id":"https:\/\/www.pressenza.com\/es\/#organization","name":"Pressenza","url":"https:\/\/www.pressenza.com\/es\/","logo":{"@type":"ImageObject","inLanguage":"es","@id":"https:\/\/www.pressenza.com\/es\/#\/schema\/logo\/image\/","url":"https:\/\/www.pressenza.com\/wp-content\/uploads\/2022\/10\/pressenza_logo_200x200.jpg","contentUrl":"https:\/\/www.pressenza.com\/wp-content\/uploads\/2022\/10\/pressenza_logo_200x200.jpg","width":200,"height":200,"caption":"Pressenza"},"image":{"@id":"https:\/\/www.pressenza.com\/es\/#\/schema\/logo\/image\/"},"sameAs":["https:\/\/www.facebook.com\/PressenzaItalia","https:\/\/x.com\/PressenzaIPA"]},{"@type":"Person","@id":"https:\/\/www.pressenza.com\/es\/#\/schema\/person\/d7db40df35d6698ba69ba9ee260944ed","name":"Redacci\u00f3n Chile","description":"News from the Pressenza Bureau in Chile","sameAs":["https:\/\/www.facebook.com\/pressenza","https:\/\/x.com\/pressenza"],"url":"https:\/\/www.pressenza.com\/es\/author\/redaccion-chile\/"}]}},"place":"Santiago","original_article_url":"","_links":{"self":[{"href":"https:\/\/www.pressenza.com\/es\/wp-json\/wp\/v2\/posts\/182235","targetHints":{"allow":["GET"]}}],"collection":[{"href":"https:\/\/www.pressenza.com\/es\/wp-json\/wp\/v2\/posts"}],"about":[{"href":"https:\/\/www.pressenza.com\/es\/wp-json\/wp\/v2\/types\/post"}],"author":[{"embeddable":true,"href":"https:\/\/www.pressenza.com\/es\/wp-json\/wp\/v2\/users\/43"}],"replies":[{"embeddable":true,"href":"https:\/\/www.pressenza.com\/es\/wp-json\/wp\/v2\/comments?post=182235"}],"version-history":[{"count":0,"href":"https:\/\/www.pressenza.com\/es\/wp-json\/wp\/v2\/posts\/182235\/revisions"}],"wp:featuredmedia":[{"embeddable":true,"href":"https:\/\/www.pressenza.com\/es\/wp-json\/wp\/v2\/media\/182559"}],"wp:attachment":[{"href":"https:\/\/www.pressenza.com\/es\/wp-json\/wp\/v2\/media?parent=182235"}],"wp:term":[{"taxonomy":"category","embeddable":true,"href":"https:\/\/www.pressenza.com\/es\/wp-json\/wp\/v2\/categories?post=182235"},{"taxonomy":"post_tag","embeddable":true,"href":"https:\/\/www.pressenza.com\/es\/wp-json\/wp\/v2\/tags?post=182235"}],"curies":[{"name":"wp","href":"https:\/\/api.w.org\/{rel}","templated":true}]}}