{"id":181772,"date":"2015-04-30T15:43:13","date_gmt":"2015-04-30T14:43:13","guid":{"rendered":"http:\/\/www.pressenza.com\/?p=181772"},"modified":"2015-04-30T15:43:13","modified_gmt":"2015-04-30T14:43:13","slug":"la-conferencia-sobre-desarme-nuclear-arranca-con-olor-a-guerra-fria","status":"publish","type":"post","link":"https:\/\/www.pressenza.com\/es\/2015\/04\/la-conferencia-sobre-desarme-nuclear-arranca-con-olor-a-guerra-fria\/","title":{"rendered":"La conferencia sobre desarme nuclear arranca con olor a Guerra Fr\u00eda"},"content":{"rendered":"<p><em><strong>Por Thalif Deen<\/strong><\/em><\/p>\n<p>En el contexto de una nueva Guerra Fr\u00eda entre Estados Unidos y Rusia, la Organizaci\u00f3n de las Naciones Unidas (ONU) inaugur\u00f3 la quinquenal conferencia internacional de examen del Tratado de No Proliferaci\u00f3n Nuclear (TNP) el lunes 27.<span id=\"more-127762\"><\/span><\/p>\n<p>En la conferencia de este a\u00f1o, que se desarrollar\u00e1 durante cuatro semanas hasta el 22 de mayo, se analizar\u00e1 la propuesta de un tratado de prohibici\u00f3n de las armas nucleares.<\/p>\n<p>\u201cLa eliminaci\u00f3n de las armas nucleares es una prioridad\u201d para la ONU, declar\u00f3 el secretario general Ban Ki-moon, ante los delegados presentes el lunes.<\/p>\n<p>\u201cNinguna otra arma tiene el potencial para causar tal destrucci\u00f3n sin sentido en nuestro mundo\u201d, agreg\u00f3 Ban, un defensor incansable del desarme nuclear.<\/p>\n<p>El secretario general calific\u00f3 al <a href=\"http:\/\/www.un.org\/disarmament\/WMD\/Nuclear\/pdf\/NPTSpanish_Text.pdf\">TNP<\/a> de piedra angular del r\u00e9gimen de no proliferaci\u00f3n y la base fundamental para la realizaci\u00f3n de un mundo sin armas nucleares.<\/p>\n<p>\u201cSi dependemos solamente del TNP para cumplir con el desarme nuclear, vamos a esperar toda la vida, con el riesgo perpetuo de detonaciones y cat\u00e1strofes nucleares\u201d, advirti\u00f3 Rebecca Johnson, directora del <a href=\"http:\/\/www.acronym.org.uk\/\">Instituto Acr\u00f3nimo para la Diplomacia del Desarme<\/a> y expresidenta de la <a href=\"http:\/\/es.icanw.org\/\">Campa\u00f1a Internacional para Abolir las Armas Nucleares<\/a> (Ican, en ingl\u00e9s).<\/p>\n<p>\u201cEsto se debe a que los cinco Estados con armas nucleares tratan al TNP como si les diera permiso para modernizar sus arsenales a perpetuidad, mientras que otros gobiernos con armas nucleares act\u00faan como si el TNP no tuviera nada que ver con ellos\u201d, agreg\u00f3.<\/p>\n<p>A las primeras cinco potencias nucleares, China, Estados Unidos, Francia, Gran Breta\u00f1a y Rusia, con el correr de los a\u00f1os se les sumaron Corea del Norte, India, Israel y Pakist\u00e1n, los cuales no firmaron el TNP.<\/p>\n<p>\u201cEl tratado de prohibici\u00f3n nuclear, de aplicaci\u00f3n universal, est\u00e1 claramente en la orden del d\u00eda como la mejor forma de acelerar el desarme nuclear regional e internacional, reforzar el r\u00e9gimen de no proliferaci\u00f3n y ejercer presi\u00f3n a todos los gobiernos con armas nucleares\u201d, asegur\u00f3 Johnson con respecto a la conferencia.<\/p>\n<p>Ban manifest\u00f3 su decepci\u00f3n por la situaci\u00f3n actual en materia de desarme nuclear, y record\u00f3 que entre 1990 y 2010 la comunidad internacional tom\u00f3 medidas audaces para liberar al mundo de este tipo de armas.<\/p>\n<p>Los arsenales nucleares se redujeron considerablemente, los Estados clausuraron instalaciones de almacenamiento de las armas y dieron pasos destacados para adoptar pol\u00edticas nucleares m\u00e1s transparentes, indic\u00f3.<\/p>\n<p>\u201cEstoy profundamente preocupado porque en los \u00faltimos cinco a\u00f1os este proceso parece haberse estancado. Es especialmente preocupante que los \u00faltimos acontecimientos indiquen que la tendencia hacia la eliminaci\u00f3n de las armas nucleares se est\u00e1 revirtiendo. En vez de avanzar\u2026 tenemos denuncias de infracciones desestabilizadoras de los acuerdos existentes\u201d, afirm\u00f3.<\/p>\n<p>\u201cVemos costosos programas de modernizaci\u00f3n que afianzar\u00e1n las armas nucleares en las pr\u00f3ximas d\u00e9cadas\u201d, en lugar de tratados que proh\u00edban los ensayos nucleares o la producci\u00f3n de materiales nucleares con fines b\u00e9licos, denunci\u00f3 Ban.<\/p>\n<p>El domingo 26, <a href=\"http:\/\/www.peaceandplanet.org\/\">Paz y Planeta<\/a>, una alianza de cientos de activistas antinucleares y representantes de organizaciones no gubernamentales (ONG), entreg\u00f3 m\u00e1s de ocho millones de firmas por el desarme nuclear, tras una marcha por la paz ante la sede de la ONU en Nueva York.<\/p>\n<p>El presidente de la conferencia de examen del TNP, el embajador de Argelia, Taous Ferouji, y la ONU recibieron varias peticiones de ONG que reclaman la realizaci\u00f3n de negociaciones para la eliminaci\u00f3n total de las armas nucleares.<\/p>\n<p>Pero se prev\u00e9 que esa propuesta encuentre la fuerte oposici\u00f3n de China, Estados Unidos, Francia, Gran Breta\u00f1a y Rusia.<\/p>\n<p>Seg\u00fan datos de la alianza, el s\u00e1bado 25 se realiz\u00f3 una conferencia internacional en Nueva York, con la asistencia de 700 activistas por la paz, y el domingo 26 continu\u00f3 con una convocatoria ecum\u00e9nica a la cual asistieron l\u00edderes religiosos cristianos, musulmanes, budistas, jud\u00edos y sinto\u00edstas, adem\u00e1s de una manifestaci\u00f3n pacifista con m\u00e1s de 7.500 activistas.<\/p>\n<p>\u201cReconociendo las profundas fallas del TNP, vemos la importancia de la fuerte presencia de la sociedad civil en la conferencia de examen de 2015, con un llamado de atenci\u00f3n para que las negociaciones sobre la eliminaci\u00f3n de las armas nucleares comiencen de inmediato\u201d, exhort\u00f3 Jackie Cabasso,\u00a0 de la<a href=\"http:\/\/www.wslfweb.org\/\"> Fundaci\u00f3n Legal de los Estados Occidentales<\/a>.<\/p>\n<p>\u201cTambi\u00e9n nos dimos cuenta de que una multitud de problemas planetarios se derivan de las mismas causas. Por eso reunimos a una amplia coalici\u00f3n de defensores de la paz, el medio ambiente y la justicia econ\u00f3mica para generar voluntad pol\u00edtica en aras de nuestros objetivos comunes\u201d, a\u00f1adi\u00f3.<\/p>\n<p>La <a href=\"http:\/\/www.armscontrol.org\/\">Asociaci\u00f3n por el Control de las Armas<\/a>, con sede en Washington, destac\u00f3 que, en lugar de las decenas de Estados con armas nucleares que se preve\u00edan antes de que el TNP entrara en vigor en 1970, solo Corea del Norte, India, Israel y Pakist\u00e1n se sumaron al club inicial de las cinco potencias nucleares, y que el tab\u00fa contra el uso de estas armas es m\u00e1s fuerte ahora.<\/p>\n<p>La conferencia de revisi\u00f3n del TNP ofrece una oportunidad importante para que los Estados signatarios adopten un plan de acci\u00f3n equilibrado, con visi\u00f3n de futuro, que mejore las garant\u00edas, vigile a quienes se retiren del tratado, acelere el progreso en materia de desarme y afronte los retos regionales de proliferaci\u00f3n nuclear, seg\u00fan la Asociaci\u00f3n.<\/p>\n<p>Sin embargo, es probable que la conferencia en curso revele las tensiones existentes con respecto a la aplicaci\u00f3n de los 65 compromisos del plan de acci\u00f3n acordado en la conferencia anterior, en 2010, advirti\u00f3.<\/p>\n<p>\u201cHay una frustraci\u00f3n generalizada por la lentitud en alcanzar los objetivos de desarme nuclear del art\u00edculo VI del TNP\u201d, referido a que las potencias emprendan negociaciones de buena fe para la eliminaci\u00f3n de sus arsenales nucleares, y por \u201cla falta de acuerdo entre las partes del tratado sobre la mejor manera de avanzar\u201d, a\u00f1adi\u00f3.<\/p>\n<p>Aunque Estados Unidos y Rusia est\u00e1n aplicando el Nuevo Tratado de Reducci\u00f3n de Armas Estrat\u00e9gicas de 2010, conocido como START, no est\u00e1n negociando futuras reducciones de sus arsenales.<\/p>\n<p>\u201cAlgunos Estados probablemente critiquen a la anexi\u00f3n rusa de Ucrania como una violaci\u00f3n de los compromisos de seguridad asumidos en 1994, cuando Kiev se sum\u00f3 al TNP como Estado no poseedor de armas nucleares\u201d, se\u00f1al\u00f3 la Asociaci\u00f3n.<\/p>\n<p>Las pr\u00f3ximas semanas \u201cser\u00e1n un reto\u201d, expres\u00f3 Ban ante los participantes en la conferencia.<\/p>\n<p>Les pido que act\u00faen con urgencia para cumplir las responsabilidades que les confiaron los pueblos del mundo que buscan un futuro m\u00e1s seguro para todos\u201d, exhort\u00f3.<\/p>\n<p><em>Editado por Kitty Stapp \/ Traducido por \u00c1lvaro Queiruga<\/em><\/p>\n","protected":false},"excerpt":{"rendered":"<p>Por Thalif Deen En el contexto de una nueva Guerra Fr\u00eda entre Estados Unidos y Rusia, la Organizaci\u00f3n de las Naciones Unidas (ONU) inaugur\u00f3 la quinquenal conferencia internacional de examen del Tratado de No Proliferaci\u00f3n Nuclear (TNP) el lunes 27.&hellip;<\/p>\n","protected":false},"author":347,"featured_media":181773,"comment_status":"closed","ping_status":"open","sticky":false,"template":"","format":"standard","meta":{"footnotes":""},"categories":[1243],"tags":[650,3407,649,208,419,623],"class_list":["post-181772","post","type-post","status-publish","format-standard","has-post-thumbnail","hentry","category-paz-desarme","tag-desarme-nuclear","tag-ican","tag-naciones-unidas","tag-onu","tag-paz","tag-violencia"],"yoast_head":"<!-- This site is optimized with the Yoast SEO plugin v27.1.1 - https:\/\/yoast.com\/product\/yoast-seo-wordpress\/ -->\n<title>La conferencia sobre desarme nuclear arranca con olor a Guerra Fr\u00eda<\/title>\n<meta name=\"description\" content=\"Por Thalif Deen En el contexto de una nueva Guerra Fr\u00eda entre Estados Unidos y Rusia, la Organizaci\u00f3n de las Naciones Unidas (ONU) inaugur\u00f3 la quinquenal\" \/>\n<meta name=\"robots\" content=\"index, follow, max-snippet:-1, max-image-preview:large, max-video-preview:-1\" \/>\n<link rel=\"canonical\" href=\"https:\/\/www.pressenza.com\/es\/2015\/04\/la-conferencia-sobre-desarme-nuclear-arranca-con-olor-a-guerra-fria\/\" \/>\n<meta property=\"og:locale\" content=\"es_ES\" \/>\n<meta property=\"og:type\" content=\"article\" \/>\n<meta property=\"og:title\" content=\"La conferencia sobre desarme nuclear arranca con olor a Guerra Fr\u00eda\" \/>\n<meta property=\"og:description\" content=\"Por Thalif Deen En el contexto de una nueva Guerra Fr\u00eda entre Estados Unidos y Rusia, la Organizaci\u00f3n de las Naciones Unidas (ONU) inaugur\u00f3 la quinquenal\" \/>\n<meta property=\"og:url\" content=\"https:\/\/www.pressenza.com\/es\/2015\/04\/la-conferencia-sobre-desarme-nuclear-arranca-con-olor-a-guerra-fria\/\" \/>\n<meta property=\"og:site_name\" content=\"Pressenza\" \/>\n<meta property=\"article:publisher\" content=\"https:\/\/www.facebook.com\/PressenzaItalia\" \/>\n<meta property=\"article:author\" content=\"http:\/\/www.facebook.com\/ipsnoticias\" \/>\n<meta property=\"article:published_time\" content=\"2015-04-30T14:43:13+00:00\" \/>\n<meta property=\"og:image\" content=\"https:\/\/www.pressenza.com\/wp-content\/uploads\/2015\/04\/npt-review-629x420-629x420.jpg\" \/>\n\t<meta property=\"og:image:width\" content=\"629\" \/>\n\t<meta property=\"og:image:height\" content=\"420\" \/>\n\t<meta property=\"og:image:type\" content=\"image\/jpeg\" \/>\n<meta name=\"author\" content=\"Inter Press Service\" \/>\n<meta name=\"twitter:card\" content=\"summary_large_image\" \/>\n<meta name=\"twitter:creator\" content=\"@ipsnoticias\" \/>\n<meta name=\"twitter:site\" content=\"@PressenzaIPA\" \/>\n<meta name=\"twitter:label1\" content=\"Escrito por\" \/>\n\t<meta name=\"twitter:data1\" content=\"Inter Press Service\" \/>\n\t<meta name=\"twitter:label2\" content=\"Tiempo de lectura\" \/>\n\t<meta name=\"twitter:data2\" content=\"6 minutos\" \/>\n<script type=\"application\/ld+json\" class=\"yoast-schema-graph\">{\"@context\":\"https:\/\/schema.org\",\"@graph\":[{\"@type\":\"Article\",\"@id\":\"https:\/\/www.pressenza.com\/es\/2015\/04\/la-conferencia-sobre-desarme-nuclear-arranca-con-olor-a-guerra-fria\/#article\",\"isPartOf\":{\"@id\":\"https:\/\/www.pressenza.com\/es\/2015\/04\/la-conferencia-sobre-desarme-nuclear-arranca-con-olor-a-guerra-fria\/\"},\"author\":{\"name\":\"Inter Press Service\",\"@id\":\"https:\/\/www.pressenza.com\/es\/#\/schema\/person\/7467f88f6765c239bdd52f3c432de81a\"},\"headline\":\"La conferencia sobre desarme nuclear arranca con olor a Guerra Fr\u00eda\",\"datePublished\":\"2015-04-30T14:43:13+00:00\",\"mainEntityOfPage\":{\"@id\":\"https:\/\/www.pressenza.com\/es\/2015\/04\/la-conferencia-sobre-desarme-nuclear-arranca-con-olor-a-guerra-fria\/\"},\"wordCount\":1139,\"publisher\":{\"@id\":\"https:\/\/www.pressenza.com\/es\/#organization\"},\"image\":{\"@id\":\"https:\/\/www.pressenza.com\/es\/2015\/04\/la-conferencia-sobre-desarme-nuclear-arranca-con-olor-a-guerra-fria\/#primaryimage\"},\"thumbnailUrl\":\"https:\/\/www.pressenza.com\/wp-content\/uploads\/2015\/04\/npt-review-629x420-629x420.jpg\",\"keywords\":[\"Desarme nuclear\",\"ICAN\",\"Naciones Unidas\",\"ONU\",\"Paz\",\"Violencia\"],\"articleSection\":[\"Paz y Desarme\"],\"inLanguage\":\"es\"},{\"@type\":\"WebPage\",\"@id\":\"https:\/\/www.pressenza.com\/es\/2015\/04\/la-conferencia-sobre-desarme-nuclear-arranca-con-olor-a-guerra-fria\/\",\"url\":\"https:\/\/www.pressenza.com\/es\/2015\/04\/la-conferencia-sobre-desarme-nuclear-arranca-con-olor-a-guerra-fria\/\",\"name\":\"La conferencia sobre desarme nuclear arranca con olor a Guerra Fr\u00eda\",\"isPartOf\":{\"@id\":\"https:\/\/www.pressenza.com\/es\/#website\"},\"primaryImageOfPage\":{\"@id\":\"https:\/\/www.pressenza.com\/es\/2015\/04\/la-conferencia-sobre-desarme-nuclear-arranca-con-olor-a-guerra-fria\/#primaryimage\"},\"image\":{\"@id\":\"https:\/\/www.pressenza.com\/es\/2015\/04\/la-conferencia-sobre-desarme-nuclear-arranca-con-olor-a-guerra-fria\/#primaryimage\"},\"thumbnailUrl\":\"https:\/\/www.pressenza.com\/wp-content\/uploads\/2015\/04\/npt-review-629x420-629x420.jpg\",\"datePublished\":\"2015-04-30T14:43:13+00:00\",\"description\":\"Por Thalif Deen En el contexto de una nueva Guerra Fr\u00eda entre Estados Unidos y Rusia, la Organizaci\u00f3n de las Naciones Unidas (ONU) inaugur\u00f3 la quinquenal\",\"breadcrumb\":{\"@id\":\"https:\/\/www.pressenza.com\/es\/2015\/04\/la-conferencia-sobre-desarme-nuclear-arranca-con-olor-a-guerra-fria\/#breadcrumb\"},\"inLanguage\":\"es\",\"potentialAction\":[{\"@type\":\"ReadAction\",\"target\":[\"https:\/\/www.pressenza.com\/es\/2015\/04\/la-conferencia-sobre-desarme-nuclear-arranca-con-olor-a-guerra-fria\/\"]}]},{\"@type\":\"ImageObject\",\"inLanguage\":\"es\",\"@id\":\"https:\/\/www.pressenza.com\/es\/2015\/04\/la-conferencia-sobre-desarme-nuclear-arranca-con-olor-a-guerra-fria\/#primaryimage\",\"url\":\"https:\/\/www.pressenza.com\/wp-content\/uploads\/2015\/04\/npt-review-629x420-629x420.jpg\",\"contentUrl\":\"https:\/\/www.pressenza.com\/wp-content\/uploads\/2015\/04\/npt-review-629x420-629x420.jpg\",\"width\":629,\"height\":420},{\"@type\":\"BreadcrumbList\",\"@id\":\"https:\/\/www.pressenza.com\/es\/2015\/04\/la-conferencia-sobre-desarme-nuclear-arranca-con-olor-a-guerra-fria\/#breadcrumb\",\"itemListElement\":[{\"@type\":\"ListItem\",\"position\":1,\"name\":\"Accueil\",\"item\":\"https:\/\/www.pressenza.com\/es\/\"},{\"@type\":\"ListItem\",\"position\":2,\"name\":\"La conferencia sobre desarme nuclear arranca con olor a Guerra Fr\u00eda\"}]},{\"@type\":\"WebSite\",\"@id\":\"https:\/\/www.pressenza.com\/es\/#website\",\"url\":\"https:\/\/www.pressenza.com\/es\/\",\"name\":\"Pressenza\",\"description\":\"International Press Agency\",\"publisher\":{\"@id\":\"https:\/\/www.pressenza.com\/es\/#organization\"},\"potentialAction\":[{\"@type\":\"SearchAction\",\"target\":{\"@type\":\"EntryPoint\",\"urlTemplate\":\"https:\/\/www.pressenza.com\/es\/?s={search_term_string}\"},\"query-input\":{\"@type\":\"PropertyValueSpecification\",\"valueRequired\":true,\"valueName\":\"search_term_string\"}}],\"inLanguage\":\"es\"},{\"@type\":\"Organization\",\"@id\":\"https:\/\/www.pressenza.com\/es\/#organization\",\"name\":\"Pressenza\",\"url\":\"https:\/\/www.pressenza.com\/es\/\",\"logo\":{\"@type\":\"ImageObject\",\"inLanguage\":\"es\",\"@id\":\"https:\/\/www.pressenza.com\/es\/#\/schema\/logo\/image\/\",\"url\":\"https:\/\/www.pressenza.com\/wp-content\/uploads\/2022\/10\/pressenza_logo_200x200.jpg\",\"contentUrl\":\"https:\/\/www.pressenza.com\/wp-content\/uploads\/2022\/10\/pressenza_logo_200x200.jpg\",\"width\":200,\"height\":200,\"caption\":\"Pressenza\"},\"image\":{\"@id\":\"https:\/\/www.pressenza.com\/es\/#\/schema\/logo\/image\/\"},\"sameAs\":[\"https:\/\/www.facebook.com\/PressenzaItalia\",\"https:\/\/x.com\/PressenzaIPA\"]},{\"@type\":\"Person\",\"@id\":\"https:\/\/www.pressenza.com\/es\/#\/schema\/person\/7467f88f6765c239bdd52f3c432de81a\",\"name\":\"Inter Press Service\",\"description\":\"IPS is an international communications institution at the heart of a global news agency that amplifies the voices of the South and civil society on development, globalisation, human rights and the environment. www.ipsnews.net\",\"sameAs\":[\"http:\/\/www.facebook.com\/ipsnoticias\",\"https:\/\/x.com\/ipsnoticias\"],\"url\":\"https:\/\/www.pressenza.com\/es\/author\/ips-inter-press-service\/\"}]}<\/script>\n<!-- \/ Yoast SEO plugin. -->","yoast_head_json":{"title":"La conferencia sobre desarme nuclear arranca con olor a Guerra Fr\u00eda","description":"Por Thalif Deen En el contexto de una nueva Guerra Fr\u00eda entre Estados Unidos y Rusia, la Organizaci\u00f3n de las Naciones Unidas (ONU) inaugur\u00f3 la quinquenal","robots":{"index":"index","follow":"follow","max-snippet":"max-snippet:-1","max-image-preview":"max-image-preview:large","max-video-preview":"max-video-preview:-1"},"canonical":"https:\/\/www.pressenza.com\/es\/2015\/04\/la-conferencia-sobre-desarme-nuclear-arranca-con-olor-a-guerra-fria\/","og_locale":"es_ES","og_type":"article","og_title":"La conferencia sobre desarme nuclear arranca con olor a Guerra Fr\u00eda","og_description":"Por Thalif Deen En el contexto de una nueva Guerra Fr\u00eda entre Estados Unidos y Rusia, la Organizaci\u00f3n de las Naciones Unidas (ONU) inaugur\u00f3 la quinquenal","og_url":"https:\/\/www.pressenza.com\/es\/2015\/04\/la-conferencia-sobre-desarme-nuclear-arranca-con-olor-a-guerra-fria\/","og_site_name":"Pressenza","article_publisher":"https:\/\/www.facebook.com\/PressenzaItalia","article_author":"http:\/\/www.facebook.com\/ipsnoticias","article_published_time":"2015-04-30T14:43:13+00:00","og_image":[{"width":629,"height":420,"url":"https:\/\/www.pressenza.com\/wp-content\/uploads\/2015\/04\/npt-review-629x420-629x420.jpg","type":"image\/jpeg"}],"author":"Inter Press Service","twitter_card":"summary_large_image","twitter_creator":"@ipsnoticias","twitter_site":"@PressenzaIPA","twitter_misc":{"Escrito por":"Inter Press Service","Tiempo de lectura":"6 minutos"},"schema":{"@context":"https:\/\/schema.org","@graph":[{"@type":"Article","@id":"https:\/\/www.pressenza.com\/es\/2015\/04\/la-conferencia-sobre-desarme-nuclear-arranca-con-olor-a-guerra-fria\/#article","isPartOf":{"@id":"https:\/\/www.pressenza.com\/es\/2015\/04\/la-conferencia-sobre-desarme-nuclear-arranca-con-olor-a-guerra-fria\/"},"author":{"name":"Inter Press Service","@id":"https:\/\/www.pressenza.com\/es\/#\/schema\/person\/7467f88f6765c239bdd52f3c432de81a"},"headline":"La conferencia sobre desarme nuclear arranca con olor a Guerra Fr\u00eda","datePublished":"2015-04-30T14:43:13+00:00","mainEntityOfPage":{"@id":"https:\/\/www.pressenza.com\/es\/2015\/04\/la-conferencia-sobre-desarme-nuclear-arranca-con-olor-a-guerra-fria\/"},"wordCount":1139,"publisher":{"@id":"https:\/\/www.pressenza.com\/es\/#organization"},"image":{"@id":"https:\/\/www.pressenza.com\/es\/2015\/04\/la-conferencia-sobre-desarme-nuclear-arranca-con-olor-a-guerra-fria\/#primaryimage"},"thumbnailUrl":"https:\/\/www.pressenza.com\/wp-content\/uploads\/2015\/04\/npt-review-629x420-629x420.jpg","keywords":["Desarme nuclear","ICAN","Naciones Unidas","ONU","Paz","Violencia"],"articleSection":["Paz y Desarme"],"inLanguage":"es"},{"@type":"WebPage","@id":"https:\/\/www.pressenza.com\/es\/2015\/04\/la-conferencia-sobre-desarme-nuclear-arranca-con-olor-a-guerra-fria\/","url":"https:\/\/www.pressenza.com\/es\/2015\/04\/la-conferencia-sobre-desarme-nuclear-arranca-con-olor-a-guerra-fria\/","name":"La conferencia sobre desarme nuclear arranca con olor a Guerra Fr\u00eda","isPartOf":{"@id":"https:\/\/www.pressenza.com\/es\/#website"},"primaryImageOfPage":{"@id":"https:\/\/www.pressenza.com\/es\/2015\/04\/la-conferencia-sobre-desarme-nuclear-arranca-con-olor-a-guerra-fria\/#primaryimage"},"image":{"@id":"https:\/\/www.pressenza.com\/es\/2015\/04\/la-conferencia-sobre-desarme-nuclear-arranca-con-olor-a-guerra-fria\/#primaryimage"},"thumbnailUrl":"https:\/\/www.pressenza.com\/wp-content\/uploads\/2015\/04\/npt-review-629x420-629x420.jpg","datePublished":"2015-04-30T14:43:13+00:00","description":"Por Thalif Deen En el contexto de una nueva Guerra Fr\u00eda entre Estados Unidos y Rusia, la Organizaci\u00f3n de las Naciones Unidas (ONU) inaugur\u00f3 la quinquenal","breadcrumb":{"@id":"https:\/\/www.pressenza.com\/es\/2015\/04\/la-conferencia-sobre-desarme-nuclear-arranca-con-olor-a-guerra-fria\/#breadcrumb"},"inLanguage":"es","potentialAction":[{"@type":"ReadAction","target":["https:\/\/www.pressenza.com\/es\/2015\/04\/la-conferencia-sobre-desarme-nuclear-arranca-con-olor-a-guerra-fria\/"]}]},{"@type":"ImageObject","inLanguage":"es","@id":"https:\/\/www.pressenza.com\/es\/2015\/04\/la-conferencia-sobre-desarme-nuclear-arranca-con-olor-a-guerra-fria\/#primaryimage","url":"https:\/\/www.pressenza.com\/wp-content\/uploads\/2015\/04\/npt-review-629x420-629x420.jpg","contentUrl":"https:\/\/www.pressenza.com\/wp-content\/uploads\/2015\/04\/npt-review-629x420-629x420.jpg","width":629,"height":420},{"@type":"BreadcrumbList","@id":"https:\/\/www.pressenza.com\/es\/2015\/04\/la-conferencia-sobre-desarme-nuclear-arranca-con-olor-a-guerra-fria\/#breadcrumb","itemListElement":[{"@type":"ListItem","position":1,"name":"Accueil","item":"https:\/\/www.pressenza.com\/es\/"},{"@type":"ListItem","position":2,"name":"La conferencia sobre desarme nuclear arranca con olor a Guerra Fr\u00eda"}]},{"@type":"WebSite","@id":"https:\/\/www.pressenza.com\/es\/#website","url":"https:\/\/www.pressenza.com\/es\/","name":"Pressenza","description":"International Press Agency","publisher":{"@id":"https:\/\/www.pressenza.com\/es\/#organization"},"potentialAction":[{"@type":"SearchAction","target":{"@type":"EntryPoint","urlTemplate":"https:\/\/www.pressenza.com\/es\/?s={search_term_string}"},"query-input":{"@type":"PropertyValueSpecification","valueRequired":true,"valueName":"search_term_string"}}],"inLanguage":"es"},{"@type":"Organization","@id":"https:\/\/www.pressenza.com\/es\/#organization","name":"Pressenza","url":"https:\/\/www.pressenza.com\/es\/","logo":{"@type":"ImageObject","inLanguage":"es","@id":"https:\/\/www.pressenza.com\/es\/#\/schema\/logo\/image\/","url":"https:\/\/www.pressenza.com\/wp-content\/uploads\/2022\/10\/pressenza_logo_200x200.jpg","contentUrl":"https:\/\/www.pressenza.com\/wp-content\/uploads\/2022\/10\/pressenza_logo_200x200.jpg","width":200,"height":200,"caption":"Pressenza"},"image":{"@id":"https:\/\/www.pressenza.com\/es\/#\/schema\/logo\/image\/"},"sameAs":["https:\/\/www.facebook.com\/PressenzaItalia","https:\/\/x.com\/PressenzaIPA"]},{"@type":"Person","@id":"https:\/\/www.pressenza.com\/es\/#\/schema\/person\/7467f88f6765c239bdd52f3c432de81a","name":"Inter Press Service","description":"IPS is an international communications institution at the heart of a global news agency that amplifies the voices of the South and civil society on development, globalisation, human rights and the environment. www.ipsnews.net","sameAs":["http:\/\/www.facebook.com\/ipsnoticias","https:\/\/x.com\/ipsnoticias"],"url":"https:\/\/www.pressenza.com\/es\/author\/ips-inter-press-service\/"}]}},"place":"Nueva York","original_article_url":"http:\/\/www.ipsnoticias.net\/2015\/04\/la-conferencia-sobre-desarme-nuclear-arranca-con-olor-a-guerra-fria\/","_links":{"self":[{"href":"https:\/\/www.pressenza.com\/es\/wp-json\/wp\/v2\/posts\/181772","targetHints":{"allow":["GET"]}}],"collection":[{"href":"https:\/\/www.pressenza.com\/es\/wp-json\/wp\/v2\/posts"}],"about":[{"href":"https:\/\/www.pressenza.com\/es\/wp-json\/wp\/v2\/types\/post"}],"author":[{"embeddable":true,"href":"https:\/\/www.pressenza.com\/es\/wp-json\/wp\/v2\/users\/347"}],"replies":[{"embeddable":true,"href":"https:\/\/www.pressenza.com\/es\/wp-json\/wp\/v2\/comments?post=181772"}],"version-history":[{"count":0,"href":"https:\/\/www.pressenza.com\/es\/wp-json\/wp\/v2\/posts\/181772\/revisions"}],"wp:featuredmedia":[{"embeddable":true,"href":"https:\/\/www.pressenza.com\/es\/wp-json\/wp\/v2\/media\/181773"}],"wp:attachment":[{"href":"https:\/\/www.pressenza.com\/es\/wp-json\/wp\/v2\/media?parent=181772"}],"wp:term":[{"taxonomy":"category","embeddable":true,"href":"https:\/\/www.pressenza.com\/es\/wp-json\/wp\/v2\/categories?post=181772"},{"taxonomy":"post_tag","embeddable":true,"href":"https:\/\/www.pressenza.com\/es\/wp-json\/wp\/v2\/tags?post=181772"}],"curies":[{"name":"wp","href":"https:\/\/api.w.org\/{rel}","templated":true}]}}