{"id":1805,"date":"2009-10-18T00:00:00","date_gmt":"2009-10-18T00:00:00","guid":{"rendered":""},"modified":"2009-10-22T16:39:38","modified_gmt":"2009-10-22T16:39:38","slug":"benin-apoya-la-marcha-mundial","status":"publish","type":"post","link":"https:\/\/www.pressenza.com\/es\/2009\/10\/benin-apoya-la-marcha-mundial\/","title":{"rendered":"Benin apoya la Marcha Mundial"},"content":{"rendered":"<p>Carta abierta del C\u00edrculo de Trabajadores humanistas de Benin:<\/p>\n<p>\u00abAfirmamos ante el mundo nuestra adhesi\u00f3n a la Marcha Mundial por la Paz y la No Violencia porque entendemos que la paz, condici\u00f3n sine qua non de todo desarrollo, debe ser considerada esencial por todas las naciones.<\/p>\n<p>Nosotros, los trabajadores humanistas de Benin y de todos los rincones del mundo, declaramos nuestro pleno apoyo a la Marcha y nuestro apoyo inquebrantable a las nobles acciones emprendidas en nombre de los sin voz, de las poblaciones que sufren las guerras y de las familias que padecen todo tipo de violencia.<\/p>\n<p>Es hora, m\u00e1s que nunca, de movilizarnos con valent\u00eda, para que aparezca, tarde o temprano, una nueva doctrina justa, equitativa, que revindique el cese de la violencia, que tenga como objetivo eliminar las desigualdades impuestas a los hombres por la sociedad desde el comienzo de sus vidas y dar a todos las mismas oportunidades.<\/p>\n<p>Por lo tanto, tendr\u00e1n que desaparecer las armas nucleares que actualmente amenazan al mundo y que lo encaminan a la tercera guerra mundial, cuyos efectos destructivos no distinguir\u00e1n entre los poseedores de las armas nucleares y los que quieren la paz y la no violencia.<\/p>\n<p>Si decidimos unirnos y explicar la legitimidad de la Marcha a miles de personas a nuestro alrededor, es porque no nos sentimos en paz sino amenazados bajo los auspicios de los poseedores de armas nucleares, una d\u00e9cima parte de cuyo colosal presupuesto anual ayudar\u00eda a erradicar la pobreza que impide el desarrollo y que nos hace dependientes de la ayuda exterior.<\/p>\n<p>Entendemos que ahora es \u00fatil unirse a otras personas de buena voluntad, valientes y audaces para decir No cuando las cosas van mal y decir S\u00ed cuando van bien, con el fin de fundar una nueva naci\u00f3n humana universal.<\/p>\n<p>Pedimos a la comunidad internacional, a las organizaciones de la sociedad civil mundial y a los jefes de estado de los pa\u00edses que forman parte del concierto de Naciones, que den la espalda a la hipocres\u00eda y se unan a la Marcha porque el problema de la Paz no es privativo de unos en detrimento de otros. Que todos hablen a favor de esta marcha de inter\u00e9s capital a escala mundial\u00bb.<br \/>\nGracias.<\/p>\n<p>\u00a1Adelante con la Marcha Mundial por la Paz y la No Violencia!<\/p>\n<p>*Los trabajadores Humanistas &#8211; P\/O Gislain Dovonou Presidente. Fundador del C\u00edrculo de los trabajadores humanistas. Coordinador de la Marcha Mundial por la Paz y la No Violencia Acci\u00f3n Obrera humanista de Benin.*<\/p>\n<p>Calendario de actividades:<br \/>\n\u2022 18 de octubre a las 9 horas: La Marcha Mundial promueve el tema de la paz en el programa Eclairage de la Radio Nacional de Benin.<br \/>\n\u2022 19 a 21 octubre: La Marcha Mundial presente en las jornadas de las OSC (organizaciones de la sociedad civil de Benin), con la presencia del presidente de la Rep\u00fablica de Benin, Dr. Boni Yayi.<br \/>\n\u2022 26 de octubre: Presentaci\u00f3n de la Marcha en el Fondo de las Naciones Unidas para la Poblaci\u00f3n.<\/p>\n<p>Email: g.dovonou@ouvriers-humanistes.org<br \/>\nSITIO WEB: www.ouvriers-humanistes.org<\/p>\n<p>Traducci\u00f3n: Carmen Soler Rodr\u00edguez<\/p>\n","protected":false},"excerpt":{"rendered":"<p>El C\u00edrculo de Trabajadores humanistas de Benin se ha unido a la Marcha Mundial y acaba de lanzar una campa\u00f1a medi\u00e1tica, institucional y tambi\u00e9n hacia la poblaci\u00f3n: \u00ab&#8230; si s\u00f3lo una d\u00e9cima parte del presupuesto anual destinado a armamento pudiera permitir erradicar la pobreza que impide el desarrollo y que nos hace dependientes de la ayuda exterior\u00bb<\/p>\n","protected":false},"author":19,"featured_media":0,"comment_status":"closed","ping_status":"open","sticky":false,"template":"","format":"standard","meta":{"footnotes":""},"categories":[64,75],"tags":[],"class_list":["post-1805","post","type-post","status-publish","format-standard","hentry","category-africa-es","category-cultura-es"],"yoast_head":"<!-- This site is optimized with the Yoast SEO plugin v27.1.1 - https:\/\/yoast.com\/product\/yoast-seo-wordpress\/ -->\n<title>Benin apoya la Marcha Mundial<\/title>\n<meta name=\"description\" content=\"El C\u00edrculo de Trabajadores humanistas de Benin se ha unido a la Marcha Mundial y acaba de lanzar una campa\u00f1a medi\u00e1tica, institucional y tambi\u00e9n hacia la poblaci\u00f3n: &quot;... si s\u00f3lo una d\u00e9cima parte del presupuesto anual destinado a armamento pudiera permitir erradicar la pobreza que impide el desarrollo y que nos hace dependientes de la ayuda exterior&quot;\" \/>\n<meta name=\"robots\" content=\"index, follow, max-snippet:-1, max-image-preview:large, max-video-preview:-1\" \/>\n<link rel=\"canonical\" href=\"https:\/\/www.pressenza.com\/es\/2009\/10\/benin-apoya-la-marcha-mundial\/\" \/>\n<meta property=\"og:locale\" content=\"es_ES\" \/>\n<meta property=\"og:type\" content=\"article\" \/>\n<meta property=\"og:title\" content=\"Benin apoya la Marcha Mundial\" \/>\n<meta property=\"og:description\" content=\"El C\u00edrculo de Trabajadores humanistas de Benin se ha unido a la Marcha Mundial y acaba de lanzar una campa\u00f1a medi\u00e1tica, institucional y tambi\u00e9n hacia la poblaci\u00f3n: &quot;... si s\u00f3lo una d\u00e9cima parte del presupuesto anual destinado a armamento pudiera permitir erradicar la pobreza que impide el desarrollo y que nos hace dependientes de la ayuda exterior&quot;\" \/>\n<meta property=\"og:url\" content=\"https:\/\/www.pressenza.com\/es\/2009\/10\/benin-apoya-la-marcha-mundial\/\" \/>\n<meta property=\"og:site_name\" content=\"Pressenza\" \/>\n<meta property=\"article:publisher\" content=\"https:\/\/www.facebook.com\/PressenzaItalia\" \/>\n<meta property=\"article:author\" content=\"https:\/\/www.facebook.com\/pressenza\" \/>\n<meta property=\"article:published_time\" content=\"2009-10-18T00:00:00+00:00\" \/>\n<meta property=\"article:modified_time\" content=\"2009-10-22T16:39:38+00:00\" \/>\n<meta name=\"author\" content=\"Pressenza IPA\" \/>\n<meta name=\"twitter:card\" content=\"summary_large_image\" \/>\n<meta name=\"twitter:creator\" content=\"@PressenzaIPA\" \/>\n<meta name=\"twitter:site\" content=\"@PressenzaIPA\" \/>\n<meta name=\"twitter:label1\" content=\"Escrito por\" \/>\n\t<meta name=\"twitter:data1\" content=\"Pressenza IPA\" \/>\n\t<meta name=\"twitter:label2\" content=\"Tiempo de lectura\" \/>\n\t<meta name=\"twitter:data2\" content=\"3 minutos\" \/>\n<script type=\"application\/ld+json\" class=\"yoast-schema-graph\">{\"@context\":\"https:\/\/schema.org\",\"@graph\":[{\"@type\":\"Article\",\"@id\":\"https:\/\/www.pressenza.com\/es\/2009\/10\/benin-apoya-la-marcha-mundial\/#article\",\"isPartOf\":{\"@id\":\"https:\/\/www.pressenza.com\/es\/2009\/10\/benin-apoya-la-marcha-mundial\/\"},\"author\":{\"name\":\"Pressenza IPA\",\"@id\":\"https:\/\/www.pressenza.com\/es\/#\/schema\/person\/010e5d02bcf40965427a1289a4cc8d75\"},\"headline\":\"Benin apoya la Marcha Mundial\",\"datePublished\":\"2009-10-18T00:00:00+00:00\",\"dateModified\":\"2009-10-22T16:39:38+00:00\",\"mainEntityOfPage\":{\"@id\":\"https:\/\/www.pressenza.com\/es\/2009\/10\/benin-apoya-la-marcha-mundial\/\"},\"wordCount\":528,\"publisher\":{\"@id\":\"https:\/\/www.pressenza.com\/es\/#organization\"},\"articleSection\":[\"Africa\",\"Cultura y Medios\"],\"inLanguage\":\"es\"},{\"@type\":\"WebPage\",\"@id\":\"https:\/\/www.pressenza.com\/es\/2009\/10\/benin-apoya-la-marcha-mundial\/\",\"url\":\"https:\/\/www.pressenza.com\/es\/2009\/10\/benin-apoya-la-marcha-mundial\/\",\"name\":\"Benin apoya la Marcha Mundial\",\"isPartOf\":{\"@id\":\"https:\/\/www.pressenza.com\/es\/#website\"},\"datePublished\":\"2009-10-18T00:00:00+00:00\",\"dateModified\":\"2009-10-22T16:39:38+00:00\",\"description\":\"El C\u00edrculo de Trabajadores humanistas de Benin se ha unido a la Marcha Mundial y acaba de lanzar una campa\u00f1a medi\u00e1tica, institucional y tambi\u00e9n hacia la poblaci\u00f3n: \\\"... si s\u00f3lo una d\u00e9cima parte del presupuesto anual destinado a armamento pudiera permitir erradicar la pobreza que impide el desarrollo y que nos hace dependientes de la ayuda exterior\\\"\",\"breadcrumb\":{\"@id\":\"https:\/\/www.pressenza.com\/es\/2009\/10\/benin-apoya-la-marcha-mundial\/#breadcrumb\"},\"inLanguage\":\"es\",\"potentialAction\":[{\"@type\":\"ReadAction\",\"target\":[\"https:\/\/www.pressenza.com\/es\/2009\/10\/benin-apoya-la-marcha-mundial\/\"]}]},{\"@type\":\"BreadcrumbList\",\"@id\":\"https:\/\/www.pressenza.com\/es\/2009\/10\/benin-apoya-la-marcha-mundial\/#breadcrumb\",\"itemListElement\":[{\"@type\":\"ListItem\",\"position\":1,\"name\":\"Accueil\",\"item\":\"https:\/\/www.pressenza.com\/es\/\"},{\"@type\":\"ListItem\",\"position\":2,\"name\":\"Benin apoya la Marcha Mundial\"}]},{\"@type\":\"WebSite\",\"@id\":\"https:\/\/www.pressenza.com\/es\/#website\",\"url\":\"https:\/\/www.pressenza.com\/es\/\",\"name\":\"Pressenza\",\"description\":\"International Press Agency\",\"publisher\":{\"@id\":\"https:\/\/www.pressenza.com\/es\/#organization\"},\"potentialAction\":[{\"@type\":\"SearchAction\",\"target\":{\"@type\":\"EntryPoint\",\"urlTemplate\":\"https:\/\/www.pressenza.com\/es\/?s={search_term_string}\"},\"query-input\":{\"@type\":\"PropertyValueSpecification\",\"valueRequired\":true,\"valueName\":\"search_term_string\"}}],\"inLanguage\":\"es\"},{\"@type\":\"Organization\",\"@id\":\"https:\/\/www.pressenza.com\/es\/#organization\",\"name\":\"Pressenza\",\"url\":\"https:\/\/www.pressenza.com\/es\/\",\"logo\":{\"@type\":\"ImageObject\",\"inLanguage\":\"es\",\"@id\":\"https:\/\/www.pressenza.com\/es\/#\/schema\/logo\/image\/\",\"url\":\"https:\/\/www.pressenza.com\/wp-content\/uploads\/2022\/10\/pressenza_logo_200x200.jpg\",\"contentUrl\":\"https:\/\/www.pressenza.com\/wp-content\/uploads\/2022\/10\/pressenza_logo_200x200.jpg\",\"width\":200,\"height\":200,\"caption\":\"Pressenza\"},\"image\":{\"@id\":\"https:\/\/www.pressenza.com\/es\/#\/schema\/logo\/image\/\"},\"sameAs\":[\"https:\/\/www.facebook.com\/PressenzaItalia\",\"https:\/\/x.com\/PressenzaIPA\"]},{\"@type\":\"Person\",\"@id\":\"https:\/\/www.pressenza.com\/es\/#\/schema\/person\/010e5d02bcf40965427a1289a4cc8d75\",\"name\":\"Pressenza IPA\",\"description\":\"News from Pressenza IPA correspondents\",\"sameAs\":[\"https:\/\/www.facebook.com\/pressenza\",\"https:\/\/x.com\/PressenzaIPA\"],\"url\":\"https:\/\/www.pressenza.com\/es\/author\/pressenza-ipa\/\"}]}<\/script>\n<!-- \/ Yoast SEO plugin. -->","yoast_head_json":{"title":"Benin apoya la Marcha Mundial","description":"El C\u00edrculo de Trabajadores humanistas de Benin se ha unido a la Marcha Mundial y acaba de lanzar una campa\u00f1a medi\u00e1tica, institucional y tambi\u00e9n hacia la poblaci\u00f3n: \"... si s\u00f3lo una d\u00e9cima parte del presupuesto anual destinado a armamento pudiera permitir erradicar la pobreza que impide el desarrollo y que nos hace dependientes de la ayuda exterior\"","robots":{"index":"index","follow":"follow","max-snippet":"max-snippet:-1","max-image-preview":"max-image-preview:large","max-video-preview":"max-video-preview:-1"},"canonical":"https:\/\/www.pressenza.com\/es\/2009\/10\/benin-apoya-la-marcha-mundial\/","og_locale":"es_ES","og_type":"article","og_title":"Benin apoya la Marcha Mundial","og_description":"El C\u00edrculo de Trabajadores humanistas de Benin se ha unido a la Marcha Mundial y acaba de lanzar una campa\u00f1a medi\u00e1tica, institucional y tambi\u00e9n hacia la poblaci\u00f3n: \"... si s\u00f3lo una d\u00e9cima parte del presupuesto anual destinado a armamento pudiera permitir erradicar la pobreza que impide el desarrollo y que nos hace dependientes de la ayuda exterior\"","og_url":"https:\/\/www.pressenza.com\/es\/2009\/10\/benin-apoya-la-marcha-mundial\/","og_site_name":"Pressenza","article_publisher":"https:\/\/www.facebook.com\/PressenzaItalia","article_author":"https:\/\/www.facebook.com\/pressenza","article_published_time":"2009-10-18T00:00:00+00:00","article_modified_time":"2009-10-22T16:39:38+00:00","author":"Pressenza IPA","twitter_card":"summary_large_image","twitter_creator":"@PressenzaIPA","twitter_site":"@PressenzaIPA","twitter_misc":{"Escrito por":"Pressenza IPA","Tiempo de lectura":"3 minutos"},"schema":{"@context":"https:\/\/schema.org","@graph":[{"@type":"Article","@id":"https:\/\/www.pressenza.com\/es\/2009\/10\/benin-apoya-la-marcha-mundial\/#article","isPartOf":{"@id":"https:\/\/www.pressenza.com\/es\/2009\/10\/benin-apoya-la-marcha-mundial\/"},"author":{"name":"Pressenza IPA","@id":"https:\/\/www.pressenza.com\/es\/#\/schema\/person\/010e5d02bcf40965427a1289a4cc8d75"},"headline":"Benin apoya la Marcha Mundial","datePublished":"2009-10-18T00:00:00+00:00","dateModified":"2009-10-22T16:39:38+00:00","mainEntityOfPage":{"@id":"https:\/\/www.pressenza.com\/es\/2009\/10\/benin-apoya-la-marcha-mundial\/"},"wordCount":528,"publisher":{"@id":"https:\/\/www.pressenza.com\/es\/#organization"},"articleSection":["Africa","Cultura y Medios"],"inLanguage":"es"},{"@type":"WebPage","@id":"https:\/\/www.pressenza.com\/es\/2009\/10\/benin-apoya-la-marcha-mundial\/","url":"https:\/\/www.pressenza.com\/es\/2009\/10\/benin-apoya-la-marcha-mundial\/","name":"Benin apoya la Marcha Mundial","isPartOf":{"@id":"https:\/\/www.pressenza.com\/es\/#website"},"datePublished":"2009-10-18T00:00:00+00:00","dateModified":"2009-10-22T16:39:38+00:00","description":"El C\u00edrculo de Trabajadores humanistas de Benin se ha unido a la Marcha Mundial y acaba de lanzar una campa\u00f1a medi\u00e1tica, institucional y tambi\u00e9n hacia la poblaci\u00f3n: \"... si s\u00f3lo una d\u00e9cima parte del presupuesto anual destinado a armamento pudiera permitir erradicar la pobreza que impide el desarrollo y que nos hace dependientes de la ayuda exterior\"","breadcrumb":{"@id":"https:\/\/www.pressenza.com\/es\/2009\/10\/benin-apoya-la-marcha-mundial\/#breadcrumb"},"inLanguage":"es","potentialAction":[{"@type":"ReadAction","target":["https:\/\/www.pressenza.com\/es\/2009\/10\/benin-apoya-la-marcha-mundial\/"]}]},{"@type":"BreadcrumbList","@id":"https:\/\/www.pressenza.com\/es\/2009\/10\/benin-apoya-la-marcha-mundial\/#breadcrumb","itemListElement":[{"@type":"ListItem","position":1,"name":"Accueil","item":"https:\/\/www.pressenza.com\/es\/"},{"@type":"ListItem","position":2,"name":"Benin apoya la Marcha Mundial"}]},{"@type":"WebSite","@id":"https:\/\/www.pressenza.com\/es\/#website","url":"https:\/\/www.pressenza.com\/es\/","name":"Pressenza","description":"International Press Agency","publisher":{"@id":"https:\/\/www.pressenza.com\/es\/#organization"},"potentialAction":[{"@type":"SearchAction","target":{"@type":"EntryPoint","urlTemplate":"https:\/\/www.pressenza.com\/es\/?s={search_term_string}"},"query-input":{"@type":"PropertyValueSpecification","valueRequired":true,"valueName":"search_term_string"}}],"inLanguage":"es"},{"@type":"Organization","@id":"https:\/\/www.pressenza.com\/es\/#organization","name":"Pressenza","url":"https:\/\/www.pressenza.com\/es\/","logo":{"@type":"ImageObject","inLanguage":"es","@id":"https:\/\/www.pressenza.com\/es\/#\/schema\/logo\/image\/","url":"https:\/\/www.pressenza.com\/wp-content\/uploads\/2022\/10\/pressenza_logo_200x200.jpg","contentUrl":"https:\/\/www.pressenza.com\/wp-content\/uploads\/2022\/10\/pressenza_logo_200x200.jpg","width":200,"height":200,"caption":"Pressenza"},"image":{"@id":"https:\/\/www.pressenza.com\/es\/#\/schema\/logo\/image\/"},"sameAs":["https:\/\/www.facebook.com\/PressenzaItalia","https:\/\/x.com\/PressenzaIPA"]},{"@type":"Person","@id":"https:\/\/www.pressenza.com\/es\/#\/schema\/person\/010e5d02bcf40965427a1289a4cc8d75","name":"Pressenza IPA","description":"News from Pressenza IPA correspondents","sameAs":["https:\/\/www.facebook.com\/pressenza","https:\/\/x.com\/PressenzaIPA"],"url":"https:\/\/www.pressenza.com\/es\/author\/pressenza-ipa\/"}]}},"place":"Benin","original_article_url":"","_links":{"self":[{"href":"https:\/\/www.pressenza.com\/es\/wp-json\/wp\/v2\/posts\/1805","targetHints":{"allow":["GET"]}}],"collection":[{"href":"https:\/\/www.pressenza.com\/es\/wp-json\/wp\/v2\/posts"}],"about":[{"href":"https:\/\/www.pressenza.com\/es\/wp-json\/wp\/v2\/types\/post"}],"author":[{"embeddable":true,"href":"https:\/\/www.pressenza.com\/es\/wp-json\/wp\/v2\/users\/19"}],"replies":[{"embeddable":true,"href":"https:\/\/www.pressenza.com\/es\/wp-json\/wp\/v2\/comments?post=1805"}],"version-history":[{"count":0,"href":"https:\/\/www.pressenza.com\/es\/wp-json\/wp\/v2\/posts\/1805\/revisions"}],"wp:attachment":[{"href":"https:\/\/www.pressenza.com\/es\/wp-json\/wp\/v2\/media?parent=1805"}],"wp:term":[{"taxonomy":"category","embeddable":true,"href":"https:\/\/www.pressenza.com\/es\/wp-json\/wp\/v2\/categories?post=1805"},{"taxonomy":"post_tag","embeddable":true,"href":"https:\/\/www.pressenza.com\/es\/wp-json\/wp\/v2\/tags?post=1805"}],"curies":[{"name":"wp","href":"https:\/\/api.w.org\/{rel}","templated":true}]}}