{"id":1799520,"date":"2024-02-17T14:04:55","date_gmt":"2024-02-17T14:04:55","guid":{"rendered":"https:\/\/www.pressenza.com\/?p=1799520"},"modified":"2024-02-17T14:04:55","modified_gmt":"2024-02-17T14:04:55","slug":"atreverse-a-pensar-es-empezar-a-luchar","status":"publish","type":"post","link":"https:\/\/www.pressenza.com\/es\/2024\/02\/atreverse-a-pensar-es-empezar-a-luchar\/","title":{"rendered":"Atreverse a pensar es empezar a luchar"},"content":{"rendered":"<p>Se cumplen 50 a\u00f1os de la aparici\u00f3n de Alternativa, uno de los medios m\u00e1s cr\u00edticos, y criticados, en Colombia y que ejerci\u00f3 periodismo para el cambio social.<\/p>\n<p>Un heterog\u00e9neo grupo que se situaba ideol\u00f3gicamente en la izquierda colombiana y que quer\u00eda y cre\u00eda en una comunicaci\u00f3n alternativa se lanz\u00f3 a la tarea de editar una revista diferente, comprometida y cr\u00edtica. En sus poco m\u00e1s de seis a\u00f1os de vida, Alternativa fue un medio de referencia para \u201cmostrar al pa\u00eds como es y no como dicen que es\u201d, que se constituy\u00f3 como un medio editorial \u00b4distinto` en el escenario informativo imperante y que se propuso \u201ccambiar el estereotipo de un periodismo de oposici\u00f3n acartonado y dogm\u00e1tico\u201d.<\/p>\n<p>Como sucede con todo lo que rompe con la rutina, la tradici\u00f3n y, sobre todo, con el statu quo, la revista Alternativa (1974-1980) tuvo en su contra no s\u00f3lo a la clase pol\u00edtica de la \u00e9poca sino a \u201ctodo el establecimiento que se agrupaba en torno a ella para usufructuar los recursos del pa\u00eds, incluyendo las Fuerzas Armadas, los terratenientes, los industriales y los gremios\u201d (Agudelo Castro, 2020, p. 12). Pero tambi\u00e9n cont\u00f3 con una \u00b4hinchada` fiel de gente \u00b4progre\u00b4 e intelectual, de estudiantes universitarios y de personas pensantes, dentro y fuera del pa\u00eds, que \u201cquer\u00edan entender lo que realmente pasaba, m\u00e1s all\u00e1 de lo que contaba a medias la prensa oficialista e institucional\u201d (ibid.).<\/p>\n<p>El primer n\u00famero, de aparici\u00f3n quincenal en ese momento, de una de las revistas m\u00e1s relevantes del panorama period\u00edstico colombiano vio la luz el 18 de febrero de 1974, a un precio de $10,00 pesos de entonces, con la nada f\u00e1cil pretensi\u00f3n de \u201cabrir una ventana por donde entre el viento fresco de un pensamiento de izquierda\u201d buscando \u201ccontrarrestar la \u00b4desinformaci\u00f3n` sistem\u00e1tica de los medios de comunicaci\u00f3n del sistema\u201d. Ten\u00eda una portada en color rojo, con siluetas de guerrilleros en ese mismo tono sobre un fondo verde en el que destacaba la imagen de un helic\u00f3ptero con miembros uniformados con el titular \u201cLa contra guerrilla en acci\u00f3n\u201d. En la esquina superior derecha un aviso de \u201cexclusiva\u201d que daba cuenta de un art\u00edculo de Garc\u00eda M\u00e1rquez sobre el golpe de Estado en Chile. Esa \u00b4subversiva` presentaci\u00f3n provoc\u00f3 que la Polic\u00eda retirara gran parte de los diez mil ejemplares lanzados e hizo que la publicaci\u00f3n aumentara su eco y su tirada hasta los casi treinta mil de su n\u00famero 18.<\/p>\n<p>Alternativa aterrizaba en un panorama social y pol\u00edtico convulso, como era casi costumbre en el pa\u00eds del sagrado coraz\u00f3n arado con surcos de dolores, en el que terminaba eufem\u00edsticamente el dominio de un Frente Nacional (en el poder desde 1958) que hab\u00eda oscilado entre reformismos y par\u00e1lisis y que manten\u00eda a Colombia sumida en un ambiente pol\u00edtico congelado por ese bipartidismo y cubierta de un enquistado y trasnochado clericalismo.<\/p>\n<p>En lo informativo, llegaba a un territorio que carec\u00eda \u201cde una publicaci\u00f3n nacional, peri\u00f3dica, independiente y cr\u00edtica\u201d, en el que la \u201cprogresiva concentraci\u00f3n de los medios masivos de informaci\u00f3n en manos de quienes detentan el poder pol\u00edtico y econ\u00f3mico ha permitido que esta minor\u00eda oculte, deforme y acomode a su antojo los grandes hechos nacionales\u201d, tal como recog\u00eda en la \u00b4carta al lector` de la primera p\u00e1gina de su primer n\u00famero. Nada muy distinto a lo que sigue sucediendo medio siglo despu\u00e9s.<\/p>\n<p><img loading=\"lazy\" decoding=\"async\" class=\"alignnone wp-image-1799521 size-full\" src=\"https:\/\/www.pressenza.com\/wp-content\/uploads\/2024\/02\/alternativa-2.webp\" alt=\"\" width=\"1024\" height=\"691\" srcset=\"https:\/\/www.pressenza.com\/wp-content\/uploads\/2024\/02\/alternativa-2.webp 1024w, https:\/\/www.pressenza.com\/wp-content\/uploads\/2024\/02\/alternativa-2-300x202.webp 300w, https:\/\/www.pressenza.com\/wp-content\/uploads\/2024\/02\/alternativa-2-820x553.webp 820w\" sizes=\"auto, (max-width: 1024px) 100vw, 1024px\" \/><\/p>\n<p>Fue un gran referente en su momento y tal vez sea una gran ignorada despu\u00e9s. Pese a contar con un plantel de grandes profesionales de la informaci\u00f3n y al impacto que supuso en la pol\u00edtica, en los medios y en la vida diaria del pa\u00eds, su narrativa, como muchas de las narrativas que jalonan el territorio y que quedan ninguneadas por la historia oficial, no ocupa, a mi entender, el merecido lugar que le corresponde en el panorama medi\u00e1tico colombiano.<\/p>\n<p>Una revista que marc\u00f3 la historia de Colombia y que, por desgracia, contin\u00faa sin ser suficientemente conocida por su ciudadan\u00eda y por la academia y, por lo tanto, reconocida como paradigma del periodismo cr\u00edtico y comprometido. Con la mirada que da el paso del tiempo Alternativa puede que haya sido \u201cla m\u00e1s difundida publicaci\u00f3n en la historia de la izquierda colombiana\u201d, en palabras de Santos Calder\u00f3n, quien fue uno de sus creadores y director por alg\u00fan tiempo.<\/p>\n<p>Pese a que, como afirma el propio Calder\u00f3n, quienes la perge\u00f1aron fueran \u201cut\u00f3picos, arrogantes y hasta cierto punto irreales\u201d, la revista logr\u00f3 en parte sus objetivos de ofrecer otra mirada del pa\u00eds y de cuestionar para intentar unir a una izquierda fragmentada que oscilaba \u201centre las urnas y las armas\u201d. Algo que qued\u00f3 plasmado en el editorial de su n\u00famero 200 al reafirmar sus compromisos de \u201creinterpretar cr\u00edticamente la realidad colombiana, difundir el pensamiento de izquierda, suministrar material de an\u00e1lisis a las organizaciones comprometidas con el cambio y explicar la manera como las tendencias econ\u00f3micas afectan las condiciones de vida de la gente\u201d (Santos Calder\u00f3n, 2020, p. 24).<\/p>\n<p>La revista dio voz y presencia, con la dedicaci\u00f3n que no recib\u00edan en los medios tradicionales, a las gentes de abajo. Las demandas y situaciones de trabajadoras y obreros, de las comunidades ind\u00edgenas, de los colectivos campesinos y de las juntas y comit\u00e9s barriales ocuparon sus p\u00e1ginas a lo largo de los m\u00e1s de setenta meses, con algunas interrupciones, que estuvo presente en los quioscos.<\/p>\n<p><img loading=\"lazy\" decoding=\"async\" class=\"alignnone wp-image-1799522 size-full\" src=\"https:\/\/www.pressenza.com\/wp-content\/uploads\/2024\/02\/alternativa-3-1.webp\" alt=\"\" width=\"1024\" height=\"651\" srcset=\"https:\/\/www.pressenza.com\/wp-content\/uploads\/2024\/02\/alternativa-3-1.webp 1024w, https:\/\/www.pressenza.com\/wp-content\/uploads\/2024\/02\/alternativa-3-1-300x191.webp 300w, https:\/\/www.pressenza.com\/wp-content\/uploads\/2024\/02\/alternativa-3-1-820x521.webp 820w\" sizes=\"auto, (max-width: 1024px) 100vw, 1024px\" \/><\/p>\n<p>En sus p\u00e1ginas, editoriales cr\u00edticos, el humor denunciante de Antonio Caballero, las reflexiones de \u00b4la historia prohibida`, la iron\u00eda de \u201c\u00bfQu\u00e9 hay de nuevo en Macondo?\u201d o los escritos pol\u00edticos de Garc\u00eda M\u00e1rquez. Adem\u00e1s, noticias internacionales, fotos con narrativa propia, intensas cr\u00f3nicas, profundos perfiles, trabajados reportajes de actualidad y reveladoras entrevistas a personajes como Botero, Cort\u00e1zar, Dal\u00ed, Galeano o Torrijos. Tambi\u00e9n difundi\u00f3, \u201csin entrar a calificar un fen\u00f3meno pol\u00edtico sobre el cual a\u00fan no existen suficientes elementos de juicio\u201d, el comunicado y la foto que el M-19 envi\u00f3 a los medios tras la toma de la espada de Bol\u00edvar y que ning\u00fan otro public\u00f3.<\/p>\n<p>Alternativa no logr\u00f3 la unidad de la izquierda que onde\u00f3 como bandera, no se consolid\u00f3 como el periodismo para la metamorfosis social que pretend\u00eda y, con su desaparici\u00f3n, dej\u00f3 en el aire la tarea de \u00b4acabar` con ese quiebre \u00e9tico hist\u00f3rico que sigue lastrando el pa\u00eds. Pero pese a ello, como escribi\u00f3 y public\u00f3 Orlando Fals Borda, uno de sus fundadores, en el n\u00famero 70 de la revista Credencial: \u201cColombia le debe mucho a Alternativa pues el pa\u00eds sigue necesitando ese periodismo cr\u00edtico, rebelde y serio, que hizo de aquel semanario el fen\u00f3meno comunicativo de la \u00e9poca\u201d.<\/p>\n<p>Garc\u00eda M\u00e1rquez, a pesar de su pesimismo sobre este tipo de publicaciones que, en Colombia, ten\u00edan el \u201cdestino de los amores de verano y de los ministros de Educaci\u00f3n: intenso y fugaz\u201d, y de manifestar sus dos \u00b4peros` a la revista -la periodicidad y el precio- mantuvo su respaldo a Alternativa, a la que consideraba \u201cun \u00f3rgano indispensable en las condiciones actuales del pa\u00eds y de la prensa de izquierda\u201d y en la que, tras su relanzamiento en mayo de 1977 -n\u00famero 112-, cont\u00f3 con una columna quincenal para \u201cdecir lo que me d\u00e9 la gana por mi propia cuenta\u201d.<\/p>\n<p><img loading=\"lazy\" decoding=\"async\" class=\"alignnone wp-image-1799523 size-full\" src=\"https:\/\/www.pressenza.com\/wp-content\/uploads\/2024\/02\/alternativa-4.webp\" alt=\"\" width=\"1024\" height=\"777\" srcset=\"https:\/\/www.pressenza.com\/wp-content\/uploads\/2024\/02\/alternativa-4.webp 1024w, https:\/\/www.pressenza.com\/wp-content\/uploads\/2024\/02\/alternativa-4-300x228.webp 300w, https:\/\/www.pressenza.com\/wp-content\/uploads\/2024\/02\/alternativa-4-820x622.webp 820w\" sizes=\"auto, (max-width: 1024px) 100vw, 1024px\" \/><\/p>\n<p>Ni la presencia ni el apoyo, con su pluma y con su plata, del gran cronista que poco tiempo despu\u00e9s fue reconocido con el premio Nobel de Literatura, pudo salvar de la desaparici\u00f3n a una publicaci\u00f3n que iba del \u201coptimismo desmesurado\u201d al \u201cfascinante macondismo\u201d. La \u00faltima edici\u00f3n, la n\u00famero 257, ech\u00f3 el cierre a seis a\u00f1os de compromiso de un semanario que luch\u00f3 con la palabra haciendo que muchas personas se atrevieran a pensar y que \u201cdemostr\u00f3 tanto su idealismo como su nefasta capacidad suicida\u201d. As\u00ed, en marzo de 1980 se constat\u00f3 el triunfo de la \u00b4l\u00f3gica del mercado` que impon\u00eda o publicidad o desaparici\u00f3n, y Alternativa opt\u00f3 por lo segundo.<\/p>\n","protected":false},"excerpt":{"rendered":"<p>Se cumplen 50 a\u00f1os de la aparici\u00f3n de Alternativa, uno de los medios m\u00e1s cr\u00edticos, y criticados, en Colombia y que ejerci\u00f3 periodismo para el cambio social. Un heterog\u00e9neo grupo que se situaba ideol\u00f3gicamente en la izquierda colombiana y que&hellip;<\/p>\n","protected":false},"author":2306,"featured_media":1799524,"comment_status":"closed","ping_status":"closed","sticky":false,"template":"","format":"standard","meta":{"footnotes":""},"categories":[11389,75,161,67],"tags":[30,662,120120],"class_list":["post-1799520","post","type-post","status-publish","format-standard","has-post-thumbnail","hentry","category-contenido-original","category-cultura-es","category-opiniones","category-sudamerica","tag-colombia","tag-prensa","tag-revista-alternativa"],"yoast_head":"<!-- This site is optimized with the Yoast SEO plugin v27.1.1 - https:\/\/yoast.com\/product\/yoast-seo-wordpress\/ -->\n<title>Atreverse a pensar es empezar a luchar<\/title>\n<meta name=\"description\" content=\"Se cumplen 50 a\u00f1os de la aparici\u00f3n de Alternativa, uno de los medios m\u00e1s cr\u00edticos, y criticados, en Colombia y que ejerci\u00f3 periodismo para el cambio\" \/>\n<meta name=\"robots\" content=\"index, follow, max-snippet:-1, max-image-preview:large, max-video-preview:-1\" \/>\n<link rel=\"canonical\" href=\"https:\/\/www.pressenza.com\/es\/2024\/02\/atreverse-a-pensar-es-empezar-a-luchar\/\" \/>\n<meta property=\"og:locale\" content=\"es_ES\" \/>\n<meta property=\"og:type\" content=\"article\" \/>\n<meta property=\"og:title\" content=\"Atreverse a pensar es empezar a luchar\" \/>\n<meta property=\"og:description\" content=\"Se cumplen 50 a\u00f1os de la aparici\u00f3n de Alternativa, uno de los medios m\u00e1s cr\u00edticos, y criticados, en Colombia y que ejerci\u00f3 periodismo para el cambio\" \/>\n<meta property=\"og:url\" content=\"https:\/\/www.pressenza.com\/es\/2024\/02\/atreverse-a-pensar-es-empezar-a-luchar\/\" \/>\n<meta property=\"og:site_name\" content=\"Pressenza\" \/>\n<meta property=\"article:publisher\" content=\"https:\/\/www.facebook.com\/PressenzaItalia\" \/>\n<meta property=\"article:published_time\" content=\"2024-02-17T14:04:55+00:00\" \/>\n<meta property=\"og:image\" content=\"https:\/\/www.pressenza.com\/wp-content\/uploads\/2024\/02\/alternativa-1.webp\" \/>\n\t<meta property=\"og:image:width\" content=\"1024\" \/>\n\t<meta property=\"og:image:height\" content=\"681\" \/>\n\t<meta property=\"og:image:type\" content=\"image\/webp\" \/>\n<meta name=\"author\" content=\"J. Ignacio \u00b4I\u00f1aki` Chaves G.\" \/>\n<meta name=\"twitter:card\" content=\"summary_large_image\" \/>\n<meta name=\"twitter:creator\" content=\"@PressenzaIPA\" \/>\n<meta name=\"twitter:site\" content=\"@PressenzaIPA\" \/>\n<meta name=\"twitter:label1\" content=\"Escrito por\" \/>\n\t<meta name=\"twitter:data1\" content=\"J. Ignacio \u00b4I\u00f1aki` Chaves G.\" \/>\n\t<meta name=\"twitter:label2\" content=\"Tiempo de lectura\" \/>\n\t<meta name=\"twitter:data2\" content=\"7 minutos\" \/>\n<script type=\"application\/ld+json\" class=\"yoast-schema-graph\">{\"@context\":\"https:\/\/schema.org\",\"@graph\":[{\"@type\":\"Article\",\"@id\":\"https:\/\/www.pressenza.com\/es\/2024\/02\/atreverse-a-pensar-es-empezar-a-luchar\/#article\",\"isPartOf\":{\"@id\":\"https:\/\/www.pressenza.com\/es\/2024\/02\/atreverse-a-pensar-es-empezar-a-luchar\/\"},\"author\":{\"name\":\"J. Ignacio \u00b4I\u00f1aki` Chaves G.\",\"@id\":\"https:\/\/www.pressenza.com\/es\/#\/schema\/person\/ba32dad085eff04207628f0781f2116e\"},\"headline\":\"Atreverse a pensar es empezar a luchar\",\"datePublished\":\"2024-02-17T14:04:55+00:00\",\"mainEntityOfPage\":{\"@id\":\"https:\/\/www.pressenza.com\/es\/2024\/02\/atreverse-a-pensar-es-empezar-a-luchar\/\"},\"wordCount\":1411,\"publisher\":{\"@id\":\"https:\/\/www.pressenza.com\/es\/#organization\"},\"image\":{\"@id\":\"https:\/\/www.pressenza.com\/es\/2024\/02\/atreverse-a-pensar-es-empezar-a-luchar\/#primaryimage\"},\"thumbnailUrl\":\"https:\/\/www.pressenza.com\/wp-content\/uploads\/2024\/02\/alternativa-1.webp\",\"keywords\":[\"Colombia\",\"prensa\",\"revista Alternativa\"],\"articleSection\":[\"Contenido Original\",\"Cultura y Medios\",\"Opiniones\",\"Sudam\u00e9rica\"],\"inLanguage\":\"es\"},{\"@type\":\"WebPage\",\"@id\":\"https:\/\/www.pressenza.com\/es\/2024\/02\/atreverse-a-pensar-es-empezar-a-luchar\/\",\"url\":\"https:\/\/www.pressenza.com\/es\/2024\/02\/atreverse-a-pensar-es-empezar-a-luchar\/\",\"name\":\"Atreverse a pensar es empezar a luchar\",\"isPartOf\":{\"@id\":\"https:\/\/www.pressenza.com\/es\/#website\"},\"primaryImageOfPage\":{\"@id\":\"https:\/\/www.pressenza.com\/es\/2024\/02\/atreverse-a-pensar-es-empezar-a-luchar\/#primaryimage\"},\"image\":{\"@id\":\"https:\/\/www.pressenza.com\/es\/2024\/02\/atreverse-a-pensar-es-empezar-a-luchar\/#primaryimage\"},\"thumbnailUrl\":\"https:\/\/www.pressenza.com\/wp-content\/uploads\/2024\/02\/alternativa-1.webp\",\"datePublished\":\"2024-02-17T14:04:55+00:00\",\"description\":\"Se cumplen 50 a\u00f1os de la aparici\u00f3n de Alternativa, uno de los medios m\u00e1s cr\u00edticos, y criticados, en Colombia y que ejerci\u00f3 periodismo para el cambio\",\"breadcrumb\":{\"@id\":\"https:\/\/www.pressenza.com\/es\/2024\/02\/atreverse-a-pensar-es-empezar-a-luchar\/#breadcrumb\"},\"inLanguage\":\"es\",\"potentialAction\":[{\"@type\":\"ReadAction\",\"target\":[\"https:\/\/www.pressenza.com\/es\/2024\/02\/atreverse-a-pensar-es-empezar-a-luchar\/\"]}]},{\"@type\":\"ImageObject\",\"inLanguage\":\"es\",\"@id\":\"https:\/\/www.pressenza.com\/es\/2024\/02\/atreverse-a-pensar-es-empezar-a-luchar\/#primaryimage\",\"url\":\"https:\/\/www.pressenza.com\/wp-content\/uploads\/2024\/02\/alternativa-1.webp\",\"contentUrl\":\"https:\/\/www.pressenza.com\/wp-content\/uploads\/2024\/02\/alternativa-1.webp\",\"width\":1024,\"height\":681},{\"@type\":\"BreadcrumbList\",\"@id\":\"https:\/\/www.pressenza.com\/es\/2024\/02\/atreverse-a-pensar-es-empezar-a-luchar\/#breadcrumb\",\"itemListElement\":[{\"@type\":\"ListItem\",\"position\":1,\"name\":\"Accueil\",\"item\":\"https:\/\/www.pressenza.com\/es\/\"},{\"@type\":\"ListItem\",\"position\":2,\"name\":\"Atreverse a pensar es empezar a luchar\"}]},{\"@type\":\"WebSite\",\"@id\":\"https:\/\/www.pressenza.com\/es\/#website\",\"url\":\"https:\/\/www.pressenza.com\/es\/\",\"name\":\"Pressenza\",\"description\":\"International Press Agency\",\"publisher\":{\"@id\":\"https:\/\/www.pressenza.com\/es\/#organization\"},\"potentialAction\":[{\"@type\":\"SearchAction\",\"target\":{\"@type\":\"EntryPoint\",\"urlTemplate\":\"https:\/\/www.pressenza.com\/es\/?s={search_term_string}\"},\"query-input\":{\"@type\":\"PropertyValueSpecification\",\"valueRequired\":true,\"valueName\":\"search_term_string\"}}],\"inLanguage\":\"es\"},{\"@type\":\"Organization\",\"@id\":\"https:\/\/www.pressenza.com\/es\/#organization\",\"name\":\"Pressenza\",\"url\":\"https:\/\/www.pressenza.com\/es\/\",\"logo\":{\"@type\":\"ImageObject\",\"inLanguage\":\"es\",\"@id\":\"https:\/\/www.pressenza.com\/es\/#\/schema\/logo\/image\/\",\"url\":\"https:\/\/www.pressenza.com\/wp-content\/uploads\/2022\/10\/pressenza_logo_200x200.jpg\",\"contentUrl\":\"https:\/\/www.pressenza.com\/wp-content\/uploads\/2022\/10\/pressenza_logo_200x200.jpg\",\"width\":200,\"height\":200,\"caption\":\"Pressenza\"},\"image\":{\"@id\":\"https:\/\/www.pressenza.com\/es\/#\/schema\/logo\/image\/\"},\"sameAs\":[\"https:\/\/www.facebook.com\/PressenzaItalia\",\"https:\/\/x.com\/PressenzaIPA\"]},{\"@type\":\"Person\",\"@id\":\"https:\/\/www.pressenza.com\/es\/#\/schema\/person\/ba32dad085eff04207628f0781f2116e\",\"name\":\"J. Ignacio \u00b4I\u00f1aki` Chaves G.\",\"description\":\"Soci\u00f3logo y comunicador, doctor en Comunicaci\u00f3n y Ciencias Sociales. Ciudadano ateo que cree que la comunicaci\u00f3n que hacemos determina la sociedad en que vivimos.\",\"url\":\"https:\/\/www.pressenza.com\/es\/author\/ignacio-chaves\/\"}]}<\/script>\n<!-- \/ Yoast SEO plugin. -->","yoast_head_json":{"title":"Atreverse a pensar es empezar a luchar","description":"Se cumplen 50 a\u00f1os de la aparici\u00f3n de Alternativa, uno de los medios m\u00e1s cr\u00edticos, y criticados, en Colombia y que ejerci\u00f3 periodismo para el cambio","robots":{"index":"index","follow":"follow","max-snippet":"max-snippet:-1","max-image-preview":"max-image-preview:large","max-video-preview":"max-video-preview:-1"},"canonical":"https:\/\/www.pressenza.com\/es\/2024\/02\/atreverse-a-pensar-es-empezar-a-luchar\/","og_locale":"es_ES","og_type":"article","og_title":"Atreverse a pensar es empezar a luchar","og_description":"Se cumplen 50 a\u00f1os de la aparici\u00f3n de Alternativa, uno de los medios m\u00e1s cr\u00edticos, y criticados, en Colombia y que ejerci\u00f3 periodismo para el cambio","og_url":"https:\/\/www.pressenza.com\/es\/2024\/02\/atreverse-a-pensar-es-empezar-a-luchar\/","og_site_name":"Pressenza","article_publisher":"https:\/\/www.facebook.com\/PressenzaItalia","article_published_time":"2024-02-17T14:04:55+00:00","og_image":[{"width":1024,"height":681,"url":"https:\/\/www.pressenza.com\/wp-content\/uploads\/2024\/02\/alternativa-1.webp","type":"image\/webp"}],"author":"J. Ignacio \u00b4I\u00f1aki` Chaves G.","twitter_card":"summary_large_image","twitter_creator":"@PressenzaIPA","twitter_site":"@PressenzaIPA","twitter_misc":{"Escrito por":"J. Ignacio \u00b4I\u00f1aki` Chaves G.","Tiempo de lectura":"7 minutos"},"schema":{"@context":"https:\/\/schema.org","@graph":[{"@type":"Article","@id":"https:\/\/www.pressenza.com\/es\/2024\/02\/atreverse-a-pensar-es-empezar-a-luchar\/#article","isPartOf":{"@id":"https:\/\/www.pressenza.com\/es\/2024\/02\/atreverse-a-pensar-es-empezar-a-luchar\/"},"author":{"name":"J. Ignacio \u00b4I\u00f1aki` Chaves G.","@id":"https:\/\/www.pressenza.com\/es\/#\/schema\/person\/ba32dad085eff04207628f0781f2116e"},"headline":"Atreverse a pensar es empezar a luchar","datePublished":"2024-02-17T14:04:55+00:00","mainEntityOfPage":{"@id":"https:\/\/www.pressenza.com\/es\/2024\/02\/atreverse-a-pensar-es-empezar-a-luchar\/"},"wordCount":1411,"publisher":{"@id":"https:\/\/www.pressenza.com\/es\/#organization"},"image":{"@id":"https:\/\/www.pressenza.com\/es\/2024\/02\/atreverse-a-pensar-es-empezar-a-luchar\/#primaryimage"},"thumbnailUrl":"https:\/\/www.pressenza.com\/wp-content\/uploads\/2024\/02\/alternativa-1.webp","keywords":["Colombia","prensa","revista Alternativa"],"articleSection":["Contenido Original","Cultura y Medios","Opiniones","Sudam\u00e9rica"],"inLanguage":"es"},{"@type":"WebPage","@id":"https:\/\/www.pressenza.com\/es\/2024\/02\/atreverse-a-pensar-es-empezar-a-luchar\/","url":"https:\/\/www.pressenza.com\/es\/2024\/02\/atreverse-a-pensar-es-empezar-a-luchar\/","name":"Atreverse a pensar es empezar a luchar","isPartOf":{"@id":"https:\/\/www.pressenza.com\/es\/#website"},"primaryImageOfPage":{"@id":"https:\/\/www.pressenza.com\/es\/2024\/02\/atreverse-a-pensar-es-empezar-a-luchar\/#primaryimage"},"image":{"@id":"https:\/\/www.pressenza.com\/es\/2024\/02\/atreverse-a-pensar-es-empezar-a-luchar\/#primaryimage"},"thumbnailUrl":"https:\/\/www.pressenza.com\/wp-content\/uploads\/2024\/02\/alternativa-1.webp","datePublished":"2024-02-17T14:04:55+00:00","description":"Se cumplen 50 a\u00f1os de la aparici\u00f3n de Alternativa, uno de los medios m\u00e1s cr\u00edticos, y criticados, en Colombia y que ejerci\u00f3 periodismo para el cambio","breadcrumb":{"@id":"https:\/\/www.pressenza.com\/es\/2024\/02\/atreverse-a-pensar-es-empezar-a-luchar\/#breadcrumb"},"inLanguage":"es","potentialAction":[{"@type":"ReadAction","target":["https:\/\/www.pressenza.com\/es\/2024\/02\/atreverse-a-pensar-es-empezar-a-luchar\/"]}]},{"@type":"ImageObject","inLanguage":"es","@id":"https:\/\/www.pressenza.com\/es\/2024\/02\/atreverse-a-pensar-es-empezar-a-luchar\/#primaryimage","url":"https:\/\/www.pressenza.com\/wp-content\/uploads\/2024\/02\/alternativa-1.webp","contentUrl":"https:\/\/www.pressenza.com\/wp-content\/uploads\/2024\/02\/alternativa-1.webp","width":1024,"height":681},{"@type":"BreadcrumbList","@id":"https:\/\/www.pressenza.com\/es\/2024\/02\/atreverse-a-pensar-es-empezar-a-luchar\/#breadcrumb","itemListElement":[{"@type":"ListItem","position":1,"name":"Accueil","item":"https:\/\/www.pressenza.com\/es\/"},{"@type":"ListItem","position":2,"name":"Atreverse a pensar es empezar a luchar"}]},{"@type":"WebSite","@id":"https:\/\/www.pressenza.com\/es\/#website","url":"https:\/\/www.pressenza.com\/es\/","name":"Pressenza","description":"International Press Agency","publisher":{"@id":"https:\/\/www.pressenza.com\/es\/#organization"},"potentialAction":[{"@type":"SearchAction","target":{"@type":"EntryPoint","urlTemplate":"https:\/\/www.pressenza.com\/es\/?s={search_term_string}"},"query-input":{"@type":"PropertyValueSpecification","valueRequired":true,"valueName":"search_term_string"}}],"inLanguage":"es"},{"@type":"Organization","@id":"https:\/\/www.pressenza.com\/es\/#organization","name":"Pressenza","url":"https:\/\/www.pressenza.com\/es\/","logo":{"@type":"ImageObject","inLanguage":"es","@id":"https:\/\/www.pressenza.com\/es\/#\/schema\/logo\/image\/","url":"https:\/\/www.pressenza.com\/wp-content\/uploads\/2022\/10\/pressenza_logo_200x200.jpg","contentUrl":"https:\/\/www.pressenza.com\/wp-content\/uploads\/2022\/10\/pressenza_logo_200x200.jpg","width":200,"height":200,"caption":"Pressenza"},"image":{"@id":"https:\/\/www.pressenza.com\/es\/#\/schema\/logo\/image\/"},"sameAs":["https:\/\/www.facebook.com\/PressenzaItalia","https:\/\/x.com\/PressenzaIPA"]},{"@type":"Person","@id":"https:\/\/www.pressenza.com\/es\/#\/schema\/person\/ba32dad085eff04207628f0781f2116e","name":"J. Ignacio \u00b4I\u00f1aki` Chaves G.","description":"Soci\u00f3logo y comunicador, doctor en Comunicaci\u00f3n y Ciencias Sociales. Ciudadano ateo que cree que la comunicaci\u00f3n que hacemos determina la sociedad en que vivimos.","url":"https:\/\/www.pressenza.com\/es\/author\/ignacio-chaves\/"}]}},"place":"Bogot\u00e1, Colombia","original_article_url":"","_links":{"self":[{"href":"https:\/\/www.pressenza.com\/es\/wp-json\/wp\/v2\/posts\/1799520","targetHints":{"allow":["GET"]}}],"collection":[{"href":"https:\/\/www.pressenza.com\/es\/wp-json\/wp\/v2\/posts"}],"about":[{"href":"https:\/\/www.pressenza.com\/es\/wp-json\/wp\/v2\/types\/post"}],"author":[{"embeddable":true,"href":"https:\/\/www.pressenza.com\/es\/wp-json\/wp\/v2\/users\/2306"}],"replies":[{"embeddable":true,"href":"https:\/\/www.pressenza.com\/es\/wp-json\/wp\/v2\/comments?post=1799520"}],"version-history":[{"count":0,"href":"https:\/\/www.pressenza.com\/es\/wp-json\/wp\/v2\/posts\/1799520\/revisions"}],"wp:featuredmedia":[{"embeddable":true,"href":"https:\/\/www.pressenza.com\/es\/wp-json\/wp\/v2\/media\/1799524"}],"wp:attachment":[{"href":"https:\/\/www.pressenza.com\/es\/wp-json\/wp\/v2\/media?parent=1799520"}],"wp:term":[{"taxonomy":"category","embeddable":true,"href":"https:\/\/www.pressenza.com\/es\/wp-json\/wp\/v2\/categories?post=1799520"},{"taxonomy":"post_tag","embeddable":true,"href":"https:\/\/www.pressenza.com\/es\/wp-json\/wp\/v2\/tags?post=1799520"}],"curies":[{"name":"wp","href":"https:\/\/api.w.org\/{rel}","templated":true}]}}