{"id":1799247,"date":"2024-02-15T15:13:50","date_gmt":"2024-02-15T15:13:50","guid":{"rendered":"https:\/\/www.pressenza.com\/?p=1799247"},"modified":"2024-02-15T15:13:50","modified_gmt":"2024-02-15T15:13:50","slug":"necesitamos-imaginacion-y-creatividad-para-resistir","status":"publish","type":"post","link":"https:\/\/www.pressenza.com\/es\/2024\/02\/necesitamos-imaginacion-y-creatividad-para-resistir\/","title":{"rendered":"Necesitamos imaginaci\u00f3n y creatividad para resistir"},"content":{"rendered":"<p>La preocupaci\u00f3n por la repetici\u00f3n de modelos viejos me llev\u00f3 a pensar que no voy a aceptar formas patriarcales de resistencia pol\u00edtico-social. Me pregunto si en esta lucha por la vida o la muerte es v\u00e1lido hacer este planteo. De todas maneras, lo creo necesario. El esquema de valores hegem\u00f3nicos antropocentristas, patriarcales, colonialistas, racistas, est\u00e1n detr\u00e1s de todo y de esa manera salimos a resistir con formas que, finalmente, le hacen el juego a la violencia.<\/p>\n<p>Percibo una cierta ebullici\u00f3n, una suerte de volc\u00e1n que comienza a temblar buscando formas de resistencia que nos permitan no repetir etapas anteriores, donde nuestros cuerpos fueron el escudo. No quiero m\u00e1s muertes por las balas de la represi\u00f3n, ni mujeres presas, ni jubilados golpeados, tampoco j\u00f3venes gaseados.<\/p>\n<p>Hay una negaci\u00f3n de la condici\u00f3n humana de parte del poder que los lleva a querer destruirnos como si solo fu\u00e9ramos su adversario, llev\u00e1ndolos inclusive a justificar la violencia en pos de sus intereses.<\/p>\n<p>\u00bfSi la resistencia es una forma de proponer; c\u00f3mo lo hacemos?<\/p>\n<p>A mi parecer los que se muestran: grupos autoconvocados, otras que asisten con temor de ser identificadas, tambi\u00e9n modelos de otro momento de la historia. Sin \u00e1nimos de herir a nadie, ni criticar los esfuerzos de las organizaciones y movimientos sociales; creo que estamos en situaci\u00f3n de generar un sistema de intercambio para discutir c\u00f3mo manifestarnos y resistir con m\u00e1s creatividad. Por otro lado, es necesario buscar formas de organizarnos para impedir que la represi\u00f3n sea ejercida mediante la violencia armada. Seg\u00fan la soci\u00f3loga Elizabet Jein:<em> \u201clo urgente est\u00e1 en las crecientes desigualdades sociales, que ponen en peligro la propia condici\u00f3n humana\u201d. Ella refuerza el pedido hacia un \u201c<\/em>respeto m\u00ednimo al umbral de humanidad\u201d.<\/p>\n<p>Lo que veo y siento es que los feminismos seguimos luchando, porque somos como un magma subterr\u00e1neo que est\u00e1 en ebullici\u00f3n permanente y cuando no aguanta m\u00e1s sale a la superficie con convicci\u00f3n y fuerza. Esto no lo van a poder parar porque es el signo de los nuevos tiempos.<\/p>\n<p>Siempre los movimientos de mujeres estamos al servicio de las mejores causas y desde all\u00ed seguiremos accionando, con una mayor creatividad, para el beneficio de todes.<\/p>\n<hr \/>\n<p><strong>Bibliograf\u00eda<br \/>\n<\/strong>La Brujer\u00eda Capitalista. Isabelle\u00a0 Stengres &#8211; Philippe Pignarre<br \/>\nDefinir el concepto, controlar el debate.\u00a0 Flavia Broffoni. Revista Anfibia USAM<br \/>\n\u201cEs un momento en el que los movimientos populares son fundamentales\u201d Elizabeth Jelin. Pag. 12<\/p>\n","protected":false},"excerpt":{"rendered":"<p>La preocupaci\u00f3n por la repetici\u00f3n de modelos viejos me llev\u00f3 a pensar que no voy a aceptar formas patriarcales de resistencia pol\u00edtico-social. Me pregunto si en esta lucha por la vida o la muerte es v\u00e1lido hacer este planteo. De&hellip;<\/p>\n","protected":false},"author":1782,"featured_media":1799250,"comment_status":"closed","ping_status":"closed","sticky":false,"template":"","format":"standard","meta":{"footnotes":""},"categories":[11389,54515,161,67],"tags":[16309,1615,623],"class_list":["post-1799247","post","type-post","status-publish","format-standard","has-post-thumbnail","hentry","category-contenido-original","category-genero-y-feminismos","category-opiniones","category-sudamerica","tag-patriarcado","tag-resistencia","tag-violencia"],"yoast_head":"<!-- This site is optimized with the Yoast SEO plugin v27.1.1 - https:\/\/yoast.com\/product\/yoast-seo-wordpress\/ -->\n<title>Necesitamos imaginaci\u00f3n y creatividad para resistir<\/title>\n<meta name=\"description\" content=\"La preocupaci\u00f3n por la repetici\u00f3n de modelos viejos me llev\u00f3 a pensar que no voy a aceptar formas patriarcales de resistencia pol\u00edtico-social. Me pregunto\" \/>\n<meta name=\"robots\" content=\"index, follow, max-snippet:-1, max-image-preview:large, max-video-preview:-1\" \/>\n<link rel=\"canonical\" href=\"https:\/\/www.pressenza.com\/es\/2024\/02\/necesitamos-imaginacion-y-creatividad-para-resistir\/\" \/>\n<meta property=\"og:locale\" content=\"es_ES\" \/>\n<meta property=\"og:type\" content=\"article\" \/>\n<meta property=\"og:title\" content=\"Necesitamos imaginaci\u00f3n y creatividad para resistir\" \/>\n<meta property=\"og:description\" content=\"La preocupaci\u00f3n por la repetici\u00f3n de modelos viejos me llev\u00f3 a pensar que no voy a aceptar formas patriarcales de resistencia pol\u00edtico-social. Me pregunto\" \/>\n<meta property=\"og:url\" content=\"https:\/\/www.pressenza.com\/es\/2024\/02\/necesitamos-imaginacion-y-creatividad-para-resistir\/\" \/>\n<meta property=\"og:site_name\" content=\"Pressenza\" \/>\n<meta property=\"article:publisher\" content=\"https:\/\/www.facebook.com\/PressenzaItalia\" \/>\n<meta property=\"article:published_time\" content=\"2024-02-15T15:13:50+00:00\" \/>\n<meta property=\"og:image\" content=\"https:\/\/www.pressenza.com\/wp-content\/uploads\/2024\/02\/de-Santiago-Sito.jpg\" \/>\n\t<meta property=\"og:image:width\" content=\"820\" \/>\n\t<meta property=\"og:image:height\" content=\"547\" \/>\n\t<meta property=\"og:image:type\" content=\"image\/jpeg\" \/>\n<meta name=\"author\" content=\"Esther Amelia Delvenne\" \/>\n<meta name=\"twitter:card\" content=\"summary_large_image\" \/>\n<meta name=\"twitter:creator\" content=\"@PressenzaIPA\" \/>\n<meta name=\"twitter:site\" content=\"@PressenzaIPA\" \/>\n<meta name=\"twitter:label1\" content=\"Escrito por\" \/>\n\t<meta name=\"twitter:data1\" content=\"Esther Amelia Delvenne\" \/>\n\t<meta name=\"twitter:label2\" content=\"Tiempo de lectura\" \/>\n\t<meta name=\"twitter:data2\" content=\"2 minutos\" \/>\n<script type=\"application\/ld+json\" class=\"yoast-schema-graph\">{\"@context\":\"https:\/\/schema.org\",\"@graph\":[{\"@type\":\"Article\",\"@id\":\"https:\/\/www.pressenza.com\/es\/2024\/02\/necesitamos-imaginacion-y-creatividad-para-resistir\/#article\",\"isPartOf\":{\"@id\":\"https:\/\/www.pressenza.com\/es\/2024\/02\/necesitamos-imaginacion-y-creatividad-para-resistir\/\"},\"author\":{\"name\":\"Esther Amelia Delvenne\",\"@id\":\"https:\/\/www.pressenza.com\/es\/#\/schema\/person\/9a744165a2bd1a5de9b92bf6e15e9482\"},\"headline\":\"Necesitamos imaginaci\u00f3n y creatividad para resistir\",\"datePublished\":\"2024-02-15T15:13:50+00:00\",\"mainEntityOfPage\":{\"@id\":\"https:\/\/www.pressenza.com\/es\/2024\/02\/necesitamos-imaginacion-y-creatividad-para-resistir\/\"},\"wordCount\":432,\"publisher\":{\"@id\":\"https:\/\/www.pressenza.com\/es\/#organization\"},\"image\":{\"@id\":\"https:\/\/www.pressenza.com\/es\/2024\/02\/necesitamos-imaginacion-y-creatividad-para-resistir\/#primaryimage\"},\"thumbnailUrl\":\"https:\/\/www.pressenza.com\/wp-content\/uploads\/2024\/02\/de-Santiago-Sito.jpg\",\"keywords\":[\"patriarcado\",\"resistencia\",\"Violencia\"],\"articleSection\":[\"Contenido Original\",\"G\u00e9nero y Feminismos\",\"Opiniones\",\"Sudam\u00e9rica\"],\"inLanguage\":\"es\"},{\"@type\":\"WebPage\",\"@id\":\"https:\/\/www.pressenza.com\/es\/2024\/02\/necesitamos-imaginacion-y-creatividad-para-resistir\/\",\"url\":\"https:\/\/www.pressenza.com\/es\/2024\/02\/necesitamos-imaginacion-y-creatividad-para-resistir\/\",\"name\":\"Necesitamos imaginaci\u00f3n y creatividad para resistir\",\"isPartOf\":{\"@id\":\"https:\/\/www.pressenza.com\/es\/#website\"},\"primaryImageOfPage\":{\"@id\":\"https:\/\/www.pressenza.com\/es\/2024\/02\/necesitamos-imaginacion-y-creatividad-para-resistir\/#primaryimage\"},\"image\":{\"@id\":\"https:\/\/www.pressenza.com\/es\/2024\/02\/necesitamos-imaginacion-y-creatividad-para-resistir\/#primaryimage\"},\"thumbnailUrl\":\"https:\/\/www.pressenza.com\/wp-content\/uploads\/2024\/02\/de-Santiago-Sito.jpg\",\"datePublished\":\"2024-02-15T15:13:50+00:00\",\"description\":\"La preocupaci\u00f3n por la repetici\u00f3n de modelos viejos me llev\u00f3 a pensar que no voy a aceptar formas patriarcales de resistencia pol\u00edtico-social. Me pregunto\",\"breadcrumb\":{\"@id\":\"https:\/\/www.pressenza.com\/es\/2024\/02\/necesitamos-imaginacion-y-creatividad-para-resistir\/#breadcrumb\"},\"inLanguage\":\"es\",\"potentialAction\":[{\"@type\":\"ReadAction\",\"target\":[\"https:\/\/www.pressenza.com\/es\/2024\/02\/necesitamos-imaginacion-y-creatividad-para-resistir\/\"]}]},{\"@type\":\"ImageObject\",\"inLanguage\":\"es\",\"@id\":\"https:\/\/www.pressenza.com\/es\/2024\/02\/necesitamos-imaginacion-y-creatividad-para-resistir\/#primaryimage\",\"url\":\"https:\/\/www.pressenza.com\/wp-content\/uploads\/2024\/02\/de-Santiago-Sito.jpg\",\"contentUrl\":\"https:\/\/www.pressenza.com\/wp-content\/uploads\/2024\/02\/de-Santiago-Sito.jpg\",\"width\":820,\"height\":547},{\"@type\":\"BreadcrumbList\",\"@id\":\"https:\/\/www.pressenza.com\/es\/2024\/02\/necesitamos-imaginacion-y-creatividad-para-resistir\/#breadcrumb\",\"itemListElement\":[{\"@type\":\"ListItem\",\"position\":1,\"name\":\"Accueil\",\"item\":\"https:\/\/www.pressenza.com\/es\/\"},{\"@type\":\"ListItem\",\"position\":2,\"name\":\"Necesitamos imaginaci\u00f3n y creatividad para resistir\"}]},{\"@type\":\"WebSite\",\"@id\":\"https:\/\/www.pressenza.com\/es\/#website\",\"url\":\"https:\/\/www.pressenza.com\/es\/\",\"name\":\"Pressenza\",\"description\":\"International Press Agency\",\"publisher\":{\"@id\":\"https:\/\/www.pressenza.com\/es\/#organization\"},\"potentialAction\":[{\"@type\":\"SearchAction\",\"target\":{\"@type\":\"EntryPoint\",\"urlTemplate\":\"https:\/\/www.pressenza.com\/es\/?s={search_term_string}\"},\"query-input\":{\"@type\":\"PropertyValueSpecification\",\"valueRequired\":true,\"valueName\":\"search_term_string\"}}],\"inLanguage\":\"es\"},{\"@type\":\"Organization\",\"@id\":\"https:\/\/www.pressenza.com\/es\/#organization\",\"name\":\"Pressenza\",\"url\":\"https:\/\/www.pressenza.com\/es\/\",\"logo\":{\"@type\":\"ImageObject\",\"inLanguage\":\"es\",\"@id\":\"https:\/\/www.pressenza.com\/es\/#\/schema\/logo\/image\/\",\"url\":\"https:\/\/www.pressenza.com\/wp-content\/uploads\/2022\/10\/pressenza_logo_200x200.jpg\",\"contentUrl\":\"https:\/\/www.pressenza.com\/wp-content\/uploads\/2022\/10\/pressenza_logo_200x200.jpg\",\"width\":200,\"height\":200,\"caption\":\"Pressenza\"},\"image\":{\"@id\":\"https:\/\/www.pressenza.com\/es\/#\/schema\/logo\/image\/\"},\"sameAs\":[\"https:\/\/www.facebook.com\/PressenzaItalia\",\"https:\/\/x.com\/PressenzaIPA\"]},{\"@type\":\"Person\",\"@id\":\"https:\/\/www.pressenza.com\/es\/#\/schema\/person\/9a744165a2bd1a5de9b92bf6e15e9482\",\"name\":\"Esther Amelia Delvenne\",\"description\":\"Participante del Movimiento Siloista desde 1973, militante en varios pa\u00edses de Latinoam\u00e9rica. Dedicada a investigar y trabajar por el tema de la Mujer. Particip\u00f3 en varios Congresos internacionales, regionales y de Argentina como Miembro del Movimiento Humanista. Naci\u00f3 en 1953), vive en Argentina. estherdelvenne@gmail.com https:\/\/estherdelvenne.blogspot.com\/\",\"url\":\"https:\/\/www.pressenza.com\/es\/author\/esther-delvenne\/\"}]}<\/script>\n<!-- \/ Yoast SEO plugin. -->","yoast_head_json":{"title":"Necesitamos imaginaci\u00f3n y creatividad para resistir","description":"La preocupaci\u00f3n por la repetici\u00f3n de modelos viejos me llev\u00f3 a pensar que no voy a aceptar formas patriarcales de resistencia pol\u00edtico-social. Me pregunto","robots":{"index":"index","follow":"follow","max-snippet":"max-snippet:-1","max-image-preview":"max-image-preview:large","max-video-preview":"max-video-preview:-1"},"canonical":"https:\/\/www.pressenza.com\/es\/2024\/02\/necesitamos-imaginacion-y-creatividad-para-resistir\/","og_locale":"es_ES","og_type":"article","og_title":"Necesitamos imaginaci\u00f3n y creatividad para resistir","og_description":"La preocupaci\u00f3n por la repetici\u00f3n de modelos viejos me llev\u00f3 a pensar que no voy a aceptar formas patriarcales de resistencia pol\u00edtico-social. Me pregunto","og_url":"https:\/\/www.pressenza.com\/es\/2024\/02\/necesitamos-imaginacion-y-creatividad-para-resistir\/","og_site_name":"Pressenza","article_publisher":"https:\/\/www.facebook.com\/PressenzaItalia","article_published_time":"2024-02-15T15:13:50+00:00","og_image":[{"width":820,"height":547,"url":"https:\/\/www.pressenza.com\/wp-content\/uploads\/2024\/02\/de-Santiago-Sito.jpg","type":"image\/jpeg"}],"author":"Esther Amelia Delvenne","twitter_card":"summary_large_image","twitter_creator":"@PressenzaIPA","twitter_site":"@PressenzaIPA","twitter_misc":{"Escrito por":"Esther Amelia Delvenne","Tiempo de lectura":"2 minutos"},"schema":{"@context":"https:\/\/schema.org","@graph":[{"@type":"Article","@id":"https:\/\/www.pressenza.com\/es\/2024\/02\/necesitamos-imaginacion-y-creatividad-para-resistir\/#article","isPartOf":{"@id":"https:\/\/www.pressenza.com\/es\/2024\/02\/necesitamos-imaginacion-y-creatividad-para-resistir\/"},"author":{"name":"Esther Amelia Delvenne","@id":"https:\/\/www.pressenza.com\/es\/#\/schema\/person\/9a744165a2bd1a5de9b92bf6e15e9482"},"headline":"Necesitamos imaginaci\u00f3n y creatividad para resistir","datePublished":"2024-02-15T15:13:50+00:00","mainEntityOfPage":{"@id":"https:\/\/www.pressenza.com\/es\/2024\/02\/necesitamos-imaginacion-y-creatividad-para-resistir\/"},"wordCount":432,"publisher":{"@id":"https:\/\/www.pressenza.com\/es\/#organization"},"image":{"@id":"https:\/\/www.pressenza.com\/es\/2024\/02\/necesitamos-imaginacion-y-creatividad-para-resistir\/#primaryimage"},"thumbnailUrl":"https:\/\/www.pressenza.com\/wp-content\/uploads\/2024\/02\/de-Santiago-Sito.jpg","keywords":["patriarcado","resistencia","Violencia"],"articleSection":["Contenido Original","G\u00e9nero y Feminismos","Opiniones","Sudam\u00e9rica"],"inLanguage":"es"},{"@type":"WebPage","@id":"https:\/\/www.pressenza.com\/es\/2024\/02\/necesitamos-imaginacion-y-creatividad-para-resistir\/","url":"https:\/\/www.pressenza.com\/es\/2024\/02\/necesitamos-imaginacion-y-creatividad-para-resistir\/","name":"Necesitamos imaginaci\u00f3n y creatividad para resistir","isPartOf":{"@id":"https:\/\/www.pressenza.com\/es\/#website"},"primaryImageOfPage":{"@id":"https:\/\/www.pressenza.com\/es\/2024\/02\/necesitamos-imaginacion-y-creatividad-para-resistir\/#primaryimage"},"image":{"@id":"https:\/\/www.pressenza.com\/es\/2024\/02\/necesitamos-imaginacion-y-creatividad-para-resistir\/#primaryimage"},"thumbnailUrl":"https:\/\/www.pressenza.com\/wp-content\/uploads\/2024\/02\/de-Santiago-Sito.jpg","datePublished":"2024-02-15T15:13:50+00:00","description":"La preocupaci\u00f3n por la repetici\u00f3n de modelos viejos me llev\u00f3 a pensar que no voy a aceptar formas patriarcales de resistencia pol\u00edtico-social. Me pregunto","breadcrumb":{"@id":"https:\/\/www.pressenza.com\/es\/2024\/02\/necesitamos-imaginacion-y-creatividad-para-resistir\/#breadcrumb"},"inLanguage":"es","potentialAction":[{"@type":"ReadAction","target":["https:\/\/www.pressenza.com\/es\/2024\/02\/necesitamos-imaginacion-y-creatividad-para-resistir\/"]}]},{"@type":"ImageObject","inLanguage":"es","@id":"https:\/\/www.pressenza.com\/es\/2024\/02\/necesitamos-imaginacion-y-creatividad-para-resistir\/#primaryimage","url":"https:\/\/www.pressenza.com\/wp-content\/uploads\/2024\/02\/de-Santiago-Sito.jpg","contentUrl":"https:\/\/www.pressenza.com\/wp-content\/uploads\/2024\/02\/de-Santiago-Sito.jpg","width":820,"height":547},{"@type":"BreadcrumbList","@id":"https:\/\/www.pressenza.com\/es\/2024\/02\/necesitamos-imaginacion-y-creatividad-para-resistir\/#breadcrumb","itemListElement":[{"@type":"ListItem","position":1,"name":"Accueil","item":"https:\/\/www.pressenza.com\/es\/"},{"@type":"ListItem","position":2,"name":"Necesitamos imaginaci\u00f3n y creatividad para resistir"}]},{"@type":"WebSite","@id":"https:\/\/www.pressenza.com\/es\/#website","url":"https:\/\/www.pressenza.com\/es\/","name":"Pressenza","description":"International Press Agency","publisher":{"@id":"https:\/\/www.pressenza.com\/es\/#organization"},"potentialAction":[{"@type":"SearchAction","target":{"@type":"EntryPoint","urlTemplate":"https:\/\/www.pressenza.com\/es\/?s={search_term_string}"},"query-input":{"@type":"PropertyValueSpecification","valueRequired":true,"valueName":"search_term_string"}}],"inLanguage":"es"},{"@type":"Organization","@id":"https:\/\/www.pressenza.com\/es\/#organization","name":"Pressenza","url":"https:\/\/www.pressenza.com\/es\/","logo":{"@type":"ImageObject","inLanguage":"es","@id":"https:\/\/www.pressenza.com\/es\/#\/schema\/logo\/image\/","url":"https:\/\/www.pressenza.com\/wp-content\/uploads\/2022\/10\/pressenza_logo_200x200.jpg","contentUrl":"https:\/\/www.pressenza.com\/wp-content\/uploads\/2022\/10\/pressenza_logo_200x200.jpg","width":200,"height":200,"caption":"Pressenza"},"image":{"@id":"https:\/\/www.pressenza.com\/es\/#\/schema\/logo\/image\/"},"sameAs":["https:\/\/www.facebook.com\/PressenzaItalia","https:\/\/x.com\/PressenzaIPA"]},{"@type":"Person","@id":"https:\/\/www.pressenza.com\/es\/#\/schema\/person\/9a744165a2bd1a5de9b92bf6e15e9482","name":"Esther Amelia Delvenne","description":"Participante del Movimiento Siloista desde 1973, militante en varios pa\u00edses de Latinoam\u00e9rica. Dedicada a investigar y trabajar por el tema de la Mujer. Particip\u00f3 en varios Congresos internacionales, regionales y de Argentina como Miembro del Movimiento Humanista. Naci\u00f3 en 1953), vive en Argentina. estherdelvenne@gmail.com https:\/\/estherdelvenne.blogspot.com\/","url":"https:\/\/www.pressenza.com\/es\/author\/esther-delvenne\/"}]}},"place":"Ciudad de Buenos Aires, Argentina","original_article_url":"","_links":{"self":[{"href":"https:\/\/www.pressenza.com\/es\/wp-json\/wp\/v2\/posts\/1799247","targetHints":{"allow":["GET"]}}],"collection":[{"href":"https:\/\/www.pressenza.com\/es\/wp-json\/wp\/v2\/posts"}],"about":[{"href":"https:\/\/www.pressenza.com\/es\/wp-json\/wp\/v2\/types\/post"}],"author":[{"embeddable":true,"href":"https:\/\/www.pressenza.com\/es\/wp-json\/wp\/v2\/users\/1782"}],"replies":[{"embeddable":true,"href":"https:\/\/www.pressenza.com\/es\/wp-json\/wp\/v2\/comments?post=1799247"}],"version-history":[{"count":0,"href":"https:\/\/www.pressenza.com\/es\/wp-json\/wp\/v2\/posts\/1799247\/revisions"}],"wp:featuredmedia":[{"embeddable":true,"href":"https:\/\/www.pressenza.com\/es\/wp-json\/wp\/v2\/media\/1799250"}],"wp:attachment":[{"href":"https:\/\/www.pressenza.com\/es\/wp-json\/wp\/v2\/media?parent=1799247"}],"wp:term":[{"taxonomy":"category","embeddable":true,"href":"https:\/\/www.pressenza.com\/es\/wp-json\/wp\/v2\/categories?post=1799247"},{"taxonomy":"post_tag","embeddable":true,"href":"https:\/\/www.pressenza.com\/es\/wp-json\/wp\/v2\/tags?post=1799247"}],"curies":[{"name":"wp","href":"https:\/\/api.w.org\/{rel}","templated":true}]}}