{"id":1798899,"date":"2024-02-14T00:34:44","date_gmt":"2024-02-14T00:34:44","guid":{"rendered":"https:\/\/www.pressenza.com\/?p=1798899"},"modified":"2024-02-14T00:34:44","modified_gmt":"2024-02-14T00:34:44","slug":"ecuador-primer-mes-del-estado-de-excepcion","status":"publish","type":"post","link":"https:\/\/www.pressenza.com\/es\/2024\/02\/ecuador-primer-mes-del-estado-de-excepcion\/","title":{"rendered":"Ecuador: primer mes del estado de excepci\u00f3n"},"content":{"rendered":"<p>En estas fiestas de Carnaval se cumple un mes del \u2018estado de excepci\u00f3n\u2019 en Ecuador, tiempo en que escal\u00f3 de la violencia extrema, desatada por el crimen organizado, al \u2018conflicto armado\u2019 declarado por el Gobierno del presidente Noboa, pasando el pa\u00eds a convertirse en un escenario en la disputa geopol\u00edtica global por el control de los territorios de Am\u00e9rica Latina y de sus recursos naturales.<\/p>\n<p>Del temor generalizado de los \u00faltimos a\u00f1os, la poblaci\u00f3n ha concedido lugar al Estado militarizado, apostando a recibir respuestas a su profunda necesidad de paz.<br \/>\nMientras los grandes medios mantienen a la poblaci\u00f3n con la telenovela de la guerra, el Gobierno ha logrado profundizar la neoliberalizaci\u00f3n de la econom\u00eda, con la aprobaci\u00f3n por parte de la Asamblea de dos leyes de urgencia favorables a los grandes grupos econ\u00f3micos en pro de la privatizaci\u00f3n y el extractivismo, acompa\u00f1ada de exenciones tributarias, explica Alberto Acosta ex Presidente de la Asamblea Constituyente. <\/p>\n<p>Pero, adem\u00e1s, el Gobierno ha copado la agenda pol\u00edtica con la necesidad de financiar la guerra con la elevaci\u00f3n del Impuesto al Valor Agregado (IVA) del 12% al 15%, poniendo  sobre los hombros de la poblaci\u00f3n este impuesto indirecto y presionando a la Asamblea su aprobaci\u00f3n, bajo la circunstancia de la crisis econ\u00f3mica. Sin embargo, se ha expuesto claramente en el debate p\u00fablico que bien podr\u00eda financiarse con  el pago de las grandes deudas de impuestos al Estado, que alcanzaron el 30 de enero pasado, el r\u00e9cord hist\u00f3rico de tres mil ochocientos millones de d\u00f3lares, donde la empresa de la familia del Presidente lidera la lista de las deudas en firme, seg\u00fan muestra Jonathan B\u00e1ez (@jbaezValencia).<\/p>\n<p>La realidad econ\u00f3mica del Ecuador es compleja puesto que, incluyendo la banca, est\u00e1 profundamente infiltrada por los narco d\u00f3lares. Expertos en la materia, como Fernando Carri\u00f3n, estiman en unos 3.500 millones de d\u00f3lares, un 3% del PIB, el lavado de activos; de ese monto al menos un 75% van a la econom\u00eda formal, incluyendo la banca. La presencia del crimen en todas sus manifestaciones puede representar incluso valores mucho m\u00e1s altos, de hasta cinco veces o m\u00e1s, seg\u00fan otros analistas como Andr\u00e9s Albuja Batallas. Estos datos y cifras son ubicados en una econom\u00eda dolarizada, que resulta muy atractiva para todo tipo de actividades il\u00edcitas. El resultado es que el narco d\u00f3lar sostiene tanto la dolarizaci\u00f3n, como la econom\u00eda de este peque\u00f1o pa\u00eds andino. Y todo en un ambiente de oscuras y diversas complicidades entre las \u00e9lites pol\u00edticas y empresariales, en las que la banca no puede estar ausente.<\/p>\n<p>En este contexto de amenaza econ\u00f3mica y militarizaci\u00f3n de la sociedad, la poblaci\u00f3n ha recibido el anuncio en v\u00edspera de Carnaval, este s\u00e1bado 10 de febrero, de la convocatoria del presidente Daniel Noboa a una consulta popular y refer\u00e9ndum sobre reformas legales y enmiendas a varios art\u00edculos de la Constituci\u00f3n sobre seguridad, justicia, inversi\u00f3n y empleo, a trav\u00e9s de diez preguntas que ya fueron calificadas por la Corte Constitucional. Por su parte, en d\u00edas pasados, 100 organizaciones que conforman las coaliciones de defensa de los Derechos Humanos y de los ni\u00f1os, ni\u00f1as y adolescentes del pa\u00eds han suscrito un llamado a la Paz digna, en nombre de las \u201cpersonas, comunidades y poblaciones afectadas, directa o indirectamente, por la violencia desproporcionada y cruel que el pa\u00eds enfrenta\u201d. <\/p>\n<p>Urge que la poblaci\u00f3n conozca las ra\u00edces y verdaderas intenciones de esta consulta, en medio de un clima de alivio pasajero, que alimentan los medios con tono victorioso sobre el \u201cconflicto armado. Salir de la resignaci\u00f3n y enfrentar la \u201chegemon\u00eda de la mentira\u201d, que caracteriza a las sociedades actuales, como la denomina Juan Carlos Monedero.  <\/p>\n","protected":false},"excerpt":{"rendered":"<p>En estas fiestas de Carnaval se cumple un mes del \u2018estado de excepci\u00f3n\u2019 en Ecuador, tiempo en que escal\u00f3 de la violencia extrema, desatada por el crimen organizado, al \u2018conflicto armado\u2019 declarado por el Gobierno del presidente Noboa, pasando el&hellip;<\/p>\n","protected":false},"author":2234,"featured_media":1798908,"comment_status":"closed","ping_status":"closed","sticky":false,"template":"","format":"standard","meta":{"footnotes":""},"categories":[11389,81,106739,74,67],"tags":[64853,11064],"class_list":["post-1798899","post","type-post","status-publish","format-standard","has-post-thumbnail","hentry","category-contenido-original","category-economia-es","category-noticia","category-politica-es","category-sudamerica","tag-estado-de-excepcion-en-ecuador","tag-neoliberalismo"],"yoast_head":"<!-- This site is optimized with the Yoast SEO plugin v27.1.1 - https:\/\/yoast.com\/product\/yoast-seo-wordpress\/ -->\n<title>Ecuador: primer mes del estado de excepci\u00f3n<\/title>\n<meta name=\"description\" content=\"En estas fiestas de Carnaval se cumple un mes del \u2018estado de excepci\u00f3n\u2019 en Ecuador, tiempo en que escal\u00f3 de la violencia extrema, desatada por el crimen\" \/>\n<meta name=\"robots\" content=\"index, follow, max-snippet:-1, max-image-preview:large, max-video-preview:-1\" \/>\n<link rel=\"canonical\" href=\"https:\/\/www.pressenza.com\/es\/2024\/02\/ecuador-primer-mes-del-estado-de-excepcion\/\" \/>\n<meta property=\"og:locale\" content=\"es_ES\" \/>\n<meta property=\"og:type\" content=\"article\" \/>\n<meta property=\"og:title\" content=\"Ecuador: primer mes del estado de excepci\u00f3n\" \/>\n<meta property=\"og:description\" content=\"En estas fiestas de Carnaval se cumple un mes del \u2018estado de excepci\u00f3n\u2019 en Ecuador, tiempo en que escal\u00f3 de la violencia extrema, desatada por el crimen\" \/>\n<meta property=\"og:url\" content=\"https:\/\/www.pressenza.com\/es\/2024\/02\/ecuador-primer-mes-del-estado-de-excepcion\/\" \/>\n<meta property=\"og:site_name\" content=\"Pressenza\" \/>\n<meta property=\"article:publisher\" content=\"https:\/\/www.facebook.com\/PressenzaItalia\" \/>\n<meta property=\"article:published_time\" content=\"2024-02-14T00:34:44+00:00\" \/>\n<meta property=\"og:image\" content=\"https:\/\/www.pressenza.com\/wp-content\/uploads\/2024\/02\/Portada-art.jpg\" \/>\n\t<meta property=\"og:image:width\" content=\"1040\" \/>\n\t<meta property=\"og:image:height\" content=\"760\" \/>\n\t<meta property=\"og:image:type\" content=\"image\/jpeg\" \/>\n<meta name=\"author\" content=\"Carlos Crespo Burgos\" \/>\n<meta name=\"twitter:card\" content=\"summary_large_image\" \/>\n<meta name=\"twitter:creator\" content=\"@PressenzaIPA\" \/>\n<meta name=\"twitter:site\" content=\"@PressenzaIPA\" \/>\n<meta name=\"twitter:label1\" content=\"Escrito por\" \/>\n\t<meta name=\"twitter:data1\" content=\"Carlos Crespo Burgos\" \/>\n\t<meta name=\"twitter:label2\" content=\"Tiempo de lectura\" \/>\n\t<meta name=\"twitter:data2\" content=\"3 minutos\" \/>\n<script type=\"application\/ld+json\" class=\"yoast-schema-graph\">{\"@context\":\"https:\/\/schema.org\",\"@graph\":[{\"@type\":\"Article\",\"@id\":\"https:\/\/www.pressenza.com\/es\/2024\/02\/ecuador-primer-mes-del-estado-de-excepcion\/#article\",\"isPartOf\":{\"@id\":\"https:\/\/www.pressenza.com\/es\/2024\/02\/ecuador-primer-mes-del-estado-de-excepcion\/\"},\"author\":{\"name\":\"Carlos Crespo Burgos\",\"@id\":\"https:\/\/www.pressenza.com\/es\/#\/schema\/person\/efcd5be879771258c0d4e36511081531\"},\"headline\":\"Ecuador: primer mes del estado de excepci\u00f3n\",\"datePublished\":\"2024-02-14T00:34:44+00:00\",\"mainEntityOfPage\":{\"@id\":\"https:\/\/www.pressenza.com\/es\/2024\/02\/ecuador-primer-mes-del-estado-de-excepcion\/\"},\"wordCount\":661,\"publisher\":{\"@id\":\"https:\/\/www.pressenza.com\/es\/#organization\"},\"image\":{\"@id\":\"https:\/\/www.pressenza.com\/es\/2024\/02\/ecuador-primer-mes-del-estado-de-excepcion\/#primaryimage\"},\"thumbnailUrl\":\"https:\/\/www.pressenza.com\/wp-content\/uploads\/2024\/02\/Portada-art.jpg\",\"keywords\":[\"Estado de excepci\u00f3n en Ecuador\",\"neoliberalismo\"],\"articleSection\":[\"Contenido Original\",\"Econom\u00eda\",\"Noticia\",\"Pol\u00edtica\",\"Sudam\u00e9rica\"],\"inLanguage\":\"es\"},{\"@type\":\"WebPage\",\"@id\":\"https:\/\/www.pressenza.com\/es\/2024\/02\/ecuador-primer-mes-del-estado-de-excepcion\/\",\"url\":\"https:\/\/www.pressenza.com\/es\/2024\/02\/ecuador-primer-mes-del-estado-de-excepcion\/\",\"name\":\"Ecuador: primer mes del estado de excepci\u00f3n\",\"isPartOf\":{\"@id\":\"https:\/\/www.pressenza.com\/es\/#website\"},\"primaryImageOfPage\":{\"@id\":\"https:\/\/www.pressenza.com\/es\/2024\/02\/ecuador-primer-mes-del-estado-de-excepcion\/#primaryimage\"},\"image\":{\"@id\":\"https:\/\/www.pressenza.com\/es\/2024\/02\/ecuador-primer-mes-del-estado-de-excepcion\/#primaryimage\"},\"thumbnailUrl\":\"https:\/\/www.pressenza.com\/wp-content\/uploads\/2024\/02\/Portada-art.jpg\",\"datePublished\":\"2024-02-14T00:34:44+00:00\",\"description\":\"En estas fiestas de Carnaval se cumple un mes del \u2018estado de excepci\u00f3n\u2019 en Ecuador, tiempo en que escal\u00f3 de la violencia extrema, desatada por el crimen\",\"breadcrumb\":{\"@id\":\"https:\/\/www.pressenza.com\/es\/2024\/02\/ecuador-primer-mes-del-estado-de-excepcion\/#breadcrumb\"},\"inLanguage\":\"es\",\"potentialAction\":[{\"@type\":\"ReadAction\",\"target\":[\"https:\/\/www.pressenza.com\/es\/2024\/02\/ecuador-primer-mes-del-estado-de-excepcion\/\"]}]},{\"@type\":\"ImageObject\",\"inLanguage\":\"es\",\"@id\":\"https:\/\/www.pressenza.com\/es\/2024\/02\/ecuador-primer-mes-del-estado-de-excepcion\/#primaryimage\",\"url\":\"https:\/\/www.pressenza.com\/wp-content\/uploads\/2024\/02\/Portada-art.jpg\",\"contentUrl\":\"https:\/\/www.pressenza.com\/wp-content\/uploads\/2024\/02\/Portada-art.jpg\",\"width\":1040,\"height\":760},{\"@type\":\"BreadcrumbList\",\"@id\":\"https:\/\/www.pressenza.com\/es\/2024\/02\/ecuador-primer-mes-del-estado-de-excepcion\/#breadcrumb\",\"itemListElement\":[{\"@type\":\"ListItem\",\"position\":1,\"name\":\"Accueil\",\"item\":\"https:\/\/www.pressenza.com\/es\/\"},{\"@type\":\"ListItem\",\"position\":2,\"name\":\"Ecuador: primer mes del estado de excepci\u00f3n\"}]},{\"@type\":\"WebSite\",\"@id\":\"https:\/\/www.pressenza.com\/es\/#website\",\"url\":\"https:\/\/www.pressenza.com\/es\/\",\"name\":\"Pressenza\",\"description\":\"International Press Agency\",\"publisher\":{\"@id\":\"https:\/\/www.pressenza.com\/es\/#organization\"},\"potentialAction\":[{\"@type\":\"SearchAction\",\"target\":{\"@type\":\"EntryPoint\",\"urlTemplate\":\"https:\/\/www.pressenza.com\/es\/?s={search_term_string}\"},\"query-input\":{\"@type\":\"PropertyValueSpecification\",\"valueRequired\":true,\"valueName\":\"search_term_string\"}}],\"inLanguage\":\"es\"},{\"@type\":\"Organization\",\"@id\":\"https:\/\/www.pressenza.com\/es\/#organization\",\"name\":\"Pressenza\",\"url\":\"https:\/\/www.pressenza.com\/es\/\",\"logo\":{\"@type\":\"ImageObject\",\"inLanguage\":\"es\",\"@id\":\"https:\/\/www.pressenza.com\/es\/#\/schema\/logo\/image\/\",\"url\":\"https:\/\/www.pressenza.com\/wp-content\/uploads\/2022\/10\/pressenza_logo_200x200.jpg\",\"contentUrl\":\"https:\/\/www.pressenza.com\/wp-content\/uploads\/2022\/10\/pressenza_logo_200x200.jpg\",\"width\":200,\"height\":200,\"caption\":\"Pressenza\"},\"image\":{\"@id\":\"https:\/\/www.pressenza.com\/es\/#\/schema\/logo\/image\/\"},\"sameAs\":[\"https:\/\/www.facebook.com\/PressenzaItalia\",\"https:\/\/x.com\/PressenzaIPA\"]},{\"@type\":\"Person\",\"@id\":\"https:\/\/www.pressenza.com\/es\/#\/schema\/person\/efcd5be879771258c0d4e36511081531\",\"name\":\"Carlos Crespo Burgos\",\"description\":\"Ecuatoriano. Doctor en Educaci\u00f3n. Animador de la Red Internacional de Educadores Humanistas. Investigador del Centro Mundial de Estudios Humanistas.\",\"url\":\"https:\/\/www.pressenza.com\/es\/author\/carlos-crespo-burgos\/\"}]}<\/script>\n<!-- \/ Yoast SEO plugin. -->","yoast_head_json":{"title":"Ecuador: primer mes del estado de excepci\u00f3n","description":"En estas fiestas de Carnaval se cumple un mes del \u2018estado de excepci\u00f3n\u2019 en Ecuador, tiempo en que escal\u00f3 de la violencia extrema, desatada por el crimen","robots":{"index":"index","follow":"follow","max-snippet":"max-snippet:-1","max-image-preview":"max-image-preview:large","max-video-preview":"max-video-preview:-1"},"canonical":"https:\/\/www.pressenza.com\/es\/2024\/02\/ecuador-primer-mes-del-estado-de-excepcion\/","og_locale":"es_ES","og_type":"article","og_title":"Ecuador: primer mes del estado de excepci\u00f3n","og_description":"En estas fiestas de Carnaval se cumple un mes del \u2018estado de excepci\u00f3n\u2019 en Ecuador, tiempo en que escal\u00f3 de la violencia extrema, desatada por el crimen","og_url":"https:\/\/www.pressenza.com\/es\/2024\/02\/ecuador-primer-mes-del-estado-de-excepcion\/","og_site_name":"Pressenza","article_publisher":"https:\/\/www.facebook.com\/PressenzaItalia","article_published_time":"2024-02-14T00:34:44+00:00","og_image":[{"width":1040,"height":760,"url":"https:\/\/www.pressenza.com\/wp-content\/uploads\/2024\/02\/Portada-art.jpg","type":"image\/jpeg"}],"author":"Carlos Crespo Burgos","twitter_card":"summary_large_image","twitter_creator":"@PressenzaIPA","twitter_site":"@PressenzaIPA","twitter_misc":{"Escrito por":"Carlos Crespo Burgos","Tiempo de lectura":"3 minutos"},"schema":{"@context":"https:\/\/schema.org","@graph":[{"@type":"Article","@id":"https:\/\/www.pressenza.com\/es\/2024\/02\/ecuador-primer-mes-del-estado-de-excepcion\/#article","isPartOf":{"@id":"https:\/\/www.pressenza.com\/es\/2024\/02\/ecuador-primer-mes-del-estado-de-excepcion\/"},"author":{"name":"Carlos Crespo Burgos","@id":"https:\/\/www.pressenza.com\/es\/#\/schema\/person\/efcd5be879771258c0d4e36511081531"},"headline":"Ecuador: primer mes del estado de excepci\u00f3n","datePublished":"2024-02-14T00:34:44+00:00","mainEntityOfPage":{"@id":"https:\/\/www.pressenza.com\/es\/2024\/02\/ecuador-primer-mes-del-estado-de-excepcion\/"},"wordCount":661,"publisher":{"@id":"https:\/\/www.pressenza.com\/es\/#organization"},"image":{"@id":"https:\/\/www.pressenza.com\/es\/2024\/02\/ecuador-primer-mes-del-estado-de-excepcion\/#primaryimage"},"thumbnailUrl":"https:\/\/www.pressenza.com\/wp-content\/uploads\/2024\/02\/Portada-art.jpg","keywords":["Estado de excepci\u00f3n en Ecuador","neoliberalismo"],"articleSection":["Contenido Original","Econom\u00eda","Noticia","Pol\u00edtica","Sudam\u00e9rica"],"inLanguage":"es"},{"@type":"WebPage","@id":"https:\/\/www.pressenza.com\/es\/2024\/02\/ecuador-primer-mes-del-estado-de-excepcion\/","url":"https:\/\/www.pressenza.com\/es\/2024\/02\/ecuador-primer-mes-del-estado-de-excepcion\/","name":"Ecuador: primer mes del estado de excepci\u00f3n","isPartOf":{"@id":"https:\/\/www.pressenza.com\/es\/#website"},"primaryImageOfPage":{"@id":"https:\/\/www.pressenza.com\/es\/2024\/02\/ecuador-primer-mes-del-estado-de-excepcion\/#primaryimage"},"image":{"@id":"https:\/\/www.pressenza.com\/es\/2024\/02\/ecuador-primer-mes-del-estado-de-excepcion\/#primaryimage"},"thumbnailUrl":"https:\/\/www.pressenza.com\/wp-content\/uploads\/2024\/02\/Portada-art.jpg","datePublished":"2024-02-14T00:34:44+00:00","description":"En estas fiestas de Carnaval se cumple un mes del \u2018estado de excepci\u00f3n\u2019 en Ecuador, tiempo en que escal\u00f3 de la violencia extrema, desatada por el crimen","breadcrumb":{"@id":"https:\/\/www.pressenza.com\/es\/2024\/02\/ecuador-primer-mes-del-estado-de-excepcion\/#breadcrumb"},"inLanguage":"es","potentialAction":[{"@type":"ReadAction","target":["https:\/\/www.pressenza.com\/es\/2024\/02\/ecuador-primer-mes-del-estado-de-excepcion\/"]}]},{"@type":"ImageObject","inLanguage":"es","@id":"https:\/\/www.pressenza.com\/es\/2024\/02\/ecuador-primer-mes-del-estado-de-excepcion\/#primaryimage","url":"https:\/\/www.pressenza.com\/wp-content\/uploads\/2024\/02\/Portada-art.jpg","contentUrl":"https:\/\/www.pressenza.com\/wp-content\/uploads\/2024\/02\/Portada-art.jpg","width":1040,"height":760},{"@type":"BreadcrumbList","@id":"https:\/\/www.pressenza.com\/es\/2024\/02\/ecuador-primer-mes-del-estado-de-excepcion\/#breadcrumb","itemListElement":[{"@type":"ListItem","position":1,"name":"Accueil","item":"https:\/\/www.pressenza.com\/es\/"},{"@type":"ListItem","position":2,"name":"Ecuador: primer mes del estado de excepci\u00f3n"}]},{"@type":"WebSite","@id":"https:\/\/www.pressenza.com\/es\/#website","url":"https:\/\/www.pressenza.com\/es\/","name":"Pressenza","description":"International Press Agency","publisher":{"@id":"https:\/\/www.pressenza.com\/es\/#organization"},"potentialAction":[{"@type":"SearchAction","target":{"@type":"EntryPoint","urlTemplate":"https:\/\/www.pressenza.com\/es\/?s={search_term_string}"},"query-input":{"@type":"PropertyValueSpecification","valueRequired":true,"valueName":"search_term_string"}}],"inLanguage":"es"},{"@type":"Organization","@id":"https:\/\/www.pressenza.com\/es\/#organization","name":"Pressenza","url":"https:\/\/www.pressenza.com\/es\/","logo":{"@type":"ImageObject","inLanguage":"es","@id":"https:\/\/www.pressenza.com\/es\/#\/schema\/logo\/image\/","url":"https:\/\/www.pressenza.com\/wp-content\/uploads\/2022\/10\/pressenza_logo_200x200.jpg","contentUrl":"https:\/\/www.pressenza.com\/wp-content\/uploads\/2022\/10\/pressenza_logo_200x200.jpg","width":200,"height":200,"caption":"Pressenza"},"image":{"@id":"https:\/\/www.pressenza.com\/es\/#\/schema\/logo\/image\/"},"sameAs":["https:\/\/www.facebook.com\/PressenzaItalia","https:\/\/x.com\/PressenzaIPA"]},{"@type":"Person","@id":"https:\/\/www.pressenza.com\/es\/#\/schema\/person\/efcd5be879771258c0d4e36511081531","name":"Carlos Crespo Burgos","description":"Ecuatoriano. Doctor en Educaci\u00f3n. Animador de la Red Internacional de Educadores Humanistas. Investigador del Centro Mundial de Estudios Humanistas.","url":"https:\/\/www.pressenza.com\/es\/author\/carlos-crespo-burgos\/"}]}},"place":"Quito","original_article_url":"","_links":{"self":[{"href":"https:\/\/www.pressenza.com\/es\/wp-json\/wp\/v2\/posts\/1798899","targetHints":{"allow":["GET"]}}],"collection":[{"href":"https:\/\/www.pressenza.com\/es\/wp-json\/wp\/v2\/posts"}],"about":[{"href":"https:\/\/www.pressenza.com\/es\/wp-json\/wp\/v2\/types\/post"}],"author":[{"embeddable":true,"href":"https:\/\/www.pressenza.com\/es\/wp-json\/wp\/v2\/users\/2234"}],"replies":[{"embeddable":true,"href":"https:\/\/www.pressenza.com\/es\/wp-json\/wp\/v2\/comments?post=1798899"}],"version-history":[{"count":0,"href":"https:\/\/www.pressenza.com\/es\/wp-json\/wp\/v2\/posts\/1798899\/revisions"}],"wp:featuredmedia":[{"embeddable":true,"href":"https:\/\/www.pressenza.com\/es\/wp-json\/wp\/v2\/media\/1798908"}],"wp:attachment":[{"href":"https:\/\/www.pressenza.com\/es\/wp-json\/wp\/v2\/media?parent=1798899"}],"wp:term":[{"taxonomy":"category","embeddable":true,"href":"https:\/\/www.pressenza.com\/es\/wp-json\/wp\/v2\/categories?post=1798899"},{"taxonomy":"post_tag","embeddable":true,"href":"https:\/\/www.pressenza.com\/es\/wp-json\/wp\/v2\/tags?post=1798899"}],"curies":[{"name":"wp","href":"https:\/\/api.w.org\/{rel}","templated":true}]}}