{"id":1798734,"date":"2024-02-13T08:50:47","date_gmt":"2024-02-13T08:50:47","guid":{"rendered":"https:\/\/www.pressenza.com\/?p=1798734"},"modified":"2024-02-13T08:50:47","modified_gmt":"2024-02-13T08:50:47","slug":"la-riqueza-y-la-pobreza-los-numeros-oficiales-del-reino-de-espana","status":"publish","type":"post","link":"https:\/\/www.pressenza.com\/es\/2024\/02\/la-riqueza-y-la-pobreza-los-numeros-oficiales-del-reino-de-espana\/","title":{"rendered":"La riqueza y la pobreza: los n\u00fameros oficiales del reino de Espa\u00f1a"},"content":{"rendered":"<section class=\"field-body\">\n<p style=\"text-align: right;\"><em><strong>Los pobres son esclavos<\/strong><\/em><\/p>\n<p style=\"margin: 0cm; text-align: right; line-height: 12.0pt;\" align=\"right\"><em>(Del cap\u00edtulo 7 de la temporada 2 de Foundation,<\/em><\/p>\n<p style=\"margin: 0cm; text-align: right; line-height: 12.0pt;\" align=\"right\">\n<p style=\"margin-top: 0cm; text-align: right; line-height: 12.0pt;\" align=\"right\"><em>serie basada en las novelas de Isaac Asimov)<\/em><\/p>\n<p><strong>Por Jordi Arcarons y Daniel Ravent\u00f3s<\/strong><\/p>\n<p>En septiembre de 2023, se public\u00f3 <em>En Defensa de la Renta B\u00e1sica. Por qu\u00e9 es justa y c\u00f3mo se financia <\/em>(Deusto, 2023)<em>.<\/em> All\u00ed se hac\u00eda un repaso a trav\u00e9s de dos fuentes de informaci\u00f3n \u2014la Encuesta de Condiciones de Vida (ECV) y el Panel de Hogares (PH)\u2014, de la situaci\u00f3n en cuanto a pobreza, precariedad y desigualdad que se detectaba en el reino de Espa\u00f1a. Tambi\u00e9n en el mismo estudio se analizaba la distribuci\u00f3n de la renta y de la riqueza \u2014para esta \u00faltima variable, tomando en consideraci\u00f3n la informaci\u00f3n del PH, puesto que la ECV no aporta informaci\u00f3n al respecto\u2014. En aquel momento la referencia para la ECV era el a\u00f1o 2020 y para el PH el a\u00f1o 2019. Hay que recordar que en el caso de la ECV 2020, los datos econ\u00f3micos se refieren siempre al a\u00f1o anterior, pero que en el caso del PH son del mismo a\u00f1o.<\/p>\n<p>Con posterioridad a la edici\u00f3n del citado libro, se han publicado datos m\u00e1s actualizados: para la ECV de 2022 y para el PH de 2021. En esta primera parte del art\u00edculo vamos a tratar de resumir las principales conclusiones que ponen de manifiesto estas nuevas estad\u00edsticas. Creemos que es una buena forma de situar aquello que debe intentar reparar una pol\u00edtica econ\u00f3mica en la que la Renta B\u00e1sica sea uno de sus principales componentes. Lo hemos argumentado en otras ocasiones: se\u00f1alar la realidad en cuanto a pobreza, precariedad y desigualdad, as\u00ed como de la elevada concentraci\u00f3n de la riqueza, es una forma de contabilizar una parte muy importante del coste de no disponer de una Renta B\u00e1sica.<\/p>\n<p>Para medir la pobreza y la precariedad, la ECV en 2022 determina una tasa AROPE (por sus siglas en ingl\u00e9s At Risk Of Poverty or social Exclusion) del 26 % para el reino de Espa\u00f1a. Dicha tasa se obtiene a trav\u00e9s de tres componentes: 1) la poblaci\u00f3n en riesgo de pobreza \u2014que para el mismo per\u00edodo fue del 20,45 %\u2014, 2) las personas en situaci\u00f3n de carencia social y material severa \u20147,6 %\u2014 y 3) las personas en situaci\u00f3n de baja intensidad en el empleo \u20148,7 %\u2014.<\/p>\n<p><strong>La pobreza<\/strong><\/p>\n<p>En relaci\u00f3n a la primera componente y para los ingresos anuales equivalentes, hemos escogido estos tres ejemplos representativos: si eran inferiores a 21.185 euros \u2014correspondiente a un hogar compuesto por 2 adultos y 2 menores\u2014, o si estaban tambi\u00e9n por debajo de 13.100 euros \u2014hogar monoparental con 1 menor\u2014 o si no alcanzaban los 10.088 euros \u2014hogar unipersonal\u2014 en estos tres casos citados todos sus integrantes formaban parte de ese 20,45 % \u00a0de la poblaci\u00f3n en riesgo de pobreza; s\u00ed, s\u00ed, m\u00e1s de la quinta parte de la poblaci\u00f3n total, m\u00e1s de 9,5 millones de personas. Para ponerlo en referencia, seg\u00fan la \u00faltima edici\u00f3n de la Encuesta de Estructura Salarial, correspondiente a 2021, el salario m\u00e1s frecuente fue de 18.502 euros y como segundo m\u00e1s frecuente de 16.487 euros. Aunque los ingresos equivalentes se calculan siempre sobre los ingresos netos, si suponemos que ninguna de estas dos \u00faltimas cantidades est\u00e1 sometida a retenci\u00f3n \u2014en cualquier caso se reducir\u00eda en una cantidad muy poco elevada\u2014, entonces para ambos salarios m\u00e1s frecuentes el primero de los hogares antes se\u00f1alado estar\u00eda en situaci\u00f3n de riesgo de pobreza y, en el caso del hogar monoparental con el salario m\u00e1s frecuente escapar\u00eda por muy poco y con el segundo salario m\u00e1s frecuente estar\u00eda claramente en riesgo de pobreza.<\/p>\n<p>En el caso de la segunda componente, puesto que la ECV permite preguntar a los entrevistados sobre la situaci\u00f3n en la que ellos se consideran inmersos, mediante 13 cuestiones relacionadas con su situaci\u00f3n personal y con la del hogar donde convive \u2014por ejemplo: poder permitirse la sustituci\u00f3n de ropa desgastada por una nueva, en el \u00e1mbito personal o hacer una comida con carne, pollo o pescado o su equivalente vegetariano cada dos d\u00edas, en el \u00e1mbito del hogar\u2014 y\u00a0 cuando el resultado es que 7 o m\u00e1s de las 13 respuestas posibles sean afirmativas, entonces se considera a la persona en situaci\u00f3n de carencia material y social severa. Los resultados son que el 7,6 % de la poblaci\u00f3n total responden a tal situaci\u00f3n: m\u00e1s de 3,5 millones de personas.<\/p>\n<p>Y la tercera componente, las personas en situaci\u00f3n de baja intensidad en el empleo \u2014que ata\u00f1e a la poblaci\u00f3n en edad de trabajar pero que, teniendo tal posibilidad, tan solo pudieron hacerlo en menos de una quinta parte de su potencial total\u2014, afecta al 8,7 %.<\/p>\n<p>Todo ello nos remite al dato de la tasa AROPE \u2014definida por Eurostat y considerada por las estad\u00edsticas sociales el indicador m\u00e1s objetivo para medir la pobreza y la exclusi\u00f3n social\u2014 que se situ\u00f3 en el 26 % y que afecta, por tanto, a m\u00e1s de una cuarta parte de la poblaci\u00f3n total: m\u00e1s de 12,1 millones de personas.<\/p>\n<p>Estos datos como se ha apuntado son graves, puesto que describen un panorama social realmente preocupante en el a\u00f1o 2022. La cuesti\u00f3n es saber de d\u00f3nde venimos o, dicho de otra manera, si esta descripci\u00f3n es coyuntural o persiste en el tiempo. La comparaci\u00f3n con el a\u00f1o 2021 muestra que ha habido una peque\u00f1a disminuci\u00f3n en las tres componentes lo que determina una menor tasa AROPE que ha pasado del 27,8 % al se\u00f1alado 26 %. Sin embargo, los datos que proporciona Eurostat y que se recogen en la siguiente tabla, comparando la media de la Uni\u00f3n Europea (UE) con el reino de Espa\u00f1a, ponen de manifiesto la naturaleza estructural del problema.<\/p>\n<p><img loading=\"lazy\" decoding=\"async\" class=\"media-image\" src=\"https:\/\/sinpermiso.info\/sites\/default\/files\/1_43.png\" alt=\"\" width=\"1184\" height=\"506\" \/><\/p>\n<p>En el quinquenio se\u00f1alado, 2018-2022, la tasa AROPE en el reino de Espa\u00f1a se mantuvo siempre igual o por encima del 26 %, entre 5 y 6 puntos porcentuales m\u00e1s que el valor medio de la UE y, lo peor destacable, en las posiciones de cola respecto a los 27 estados miembros, teniendo solo por detr\u00e1s en peor situaci\u00f3n a Grecia, Bulgaria y Ruman\u00eda en los a\u00f1os 2020, 2021 y 2022, y a\u00f1adi\u00e9ndose Letonia y Lituania en 2018 y 2019.<\/p>\n<p>La ECV tambi\u00e9n proporciona informaci\u00f3n sobre la desigualdad en la distribuci\u00f3n de la renta- Generalmente se emplean dos indicadores: la ratio s80\/20 y el \u00edndice de Gini. El primero, es una comparaci\u00f3n entre el 20 % de la poblaci\u00f3n de menores y mayores ingresos disponibles, en 2022 fue de 5,6. El segundo es la medida de desigualdad m\u00e1s utilizada \u2014tiene un recorrido entre 0 y 1, cuanto m\u00e1s cercano a 0 se\u00f1ala una distribuci\u00f3n m\u00e1s igualitaria y cuando se aproxima a 1 m\u00e1s desigual\u2014 y se situ\u00f3 en 0,32. En ambos casos son valores elevados que evidencian serios problemas en la distribuci\u00f3n de la renta. Igual que en el caso de la pobreza y la precariedad es interesante la evoluci\u00f3n en el tiempo como tambi\u00e9n la comparativa con la UE y esto es lo que se recoge en la siguiente tabla.<\/p>\n<p><img loading=\"lazy\" decoding=\"async\" class=\"media-image\" src=\"https:\/\/sinpermiso.info\/sites\/default\/files\/2_42.png\" alt=\"\" width=\"1248\" height=\"378\" \/><\/p>\n<p>En la que se refleja, para el mismo per\u00edodo 2018-2022 nuevamente la distancia de ambos indicadores respecto a la media de la UE, para la ratio S80\/20 siempre un punto por encima y para el \u00edndice de Gini siempre cuatro puntos por encima. Y, tambi\u00e9n, cuando se ordenan los valores de los 27 estados miembros, la posici\u00f3n del reino de Espa\u00f1a continu\u00f3 en la cola, teniendo por detr\u00e1s con mayor desigualdad siempre a Letonia, Lituania, y Bulgaria y en funci\u00f3n del indicador y el a\u00f1o a Italia y Ruman\u00eda.<\/p>\n<p>Por \u00faltimo, otra informaci\u00f3n interesante que recoge la ECV, es la relativa a la renta. En este caso Eurostat proporciona la informaci\u00f3n de los 27 estados miembros de la UE para la renta bruta disponible personal, lo que se recoge en la siguiente tabla que, como en las anteriores permite la comparaci\u00f3n con la media de la UE y la posici\u00f3n relativa del reino de Espa\u00f1a.<\/p>\n<p><img loading=\"lazy\" decoding=\"async\" class=\"media-image\" src=\"https:\/\/sinpermiso.info\/sites\/default\/files\/3_26.png\" alt=\"\" width=\"1398\" height=\"256\" \/><\/p>\n<p>En cuanto a la renta por habitante la situaci\u00f3n es distinta a lo descrito hasta ahora. En el quinquenio analizado y respecto a la media de la UE la renta por habitante del reino de Espa\u00f1a se situ\u00f3 en torno al 85 % y, su posici\u00f3n respecto a los 27 estados miembros est\u00e1 en la zona intermedia; no obstante apreciarse un claro deterioro a partir de 2019. Lo que abunda m\u00e1s sobre los anteriores resultados de pobreza, precariedad y desigualdad: en el reino de Espa\u00f1a la renta media no est\u00e1 excesivamente alejada de la de la UE, pero en su conjunto la renta est\u00e1 mal repartida y distribuida, afectando claramente a las capas m\u00e1s desfavorecidas.<\/p>\n<p>Hasta aqu\u00ed una descripci\u00f3n de algunas de las principales realidades, no las \u00fanicas, que debe atajar y solucionar una pol\u00edtica de Renta B\u00e1sica, puesto que una de sus finalidades y objetivos es la eliminaci\u00f3n de la pobreza y la precariedad y, en consecuencia, la reducci\u00f3n de la desigualdad.<\/p>\n<p><strong>La riqueza<\/strong><\/p>\n<p>Otro elemento importante a tener en cuenta es qu\u00e9 sucede con los ricos, puesto que en nuestra propuesta deben ser los principales sostenedores de la financiaci\u00f3n de una Renta B\u00e1sica. Por tanto, vamos a ver ahora c\u00f3mo se comportan con m\u00e1s detalle las distribuciones de renta y riqueza para lo que utilizaremos la informaci\u00f3n que proporciona el PH. Aunque la ECV proporciona datos de renta, tal como se discute en el cap\u00edtulo 6 del libro citado al principio, la cola superior de la distribuci\u00f3n est\u00e1 claramente subestimada y, por otra parte, la ECV no aporta ning\u00fan dato cuantitativo sobre la riqueza. Debe advertirse, no obstante, que el PH no incluye la informaci\u00f3n sobre el Pa\u00eds Vasco y Navarra, pues son comunidades forales con una fiscalidad singular. Por ello, ahora la referencia es lo que se denomina Territorio Fiscal Com\u00fan (TFC).<\/p>\n<p>La siguiente tabla muestra un resumen de las dos variables y, por razones obvias de concentraci\u00f3n la distribuci\u00f3n de la renta se analiza con una divisi\u00f3n de percentiles menor que los empleados para la riqueza. As\u00ed, mientras que para la renta el \u00faltimo percentil se divide en 3, en el caso de la riqueza se utilizan 6 particiones.<\/p>\n<p><img loading=\"lazy\" decoding=\"async\" class=\"media-image\" src=\"https:\/\/sinpermiso.info\/sites\/default\/files\/4_21.png\" alt=\"\" width=\"898\" height=\"980\" \/><\/p>\n<p>Cabe destacar, en cuanto a la renta: el 5 % superior de mayor renta concentra m\u00e1s del 41 % del total y el 2 % superior m\u00e1s del 28 % del total. En cuanto a riqueza: el 5 % superior acumula pr\u00e1cticamente el 73 % del total, mientras que el 2 % superior concentra m\u00e1s del 44 %. Esta es una constante de la econom\u00eda mundial y que se ha agravado claramente en los \u00faltimos a\u00f1os, tal como han se\u00f1alado entre otros los trabajos de Piketty, Saez y Zucman: la concentraci\u00f3n de la riqueza es mucho m\u00e1s elevada que la de la renta; a pesar de que los porcentajes acumulados en los percentiles superiores de la distribuci\u00f3n de la renta no son nada despreciables.<\/p>\n<p>Una vez m\u00e1s, es interesante analizar la evoluci\u00f3n observada en el tiempo, y para ello si analizamos el per\u00edodo 2016-2021 \u2014aunque se disponen de m\u00e1s a\u00f1os con microdatos del PH, creemos que el tramo elegido es ya suficientemente amplio\u2014, nos encontramos que en, t\u00e9rminos reales, el total de la renta creci\u00f3 pr\u00e1cticamente el 35 %; mientras que el total de la riqueza lo hizo por encima del 45 %. Y si enfocamos al 5 % superior de ambas distribuciones, la renta creci\u00f3, tambi\u00e9n en t\u00e9rminos reales cerca del 30 %, pero la riqueza lo hizo por encima del 45 %.<\/p>\n<p>Por tanto, nos encontramos con un fen\u00f3meno claro de concentraci\u00f3n en las capas superiores, a la vez que un crecimiento n\u00edtidamente consolidado que absorben estas mismas capas superiores de ambas distribuciones, aunque con una clara diferencia en positivo para la riqueza.<\/p>\n<p>Tal como se propone en el libro citado, y despu\u00e9s de examinar el comportamiento de renta y riqueza en sus extremos superiores, un ejercicio interesante es analizar qu\u00e9 sucede en la intersecci\u00f3n del 5 % superior conjuntamente en renta y riqueza. Lo que sin el menor riesgo podr\u00edamos calificar como la poblaci\u00f3n aut\u00e9nticamente rica. La siguiente tabla recoge esta informaci\u00f3n atendiendo a 14 tramos de riqueza neta personal.<\/p>\n<p><img loading=\"lazy\" decoding=\"async\" class=\"media-image\" src=\"https:\/\/sinpermiso.info\/sites\/default\/files\/5_12.png\" alt=\"\" width=\"922\" height=\"924\" \/><\/p>\n<p>Nos encontramos que un reducido 3,8 % de la poblaci\u00f3n total acumula simult\u00e1neamente poco m\u00e1s del 20 % de la renta total y muy cerca del 44 % de la riqueza neta total. Y si descart\u00e1ramos el primer tramo \u2014relativo a patrimonios inferiores a 500.000 euros\u2014, entonces algo menos del 1 % de la poblaci\u00f3n total (poco m\u00e1s de 415.000 personas) seguir\u00edan concentrando el 8,3 % de la renta total y m\u00e1s del 32 % de la riqueza neta total. No podemos incluir todo lo escondido o evadido de forma semi o directamente fraudulenta, solamente lo que est\u00e1 registrado de forma legal.<\/p>\n<p>Entre otras muchas razones, pero en primer lugar como medida para paliar la exagerada concentraci\u00f3n a la que nos hemos referido, deber\u00eda proponerse un impuesto sobre la riqueza, cuanto menos a este escaso 1 % de la poblaci\u00f3n se\u00f1alado, lo que supondr\u00eda establecer un m\u00ednimo exento en 500.000 euros de patrimonio neto personal.<\/p>\n<p>Las caracter\u00edsticas de este impuesto tambi\u00e9n han sido propuestas y discutidas en el cap\u00edtulo 7 del mencionado libro. Consistir\u00eda resumidamente en lo siguiente:<\/p>\n<p>a. Se aplicar\u00eda a la poblaci\u00f3n que forma parte de la intersecci\u00f3n de 5 % superior se\u00f1alado.<\/p>\n<p>b. La base imponible ser\u00eda la riqueza neta personal.<\/p>\n<p>c. Una tarifa progresiva de 13 tramos \u2014coincidentes con los de la tabla anterior, eliminando el primero\u2014, a los que se aplicar\u00edan tipos marginales crecientes que oscilar\u00edan entre el 0,1 % y el 10 %.<\/p>\n<p>d. El impuesto tendr\u00eda la limitaci\u00f3n del 60 % de la renta bruta personal.<\/p>\n<p>Las expectativas de recaudaci\u00f3n ser\u00edan de 8.000 millones de euros, frente a los 1.868 millones de euros que seg\u00fan el <a href=\"https:\/\/www.hacienda.gob.es\/es-ES\/Prensa\/En%20Portada\/2023\/Paginas\/20230920-IMPUESTO-GRANDES-FORTUNAS.aspx\">Ministerio de Hacienda<\/a> consigui\u00f3 recaudar en 2023 el impuesto sobre el patrimonio y el impuesto de solidaridad de las grandes fortunas.<\/p>\n<p><strong>La libertad<\/strong><\/p>\n<p>Hemos escrito sobre impuestos hasta aqu\u00ed. Sin hacer ninguna valoraci\u00f3n expl\u00edcita, aunque s\u00ed impl\u00edcita, claro est\u00e1. Queremos acabar con un peque\u00f1o an\u00e1lisis sobre la cuesti\u00f3n porque todos los c\u00e1lculos expuestos tienen una valoraci\u00f3n detr\u00e1s. Saez y Zucman lo dejaron escrito de forma lapidaria: \u201cSin impuestos no hay cooperaci\u00f3n, ni prosperidad ni destino com\u00fan; no hay ni tan siquiera una naci\u00f3n que necesite un presidente\u201d. Elemental, pero no exactamente as\u00ed lo ven las personas que se adhieren al credo liberal. No sabemos una forma m\u00e1s pr\u00edstina de argumentar la posici\u00f3n liberal que la de John D. Rockefeller en esta ocasi\u00f3n: \u201cCuando un hombre ha acumulado una suma de dinero siguiendo la ley, es decir, de la forma legalmente correcta, el resto de personas ya no tienen derecho a participar en las ganancias resultantes de esta acumulaci\u00f3n\u201d. Se entiende claramente, \u00bfverdad? Monbiot discuti\u00f3 de manera combativa lo que est\u00e1 impl\u00edcito en esta argumentaci\u00f3n hace una d\u00e9cada: los ricos no tienen nunca en consideraci\u00f3n \u201csu educaci\u00f3n, herencia, redes familiares, contactos y presentaciones\u201d. Y olvidan \u201ca los trabajadores cuya labor les enriqueci\u00f3, las infraestructuras y la sociedad, la mano de obra preparada, los contratos, subsidios y rescates suministrados por el Estado\u201d. Si se les pide amablemente los ricos tampoco lo considerar\u00e1n. \u00a1C\u00f3mo podr\u00edan hacerlo! Su mundo se hundir\u00eda. Los derechos privados son bienes p\u00fablicos. Y la propiedad, los derechos de propiedad no ser\u00edan nada si no hubiera, en el ordenamiento legal, la coerci\u00f3n para excluir a los no propietarios. Pero esto tampoco pueden admitirlo. Su mundo se hundir\u00eda tambi\u00e9n. Escrib\u00edan hace un cuarto de siglo dos grandes constitucionalistas, Holmes y Sunstein: \u201cAsociar los derechos de propiedad con \u2018verse libre del gobierno\u2019 tiene tan poco sentido como asociar el derecho a jugar al ajedrez con la vana ilusi\u00f3n de eludir las reglas. Los derechos de propiedad existen porque el derecho crea y regula la posesi\u00f3n y el uso de \u00e9sta\u201d. Efectivamente, hacerse rico, poder hacerlo legalmente, tiene costos inmensos para el resto que con sus impuestos hacen posible tal cosa. Ej\u00e9rcito, polic\u00eda, justicia\u2026 Desde una posici\u00f3n meramente t\u00e9cnica. Adem\u00e1s, estas grandes riquezas para los que nos consideramos republicano-socialistas son normativamente inadmisibles. Tambi\u00e9n lo hemos desarrollado generosamente en el mencionado libro: Las grandes fortunas, las grandes concentraciones de riqueza, son una amenaza a la libertad para la gran mayor\u00eda de la poblaci\u00f3n. Y, por ello mismo, a la democracia. Por otra parte, las condiciones materiales de existencia son inseparables de la libertad. Quien no dispone de estas condiciones materiales de existencia no es libre. Detr\u00e1s de nuestros n\u00fameros est\u00e1 nuestra apuesta por la libertad: dotar a toda la ciudadan\u00eda de las condiciones materiales de existencia que puedan hacer realidad la libertad. Que pueda hacerla real, m\u00e1s all\u00e1 de la cantinela habitual acerca de que todos somos iguales ante la ley y mandangas parecidas. Porque los pobres son esclavos y, por eso mismo, no son libres. No se trata solamente de que unos pocos ricos acumulan mucho y una gran parte vive como puede, se trata de la libertad de la mayor\u00eda.<\/p>\n<\/section>\n<div class=\"bioautores\">\n<div class=\"field-autores-descripcion\">\n<div class=\"field-autor\"><em><a href=\"https:\/\/www.sinpermiso.info\/autores\/Jordi-Arcarons\">Jordi Arcarons<\/a><\/em><\/div>\n<div class=\"field-descripcion\"><em>es catedr\u00e1tico de Econom\u00eda Aplicada en la Facultad de Econom\u00eda y Empresa de la Universidad de Barcelona y miembro de la Red Renta B\u00e1sica. Es coautor de \u00abEn defensa de la Renta B\u00e1sica. Por qu\u00e9 es justa y c\u00f3mo se financia\u00bb (Deusto, 2023)<\/em><\/div>\n<div><\/div>\n<\/div>\n<div class=\"field-autores-descripcion\">\n<div class=\"field-autor\"><em><a href=\"https:\/\/www.sinpermiso.info\/autores\/Daniel-Ravent%C3%B3s\">Daniel Ravent\u00f3s<\/a><\/em><\/div>\n<div class=\"field-descripcion\"><em>es doctor en Ciencias Econ\u00f3micas y profesor titular en la Facultad de Econom\u00eda y Empresa de la Universidad de Barcelona. Es editor de Sin Permiso. Es coautor de \u00abEn defensa de la Renta B\u00e1sica. Por qu\u00e9 es justa y c\u00f3mo se financia\u00bb (Deusto, 2023)<\/em><\/div>\n<\/div>\n<\/div>\n<div class=\"print-social-container\">\n<div id=\"block-print-print-links\" class=\"print\"><\/div>\n<\/div>\n","protected":false},"excerpt":{"rendered":"<p>Los pobres son esclavos (Del cap\u00edtulo 7 de la temporada 2 de Foundation, serie basada en las novelas de Isaac Asimov) Por Jordi Arcarons y Daniel Ravent\u00f3s En septiembre de 2023, se public\u00f3 En Defensa de la Renta B\u00e1sica. Por&hellip;<\/p>\n","protected":false},"author":1681,"featured_media":1798736,"comment_status":"closed","ping_status":"closed","sticky":false,"template":"","format":"standard","meta":{"footnotes":""},"categories":[81,66,161],"tags":[21355,556,11466,23826],"class_list":["post-1798734","post","type-post","status-publish","format-standard","has-post-thumbnail","hentry","category-economia-es","category-europa-es","category-opiniones","tag-desigualdad-economica","tag-reino-de-espana","tag-renta-basica","tag-republicanismo"],"yoast_head":"<!-- This site is optimized with the Yoast SEO plugin v27.1.1 - https:\/\/yoast.com\/product\/yoast-seo-wordpress\/ -->\n<title>La riqueza y la pobreza: los n\u00fameros oficiales del reino de Espa\u00f1a<\/title>\n<meta name=\"description\" content=\"Los pobres son esclavos (Del cap\u00edtulo 7 de la temporada 2 de Foundation, serie basada en las novelas de Isaac Asimov) Por Jordi Arcarons y Daniel Ravent\u00f3s\" \/>\n<meta name=\"robots\" content=\"index, follow, max-snippet:-1, max-image-preview:large, max-video-preview:-1\" \/>\n<link rel=\"canonical\" href=\"https:\/\/www.pressenza.com\/es\/2024\/02\/la-riqueza-y-la-pobreza-los-numeros-oficiales-del-reino-de-espana\/\" \/>\n<meta property=\"og:locale\" content=\"es_ES\" \/>\n<meta property=\"og:type\" content=\"article\" \/>\n<meta property=\"og:title\" content=\"La riqueza y la pobreza: los n\u00fameros oficiales del reino de Espa\u00f1a\" \/>\n<meta property=\"og:description\" content=\"Los pobres son esclavos (Del cap\u00edtulo 7 de la temporada 2 de Foundation, serie basada en las novelas de Isaac Asimov) Por Jordi Arcarons y Daniel Ravent\u00f3s\" \/>\n<meta property=\"og:url\" content=\"https:\/\/www.pressenza.com\/es\/2024\/02\/la-riqueza-y-la-pobreza-los-numeros-oficiales-del-reino-de-espana\/\" \/>\n<meta property=\"og:site_name\" content=\"Pressenza\" \/>\n<meta property=\"article:publisher\" content=\"https:\/\/www.facebook.com\/PressenzaItalia\" \/>\n<meta property=\"article:published_time\" content=\"2024-02-13T08:50:47+00:00\" \/>\n<meta property=\"og:image\" content=\"https:\/\/www.pressenza.com\/wp-content\/uploads\/2024\/02\/s-l1600.jpg\" \/>\n\t<meta property=\"og:image:width\" content=\"1382\" \/>\n\t<meta property=\"og:image:height\" content=\"947\" \/>\n\t<meta property=\"og:image:type\" content=\"image\/jpeg\" \/>\n<meta name=\"author\" content=\"Redacci\u00f3n Espa\u00f1a\" \/>\n<meta name=\"twitter:card\" content=\"summary_large_image\" \/>\n<meta name=\"twitter:creator\" content=\"@PressenzaIPA\" \/>\n<meta name=\"twitter:site\" content=\"@PressenzaIPA\" \/>\n<meta name=\"twitter:label1\" content=\"Escrito por\" \/>\n\t<meta name=\"twitter:data1\" content=\"Redacci\u00f3n Espa\u00f1a\" \/>\n\t<meta name=\"twitter:label2\" content=\"Tiempo de lectura\" \/>\n\t<meta name=\"twitter:data2\" content=\"15 minutos\" \/>\n<script type=\"application\/ld+json\" class=\"yoast-schema-graph\">{\"@context\":\"https:\/\/schema.org\",\"@graph\":[{\"@type\":\"Article\",\"@id\":\"https:\/\/www.pressenza.com\/es\/2024\/02\/la-riqueza-y-la-pobreza-los-numeros-oficiales-del-reino-de-espana\/#article\",\"isPartOf\":{\"@id\":\"https:\/\/www.pressenza.com\/es\/2024\/02\/la-riqueza-y-la-pobreza-los-numeros-oficiales-del-reino-de-espana\/\"},\"author\":{\"name\":\"Redacci\u00f3n Espa\u00f1a\",\"@id\":\"https:\/\/www.pressenza.com\/es\/#\/schema\/person\/fffbbe2f14495897417f313a954dae23\"},\"headline\":\"La riqueza y la pobreza: los n\u00fameros oficiales del reino de Espa\u00f1a\",\"datePublished\":\"2024-02-13T08:50:47+00:00\",\"mainEntityOfPage\":{\"@id\":\"https:\/\/www.pressenza.com\/es\/2024\/02\/la-riqueza-y-la-pobreza-los-numeros-oficiales-del-reino-de-espana\/\"},\"wordCount\":3044,\"publisher\":{\"@id\":\"https:\/\/www.pressenza.com\/es\/#organization\"},\"image\":{\"@id\":\"https:\/\/www.pressenza.com\/es\/2024\/02\/la-riqueza-y-la-pobreza-los-numeros-oficiales-del-reino-de-espana\/#primaryimage\"},\"thumbnailUrl\":\"https:\/\/www.pressenza.com\/wp-content\/uploads\/2024\/02\/s-l1600.jpg\",\"keywords\":[\"Desigualdad econ\u00f3mica\",\"Reino de Espa\u00f1a\",\"Renta B\u00e1sica\",\"Republicanismo\"],\"articleSection\":[\"Econom\u00eda\",\"Europa\",\"Opiniones\"],\"inLanguage\":\"es\"},{\"@type\":\"WebPage\",\"@id\":\"https:\/\/www.pressenza.com\/es\/2024\/02\/la-riqueza-y-la-pobreza-los-numeros-oficiales-del-reino-de-espana\/\",\"url\":\"https:\/\/www.pressenza.com\/es\/2024\/02\/la-riqueza-y-la-pobreza-los-numeros-oficiales-del-reino-de-espana\/\",\"name\":\"La riqueza y la pobreza: los n\u00fameros oficiales del reino de Espa\u00f1a\",\"isPartOf\":{\"@id\":\"https:\/\/www.pressenza.com\/es\/#website\"},\"primaryImageOfPage\":{\"@id\":\"https:\/\/www.pressenza.com\/es\/2024\/02\/la-riqueza-y-la-pobreza-los-numeros-oficiales-del-reino-de-espana\/#primaryimage\"},\"image\":{\"@id\":\"https:\/\/www.pressenza.com\/es\/2024\/02\/la-riqueza-y-la-pobreza-los-numeros-oficiales-del-reino-de-espana\/#primaryimage\"},\"thumbnailUrl\":\"https:\/\/www.pressenza.com\/wp-content\/uploads\/2024\/02\/s-l1600.jpg\",\"datePublished\":\"2024-02-13T08:50:47+00:00\",\"description\":\"Los pobres son esclavos (Del cap\u00edtulo 7 de la temporada 2 de Foundation, serie basada en las novelas de Isaac Asimov) Por Jordi Arcarons y Daniel Ravent\u00f3s\",\"breadcrumb\":{\"@id\":\"https:\/\/www.pressenza.com\/es\/2024\/02\/la-riqueza-y-la-pobreza-los-numeros-oficiales-del-reino-de-espana\/#breadcrumb\"},\"inLanguage\":\"es\",\"potentialAction\":[{\"@type\":\"ReadAction\",\"target\":[\"https:\/\/www.pressenza.com\/es\/2024\/02\/la-riqueza-y-la-pobreza-los-numeros-oficiales-del-reino-de-espana\/\"]}]},{\"@type\":\"ImageObject\",\"inLanguage\":\"es\",\"@id\":\"https:\/\/www.pressenza.com\/es\/2024\/02\/la-riqueza-y-la-pobreza-los-numeros-oficiales-del-reino-de-espana\/#primaryimage\",\"url\":\"https:\/\/www.pressenza.com\/wp-content\/uploads\/2024\/02\/s-l1600.jpg\",\"contentUrl\":\"https:\/\/www.pressenza.com\/wp-content\/uploads\/2024\/02\/s-l1600.jpg\",\"width\":1382,\"height\":947},{\"@type\":\"BreadcrumbList\",\"@id\":\"https:\/\/www.pressenza.com\/es\/2024\/02\/la-riqueza-y-la-pobreza-los-numeros-oficiales-del-reino-de-espana\/#breadcrumb\",\"itemListElement\":[{\"@type\":\"ListItem\",\"position\":1,\"name\":\"Accueil\",\"item\":\"https:\/\/www.pressenza.com\/es\/\"},{\"@type\":\"ListItem\",\"position\":2,\"name\":\"La riqueza y la pobreza: los n\u00fameros oficiales del reino de Espa\u00f1a\"}]},{\"@type\":\"WebSite\",\"@id\":\"https:\/\/www.pressenza.com\/es\/#website\",\"url\":\"https:\/\/www.pressenza.com\/es\/\",\"name\":\"Pressenza\",\"description\":\"International Press Agency\",\"publisher\":{\"@id\":\"https:\/\/www.pressenza.com\/es\/#organization\"},\"potentialAction\":[{\"@type\":\"SearchAction\",\"target\":{\"@type\":\"EntryPoint\",\"urlTemplate\":\"https:\/\/www.pressenza.com\/es\/?s={search_term_string}\"},\"query-input\":{\"@type\":\"PropertyValueSpecification\",\"valueRequired\":true,\"valueName\":\"search_term_string\"}}],\"inLanguage\":\"es\"},{\"@type\":\"Organization\",\"@id\":\"https:\/\/www.pressenza.com\/es\/#organization\",\"name\":\"Pressenza\",\"url\":\"https:\/\/www.pressenza.com\/es\/\",\"logo\":{\"@type\":\"ImageObject\",\"inLanguage\":\"es\",\"@id\":\"https:\/\/www.pressenza.com\/es\/#\/schema\/logo\/image\/\",\"url\":\"https:\/\/www.pressenza.com\/wp-content\/uploads\/2022\/10\/pressenza_logo_200x200.jpg\",\"contentUrl\":\"https:\/\/www.pressenza.com\/wp-content\/uploads\/2022\/10\/pressenza_logo_200x200.jpg\",\"width\":200,\"height\":200,\"caption\":\"Pressenza\"},\"image\":{\"@id\":\"https:\/\/www.pressenza.com\/es\/#\/schema\/logo\/image\/\"},\"sameAs\":[\"https:\/\/www.facebook.com\/PressenzaItalia\",\"https:\/\/x.com\/PressenzaIPA\"]},{\"@type\":\"Person\",\"@id\":\"https:\/\/www.pressenza.com\/es\/#\/schema\/person\/fffbbe2f14495897417f313a954dae23\",\"name\":\"Redacci\u00f3n Espa\u00f1a\",\"url\":\"https:\/\/www.pressenza.com\/es\/author\/redaccion-espana\/\"}]}<\/script>\n<!-- \/ Yoast SEO plugin. -->","yoast_head_json":{"title":"La riqueza y la pobreza: los n\u00fameros oficiales del reino de Espa\u00f1a","description":"Los pobres son esclavos (Del cap\u00edtulo 7 de la temporada 2 de Foundation, serie basada en las novelas de Isaac Asimov) Por Jordi Arcarons y Daniel Ravent\u00f3s","robots":{"index":"index","follow":"follow","max-snippet":"max-snippet:-1","max-image-preview":"max-image-preview:large","max-video-preview":"max-video-preview:-1"},"canonical":"https:\/\/www.pressenza.com\/es\/2024\/02\/la-riqueza-y-la-pobreza-los-numeros-oficiales-del-reino-de-espana\/","og_locale":"es_ES","og_type":"article","og_title":"La riqueza y la pobreza: los n\u00fameros oficiales del reino de Espa\u00f1a","og_description":"Los pobres son esclavos (Del cap\u00edtulo 7 de la temporada 2 de Foundation, serie basada en las novelas de Isaac Asimov) Por Jordi Arcarons y Daniel Ravent\u00f3s","og_url":"https:\/\/www.pressenza.com\/es\/2024\/02\/la-riqueza-y-la-pobreza-los-numeros-oficiales-del-reino-de-espana\/","og_site_name":"Pressenza","article_publisher":"https:\/\/www.facebook.com\/PressenzaItalia","article_published_time":"2024-02-13T08:50:47+00:00","og_image":[{"width":1382,"height":947,"url":"https:\/\/www.pressenza.com\/wp-content\/uploads\/2024\/02\/s-l1600.jpg","type":"image\/jpeg"}],"author":"Redacci\u00f3n Espa\u00f1a","twitter_card":"summary_large_image","twitter_creator":"@PressenzaIPA","twitter_site":"@PressenzaIPA","twitter_misc":{"Escrito por":"Redacci\u00f3n Espa\u00f1a","Tiempo de lectura":"15 minutos"},"schema":{"@context":"https:\/\/schema.org","@graph":[{"@type":"Article","@id":"https:\/\/www.pressenza.com\/es\/2024\/02\/la-riqueza-y-la-pobreza-los-numeros-oficiales-del-reino-de-espana\/#article","isPartOf":{"@id":"https:\/\/www.pressenza.com\/es\/2024\/02\/la-riqueza-y-la-pobreza-los-numeros-oficiales-del-reino-de-espana\/"},"author":{"name":"Redacci\u00f3n Espa\u00f1a","@id":"https:\/\/www.pressenza.com\/es\/#\/schema\/person\/fffbbe2f14495897417f313a954dae23"},"headline":"La riqueza y la pobreza: los n\u00fameros oficiales del reino de Espa\u00f1a","datePublished":"2024-02-13T08:50:47+00:00","mainEntityOfPage":{"@id":"https:\/\/www.pressenza.com\/es\/2024\/02\/la-riqueza-y-la-pobreza-los-numeros-oficiales-del-reino-de-espana\/"},"wordCount":3044,"publisher":{"@id":"https:\/\/www.pressenza.com\/es\/#organization"},"image":{"@id":"https:\/\/www.pressenza.com\/es\/2024\/02\/la-riqueza-y-la-pobreza-los-numeros-oficiales-del-reino-de-espana\/#primaryimage"},"thumbnailUrl":"https:\/\/www.pressenza.com\/wp-content\/uploads\/2024\/02\/s-l1600.jpg","keywords":["Desigualdad econ\u00f3mica","Reino de Espa\u00f1a","Renta B\u00e1sica","Republicanismo"],"articleSection":["Econom\u00eda","Europa","Opiniones"],"inLanguage":"es"},{"@type":"WebPage","@id":"https:\/\/www.pressenza.com\/es\/2024\/02\/la-riqueza-y-la-pobreza-los-numeros-oficiales-del-reino-de-espana\/","url":"https:\/\/www.pressenza.com\/es\/2024\/02\/la-riqueza-y-la-pobreza-los-numeros-oficiales-del-reino-de-espana\/","name":"La riqueza y la pobreza: los n\u00fameros oficiales del reino de Espa\u00f1a","isPartOf":{"@id":"https:\/\/www.pressenza.com\/es\/#website"},"primaryImageOfPage":{"@id":"https:\/\/www.pressenza.com\/es\/2024\/02\/la-riqueza-y-la-pobreza-los-numeros-oficiales-del-reino-de-espana\/#primaryimage"},"image":{"@id":"https:\/\/www.pressenza.com\/es\/2024\/02\/la-riqueza-y-la-pobreza-los-numeros-oficiales-del-reino-de-espana\/#primaryimage"},"thumbnailUrl":"https:\/\/www.pressenza.com\/wp-content\/uploads\/2024\/02\/s-l1600.jpg","datePublished":"2024-02-13T08:50:47+00:00","description":"Los pobres son esclavos (Del cap\u00edtulo 7 de la temporada 2 de Foundation, serie basada en las novelas de Isaac Asimov) Por Jordi Arcarons y Daniel Ravent\u00f3s","breadcrumb":{"@id":"https:\/\/www.pressenza.com\/es\/2024\/02\/la-riqueza-y-la-pobreza-los-numeros-oficiales-del-reino-de-espana\/#breadcrumb"},"inLanguage":"es","potentialAction":[{"@type":"ReadAction","target":["https:\/\/www.pressenza.com\/es\/2024\/02\/la-riqueza-y-la-pobreza-los-numeros-oficiales-del-reino-de-espana\/"]}]},{"@type":"ImageObject","inLanguage":"es","@id":"https:\/\/www.pressenza.com\/es\/2024\/02\/la-riqueza-y-la-pobreza-los-numeros-oficiales-del-reino-de-espana\/#primaryimage","url":"https:\/\/www.pressenza.com\/wp-content\/uploads\/2024\/02\/s-l1600.jpg","contentUrl":"https:\/\/www.pressenza.com\/wp-content\/uploads\/2024\/02\/s-l1600.jpg","width":1382,"height":947},{"@type":"BreadcrumbList","@id":"https:\/\/www.pressenza.com\/es\/2024\/02\/la-riqueza-y-la-pobreza-los-numeros-oficiales-del-reino-de-espana\/#breadcrumb","itemListElement":[{"@type":"ListItem","position":1,"name":"Accueil","item":"https:\/\/www.pressenza.com\/es\/"},{"@type":"ListItem","position":2,"name":"La riqueza y la pobreza: los n\u00fameros oficiales del reino de Espa\u00f1a"}]},{"@type":"WebSite","@id":"https:\/\/www.pressenza.com\/es\/#website","url":"https:\/\/www.pressenza.com\/es\/","name":"Pressenza","description":"International Press Agency","publisher":{"@id":"https:\/\/www.pressenza.com\/es\/#organization"},"potentialAction":[{"@type":"SearchAction","target":{"@type":"EntryPoint","urlTemplate":"https:\/\/www.pressenza.com\/es\/?s={search_term_string}"},"query-input":{"@type":"PropertyValueSpecification","valueRequired":true,"valueName":"search_term_string"}}],"inLanguage":"es"},{"@type":"Organization","@id":"https:\/\/www.pressenza.com\/es\/#organization","name":"Pressenza","url":"https:\/\/www.pressenza.com\/es\/","logo":{"@type":"ImageObject","inLanguage":"es","@id":"https:\/\/www.pressenza.com\/es\/#\/schema\/logo\/image\/","url":"https:\/\/www.pressenza.com\/wp-content\/uploads\/2022\/10\/pressenza_logo_200x200.jpg","contentUrl":"https:\/\/www.pressenza.com\/wp-content\/uploads\/2022\/10\/pressenza_logo_200x200.jpg","width":200,"height":200,"caption":"Pressenza"},"image":{"@id":"https:\/\/www.pressenza.com\/es\/#\/schema\/logo\/image\/"},"sameAs":["https:\/\/www.facebook.com\/PressenzaItalia","https:\/\/x.com\/PressenzaIPA"]},{"@type":"Person","@id":"https:\/\/www.pressenza.com\/es\/#\/schema\/person\/fffbbe2f14495897417f313a954dae23","name":"Redacci\u00f3n Espa\u00f1a","url":"https:\/\/www.pressenza.com\/es\/author\/redaccion-espana\/"}]}},"place":"Barcelona, Reino de Espa\u00f1a","original_article_url":"https:\/\/www.sinpermiso.info\/textos\/la-riqueza-y-la-pobreza-los-numeros-oficiales-del-reino-de-espana","_links":{"self":[{"href":"https:\/\/www.pressenza.com\/es\/wp-json\/wp\/v2\/posts\/1798734","targetHints":{"allow":["GET"]}}],"collection":[{"href":"https:\/\/www.pressenza.com\/es\/wp-json\/wp\/v2\/posts"}],"about":[{"href":"https:\/\/www.pressenza.com\/es\/wp-json\/wp\/v2\/types\/post"}],"author":[{"embeddable":true,"href":"https:\/\/www.pressenza.com\/es\/wp-json\/wp\/v2\/users\/1681"}],"replies":[{"embeddable":true,"href":"https:\/\/www.pressenza.com\/es\/wp-json\/wp\/v2\/comments?post=1798734"}],"version-history":[{"count":0,"href":"https:\/\/www.pressenza.com\/es\/wp-json\/wp\/v2\/posts\/1798734\/revisions"}],"wp:featuredmedia":[{"embeddable":true,"href":"https:\/\/www.pressenza.com\/es\/wp-json\/wp\/v2\/media\/1798736"}],"wp:attachment":[{"href":"https:\/\/www.pressenza.com\/es\/wp-json\/wp\/v2\/media?parent=1798734"}],"wp:term":[{"taxonomy":"category","embeddable":true,"href":"https:\/\/www.pressenza.com\/es\/wp-json\/wp\/v2\/categories?post=1798734"},{"taxonomy":"post_tag","embeddable":true,"href":"https:\/\/www.pressenza.com\/es\/wp-json\/wp\/v2\/tags?post=1798734"}],"curies":[{"name":"wp","href":"https:\/\/api.w.org\/{rel}","templated":true}]}}