{"id":1797598,"date":"2024-02-06T20:22:32","date_gmt":"2024-02-06T20:22:32","guid":{"rendered":"https:\/\/www.pressenza.com\/?p=1797598"},"modified":"2024-02-06T20:22:32","modified_gmt":"2024-02-06T20:22:32","slug":"argentina-lo-que-mata-es-la-realidad","status":"publish","type":"post","link":"https:\/\/www.pressenza.com\/es\/2024\/02\/argentina-lo-que-mata-es-la-realidad\/","title":{"rendered":"Argentina: Lo que mata es la realidad"},"content":{"rendered":"<p>El ultraderechista presidente de Argentina, Javier Milei, enfrenta a la realidad luego de que sus ofertas electorales comienzan a demostrar un peso m\u00e1s propagand\u00edstico que real, llevando a la pobreza a la mitad de la poblaci\u00f3n, usando la comida y la crisis alimentaria como variable de ajuste.<\/p>\n<p>El \u201cplan Milei\u201d de reseteo del modelo capitalista en Argentina incluye abaratar el costo laboral y suprimir las escasas regulaciones estatales en la econom\u00eda a favor del capital financiero y el complejo agro-minero exportador; reducir el costo del sost\u00e9n del Estado con ajustes del gasto social e imprimir un giro autoritario al sistema pol\u00edtico, para acorralar la protesta y limitarla, ya que dif\u00edcilmente la pueda eliminar.<\/p>\n<p>Como si no pasara nada en el pa\u00eds, el presidente y su comitiva volaron hacia Tel Aviv. En Israel mantendr\u00e1n reuniones con funcionarios, empresarios y religiosos, mientras que en Roma y el Vaticano se encontrar\u00e1 con Francisco y la primera ministra Giorgia Meloni. Milei, que ya ha manifestado su alineamiento con el Estado de Israel, visita Tierra Santa en medio del genocidio en la Franja de Gaza.<\/p>\n<p>La realidad muestra que se tonifica la musculatura de las calles, con la agravante para el oficialismo de que el peronismo -en repliegue por su propia crisis- no la controla ni regimenta. Pero, sobre todo, porque la l\u00ednea de represi\u00f3n sostenida de la ministra de Seguridad, Patricia Bullrich, radicaliza y suma voluntades, no amedrenta, y achica el espacio a los dadores voluntarios de gobernabilidad callejera.<\/p>\n<p>Y como contracara, en dos meses casi de gobierno (es un decir) los libertarios -recluidos en sus guaridas digitales- no han mostrado capacidad alguna de movilizaci\u00f3n y prefiere agresiones personales o patoteras. Pareciera que la tendencia mundial de las nuevas ultraderechas, si bien son din\u00e1micas en pol\u00edtica, son deficitarias en respaldo de calle.<\/p>\n<p>Tambi\u00e9n la relaci\u00f3n del gobernante con el sector militar se va descomponiendo al ritmo del pase a retiro de generales y medidas de recorte como la eliminaci\u00f3n de la jerarquizaci\u00f3n salarial que hab\u00edan logrado acordar con el gobierno anterior. Asimismo, la ofensiva privatizadora de Milei ha creado malestar en el sector que defendi\u00f3 de manera febril a trav\u00e9s de la vicepresidenta Victoria Villarruel.<\/p>\n<p>La Iglesia Cat\u00f3lica le repite que la comida no puede ser una variable de ajuste, mientras el gobierno sigue con aumentos groseros no solo en los alimentos y art\u00edculos de primera necesidad, sino tambi\u00e9n (de hasta 250%) en el transporte p\u00fablico. Obvio: las ventas en comercios minoristas cayeron 28,5% interanual en enero.<\/p>\n<p>En su primera <a href=\"https:\/\/www.pagina12.com.ar\/710223-duro-comunicado-de-la-iglesia-catolica-la-comida-no-puede-se\">declaraci\u00f3n<\/a> p\u00fablica desde la asunci\u00f3n de Milei, la Comisi\u00f3n Ejecutiva de la Conferencia Episcopal advirti\u00f3 sobre la gravedad de la situaci\u00f3n social: asegura que \u201cel pan de cada d\u00eda es un clamor de justicia\u201d y se\u00f1ala que es necesario anticiparse para que no se profundice la crisis alimentaria. En indirecta respuesta a la ministra de Capital Humano, los obispos piden que se contin\u00fae con la asistencia y aporte a los espacios comunitarios y colectivos, mientras se realizan auditor\u00edas.<\/p>\n<p>Frente al ministerio de\u00a0Capital Humano se formaron 27 cuadras de personas que reclamaban alimentos y asistencia a los comedores\u00a0populares. La inflaci\u00f3n y el paquetazo de Milei est\u00e1n haciendo estragos el est\u00f3mago y la salud de millones.\u00a0Las ollas vac\u00edas reflejan la realidad de cientos de ollas de comedores de todo el pa\u00eds que no llegan a completarse por la falta de alimentos que el gobierno ultraderechista, desde que asumi\u00f3, se niega a entregar.<\/p>\n<p>Luego de haber dicho la semana anterior que escuchar\u00eda \u201cuno por uno la gente que tiene hambre\u201d, la ministra de Capital Humano, Sandra Pettovello anunci\u00f3 que no recibir\u00eda a las personas que se acercaron desde varios barrios de la ciudad y de la provincia de Buenos Aires hasta su cartera para pedir alimentos. Son quienes reciben la ayuda de las ollas populares y los comedores comunitarios a los que el ministerio de Pettovello decidi\u00f3 suspender la entrega de alimentos.<\/p>\n<p>M\u00e1s all\u00e1 de los ciudadanos corrientes, tambi\u00e9n los empresarios de farmacias est\u00e1n m\u00e1s que preocupados, ya que \u201clas cifras de enero parecen las de un mes donde nadie se enferm\u00f3\u201d: la venta de medicamentos cay\u00f3 46% en relaci\u00f3n con el a\u00f1o pasado.<\/p>\n<p>El Gobierno reconoci\u00f3 que el salto cambiario de 118 por ciento que aplic\u00f3 el ministro de Econom\u00eda Luis Caputo el 12 de diciembre (al segundo d\u00eda de asunci\u00f3n de Javier Milei) gener\u00f3 casi 2,5 millones de pobres en la Argentina.<\/p>\n<p>En una carta enviada a la titular del Fondo Monetario Internacional, Kristalina Georgieva, Caputo y el presidente del Banco Central, Santiago Bausili, advirtieron que la pobreza ya alcanza al 50 por ciento de la poblaci\u00f3n y al 60 por ciento de los j\u00f3venes, un incremento de 5,3 puntos porcentuales respecto a la situaci\u00f3n previa al \u201cmileinato\u201d.<\/p>\n<p>Las ventas minoristas de las peque\u00f1as y medianas empresas experimentaron una significativa disminuci\u00f3n del 28,5% en enero, en comparaci\u00f3n con el mismo per\u00edodo del a\u00f1o anterior.\u00a0Los primeros 45 d\u00edas de Milei marcaron, tambi\u00e9n,\u00a0un derrumbe del 20 por ciento en el turismo argentino, en plena temporada estival.<\/p>\n<p><strong>Fascismo corriente<\/strong><\/p>\n<p>\u201cCelebramos a la Polic\u00eda, los felicitamos. Cada balazo bien puesto en cada zurdo ha sido para todos nosotros un momento de regocijo. Cada imagen de cada zurdo lloriqueando por el gas pimienta en su cara ha sido para nosotros un momento muy placentero de ver\u201d, se\u00f1al\u00f3 en X Agust\u00edn Laje, el polit\u00f3logo de extrema derecha referente de j\u00f3venes libertarios que ataca a las minor\u00edas sexuales y los feminismos.<\/p>\n<p>El juez federal Sebasti\u00e1n Casanello se declar\u00f3 competente en la causa en la que se pide la \u00abinconstitucionalidad\u00bb del protocolo antipiquetes del Ministerio de Seguridad e inst\u00f3 a su titular, Patricia Bullrich,\u00a0a que presente \u00aben las pr\u00f3ximas 72 horas\u00bb un informe que detalle los \u00abfundamentos jur\u00eddicos\u00bb de su aplicaci\u00f3n y \u00absi fueron consultadas\u00bb la Secretar\u00eda de Derechos Humanos, organizaciones de la sociedad civil u organismos internacionales.<\/p>\n<p>Hay una\u00a0frase muy\u00a0antigua y que pas\u00f3 de generaci\u00f3n en generaci\u00f3n: \u00abLo que mata es la humedad\u00bb. En los d\u00edas h\u00famedos y calurosos el sudor queda sobre la piel y el cuerpo no puede refrescarse, por eso se produce esa sensaci\u00f3n de calor agobiante que le da sentido a la frase.<\/p>\n<p>En estos d\u00edas de calor agobiante, Milei tal vez descubra que no es la humedad la que puede matar a su gobierno, sino la realidad.<\/p>\n","protected":false},"excerpt":{"rendered":"<p>El ultraderechista presidente de Argentina, Javier Milei, enfrenta a la realidad luego de que sus ofertas electorales comienzan a demostrar un peso m\u00e1s propagand\u00edstico que real, llevando a la pobreza a la mitad de la poblaci\u00f3n, usando la comida y&hellip;<\/p>\n","protected":false},"author":1415,"featured_media":1797599,"comment_status":"closed","ping_status":"closed","sticky":false,"template":"","format":"standard","meta":{"footnotes":""},"categories":[74,67],"tags":[26,1833,115734,816],"class_list":["post-1797598","post","type-post","status-publish","format-standard","has-post-thumbnail","hentry","category-politica-es","category-sudamerica","tag-argentina","tag-hambre","tag-milei","tag-pobreza-es"],"yoast_head":"<!-- This site is optimized with the Yoast SEO plugin v27.1.1 - https:\/\/yoast.com\/product\/yoast-seo-wordpress\/ -->\n<title>Argentina: Lo que mata es la realidad<\/title>\n<meta name=\"description\" content=\"El ultraderechista presidente de Argentina, Javier Milei, enfrenta a la realidad luego de que sus ofertas electorales comienzan a demostrar un peso m\u00e1s\" \/>\n<meta name=\"robots\" content=\"index, follow, max-snippet:-1, max-image-preview:large, max-video-preview:-1\" \/>\n<link rel=\"canonical\" href=\"https:\/\/www.pressenza.com\/es\/2024\/02\/argentina-lo-que-mata-es-la-realidad\/\" \/>\n<meta property=\"og:locale\" content=\"es_ES\" \/>\n<meta property=\"og:type\" content=\"article\" \/>\n<meta property=\"og:title\" content=\"Argentina: Lo que mata es la realidad\" \/>\n<meta property=\"og:description\" content=\"El ultraderechista presidente de Argentina, Javier Milei, enfrenta a la realidad luego de que sus ofertas electorales comienzan a demostrar un peso m\u00e1s\" \/>\n<meta property=\"og:url\" content=\"https:\/\/www.pressenza.com\/es\/2024\/02\/argentina-lo-que-mata-es-la-realidad\/\" \/>\n<meta property=\"og:site_name\" content=\"Pressenza\" \/>\n<meta property=\"article:publisher\" content=\"https:\/\/www.facebook.com\/PressenzaItalia\" \/>\n<meta property=\"article:published_time\" content=\"2024-02-06T20:22:32+00:00\" \/>\n<meta property=\"og:image\" content=\"https:\/\/www.pressenza.com\/wp-content\/uploads\/2024\/02\/sin-techo.jpg\" \/>\n\t<meta property=\"og:image:width\" content=\"1280\" \/>\n\t<meta property=\"og:image:height\" content=\"960\" \/>\n\t<meta property=\"og:image:type\" content=\"image\/jpeg\" \/>\n<meta name=\"author\" content=\"Aram Aharonian\" \/>\n<meta name=\"twitter:card\" content=\"summary_large_image\" \/>\n<meta name=\"twitter:creator\" content=\"@PressenzaIPA\" \/>\n<meta name=\"twitter:site\" content=\"@PressenzaIPA\" \/>\n<meta name=\"twitter:label1\" content=\"Escrito por\" \/>\n\t<meta name=\"twitter:data1\" content=\"Aram Aharonian\" \/>\n\t<meta name=\"twitter:label2\" content=\"Tiempo de lectura\" \/>\n\t<meta name=\"twitter:data2\" content=\"5 minutos\" \/>\n<script type=\"application\/ld+json\" class=\"yoast-schema-graph\">{\"@context\":\"https:\/\/schema.org\",\"@graph\":[{\"@type\":\"Article\",\"@id\":\"https:\/\/www.pressenza.com\/es\/2024\/02\/argentina-lo-que-mata-es-la-realidad\/#article\",\"isPartOf\":{\"@id\":\"https:\/\/www.pressenza.com\/es\/2024\/02\/argentina-lo-que-mata-es-la-realidad\/\"},\"author\":{\"name\":\"Aram Aharonian\",\"@id\":\"https:\/\/www.pressenza.com\/es\/#\/schema\/person\/777c39c93856c085c6d5931778fbf85f\"},\"headline\":\"Argentina: Lo que mata es la realidad\",\"datePublished\":\"2024-02-06T20:22:32+00:00\",\"mainEntityOfPage\":{\"@id\":\"https:\/\/www.pressenza.com\/es\/2024\/02\/argentina-lo-que-mata-es-la-realidad\/\"},\"wordCount\":1117,\"publisher\":{\"@id\":\"https:\/\/www.pressenza.com\/es\/#organization\"},\"image\":{\"@id\":\"https:\/\/www.pressenza.com\/es\/2024\/02\/argentina-lo-que-mata-es-la-realidad\/#primaryimage\"},\"thumbnailUrl\":\"https:\/\/www.pressenza.com\/wp-content\/uploads\/2024\/02\/sin-techo.jpg\",\"keywords\":[\"Argentina\",\"hambre\",\"Milei\",\"Pobreza\"],\"articleSection\":[\"Pol\u00edtica\",\"Sudam\u00e9rica\"],\"inLanguage\":\"es\"},{\"@type\":\"WebPage\",\"@id\":\"https:\/\/www.pressenza.com\/es\/2024\/02\/argentina-lo-que-mata-es-la-realidad\/\",\"url\":\"https:\/\/www.pressenza.com\/es\/2024\/02\/argentina-lo-que-mata-es-la-realidad\/\",\"name\":\"Argentina: Lo que mata es la realidad\",\"isPartOf\":{\"@id\":\"https:\/\/www.pressenza.com\/es\/#website\"},\"primaryImageOfPage\":{\"@id\":\"https:\/\/www.pressenza.com\/es\/2024\/02\/argentina-lo-que-mata-es-la-realidad\/#primaryimage\"},\"image\":{\"@id\":\"https:\/\/www.pressenza.com\/es\/2024\/02\/argentina-lo-que-mata-es-la-realidad\/#primaryimage\"},\"thumbnailUrl\":\"https:\/\/www.pressenza.com\/wp-content\/uploads\/2024\/02\/sin-techo.jpg\",\"datePublished\":\"2024-02-06T20:22:32+00:00\",\"description\":\"El ultraderechista presidente de Argentina, Javier Milei, enfrenta a la realidad luego de que sus ofertas electorales comienzan a demostrar un peso m\u00e1s\",\"breadcrumb\":{\"@id\":\"https:\/\/www.pressenza.com\/es\/2024\/02\/argentina-lo-que-mata-es-la-realidad\/#breadcrumb\"},\"inLanguage\":\"es\",\"potentialAction\":[{\"@type\":\"ReadAction\",\"target\":[\"https:\/\/www.pressenza.com\/es\/2024\/02\/argentina-lo-que-mata-es-la-realidad\/\"]}]},{\"@type\":\"ImageObject\",\"inLanguage\":\"es\",\"@id\":\"https:\/\/www.pressenza.com\/es\/2024\/02\/argentina-lo-que-mata-es-la-realidad\/#primaryimage\",\"url\":\"https:\/\/www.pressenza.com\/wp-content\/uploads\/2024\/02\/sin-techo.jpg\",\"contentUrl\":\"https:\/\/www.pressenza.com\/wp-content\/uploads\/2024\/02\/sin-techo.jpg\",\"width\":1280,\"height\":960},{\"@type\":\"BreadcrumbList\",\"@id\":\"https:\/\/www.pressenza.com\/es\/2024\/02\/argentina-lo-que-mata-es-la-realidad\/#breadcrumb\",\"itemListElement\":[{\"@type\":\"ListItem\",\"position\":1,\"name\":\"Accueil\",\"item\":\"https:\/\/www.pressenza.com\/es\/\"},{\"@type\":\"ListItem\",\"position\":2,\"name\":\"Argentina: Lo que mata es la realidad\"}]},{\"@type\":\"WebSite\",\"@id\":\"https:\/\/www.pressenza.com\/es\/#website\",\"url\":\"https:\/\/www.pressenza.com\/es\/\",\"name\":\"Pressenza\",\"description\":\"International Press Agency\",\"publisher\":{\"@id\":\"https:\/\/www.pressenza.com\/es\/#organization\"},\"potentialAction\":[{\"@type\":\"SearchAction\",\"target\":{\"@type\":\"EntryPoint\",\"urlTemplate\":\"https:\/\/www.pressenza.com\/es\/?s={search_term_string}\"},\"query-input\":{\"@type\":\"PropertyValueSpecification\",\"valueRequired\":true,\"valueName\":\"search_term_string\"}}],\"inLanguage\":\"es\"},{\"@type\":\"Organization\",\"@id\":\"https:\/\/www.pressenza.com\/es\/#organization\",\"name\":\"Pressenza\",\"url\":\"https:\/\/www.pressenza.com\/es\/\",\"logo\":{\"@type\":\"ImageObject\",\"inLanguage\":\"es\",\"@id\":\"https:\/\/www.pressenza.com\/es\/#\/schema\/logo\/image\/\",\"url\":\"https:\/\/www.pressenza.com\/wp-content\/uploads\/2022\/10\/pressenza_logo_200x200.jpg\",\"contentUrl\":\"https:\/\/www.pressenza.com\/wp-content\/uploads\/2022\/10\/pressenza_logo_200x200.jpg\",\"width\":200,\"height\":200,\"caption\":\"Pressenza\"},\"image\":{\"@id\":\"https:\/\/www.pressenza.com\/es\/#\/schema\/logo\/image\/\"},\"sameAs\":[\"https:\/\/www.facebook.com\/PressenzaItalia\",\"https:\/\/x.com\/PressenzaIPA\"]},{\"@type\":\"Person\",\"@id\":\"https:\/\/www.pressenza.com\/es\/#\/schema\/person\/777c39c93856c085c6d5931778fbf85f\",\"name\":\"Aram Aharonian\",\"description\":\"Magister en Integraci\u00f3n, periodista y docente uruguayo, fundador de Telesur, director del Observatorio en Comunicaci\u00f3n y Democracia, presidente de la Fundaci\u00f3n para la Integraci\u00f3n Latinoamericana.\",\"url\":\"https:\/\/www.pressenza.com\/es\/author\/aram-aharonian\/\"}]}<\/script>\n<!-- \/ Yoast SEO plugin. -->","yoast_head_json":{"title":"Argentina: Lo que mata es la realidad","description":"El ultraderechista presidente de Argentina, Javier Milei, enfrenta a la realidad luego de que sus ofertas electorales comienzan a demostrar un peso m\u00e1s","robots":{"index":"index","follow":"follow","max-snippet":"max-snippet:-1","max-image-preview":"max-image-preview:large","max-video-preview":"max-video-preview:-1"},"canonical":"https:\/\/www.pressenza.com\/es\/2024\/02\/argentina-lo-que-mata-es-la-realidad\/","og_locale":"es_ES","og_type":"article","og_title":"Argentina: Lo que mata es la realidad","og_description":"El ultraderechista presidente de Argentina, Javier Milei, enfrenta a la realidad luego de que sus ofertas electorales comienzan a demostrar un peso m\u00e1s","og_url":"https:\/\/www.pressenza.com\/es\/2024\/02\/argentina-lo-que-mata-es-la-realidad\/","og_site_name":"Pressenza","article_publisher":"https:\/\/www.facebook.com\/PressenzaItalia","article_published_time":"2024-02-06T20:22:32+00:00","og_image":[{"width":1280,"height":960,"url":"https:\/\/www.pressenza.com\/wp-content\/uploads\/2024\/02\/sin-techo.jpg","type":"image\/jpeg"}],"author":"Aram Aharonian","twitter_card":"summary_large_image","twitter_creator":"@PressenzaIPA","twitter_site":"@PressenzaIPA","twitter_misc":{"Escrito por":"Aram Aharonian","Tiempo de lectura":"5 minutos"},"schema":{"@context":"https:\/\/schema.org","@graph":[{"@type":"Article","@id":"https:\/\/www.pressenza.com\/es\/2024\/02\/argentina-lo-que-mata-es-la-realidad\/#article","isPartOf":{"@id":"https:\/\/www.pressenza.com\/es\/2024\/02\/argentina-lo-que-mata-es-la-realidad\/"},"author":{"name":"Aram Aharonian","@id":"https:\/\/www.pressenza.com\/es\/#\/schema\/person\/777c39c93856c085c6d5931778fbf85f"},"headline":"Argentina: Lo que mata es la realidad","datePublished":"2024-02-06T20:22:32+00:00","mainEntityOfPage":{"@id":"https:\/\/www.pressenza.com\/es\/2024\/02\/argentina-lo-que-mata-es-la-realidad\/"},"wordCount":1117,"publisher":{"@id":"https:\/\/www.pressenza.com\/es\/#organization"},"image":{"@id":"https:\/\/www.pressenza.com\/es\/2024\/02\/argentina-lo-que-mata-es-la-realidad\/#primaryimage"},"thumbnailUrl":"https:\/\/www.pressenza.com\/wp-content\/uploads\/2024\/02\/sin-techo.jpg","keywords":["Argentina","hambre","Milei","Pobreza"],"articleSection":["Pol\u00edtica","Sudam\u00e9rica"],"inLanguage":"es"},{"@type":"WebPage","@id":"https:\/\/www.pressenza.com\/es\/2024\/02\/argentina-lo-que-mata-es-la-realidad\/","url":"https:\/\/www.pressenza.com\/es\/2024\/02\/argentina-lo-que-mata-es-la-realidad\/","name":"Argentina: Lo que mata es la realidad","isPartOf":{"@id":"https:\/\/www.pressenza.com\/es\/#website"},"primaryImageOfPage":{"@id":"https:\/\/www.pressenza.com\/es\/2024\/02\/argentina-lo-que-mata-es-la-realidad\/#primaryimage"},"image":{"@id":"https:\/\/www.pressenza.com\/es\/2024\/02\/argentina-lo-que-mata-es-la-realidad\/#primaryimage"},"thumbnailUrl":"https:\/\/www.pressenza.com\/wp-content\/uploads\/2024\/02\/sin-techo.jpg","datePublished":"2024-02-06T20:22:32+00:00","description":"El ultraderechista presidente de Argentina, Javier Milei, enfrenta a la realidad luego de que sus ofertas electorales comienzan a demostrar un peso m\u00e1s","breadcrumb":{"@id":"https:\/\/www.pressenza.com\/es\/2024\/02\/argentina-lo-que-mata-es-la-realidad\/#breadcrumb"},"inLanguage":"es","potentialAction":[{"@type":"ReadAction","target":["https:\/\/www.pressenza.com\/es\/2024\/02\/argentina-lo-que-mata-es-la-realidad\/"]}]},{"@type":"ImageObject","inLanguage":"es","@id":"https:\/\/www.pressenza.com\/es\/2024\/02\/argentina-lo-que-mata-es-la-realidad\/#primaryimage","url":"https:\/\/www.pressenza.com\/wp-content\/uploads\/2024\/02\/sin-techo.jpg","contentUrl":"https:\/\/www.pressenza.com\/wp-content\/uploads\/2024\/02\/sin-techo.jpg","width":1280,"height":960},{"@type":"BreadcrumbList","@id":"https:\/\/www.pressenza.com\/es\/2024\/02\/argentina-lo-que-mata-es-la-realidad\/#breadcrumb","itemListElement":[{"@type":"ListItem","position":1,"name":"Accueil","item":"https:\/\/www.pressenza.com\/es\/"},{"@type":"ListItem","position":2,"name":"Argentina: Lo que mata es la realidad"}]},{"@type":"WebSite","@id":"https:\/\/www.pressenza.com\/es\/#website","url":"https:\/\/www.pressenza.com\/es\/","name":"Pressenza","description":"International Press Agency","publisher":{"@id":"https:\/\/www.pressenza.com\/es\/#organization"},"potentialAction":[{"@type":"SearchAction","target":{"@type":"EntryPoint","urlTemplate":"https:\/\/www.pressenza.com\/es\/?s={search_term_string}"},"query-input":{"@type":"PropertyValueSpecification","valueRequired":true,"valueName":"search_term_string"}}],"inLanguage":"es"},{"@type":"Organization","@id":"https:\/\/www.pressenza.com\/es\/#organization","name":"Pressenza","url":"https:\/\/www.pressenza.com\/es\/","logo":{"@type":"ImageObject","inLanguage":"es","@id":"https:\/\/www.pressenza.com\/es\/#\/schema\/logo\/image\/","url":"https:\/\/www.pressenza.com\/wp-content\/uploads\/2022\/10\/pressenza_logo_200x200.jpg","contentUrl":"https:\/\/www.pressenza.com\/wp-content\/uploads\/2022\/10\/pressenza_logo_200x200.jpg","width":200,"height":200,"caption":"Pressenza"},"image":{"@id":"https:\/\/www.pressenza.com\/es\/#\/schema\/logo\/image\/"},"sameAs":["https:\/\/www.facebook.com\/PressenzaItalia","https:\/\/x.com\/PressenzaIPA"]},{"@type":"Person","@id":"https:\/\/www.pressenza.com\/es\/#\/schema\/person\/777c39c93856c085c6d5931778fbf85f","name":"Aram Aharonian","description":"Magister en Integraci\u00f3n, periodista y docente uruguayo, fundador de Telesur, director del Observatorio en Comunicaci\u00f3n y Democracia, presidente de la Fundaci\u00f3n para la Integraci\u00f3n Latinoamericana.","url":"https:\/\/www.pressenza.com\/es\/author\/aram-aharonian\/"}]}},"place":"Buenos Aires, Argentina","original_article_url":"https:\/\/estrategia.la\/2024\/02\/06\/argentina-lo-que-mata-es-la-realidad\/","_links":{"self":[{"href":"https:\/\/www.pressenza.com\/es\/wp-json\/wp\/v2\/posts\/1797598","targetHints":{"allow":["GET"]}}],"collection":[{"href":"https:\/\/www.pressenza.com\/es\/wp-json\/wp\/v2\/posts"}],"about":[{"href":"https:\/\/www.pressenza.com\/es\/wp-json\/wp\/v2\/types\/post"}],"author":[{"embeddable":true,"href":"https:\/\/www.pressenza.com\/es\/wp-json\/wp\/v2\/users\/1415"}],"replies":[{"embeddable":true,"href":"https:\/\/www.pressenza.com\/es\/wp-json\/wp\/v2\/comments?post=1797598"}],"version-history":[{"count":0,"href":"https:\/\/www.pressenza.com\/es\/wp-json\/wp\/v2\/posts\/1797598\/revisions"}],"wp:featuredmedia":[{"embeddable":true,"href":"https:\/\/www.pressenza.com\/es\/wp-json\/wp\/v2\/media\/1797599"}],"wp:attachment":[{"href":"https:\/\/www.pressenza.com\/es\/wp-json\/wp\/v2\/media?parent=1797598"}],"wp:term":[{"taxonomy":"category","embeddable":true,"href":"https:\/\/www.pressenza.com\/es\/wp-json\/wp\/v2\/categories?post=1797598"},{"taxonomy":"post_tag","embeddable":true,"href":"https:\/\/www.pressenza.com\/es\/wp-json\/wp\/v2\/tags?post=1797598"}],"curies":[{"name":"wp","href":"https:\/\/api.w.org\/{rel}","templated":true}]}}