{"id":1797478,"date":"2024-02-08T18:01:20","date_gmt":"2024-02-08T18:01:20","guid":{"rendered":"https:\/\/www.pressenza.com\/?p=1797478"},"modified":"2024-02-08T18:01:20","modified_gmt":"2024-02-08T18:01:20","slug":"10-anos-despues-del-6f-el-nicho-147-y-la-incansable-lucha-por-justicia-en-la-tragedia-de-la-playa-del-tarajal","status":"publish","type":"post","link":"https:\/\/www.pressenza.com\/es\/2024\/02\/10-anos-despues-del-6f-el-nicho-147-y-la-incansable-lucha-por-justicia-en-la-tragedia-de-la-playa-del-tarajal\/","title":{"rendered":"10 a\u00f1os despu\u00e9s del 6F: el nicho 147 y la incansable lucha por justicia en la tragedia de la playa del Tarajal"},"content":{"rendered":"<p>En los tranquilos y pl\u00e1cidos pasajes del cementerio de Santa Catalina en Ceuta, situado en el patio de Santa Beatriz de Silva, se extiende un interminable pasillo flanqueado por dos hileras de l\u00e1pidas, en el que se descubre un enigm\u00e1tico laberinto de m\u00e1rmol. Este est\u00e1 adornado con nombres, apellidos y ornamentos que evocan el recuerdo de quienes ya no est\u00e1n. M\u00e1s all\u00e1 de esta hilera, en la parte m\u00e1s elevada, yacen tumbas meticulosamente numeradas, selladas con el fr\u00edo abrazo del cemento. Estos nichos\u00a0carecen de nombres o jarrones con flores que evoquen a las almas que reposan en su interior. Mirando hacia el estrecho, se observan los sepulcros de migrantes que fallecieron intentando alcanzar la orilla de la playa del Tarajal en Ceuta, as\u00ed como de otras personas que sufrieron igual destino. Estas son tumbas an\u00f3nimas. All\u00ed yacen cinco de las quince personas que, el 6 de febrero de 2014, intentaron nadar hasta la playa del Tarajal en Ceuta, ubicada en el l\u00edmite entre Marruecos y Espa\u00f1a.<\/p>\n<p><strong>Los impedimentos para identificar los cuerpos de las v\u00edctimas del Tarajal<\/strong><\/p>\n<p>Solo se ha conseguido identificar el cuerpo de Nana Roger Chimie, un joven camerun\u00e9s; los dem\u00e1s restos sepultados en el lugar contin\u00faan sin identificaci\u00f3n, a pesar de los esfuerzos de familiares y abogados de Samba, Larios y Ussman Hassan para esclarecer la identidad de los cuerpos hallados tras el descubrimiento de Nana, que yacen all\u00ed enterrados. Patricia Fern\u00e1ndez Vicent, abogada de la Coordinadora de\u00a0Barrios, confirma que \u201cNana fue identificado porque su cuerpo se encontr\u00f3 solo dos d\u00edas despu\u00e9s de los hechos y por los objetos personales que llevaba al intentar cruzar el mar hacia Espa\u00f1a. Adem\u00e1s, su estado permiti\u00f3 cotejar sus huellas con las bases de\u00a0datos de Camer\u00fan. Roger descansa en la tumba n\u00famero 147, la cual se distingue solo por la fecha y la inscripci\u00f3n: \u201cTarajal 6-2-14\u201d.<\/p>\n<p>Sobre los dem\u00e1s, su identidad sigue siendo un misterio. La abogada a\u00f1ade: \u201cSolicitamos al juzgado pruebas de ADN, las cuales fueron rechazadas con el argumento de que no eran necesarias para esclarecer los hechos, por lo que nunca se realizaron. Asimismo, existe un quinto cuerpo cuya identidad sigue sin conocerse, ya que no se ha efectuado ning\u00fan intento formal de identificaci\u00f3n\u201d.<\/p>\n<p>Una d\u00e9cada despu\u00e9s, las familias de las v\u00edctimas siguen en busca de justicia, luchando incansablemente por obtener permisos para viajar a Ceuta y poder identificar a sus seres queridos. No obstante, el gobierno espa\u00f1ol ha denegado repetidamente las visas\u00a0necesarias para verificar si los restos pertenecen a alguno de los familiares a\u00fan desaparecidos.<\/p>\n<p>Tres a\u00f1os despu\u00e9s de los sucesos, las familias de las v\u00edctimas de El Tarajal fueron escuchadas en el Congreso de los Diputados, coincidiendo con el aniversario. Una docena de padres, madres y hermanos de los fallecidos en la playa ceut\u00ed participaron a trav\u00e9s de videoconferencia en un acto conmemorativo. \u201c\u00a1Queremos que se haga justicia, que sus muertes no queden impunes!\u201d, exclam\u00f3 la madre de uno de los j\u00f3venes fallecidos desde Duala, Camer\u00fan, durante el tributo.<\/p>\n<p>Los familiares de los j\u00f3venes fallecidos contin\u00faan exigiendo saber la verdad de lo ocurrido, reclamando justicia para que esos actos no queden en el olvido y sin responsables. \u201cSolo buscaban una vida mejor para sus familias\u201d, relata uno de los familiares.<\/p>\n<p><strong>Diez a\u00f1os sin que nadie se haga responsable<\/strong><\/p>\n<p>Diez a\u00f1os despu\u00e9s de las muertes y tras ocho a\u00f1os de proceso judicial, el caso no ha llegado a juicio, siendo archivado en tres ocasiones por la jueza instructora. La situaci\u00f3n judicial del caso Tarajal ha sido compleja y prolongada. Inici\u00f3 en febrero de 2015 cuando el Juzgado de Instrucci\u00f3n N\u00ba 6 de Ceuta cit\u00f3 a 16 guardias civiles implicados, con las ONGs CEAR, Coordinadora de Barrios y Observatori DESC actuando como acusaci\u00f3n popular.<\/p>\n<p>En las dos primeras instancias de archivo, en 2015 y 2018, la jueza concluy\u00f3 que se hab\u00edan efectuado todas las diligencias de instrucci\u00f3n posibles, sin hallar pruebas de actividad delictiva por parte de los 16 agentes de la Guardia Civil implicados en los\u00a0acontecimientos de aquella ma\u00f1ana de febrero de 2014. No obstante, la Audiencia Provincial de Ceuta revoc\u00f3 ambas decisiones en 2017 y 2018, instruyendo a la jueza para que identificara a los cinco fallecidos y recopilara declaraciones de los supervivientes. En octubre de 2017, el Tribunal Europeo de Derechos Humanos conden\u00f3 a Espa\u00f1a por pr\u00e1cticas similares en Melilla.<\/p>\n<p>El caso fue nuevamente archivado en enero de 2018, pero tras apelaciones, en agosto de 2018, la Audiencia Provincial de C\u00e1diz decidi\u00f3 reabrirlo, se\u00f1alando insuficiencias en la investigaci\u00f3n. En septiembre de 2019, se proces\u00f3 a 16 agentes de la Guardia Civil,\u00a0pero el expediente se cerr\u00f3 por tercera vez en octubre de 2019, lo que provoc\u00f3 nuevas apelaciones. La Audiencia Provincial de C\u00e1diz desestim\u00f3 los recursos en julio de 2020.<\/p>\n<p>Las ONGs interpusieron un recurso de casaci\u00f3n ante el Tribunal Supremo, que fue rechazado en mayo de 2022. En julio de 2022, se present\u00f3 un recurso de amparo ante el Tribunal Constitucional. Finalmente, en junio de 2023, el Tribunal Constitucional admiti\u00f3 a tr\u00e1mite el recurso de amparo, abriendo la posibilidad de establecer una doctrina constitucional que proteja los derechos de los migrantes en las fronteras.<\/p>\n<p>A pesar de ser uno de los casos m\u00e1s medi\u00e1ticos de los \u00faltimos a\u00f1os, ni jueces ni fiscales se han pronunciado p\u00fablicamente durante el proceso, limit\u00e1ndose a referirse a los autos y documentos enviados a las partes. Una fuente judicial explic\u00f3 a este medio que \u201cfue un caso inusual, ya que fue la primera vez que se enfrentaron a un asalto mar\u00edtimo en grupo\u201d. Adem\u00e1s, destac\u00f3 que las cuestiones legales son complicadas, ya que se debe determinar \u201csi existe una responsabilidad compartida en los delitos imprudentes y cu\u00e1l fue la participaci\u00f3n espec\u00edfica de cada guardia civil. Esto se debe a que las sanciones no pueden aplicarse a grupos, lo que plantea cuestiones de naturaleza estrictamente jur\u00eddica\u201d.<\/p>\n<p><strong>Qu\u00e9 pas\u00f3 la madrugada del 6 de febrero de 2014 en la playa del Tarajal en Ceuta<\/strong><\/p>\n<p>En la madrugada del 6 de febrero de 2014, unas 400 personas intentaron superar la valla fronteriza que separa Marruecos de Europa. La Guardia Civil, desplegada en todo el per\u00edmetro fronterizo, intent\u00f3 impedir que el grupo entrara en Ceuta usando\u00a0material antidisturbios, bolas de goma, gases lacrim\u00f3genos y detonaciones de ruido.<\/p>\n<p>Al menos 15 personas murieron y muchas m\u00e1s resultaron gravemente heridas. Aquellos que sobrevivieron y lograron llegar al lado espa\u00f1ol de la playa del Tarajal fueron inmediatamente devueltos a Marruecos. A la ma\u00f1ana siguiente, se encontraron 14 cuerpos, 5 en Espa\u00f1a y 9 en Marruecos. Oficialmente, 23 personas fueron devueltas a Marruecos, y solo una persona fue declarada desaparecida.<\/p>\n<p>Seg\u00fan las ONGs personadas en la acusaci\u00f3n popular contra los guardias civiles, \u201cmuchos testimonios de supervivientes y testigos, junto con v\u00eddeos policiales difundidos por la Guardia Civil, demuestran que la Delegaci\u00f3n del Gobierno en Ceuta ten\u00eda conocimiento en todo momento de que se hab\u00eda activado el nivel m\u00e1ximo de alerta, que inclu\u00eda la movilizaci\u00f3n de diversas unidades de la Guardia Civil equipadas con equipos antidisturbios\u201d. Esta alerta se activ\u00f3 para impedir que el grupo de unas 400 personas lograran entrar en territorio espa\u00f1ol. Eran aquellos que hab\u00edan conseguido eludir los controles de las fuerzas marroqu\u00edes en los bosques cercanos a la frontera de Ceuta y llegar hasta la playa, en zona marroqu\u00ed, donde se lanzaron al mar. Seg\u00fan los testigos, aproximadamente 1.500 personas, en su mayor\u00eda subsaharianas, intentaron entrar en Europa esa madrugada, pero solo esos 400 lograron acercarse.<\/p>\n<p>La Guardia Civil enfrent\u00f3 al grupo con material antidisturbios mientras nadaban hacia la orilla, lanzando botes de humo y pelotas de goma desde el espig\u00f3n. Esta acci\u00f3n no fue reconocida inicialmente por el delegado del Gobierno, Francisco Antonio Gonz\u00e1lez, y posteriormente por el director general de la Guardia Civil, Arsenio Fern\u00e1ndez de Mesa, quien neg\u00f3 el uso de material antidisturbios en el agua, atribuyendo la responsabilidad de las muertes a las fuerzas marroqu\u00edes.<\/p>\n<p><strong>Las mentiras del Ministerio del Interior<\/strong><\/p>\n<p>Jorge Fern\u00e1ndez D\u00edaz, ministro del Interior en aquel momento, compareci\u00f3 una semana despu\u00e9s en el Congreso admitiendo el uso de material antidisturbios de manera disuasoria, pero apuntando hacia el agua. Estas explicaciones surgieron tras la\u00a0difusi\u00f3n de im\u00e1genes que mostraban a los agentes de la Guardia Civil utilizando \u201c145 balas de goma y cinco botes de humo\u201d para impedir que los inmigrantes llegaran a Espa\u00f1a, disparando hacia la posici\u00f3n donde nadaban, mientras eran perseguidos por una patrullera marroqu\u00ed. En la misma comparecencia, el ministro lament\u00f3 las muertes de las 15 personas en la playa del Tarajal, pero, como le interpel\u00f3 un diputado de la oposici\u00f3n, no pidi\u00f3 perd\u00f3n a las familias de las v\u00edctimas como m\u00e1ximo responsable\u00a0pol\u00edtico de la Guardia Civil.<\/p>\n<p>El secretario de Estado de Seguridad, Francisco Mart\u00ednez, en el Congreso, declar\u00f3 que ninguno de los j\u00f3venes que llegaron a la orilla espa\u00f1ola result\u00f3 herido y que la Guardia Civil solo hab\u00eda disparado cuando estos estaban a\u00fan en aguas marroqu\u00edes, suavizando la actuaci\u00f3n desde el espig\u00f3n. Sin embargo, surgieron preguntas: \u00bfPor qu\u00e9 nadie intent\u00f3 rescatar a los que se estaban ahogando? \u00bfPor qu\u00e9 no se avis\u00f3 a Salvamento Mar\u00edtimo y a la Cruz Roja? El Gobierno del PP, a trav\u00e9s del ministro, oficializ\u00f3 la versi\u00f3n de los hechos y rechaz\u00f3 la petici\u00f3n de abrir una comisi\u00f3n de investigaci\u00f3n que la oposici\u00f3n demandaba, aprovechando la mayor\u00eda absoluta con la que contaba en 2014. Pero las grabaciones y los audios aportados de las comunicaciones entre los agentes y el COS pusieron en duda la versi\u00f3n de Mart\u00ednez. En una de las comunicaciones, los agentes alertaban de la presencia de migrantes nadando y solicitaban instrucciones: \u201c\u00bfDebemos detenerlos?\u201d Desde el centro de operaciones respondieron con incertidumbre: \u201cNo estoy seguro, al menos intenten impedir que avancen, se dirigen hacia Ceuta\u201d La r\u00e9plica fue \u201cEs inviable, han cruzado por detr\u00e1s y la \u00fanica opci\u00f3n era capturarlos o permitirles continuar\u201d. Las contradicciones del delegado del Gobierno en\u00a0Ceuta y del director de la Guardia Civil salieron a la luz, dejando en evidencia a la c\u00fapula del Ministerio del Interior. Nadie dimiti\u00f3. Incluso el presidente del Gobierno en la ciudad aut\u00f3noma, Juan Jes\u00fas Vivas, lleg\u00f3 a calificar de \u201cmiserables\u201d en su cuenta de\u00a0Facebook a las organizaciones que acusaban directamente a los guardias civiles de ser responsables de las muertes. Entidades como la ONG <em>Caminando Fronteras<\/em> publicaron un informe que inclu\u00eda partes de lesiones y testimonios de supervivientes, coincidiendo todos en que las pelotas de goma eran dirigidas directamente hacia ellos. Tras conocer el informe, Francisco Antonio Gonz\u00e1lez aconsej\u00f3 a los guardias civiles que interpusieran querellas contra la ONG.<\/p>\n<p><strong>El obispo de T\u00e1nger cr\u00edtico la actuaci\u00f3n de la Guardia Civil<\/strong><\/p>\n<p>El arzobispo Em\u00e9rito de T\u00e1nger, Santiago Agrelo, critic\u00f3 la actuaci\u00f3n de la Guardia Civil durante los sucesos del 6 de febrero de 2014 en El Tarajal. \u201cAquel d\u00eda, aquellos j\u00f3venes no se lanzaron al agua contra nadie: iban solo en busca de un futuro mejor, al que seguramente ten\u00edan tanto derecho al menos como puedo tener yo\u201d. Resalt\u00f3 la responsabilidad de las fuerzas del orden, afirmando que \u201clas fuerzas del orden del Reino de Espa\u00f1a hicieron cuanto estaba en sus manos para que aquellos j\u00f3venes no\u00a0llegasen a la playa, un hecho no solo reconocido sino tambi\u00e9n reivindicado: \u201chicieron lo que ten\u00edan que hacer\u201d.<\/p>\n<p>Nadie asumi\u00f3 la responsabilidad y nadie sabe qui\u00e9n dio la orden para autorizar la actuaci\u00f3n de los agentes espa\u00f1oles en la playa del Tarajal. Una d\u00e9cada despu\u00e9s, nadie en nombre del Estado espa\u00f1ol ha pedido perd\u00f3n a las familias de las v\u00edctimas de aquella fat\u00eddica ma\u00f1ana de febrero de 2014. La tumba 147 del cementerio\u00a0ceut\u00ed seguir\u00e1 en silencio.<\/p>\n<p>En la ma\u00f1ana del domingo 4 de marzo, la tumba de Roger Nana se ha dignificado. La asociaci\u00f3n ELIN, Coordinadora de Barrios y algunas personas activistas han dedicado un cartel que ha quedado puesto en la tumba de Nana. Tras un breve responso,\u00a0Javier Baeza, presidente la organizaci\u00f3n madrile\u00f1a, ha dedicado unas palabras de homenaje a las v\u00edctimas. Las dem\u00e1s tumbas ya est\u00e1n marcadas como \u201cpersona sin identificar 6 febrero 2014\u201d.<\/p>\n","protected":false},"excerpt":{"rendered":"<p>En los tranquilos y pl\u00e1cidos pasajes del cementerio de Santa Catalina en Ceuta, situado en el patio de Santa Beatriz de Silva, se extiende un interminable pasillo flanqueado por dos hileras de l\u00e1pidas, en el que se descubre un enigm\u00e1tico&hellip;<\/p>\n","protected":false},"author":1279,"featured_media":1797944,"comment_status":"closed","ping_status":"closed","sticky":false,"template":"","format":"standard","meta":{"footnotes":""},"categories":[11389,79,66,54574,106739],"tags":[119894,34731,34249,23028],"class_list":["post-1797478","post","type-post","status-publish","format-standard","has-post-thumbnail","hentry","category-contenido-original","category-derechos-humanos","category-europa-es","category-migrantes-es","category-noticia","tag-2014-es","tag-frontera-sur","tag-muertes-el-tarajal","tag-valla-de-ceuta"],"yoast_head":"<!-- This site is optimized with the Yoast SEO plugin v27.1.1 - https:\/\/yoast.com\/product\/yoast-seo-wordpress\/ -->\n<title>10 a\u00f1os despu\u00e9s del 6F: el nicho 147 y la incansable lucha por justicia en la tragedia de la playa del Tarajal<\/title>\n<meta name=\"description\" content=\"En los tranquilos y pl\u00e1cidos pasajes del cementerio de Santa Catalina en Ceuta, situado en el patio de Santa Beatriz de Silva, se extiende un interminable\" \/>\n<meta name=\"robots\" content=\"index, follow, max-snippet:-1, max-image-preview:large, max-video-preview:-1\" \/>\n<link rel=\"canonical\" href=\"https:\/\/www.pressenza.com\/es\/2024\/02\/10-anos-despues-del-6f-el-nicho-147-y-la-incansable-lucha-por-justicia-en-la-tragedia-de-la-playa-del-tarajal\/\" \/>\n<meta property=\"og:locale\" content=\"es_ES\" \/>\n<meta property=\"og:type\" content=\"article\" \/>\n<meta property=\"og:title\" content=\"10 a\u00f1os despu\u00e9s del 6F: el nicho 147 y la incansable lucha por justicia en la tragedia de la playa del Tarajal\" \/>\n<meta property=\"og:description\" content=\"En los tranquilos y pl\u00e1cidos pasajes del cementerio de Santa Catalina en Ceuta, situado en el patio de Santa Beatriz de Silva, se extiende un interminable\" \/>\n<meta property=\"og:url\" content=\"https:\/\/www.pressenza.com\/es\/2024\/02\/10-anos-despues-del-6f-el-nicho-147-y-la-incansable-lucha-por-justicia-en-la-tragedia-de-la-playa-del-tarajal\/\" \/>\n<meta property=\"og:site_name\" content=\"Pressenza\" \/>\n<meta property=\"article:publisher\" content=\"https:\/\/www.facebook.com\/PressenzaItalia\" \/>\n<meta property=\"article:published_time\" content=\"2024-02-08T18:01:20+00:00\" \/>\n<meta property=\"og:image\" content=\"https:\/\/www.pressenza.com\/wp-content\/uploads\/2024\/02\/IMG_8541.jpg\" \/>\n\t<meta property=\"og:image:width\" content=\"1920\" \/>\n\t<meta property=\"og:image:height\" content=\"1080\" \/>\n\t<meta property=\"og:image:type\" content=\"image\/jpeg\" \/>\n<meta name=\"author\" content=\"Antonio Sempere\" \/>\n<meta name=\"twitter:card\" content=\"summary_large_image\" \/>\n<meta name=\"twitter:creator\" content=\"@PressenzaIPA\" \/>\n<meta name=\"twitter:site\" content=\"@PressenzaIPA\" \/>\n<meta name=\"twitter:label1\" content=\"Escrito por\" \/>\n\t<meta name=\"twitter:data1\" content=\"Antonio Sempere\" \/>\n\t<meta name=\"twitter:label2\" content=\"Tiempo de lectura\" \/>\n\t<meta name=\"twitter:data2\" content=\"10 minutos\" \/>\n<script type=\"application\/ld+json\" class=\"yoast-schema-graph\">{\"@context\":\"https:\/\/schema.org\",\"@graph\":[{\"@type\":\"Article\",\"@id\":\"https:\/\/www.pressenza.com\/es\/2024\/02\/10-anos-despues-del-6f-el-nicho-147-y-la-incansable-lucha-por-justicia-en-la-tragedia-de-la-playa-del-tarajal\/#article\",\"isPartOf\":{\"@id\":\"https:\/\/www.pressenza.com\/es\/2024\/02\/10-anos-despues-del-6f-el-nicho-147-y-la-incansable-lucha-por-justicia-en-la-tragedia-de-la-playa-del-tarajal\/\"},\"author\":{\"name\":\"Antonio Sempere\",\"@id\":\"https:\/\/www.pressenza.com\/es\/#\/schema\/person\/6021a6c078ef7fdd30d1146ed721bb86\"},\"headline\":\"10 a\u00f1os despu\u00e9s del 6F: el nicho 147 y la incansable lucha por justicia en la tragedia de la playa del Tarajal\",\"datePublished\":\"2024-02-08T18:01:20+00:00\",\"mainEntityOfPage\":{\"@id\":\"https:\/\/www.pressenza.com\/es\/2024\/02\/10-anos-despues-del-6f-el-nicho-147-y-la-incansable-lucha-por-justicia-en-la-tragedia-de-la-playa-del-tarajal\/\"},\"wordCount\":2135,\"publisher\":{\"@id\":\"https:\/\/www.pressenza.com\/es\/#organization\"},\"image\":{\"@id\":\"https:\/\/www.pressenza.com\/es\/2024\/02\/10-anos-despues-del-6f-el-nicho-147-y-la-incansable-lucha-por-justicia-en-la-tragedia-de-la-playa-del-tarajal\/#primaryimage\"},\"thumbnailUrl\":\"https:\/\/www.pressenza.com\/wp-content\/uploads\/2024\/02\/IMG_8541.jpg\",\"keywords\":[\"2014\",\"frontera sur\",\"muertes El Tarajal\",\"Valla de Ceuta\"],\"articleSection\":[\"Contenido Original\",\"Derechos Humanos\",\"Europa\",\"Migrantes\",\"Noticia\"],\"inLanguage\":\"es\"},{\"@type\":\"WebPage\",\"@id\":\"https:\/\/www.pressenza.com\/es\/2024\/02\/10-anos-despues-del-6f-el-nicho-147-y-la-incansable-lucha-por-justicia-en-la-tragedia-de-la-playa-del-tarajal\/\",\"url\":\"https:\/\/www.pressenza.com\/es\/2024\/02\/10-anos-despues-del-6f-el-nicho-147-y-la-incansable-lucha-por-justicia-en-la-tragedia-de-la-playa-del-tarajal\/\",\"name\":\"10 a\u00f1os despu\u00e9s del 6F: el nicho 147 y la incansable lucha por justicia en la tragedia de la playa del Tarajal\",\"isPartOf\":{\"@id\":\"https:\/\/www.pressenza.com\/es\/#website\"},\"primaryImageOfPage\":{\"@id\":\"https:\/\/www.pressenza.com\/es\/2024\/02\/10-anos-despues-del-6f-el-nicho-147-y-la-incansable-lucha-por-justicia-en-la-tragedia-de-la-playa-del-tarajal\/#primaryimage\"},\"image\":{\"@id\":\"https:\/\/www.pressenza.com\/es\/2024\/02\/10-anos-despues-del-6f-el-nicho-147-y-la-incansable-lucha-por-justicia-en-la-tragedia-de-la-playa-del-tarajal\/#primaryimage\"},\"thumbnailUrl\":\"https:\/\/www.pressenza.com\/wp-content\/uploads\/2024\/02\/IMG_8541.jpg\",\"datePublished\":\"2024-02-08T18:01:20+00:00\",\"description\":\"En los tranquilos y pl\u00e1cidos pasajes del cementerio de Santa Catalina en Ceuta, situado en el patio de Santa Beatriz de Silva, se extiende un interminable\",\"breadcrumb\":{\"@id\":\"https:\/\/www.pressenza.com\/es\/2024\/02\/10-anos-despues-del-6f-el-nicho-147-y-la-incansable-lucha-por-justicia-en-la-tragedia-de-la-playa-del-tarajal\/#breadcrumb\"},\"inLanguage\":\"es\",\"potentialAction\":[{\"@type\":\"ReadAction\",\"target\":[\"https:\/\/www.pressenza.com\/es\/2024\/02\/10-anos-despues-del-6f-el-nicho-147-y-la-incansable-lucha-por-justicia-en-la-tragedia-de-la-playa-del-tarajal\/\"]}]},{\"@type\":\"ImageObject\",\"inLanguage\":\"es\",\"@id\":\"https:\/\/www.pressenza.com\/es\/2024\/02\/10-anos-despues-del-6f-el-nicho-147-y-la-incansable-lucha-por-justicia-en-la-tragedia-de-la-playa-del-tarajal\/#primaryimage\",\"url\":\"https:\/\/www.pressenza.com\/wp-content\/uploads\/2024\/02\/IMG_8541.jpg\",\"contentUrl\":\"https:\/\/www.pressenza.com\/wp-content\/uploads\/2024\/02\/IMG_8541.jpg\",\"width\":1920,\"height\":1080},{\"@type\":\"BreadcrumbList\",\"@id\":\"https:\/\/www.pressenza.com\/es\/2024\/02\/10-anos-despues-del-6f-el-nicho-147-y-la-incansable-lucha-por-justicia-en-la-tragedia-de-la-playa-del-tarajal\/#breadcrumb\",\"itemListElement\":[{\"@type\":\"ListItem\",\"position\":1,\"name\":\"Accueil\",\"item\":\"https:\/\/www.pressenza.com\/es\/\"},{\"@type\":\"ListItem\",\"position\":2,\"name\":\"10 a\u00f1os despu\u00e9s del 6F: el nicho 147 y la incansable lucha por justicia en la tragedia de la playa del Tarajal\"}]},{\"@type\":\"WebSite\",\"@id\":\"https:\/\/www.pressenza.com\/es\/#website\",\"url\":\"https:\/\/www.pressenza.com\/es\/\",\"name\":\"Pressenza\",\"description\":\"International Press Agency\",\"publisher\":{\"@id\":\"https:\/\/www.pressenza.com\/es\/#organization\"},\"potentialAction\":[{\"@type\":\"SearchAction\",\"target\":{\"@type\":\"EntryPoint\",\"urlTemplate\":\"https:\/\/www.pressenza.com\/es\/?s={search_term_string}\"},\"query-input\":{\"@type\":\"PropertyValueSpecification\",\"valueRequired\":true,\"valueName\":\"search_term_string\"}}],\"inLanguage\":\"es\"},{\"@type\":\"Organization\",\"@id\":\"https:\/\/www.pressenza.com\/es\/#organization\",\"name\":\"Pressenza\",\"url\":\"https:\/\/www.pressenza.com\/es\/\",\"logo\":{\"@type\":\"ImageObject\",\"inLanguage\":\"es\",\"@id\":\"https:\/\/www.pressenza.com\/es\/#\/schema\/logo\/image\/\",\"url\":\"https:\/\/www.pressenza.com\/wp-content\/uploads\/2022\/10\/pressenza_logo_200x200.jpg\",\"contentUrl\":\"https:\/\/www.pressenza.com\/wp-content\/uploads\/2022\/10\/pressenza_logo_200x200.jpg\",\"width\":200,\"height\":200,\"caption\":\"Pressenza\"},\"image\":{\"@id\":\"https:\/\/www.pressenza.com\/es\/#\/schema\/logo\/image\/\"},\"sameAs\":[\"https:\/\/www.facebook.com\/PressenzaItalia\",\"https:\/\/x.com\/PressenzaIPA\"]},{\"@type\":\"Person\",\"@id\":\"https:\/\/www.pressenza.com\/es\/#\/schema\/person\/6021a6c078ef7fdd30d1146ed721bb86\",\"name\":\"Antonio Sempere\",\"description\":\"Antonio Sempere (Ceuta 1966) es foto periodista nacido en Ceuta y trabaja como freelance para agencias internacionales de prensa, entre ellas France Press (AFP) y Europa Press y es corresponsal de Pressenza en el norte de \u00c1frica. Colabora con varias entidades sociales a favor de los derechos humanos y es testigo directo del drama de la migraci\u00f3n en las llegadas e intentos de salto a la valla de Ceuta de personas migrantes de origen subsahariano que habitan en los bosques marroqu\u00edes cerca de Ceuta, en la frontera sur de Europa.\",\"url\":\"https:\/\/www.pressenza.com\/es\/author\/antonio-sempere\/\"}]}<\/script>\n<!-- \/ Yoast SEO plugin. -->","yoast_head_json":{"title":"10 a\u00f1os despu\u00e9s del 6F: el nicho 147 y la incansable lucha por justicia en la tragedia de la playa del Tarajal","description":"En los tranquilos y pl\u00e1cidos pasajes del cementerio de Santa Catalina en Ceuta, situado en el patio de Santa Beatriz de Silva, se extiende un interminable","robots":{"index":"index","follow":"follow","max-snippet":"max-snippet:-1","max-image-preview":"max-image-preview:large","max-video-preview":"max-video-preview:-1"},"canonical":"https:\/\/www.pressenza.com\/es\/2024\/02\/10-anos-despues-del-6f-el-nicho-147-y-la-incansable-lucha-por-justicia-en-la-tragedia-de-la-playa-del-tarajal\/","og_locale":"es_ES","og_type":"article","og_title":"10 a\u00f1os despu\u00e9s del 6F: el nicho 147 y la incansable lucha por justicia en la tragedia de la playa del Tarajal","og_description":"En los tranquilos y pl\u00e1cidos pasajes del cementerio de Santa Catalina en Ceuta, situado en el patio de Santa Beatriz de Silva, se extiende un interminable","og_url":"https:\/\/www.pressenza.com\/es\/2024\/02\/10-anos-despues-del-6f-el-nicho-147-y-la-incansable-lucha-por-justicia-en-la-tragedia-de-la-playa-del-tarajal\/","og_site_name":"Pressenza","article_publisher":"https:\/\/www.facebook.com\/PressenzaItalia","article_published_time":"2024-02-08T18:01:20+00:00","og_image":[{"width":1920,"height":1080,"url":"https:\/\/www.pressenza.com\/wp-content\/uploads\/2024\/02\/IMG_8541.jpg","type":"image\/jpeg"}],"author":"Antonio Sempere","twitter_card":"summary_large_image","twitter_creator":"@PressenzaIPA","twitter_site":"@PressenzaIPA","twitter_misc":{"Escrito por":"Antonio Sempere","Tiempo de lectura":"10 minutos"},"schema":{"@context":"https:\/\/schema.org","@graph":[{"@type":"Article","@id":"https:\/\/www.pressenza.com\/es\/2024\/02\/10-anos-despues-del-6f-el-nicho-147-y-la-incansable-lucha-por-justicia-en-la-tragedia-de-la-playa-del-tarajal\/#article","isPartOf":{"@id":"https:\/\/www.pressenza.com\/es\/2024\/02\/10-anos-despues-del-6f-el-nicho-147-y-la-incansable-lucha-por-justicia-en-la-tragedia-de-la-playa-del-tarajal\/"},"author":{"name":"Antonio Sempere","@id":"https:\/\/www.pressenza.com\/es\/#\/schema\/person\/6021a6c078ef7fdd30d1146ed721bb86"},"headline":"10 a\u00f1os despu\u00e9s del 6F: el nicho 147 y la incansable lucha por justicia en la tragedia de la playa del Tarajal","datePublished":"2024-02-08T18:01:20+00:00","mainEntityOfPage":{"@id":"https:\/\/www.pressenza.com\/es\/2024\/02\/10-anos-despues-del-6f-el-nicho-147-y-la-incansable-lucha-por-justicia-en-la-tragedia-de-la-playa-del-tarajal\/"},"wordCount":2135,"publisher":{"@id":"https:\/\/www.pressenza.com\/es\/#organization"},"image":{"@id":"https:\/\/www.pressenza.com\/es\/2024\/02\/10-anos-despues-del-6f-el-nicho-147-y-la-incansable-lucha-por-justicia-en-la-tragedia-de-la-playa-del-tarajal\/#primaryimage"},"thumbnailUrl":"https:\/\/www.pressenza.com\/wp-content\/uploads\/2024\/02\/IMG_8541.jpg","keywords":["2014","frontera sur","muertes El Tarajal","Valla de Ceuta"],"articleSection":["Contenido Original","Derechos Humanos","Europa","Migrantes","Noticia"],"inLanguage":"es"},{"@type":"WebPage","@id":"https:\/\/www.pressenza.com\/es\/2024\/02\/10-anos-despues-del-6f-el-nicho-147-y-la-incansable-lucha-por-justicia-en-la-tragedia-de-la-playa-del-tarajal\/","url":"https:\/\/www.pressenza.com\/es\/2024\/02\/10-anos-despues-del-6f-el-nicho-147-y-la-incansable-lucha-por-justicia-en-la-tragedia-de-la-playa-del-tarajal\/","name":"10 a\u00f1os despu\u00e9s del 6F: el nicho 147 y la incansable lucha por justicia en la tragedia de la playa del Tarajal","isPartOf":{"@id":"https:\/\/www.pressenza.com\/es\/#website"},"primaryImageOfPage":{"@id":"https:\/\/www.pressenza.com\/es\/2024\/02\/10-anos-despues-del-6f-el-nicho-147-y-la-incansable-lucha-por-justicia-en-la-tragedia-de-la-playa-del-tarajal\/#primaryimage"},"image":{"@id":"https:\/\/www.pressenza.com\/es\/2024\/02\/10-anos-despues-del-6f-el-nicho-147-y-la-incansable-lucha-por-justicia-en-la-tragedia-de-la-playa-del-tarajal\/#primaryimage"},"thumbnailUrl":"https:\/\/www.pressenza.com\/wp-content\/uploads\/2024\/02\/IMG_8541.jpg","datePublished":"2024-02-08T18:01:20+00:00","description":"En los tranquilos y pl\u00e1cidos pasajes del cementerio de Santa Catalina en Ceuta, situado en el patio de Santa Beatriz de Silva, se extiende un interminable","breadcrumb":{"@id":"https:\/\/www.pressenza.com\/es\/2024\/02\/10-anos-despues-del-6f-el-nicho-147-y-la-incansable-lucha-por-justicia-en-la-tragedia-de-la-playa-del-tarajal\/#breadcrumb"},"inLanguage":"es","potentialAction":[{"@type":"ReadAction","target":["https:\/\/www.pressenza.com\/es\/2024\/02\/10-anos-despues-del-6f-el-nicho-147-y-la-incansable-lucha-por-justicia-en-la-tragedia-de-la-playa-del-tarajal\/"]}]},{"@type":"ImageObject","inLanguage":"es","@id":"https:\/\/www.pressenza.com\/es\/2024\/02\/10-anos-despues-del-6f-el-nicho-147-y-la-incansable-lucha-por-justicia-en-la-tragedia-de-la-playa-del-tarajal\/#primaryimage","url":"https:\/\/www.pressenza.com\/wp-content\/uploads\/2024\/02\/IMG_8541.jpg","contentUrl":"https:\/\/www.pressenza.com\/wp-content\/uploads\/2024\/02\/IMG_8541.jpg","width":1920,"height":1080},{"@type":"BreadcrumbList","@id":"https:\/\/www.pressenza.com\/es\/2024\/02\/10-anos-despues-del-6f-el-nicho-147-y-la-incansable-lucha-por-justicia-en-la-tragedia-de-la-playa-del-tarajal\/#breadcrumb","itemListElement":[{"@type":"ListItem","position":1,"name":"Accueil","item":"https:\/\/www.pressenza.com\/es\/"},{"@type":"ListItem","position":2,"name":"10 a\u00f1os despu\u00e9s del 6F: el nicho 147 y la incansable lucha por justicia en la tragedia de la playa del Tarajal"}]},{"@type":"WebSite","@id":"https:\/\/www.pressenza.com\/es\/#website","url":"https:\/\/www.pressenza.com\/es\/","name":"Pressenza","description":"International Press Agency","publisher":{"@id":"https:\/\/www.pressenza.com\/es\/#organization"},"potentialAction":[{"@type":"SearchAction","target":{"@type":"EntryPoint","urlTemplate":"https:\/\/www.pressenza.com\/es\/?s={search_term_string}"},"query-input":{"@type":"PropertyValueSpecification","valueRequired":true,"valueName":"search_term_string"}}],"inLanguage":"es"},{"@type":"Organization","@id":"https:\/\/www.pressenza.com\/es\/#organization","name":"Pressenza","url":"https:\/\/www.pressenza.com\/es\/","logo":{"@type":"ImageObject","inLanguage":"es","@id":"https:\/\/www.pressenza.com\/es\/#\/schema\/logo\/image\/","url":"https:\/\/www.pressenza.com\/wp-content\/uploads\/2022\/10\/pressenza_logo_200x200.jpg","contentUrl":"https:\/\/www.pressenza.com\/wp-content\/uploads\/2022\/10\/pressenza_logo_200x200.jpg","width":200,"height":200,"caption":"Pressenza"},"image":{"@id":"https:\/\/www.pressenza.com\/es\/#\/schema\/logo\/image\/"},"sameAs":["https:\/\/www.facebook.com\/PressenzaItalia","https:\/\/x.com\/PressenzaIPA"]},{"@type":"Person","@id":"https:\/\/www.pressenza.com\/es\/#\/schema\/person\/6021a6c078ef7fdd30d1146ed721bb86","name":"Antonio Sempere","description":"Antonio Sempere (Ceuta 1966) es foto periodista nacido en Ceuta y trabaja como freelance para agencias internacionales de prensa, entre ellas France Press (AFP) y Europa Press y es corresponsal de Pressenza en el norte de \u00c1frica. Colabora con varias entidades sociales a favor de los derechos humanos y es testigo directo del drama de la migraci\u00f3n en las llegadas e intentos de salto a la valla de Ceuta de personas migrantes de origen subsahariano que habitan en los bosques marroqu\u00edes cerca de Ceuta, en la frontera sur de Europa.","url":"https:\/\/www.pressenza.com\/es\/author\/antonio-sempere\/"}]}},"place":"Ceuta, Espa\u00f1a","original_article_url":"","_links":{"self":[{"href":"https:\/\/www.pressenza.com\/es\/wp-json\/wp\/v2\/posts\/1797478","targetHints":{"allow":["GET"]}}],"collection":[{"href":"https:\/\/www.pressenza.com\/es\/wp-json\/wp\/v2\/posts"}],"about":[{"href":"https:\/\/www.pressenza.com\/es\/wp-json\/wp\/v2\/types\/post"}],"author":[{"embeddable":true,"href":"https:\/\/www.pressenza.com\/es\/wp-json\/wp\/v2\/users\/1279"}],"replies":[{"embeddable":true,"href":"https:\/\/www.pressenza.com\/es\/wp-json\/wp\/v2\/comments?post=1797478"}],"version-history":[{"count":0,"href":"https:\/\/www.pressenza.com\/es\/wp-json\/wp\/v2\/posts\/1797478\/revisions"}],"wp:featuredmedia":[{"embeddable":true,"href":"https:\/\/www.pressenza.com\/es\/wp-json\/wp\/v2\/media\/1797944"}],"wp:attachment":[{"href":"https:\/\/www.pressenza.com\/es\/wp-json\/wp\/v2\/media?parent=1797478"}],"wp:term":[{"taxonomy":"category","embeddable":true,"href":"https:\/\/www.pressenza.com\/es\/wp-json\/wp\/v2\/categories?post=1797478"},{"taxonomy":"post_tag","embeddable":true,"href":"https:\/\/www.pressenza.com\/es\/wp-json\/wp\/v2\/tags?post=1797478"}],"curies":[{"name":"wp","href":"https:\/\/api.w.org\/{rel}","templated":true}]}}