{"id":1796284,"date":"2024-01-31T02:46:17","date_gmt":"2024-01-31T02:46:17","guid":{"rendered":"https:\/\/www.pressenza.com\/?p=1796284"},"modified":"2024-01-31T02:46:17","modified_gmt":"2024-01-31T02:46:17","slug":"basta-de-tortura-y-tratos-inhumanos-en-las-fronteras-europeas","status":"publish","type":"post","link":"https:\/\/www.pressenza.com\/es\/2024\/01\/basta-de-tortura-y-tratos-inhumanos-en-las-fronteras-europeas\/","title":{"rendered":"Basta de tortura y tratos inhumanos en las fronteras europeas"},"content":{"rendered":"<p>Bajo el t\u00edtulo \u00abArt\u00edculo 4: Stop a la tortura y los tratos inhumanos en las fronteras de Europa\u00bb, se ha lanzado una Iniciativa Ciudadana Europea y se hace un llamamiento para la movilizaci\u00f3n de asociaciones, movimientos, comit\u00e9s, partidos y activistas voluntarios para suscribirla y difundirla.<\/p>\n<p>La iniciativa ha sido puesta en marcha por la red de activistas Stop Border Violence, una<br \/>\nasociaci\u00f3n creada en enero del a\u00f1o pasado. Su objetivo es reunir un mill\u00f3n de firmas para obligar<br \/>\na la Comisi\u00f3n Europea a garantizar y aplicar las disposiciones del art. 4 de la Carta de<br \/>\nDerechos Fundamentales de la Uni\u00f3n Europea.<\/p>\n<p>\u00abPedimos a la Comisi\u00f3n Europea que los derechos humanos consagrados en la Carta fundacional<br \/>\nde la propia Uni\u00f3n, se garanticen a todos y, en particular, a las personas m\u00e1s fr\u00e1giles, que huyen de<br \/>\nlos conflictos, las discriminaciones graves, el cambio clim\u00e1tico, es decir, los migrantes\u00bb, es la principal reivindicaci\u00f3n de la acci\u00f3n\u00bb.<\/p>\n<p>\u00abLa fortaleza Europa ha dejado de ser una mera figura ret\u00f3rica para convertirse en una dram\u00e1tica realidad en la que, de cara a la celebraci\u00f3n anual del D\u00eda Mundial de los Derechos Humanos (10 de diciembre) asistimos a violaciones cada vez m\u00e1s frecuentes y sistem\u00e1ticas de los derechos humanos suplantadas por el cinismo, la hostilidad, la indiferencia y la violencia\u00bb, reza adem\u00e1s el llamamiento.<\/p>\n<p>El texto completo del manifiesto puede consultarse en www.stopborderviolence.org.<\/p>\n<p>Para a\u00f1adir su firma, acceda <a href=\"https:\/\/eci.ec.europa.eu\/032\/public\/\">aqu\u00ed<\/a><\/p>\n<p>&nbsp;<\/p>\n","protected":false},"excerpt":{"rendered":"<p>Bajo el t\u00edtulo \u00abArt\u00edculo 4: Stop a la tortura y los tratos inhumanos en las fronteras de Europa\u00bb, se ha lanzado una Iniciativa Ciudadana Europea y se hace un llamamiento para la movilizaci\u00f3n de asociaciones, movimientos, comit\u00e9s, partidos y activistas&hellip;<\/p>\n","protected":false},"author":19,"featured_media":1796225,"comment_status":"closed","ping_status":"closed","sticky":false,"template":"","format":"standard","meta":{"footnotes":""},"categories":[11389,79,66,54574],"tags":[119684,54175,26299],"class_list":["post-1796284","post","type-post","status-publish","format-standard","has-post-thumbnail","hentry","category-contenido-original","category-derechos-humanos","category-europa-es","category-migrantes-es","tag-fronteras-europeas","tag-migrantes-es","tag-no-violencia"],"yoast_head":"<!-- This site is optimized with the Yoast SEO plugin v27.1.1 - https:\/\/yoast.com\/product\/yoast-seo-wordpress\/ -->\n<title>Basta de tortura y tratos inhumanos en las fronteras europeas<\/title>\n<meta name=\"description\" content=\"Bajo el t\u00edtulo &quot;Art\u00edculo 4: Stop a la tortura y los tratos inhumanos en las fronteras de Europa&quot;, se ha lanzado una Iniciativa Ciudadana Europea y se hace\" \/>\n<meta name=\"robots\" content=\"index, follow, max-snippet:-1, max-image-preview:large, max-video-preview:-1\" \/>\n<link rel=\"canonical\" href=\"https:\/\/www.pressenza.com\/es\/2024\/01\/basta-de-tortura-y-tratos-inhumanos-en-las-fronteras-europeas\/\" \/>\n<meta property=\"og:locale\" content=\"es_ES\" \/>\n<meta property=\"og:type\" content=\"article\" \/>\n<meta property=\"og:title\" content=\"Basta de tortura y tratos inhumanos en las fronteras europeas\" \/>\n<meta property=\"og:description\" content=\"Bajo el t\u00edtulo &quot;Art\u00edculo 4: Stop a la tortura y los tratos inhumanos en las fronteras de Europa&quot;, se ha lanzado una Iniciativa Ciudadana Europea y se hace\" \/>\n<meta property=\"og:url\" content=\"https:\/\/www.pressenza.com\/es\/2024\/01\/basta-de-tortura-y-tratos-inhumanos-en-las-fronteras-europeas\/\" \/>\n<meta property=\"og:site_name\" content=\"Pressenza\" \/>\n<meta property=\"article:publisher\" content=\"https:\/\/www.facebook.com\/PressenzaItalia\" \/>\n<meta property=\"article:author\" content=\"https:\/\/www.facebook.com\/pressenza\" \/>\n<meta property=\"article:published_time\" content=\"2024-01-31T02:46:17+00:00\" \/>\n<meta property=\"og:image\" content=\"https:\/\/www.pressenza.com\/wp-content\/uploads\/2024\/01\/stop-border-violence-820x507-1.jpeg\" \/>\n\t<meta property=\"og:image:width\" content=\"820\" \/>\n\t<meta property=\"og:image:height\" content=\"507\" \/>\n\t<meta property=\"og:image:type\" content=\"image\/jpeg\" \/>\n<meta name=\"author\" content=\"Pressenza IPA\" \/>\n<meta name=\"twitter:card\" content=\"summary_large_image\" \/>\n<meta name=\"twitter:creator\" content=\"@PressenzaIPA\" \/>\n<meta name=\"twitter:site\" content=\"@PressenzaIPA\" \/>\n<meta name=\"twitter:label1\" content=\"Escrito por\" \/>\n\t<meta name=\"twitter:data1\" content=\"Pressenza IPA\" \/>\n\t<meta name=\"twitter:label2\" content=\"Tiempo de lectura\" \/>\n\t<meta name=\"twitter:data2\" content=\"2 minutos\" \/>\n<script type=\"application\/ld+json\" class=\"yoast-schema-graph\">{\"@context\":\"https:\/\/schema.org\",\"@graph\":[{\"@type\":\"Article\",\"@id\":\"https:\/\/www.pressenza.com\/es\/2024\/01\/basta-de-tortura-y-tratos-inhumanos-en-las-fronteras-europeas\/#article\",\"isPartOf\":{\"@id\":\"https:\/\/www.pressenza.com\/es\/2024\/01\/basta-de-tortura-y-tratos-inhumanos-en-las-fronteras-europeas\/\"},\"author\":{\"name\":\"Pressenza IPA\",\"@id\":\"https:\/\/www.pressenza.com\/es\/#\/schema\/person\/010e5d02bcf40965427a1289a4cc8d75\"},\"headline\":\"Basta de tortura y tratos inhumanos en las fronteras europeas\",\"datePublished\":\"2024-01-31T02:46:17+00:00\",\"mainEntityOfPage\":{\"@id\":\"https:\/\/www.pressenza.com\/es\/2024\/01\/basta-de-tortura-y-tratos-inhumanos-en-las-fronteras-europeas\/\"},\"wordCount\":266,\"publisher\":{\"@id\":\"https:\/\/www.pressenza.com\/es\/#organization\"},\"image\":{\"@id\":\"https:\/\/www.pressenza.com\/es\/2024\/01\/basta-de-tortura-y-tratos-inhumanos-en-las-fronteras-europeas\/#primaryimage\"},\"thumbnailUrl\":\"https:\/\/www.pressenza.com\/wp-content\/uploads\/2024\/01\/stop-border-violence-820x507-1.jpeg\",\"keywords\":[\"fronteras europeas\",\"migrantes\",\"No violencia\"],\"articleSection\":[\"Contenido Original\",\"Derechos Humanos\",\"Europa\",\"Migrantes\"],\"inLanguage\":\"es\"},{\"@type\":\"WebPage\",\"@id\":\"https:\/\/www.pressenza.com\/es\/2024\/01\/basta-de-tortura-y-tratos-inhumanos-en-las-fronteras-europeas\/\",\"url\":\"https:\/\/www.pressenza.com\/es\/2024\/01\/basta-de-tortura-y-tratos-inhumanos-en-las-fronteras-europeas\/\",\"name\":\"Basta de tortura y tratos inhumanos en las fronteras europeas\",\"isPartOf\":{\"@id\":\"https:\/\/www.pressenza.com\/es\/#website\"},\"primaryImageOfPage\":{\"@id\":\"https:\/\/www.pressenza.com\/es\/2024\/01\/basta-de-tortura-y-tratos-inhumanos-en-las-fronteras-europeas\/#primaryimage\"},\"image\":{\"@id\":\"https:\/\/www.pressenza.com\/es\/2024\/01\/basta-de-tortura-y-tratos-inhumanos-en-las-fronteras-europeas\/#primaryimage\"},\"thumbnailUrl\":\"https:\/\/www.pressenza.com\/wp-content\/uploads\/2024\/01\/stop-border-violence-820x507-1.jpeg\",\"datePublished\":\"2024-01-31T02:46:17+00:00\",\"description\":\"Bajo el t\u00edtulo \\\"Art\u00edculo 4: Stop a la tortura y los tratos inhumanos en las fronteras de Europa\\\", se ha lanzado una Iniciativa Ciudadana Europea y se hace\",\"breadcrumb\":{\"@id\":\"https:\/\/www.pressenza.com\/es\/2024\/01\/basta-de-tortura-y-tratos-inhumanos-en-las-fronteras-europeas\/#breadcrumb\"},\"inLanguage\":\"es\",\"potentialAction\":[{\"@type\":\"ReadAction\",\"target\":[\"https:\/\/www.pressenza.com\/es\/2024\/01\/basta-de-tortura-y-tratos-inhumanos-en-las-fronteras-europeas\/\"]}]},{\"@type\":\"ImageObject\",\"inLanguage\":\"es\",\"@id\":\"https:\/\/www.pressenza.com\/es\/2024\/01\/basta-de-tortura-y-tratos-inhumanos-en-las-fronteras-europeas\/#primaryimage\",\"url\":\"https:\/\/www.pressenza.com\/wp-content\/uploads\/2024\/01\/stop-border-violence-820x507-1.jpeg\",\"contentUrl\":\"https:\/\/www.pressenza.com\/wp-content\/uploads\/2024\/01\/stop-border-violence-820x507-1.jpeg\",\"width\":820,\"height\":507},{\"@type\":\"BreadcrumbList\",\"@id\":\"https:\/\/www.pressenza.com\/es\/2024\/01\/basta-de-tortura-y-tratos-inhumanos-en-las-fronteras-europeas\/#breadcrumb\",\"itemListElement\":[{\"@type\":\"ListItem\",\"position\":1,\"name\":\"Accueil\",\"item\":\"https:\/\/www.pressenza.com\/es\/\"},{\"@type\":\"ListItem\",\"position\":2,\"name\":\"Basta de tortura y tratos inhumanos en las fronteras europeas\"}]},{\"@type\":\"WebSite\",\"@id\":\"https:\/\/www.pressenza.com\/es\/#website\",\"url\":\"https:\/\/www.pressenza.com\/es\/\",\"name\":\"Pressenza\",\"description\":\"International Press Agency\",\"publisher\":{\"@id\":\"https:\/\/www.pressenza.com\/es\/#organization\"},\"potentialAction\":[{\"@type\":\"SearchAction\",\"target\":{\"@type\":\"EntryPoint\",\"urlTemplate\":\"https:\/\/www.pressenza.com\/es\/?s={search_term_string}\"},\"query-input\":{\"@type\":\"PropertyValueSpecification\",\"valueRequired\":true,\"valueName\":\"search_term_string\"}}],\"inLanguage\":\"es\"},{\"@type\":\"Organization\",\"@id\":\"https:\/\/www.pressenza.com\/es\/#organization\",\"name\":\"Pressenza\",\"url\":\"https:\/\/www.pressenza.com\/es\/\",\"logo\":{\"@type\":\"ImageObject\",\"inLanguage\":\"es\",\"@id\":\"https:\/\/www.pressenza.com\/es\/#\/schema\/logo\/image\/\",\"url\":\"https:\/\/www.pressenza.com\/wp-content\/uploads\/2022\/10\/pressenza_logo_200x200.jpg\",\"contentUrl\":\"https:\/\/www.pressenza.com\/wp-content\/uploads\/2022\/10\/pressenza_logo_200x200.jpg\",\"width\":200,\"height\":200,\"caption\":\"Pressenza\"},\"image\":{\"@id\":\"https:\/\/www.pressenza.com\/es\/#\/schema\/logo\/image\/\"},\"sameAs\":[\"https:\/\/www.facebook.com\/PressenzaItalia\",\"https:\/\/x.com\/PressenzaIPA\"]},{\"@type\":\"Person\",\"@id\":\"https:\/\/www.pressenza.com\/es\/#\/schema\/person\/010e5d02bcf40965427a1289a4cc8d75\",\"name\":\"Pressenza IPA\",\"description\":\"News from Pressenza IPA correspondents\",\"sameAs\":[\"https:\/\/www.facebook.com\/pressenza\",\"https:\/\/x.com\/PressenzaIPA\"],\"url\":\"https:\/\/www.pressenza.com\/es\/author\/pressenza-ipa\/\"}]}<\/script>\n<!-- \/ Yoast SEO plugin. -->","yoast_head_json":{"title":"Basta de tortura y tratos inhumanos en las fronteras europeas","description":"Bajo el t\u00edtulo \"Art\u00edculo 4: Stop a la tortura y los tratos inhumanos en las fronteras de Europa\", se ha lanzado una Iniciativa Ciudadana Europea y se hace","robots":{"index":"index","follow":"follow","max-snippet":"max-snippet:-1","max-image-preview":"max-image-preview:large","max-video-preview":"max-video-preview:-1"},"canonical":"https:\/\/www.pressenza.com\/es\/2024\/01\/basta-de-tortura-y-tratos-inhumanos-en-las-fronteras-europeas\/","og_locale":"es_ES","og_type":"article","og_title":"Basta de tortura y tratos inhumanos en las fronteras europeas","og_description":"Bajo el t\u00edtulo \"Art\u00edculo 4: Stop a la tortura y los tratos inhumanos en las fronteras de Europa\", se ha lanzado una Iniciativa Ciudadana Europea y se hace","og_url":"https:\/\/www.pressenza.com\/es\/2024\/01\/basta-de-tortura-y-tratos-inhumanos-en-las-fronteras-europeas\/","og_site_name":"Pressenza","article_publisher":"https:\/\/www.facebook.com\/PressenzaItalia","article_author":"https:\/\/www.facebook.com\/pressenza","article_published_time":"2024-01-31T02:46:17+00:00","og_image":[{"width":820,"height":507,"url":"https:\/\/www.pressenza.com\/wp-content\/uploads\/2024\/01\/stop-border-violence-820x507-1.jpeg","type":"image\/jpeg"}],"author":"Pressenza IPA","twitter_card":"summary_large_image","twitter_creator":"@PressenzaIPA","twitter_site":"@PressenzaIPA","twitter_misc":{"Escrito por":"Pressenza IPA","Tiempo de lectura":"2 minutos"},"schema":{"@context":"https:\/\/schema.org","@graph":[{"@type":"Article","@id":"https:\/\/www.pressenza.com\/es\/2024\/01\/basta-de-tortura-y-tratos-inhumanos-en-las-fronteras-europeas\/#article","isPartOf":{"@id":"https:\/\/www.pressenza.com\/es\/2024\/01\/basta-de-tortura-y-tratos-inhumanos-en-las-fronteras-europeas\/"},"author":{"name":"Pressenza IPA","@id":"https:\/\/www.pressenza.com\/es\/#\/schema\/person\/010e5d02bcf40965427a1289a4cc8d75"},"headline":"Basta de tortura y tratos inhumanos en las fronteras europeas","datePublished":"2024-01-31T02:46:17+00:00","mainEntityOfPage":{"@id":"https:\/\/www.pressenza.com\/es\/2024\/01\/basta-de-tortura-y-tratos-inhumanos-en-las-fronteras-europeas\/"},"wordCount":266,"publisher":{"@id":"https:\/\/www.pressenza.com\/es\/#organization"},"image":{"@id":"https:\/\/www.pressenza.com\/es\/2024\/01\/basta-de-tortura-y-tratos-inhumanos-en-las-fronteras-europeas\/#primaryimage"},"thumbnailUrl":"https:\/\/www.pressenza.com\/wp-content\/uploads\/2024\/01\/stop-border-violence-820x507-1.jpeg","keywords":["fronteras europeas","migrantes","No violencia"],"articleSection":["Contenido Original","Derechos Humanos","Europa","Migrantes"],"inLanguage":"es"},{"@type":"WebPage","@id":"https:\/\/www.pressenza.com\/es\/2024\/01\/basta-de-tortura-y-tratos-inhumanos-en-las-fronteras-europeas\/","url":"https:\/\/www.pressenza.com\/es\/2024\/01\/basta-de-tortura-y-tratos-inhumanos-en-las-fronteras-europeas\/","name":"Basta de tortura y tratos inhumanos en las fronteras europeas","isPartOf":{"@id":"https:\/\/www.pressenza.com\/es\/#website"},"primaryImageOfPage":{"@id":"https:\/\/www.pressenza.com\/es\/2024\/01\/basta-de-tortura-y-tratos-inhumanos-en-las-fronteras-europeas\/#primaryimage"},"image":{"@id":"https:\/\/www.pressenza.com\/es\/2024\/01\/basta-de-tortura-y-tratos-inhumanos-en-las-fronteras-europeas\/#primaryimage"},"thumbnailUrl":"https:\/\/www.pressenza.com\/wp-content\/uploads\/2024\/01\/stop-border-violence-820x507-1.jpeg","datePublished":"2024-01-31T02:46:17+00:00","description":"Bajo el t\u00edtulo \"Art\u00edculo 4: Stop a la tortura y los tratos inhumanos en las fronteras de Europa\", se ha lanzado una Iniciativa Ciudadana Europea y se hace","breadcrumb":{"@id":"https:\/\/www.pressenza.com\/es\/2024\/01\/basta-de-tortura-y-tratos-inhumanos-en-las-fronteras-europeas\/#breadcrumb"},"inLanguage":"es","potentialAction":[{"@type":"ReadAction","target":["https:\/\/www.pressenza.com\/es\/2024\/01\/basta-de-tortura-y-tratos-inhumanos-en-las-fronteras-europeas\/"]}]},{"@type":"ImageObject","inLanguage":"es","@id":"https:\/\/www.pressenza.com\/es\/2024\/01\/basta-de-tortura-y-tratos-inhumanos-en-las-fronteras-europeas\/#primaryimage","url":"https:\/\/www.pressenza.com\/wp-content\/uploads\/2024\/01\/stop-border-violence-820x507-1.jpeg","contentUrl":"https:\/\/www.pressenza.com\/wp-content\/uploads\/2024\/01\/stop-border-violence-820x507-1.jpeg","width":820,"height":507},{"@type":"BreadcrumbList","@id":"https:\/\/www.pressenza.com\/es\/2024\/01\/basta-de-tortura-y-tratos-inhumanos-en-las-fronteras-europeas\/#breadcrumb","itemListElement":[{"@type":"ListItem","position":1,"name":"Accueil","item":"https:\/\/www.pressenza.com\/es\/"},{"@type":"ListItem","position":2,"name":"Basta de tortura y tratos inhumanos en las fronteras europeas"}]},{"@type":"WebSite","@id":"https:\/\/www.pressenza.com\/es\/#website","url":"https:\/\/www.pressenza.com\/es\/","name":"Pressenza","description":"International Press Agency","publisher":{"@id":"https:\/\/www.pressenza.com\/es\/#organization"},"potentialAction":[{"@type":"SearchAction","target":{"@type":"EntryPoint","urlTemplate":"https:\/\/www.pressenza.com\/es\/?s={search_term_string}"},"query-input":{"@type":"PropertyValueSpecification","valueRequired":true,"valueName":"search_term_string"}}],"inLanguage":"es"},{"@type":"Organization","@id":"https:\/\/www.pressenza.com\/es\/#organization","name":"Pressenza","url":"https:\/\/www.pressenza.com\/es\/","logo":{"@type":"ImageObject","inLanguage":"es","@id":"https:\/\/www.pressenza.com\/es\/#\/schema\/logo\/image\/","url":"https:\/\/www.pressenza.com\/wp-content\/uploads\/2022\/10\/pressenza_logo_200x200.jpg","contentUrl":"https:\/\/www.pressenza.com\/wp-content\/uploads\/2022\/10\/pressenza_logo_200x200.jpg","width":200,"height":200,"caption":"Pressenza"},"image":{"@id":"https:\/\/www.pressenza.com\/es\/#\/schema\/logo\/image\/"},"sameAs":["https:\/\/www.facebook.com\/PressenzaItalia","https:\/\/x.com\/PressenzaIPA"]},{"@type":"Person","@id":"https:\/\/www.pressenza.com\/es\/#\/schema\/person\/010e5d02bcf40965427a1289a4cc8d75","name":"Pressenza IPA","description":"News from Pressenza IPA correspondents","sameAs":["https:\/\/www.facebook.com\/pressenza","https:\/\/x.com\/PressenzaIPA"],"url":"https:\/\/www.pressenza.com\/es\/author\/pressenza-ipa\/"}]}},"place":"","original_article_url":"","_links":{"self":[{"href":"https:\/\/www.pressenza.com\/es\/wp-json\/wp\/v2\/posts\/1796284","targetHints":{"allow":["GET"]}}],"collection":[{"href":"https:\/\/www.pressenza.com\/es\/wp-json\/wp\/v2\/posts"}],"about":[{"href":"https:\/\/www.pressenza.com\/es\/wp-json\/wp\/v2\/types\/post"}],"author":[{"embeddable":true,"href":"https:\/\/www.pressenza.com\/es\/wp-json\/wp\/v2\/users\/19"}],"replies":[{"embeddable":true,"href":"https:\/\/www.pressenza.com\/es\/wp-json\/wp\/v2\/comments?post=1796284"}],"version-history":[{"count":0,"href":"https:\/\/www.pressenza.com\/es\/wp-json\/wp\/v2\/posts\/1796284\/revisions"}],"wp:featuredmedia":[{"embeddable":true,"href":"https:\/\/www.pressenza.com\/es\/wp-json\/wp\/v2\/media\/1796225"}],"wp:attachment":[{"href":"https:\/\/www.pressenza.com\/es\/wp-json\/wp\/v2\/media?parent=1796284"}],"wp:term":[{"taxonomy":"category","embeddable":true,"href":"https:\/\/www.pressenza.com\/es\/wp-json\/wp\/v2\/categories?post=1796284"},{"taxonomy":"post_tag","embeddable":true,"href":"https:\/\/www.pressenza.com\/es\/wp-json\/wp\/v2\/tags?post=1796284"}],"curies":[{"name":"wp","href":"https:\/\/api.w.org\/{rel}","templated":true}]}}