{"id":1796223,"date":"2024-01-30T17:41:05","date_gmt":"2024-01-30T17:41:05","guid":{"rendered":"https:\/\/www.pressenza.com\/?p=1796223"},"modified":"2024-01-30T17:41:05","modified_gmt":"2024-01-30T17:41:05","slug":"rescatemos-europa-stop-violencia-en-las-fronteras","status":"publish","type":"post","link":"https:\/\/www.pressenza.com\/es\/2024\/01\/rescatemos-europa-stop-violencia-en-las-fronteras\/","title":{"rendered":"\u00a1Rescatemos Europa! Stop violencia en las fronteras"},"content":{"rendered":"<p><strong>Iniciativa ciudadana europea, de acuerdo con el reglamento UE 2019\/788<\/strong><\/p>\n<p><em>\u201cLa Uni\u00f3n Europea se basa en los valores indivisibles y universales de la dignidad humana, la libertad, la igualdad y la solidaridad\u201d<\/em>, as\u00ed reza el pre\u00e1mbulo de la Carta de los Derechos Fundamentales de la UE.<\/p>\n<p>Sin embargo, durante a\u00f1os hemos sido testigos de la continua y sistem\u00e1tica violaci\u00f3n de estos principios. Ejemplos innegables de ello son la militarizaci\u00f3n y externalizaci\u00f3n de las fronteras interiores y exteriores, las brutales devoluciones, y la violencia perpetrada dentro de los Estados miembros y en terceros pa\u00edses con los que Europa ha establecido acuerdos para impedir la entrada en su territorio de solicitantes de asilo. Desde hace tiempo en Croacia, Francia, Grecia, Italia y Espa\u00f1a as\u00ed como en Libia y Turqu\u00eda, se ha suspendido la vigencia de los drechos humanos violando despiadadamente los mismos. Los abusos, la arbitrariedad y las diferentes formas de violencia se han convertido en el rasgo dominante de la \u201cgovernance\u201d europea en la gesti\u00f3n del fen\u00f3meno migratorio.<\/p>\n<p>Los ciudadanos europeos tenemos la obligaci\u00f3n de actuar para exigir a Europa que vuelva a dar sentido a las solemnes palabras firmadas en el a\u00f1o 2000 en Niza por los jefes de Estado y de Gobierno de nuestros pa\u00edses. Ha llegado la hora de que todos aquellos que rechazan las violaciones de los derechos fundamentales, las torturas y abusos contra seres humanos indefensos, culpables \u00fanicamente de buscar una vida digna y una esperanza de futuro, lejos de sus pa\u00edses de origen se unan en una acci\u00f3n pol\u00edtica com\u00fan.<\/p>\n<p><strong>En primer lugar solicitamos la Uni\u00f3n Europea que:<\/strong><\/p>\n<p><em>Actue por medio de una acci\u00f3n concreta dirigida a garantizar el pleno cumplimiento por parte de sus miembros del art\u00edculo 4 de la Carta de los Derechos Fundamentales de la UE que establece que NADIE puede ser sometido a tortura ni a penas ni a tratos inhumanos o degradantes.<\/em><\/p>\n<p><strong>Y adem\u00e1s que proteja a las personas migrantes o solicitantes de asilo:<\/strong><\/p>\n<ul>\n<li>estableciendo mecanismos de control para detectar y detener las vulneraci\u00f3n de los derechos fundamentales as\u00ed como los actos que atentan contra la dignidad humana, tanto en las fronteras como en el espacio com\u00fan europeo;<\/li>\n<li>rescindiendo los acuerdos internacionales actualmente en vigor sobre el control de los flujos migratorios con terceros pa\u00edses, culpables de graves violaciones de los derechos humanos as\u00ed como NO pact\u00e1ndo dichos tratados en el futuro;<\/li>\n<li>estableciendo est\u00e1ndares m\u00ednimos de acogida que sean v\u00e1lidos para todos los pa\u00edses miembros y para todo el periodo de estancia de las personas migrantes o solicitantes de asilo en sus territorios;<\/li>\n<li>estableciendo, si fuese necesario, sanciones espec\u00edficas en caso de violaci\u00f3n de la normativa de la UE.<\/li>\n<\/ul>\n<p>Gracias a la herramienta del ICE (Iniciativa Ciudadana Europea) un mill\u00f3n de ciudadanos que viven en al menos una cuarta parte de los Estados miembros podr\u00e1n pedir a la Comisi\u00f3n Europea que actu\u00e9 con medidas legislativas para garantizar el respeto del art\u00edculo 4 de la Carta de los Derechos Fundamentales de Europa en el que hemos centrado nuestra petici\u00f3n.<\/p>\n<p>Como ciudadanos europeos, decimos basta a la traici\u00f3n de los y principios expresados en la Carta fundacional de la Uni\u00f3n por parte de nuestros gobiernos.<\/p>\n<p><strong><em>\u00a1Rescatemos Europa!<\/em><\/strong><\/p>\n","protected":false},"excerpt":{"rendered":"<p>Iniciativa ciudadana europea, de acuerdo con el reglamento UE 2019\/788 \u201cLa Uni\u00f3n Europea se basa en los valores indivisibles y universales de la dignidad humana, la libertad, la igualdad y la solidaridad\u201d, as\u00ed reza el pre\u00e1mbulo de la Carta de&hellip;<\/p>\n","protected":false},"author":1681,"featured_media":1796225,"comment_status":"closed","ping_status":"closed","sticky":false,"template":"","format":"standard","meta":{"footnotes":""},"categories":[79,66,54574],"tags":[119677,18270,10920,17934,54175,54708,9806],"class_list":["post-1796223","post","type-post","status-publish","format-standard","has-post-thumbnail","hentry","category-derechos-humanos","category-europa-es","category-migrantes-es","tag-stop-a-la-violencia-fronteriza","tag-comision-europea","tag-fortaleza-europa","tag-iniciativa-ciudadana-europea","tag-migrantes-es","tag-parlamento-europeo-es-2","tag-tortura-es"],"yoast_head":"<!-- This site is optimized with the Yoast SEO plugin v27.1.1 - https:\/\/yoast.com\/product\/yoast-seo-wordpress\/ -->\n<title>\u00a1Rescatemos Europa! Stop violencia en las fronteras<\/title>\n<meta name=\"description\" content=\"Iniciativa ciudadana europea, de acuerdo con el reglamento UE 2019\/788 \u201cLa Uni\u00f3n Europea se basa en los valores indivisibles y universales de la dignidad\" \/>\n<meta name=\"robots\" content=\"index, follow, max-snippet:-1, max-image-preview:large, max-video-preview:-1\" \/>\n<link rel=\"canonical\" href=\"https:\/\/www.pressenza.com\/es\/2024\/01\/rescatemos-europa-stop-violencia-en-las-fronteras\/\" \/>\n<meta property=\"og:locale\" content=\"es_ES\" \/>\n<meta property=\"og:type\" content=\"article\" \/>\n<meta property=\"og:title\" content=\"\u00a1Rescatemos Europa! Stop violencia en las fronteras\" \/>\n<meta property=\"og:description\" content=\"Iniciativa ciudadana europea, de acuerdo con el reglamento UE 2019\/788 \u201cLa Uni\u00f3n Europea se basa en los valores indivisibles y universales de la dignidad\" \/>\n<meta property=\"og:url\" content=\"https:\/\/www.pressenza.com\/es\/2024\/01\/rescatemos-europa-stop-violencia-en-las-fronteras\/\" \/>\n<meta property=\"og:site_name\" content=\"Pressenza\" \/>\n<meta property=\"article:publisher\" content=\"https:\/\/www.facebook.com\/PressenzaItalia\" \/>\n<meta property=\"article:published_time\" content=\"2024-01-30T17:41:05+00:00\" \/>\n<meta property=\"og:image\" content=\"https:\/\/www.pressenza.com\/wp-content\/uploads\/2024\/01\/stop-border-violence-820x507-1.jpeg\" \/>\n\t<meta property=\"og:image:width\" content=\"820\" \/>\n\t<meta property=\"og:image:height\" content=\"507\" \/>\n\t<meta property=\"og:image:type\" content=\"image\/jpeg\" \/>\n<meta name=\"author\" content=\"Redacci\u00f3n Espa\u00f1a\" \/>\n<meta name=\"twitter:card\" content=\"summary_large_image\" \/>\n<meta name=\"twitter:creator\" content=\"@PressenzaIPA\" \/>\n<meta name=\"twitter:site\" content=\"@PressenzaIPA\" \/>\n<meta name=\"twitter:label1\" content=\"Escrito por\" \/>\n\t<meta name=\"twitter:data1\" content=\"Redacci\u00f3n Espa\u00f1a\" \/>\n\t<meta name=\"twitter:label2\" content=\"Tiempo de lectura\" \/>\n\t<meta name=\"twitter:data2\" content=\"3 minutos\" \/>\n<script type=\"application\/ld+json\" class=\"yoast-schema-graph\">{\"@context\":\"https:\/\/schema.org\",\"@graph\":[{\"@type\":\"Article\",\"@id\":\"https:\/\/www.pressenza.com\/es\/2024\/01\/rescatemos-europa-stop-violencia-en-las-fronteras\/#article\",\"isPartOf\":{\"@id\":\"https:\/\/www.pressenza.com\/es\/2024\/01\/rescatemos-europa-stop-violencia-en-las-fronteras\/\"},\"author\":{\"name\":\"Redacci\u00f3n Espa\u00f1a\",\"@id\":\"https:\/\/www.pressenza.com\/es\/#\/schema\/person\/fffbbe2f14495897417f313a954dae23\"},\"headline\":\"\u00a1Rescatemos Europa! Stop violencia en las fronteras\",\"datePublished\":\"2024-01-30T17:41:05+00:00\",\"mainEntityOfPage\":{\"@id\":\"https:\/\/www.pressenza.com\/es\/2024\/01\/rescatemos-europa-stop-violencia-en-las-fronteras\/\"},\"wordCount\":568,\"publisher\":{\"@id\":\"https:\/\/www.pressenza.com\/es\/#organization\"},\"image\":{\"@id\":\"https:\/\/www.pressenza.com\/es\/2024\/01\/rescatemos-europa-stop-violencia-en-las-fronteras\/#primaryimage\"},\"thumbnailUrl\":\"https:\/\/www.pressenza.com\/wp-content\/uploads\/2024\/01\/stop-border-violence-820x507-1.jpeg\",\"keywords\":[\"\\\"Stop a la violencia fronteriza\\\"\",\"Comisi\u00f3n Europea\",\"Fortaleza Europa\",\"Iniciativa Ciudadana Europea\",\"migrantes\",\"Parlamento Europeo\",\"tortura\"],\"articleSection\":[\"Derechos Humanos\",\"Europa\",\"Migrantes\"],\"inLanguage\":\"es\"},{\"@type\":\"WebPage\",\"@id\":\"https:\/\/www.pressenza.com\/es\/2024\/01\/rescatemos-europa-stop-violencia-en-las-fronteras\/\",\"url\":\"https:\/\/www.pressenza.com\/es\/2024\/01\/rescatemos-europa-stop-violencia-en-las-fronteras\/\",\"name\":\"\u00a1Rescatemos Europa! Stop violencia en las fronteras\",\"isPartOf\":{\"@id\":\"https:\/\/www.pressenza.com\/es\/#website\"},\"primaryImageOfPage\":{\"@id\":\"https:\/\/www.pressenza.com\/es\/2024\/01\/rescatemos-europa-stop-violencia-en-las-fronteras\/#primaryimage\"},\"image\":{\"@id\":\"https:\/\/www.pressenza.com\/es\/2024\/01\/rescatemos-europa-stop-violencia-en-las-fronteras\/#primaryimage\"},\"thumbnailUrl\":\"https:\/\/www.pressenza.com\/wp-content\/uploads\/2024\/01\/stop-border-violence-820x507-1.jpeg\",\"datePublished\":\"2024-01-30T17:41:05+00:00\",\"description\":\"Iniciativa ciudadana europea, de acuerdo con el reglamento UE 2019\/788 \u201cLa Uni\u00f3n Europea se basa en los valores indivisibles y universales de la dignidad\",\"breadcrumb\":{\"@id\":\"https:\/\/www.pressenza.com\/es\/2024\/01\/rescatemos-europa-stop-violencia-en-las-fronteras\/#breadcrumb\"},\"inLanguage\":\"es\",\"potentialAction\":[{\"@type\":\"ReadAction\",\"target\":[\"https:\/\/www.pressenza.com\/es\/2024\/01\/rescatemos-europa-stop-violencia-en-las-fronteras\/\"]}]},{\"@type\":\"ImageObject\",\"inLanguage\":\"es\",\"@id\":\"https:\/\/www.pressenza.com\/es\/2024\/01\/rescatemos-europa-stop-violencia-en-las-fronteras\/#primaryimage\",\"url\":\"https:\/\/www.pressenza.com\/wp-content\/uploads\/2024\/01\/stop-border-violence-820x507-1.jpeg\",\"contentUrl\":\"https:\/\/www.pressenza.com\/wp-content\/uploads\/2024\/01\/stop-border-violence-820x507-1.jpeg\",\"width\":820,\"height\":507},{\"@type\":\"BreadcrumbList\",\"@id\":\"https:\/\/www.pressenza.com\/es\/2024\/01\/rescatemos-europa-stop-violencia-en-las-fronteras\/#breadcrumb\",\"itemListElement\":[{\"@type\":\"ListItem\",\"position\":1,\"name\":\"Accueil\",\"item\":\"https:\/\/www.pressenza.com\/es\/\"},{\"@type\":\"ListItem\",\"position\":2,\"name\":\"\u00a1Rescatemos Europa! Stop violencia en las fronteras\"}]},{\"@type\":\"WebSite\",\"@id\":\"https:\/\/www.pressenza.com\/es\/#website\",\"url\":\"https:\/\/www.pressenza.com\/es\/\",\"name\":\"Pressenza\",\"description\":\"International Press Agency\",\"publisher\":{\"@id\":\"https:\/\/www.pressenza.com\/es\/#organization\"},\"potentialAction\":[{\"@type\":\"SearchAction\",\"target\":{\"@type\":\"EntryPoint\",\"urlTemplate\":\"https:\/\/www.pressenza.com\/es\/?s={search_term_string}\"},\"query-input\":{\"@type\":\"PropertyValueSpecification\",\"valueRequired\":true,\"valueName\":\"search_term_string\"}}],\"inLanguage\":\"es\"},{\"@type\":\"Organization\",\"@id\":\"https:\/\/www.pressenza.com\/es\/#organization\",\"name\":\"Pressenza\",\"url\":\"https:\/\/www.pressenza.com\/es\/\",\"logo\":{\"@type\":\"ImageObject\",\"inLanguage\":\"es\",\"@id\":\"https:\/\/www.pressenza.com\/es\/#\/schema\/logo\/image\/\",\"url\":\"https:\/\/www.pressenza.com\/wp-content\/uploads\/2022\/10\/pressenza_logo_200x200.jpg\",\"contentUrl\":\"https:\/\/www.pressenza.com\/wp-content\/uploads\/2022\/10\/pressenza_logo_200x200.jpg\",\"width\":200,\"height\":200,\"caption\":\"Pressenza\"},\"image\":{\"@id\":\"https:\/\/www.pressenza.com\/es\/#\/schema\/logo\/image\/\"},\"sameAs\":[\"https:\/\/www.facebook.com\/PressenzaItalia\",\"https:\/\/x.com\/PressenzaIPA\"]},{\"@type\":\"Person\",\"@id\":\"https:\/\/www.pressenza.com\/es\/#\/schema\/person\/fffbbe2f14495897417f313a954dae23\",\"name\":\"Redacci\u00f3n Espa\u00f1a\",\"url\":\"https:\/\/www.pressenza.com\/es\/author\/redaccion-espana\/\"}]}<\/script>\n<!-- \/ Yoast SEO plugin. -->","yoast_head_json":{"title":"\u00a1Rescatemos Europa! Stop violencia en las fronteras","description":"Iniciativa ciudadana europea, de acuerdo con el reglamento UE 2019\/788 \u201cLa Uni\u00f3n Europea se basa en los valores indivisibles y universales de la dignidad","robots":{"index":"index","follow":"follow","max-snippet":"max-snippet:-1","max-image-preview":"max-image-preview:large","max-video-preview":"max-video-preview:-1"},"canonical":"https:\/\/www.pressenza.com\/es\/2024\/01\/rescatemos-europa-stop-violencia-en-las-fronteras\/","og_locale":"es_ES","og_type":"article","og_title":"\u00a1Rescatemos Europa! Stop violencia en las fronteras","og_description":"Iniciativa ciudadana europea, de acuerdo con el reglamento UE 2019\/788 \u201cLa Uni\u00f3n Europea se basa en los valores indivisibles y universales de la dignidad","og_url":"https:\/\/www.pressenza.com\/es\/2024\/01\/rescatemos-europa-stop-violencia-en-las-fronteras\/","og_site_name":"Pressenza","article_publisher":"https:\/\/www.facebook.com\/PressenzaItalia","article_published_time":"2024-01-30T17:41:05+00:00","og_image":[{"width":820,"height":507,"url":"https:\/\/www.pressenza.com\/wp-content\/uploads\/2024\/01\/stop-border-violence-820x507-1.jpeg","type":"image\/jpeg"}],"author":"Redacci\u00f3n Espa\u00f1a","twitter_card":"summary_large_image","twitter_creator":"@PressenzaIPA","twitter_site":"@PressenzaIPA","twitter_misc":{"Escrito por":"Redacci\u00f3n Espa\u00f1a","Tiempo de lectura":"3 minutos"},"schema":{"@context":"https:\/\/schema.org","@graph":[{"@type":"Article","@id":"https:\/\/www.pressenza.com\/es\/2024\/01\/rescatemos-europa-stop-violencia-en-las-fronteras\/#article","isPartOf":{"@id":"https:\/\/www.pressenza.com\/es\/2024\/01\/rescatemos-europa-stop-violencia-en-las-fronteras\/"},"author":{"name":"Redacci\u00f3n Espa\u00f1a","@id":"https:\/\/www.pressenza.com\/es\/#\/schema\/person\/fffbbe2f14495897417f313a954dae23"},"headline":"\u00a1Rescatemos Europa! Stop violencia en las fronteras","datePublished":"2024-01-30T17:41:05+00:00","mainEntityOfPage":{"@id":"https:\/\/www.pressenza.com\/es\/2024\/01\/rescatemos-europa-stop-violencia-en-las-fronteras\/"},"wordCount":568,"publisher":{"@id":"https:\/\/www.pressenza.com\/es\/#organization"},"image":{"@id":"https:\/\/www.pressenza.com\/es\/2024\/01\/rescatemos-europa-stop-violencia-en-las-fronteras\/#primaryimage"},"thumbnailUrl":"https:\/\/www.pressenza.com\/wp-content\/uploads\/2024\/01\/stop-border-violence-820x507-1.jpeg","keywords":["\"Stop a la violencia fronteriza\"","Comisi\u00f3n Europea","Fortaleza Europa","Iniciativa Ciudadana Europea","migrantes","Parlamento Europeo","tortura"],"articleSection":["Derechos Humanos","Europa","Migrantes"],"inLanguage":"es"},{"@type":"WebPage","@id":"https:\/\/www.pressenza.com\/es\/2024\/01\/rescatemos-europa-stop-violencia-en-las-fronteras\/","url":"https:\/\/www.pressenza.com\/es\/2024\/01\/rescatemos-europa-stop-violencia-en-las-fronteras\/","name":"\u00a1Rescatemos Europa! Stop violencia en las fronteras","isPartOf":{"@id":"https:\/\/www.pressenza.com\/es\/#website"},"primaryImageOfPage":{"@id":"https:\/\/www.pressenza.com\/es\/2024\/01\/rescatemos-europa-stop-violencia-en-las-fronteras\/#primaryimage"},"image":{"@id":"https:\/\/www.pressenza.com\/es\/2024\/01\/rescatemos-europa-stop-violencia-en-las-fronteras\/#primaryimage"},"thumbnailUrl":"https:\/\/www.pressenza.com\/wp-content\/uploads\/2024\/01\/stop-border-violence-820x507-1.jpeg","datePublished":"2024-01-30T17:41:05+00:00","description":"Iniciativa ciudadana europea, de acuerdo con el reglamento UE 2019\/788 \u201cLa Uni\u00f3n Europea se basa en los valores indivisibles y universales de la dignidad","breadcrumb":{"@id":"https:\/\/www.pressenza.com\/es\/2024\/01\/rescatemos-europa-stop-violencia-en-las-fronteras\/#breadcrumb"},"inLanguage":"es","potentialAction":[{"@type":"ReadAction","target":["https:\/\/www.pressenza.com\/es\/2024\/01\/rescatemos-europa-stop-violencia-en-las-fronteras\/"]}]},{"@type":"ImageObject","inLanguage":"es","@id":"https:\/\/www.pressenza.com\/es\/2024\/01\/rescatemos-europa-stop-violencia-en-las-fronteras\/#primaryimage","url":"https:\/\/www.pressenza.com\/wp-content\/uploads\/2024\/01\/stop-border-violence-820x507-1.jpeg","contentUrl":"https:\/\/www.pressenza.com\/wp-content\/uploads\/2024\/01\/stop-border-violence-820x507-1.jpeg","width":820,"height":507},{"@type":"BreadcrumbList","@id":"https:\/\/www.pressenza.com\/es\/2024\/01\/rescatemos-europa-stop-violencia-en-las-fronteras\/#breadcrumb","itemListElement":[{"@type":"ListItem","position":1,"name":"Accueil","item":"https:\/\/www.pressenza.com\/es\/"},{"@type":"ListItem","position":2,"name":"\u00a1Rescatemos Europa! Stop violencia en las fronteras"}]},{"@type":"WebSite","@id":"https:\/\/www.pressenza.com\/es\/#website","url":"https:\/\/www.pressenza.com\/es\/","name":"Pressenza","description":"International Press Agency","publisher":{"@id":"https:\/\/www.pressenza.com\/es\/#organization"},"potentialAction":[{"@type":"SearchAction","target":{"@type":"EntryPoint","urlTemplate":"https:\/\/www.pressenza.com\/es\/?s={search_term_string}"},"query-input":{"@type":"PropertyValueSpecification","valueRequired":true,"valueName":"search_term_string"}}],"inLanguage":"es"},{"@type":"Organization","@id":"https:\/\/www.pressenza.com\/es\/#organization","name":"Pressenza","url":"https:\/\/www.pressenza.com\/es\/","logo":{"@type":"ImageObject","inLanguage":"es","@id":"https:\/\/www.pressenza.com\/es\/#\/schema\/logo\/image\/","url":"https:\/\/www.pressenza.com\/wp-content\/uploads\/2022\/10\/pressenza_logo_200x200.jpg","contentUrl":"https:\/\/www.pressenza.com\/wp-content\/uploads\/2022\/10\/pressenza_logo_200x200.jpg","width":200,"height":200,"caption":"Pressenza"},"image":{"@id":"https:\/\/www.pressenza.com\/es\/#\/schema\/logo\/image\/"},"sameAs":["https:\/\/www.facebook.com\/PressenzaItalia","https:\/\/x.com\/PressenzaIPA"]},{"@type":"Person","@id":"https:\/\/www.pressenza.com\/es\/#\/schema\/person\/fffbbe2f14495897417f313a954dae23","name":"Redacci\u00f3n Espa\u00f1a","url":"https:\/\/www.pressenza.com\/es\/author\/redaccion-espana\/"}]}},"place":"","original_article_url":"https:\/\/www.stopborderviolence.org\/es\/eci-sbv-esp\/#manifiesto","_links":{"self":[{"href":"https:\/\/www.pressenza.com\/es\/wp-json\/wp\/v2\/posts\/1796223","targetHints":{"allow":["GET"]}}],"collection":[{"href":"https:\/\/www.pressenza.com\/es\/wp-json\/wp\/v2\/posts"}],"about":[{"href":"https:\/\/www.pressenza.com\/es\/wp-json\/wp\/v2\/types\/post"}],"author":[{"embeddable":true,"href":"https:\/\/www.pressenza.com\/es\/wp-json\/wp\/v2\/users\/1681"}],"replies":[{"embeddable":true,"href":"https:\/\/www.pressenza.com\/es\/wp-json\/wp\/v2\/comments?post=1796223"}],"version-history":[{"count":0,"href":"https:\/\/www.pressenza.com\/es\/wp-json\/wp\/v2\/posts\/1796223\/revisions"}],"wp:featuredmedia":[{"embeddable":true,"href":"https:\/\/www.pressenza.com\/es\/wp-json\/wp\/v2\/media\/1796225"}],"wp:attachment":[{"href":"https:\/\/www.pressenza.com\/es\/wp-json\/wp\/v2\/media?parent=1796223"}],"wp:term":[{"taxonomy":"category","embeddable":true,"href":"https:\/\/www.pressenza.com\/es\/wp-json\/wp\/v2\/categories?post=1796223"},{"taxonomy":"post_tag","embeddable":true,"href":"https:\/\/www.pressenza.com\/es\/wp-json\/wp\/v2\/tags?post=1796223"}],"curies":[{"name":"wp","href":"https:\/\/api.w.org\/{rel}","templated":true}]}}