{"id":1793,"date":"2009-10-18T00:00:00","date_gmt":"2009-10-18T00:00:00","guid":{"rendered":""},"modified":"2009-10-18T07:33:11","modified_gmt":"2009-10-18T07:33:11","slug":"datos-alarmantes-en-el-dia-para-la-erradicacion-de-la-pobreza","status":"publish","type":"post","link":"https:\/\/www.pressenza.com\/es\/2009\/10\/datos-alarmantes-en-el-dia-para-la-erradicacion-de-la-pobreza\/","title":{"rendered":"Datos alarmantes en el D\u00eda para la Erradicaci\u00f3n de la Pobreza"},"content":{"rendered":"<p>Un a\u00f1o m\u00e1s el 17 de octubre se ha celebrado el D\u00eda Mundial para la Erradicaci\u00f3n de la Pobreza. En 1992, la Asamblea General de las Naciones Unidas, acogiendo con satisfacci\u00f3n el hecho de que el 17 de octubre algunas organizaciones no gubernamentales, por iniciativa de una de ellas -el Movimiento Internacional ATD Cuarto Mundo, con sede en Francia- hab\u00eda celebrado en muchos estados el D\u00eda Mundial para la Superaci\u00f3n de la Pobreza Extrema, declar\u00f3 esa fecha D\u00eda Internacional para la Erradicaci\u00f3n de la Pobreza.<br \/>\nLos datos contrastan con la propuesta de la ONU hace ya dieciocho a\u00f1os.<\/p>\n<p>ALGUNOS DATOS PARA LA REFLEXI\u00d3N<\/p>\n<p>* M\u00e1s de 3.000 millones de personas malviven con menos de 1 \u20ac al d\u00eda.<\/p>\n<p>* 5.100 millones de personas viven en pa\u00edses en desarrollo. La poblaci\u00f3n total mundial es de 6.550 millones de seres humanos.<\/p>\n<p>* 8 millones de ni\u00f1os mueren anualmente debido a sus extremas condiciones de vida y necesidad. La mitad de las muertes de ni\u00f1os menores de 5 a\u00f1os a nivel mundial, se presentan en el \u00c1frica subsahariana y son debidas a la pobreza. Cada d\u00eda mueren 16.000 ni\u00f1os en el mundo a causa del hambre. 150 millones de ni\u00f1os se encuentran afectados de malnutrici\u00f3n. 100 millones de ni\u00f1os viven en la calle en la m\u00e1s absoluta indigencia.<\/p>\n<p>* Actualmente existen m\u00e1s de 2.000 millones de personas an\u00e9micas por falta de hierro en su dieta. La poblaci\u00f3n pobre, no llegan a consumir la cantidad m\u00ednima de calor\u00edas b\u00e1sicas, vitaminas y nutrientes esenciales para gozar de buena salud y crecimiento normal. Un adulto necesita aproximadamente 2.100 calor\u00edas por d\u00eda y los ni\u00f1os necesitan aproximadamente 1.500 calor\u00edas.<\/p>\n<p>* 1200 millones de personas no tienen acceso a agua potable.<br \/>\n4 de cada 10 personas en el mundo no tiene ning\u00fan acceso a servicios sanitarios. 2000 millones carecen de acceso a medicamentos.<\/p>\n<p>* La enfermedad que m\u00e1s muertes produce en los pa\u00edses empobrecidos es la simple diarrea. Le siguen las enfermedades respiratorias, sarampi\u00f3n y malaria. La desnutrici\u00f3n combinada con la ausencia de prevenci\u00f3n aumenta el riesgo de muerte.<br \/>\n1000 millones carecen de vivienda.<\/p>\n<p>LAS PROPUESTAS<\/p>\n<p>En Septiembre del a\u00f1o 2. 000 los principales jefes de estado y de gobierno, reunidos en Naciones Unidas, en la llamada Cumbre del Milenio, se comprometieron a reducir a la mitad, hasta el a\u00f1o 2015, el porcentaje de las personas que viven en la indigencia.<\/p>\n<p>Sus acuerdos fueron:<\/p>\n<p>1. Erradicar la pobreza extrema y el hambre<\/p>\n<p>2. Lograr la ense\u00f1anza primaria universal<\/p>\n<p>3. Promover la igualdad entre los g\u00e9neros y la autonom\u00eda de las mujeres<\/p>\n<p>4. Reducir la mortalidad infantil<\/p>\n<p>5. Mejorar la salud materna<\/p>\n<p>6. Combatir VIH \/ SIDA, la malaria y otras enfermedades<\/p>\n<p>7. Garantizar la sostenibilidad del medio ambiente<\/p>\n<p>8. Crear una asociaci\u00f3n mundial para el desarrollo.<\/p>\n<p>LA REALIDAD ACTUAL<\/p>\n<p>La jornada del 17 de Octubre, \u201cD\u00eda Internacional para la Erradicaci\u00f3n de la Pobreza\u201d, pretende llamar la atenci\u00f3n de todos los estamentos pol\u00edticos y sociales internacionales para la toma de conciencia sobre la deshumanizante realidad que padecen cotidianamente, diariamente millones de seres humanos, en cuestiones muy b\u00e1sicas y primarias de supervivencia: alimentaci\u00f3n, sanidad,  vivienda y educaci\u00f3n. Pero la pobreza no s\u00f3lo afecta a esas cuestiones b\u00e1sicas de subsistencia humana, sino tambi\u00e9n a la dignidad humana, a algo m\u00e1s profundo e interior de las personas; la pobreza en t\u00e9rminos generales est\u00e1 vinculada a la violencia, la discriminaci\u00f3n, la explotaci\u00f3n, el fanatismo, la inmigraci\u00f3n\u2026<\/p>\n<p>Vivimos en la sociedad m\u00e1s avanzada de la historia, con el mayor desarrollo tecnol\u00f3gico y cient\u00edfico y con el mayor nivel de bienestar para el 15% de la poblaci\u00f3n y, sin embargo, se ha creado el porcentaje mayor de pobres de toda la historia.<br \/>\nHoy por hoy, vivimos en una sociedad donde las estad\u00edsticas antes enumeradas, son muchas veces un fr\u00edo y distante adorno de la realidad, pero no por ello debe dejar de remover las conciencias.<\/p>\n<p>La erradicaci\u00f3n de la pobreza, como tantos otros temas asociados y de plena vigencia en su soluci\u00f3n, como los derechos humanos, el pacifismo, el medio ambiente,\u2026 son asuntos en los que la falta de compromiso social y pol\u00edtico real no pueden justificarse  por su catalogaci\u00f3n de ut\u00f3picos, parten casi \u00fanica y exclusivamente de intenciones y decisiones pol\u00edticas. Desde un punto de vista economicista y pol\u00edtico tan en uso, erradicar la pobreza es mucho m\u00e1s barato y rentable que invertir en armamentos.<\/p>\n<p>En d\u00edas como hoy, temas como la revisi\u00f3n de los tratados internacionales de libre comercio, las condonaciones de deuda externa o destinar gastos militares para temas sociales, de cooperaci\u00f3n internacional y desarrollo de zonas desfavorecidas, se presumen como un simple primer paso para el comienzo de la erradicaci\u00f3n de la pobreza.<\/p>\n","protected":false},"excerpt":{"rendered":"<p>Un d\u00eda despu\u00e9s de la dedicada a la Alimentaci\u00f3n, esta Jornada mundial busca sensibilizar a la opini\u00f3n p\u00fablica respecto de la necesidad de erradicar la pobreza y la indigencia en todos los pa\u00edses, especialmente en los pa\u00edses en desarrollo. Entre esta propuesta y lo datos que la realidad nos ofrece, aparecen cada d\u00eda distancias m\u00e1s largas.<\/p>\n","protected":false},"author":19,"featured_media":0,"comment_status":"closed","ping_status":"open","sticky":false,"template":"","format":"standard","meta":{"footnotes":""},"categories":[66,39,74],"tags":[],"class_list":["post-1793","post","type-post","status-publish","format-standard","hentry","category-europa-es","category-internacional","category-politica-es"],"yoast_head":"<!-- This site is optimized with the Yoast SEO plugin v27.1.1 - https:\/\/yoast.com\/product\/yoast-seo-wordpress\/ -->\n<title>Datos alarmantes en el D\u00eda para la Erradicaci\u00f3n de la Pobreza<\/title>\n<meta name=\"description\" content=\"Un d\u00eda despu\u00e9s de la dedicada a la Alimentaci\u00f3n, esta Jornada mundial busca sensibilizar a la opini\u00f3n p\u00fablica respecto de la necesidad de erradicar la pobreza y la indigencia en todos los pa\u00edses, especialmente en los pa\u00edses en desarrollo. Entre esta propuesta y lo datos que la realidad nos ofrece, aparecen cada d\u00eda distancias m\u00e1s largas.\" \/>\n<meta name=\"robots\" content=\"index, follow, max-snippet:-1, max-image-preview:large, max-video-preview:-1\" \/>\n<link rel=\"canonical\" href=\"https:\/\/www.pressenza.com\/es\/2009\/10\/datos-alarmantes-en-el-dia-para-la-erradicacion-de-la-pobreza\/\" \/>\n<meta property=\"og:locale\" content=\"es_ES\" \/>\n<meta property=\"og:type\" content=\"article\" \/>\n<meta property=\"og:title\" content=\"Datos alarmantes en el D\u00eda para la Erradicaci\u00f3n de la Pobreza\" \/>\n<meta property=\"og:description\" content=\"Un d\u00eda despu\u00e9s de la dedicada a la Alimentaci\u00f3n, esta Jornada mundial busca sensibilizar a la opini\u00f3n p\u00fablica respecto de la necesidad de erradicar la pobreza y la indigencia en todos los pa\u00edses, especialmente en los pa\u00edses en desarrollo. Entre esta propuesta y lo datos que la realidad nos ofrece, aparecen cada d\u00eda distancias m\u00e1s largas.\" \/>\n<meta property=\"og:url\" content=\"https:\/\/www.pressenza.com\/es\/2009\/10\/datos-alarmantes-en-el-dia-para-la-erradicacion-de-la-pobreza\/\" \/>\n<meta property=\"og:site_name\" content=\"Pressenza\" \/>\n<meta property=\"article:publisher\" content=\"https:\/\/www.facebook.com\/PressenzaItalia\" \/>\n<meta property=\"article:author\" content=\"https:\/\/www.facebook.com\/pressenza\" \/>\n<meta property=\"article:published_time\" content=\"2009-10-18T00:00:00+00:00\" \/>\n<meta property=\"article:modified_time\" content=\"2009-10-18T07:33:11+00:00\" \/>\n<meta name=\"author\" content=\"Pressenza IPA\" \/>\n<meta name=\"twitter:card\" content=\"summary_large_image\" \/>\n<meta name=\"twitter:creator\" content=\"@PressenzaIPA\" \/>\n<meta name=\"twitter:site\" content=\"@PressenzaIPA\" \/>\n<meta name=\"twitter:label1\" content=\"Escrito por\" \/>\n\t<meta name=\"twitter:data1\" content=\"Pressenza IPA\" \/>\n\t<meta name=\"twitter:label2\" content=\"Tiempo de lectura\" \/>\n\t<meta name=\"twitter:data2\" content=\"4 minutos\" \/>\n<script type=\"application\/ld+json\" class=\"yoast-schema-graph\">{\"@context\":\"https:\/\/schema.org\",\"@graph\":[{\"@type\":\"Article\",\"@id\":\"https:\/\/www.pressenza.com\/es\/2009\/10\/datos-alarmantes-en-el-dia-para-la-erradicacion-de-la-pobreza\/#article\",\"isPartOf\":{\"@id\":\"https:\/\/www.pressenza.com\/es\/2009\/10\/datos-alarmantes-en-el-dia-para-la-erradicacion-de-la-pobreza\/\"},\"author\":{\"name\":\"Pressenza IPA\",\"@id\":\"https:\/\/www.pressenza.com\/es\/#\/schema\/person\/010e5d02bcf40965427a1289a4cc8d75\"},\"headline\":\"Datos alarmantes en el D\u00eda para la Erradicaci\u00f3n de la Pobreza\",\"datePublished\":\"2009-10-18T00:00:00+00:00\",\"dateModified\":\"2009-10-18T07:33:11+00:00\",\"mainEntityOfPage\":{\"@id\":\"https:\/\/www.pressenza.com\/es\/2009\/10\/datos-alarmantes-en-el-dia-para-la-erradicacion-de-la-pobreza\/\"},\"wordCount\":824,\"publisher\":{\"@id\":\"https:\/\/www.pressenza.com\/es\/#organization\"},\"articleSection\":[\"Europa\",\"Internacional\",\"Pol\u00edtica\"],\"inLanguage\":\"es\"},{\"@type\":\"WebPage\",\"@id\":\"https:\/\/www.pressenza.com\/es\/2009\/10\/datos-alarmantes-en-el-dia-para-la-erradicacion-de-la-pobreza\/\",\"url\":\"https:\/\/www.pressenza.com\/es\/2009\/10\/datos-alarmantes-en-el-dia-para-la-erradicacion-de-la-pobreza\/\",\"name\":\"Datos alarmantes en el D\u00eda para la Erradicaci\u00f3n de la Pobreza\",\"isPartOf\":{\"@id\":\"https:\/\/www.pressenza.com\/es\/#website\"},\"datePublished\":\"2009-10-18T00:00:00+00:00\",\"dateModified\":\"2009-10-18T07:33:11+00:00\",\"description\":\"Un d\u00eda despu\u00e9s de la dedicada a la Alimentaci\u00f3n, esta Jornada mundial busca sensibilizar a la opini\u00f3n p\u00fablica respecto de la necesidad de erradicar la pobreza y la indigencia en todos los pa\u00edses, especialmente en los pa\u00edses en desarrollo. Entre esta propuesta y lo datos que la realidad nos ofrece, aparecen cada d\u00eda distancias m\u00e1s largas.\",\"breadcrumb\":{\"@id\":\"https:\/\/www.pressenza.com\/es\/2009\/10\/datos-alarmantes-en-el-dia-para-la-erradicacion-de-la-pobreza\/#breadcrumb\"},\"inLanguage\":\"es\",\"potentialAction\":[{\"@type\":\"ReadAction\",\"target\":[\"https:\/\/www.pressenza.com\/es\/2009\/10\/datos-alarmantes-en-el-dia-para-la-erradicacion-de-la-pobreza\/\"]}]},{\"@type\":\"BreadcrumbList\",\"@id\":\"https:\/\/www.pressenza.com\/es\/2009\/10\/datos-alarmantes-en-el-dia-para-la-erradicacion-de-la-pobreza\/#breadcrumb\",\"itemListElement\":[{\"@type\":\"ListItem\",\"position\":1,\"name\":\"Accueil\",\"item\":\"https:\/\/www.pressenza.com\/es\/\"},{\"@type\":\"ListItem\",\"position\":2,\"name\":\"Datos alarmantes en el D\u00eda para la Erradicaci\u00f3n de la Pobreza\"}]},{\"@type\":\"WebSite\",\"@id\":\"https:\/\/www.pressenza.com\/es\/#website\",\"url\":\"https:\/\/www.pressenza.com\/es\/\",\"name\":\"Pressenza\",\"description\":\"International Press Agency\",\"publisher\":{\"@id\":\"https:\/\/www.pressenza.com\/es\/#organization\"},\"potentialAction\":[{\"@type\":\"SearchAction\",\"target\":{\"@type\":\"EntryPoint\",\"urlTemplate\":\"https:\/\/www.pressenza.com\/es\/?s={search_term_string}\"},\"query-input\":{\"@type\":\"PropertyValueSpecification\",\"valueRequired\":true,\"valueName\":\"search_term_string\"}}],\"inLanguage\":\"es\"},{\"@type\":\"Organization\",\"@id\":\"https:\/\/www.pressenza.com\/es\/#organization\",\"name\":\"Pressenza\",\"url\":\"https:\/\/www.pressenza.com\/es\/\",\"logo\":{\"@type\":\"ImageObject\",\"inLanguage\":\"es\",\"@id\":\"https:\/\/www.pressenza.com\/es\/#\/schema\/logo\/image\/\",\"url\":\"https:\/\/www.pressenza.com\/wp-content\/uploads\/2022\/10\/pressenza_logo_200x200.jpg\",\"contentUrl\":\"https:\/\/www.pressenza.com\/wp-content\/uploads\/2022\/10\/pressenza_logo_200x200.jpg\",\"width\":200,\"height\":200,\"caption\":\"Pressenza\"},\"image\":{\"@id\":\"https:\/\/www.pressenza.com\/es\/#\/schema\/logo\/image\/\"},\"sameAs\":[\"https:\/\/www.facebook.com\/PressenzaItalia\",\"https:\/\/x.com\/PressenzaIPA\"]},{\"@type\":\"Person\",\"@id\":\"https:\/\/www.pressenza.com\/es\/#\/schema\/person\/010e5d02bcf40965427a1289a4cc8d75\",\"name\":\"Pressenza IPA\",\"description\":\"News from Pressenza IPA correspondents\",\"sameAs\":[\"https:\/\/www.facebook.com\/pressenza\",\"https:\/\/x.com\/PressenzaIPA\"],\"url\":\"https:\/\/www.pressenza.com\/es\/author\/pressenza-ipa\/\"}]}<\/script>\n<!-- \/ Yoast SEO plugin. -->","yoast_head_json":{"title":"Datos alarmantes en el D\u00eda para la Erradicaci\u00f3n de la Pobreza","description":"Un d\u00eda despu\u00e9s de la dedicada a la Alimentaci\u00f3n, esta Jornada mundial busca sensibilizar a la opini\u00f3n p\u00fablica respecto de la necesidad de erradicar la pobreza y la indigencia en todos los pa\u00edses, especialmente en los pa\u00edses en desarrollo. Entre esta propuesta y lo datos que la realidad nos ofrece, aparecen cada d\u00eda distancias m\u00e1s largas.","robots":{"index":"index","follow":"follow","max-snippet":"max-snippet:-1","max-image-preview":"max-image-preview:large","max-video-preview":"max-video-preview:-1"},"canonical":"https:\/\/www.pressenza.com\/es\/2009\/10\/datos-alarmantes-en-el-dia-para-la-erradicacion-de-la-pobreza\/","og_locale":"es_ES","og_type":"article","og_title":"Datos alarmantes en el D\u00eda para la Erradicaci\u00f3n de la Pobreza","og_description":"Un d\u00eda despu\u00e9s de la dedicada a la Alimentaci\u00f3n, esta Jornada mundial busca sensibilizar a la opini\u00f3n p\u00fablica respecto de la necesidad de erradicar la pobreza y la indigencia en todos los pa\u00edses, especialmente en los pa\u00edses en desarrollo. Entre esta propuesta y lo datos que la realidad nos ofrece, aparecen cada d\u00eda distancias m\u00e1s largas.","og_url":"https:\/\/www.pressenza.com\/es\/2009\/10\/datos-alarmantes-en-el-dia-para-la-erradicacion-de-la-pobreza\/","og_site_name":"Pressenza","article_publisher":"https:\/\/www.facebook.com\/PressenzaItalia","article_author":"https:\/\/www.facebook.com\/pressenza","article_published_time":"2009-10-18T00:00:00+00:00","article_modified_time":"2009-10-18T07:33:11+00:00","author":"Pressenza IPA","twitter_card":"summary_large_image","twitter_creator":"@PressenzaIPA","twitter_site":"@PressenzaIPA","twitter_misc":{"Escrito por":"Pressenza IPA","Tiempo de lectura":"4 minutos"},"schema":{"@context":"https:\/\/schema.org","@graph":[{"@type":"Article","@id":"https:\/\/www.pressenza.com\/es\/2009\/10\/datos-alarmantes-en-el-dia-para-la-erradicacion-de-la-pobreza\/#article","isPartOf":{"@id":"https:\/\/www.pressenza.com\/es\/2009\/10\/datos-alarmantes-en-el-dia-para-la-erradicacion-de-la-pobreza\/"},"author":{"name":"Pressenza IPA","@id":"https:\/\/www.pressenza.com\/es\/#\/schema\/person\/010e5d02bcf40965427a1289a4cc8d75"},"headline":"Datos alarmantes en el D\u00eda para la Erradicaci\u00f3n de la Pobreza","datePublished":"2009-10-18T00:00:00+00:00","dateModified":"2009-10-18T07:33:11+00:00","mainEntityOfPage":{"@id":"https:\/\/www.pressenza.com\/es\/2009\/10\/datos-alarmantes-en-el-dia-para-la-erradicacion-de-la-pobreza\/"},"wordCount":824,"publisher":{"@id":"https:\/\/www.pressenza.com\/es\/#organization"},"articleSection":["Europa","Internacional","Pol\u00edtica"],"inLanguage":"es"},{"@type":"WebPage","@id":"https:\/\/www.pressenza.com\/es\/2009\/10\/datos-alarmantes-en-el-dia-para-la-erradicacion-de-la-pobreza\/","url":"https:\/\/www.pressenza.com\/es\/2009\/10\/datos-alarmantes-en-el-dia-para-la-erradicacion-de-la-pobreza\/","name":"Datos alarmantes en el D\u00eda para la Erradicaci\u00f3n de la Pobreza","isPartOf":{"@id":"https:\/\/www.pressenza.com\/es\/#website"},"datePublished":"2009-10-18T00:00:00+00:00","dateModified":"2009-10-18T07:33:11+00:00","description":"Un d\u00eda despu\u00e9s de la dedicada a la Alimentaci\u00f3n, esta Jornada mundial busca sensibilizar a la opini\u00f3n p\u00fablica respecto de la necesidad de erradicar la pobreza y la indigencia en todos los pa\u00edses, especialmente en los pa\u00edses en desarrollo. Entre esta propuesta y lo datos que la realidad nos ofrece, aparecen cada d\u00eda distancias m\u00e1s largas.","breadcrumb":{"@id":"https:\/\/www.pressenza.com\/es\/2009\/10\/datos-alarmantes-en-el-dia-para-la-erradicacion-de-la-pobreza\/#breadcrumb"},"inLanguage":"es","potentialAction":[{"@type":"ReadAction","target":["https:\/\/www.pressenza.com\/es\/2009\/10\/datos-alarmantes-en-el-dia-para-la-erradicacion-de-la-pobreza\/"]}]},{"@type":"BreadcrumbList","@id":"https:\/\/www.pressenza.com\/es\/2009\/10\/datos-alarmantes-en-el-dia-para-la-erradicacion-de-la-pobreza\/#breadcrumb","itemListElement":[{"@type":"ListItem","position":1,"name":"Accueil","item":"https:\/\/www.pressenza.com\/es\/"},{"@type":"ListItem","position":2,"name":"Datos alarmantes en el D\u00eda para la Erradicaci\u00f3n de la Pobreza"}]},{"@type":"WebSite","@id":"https:\/\/www.pressenza.com\/es\/#website","url":"https:\/\/www.pressenza.com\/es\/","name":"Pressenza","description":"International Press Agency","publisher":{"@id":"https:\/\/www.pressenza.com\/es\/#organization"},"potentialAction":[{"@type":"SearchAction","target":{"@type":"EntryPoint","urlTemplate":"https:\/\/www.pressenza.com\/es\/?s={search_term_string}"},"query-input":{"@type":"PropertyValueSpecification","valueRequired":true,"valueName":"search_term_string"}}],"inLanguage":"es"},{"@type":"Organization","@id":"https:\/\/www.pressenza.com\/es\/#organization","name":"Pressenza","url":"https:\/\/www.pressenza.com\/es\/","logo":{"@type":"ImageObject","inLanguage":"es","@id":"https:\/\/www.pressenza.com\/es\/#\/schema\/logo\/image\/","url":"https:\/\/www.pressenza.com\/wp-content\/uploads\/2022\/10\/pressenza_logo_200x200.jpg","contentUrl":"https:\/\/www.pressenza.com\/wp-content\/uploads\/2022\/10\/pressenza_logo_200x200.jpg","width":200,"height":200,"caption":"Pressenza"},"image":{"@id":"https:\/\/www.pressenza.com\/es\/#\/schema\/logo\/image\/"},"sameAs":["https:\/\/www.facebook.com\/PressenzaItalia","https:\/\/x.com\/PressenzaIPA"]},{"@type":"Person","@id":"https:\/\/www.pressenza.com\/es\/#\/schema\/person\/010e5d02bcf40965427a1289a4cc8d75","name":"Pressenza IPA","description":"News from Pressenza IPA correspondents","sameAs":["https:\/\/www.facebook.com\/pressenza","https:\/\/x.com\/PressenzaIPA"],"url":"https:\/\/www.pressenza.com\/es\/author\/pressenza-ipa\/"}]}},"place":"Madrid","original_article_url":"","_links":{"self":[{"href":"https:\/\/www.pressenza.com\/es\/wp-json\/wp\/v2\/posts\/1793","targetHints":{"allow":["GET"]}}],"collection":[{"href":"https:\/\/www.pressenza.com\/es\/wp-json\/wp\/v2\/posts"}],"about":[{"href":"https:\/\/www.pressenza.com\/es\/wp-json\/wp\/v2\/types\/post"}],"author":[{"embeddable":true,"href":"https:\/\/www.pressenza.com\/es\/wp-json\/wp\/v2\/users\/19"}],"replies":[{"embeddable":true,"href":"https:\/\/www.pressenza.com\/es\/wp-json\/wp\/v2\/comments?post=1793"}],"version-history":[{"count":0,"href":"https:\/\/www.pressenza.com\/es\/wp-json\/wp\/v2\/posts\/1793\/revisions"}],"wp:attachment":[{"href":"https:\/\/www.pressenza.com\/es\/wp-json\/wp\/v2\/media?parent=1793"}],"wp:term":[{"taxonomy":"category","embeddable":true,"href":"https:\/\/www.pressenza.com\/es\/wp-json\/wp\/v2\/categories?post=1793"},{"taxonomy":"post_tag","embeddable":true,"href":"https:\/\/www.pressenza.com\/es\/wp-json\/wp\/v2\/tags?post=1793"}],"curies":[{"name":"wp","href":"https:\/\/api.w.org\/{rel}","templated":true}]}}