{"id":1792956,"date":"2024-01-12T22:38:07","date_gmt":"2024-01-12T22:38:07","guid":{"rendered":"https:\/\/www.pressenza.com\/?p=1792956"},"modified":"2024-01-12T22:38:07","modified_gmt":"2024-01-12T22:38:07","slug":"chile-los-medios-de-comunicacion-contra-la-piel-azul-de-la-resistencia-mapuche","status":"publish","type":"post","link":"https:\/\/www.pressenza.com\/es\/2024\/01\/chile-los-medios-de-comunicacion-contra-la-piel-azul-de-la-resistencia-mapuche\/","title":{"rendered":"Chile. Los medios de comunicaci\u00f3n contra la piel azul de la resistencia mapuche"},"content":{"rendered":"<p>Los titulares de la prensa del r\u00e9gimen dominante (prensa propiedad de las clases dominantes y, por tanto, formadora privilegiada del discurso pol\u00edtico p\u00fablico) son armas y estrategia contra la resistencia del pueblo naci\u00f3n mapuche y de su combate por la recuperaci\u00f3n del autogobierno y su territorio. Aqu\u00ed unos ejemplos: \u00abDescubierta conexi\u00f3n mapuche-canadiense\u00bb; \u00abPoderosos grupos extranjeros ejercen influencia en mapuches, denuncia instituto\u00bb; \u00abIdentifican a agitadora mapuche conocida como La Chepa\u00bb; \u00abAgricultores denuncian que l\u00edder mapuche violentista recibi\u00f3 preparaci\u00f3n en Chiapas\u00bb. As\u00ed se reproduce en alta frecuencia la propaganda contra la resistencia de las y los mapuche, mediante las cadenas del duopolio El Mercurio-La Tercera; todos los departamentos informativos de la televisi\u00f3n abierta; y los diarios noticiosos digitales y multimediales.<\/p>\n<p>Se trata de los medios comunicativos y pol\u00edticos que emplea la elite en Chile para intentar imponer sus intereses de clase en la dimensi\u00f3n de la visi\u00f3n de mundo de toda una sociedad, incluida la mapuche, y cuyos contenidos repiquetean inagotablemente a trav\u00e9s de la educaci\u00f3n formal, la familia, las religiones, el trabajo y las formas predeterminadas de recreaci\u00f3n y uso del tiempo libre. Para el caso, la maquinaria multiforme de la ampliaci\u00f3n del sentido com\u00fan de los grupos sociales privilegiados lleva varios siglos de ventaja fusilando la resistencia mapuche. Ese mismo sentido com\u00fan cuyo objetivo subyacente es la expropiaci\u00f3n del suelo mapuche y sus riquezas, la subordinaci\u00f3n de la poblaci\u00f3n para su explotaci\u00f3n productiva, y el exterminio de las y los insurgentes.<\/p>\n<p>Las viejas dualidades ideol\u00f3gicas de la modernidad burguesa europea expresadas en sus panfletos m\u00e1s trillados como &#8216;civilizaci\u00f3n versus barbarie&#8217;, &#8216;Blanquitud versus todos los colores de piel no blancas&#8217;, &#8216;Ilustraci\u00f3n enciclop\u00e9dica versus ignorancia y subdesarrollo&#8217;, &#8216;Raz\u00f3n versus pulsi\u00f3n salvaje&#8217;, &#8216;Progreso versus prehistoria&#8217;, etc\u00e9tera, persisten debido a su eficiencia y productividad.<\/p>\n<p>La historia del colonialismo ense\u00f1a que la iniciativa y condiciones de lucha son impuestas por las fuerzas pol\u00edtico-militares de ocupaci\u00f3n y que las ideolog\u00edas para justificar la violencia terrorista del invasor siempre se fundan sobre el supremacismo, como por ejemplo, la inexistente superioridad racial blanca o el autoproclamado destino manifiesto estadounidense. Al final del d\u00eda, los motores del colonialismo humean tras la incesante persecuci\u00f3n de capital pr\u00e1cticamente gratuito a costa de usurpaci\u00f3n y expropiaci\u00f3n de bienes comunes, tierra, y esclavitud humana y\/o explotaci\u00f3n a destajo de fuerza de trabajo asalariada.<\/p>\n<p>El lugar donde el capital colonial sit\u00faa sus intereses y enclaves, r\u00e1pidamente se convierte en reducciones de comunidades preexistentes, c\u00e1rceles ampliadas, cuarteles de disciplinamiento social, corporal, mental. El supremacismo del colonizador transforma al otro y la otra en un objeto social vaciado de s\u00ed, dependiente, inferiorizado. Con la misma exactitud geom\u00e9trica como se aboca a la amputaci\u00f3n de alguna extremidad del oprimido, el ocupante busca el sometimiento total y en el menor tiempo posible de la sociedad ocupada. Sin embargo, para ello no basta con desprender cabezas todos los d\u00edas. De hecho, no es econ\u00f3micamente rentable y adem\u00e1s siembra la rebeli\u00f3n y salpica de sangre los principios jur\u00eddicamente civilizatorios de la colonizaci\u00f3n. Es preciso ahorrar recursos a trav\u00e9s de la sumisi\u00f3n consentida y de la interiorizaci\u00f3n en el oprimido de la imposibilidad de la resistencia y de la legitimidad de los prop\u00f3sitos del propio invasor.<\/p>\n<p>Por eso el colonizador industrializa sus t\u00e1cticas persuasivas y disuasivas sobre el abusado. En un solo movimiento, el opresor multiplica sus ganancias y convence al colonizado de la conveniencia de su punto de vista. Con la astucia de un asesino serial de pel\u00edcula gringa, desarma al oprimido a trav\u00e9s de la escuela y los miedos at\u00e1vicos de la servidumbre familiar, hasta vencer sus fortificaciones y las convicciones necesarias para emprender las tareas de la libertad.<\/p>\n<p>En Chile, los medios masivos de comunicaci\u00f3n son parte de la guerra antipopular prolongada para el sometimiento del mestizo y el originario.<\/p>\n<p>A los medios masivos de comunicaci\u00f3n convencionales, en la actualidad es preciso agregar como municiones de la dominaci\u00f3n colonial a las redes sociales y a un periodismo que se vende a s\u00ed mismo como alternativo, de izquierdas, inclusivo y objetivo. El marketing que rastrea segmentos de mercados e inventa necesidades inexplicables tambi\u00e9n adelanta su tajada de beneficio en la guerra del Estado chileno contra la resistencia mapuche. El llamado periodismo de investigaci\u00f3n en horario premium y la artiller\u00eda de ONG de la informaci\u00f3n pagada con los euros de la socialdemocracia alemana y francesa hacen parte del discurso que recorre todos los matices funcionales respecto del presente estado de cosas. Desde los que promueven al mapuche blanqueado, chilenizado, argentinizado, con silla parlamentaria y testera para dictar monograf\u00edas ind\u00edgenas en la academia, hasta los medios comunicacionales que &#8216;muestran las dos partes&#8217;, juegan a la neutralidad, al extremo centro y al promedio, la igualdad de oportunidades, la meritocracia, el respeto a las instituciones del colonizador y a la democracia liberal.<\/p>\n<p>Respecto de las redes sociales, el asunto es m\u00e1s sencillo a\u00fan. Tienden a reproducir los contenidos de los medios enemigos de la emancipaci\u00f3n del pueblo naci\u00f3n mapuche, esta vez, a modo de texto ficticiamente personal.<\/p>\n<p>Y claro, est\u00e1n las excepciones. La digna labor comunicacional de los mapuche insumisos y los grupos de mestizos solidarios con la causa de la autonom\u00eda y el territorio. Una minor\u00eda que muchas veces se conduce corporativamente, s\u00f3lo para iniciados y expertos; hacia adentro, como marcha que lleva sus pancartas vueltas a su interior de modo que quienes la observan desde afuera jam\u00e1s se enteran de qu\u00e9 va la protesta. Y las excusas sobran: \u00abno tenemos recursos para algo mejor; siempre publicamos sus comunicados, qu\u00e9 m\u00e1s se puede pedir\u00bb.<\/p>\n<p>A este punto, y como acompa\u00f1amiento hermano de la resistencia mapuche en materias comunicacionales, s\u00f3lo resta enmendar las ineficacias y tornarlas oportunidad, antes de todo, articulando los pocos empe\u00f1os aislados. Y sin la elaboraci\u00f3n de textos multimedi\u00e1ticos de excelencia, altamente creativos e imaginados para receptores distintos a quienes ya colaboran con la lucha mapuche, se arriesga cerrar los circuitos de la solidaridad a sectas ocasionales.<\/p>\n<p>La formulaci\u00f3n de mensajes necesariamente biling\u00fces -no olvidar que la lengua materna transmite la visi\u00f3n de mundo espec\u00edfica de un pueblo-, capaces de combinar la justeza de la resistencia mapuche con la emoci\u00f3n hermana que dignifica al castigado, es un imperativo cuyos p\u00fablicos est\u00e1n en las j\u00f3venes clases trabajadoras m\u00e1s precarizadas, en las y los estudiantes secundarios movilizados, en el ecologismo anticapitalista y el antifascismo consecuente; en el antipatriarcado comunitario y popular, y naturalmente, en los mapuche urbanos. Y tal vez, los discursos comunicacionales para esos mapuche urbanos deben recalar en un puerto radical: el retorno a los territorios del Wallmapu actualmente en disputa.<\/p>\n<p>&nbsp;<\/p>\n","protected":false},"excerpt":{"rendered":"<p>Los titulares de la prensa del r\u00e9gimen dominante (prensa propiedad de las clases dominantes y, por tanto, formadora privilegiada del discurso pol\u00edtico p\u00fablico) son armas y estrategia contra la resistencia del pueblo naci\u00f3n mapuche y de su combate por la&hellip;<\/p>\n","protected":false},"author":2122,"featured_media":1792957,"comment_status":"closed","ping_status":"closed","sticky":false,"template":"","format":"standard","meta":{"footnotes":""},"categories":[11389,75,161,80,67],"tags":[29,523,22210],"class_list":["post-1792956","post","type-post","status-publish","format-standard","has-post-thumbnail","hentry","category-contenido-original","category-cultura-es","category-opiniones","category-pueblos-originarios","category-sudamerica","tag-chile","tag-medios-de-comunicacion","tag-pueblos-originarios"],"yoast_head":"<!-- This site is optimized with the Yoast SEO plugin v27.1.1 - https:\/\/yoast.com\/product\/yoast-seo-wordpress\/ -->\n<title>Chile. Los medios de comunicaci\u00f3n contra la piel azul de la resistencia mapuche<\/title>\n<meta name=\"description\" content=\"Los titulares de la prensa del r\u00e9gimen dominante (prensa propiedad de las clases dominantes y, por tanto, formadora privilegiada del discurso pol\u00edtico\" \/>\n<meta name=\"robots\" content=\"index, follow, max-snippet:-1, max-image-preview:large, max-video-preview:-1\" \/>\n<link rel=\"canonical\" href=\"https:\/\/www.pressenza.com\/es\/2024\/01\/chile-los-medios-de-comunicacion-contra-la-piel-azul-de-la-resistencia-mapuche\/\" \/>\n<meta property=\"og:locale\" content=\"es_ES\" \/>\n<meta property=\"og:type\" content=\"article\" \/>\n<meta property=\"og:title\" content=\"Chile. Los medios de comunicaci\u00f3n contra la piel azul de la resistencia mapuche\" \/>\n<meta property=\"og:description\" content=\"Los titulares de la prensa del r\u00e9gimen dominante (prensa propiedad de las clases dominantes y, por tanto, formadora privilegiada del discurso pol\u00edtico\" \/>\n<meta property=\"og:url\" content=\"https:\/\/www.pressenza.com\/es\/2024\/01\/chile-los-medios-de-comunicacion-contra-la-piel-azul-de-la-resistencia-mapuche\/\" \/>\n<meta property=\"og:site_name\" content=\"Pressenza\" \/>\n<meta property=\"article:publisher\" content=\"https:\/\/www.facebook.com\/PressenzaItalia\" \/>\n<meta property=\"article:published_time\" content=\"2024-01-12T22:38:07+00:00\" \/>\n<meta property=\"og:image\" content=\"https:\/\/www.pressenza.com\/wp-content\/uploads\/2024\/01\/Azul.jpg\" \/>\n\t<meta property=\"og:image:width\" content=\"1920\" \/>\n\t<meta property=\"og:image:height\" content=\"1054\" \/>\n\t<meta property=\"og:image:type\" content=\"image\/jpeg\" \/>\n<meta name=\"author\" content=\"Andr\u00e9s Figueroa Cornejo\" \/>\n<meta name=\"twitter:card\" content=\"summary_large_image\" \/>\n<meta name=\"twitter:creator\" content=\"@PressenzaIPA\" \/>\n<meta name=\"twitter:site\" content=\"@PressenzaIPA\" \/>\n<meta name=\"twitter:label1\" content=\"Escrito por\" \/>\n\t<meta name=\"twitter:data1\" content=\"Andr\u00e9s Figueroa Cornejo\" \/>\n\t<meta name=\"twitter:label2\" content=\"Tiempo de lectura\" \/>\n\t<meta name=\"twitter:data2\" content=\"5 minutos\" \/>\n<script type=\"application\/ld+json\" class=\"yoast-schema-graph\">{\"@context\":\"https:\/\/schema.org\",\"@graph\":[{\"@type\":\"Article\",\"@id\":\"https:\/\/www.pressenza.com\/es\/2024\/01\/chile-los-medios-de-comunicacion-contra-la-piel-azul-de-la-resistencia-mapuche\/#article\",\"isPartOf\":{\"@id\":\"https:\/\/www.pressenza.com\/es\/2024\/01\/chile-los-medios-de-comunicacion-contra-la-piel-azul-de-la-resistencia-mapuche\/\"},\"author\":{\"name\":\"Andr\u00e9s Figueroa Cornejo\",\"@id\":\"https:\/\/www.pressenza.com\/es\/#\/schema\/person\/067b08055261ebe3dced4ba2b739b67a\"},\"headline\":\"Chile. Los medios de comunicaci\u00f3n contra la piel azul de la resistencia mapuche\",\"datePublished\":\"2024-01-12T22:38:07+00:00\",\"mainEntityOfPage\":{\"@id\":\"https:\/\/www.pressenza.com\/es\/2024\/01\/chile-los-medios-de-comunicacion-contra-la-piel-azul-de-la-resistencia-mapuche\/\"},\"wordCount\":1189,\"publisher\":{\"@id\":\"https:\/\/www.pressenza.com\/es\/#organization\"},\"image\":{\"@id\":\"https:\/\/www.pressenza.com\/es\/2024\/01\/chile-los-medios-de-comunicacion-contra-la-piel-azul-de-la-resistencia-mapuche\/#primaryimage\"},\"thumbnailUrl\":\"https:\/\/www.pressenza.com\/wp-content\/uploads\/2024\/01\/Azul.jpg\",\"keywords\":[\"Chile\",\"medios de comunicaci\u00f3n\",\"Pueblos Originarios\"],\"articleSection\":[\"Contenido Original\",\"Cultura y Medios\",\"Opiniones\",\"Pueblos Originarios\",\"Sudam\u00e9rica\"],\"inLanguage\":\"es\"},{\"@type\":\"WebPage\",\"@id\":\"https:\/\/www.pressenza.com\/es\/2024\/01\/chile-los-medios-de-comunicacion-contra-la-piel-azul-de-la-resistencia-mapuche\/\",\"url\":\"https:\/\/www.pressenza.com\/es\/2024\/01\/chile-los-medios-de-comunicacion-contra-la-piel-azul-de-la-resistencia-mapuche\/\",\"name\":\"Chile. Los medios de comunicaci\u00f3n contra la piel azul de la resistencia mapuche\",\"isPartOf\":{\"@id\":\"https:\/\/www.pressenza.com\/es\/#website\"},\"primaryImageOfPage\":{\"@id\":\"https:\/\/www.pressenza.com\/es\/2024\/01\/chile-los-medios-de-comunicacion-contra-la-piel-azul-de-la-resistencia-mapuche\/#primaryimage\"},\"image\":{\"@id\":\"https:\/\/www.pressenza.com\/es\/2024\/01\/chile-los-medios-de-comunicacion-contra-la-piel-azul-de-la-resistencia-mapuche\/#primaryimage\"},\"thumbnailUrl\":\"https:\/\/www.pressenza.com\/wp-content\/uploads\/2024\/01\/Azul.jpg\",\"datePublished\":\"2024-01-12T22:38:07+00:00\",\"description\":\"Los titulares de la prensa del r\u00e9gimen dominante (prensa propiedad de las clases dominantes y, por tanto, formadora privilegiada del discurso pol\u00edtico\",\"breadcrumb\":{\"@id\":\"https:\/\/www.pressenza.com\/es\/2024\/01\/chile-los-medios-de-comunicacion-contra-la-piel-azul-de-la-resistencia-mapuche\/#breadcrumb\"},\"inLanguage\":\"es\",\"potentialAction\":[{\"@type\":\"ReadAction\",\"target\":[\"https:\/\/www.pressenza.com\/es\/2024\/01\/chile-los-medios-de-comunicacion-contra-la-piel-azul-de-la-resistencia-mapuche\/\"]}]},{\"@type\":\"ImageObject\",\"inLanguage\":\"es\",\"@id\":\"https:\/\/www.pressenza.com\/es\/2024\/01\/chile-los-medios-de-comunicacion-contra-la-piel-azul-de-la-resistencia-mapuche\/#primaryimage\",\"url\":\"https:\/\/www.pressenza.com\/wp-content\/uploads\/2024\/01\/Azul.jpg\",\"contentUrl\":\"https:\/\/www.pressenza.com\/wp-content\/uploads\/2024\/01\/Azul.jpg\",\"width\":1920,\"height\":1054},{\"@type\":\"BreadcrumbList\",\"@id\":\"https:\/\/www.pressenza.com\/es\/2024\/01\/chile-los-medios-de-comunicacion-contra-la-piel-azul-de-la-resistencia-mapuche\/#breadcrumb\",\"itemListElement\":[{\"@type\":\"ListItem\",\"position\":1,\"name\":\"Accueil\",\"item\":\"https:\/\/www.pressenza.com\/es\/\"},{\"@type\":\"ListItem\",\"position\":2,\"name\":\"Chile. Los medios de comunicaci\u00f3n contra la piel azul de la resistencia mapuche\"}]},{\"@type\":\"WebSite\",\"@id\":\"https:\/\/www.pressenza.com\/es\/#website\",\"url\":\"https:\/\/www.pressenza.com\/es\/\",\"name\":\"Pressenza\",\"description\":\"International Press Agency\",\"publisher\":{\"@id\":\"https:\/\/www.pressenza.com\/es\/#organization\"},\"potentialAction\":[{\"@type\":\"SearchAction\",\"target\":{\"@type\":\"EntryPoint\",\"urlTemplate\":\"https:\/\/www.pressenza.com\/es\/?s={search_term_string}\"},\"query-input\":{\"@type\":\"PropertyValueSpecification\",\"valueRequired\":true,\"valueName\":\"search_term_string\"}}],\"inLanguage\":\"es\"},{\"@type\":\"Organization\",\"@id\":\"https:\/\/www.pressenza.com\/es\/#organization\",\"name\":\"Pressenza\",\"url\":\"https:\/\/www.pressenza.com\/es\/\",\"logo\":{\"@type\":\"ImageObject\",\"inLanguage\":\"es\",\"@id\":\"https:\/\/www.pressenza.com\/es\/#\/schema\/logo\/image\/\",\"url\":\"https:\/\/www.pressenza.com\/wp-content\/uploads\/2022\/10\/pressenza_logo_200x200.jpg\",\"contentUrl\":\"https:\/\/www.pressenza.com\/wp-content\/uploads\/2022\/10\/pressenza_logo_200x200.jpg\",\"width\":200,\"height\":200,\"caption\":\"Pressenza\"},\"image\":{\"@id\":\"https:\/\/www.pressenza.com\/es\/#\/schema\/logo\/image\/\"},\"sameAs\":[\"https:\/\/www.facebook.com\/PressenzaItalia\",\"https:\/\/x.com\/PressenzaIPA\"]},{\"@type\":\"Person\",\"@id\":\"https:\/\/www.pressenza.com\/es\/#\/schema\/person\/067b08055261ebe3dced4ba2b739b67a\",\"name\":\"Andr\u00e9s Figueroa Cornejo\",\"url\":\"https:\/\/www.pressenza.com\/es\/author\/andres-figueroa-cornejo\/\"}]}<\/script>\n<!-- \/ Yoast SEO plugin. -->","yoast_head_json":{"title":"Chile. Los medios de comunicaci\u00f3n contra la piel azul de la resistencia mapuche","description":"Los titulares de la prensa del r\u00e9gimen dominante (prensa propiedad de las clases dominantes y, por tanto, formadora privilegiada del discurso pol\u00edtico","robots":{"index":"index","follow":"follow","max-snippet":"max-snippet:-1","max-image-preview":"max-image-preview:large","max-video-preview":"max-video-preview:-1"},"canonical":"https:\/\/www.pressenza.com\/es\/2024\/01\/chile-los-medios-de-comunicacion-contra-la-piel-azul-de-la-resistencia-mapuche\/","og_locale":"es_ES","og_type":"article","og_title":"Chile. Los medios de comunicaci\u00f3n contra la piel azul de la resistencia mapuche","og_description":"Los titulares de la prensa del r\u00e9gimen dominante (prensa propiedad de las clases dominantes y, por tanto, formadora privilegiada del discurso pol\u00edtico","og_url":"https:\/\/www.pressenza.com\/es\/2024\/01\/chile-los-medios-de-comunicacion-contra-la-piel-azul-de-la-resistencia-mapuche\/","og_site_name":"Pressenza","article_publisher":"https:\/\/www.facebook.com\/PressenzaItalia","article_published_time":"2024-01-12T22:38:07+00:00","og_image":[{"width":1920,"height":1054,"url":"https:\/\/www.pressenza.com\/wp-content\/uploads\/2024\/01\/Azul.jpg","type":"image\/jpeg"}],"author":"Andr\u00e9s Figueroa Cornejo","twitter_card":"summary_large_image","twitter_creator":"@PressenzaIPA","twitter_site":"@PressenzaIPA","twitter_misc":{"Escrito por":"Andr\u00e9s Figueroa Cornejo","Tiempo de lectura":"5 minutos"},"schema":{"@context":"https:\/\/schema.org","@graph":[{"@type":"Article","@id":"https:\/\/www.pressenza.com\/es\/2024\/01\/chile-los-medios-de-comunicacion-contra-la-piel-azul-de-la-resistencia-mapuche\/#article","isPartOf":{"@id":"https:\/\/www.pressenza.com\/es\/2024\/01\/chile-los-medios-de-comunicacion-contra-la-piel-azul-de-la-resistencia-mapuche\/"},"author":{"name":"Andr\u00e9s Figueroa Cornejo","@id":"https:\/\/www.pressenza.com\/es\/#\/schema\/person\/067b08055261ebe3dced4ba2b739b67a"},"headline":"Chile. Los medios de comunicaci\u00f3n contra la piel azul de la resistencia mapuche","datePublished":"2024-01-12T22:38:07+00:00","mainEntityOfPage":{"@id":"https:\/\/www.pressenza.com\/es\/2024\/01\/chile-los-medios-de-comunicacion-contra-la-piel-azul-de-la-resistencia-mapuche\/"},"wordCount":1189,"publisher":{"@id":"https:\/\/www.pressenza.com\/es\/#organization"},"image":{"@id":"https:\/\/www.pressenza.com\/es\/2024\/01\/chile-los-medios-de-comunicacion-contra-la-piel-azul-de-la-resistencia-mapuche\/#primaryimage"},"thumbnailUrl":"https:\/\/www.pressenza.com\/wp-content\/uploads\/2024\/01\/Azul.jpg","keywords":["Chile","medios de comunicaci\u00f3n","Pueblos Originarios"],"articleSection":["Contenido Original","Cultura y Medios","Opiniones","Pueblos Originarios","Sudam\u00e9rica"],"inLanguage":"es"},{"@type":"WebPage","@id":"https:\/\/www.pressenza.com\/es\/2024\/01\/chile-los-medios-de-comunicacion-contra-la-piel-azul-de-la-resistencia-mapuche\/","url":"https:\/\/www.pressenza.com\/es\/2024\/01\/chile-los-medios-de-comunicacion-contra-la-piel-azul-de-la-resistencia-mapuche\/","name":"Chile. Los medios de comunicaci\u00f3n contra la piel azul de la resistencia mapuche","isPartOf":{"@id":"https:\/\/www.pressenza.com\/es\/#website"},"primaryImageOfPage":{"@id":"https:\/\/www.pressenza.com\/es\/2024\/01\/chile-los-medios-de-comunicacion-contra-la-piel-azul-de-la-resistencia-mapuche\/#primaryimage"},"image":{"@id":"https:\/\/www.pressenza.com\/es\/2024\/01\/chile-los-medios-de-comunicacion-contra-la-piel-azul-de-la-resistencia-mapuche\/#primaryimage"},"thumbnailUrl":"https:\/\/www.pressenza.com\/wp-content\/uploads\/2024\/01\/Azul.jpg","datePublished":"2024-01-12T22:38:07+00:00","description":"Los titulares de la prensa del r\u00e9gimen dominante (prensa propiedad de las clases dominantes y, por tanto, formadora privilegiada del discurso pol\u00edtico","breadcrumb":{"@id":"https:\/\/www.pressenza.com\/es\/2024\/01\/chile-los-medios-de-comunicacion-contra-la-piel-azul-de-la-resistencia-mapuche\/#breadcrumb"},"inLanguage":"es","potentialAction":[{"@type":"ReadAction","target":["https:\/\/www.pressenza.com\/es\/2024\/01\/chile-los-medios-de-comunicacion-contra-la-piel-azul-de-la-resistencia-mapuche\/"]}]},{"@type":"ImageObject","inLanguage":"es","@id":"https:\/\/www.pressenza.com\/es\/2024\/01\/chile-los-medios-de-comunicacion-contra-la-piel-azul-de-la-resistencia-mapuche\/#primaryimage","url":"https:\/\/www.pressenza.com\/wp-content\/uploads\/2024\/01\/Azul.jpg","contentUrl":"https:\/\/www.pressenza.com\/wp-content\/uploads\/2024\/01\/Azul.jpg","width":1920,"height":1054},{"@type":"BreadcrumbList","@id":"https:\/\/www.pressenza.com\/es\/2024\/01\/chile-los-medios-de-comunicacion-contra-la-piel-azul-de-la-resistencia-mapuche\/#breadcrumb","itemListElement":[{"@type":"ListItem","position":1,"name":"Accueil","item":"https:\/\/www.pressenza.com\/es\/"},{"@type":"ListItem","position":2,"name":"Chile. Los medios de comunicaci\u00f3n contra la piel azul de la resistencia mapuche"}]},{"@type":"WebSite","@id":"https:\/\/www.pressenza.com\/es\/#website","url":"https:\/\/www.pressenza.com\/es\/","name":"Pressenza","description":"International Press Agency","publisher":{"@id":"https:\/\/www.pressenza.com\/es\/#organization"},"potentialAction":[{"@type":"SearchAction","target":{"@type":"EntryPoint","urlTemplate":"https:\/\/www.pressenza.com\/es\/?s={search_term_string}"},"query-input":{"@type":"PropertyValueSpecification","valueRequired":true,"valueName":"search_term_string"}}],"inLanguage":"es"},{"@type":"Organization","@id":"https:\/\/www.pressenza.com\/es\/#organization","name":"Pressenza","url":"https:\/\/www.pressenza.com\/es\/","logo":{"@type":"ImageObject","inLanguage":"es","@id":"https:\/\/www.pressenza.com\/es\/#\/schema\/logo\/image\/","url":"https:\/\/www.pressenza.com\/wp-content\/uploads\/2022\/10\/pressenza_logo_200x200.jpg","contentUrl":"https:\/\/www.pressenza.com\/wp-content\/uploads\/2022\/10\/pressenza_logo_200x200.jpg","width":200,"height":200,"caption":"Pressenza"},"image":{"@id":"https:\/\/www.pressenza.com\/es\/#\/schema\/logo\/image\/"},"sameAs":["https:\/\/www.facebook.com\/PressenzaItalia","https:\/\/x.com\/PressenzaIPA"]},{"@type":"Person","@id":"https:\/\/www.pressenza.com\/es\/#\/schema\/person\/067b08055261ebe3dced4ba2b739b67a","name":"Andr\u00e9s Figueroa Cornejo","url":"https:\/\/www.pressenza.com\/es\/author\/andres-figueroa-cornejo\/"}]}},"place":"Santiago de Chile","original_article_url":"","_links":{"self":[{"href":"https:\/\/www.pressenza.com\/es\/wp-json\/wp\/v2\/posts\/1792956","targetHints":{"allow":["GET"]}}],"collection":[{"href":"https:\/\/www.pressenza.com\/es\/wp-json\/wp\/v2\/posts"}],"about":[{"href":"https:\/\/www.pressenza.com\/es\/wp-json\/wp\/v2\/types\/post"}],"author":[{"embeddable":true,"href":"https:\/\/www.pressenza.com\/es\/wp-json\/wp\/v2\/users\/2122"}],"replies":[{"embeddable":true,"href":"https:\/\/www.pressenza.com\/es\/wp-json\/wp\/v2\/comments?post=1792956"}],"version-history":[{"count":0,"href":"https:\/\/www.pressenza.com\/es\/wp-json\/wp\/v2\/posts\/1792956\/revisions"}],"wp:featuredmedia":[{"embeddable":true,"href":"https:\/\/www.pressenza.com\/es\/wp-json\/wp\/v2\/media\/1792957"}],"wp:attachment":[{"href":"https:\/\/www.pressenza.com\/es\/wp-json\/wp\/v2\/media?parent=1792956"}],"wp:term":[{"taxonomy":"category","embeddable":true,"href":"https:\/\/www.pressenza.com\/es\/wp-json\/wp\/v2\/categories?post=1792956"},{"taxonomy":"post_tag","embeddable":true,"href":"https:\/\/www.pressenza.com\/es\/wp-json\/wp\/v2\/tags?post=1792956"}],"curies":[{"name":"wp","href":"https:\/\/api.w.org\/{rel}","templated":true}]}}