{"id":1792472,"date":"2024-01-10T02:31:24","date_gmt":"2024-01-10T02:31:24","guid":{"rendered":"https:\/\/www.pressenza.com\/?p=1792472"},"modified":"2024-01-10T02:33:58","modified_gmt":"2024-01-10T02:33:58","slug":"tunez-expulsiones-y-detenciones-de-migrantes-subsaharianos","status":"publish","type":"post","link":"https:\/\/www.pressenza.com\/es\/2024\/01\/tunez-expulsiones-y-detenciones-de-migrantes-subsaharianos\/","title":{"rendered":"T\u00fanez: expulsiones y detenciones de migrantes subsaharianos"},"content":{"rendered":"<p><em>Organizaciones y colectivos de defensa de derechos humanos y de derechos de las personas migrantes han levantado una alerta acusatoria contra el gobierno de T\u00fanez y afirman que hay una campa\u00f1a represiva \u00abpara satisfacer el chantaje europeo y garantizar un flujo constante de apoyo financiero y log\u00edstico\u00bb.<\/em><\/p>\n<p>De acuerdo con la informaci\u00f3n compartida por el Foro de Derechos Econ\u00f3micos y Sociales de T\u00fanez, las fronteras con Libia y Argelia, as\u00ed como en las cercan\u00edas de Sfax, una de las ciudades m\u00e1s pobladas de Argelia y paso obligado de quienes van hacia el Mediterr\u00e1neo, la represi\u00f3n a migrantes en mucho m\u00e1s grave: violencias de todo tipo, detenciones arbitrarias, destrucci\u00f3n de propiedades, por ejemplo. Adicionalmente, se denuncia que estas pr\u00e1cticas se est\u00e1n dando tambi\u00e9n con quienes ya viven en el pa\u00eds en condici\u00f3n de refugiados, trabajadores y estudiantes y que quienes son expulsado son internados en centros de detenci\u00f3n.<\/p>\n<p>Tras las denuncias, el presidente Kais Saied ha declarado que T\u00fanez no est\u00e1 cuidando las fronteras de Europa y que su gobierno no est\u00e1 actuando a cambio de dinero. \u00bfCu\u00e1l es entonces el motivo de estas pol\u00edticas represivas? Hace pocos meses atr\u00e1s, Saied afirm\u00f3 que las migraciones subsaharianas eran un plan para modificar la demograf\u00eda de T\u00fanez. Estas declaraciones movilizaron acusaciones de racismo contra el presidente. Al parecer, por tanto, hay dos factores que confluyen como argumentos no expl\u00edcitos de estas acciones vulneradoras de derechos humanos de quienes migran: el dinero y el racismo. Si el pa\u00eds recibe alrededor 110 millones de euros dentro del paquete de ayuda europea, para frenar la migraci\u00f3n y, de otro lado, el flujo de migrantes aumenta sistem\u00e1ticamente, cabe considerar estos factores. <\/p>\n<p>El comunicado del Foro afirma que \u00abla soberan\u00eda no se consigue intimidando a los grupos vulnerables y recurriendo a leyes obsoletas y circulares discriminatorias, sino iniciando pol\u00edticas nacionales que garanticen la dignidad, los derechos y las libertades de todos los seres humanos\u00bb. Ser\u00e1n entonces pol\u00edticas que pongan en el centro a los seres humanos las que abran las puertas a territorios soberanos, sociedades acogientes, vidas plenas. <\/p>\n","protected":false},"excerpt":{"rendered":"<p>Organizaciones y colectivos de defensa de derechos humanos y de derechos de las personas migrantes han levantado una alerta acusatoria contra el gobierno de T\u00fanez y afirman que hay una campa\u00f1a represiva \u00abpara satisfacer el chantaje europeo y garantizar un&hellip;<\/p>\n","protected":false},"author":19,"featured_media":1792496,"comment_status":"closed","ping_status":"closed","sticky":false,"template":"","format":"standard","meta":{"footnotes":""},"categories":[64,11389,79,54574],"tags":[119207,1014,119208],"class_list":["post-1792472","post","type-post","status-publish","format-standard","has-post-thumbnail","hentry","category-africa-es","category-contenido-original","category-derechos-humanos","category-migrantes-es","tag-fronteras-externas","tag-migraciones","tag-migrantes-subsaharianos"],"yoast_head":"<!-- This site is optimized with the Yoast SEO plugin v27.1.1 - https:\/\/yoast.com\/product\/yoast-seo-wordpress\/ -->\n<title>T\u00fanez: expulsiones y detenciones de migrantes subsaharianos<\/title>\n<meta name=\"description\" content=\"Organizaciones y colectivos de defensa de derechos humanos y de derechos de las personas migrantes han levantado una alerta acusatoria contra el gobierno\" \/>\n<meta name=\"robots\" content=\"index, follow, max-snippet:-1, max-image-preview:large, max-video-preview:-1\" \/>\n<link rel=\"canonical\" href=\"https:\/\/www.pressenza.com\/es\/2024\/01\/tunez-expulsiones-y-detenciones-de-migrantes-subsaharianos\/\" \/>\n<meta property=\"og:locale\" content=\"es_ES\" \/>\n<meta property=\"og:type\" content=\"article\" \/>\n<meta property=\"og:title\" content=\"T\u00fanez: expulsiones y detenciones de migrantes subsaharianos\" \/>\n<meta property=\"og:description\" content=\"Organizaciones y colectivos de defensa de derechos humanos y de derechos de las personas migrantes han levantado una alerta acusatoria contra el gobierno\" \/>\n<meta property=\"og:url\" content=\"https:\/\/www.pressenza.com\/es\/2024\/01\/tunez-expulsiones-y-detenciones-de-migrantes-subsaharianos\/\" \/>\n<meta property=\"og:site_name\" content=\"Pressenza\" \/>\n<meta property=\"article:publisher\" content=\"https:\/\/www.facebook.com\/PressenzaItalia\" \/>\n<meta property=\"article:author\" content=\"https:\/\/www.facebook.com\/pressenza\" \/>\n<meta property=\"article:published_time\" content=\"2024-01-10T02:31:24+00:00\" \/>\n<meta property=\"article:modified_time\" content=\"2024-01-10T02:33:58+00:00\" \/>\n<meta property=\"og:image\" content=\"https:\/\/www.pressenza.com\/wp-content\/uploads\/2024\/01\/mapa-tunez.jpg\" \/>\n\t<meta property=\"og:image:width\" content=\"281\" \/>\n\t<meta property=\"og:image:height\" content=\"180\" \/>\n\t<meta property=\"og:image:type\" content=\"image\/jpeg\" \/>\n<meta name=\"author\" content=\"Pressenza IPA\" \/>\n<meta name=\"twitter:card\" content=\"summary_large_image\" \/>\n<meta name=\"twitter:creator\" content=\"@PressenzaIPA\" \/>\n<meta name=\"twitter:site\" content=\"@PressenzaIPA\" \/>\n<meta name=\"twitter:label1\" content=\"Escrito por\" \/>\n\t<meta name=\"twitter:data1\" content=\"Pressenza IPA\" \/>\n\t<meta name=\"twitter:label2\" content=\"Tiempo de lectura\" \/>\n\t<meta name=\"twitter:data2\" content=\"2 minutos\" \/>\n<script type=\"application\/ld+json\" class=\"yoast-schema-graph\">{\"@context\":\"https:\/\/schema.org\",\"@graph\":[{\"@type\":\"Article\",\"@id\":\"https:\/\/www.pressenza.com\/es\/2024\/01\/tunez-expulsiones-y-detenciones-de-migrantes-subsaharianos\/#article\",\"isPartOf\":{\"@id\":\"https:\/\/www.pressenza.com\/es\/2024\/01\/tunez-expulsiones-y-detenciones-de-migrantes-subsaharianos\/\"},\"author\":{\"name\":\"Pressenza IPA\",\"@id\":\"https:\/\/www.pressenza.com\/es\/#\/schema\/person\/010e5d02bcf40965427a1289a4cc8d75\"},\"headline\":\"T\u00fanez: expulsiones y detenciones de migrantes subsaharianos\",\"datePublished\":\"2024-01-10T02:31:24+00:00\",\"dateModified\":\"2024-01-10T02:33:58+00:00\",\"mainEntityOfPage\":{\"@id\":\"https:\/\/www.pressenza.com\/es\/2024\/01\/tunez-expulsiones-y-detenciones-de-migrantes-subsaharianos\/\"},\"wordCount\":379,\"publisher\":{\"@id\":\"https:\/\/www.pressenza.com\/es\/#organization\"},\"image\":{\"@id\":\"https:\/\/www.pressenza.com\/es\/2024\/01\/tunez-expulsiones-y-detenciones-de-migrantes-subsaharianos\/#primaryimage\"},\"thumbnailUrl\":\"https:\/\/www.pressenza.com\/wp-content\/uploads\/2024\/01\/mapa-tunez.jpg\",\"keywords\":[\"Fronteras Externas\",\"migraciones\",\"migrantes subsaharianos\"],\"articleSection\":[\"Africa\",\"Contenido Original\",\"Derechos Humanos\",\"Migrantes\"],\"inLanguage\":\"es\"},{\"@type\":\"WebPage\",\"@id\":\"https:\/\/www.pressenza.com\/es\/2024\/01\/tunez-expulsiones-y-detenciones-de-migrantes-subsaharianos\/\",\"url\":\"https:\/\/www.pressenza.com\/es\/2024\/01\/tunez-expulsiones-y-detenciones-de-migrantes-subsaharianos\/\",\"name\":\"T\u00fanez: expulsiones y detenciones de migrantes subsaharianos\",\"isPartOf\":{\"@id\":\"https:\/\/www.pressenza.com\/es\/#website\"},\"primaryImageOfPage\":{\"@id\":\"https:\/\/www.pressenza.com\/es\/2024\/01\/tunez-expulsiones-y-detenciones-de-migrantes-subsaharianos\/#primaryimage\"},\"image\":{\"@id\":\"https:\/\/www.pressenza.com\/es\/2024\/01\/tunez-expulsiones-y-detenciones-de-migrantes-subsaharianos\/#primaryimage\"},\"thumbnailUrl\":\"https:\/\/www.pressenza.com\/wp-content\/uploads\/2024\/01\/mapa-tunez.jpg\",\"datePublished\":\"2024-01-10T02:31:24+00:00\",\"dateModified\":\"2024-01-10T02:33:58+00:00\",\"description\":\"Organizaciones y colectivos de defensa de derechos humanos y de derechos de las personas migrantes han levantado una alerta acusatoria contra el gobierno\",\"breadcrumb\":{\"@id\":\"https:\/\/www.pressenza.com\/es\/2024\/01\/tunez-expulsiones-y-detenciones-de-migrantes-subsaharianos\/#breadcrumb\"},\"inLanguage\":\"es\",\"potentialAction\":[{\"@type\":\"ReadAction\",\"target\":[\"https:\/\/www.pressenza.com\/es\/2024\/01\/tunez-expulsiones-y-detenciones-de-migrantes-subsaharianos\/\"]}]},{\"@type\":\"ImageObject\",\"inLanguage\":\"es\",\"@id\":\"https:\/\/www.pressenza.com\/es\/2024\/01\/tunez-expulsiones-y-detenciones-de-migrantes-subsaharianos\/#primaryimage\",\"url\":\"https:\/\/www.pressenza.com\/wp-content\/uploads\/2024\/01\/mapa-tunez.jpg\",\"contentUrl\":\"https:\/\/www.pressenza.com\/wp-content\/uploads\/2024\/01\/mapa-tunez.jpg\",\"width\":281,\"height\":180},{\"@type\":\"BreadcrumbList\",\"@id\":\"https:\/\/www.pressenza.com\/es\/2024\/01\/tunez-expulsiones-y-detenciones-de-migrantes-subsaharianos\/#breadcrumb\",\"itemListElement\":[{\"@type\":\"ListItem\",\"position\":1,\"name\":\"Accueil\",\"item\":\"https:\/\/www.pressenza.com\/es\/\"},{\"@type\":\"ListItem\",\"position\":2,\"name\":\"T\u00fanez: expulsiones y detenciones de migrantes subsaharianos\"}]},{\"@type\":\"WebSite\",\"@id\":\"https:\/\/www.pressenza.com\/es\/#website\",\"url\":\"https:\/\/www.pressenza.com\/es\/\",\"name\":\"Pressenza\",\"description\":\"International Press Agency\",\"publisher\":{\"@id\":\"https:\/\/www.pressenza.com\/es\/#organization\"},\"potentialAction\":[{\"@type\":\"SearchAction\",\"target\":{\"@type\":\"EntryPoint\",\"urlTemplate\":\"https:\/\/www.pressenza.com\/es\/?s={search_term_string}\"},\"query-input\":{\"@type\":\"PropertyValueSpecification\",\"valueRequired\":true,\"valueName\":\"search_term_string\"}}],\"inLanguage\":\"es\"},{\"@type\":\"Organization\",\"@id\":\"https:\/\/www.pressenza.com\/es\/#organization\",\"name\":\"Pressenza\",\"url\":\"https:\/\/www.pressenza.com\/es\/\",\"logo\":{\"@type\":\"ImageObject\",\"inLanguage\":\"es\",\"@id\":\"https:\/\/www.pressenza.com\/es\/#\/schema\/logo\/image\/\",\"url\":\"https:\/\/www.pressenza.com\/wp-content\/uploads\/2022\/10\/pressenza_logo_200x200.jpg\",\"contentUrl\":\"https:\/\/www.pressenza.com\/wp-content\/uploads\/2022\/10\/pressenza_logo_200x200.jpg\",\"width\":200,\"height\":200,\"caption\":\"Pressenza\"},\"image\":{\"@id\":\"https:\/\/www.pressenza.com\/es\/#\/schema\/logo\/image\/\"},\"sameAs\":[\"https:\/\/www.facebook.com\/PressenzaItalia\",\"https:\/\/x.com\/PressenzaIPA\"]},{\"@type\":\"Person\",\"@id\":\"https:\/\/www.pressenza.com\/es\/#\/schema\/person\/010e5d02bcf40965427a1289a4cc8d75\",\"name\":\"Pressenza IPA\",\"description\":\"News from Pressenza IPA correspondents\",\"sameAs\":[\"https:\/\/www.facebook.com\/pressenza\",\"https:\/\/x.com\/PressenzaIPA\"],\"url\":\"https:\/\/www.pressenza.com\/es\/author\/pressenza-ipa\/\"}]}<\/script>\n<!-- \/ Yoast SEO plugin. -->","yoast_head_json":{"title":"T\u00fanez: expulsiones y detenciones de migrantes subsaharianos","description":"Organizaciones y colectivos de defensa de derechos humanos y de derechos de las personas migrantes han levantado una alerta acusatoria contra el gobierno","robots":{"index":"index","follow":"follow","max-snippet":"max-snippet:-1","max-image-preview":"max-image-preview:large","max-video-preview":"max-video-preview:-1"},"canonical":"https:\/\/www.pressenza.com\/es\/2024\/01\/tunez-expulsiones-y-detenciones-de-migrantes-subsaharianos\/","og_locale":"es_ES","og_type":"article","og_title":"T\u00fanez: expulsiones y detenciones de migrantes subsaharianos","og_description":"Organizaciones y colectivos de defensa de derechos humanos y de derechos de las personas migrantes han levantado una alerta acusatoria contra el gobierno","og_url":"https:\/\/www.pressenza.com\/es\/2024\/01\/tunez-expulsiones-y-detenciones-de-migrantes-subsaharianos\/","og_site_name":"Pressenza","article_publisher":"https:\/\/www.facebook.com\/PressenzaItalia","article_author":"https:\/\/www.facebook.com\/pressenza","article_published_time":"2024-01-10T02:31:24+00:00","article_modified_time":"2024-01-10T02:33:58+00:00","og_image":[{"width":281,"height":180,"url":"https:\/\/www.pressenza.com\/wp-content\/uploads\/2024\/01\/mapa-tunez.jpg","type":"image\/jpeg"}],"author":"Pressenza IPA","twitter_card":"summary_large_image","twitter_creator":"@PressenzaIPA","twitter_site":"@PressenzaIPA","twitter_misc":{"Escrito por":"Pressenza IPA","Tiempo de lectura":"2 minutos"},"schema":{"@context":"https:\/\/schema.org","@graph":[{"@type":"Article","@id":"https:\/\/www.pressenza.com\/es\/2024\/01\/tunez-expulsiones-y-detenciones-de-migrantes-subsaharianos\/#article","isPartOf":{"@id":"https:\/\/www.pressenza.com\/es\/2024\/01\/tunez-expulsiones-y-detenciones-de-migrantes-subsaharianos\/"},"author":{"name":"Pressenza IPA","@id":"https:\/\/www.pressenza.com\/es\/#\/schema\/person\/010e5d02bcf40965427a1289a4cc8d75"},"headline":"T\u00fanez: expulsiones y detenciones de migrantes subsaharianos","datePublished":"2024-01-10T02:31:24+00:00","dateModified":"2024-01-10T02:33:58+00:00","mainEntityOfPage":{"@id":"https:\/\/www.pressenza.com\/es\/2024\/01\/tunez-expulsiones-y-detenciones-de-migrantes-subsaharianos\/"},"wordCount":379,"publisher":{"@id":"https:\/\/www.pressenza.com\/es\/#organization"},"image":{"@id":"https:\/\/www.pressenza.com\/es\/2024\/01\/tunez-expulsiones-y-detenciones-de-migrantes-subsaharianos\/#primaryimage"},"thumbnailUrl":"https:\/\/www.pressenza.com\/wp-content\/uploads\/2024\/01\/mapa-tunez.jpg","keywords":["Fronteras Externas","migraciones","migrantes subsaharianos"],"articleSection":["Africa","Contenido Original","Derechos Humanos","Migrantes"],"inLanguage":"es"},{"@type":"WebPage","@id":"https:\/\/www.pressenza.com\/es\/2024\/01\/tunez-expulsiones-y-detenciones-de-migrantes-subsaharianos\/","url":"https:\/\/www.pressenza.com\/es\/2024\/01\/tunez-expulsiones-y-detenciones-de-migrantes-subsaharianos\/","name":"T\u00fanez: expulsiones y detenciones de migrantes subsaharianos","isPartOf":{"@id":"https:\/\/www.pressenza.com\/es\/#website"},"primaryImageOfPage":{"@id":"https:\/\/www.pressenza.com\/es\/2024\/01\/tunez-expulsiones-y-detenciones-de-migrantes-subsaharianos\/#primaryimage"},"image":{"@id":"https:\/\/www.pressenza.com\/es\/2024\/01\/tunez-expulsiones-y-detenciones-de-migrantes-subsaharianos\/#primaryimage"},"thumbnailUrl":"https:\/\/www.pressenza.com\/wp-content\/uploads\/2024\/01\/mapa-tunez.jpg","datePublished":"2024-01-10T02:31:24+00:00","dateModified":"2024-01-10T02:33:58+00:00","description":"Organizaciones y colectivos de defensa de derechos humanos y de derechos de las personas migrantes han levantado una alerta acusatoria contra el gobierno","breadcrumb":{"@id":"https:\/\/www.pressenza.com\/es\/2024\/01\/tunez-expulsiones-y-detenciones-de-migrantes-subsaharianos\/#breadcrumb"},"inLanguage":"es","potentialAction":[{"@type":"ReadAction","target":["https:\/\/www.pressenza.com\/es\/2024\/01\/tunez-expulsiones-y-detenciones-de-migrantes-subsaharianos\/"]}]},{"@type":"ImageObject","inLanguage":"es","@id":"https:\/\/www.pressenza.com\/es\/2024\/01\/tunez-expulsiones-y-detenciones-de-migrantes-subsaharianos\/#primaryimage","url":"https:\/\/www.pressenza.com\/wp-content\/uploads\/2024\/01\/mapa-tunez.jpg","contentUrl":"https:\/\/www.pressenza.com\/wp-content\/uploads\/2024\/01\/mapa-tunez.jpg","width":281,"height":180},{"@type":"BreadcrumbList","@id":"https:\/\/www.pressenza.com\/es\/2024\/01\/tunez-expulsiones-y-detenciones-de-migrantes-subsaharianos\/#breadcrumb","itemListElement":[{"@type":"ListItem","position":1,"name":"Accueil","item":"https:\/\/www.pressenza.com\/es\/"},{"@type":"ListItem","position":2,"name":"T\u00fanez: expulsiones y detenciones de migrantes subsaharianos"}]},{"@type":"WebSite","@id":"https:\/\/www.pressenza.com\/es\/#website","url":"https:\/\/www.pressenza.com\/es\/","name":"Pressenza","description":"International Press Agency","publisher":{"@id":"https:\/\/www.pressenza.com\/es\/#organization"},"potentialAction":[{"@type":"SearchAction","target":{"@type":"EntryPoint","urlTemplate":"https:\/\/www.pressenza.com\/es\/?s={search_term_string}"},"query-input":{"@type":"PropertyValueSpecification","valueRequired":true,"valueName":"search_term_string"}}],"inLanguage":"es"},{"@type":"Organization","@id":"https:\/\/www.pressenza.com\/es\/#organization","name":"Pressenza","url":"https:\/\/www.pressenza.com\/es\/","logo":{"@type":"ImageObject","inLanguage":"es","@id":"https:\/\/www.pressenza.com\/es\/#\/schema\/logo\/image\/","url":"https:\/\/www.pressenza.com\/wp-content\/uploads\/2022\/10\/pressenza_logo_200x200.jpg","contentUrl":"https:\/\/www.pressenza.com\/wp-content\/uploads\/2022\/10\/pressenza_logo_200x200.jpg","width":200,"height":200,"caption":"Pressenza"},"image":{"@id":"https:\/\/www.pressenza.com\/es\/#\/schema\/logo\/image\/"},"sameAs":["https:\/\/www.facebook.com\/PressenzaItalia","https:\/\/x.com\/PressenzaIPA"]},{"@type":"Person","@id":"https:\/\/www.pressenza.com\/es\/#\/schema\/person\/010e5d02bcf40965427a1289a4cc8d75","name":"Pressenza IPA","description":"News from Pressenza IPA correspondents","sameAs":["https:\/\/www.facebook.com\/pressenza","https:\/\/x.com\/PressenzaIPA"],"url":"https:\/\/www.pressenza.com\/es\/author\/pressenza-ipa\/"}]}},"place":"T\u00fanez","original_article_url":"","_links":{"self":[{"href":"https:\/\/www.pressenza.com\/es\/wp-json\/wp\/v2\/posts\/1792472","targetHints":{"allow":["GET"]}}],"collection":[{"href":"https:\/\/www.pressenza.com\/es\/wp-json\/wp\/v2\/posts"}],"about":[{"href":"https:\/\/www.pressenza.com\/es\/wp-json\/wp\/v2\/types\/post"}],"author":[{"embeddable":true,"href":"https:\/\/www.pressenza.com\/es\/wp-json\/wp\/v2\/users\/19"}],"replies":[{"embeddable":true,"href":"https:\/\/www.pressenza.com\/es\/wp-json\/wp\/v2\/comments?post=1792472"}],"version-history":[{"count":0,"href":"https:\/\/www.pressenza.com\/es\/wp-json\/wp\/v2\/posts\/1792472\/revisions"}],"wp:featuredmedia":[{"embeddable":true,"href":"https:\/\/www.pressenza.com\/es\/wp-json\/wp\/v2\/media\/1792496"}],"wp:attachment":[{"href":"https:\/\/www.pressenza.com\/es\/wp-json\/wp\/v2\/media?parent=1792472"}],"wp:term":[{"taxonomy":"category","embeddable":true,"href":"https:\/\/www.pressenza.com\/es\/wp-json\/wp\/v2\/categories?post=1792472"},{"taxonomy":"post_tag","embeddable":true,"href":"https:\/\/www.pressenza.com\/es\/wp-json\/wp\/v2\/tags?post=1792472"}],"curies":[{"name":"wp","href":"https:\/\/api.w.org\/{rel}","templated":true}]}}