{"id":1792283,"date":"2024-01-08T23:10:34","date_gmt":"2024-01-08T23:10:34","guid":{"rendered":"https:\/\/www.pressenza.com\/?p=1792283"},"modified":"2024-01-08T23:10:34","modified_gmt":"2024-01-08T23:10:34","slug":"enero-2024-la-agencia-internacional-de-noticias-pressenza-celebra-su-independencia-economica","status":"publish","type":"post","link":"https:\/\/www.pressenza.com\/es\/2024\/01\/enero-2024-la-agencia-internacional-de-noticias-pressenza-celebra-su-independencia-economica\/","title":{"rendered":"Enero 2024: La agencia internacional de noticias Pressenza celebra su independencia econ\u00f3mica"},"content":{"rendered":"<p>Desde el 1\u00ba de enero de 2024, la agencia internacional de noticias Pressenza ha lanzado su campa\u00f1a financiera anual, de un mes de duraci\u00f3n.<\/p>\n<p>Como es sabido, la organizaci\u00f3n es un espacio abierto a la expresi\u00f3n y la informaci\u00f3n de la base social, que opera con la perspectiva de la no violencia y crea alianzas mutuas con medios de comunicaci\u00f3n y movimientos sociales, participando en una amplia red de colaboraci\u00f3n internacional.<\/p>\n<p>El objetivo es difundir las propuestas locales de cambio en todo el mundo, privilegiando tem\u00e1ticas de Humanismo, Paz, No-Violencia, Derechos Humanos, Desarme y Diversidad, ofreciendo una perspectiva distinta al sombr\u00edo panorama de los medios hegem\u00f3nicos de difusi\u00f3n actuales.<\/p>\n<p>Este proyecto, que ya cumple 15 a\u00f1os, se sostiene en base al trabajo voluntario de cientos de colaboradores, periodistas, fot\u00f3grafos, videastas, programadores, entre otras tantas funciones, pero tambi\u00e9n necesita recursos econ\u00f3micos que, desde su misma fundaci\u00f3n, son proporcionados por quienes se sienten llamados a contribuir desde cualquier lugar del mundo.<\/p>\n<p>Por eso es que la agencia nos invita a participar de su sostenimiento aut\u00f3nomo con una contribuci\u00f3n en el transcurso de enero para financiar los proyectos previstos para 2024.<\/p>\n<p>Adem\u00e1s de financiar los costos fijos de la agencia (coberturas, distribuci\u00f3n, programas de comunicaci\u00f3n, soporte t\u00e9cnico, legal y contable, suscripci\u00f3n a asociaciones de corresponsales, entre otros), este a\u00f1o la agencia espera promover un nuevo plan de desarrollo y ampliaci\u00f3n, abriendo redacciones en nuevas \u00e1reas culturales y geogr\u00e1ficas en sus respectivos idiomas, como el mundo \u00e1rabe, \u00c1frica, Rusia, India y China, con miras a convertirse en una organizaci\u00f3n de informaci\u00f3n multicultural.<\/p>\n<p>Dentro de los objetivos inmediatos est\u00e1n la traducci\u00f3n, edici\u00f3n y publicaci\u00f3n del libro \u00abPeriodismo No violento\u00bb en todos los idiomas en que la agencia opera y en los pa\u00edses en que a\u00fan no ha sido publicado. La publicaci\u00f3n del libro ir\u00e1 acompa\u00f1ada de presentaciones p\u00fablicas y seminarios educativos h\u00edbridos. Un objetivo importante es integrar el contenido de este libro como curso en universidades de distintos continentes que alojan estudios en periodismo y comunicaci\u00f3n.<\/p>\n<p>Tambi\u00e9n integran los planes de la agencia para este a\u00f1o ampliar sus capacidades tecnol\u00f3gicas y fortalecer la promoci\u00f3n de las noticias en redes sociales tanto libres como comerciales.<\/p>\n<p>Toda persona que decida participar y fortalecer esta colecta elige la cantidad con la que contribuir\u00e1 seg\u00fan sus posibilidades.<\/p>\n<p>La recolecci\u00f3n de recursos financieros expira el 31 de enero y la campa\u00f1a solo tiene lugar una vez al a\u00f1o.<\/p>\n<p>La contribuci\u00f3n se puede realizar mediante dep\u00f3sito a una cuenta bancaria (ver <a href=\"https:\/\/www.pressenza.com\/es\/donacion\/\">datos<\/a>), a trav\u00e9s de <a href=\"https:\/\/www.paypal.com\/donate?hosted_button_id=NDE7SEWNR2RQE\">PayPal<\/a> o consultando por <a href=\"https:\/\/www.pressenza.com\/es\/contactenos\/\">correo electr\u00f3nico<\/a> a los responsables de informaci\u00f3n general en cada idioma, editores o co-directores de la agencia.<\/p>\n<p><iframe loading=\"lazy\" title=\"YouTube video player\" src=\"https:\/\/www.youtube.com\/embed\/-jU1aXLGyvg?si=uvrxbAT_rce-_c2p\" width=\"560\" height=\"315\" frameborder=\"0\" allowfullscreen=\"allowfullscreen\"><\/iframe><\/p>\n","protected":false},"excerpt":{"rendered":"<p>Desde el 1\u00ba de enero de 2024, la agencia internacional de noticias Pressenza ha lanzado su campa\u00f1a financiera anual, de un mes de duraci\u00f3n. Como es sabido, la organizaci\u00f3n es un espacio abierto a la expresi\u00f3n y la informaci\u00f3n de&hellip;<\/p>\n","protected":false},"author":19,"featured_media":1792287,"comment_status":"closed","ping_status":"closed","sticky":false,"template":"","format":"standard","meta":{"footnotes":""},"categories":[11389,75,39],"tags":[119164,65116,119163,1667],"class_list":["post-1792283","post","type-post","status-publish","format-standard","has-post-thumbnail","hentry","category-contenido-original","category-cultura-es","category-internacional","tag-contribuciones","tag-independencia-financiera","tag-otra-comunicacion","tag-pressenza-es"],"yoast_head":"<!-- This site is optimized with the Yoast SEO plugin v27.1.1 - https:\/\/yoast.com\/product\/yoast-seo-wordpress\/ -->\n<title>Enero 2024: La agencia internacional de noticias Pressenza celebra su independencia econ\u00f3mica<\/title>\n<meta name=\"description\" content=\"Desde el 1\u00ba de enero de 2024, la agencia internacional de noticias Pressenza ha lanzado su campa\u00f1a financiera anual, de un mes de duraci\u00f3n. Como es\" \/>\n<meta name=\"robots\" content=\"index, follow, max-snippet:-1, max-image-preview:large, max-video-preview:-1\" \/>\n<link rel=\"canonical\" href=\"https:\/\/www.pressenza.com\/es\/2024\/01\/enero-2024-la-agencia-internacional-de-noticias-pressenza-celebra-su-independencia-economica\/\" \/>\n<meta property=\"og:locale\" content=\"es_ES\" \/>\n<meta property=\"og:type\" content=\"article\" \/>\n<meta property=\"og:title\" content=\"Enero 2024: La agencia internacional de noticias Pressenza celebra su independencia econ\u00f3mica\" \/>\n<meta property=\"og:description\" content=\"Desde el 1\u00ba de enero de 2024, la agencia internacional de noticias Pressenza ha lanzado su campa\u00f1a financiera anual, de un mes de duraci\u00f3n. Como es\" \/>\n<meta property=\"og:url\" content=\"https:\/\/www.pressenza.com\/es\/2024\/01\/enero-2024-la-agencia-internacional-de-noticias-pressenza-celebra-su-independencia-economica\/\" \/>\n<meta property=\"og:site_name\" content=\"Pressenza\" \/>\n<meta property=\"article:publisher\" content=\"https:\/\/www.facebook.com\/PressenzaItalia\" \/>\n<meta property=\"article:author\" content=\"https:\/\/www.facebook.com\/pressenza\" \/>\n<meta property=\"article:published_time\" content=\"2024-01-08T23:10:34+00:00\" \/>\n<meta property=\"og:image\" content=\"https:\/\/www.pressenza.com\/wp-content\/uploads\/2024\/01\/Nuevo-logo-pressenza.jpg\" \/>\n\t<meta property=\"og:image:width\" content=\"750\" \/>\n\t<meta property=\"og:image:height\" content=\"422\" \/>\n\t<meta property=\"og:image:type\" content=\"image\/jpeg\" \/>\n<meta name=\"author\" content=\"Pressenza IPA\" \/>\n<meta name=\"twitter:card\" content=\"summary_large_image\" \/>\n<meta name=\"twitter:creator\" content=\"@PressenzaIPA\" \/>\n<meta name=\"twitter:site\" content=\"@PressenzaIPA\" \/>\n<meta name=\"twitter:label1\" content=\"Escrito por\" \/>\n\t<meta name=\"twitter:data1\" content=\"Pressenza IPA\" \/>\n\t<meta name=\"twitter:label2\" content=\"Tiempo de lectura\" \/>\n\t<meta name=\"twitter:data2\" content=\"2 minutos\" \/>\n<script type=\"application\/ld+json\" class=\"yoast-schema-graph\">{\"@context\":\"https:\/\/schema.org\",\"@graph\":[{\"@type\":\"Article\",\"@id\":\"https:\/\/www.pressenza.com\/es\/2024\/01\/enero-2024-la-agencia-internacional-de-noticias-pressenza-celebra-su-independencia-economica\/#article\",\"isPartOf\":{\"@id\":\"https:\/\/www.pressenza.com\/es\/2024\/01\/enero-2024-la-agencia-internacional-de-noticias-pressenza-celebra-su-independencia-economica\/\"},\"author\":{\"name\":\"Pressenza IPA\",\"@id\":\"https:\/\/www.pressenza.com\/es\/#\/schema\/person\/010e5d02bcf40965427a1289a4cc8d75\"},\"headline\":\"Enero 2024: La agencia internacional de noticias Pressenza celebra su independencia econ\u00f3mica\",\"datePublished\":\"2024-01-08T23:10:34+00:00\",\"mainEntityOfPage\":{\"@id\":\"https:\/\/www.pressenza.com\/es\/2024\/01\/enero-2024-la-agencia-internacional-de-noticias-pressenza-celebra-su-independencia-economica\/\"},\"wordCount\":494,\"publisher\":{\"@id\":\"https:\/\/www.pressenza.com\/es\/#organization\"},\"image\":{\"@id\":\"https:\/\/www.pressenza.com\/es\/2024\/01\/enero-2024-la-agencia-internacional-de-noticias-pressenza-celebra-su-independencia-economica\/#primaryimage\"},\"thumbnailUrl\":\"https:\/\/www.pressenza.com\/wp-content\/uploads\/2024\/01\/Nuevo-logo-pressenza.jpg\",\"keywords\":[\"contribuciones\",\"Independencia financiera\",\"otra comunicaci\u00f3n\",\"Pressenza\"],\"articleSection\":[\"Contenido Original\",\"Cultura y Medios\",\"Internacional\"],\"inLanguage\":\"es\"},{\"@type\":\"WebPage\",\"@id\":\"https:\/\/www.pressenza.com\/es\/2024\/01\/enero-2024-la-agencia-internacional-de-noticias-pressenza-celebra-su-independencia-economica\/\",\"url\":\"https:\/\/www.pressenza.com\/es\/2024\/01\/enero-2024-la-agencia-internacional-de-noticias-pressenza-celebra-su-independencia-economica\/\",\"name\":\"Enero 2024: La agencia internacional de noticias Pressenza celebra su independencia econ\u00f3mica\",\"isPartOf\":{\"@id\":\"https:\/\/www.pressenza.com\/es\/#website\"},\"primaryImageOfPage\":{\"@id\":\"https:\/\/www.pressenza.com\/es\/2024\/01\/enero-2024-la-agencia-internacional-de-noticias-pressenza-celebra-su-independencia-economica\/#primaryimage\"},\"image\":{\"@id\":\"https:\/\/www.pressenza.com\/es\/2024\/01\/enero-2024-la-agencia-internacional-de-noticias-pressenza-celebra-su-independencia-economica\/#primaryimage\"},\"thumbnailUrl\":\"https:\/\/www.pressenza.com\/wp-content\/uploads\/2024\/01\/Nuevo-logo-pressenza.jpg\",\"datePublished\":\"2024-01-08T23:10:34+00:00\",\"description\":\"Desde el 1\u00ba de enero de 2024, la agencia internacional de noticias Pressenza ha lanzado su campa\u00f1a financiera anual, de un mes de duraci\u00f3n. Como es\",\"breadcrumb\":{\"@id\":\"https:\/\/www.pressenza.com\/es\/2024\/01\/enero-2024-la-agencia-internacional-de-noticias-pressenza-celebra-su-independencia-economica\/#breadcrumb\"},\"inLanguage\":\"es\",\"potentialAction\":[{\"@type\":\"ReadAction\",\"target\":[\"https:\/\/www.pressenza.com\/es\/2024\/01\/enero-2024-la-agencia-internacional-de-noticias-pressenza-celebra-su-independencia-economica\/\"]}]},{\"@type\":\"ImageObject\",\"inLanguage\":\"es\",\"@id\":\"https:\/\/www.pressenza.com\/es\/2024\/01\/enero-2024-la-agencia-internacional-de-noticias-pressenza-celebra-su-independencia-economica\/#primaryimage\",\"url\":\"https:\/\/www.pressenza.com\/wp-content\/uploads\/2024\/01\/Nuevo-logo-pressenza.jpg\",\"contentUrl\":\"https:\/\/www.pressenza.com\/wp-content\/uploads\/2024\/01\/Nuevo-logo-pressenza.jpg\",\"width\":750,\"height\":422},{\"@type\":\"BreadcrumbList\",\"@id\":\"https:\/\/www.pressenza.com\/es\/2024\/01\/enero-2024-la-agencia-internacional-de-noticias-pressenza-celebra-su-independencia-economica\/#breadcrumb\",\"itemListElement\":[{\"@type\":\"ListItem\",\"position\":1,\"name\":\"Accueil\",\"item\":\"https:\/\/www.pressenza.com\/es\/\"},{\"@type\":\"ListItem\",\"position\":2,\"name\":\"Enero 2024: La agencia internacional de noticias Pressenza celebra su independencia econ\u00f3mica\"}]},{\"@type\":\"WebSite\",\"@id\":\"https:\/\/www.pressenza.com\/es\/#website\",\"url\":\"https:\/\/www.pressenza.com\/es\/\",\"name\":\"Pressenza\",\"description\":\"International Press Agency\",\"publisher\":{\"@id\":\"https:\/\/www.pressenza.com\/es\/#organization\"},\"potentialAction\":[{\"@type\":\"SearchAction\",\"target\":{\"@type\":\"EntryPoint\",\"urlTemplate\":\"https:\/\/www.pressenza.com\/es\/?s={search_term_string}\"},\"query-input\":{\"@type\":\"PropertyValueSpecification\",\"valueRequired\":true,\"valueName\":\"search_term_string\"}}],\"inLanguage\":\"es\"},{\"@type\":\"Organization\",\"@id\":\"https:\/\/www.pressenza.com\/es\/#organization\",\"name\":\"Pressenza\",\"url\":\"https:\/\/www.pressenza.com\/es\/\",\"logo\":{\"@type\":\"ImageObject\",\"inLanguage\":\"es\",\"@id\":\"https:\/\/www.pressenza.com\/es\/#\/schema\/logo\/image\/\",\"url\":\"https:\/\/www.pressenza.com\/wp-content\/uploads\/2022\/10\/pressenza_logo_200x200.jpg\",\"contentUrl\":\"https:\/\/www.pressenza.com\/wp-content\/uploads\/2022\/10\/pressenza_logo_200x200.jpg\",\"width\":200,\"height\":200,\"caption\":\"Pressenza\"},\"image\":{\"@id\":\"https:\/\/www.pressenza.com\/es\/#\/schema\/logo\/image\/\"},\"sameAs\":[\"https:\/\/www.facebook.com\/PressenzaItalia\",\"https:\/\/x.com\/PressenzaIPA\"]},{\"@type\":\"Person\",\"@id\":\"https:\/\/www.pressenza.com\/es\/#\/schema\/person\/010e5d02bcf40965427a1289a4cc8d75\",\"name\":\"Pressenza IPA\",\"description\":\"News from Pressenza IPA correspondents\",\"sameAs\":[\"https:\/\/www.facebook.com\/pressenza\",\"https:\/\/x.com\/PressenzaIPA\"],\"url\":\"https:\/\/www.pressenza.com\/es\/author\/pressenza-ipa\/\"}]}<\/script>\n<!-- \/ Yoast SEO plugin. -->","yoast_head_json":{"title":"Enero 2024: La agencia internacional de noticias Pressenza celebra su independencia econ\u00f3mica","description":"Desde el 1\u00ba de enero de 2024, la agencia internacional de noticias Pressenza ha lanzado su campa\u00f1a financiera anual, de un mes de duraci\u00f3n. Como es","robots":{"index":"index","follow":"follow","max-snippet":"max-snippet:-1","max-image-preview":"max-image-preview:large","max-video-preview":"max-video-preview:-1"},"canonical":"https:\/\/www.pressenza.com\/es\/2024\/01\/enero-2024-la-agencia-internacional-de-noticias-pressenza-celebra-su-independencia-economica\/","og_locale":"es_ES","og_type":"article","og_title":"Enero 2024: La agencia internacional de noticias Pressenza celebra su independencia econ\u00f3mica","og_description":"Desde el 1\u00ba de enero de 2024, la agencia internacional de noticias Pressenza ha lanzado su campa\u00f1a financiera anual, de un mes de duraci\u00f3n. Como es","og_url":"https:\/\/www.pressenza.com\/es\/2024\/01\/enero-2024-la-agencia-internacional-de-noticias-pressenza-celebra-su-independencia-economica\/","og_site_name":"Pressenza","article_publisher":"https:\/\/www.facebook.com\/PressenzaItalia","article_author":"https:\/\/www.facebook.com\/pressenza","article_published_time":"2024-01-08T23:10:34+00:00","og_image":[{"width":750,"height":422,"url":"https:\/\/www.pressenza.com\/wp-content\/uploads\/2024\/01\/Nuevo-logo-pressenza.jpg","type":"image\/jpeg"}],"author":"Pressenza IPA","twitter_card":"summary_large_image","twitter_creator":"@PressenzaIPA","twitter_site":"@PressenzaIPA","twitter_misc":{"Escrito por":"Pressenza IPA","Tiempo de lectura":"2 minutos"},"schema":{"@context":"https:\/\/schema.org","@graph":[{"@type":"Article","@id":"https:\/\/www.pressenza.com\/es\/2024\/01\/enero-2024-la-agencia-internacional-de-noticias-pressenza-celebra-su-independencia-economica\/#article","isPartOf":{"@id":"https:\/\/www.pressenza.com\/es\/2024\/01\/enero-2024-la-agencia-internacional-de-noticias-pressenza-celebra-su-independencia-economica\/"},"author":{"name":"Pressenza IPA","@id":"https:\/\/www.pressenza.com\/es\/#\/schema\/person\/010e5d02bcf40965427a1289a4cc8d75"},"headline":"Enero 2024: La agencia internacional de noticias Pressenza celebra su independencia econ\u00f3mica","datePublished":"2024-01-08T23:10:34+00:00","mainEntityOfPage":{"@id":"https:\/\/www.pressenza.com\/es\/2024\/01\/enero-2024-la-agencia-internacional-de-noticias-pressenza-celebra-su-independencia-economica\/"},"wordCount":494,"publisher":{"@id":"https:\/\/www.pressenza.com\/es\/#organization"},"image":{"@id":"https:\/\/www.pressenza.com\/es\/2024\/01\/enero-2024-la-agencia-internacional-de-noticias-pressenza-celebra-su-independencia-economica\/#primaryimage"},"thumbnailUrl":"https:\/\/www.pressenza.com\/wp-content\/uploads\/2024\/01\/Nuevo-logo-pressenza.jpg","keywords":["contribuciones","Independencia financiera","otra comunicaci\u00f3n","Pressenza"],"articleSection":["Contenido Original","Cultura y Medios","Internacional"],"inLanguage":"es"},{"@type":"WebPage","@id":"https:\/\/www.pressenza.com\/es\/2024\/01\/enero-2024-la-agencia-internacional-de-noticias-pressenza-celebra-su-independencia-economica\/","url":"https:\/\/www.pressenza.com\/es\/2024\/01\/enero-2024-la-agencia-internacional-de-noticias-pressenza-celebra-su-independencia-economica\/","name":"Enero 2024: La agencia internacional de noticias Pressenza celebra su independencia econ\u00f3mica","isPartOf":{"@id":"https:\/\/www.pressenza.com\/es\/#website"},"primaryImageOfPage":{"@id":"https:\/\/www.pressenza.com\/es\/2024\/01\/enero-2024-la-agencia-internacional-de-noticias-pressenza-celebra-su-independencia-economica\/#primaryimage"},"image":{"@id":"https:\/\/www.pressenza.com\/es\/2024\/01\/enero-2024-la-agencia-internacional-de-noticias-pressenza-celebra-su-independencia-economica\/#primaryimage"},"thumbnailUrl":"https:\/\/www.pressenza.com\/wp-content\/uploads\/2024\/01\/Nuevo-logo-pressenza.jpg","datePublished":"2024-01-08T23:10:34+00:00","description":"Desde el 1\u00ba de enero de 2024, la agencia internacional de noticias Pressenza ha lanzado su campa\u00f1a financiera anual, de un mes de duraci\u00f3n. Como es","breadcrumb":{"@id":"https:\/\/www.pressenza.com\/es\/2024\/01\/enero-2024-la-agencia-internacional-de-noticias-pressenza-celebra-su-independencia-economica\/#breadcrumb"},"inLanguage":"es","potentialAction":[{"@type":"ReadAction","target":["https:\/\/www.pressenza.com\/es\/2024\/01\/enero-2024-la-agencia-internacional-de-noticias-pressenza-celebra-su-independencia-economica\/"]}]},{"@type":"ImageObject","inLanguage":"es","@id":"https:\/\/www.pressenza.com\/es\/2024\/01\/enero-2024-la-agencia-internacional-de-noticias-pressenza-celebra-su-independencia-economica\/#primaryimage","url":"https:\/\/www.pressenza.com\/wp-content\/uploads\/2024\/01\/Nuevo-logo-pressenza.jpg","contentUrl":"https:\/\/www.pressenza.com\/wp-content\/uploads\/2024\/01\/Nuevo-logo-pressenza.jpg","width":750,"height":422},{"@type":"BreadcrumbList","@id":"https:\/\/www.pressenza.com\/es\/2024\/01\/enero-2024-la-agencia-internacional-de-noticias-pressenza-celebra-su-independencia-economica\/#breadcrumb","itemListElement":[{"@type":"ListItem","position":1,"name":"Accueil","item":"https:\/\/www.pressenza.com\/es\/"},{"@type":"ListItem","position":2,"name":"Enero 2024: La agencia internacional de noticias Pressenza celebra su independencia econ\u00f3mica"}]},{"@type":"WebSite","@id":"https:\/\/www.pressenza.com\/es\/#website","url":"https:\/\/www.pressenza.com\/es\/","name":"Pressenza","description":"International Press Agency","publisher":{"@id":"https:\/\/www.pressenza.com\/es\/#organization"},"potentialAction":[{"@type":"SearchAction","target":{"@type":"EntryPoint","urlTemplate":"https:\/\/www.pressenza.com\/es\/?s={search_term_string}"},"query-input":{"@type":"PropertyValueSpecification","valueRequired":true,"valueName":"search_term_string"}}],"inLanguage":"es"},{"@type":"Organization","@id":"https:\/\/www.pressenza.com\/es\/#organization","name":"Pressenza","url":"https:\/\/www.pressenza.com\/es\/","logo":{"@type":"ImageObject","inLanguage":"es","@id":"https:\/\/www.pressenza.com\/es\/#\/schema\/logo\/image\/","url":"https:\/\/www.pressenza.com\/wp-content\/uploads\/2022\/10\/pressenza_logo_200x200.jpg","contentUrl":"https:\/\/www.pressenza.com\/wp-content\/uploads\/2022\/10\/pressenza_logo_200x200.jpg","width":200,"height":200,"caption":"Pressenza"},"image":{"@id":"https:\/\/www.pressenza.com\/es\/#\/schema\/logo\/image\/"},"sameAs":["https:\/\/www.facebook.com\/PressenzaItalia","https:\/\/x.com\/PressenzaIPA"]},{"@type":"Person","@id":"https:\/\/www.pressenza.com\/es\/#\/schema\/person\/010e5d02bcf40965427a1289a4cc8d75","name":"Pressenza IPA","description":"News from Pressenza IPA correspondents","sameAs":["https:\/\/www.facebook.com\/pressenza","https:\/\/x.com\/PressenzaIPA"],"url":"https:\/\/www.pressenza.com\/es\/author\/pressenza-ipa\/"}]}},"place":"","original_article_url":"","_links":{"self":[{"href":"https:\/\/www.pressenza.com\/es\/wp-json\/wp\/v2\/posts\/1792283","targetHints":{"allow":["GET"]}}],"collection":[{"href":"https:\/\/www.pressenza.com\/es\/wp-json\/wp\/v2\/posts"}],"about":[{"href":"https:\/\/www.pressenza.com\/es\/wp-json\/wp\/v2\/types\/post"}],"author":[{"embeddable":true,"href":"https:\/\/www.pressenza.com\/es\/wp-json\/wp\/v2\/users\/19"}],"replies":[{"embeddable":true,"href":"https:\/\/www.pressenza.com\/es\/wp-json\/wp\/v2\/comments?post=1792283"}],"version-history":[{"count":0,"href":"https:\/\/www.pressenza.com\/es\/wp-json\/wp\/v2\/posts\/1792283\/revisions"}],"wp:featuredmedia":[{"embeddable":true,"href":"https:\/\/www.pressenza.com\/es\/wp-json\/wp\/v2\/media\/1792287"}],"wp:attachment":[{"href":"https:\/\/www.pressenza.com\/es\/wp-json\/wp\/v2\/media?parent=1792283"}],"wp:term":[{"taxonomy":"category","embeddable":true,"href":"https:\/\/www.pressenza.com\/es\/wp-json\/wp\/v2\/categories?post=1792283"},{"taxonomy":"post_tag","embeddable":true,"href":"https:\/\/www.pressenza.com\/es\/wp-json\/wp\/v2\/tags?post=1792283"}],"curies":[{"name":"wp","href":"https:\/\/api.w.org\/{rel}","templated":true}]}}