{"id":1792261,"date":"2024-01-08T21:35:59","date_gmt":"2024-01-08T21:35:59","guid":{"rendered":"https:\/\/www.pressenza.com\/?p=1792261"},"modified":"2024-01-08T21:35:59","modified_gmt":"2024-01-08T21:35:59","slug":"chile-mario-aguilar-vuelve-a-la-presidencia-del-colegio-de-profesoras-y-profesores-llamando-al-gobierno-a-cumplir-sus-compromisos","status":"publish","type":"post","link":"https:\/\/www.pressenza.com\/es\/2024\/01\/chile-mario-aguilar-vuelve-a-la-presidencia-del-colegio-de-profesoras-y-profesores-llamando-al-gobierno-a-cumplir-sus-compromisos\/","title":{"rendered":"Chile: Mario Aguilar vuelve a la Presidencia del Colegio de Profesoras y Profesores llamando al Gobierno a cumplir sus compromisos"},"content":{"rendered":"<p>En su primer discurso como nuevo Presidente Nacional del Colegio de Profesoras y Profesores de Chile, Mario Aguilar, llam\u00f3 al Gobierno a cumplir con sus compromisos con la Educaci\u00f3n.<\/p>\n<p>El l\u00edder gremial denunci\u00f3 que \u201cuna vez m\u00e1s el Gobierno ha faltado a su compromiso de resolver la Deuda Hist\u00f3rica, record\u00e1ndole que deb\u00eda enviar un Proyecto de Ley en diciembre pasado y eso no se cumpli\u00f3. En esta l\u00ednea vamos a exigir agendar una reuni\u00f3n a la brevedad para avanzar resueltamente en este tema\u201d.<\/p>\n<p>El Presidente Nacional del COLPROCH le record\u00f3 al Gobierno otro de sus compromisos \u201cotro tema es el de la Menci\u00f3n de nuestras colegas Educadoras de P\u00e1rvulo y Diferenciales, odiosa discriminaci\u00f3n que debe ser solucionada y que tambi\u00e9n fue comprometida por el Gobierno\u201d<\/p>\n<p>Otros de los puntos que llevar\u00e1 en su administraci\u00f3n Mario Aguilar es la Carrera Docente que a su juicio \u201cnecesita cambios de fondo, el sistema actual ha perdido toda credibilidad, no da cuenta de la realidad docente, no genera los est\u00edmulos correctos para un buen desarrollo profesional. Muy relacionado con esto est\u00e1 el tema del Agobio Laboral que es una realidad no es una invenci\u00f3n, y la excesiva sobrecarga de trabajo genera altos niveles de estr\u00e9s y enfermedades laborales, que afecta no s\u00f3lo a las y los docentes, sino tambi\u00e9n a nuestros estudiantes\u201d.<\/p>\n<p>El l\u00edder gremial agreg\u00f3 que el nuevo Directorio tambi\u00e9n se ocupar\u00e1 de la Violencia y Convivencia Escolar, de los graves problemas de la Educaci\u00f3n P\u00fablica especialmente los Sleps\u00b4s que se debe reconocer que est\u00e1n fracasando, se debe tomar la decisi\u00f3n de hacer cambios estructurales a un sistema que no ha dado el ancho.\u201d<\/p>\n<p>Mario Aguilar anunci\u00f3 que \u201cseguiremos levantando nuestra demanda por la superaci\u00f3n de la estrecha y pobre educaci\u00f3n estandarizada y avanzar a una educaci\u00f3n que promueva un verdadero desarrollo humano, amplio, inclusivo e integral. S\u00e9 que la tarea ser\u00e1 compleja y dificultosa, hoy son muchos los problemas que afectan a nuestra Profesi\u00f3n Docente y a la Educaci\u00f3n Chilena\u201d<\/p>\n<p>Por \u00faltimo, el Presidente del Colegio de Profesoras y Profesores sostuvo que \u201cnuestro norte principal debe ser recuperar la fuerza y credibilidad de nuestra organizaci\u00f3n, un gremio fuerte, organizado y cre\u00edble es una condici\u00f3n necesaria para avanzar en soluciones para nuestras demandas\u201d<\/p>\n<p><iframe loading=\"lazy\" title=\"CEREMONIA DE ASUNCI\u00d3N DE NUEVO DIRECTORIO NACIONAL DEL MAGISTERIO\" width=\"500\" height=\"281\" src=\"https:\/\/www.youtube.com\/embed\/qJKcfZXivjs?feature=oembed\" frameborder=\"0\" allow=\"accelerometer; autoplay; clipboard-write; encrypted-media; gyroscope; picture-in-picture; web-share\" referrerpolicy=\"strict-origin-when-cross-origin\" allowfullscreen><\/iframe><\/p>\n<p>&nbsp;<\/p>\n","protected":false},"excerpt":{"rendered":"<p>En su primer discurso como nuevo Presidente Nacional del Colegio de Profesoras y Profesores de Chile, Mario Aguilar, llam\u00f3 al Gobierno a cumplir con sus compromisos con la Educaci\u00f3n. El l\u00edder gremial denunci\u00f3 que \u201cuna vez m\u00e1s el Gobierno ha&hellip;<\/p>\n","protected":false},"author":43,"featured_media":1792262,"comment_status":"closed","ping_status":"closed","sticky":false,"template":"","format":"standard","meta":{"footnotes":""},"categories":[149,11389,1230,67],"tags":[29,115155,7784],"class_list":["post-1792261","post","type-post","status-publish","format-standard","has-post-thumbnail","hentry","category-comunicados-de-prensa","category-contenido-original","category-educacion-tema","category-sudamerica","tag-chile","tag-colegio-de-profesoras-y-profesores","tag-mario-aguilar"],"yoast_head":"<!-- This site is optimized with the Yoast SEO plugin v27.1.1 - https:\/\/yoast.com\/product\/yoast-seo-wordpress\/ -->\n<title>Chile: Mario Aguilar vuelve a la Presidencia del Colegio de Profesoras y Profesores llamando al Gobierno a cumplir sus compromisos<\/title>\n<meta name=\"description\" content=\"En su primer discurso como nuevo Presidente Nacional del Colegio de Profesoras y Profesores de Chile, Mario Aguilar, llam\u00f3 al Gobierno a cumplir con sus\" \/>\n<meta name=\"robots\" content=\"index, follow, max-snippet:-1, max-image-preview:large, max-video-preview:-1\" \/>\n<link rel=\"canonical\" href=\"https:\/\/www.pressenza.com\/es\/2024\/01\/chile-mario-aguilar-vuelve-a-la-presidencia-del-colegio-de-profesoras-y-profesores-llamando-al-gobierno-a-cumplir-sus-compromisos\/\" \/>\n<meta property=\"og:locale\" content=\"es_ES\" \/>\n<meta property=\"og:type\" content=\"article\" \/>\n<meta property=\"og:title\" content=\"Chile: Mario Aguilar vuelve a la Presidencia del Colegio de Profesoras y Profesores llamando al Gobierno a cumplir sus compromisos\" \/>\n<meta property=\"og:description\" content=\"En su primer discurso como nuevo Presidente Nacional del Colegio de Profesoras y Profesores de Chile, Mario Aguilar, llam\u00f3 al Gobierno a cumplir con sus\" \/>\n<meta property=\"og:url\" content=\"https:\/\/www.pressenza.com\/es\/2024\/01\/chile-mario-aguilar-vuelve-a-la-presidencia-del-colegio-de-profesoras-y-profesores-llamando-al-gobierno-a-cumplir-sus-compromisos\/\" \/>\n<meta property=\"og:site_name\" content=\"Pressenza\" \/>\n<meta property=\"article:publisher\" content=\"https:\/\/www.facebook.com\/PressenzaItalia\" \/>\n<meta property=\"article:author\" content=\"https:\/\/www.facebook.com\/pressenza\" \/>\n<meta property=\"article:published_time\" content=\"2024-01-08T21:35:59+00:00\" \/>\n<meta property=\"og:image\" content=\"https:\/\/www.pressenza.com\/wp-content\/uploads\/2024\/01\/MA.jpeg\" \/>\n\t<meta property=\"og:image:width\" content=\"200\" \/>\n\t<meta property=\"og:image:height\" content=\"201\" \/>\n\t<meta property=\"og:image:type\" content=\"image\/jpeg\" \/>\n<meta name=\"author\" content=\"Redacci\u00f3n Chile\" \/>\n<meta name=\"twitter:card\" content=\"summary_large_image\" \/>\n<meta name=\"twitter:creator\" content=\"@pressenza\" \/>\n<meta name=\"twitter:site\" content=\"@PressenzaIPA\" \/>\n<meta name=\"twitter:label1\" content=\"Escrito por\" \/>\n\t<meta name=\"twitter:data1\" content=\"Redacci\u00f3n Chile\" \/>\n\t<meta name=\"twitter:label2\" content=\"Tiempo de lectura\" \/>\n\t<meta name=\"twitter:data2\" content=\"2 minutos\" \/>\n<script type=\"application\/ld+json\" class=\"yoast-schema-graph\">{\"@context\":\"https:\/\/schema.org\",\"@graph\":[{\"@type\":\"Article\",\"@id\":\"https:\/\/www.pressenza.com\/es\/2024\/01\/chile-mario-aguilar-vuelve-a-la-presidencia-del-colegio-de-profesoras-y-profesores-llamando-al-gobierno-a-cumplir-sus-compromisos\/#article\",\"isPartOf\":{\"@id\":\"https:\/\/www.pressenza.com\/es\/2024\/01\/chile-mario-aguilar-vuelve-a-la-presidencia-del-colegio-de-profesoras-y-profesores-llamando-al-gobierno-a-cumplir-sus-compromisos\/\"},\"author\":{\"name\":\"Redacci\u00f3n Chile\",\"@id\":\"https:\/\/www.pressenza.com\/es\/#\/schema\/person\/d7db40df35d6698ba69ba9ee260944ed\"},\"headline\":\"Chile: Mario Aguilar vuelve a la Presidencia del Colegio de Profesoras y Profesores llamando al Gobierno a cumplir sus compromisos\",\"datePublished\":\"2024-01-08T21:35:59+00:00\",\"mainEntityOfPage\":{\"@id\":\"https:\/\/www.pressenza.com\/es\/2024\/01\/chile-mario-aguilar-vuelve-a-la-presidencia-del-colegio-de-profesoras-y-profesores-llamando-al-gobierno-a-cumplir-sus-compromisos\/\"},\"wordCount\":431,\"publisher\":{\"@id\":\"https:\/\/www.pressenza.com\/es\/#organization\"},\"image\":{\"@id\":\"https:\/\/www.pressenza.com\/es\/2024\/01\/chile-mario-aguilar-vuelve-a-la-presidencia-del-colegio-de-profesoras-y-profesores-llamando-al-gobierno-a-cumplir-sus-compromisos\/#primaryimage\"},\"thumbnailUrl\":\"https:\/\/www.pressenza.com\/wp-content\/uploads\/2024\/01\/MA.jpeg\",\"keywords\":[\"Chile\",\"Colegio de Profesoras y Profesores\",\"Mario Aguilar\"],\"articleSection\":[\"Comunicados de Prensa\",\"Contenido Original\",\"Educaci\u00f3n\",\"Sudam\u00e9rica\"],\"inLanguage\":\"es\"},{\"@type\":\"WebPage\",\"@id\":\"https:\/\/www.pressenza.com\/es\/2024\/01\/chile-mario-aguilar-vuelve-a-la-presidencia-del-colegio-de-profesoras-y-profesores-llamando-al-gobierno-a-cumplir-sus-compromisos\/\",\"url\":\"https:\/\/www.pressenza.com\/es\/2024\/01\/chile-mario-aguilar-vuelve-a-la-presidencia-del-colegio-de-profesoras-y-profesores-llamando-al-gobierno-a-cumplir-sus-compromisos\/\",\"name\":\"Chile: Mario Aguilar vuelve a la Presidencia del Colegio de Profesoras y Profesores llamando al Gobierno a cumplir sus compromisos\",\"isPartOf\":{\"@id\":\"https:\/\/www.pressenza.com\/es\/#website\"},\"primaryImageOfPage\":{\"@id\":\"https:\/\/www.pressenza.com\/es\/2024\/01\/chile-mario-aguilar-vuelve-a-la-presidencia-del-colegio-de-profesoras-y-profesores-llamando-al-gobierno-a-cumplir-sus-compromisos\/#primaryimage\"},\"image\":{\"@id\":\"https:\/\/www.pressenza.com\/es\/2024\/01\/chile-mario-aguilar-vuelve-a-la-presidencia-del-colegio-de-profesoras-y-profesores-llamando-al-gobierno-a-cumplir-sus-compromisos\/#primaryimage\"},\"thumbnailUrl\":\"https:\/\/www.pressenza.com\/wp-content\/uploads\/2024\/01\/MA.jpeg\",\"datePublished\":\"2024-01-08T21:35:59+00:00\",\"description\":\"En su primer discurso como nuevo Presidente Nacional del Colegio de Profesoras y Profesores de Chile, Mario Aguilar, llam\u00f3 al Gobierno a cumplir con sus\",\"breadcrumb\":{\"@id\":\"https:\/\/www.pressenza.com\/es\/2024\/01\/chile-mario-aguilar-vuelve-a-la-presidencia-del-colegio-de-profesoras-y-profesores-llamando-al-gobierno-a-cumplir-sus-compromisos\/#breadcrumb\"},\"inLanguage\":\"es\",\"potentialAction\":[{\"@type\":\"ReadAction\",\"target\":[\"https:\/\/www.pressenza.com\/es\/2024\/01\/chile-mario-aguilar-vuelve-a-la-presidencia-del-colegio-de-profesoras-y-profesores-llamando-al-gobierno-a-cumplir-sus-compromisos\/\"]}]},{\"@type\":\"ImageObject\",\"inLanguage\":\"es\",\"@id\":\"https:\/\/www.pressenza.com\/es\/2024\/01\/chile-mario-aguilar-vuelve-a-la-presidencia-del-colegio-de-profesoras-y-profesores-llamando-al-gobierno-a-cumplir-sus-compromisos\/#primaryimage\",\"url\":\"https:\/\/www.pressenza.com\/wp-content\/uploads\/2024\/01\/MA.jpeg\",\"contentUrl\":\"https:\/\/www.pressenza.com\/wp-content\/uploads\/2024\/01\/MA.jpeg\",\"width\":200,\"height\":201},{\"@type\":\"BreadcrumbList\",\"@id\":\"https:\/\/www.pressenza.com\/es\/2024\/01\/chile-mario-aguilar-vuelve-a-la-presidencia-del-colegio-de-profesoras-y-profesores-llamando-al-gobierno-a-cumplir-sus-compromisos\/#breadcrumb\",\"itemListElement\":[{\"@type\":\"ListItem\",\"position\":1,\"name\":\"Accueil\",\"item\":\"https:\/\/www.pressenza.com\/es\/\"},{\"@type\":\"ListItem\",\"position\":2,\"name\":\"Chile: Mario Aguilar vuelve a la Presidencia del Colegio de Profesoras y Profesores llamando al Gobierno a cumplir sus compromisos\"}]},{\"@type\":\"WebSite\",\"@id\":\"https:\/\/www.pressenza.com\/es\/#website\",\"url\":\"https:\/\/www.pressenza.com\/es\/\",\"name\":\"Pressenza\",\"description\":\"International Press Agency\",\"publisher\":{\"@id\":\"https:\/\/www.pressenza.com\/es\/#organization\"},\"potentialAction\":[{\"@type\":\"SearchAction\",\"target\":{\"@type\":\"EntryPoint\",\"urlTemplate\":\"https:\/\/www.pressenza.com\/es\/?s={search_term_string}\"},\"query-input\":{\"@type\":\"PropertyValueSpecification\",\"valueRequired\":true,\"valueName\":\"search_term_string\"}}],\"inLanguage\":\"es\"},{\"@type\":\"Organization\",\"@id\":\"https:\/\/www.pressenza.com\/es\/#organization\",\"name\":\"Pressenza\",\"url\":\"https:\/\/www.pressenza.com\/es\/\",\"logo\":{\"@type\":\"ImageObject\",\"inLanguage\":\"es\",\"@id\":\"https:\/\/www.pressenza.com\/es\/#\/schema\/logo\/image\/\",\"url\":\"https:\/\/www.pressenza.com\/wp-content\/uploads\/2022\/10\/pressenza_logo_200x200.jpg\",\"contentUrl\":\"https:\/\/www.pressenza.com\/wp-content\/uploads\/2022\/10\/pressenza_logo_200x200.jpg\",\"width\":200,\"height\":200,\"caption\":\"Pressenza\"},\"image\":{\"@id\":\"https:\/\/www.pressenza.com\/es\/#\/schema\/logo\/image\/\"},\"sameAs\":[\"https:\/\/www.facebook.com\/PressenzaItalia\",\"https:\/\/x.com\/PressenzaIPA\"]},{\"@type\":\"Person\",\"@id\":\"https:\/\/www.pressenza.com\/es\/#\/schema\/person\/d7db40df35d6698ba69ba9ee260944ed\",\"name\":\"Redacci\u00f3n Chile\",\"description\":\"News from the Pressenza Bureau in Chile\",\"sameAs\":[\"https:\/\/www.facebook.com\/pressenza\",\"https:\/\/x.com\/pressenza\"],\"url\":\"https:\/\/www.pressenza.com\/es\/author\/redaccion-chile\/\"}]}<\/script>\n<!-- \/ Yoast SEO plugin. -->","yoast_head_json":{"title":"Chile: Mario Aguilar vuelve a la Presidencia del Colegio de Profesoras y Profesores llamando al Gobierno a cumplir sus compromisos","description":"En su primer discurso como nuevo Presidente Nacional del Colegio de Profesoras y Profesores de Chile, Mario Aguilar, llam\u00f3 al Gobierno a cumplir con sus","robots":{"index":"index","follow":"follow","max-snippet":"max-snippet:-1","max-image-preview":"max-image-preview:large","max-video-preview":"max-video-preview:-1"},"canonical":"https:\/\/www.pressenza.com\/es\/2024\/01\/chile-mario-aguilar-vuelve-a-la-presidencia-del-colegio-de-profesoras-y-profesores-llamando-al-gobierno-a-cumplir-sus-compromisos\/","og_locale":"es_ES","og_type":"article","og_title":"Chile: Mario Aguilar vuelve a la Presidencia del Colegio de Profesoras y Profesores llamando al Gobierno a cumplir sus compromisos","og_description":"En su primer discurso como nuevo Presidente Nacional del Colegio de Profesoras y Profesores de Chile, Mario Aguilar, llam\u00f3 al Gobierno a cumplir con sus","og_url":"https:\/\/www.pressenza.com\/es\/2024\/01\/chile-mario-aguilar-vuelve-a-la-presidencia-del-colegio-de-profesoras-y-profesores-llamando-al-gobierno-a-cumplir-sus-compromisos\/","og_site_name":"Pressenza","article_publisher":"https:\/\/www.facebook.com\/PressenzaItalia","article_author":"https:\/\/www.facebook.com\/pressenza","article_published_time":"2024-01-08T21:35:59+00:00","og_image":[{"width":200,"height":201,"url":"https:\/\/www.pressenza.com\/wp-content\/uploads\/2024\/01\/MA.jpeg","type":"image\/jpeg"}],"author":"Redacci\u00f3n Chile","twitter_card":"summary_large_image","twitter_creator":"@pressenza","twitter_site":"@PressenzaIPA","twitter_misc":{"Escrito por":"Redacci\u00f3n Chile","Tiempo de lectura":"2 minutos"},"schema":{"@context":"https:\/\/schema.org","@graph":[{"@type":"Article","@id":"https:\/\/www.pressenza.com\/es\/2024\/01\/chile-mario-aguilar-vuelve-a-la-presidencia-del-colegio-de-profesoras-y-profesores-llamando-al-gobierno-a-cumplir-sus-compromisos\/#article","isPartOf":{"@id":"https:\/\/www.pressenza.com\/es\/2024\/01\/chile-mario-aguilar-vuelve-a-la-presidencia-del-colegio-de-profesoras-y-profesores-llamando-al-gobierno-a-cumplir-sus-compromisos\/"},"author":{"name":"Redacci\u00f3n Chile","@id":"https:\/\/www.pressenza.com\/es\/#\/schema\/person\/d7db40df35d6698ba69ba9ee260944ed"},"headline":"Chile: Mario Aguilar vuelve a la Presidencia del Colegio de Profesoras y Profesores llamando al Gobierno a cumplir sus compromisos","datePublished":"2024-01-08T21:35:59+00:00","mainEntityOfPage":{"@id":"https:\/\/www.pressenza.com\/es\/2024\/01\/chile-mario-aguilar-vuelve-a-la-presidencia-del-colegio-de-profesoras-y-profesores-llamando-al-gobierno-a-cumplir-sus-compromisos\/"},"wordCount":431,"publisher":{"@id":"https:\/\/www.pressenza.com\/es\/#organization"},"image":{"@id":"https:\/\/www.pressenza.com\/es\/2024\/01\/chile-mario-aguilar-vuelve-a-la-presidencia-del-colegio-de-profesoras-y-profesores-llamando-al-gobierno-a-cumplir-sus-compromisos\/#primaryimage"},"thumbnailUrl":"https:\/\/www.pressenza.com\/wp-content\/uploads\/2024\/01\/MA.jpeg","keywords":["Chile","Colegio de Profesoras y Profesores","Mario Aguilar"],"articleSection":["Comunicados de Prensa","Contenido Original","Educaci\u00f3n","Sudam\u00e9rica"],"inLanguage":"es"},{"@type":"WebPage","@id":"https:\/\/www.pressenza.com\/es\/2024\/01\/chile-mario-aguilar-vuelve-a-la-presidencia-del-colegio-de-profesoras-y-profesores-llamando-al-gobierno-a-cumplir-sus-compromisos\/","url":"https:\/\/www.pressenza.com\/es\/2024\/01\/chile-mario-aguilar-vuelve-a-la-presidencia-del-colegio-de-profesoras-y-profesores-llamando-al-gobierno-a-cumplir-sus-compromisos\/","name":"Chile: Mario Aguilar vuelve a la Presidencia del Colegio de Profesoras y Profesores llamando al Gobierno a cumplir sus compromisos","isPartOf":{"@id":"https:\/\/www.pressenza.com\/es\/#website"},"primaryImageOfPage":{"@id":"https:\/\/www.pressenza.com\/es\/2024\/01\/chile-mario-aguilar-vuelve-a-la-presidencia-del-colegio-de-profesoras-y-profesores-llamando-al-gobierno-a-cumplir-sus-compromisos\/#primaryimage"},"image":{"@id":"https:\/\/www.pressenza.com\/es\/2024\/01\/chile-mario-aguilar-vuelve-a-la-presidencia-del-colegio-de-profesoras-y-profesores-llamando-al-gobierno-a-cumplir-sus-compromisos\/#primaryimage"},"thumbnailUrl":"https:\/\/www.pressenza.com\/wp-content\/uploads\/2024\/01\/MA.jpeg","datePublished":"2024-01-08T21:35:59+00:00","description":"En su primer discurso como nuevo Presidente Nacional del Colegio de Profesoras y Profesores de Chile, Mario Aguilar, llam\u00f3 al Gobierno a cumplir con sus","breadcrumb":{"@id":"https:\/\/www.pressenza.com\/es\/2024\/01\/chile-mario-aguilar-vuelve-a-la-presidencia-del-colegio-de-profesoras-y-profesores-llamando-al-gobierno-a-cumplir-sus-compromisos\/#breadcrumb"},"inLanguage":"es","potentialAction":[{"@type":"ReadAction","target":["https:\/\/www.pressenza.com\/es\/2024\/01\/chile-mario-aguilar-vuelve-a-la-presidencia-del-colegio-de-profesoras-y-profesores-llamando-al-gobierno-a-cumplir-sus-compromisos\/"]}]},{"@type":"ImageObject","inLanguage":"es","@id":"https:\/\/www.pressenza.com\/es\/2024\/01\/chile-mario-aguilar-vuelve-a-la-presidencia-del-colegio-de-profesoras-y-profesores-llamando-al-gobierno-a-cumplir-sus-compromisos\/#primaryimage","url":"https:\/\/www.pressenza.com\/wp-content\/uploads\/2024\/01\/MA.jpeg","contentUrl":"https:\/\/www.pressenza.com\/wp-content\/uploads\/2024\/01\/MA.jpeg","width":200,"height":201},{"@type":"BreadcrumbList","@id":"https:\/\/www.pressenza.com\/es\/2024\/01\/chile-mario-aguilar-vuelve-a-la-presidencia-del-colegio-de-profesoras-y-profesores-llamando-al-gobierno-a-cumplir-sus-compromisos\/#breadcrumb","itemListElement":[{"@type":"ListItem","position":1,"name":"Accueil","item":"https:\/\/www.pressenza.com\/es\/"},{"@type":"ListItem","position":2,"name":"Chile: Mario Aguilar vuelve a la Presidencia del Colegio de Profesoras y Profesores llamando al Gobierno a cumplir sus compromisos"}]},{"@type":"WebSite","@id":"https:\/\/www.pressenza.com\/es\/#website","url":"https:\/\/www.pressenza.com\/es\/","name":"Pressenza","description":"International Press Agency","publisher":{"@id":"https:\/\/www.pressenza.com\/es\/#organization"},"potentialAction":[{"@type":"SearchAction","target":{"@type":"EntryPoint","urlTemplate":"https:\/\/www.pressenza.com\/es\/?s={search_term_string}"},"query-input":{"@type":"PropertyValueSpecification","valueRequired":true,"valueName":"search_term_string"}}],"inLanguage":"es"},{"@type":"Organization","@id":"https:\/\/www.pressenza.com\/es\/#organization","name":"Pressenza","url":"https:\/\/www.pressenza.com\/es\/","logo":{"@type":"ImageObject","inLanguage":"es","@id":"https:\/\/www.pressenza.com\/es\/#\/schema\/logo\/image\/","url":"https:\/\/www.pressenza.com\/wp-content\/uploads\/2022\/10\/pressenza_logo_200x200.jpg","contentUrl":"https:\/\/www.pressenza.com\/wp-content\/uploads\/2022\/10\/pressenza_logo_200x200.jpg","width":200,"height":200,"caption":"Pressenza"},"image":{"@id":"https:\/\/www.pressenza.com\/es\/#\/schema\/logo\/image\/"},"sameAs":["https:\/\/www.facebook.com\/PressenzaItalia","https:\/\/x.com\/PressenzaIPA"]},{"@type":"Person","@id":"https:\/\/www.pressenza.com\/es\/#\/schema\/person\/d7db40df35d6698ba69ba9ee260944ed","name":"Redacci\u00f3n Chile","description":"News from the Pressenza Bureau in Chile","sameAs":["https:\/\/www.facebook.com\/pressenza","https:\/\/x.com\/pressenza"],"url":"https:\/\/www.pressenza.com\/es\/author\/redaccion-chile\/"}]}},"place":"Santiago de Chile","original_article_url":"","_links":{"self":[{"href":"https:\/\/www.pressenza.com\/es\/wp-json\/wp\/v2\/posts\/1792261","targetHints":{"allow":["GET"]}}],"collection":[{"href":"https:\/\/www.pressenza.com\/es\/wp-json\/wp\/v2\/posts"}],"about":[{"href":"https:\/\/www.pressenza.com\/es\/wp-json\/wp\/v2\/types\/post"}],"author":[{"embeddable":true,"href":"https:\/\/www.pressenza.com\/es\/wp-json\/wp\/v2\/users\/43"}],"replies":[{"embeddable":true,"href":"https:\/\/www.pressenza.com\/es\/wp-json\/wp\/v2\/comments?post=1792261"}],"version-history":[{"count":0,"href":"https:\/\/www.pressenza.com\/es\/wp-json\/wp\/v2\/posts\/1792261\/revisions"}],"wp:featuredmedia":[{"embeddable":true,"href":"https:\/\/www.pressenza.com\/es\/wp-json\/wp\/v2\/media\/1792262"}],"wp:attachment":[{"href":"https:\/\/www.pressenza.com\/es\/wp-json\/wp\/v2\/media?parent=1792261"}],"wp:term":[{"taxonomy":"category","embeddable":true,"href":"https:\/\/www.pressenza.com\/es\/wp-json\/wp\/v2\/categories?post=1792261"},{"taxonomy":"post_tag","embeddable":true,"href":"https:\/\/www.pressenza.com\/es\/wp-json\/wp\/v2\/tags?post=1792261"}],"curies":[{"name":"wp","href":"https:\/\/api.w.org\/{rel}","templated":true}]}}