{"id":1791580,"date":"2024-01-04T22:02:33","date_gmt":"2024-01-04T22:02:33","guid":{"rendered":"https:\/\/www.pressenza.com\/?p=1791580"},"modified":"2024-01-04T22:02:33","modified_gmt":"2024-01-04T22:02:33","slug":"15-obras-ganadoras-del-concurso-acuarela-hardy-wistuba-2023-inauguran-exposicion","status":"publish","type":"post","link":"https:\/\/www.pressenza.com\/es\/2024\/01\/15-obras-ganadoras-del-concurso-acuarela-hardy-wistuba-2023-inauguran-exposicion\/","title":{"rendered":"15 obras ganadoras del Concurso Acuarela Hardy Wistuba 2023 inauguran exposici\u00f3n"},"content":{"rendered":"<p>Entre el 4 y el 28 de enero en la Sala de Exposiciones de la AOA (Asociaci\u00f3n de Oficinas de Arquitectos de Chile), ubicada en Juan de Dios Vial Correa 1359, Plaza Las Lilas, Providencia, se exhibir\u00e1 la obra ganadora y las menciones honrosas de la decimacuarta versi\u00f3n de este prestigioso concurso. Los jurados de este a\u00f1o fueron Mario Toral, Concepci\u00f3n Balmes, Pancy Wistuba, Inge Schobitz, Rosita Guzm\u00e1n, Gonzalo Ilabaca, Ismael Allendes I\u00f1aki Leguina, Margarita Garc\u00e9s, M\u00f3nica Alvares, Josefa Zelaya.<\/p>\n<p>El concurso de acuarela, nace en honor al artista chileno Hardy Wistuba, fallecido en 2010, y busca relevar la figura del notable acuarelista, as\u00ed como incentivar el cultivo de esta disciplina con \u00e9nfasis en artistas aficionados y de regiones.<\/p>\n<p>Los resultados de la \u00faltima versi\u00f3n se dieron a conocer el 9 de noviembre reci\u00e9n pasado cuando se realiz\u00f3 la premiaci\u00f3n y exposici\u00f3n en la Liga Chileno Alemana. El ganador fue el artista y arquitecto vi\u00f1amarino Gonzalo Vargas, con la obra Bah\u00eda interior, quien en a\u00f1os anteriores hab\u00eda recibido dos menciones honrosas. \u201cFue una gran alegr\u00eda y emoci\u00f3n recibir la noticia, tengo un gran aprecio a lo que ha significado y aportado el concurso que ha sido un factor clave en los \u00faltimos a\u00f1os en el desarrollo y difusi\u00f3n de la acuarela y sus exponentes en Chile. Es un evento de gran prestigio y tradici\u00f3n entre los artistas chilenos.\u00a0 Invito a los artistas y al p\u00fablico general a visitar esta interesante exposici\u00f3n, que exhibe una diversidad de obras de acuarela de diferentes estilos y t\u00e9cnicas, que dan cuenta de la belleza de esta t\u00e9cnica y del destacado desarrollo que ha tenido en Chile \u00faltimamente\u201d.<\/p>\n<p>Cada a\u00f1o son cientos los participantes de todo el pa\u00eds, chilenos y extranjeros, los que han convertido a este certamen en el m\u00e1s importante de esta t\u00e9cnica a nivel nacional. \u201cEste a\u00f1o tuvimos una gran cantidad de postulantes, cerca de quinientos, y una \u00f3ptima calidad art\u00edstica de las obras. Una vez m\u00e1s el concurso cumpli\u00f3 con los objetivos de incorporar a los aficionados y a los artistas regionales, por a\u00f1os invisibilizados, a un amplio mundo de relaci\u00f3n entre los acuarelistas y el \u00e1mbito\u00a0p\u00fablico\u201d, dice Alberto Collados, director del concurso<\/p>\n<p>\u201cEs una gran satisfacci\u00f3n ver que hay un inter\u00e9s de parte de los artistas por la t\u00e9cnica de la acuarela. Es una de las modalidades m\u00e1s delicadas, donde el papel no admite un error, donde el protagonista es el agua, ese elemento tan noble que es el que mueve los pigmentos de los colores\u00a8, dice Mario Toral, destacado artista nacional y jurado del concurso.<\/p>\n<p>Esta nueva exposici\u00f3n que se realizar\u00e1 durante enero, en la Sala de Exposiciones de la Asociaci\u00f3n de Oficinas de Arquitectos de Chile, marca un hito en el concurso pues sale de su espacio tradicional para dar a conocer a los ganadores y reforzar la importancia del concurso y la belleza de la acuarela.<\/p>\n<p>As\u00ed lo confirma Gonzalo Ilabaca, miembro del jurado, \u201cEste concurso promueve, estimula y difunde el arte de la acuarela, t\u00e9cnica sutil que tiene muchos adeptos en todas las regiones\u201d. Adem\u00e1s, el premio en dinero digno estimula la participaci\u00f3n de artistas y aficionados de distintas\u00a0partes del pa\u00eds. El jurado n\u00famero y variado incluye a personas provenientes de distintas disciplinas art\u00edsticas como acuarelistas, pintores, arquitectos y docentes\u201d.<\/p>\n<p>La exposici\u00f3n estar\u00e1 abierta al p\u00fablico desde el d\u00eda jueves 4 de enero hasta el domingo 28 enero.<br \/>\nMartes a s\u00e1bado de 11:00 hrs a 20:00 hrs<br \/>\nDomingos 11:00 hrs a 14:00 hrs<br \/>\nLunes cerrado.<br \/>\nwww.concursowistuba.cl<br \/>\nIg: @concursohardywistuba<br \/>\nFacebook:\u00a0\u00a0Concurso Acuarela Hardy Wistuba<\/p>\n<p>&nbsp;<\/p>\n","protected":false},"excerpt":{"rendered":"<p>Entre el 4 y el 28 de enero en la Sala de Exposiciones de la AOA (Asociaci\u00f3n de Oficinas de Arquitectos de Chile), ubicada en Juan de Dios Vial Correa 1359, Plaza Las Lilas, Providencia, se exhibir\u00e1 la obra ganadora&hellip;<\/p>\n","protected":false},"author":2011,"featured_media":1791581,"comment_status":"closed","ping_status":"closed","sticky":false,"template":"","format":"standard","meta":{"footnotes":""},"categories":[149,11389,75,67],"tags":[119089,29,19885],"class_list":["post-1791580","post","type-post","status-publish","format-standard","has-post-thumbnail","hentry","category-comunicados-de-prensa","category-contenido-original","category-cultura-es","category-sudamerica","tag-acuarelas","tag-chile","tag-exposicion"],"yoast_head":"<!-- This site is optimized with the Yoast SEO plugin v27.1.1 - https:\/\/yoast.com\/product\/yoast-seo-wordpress\/ -->\n<title>15 obras ganadoras del Concurso Acuarela Hardy Wistuba 2023 inauguran exposici\u00f3n<\/title>\n<meta name=\"description\" content=\"Entre el 4 y el 28 de enero en la Sala de Exposiciones de la AOA (Asociaci\u00f3n de Oficinas de Arquitectos de Chile), ubicada en Juan de Dios Vial Correa\" \/>\n<meta name=\"robots\" content=\"index, follow, max-snippet:-1, max-image-preview:large, max-video-preview:-1\" \/>\n<link rel=\"canonical\" href=\"https:\/\/www.pressenza.com\/es\/2024\/01\/15-obras-ganadoras-del-concurso-acuarela-hardy-wistuba-2023-inauguran-exposicion\/\" \/>\n<meta property=\"og:locale\" content=\"es_ES\" \/>\n<meta property=\"og:type\" content=\"article\" \/>\n<meta property=\"og:title\" content=\"15 obras ganadoras del Concurso Acuarela Hardy Wistuba 2023 inauguran exposici\u00f3n\" \/>\n<meta property=\"og:description\" content=\"Entre el 4 y el 28 de enero en la Sala de Exposiciones de la AOA (Asociaci\u00f3n de Oficinas de Arquitectos de Chile), ubicada en Juan de Dios Vial Correa\" \/>\n<meta property=\"og:url\" content=\"https:\/\/www.pressenza.com\/es\/2024\/01\/15-obras-ganadoras-del-concurso-acuarela-hardy-wistuba-2023-inauguran-exposicion\/\" \/>\n<meta property=\"og:site_name\" content=\"Pressenza\" \/>\n<meta property=\"article:publisher\" content=\"https:\/\/www.facebook.com\/PressenzaItalia\" \/>\n<meta property=\"article:published_time\" content=\"2024-01-04T22:02:33+00:00\" \/>\n<meta property=\"og:image\" content=\"https:\/\/www.pressenza.com\/wp-content\/uploads\/2024\/01\/unnamed.jpg\" \/>\n\t<meta property=\"og:image:width\" content=\"800\" \/>\n\t<meta property=\"og:image:height\" content=\"360\" \/>\n\t<meta property=\"og:image:type\" content=\"image\/jpeg\" \/>\n<meta name=\"author\" content=\"Mariana Hales Beseler\" \/>\n<meta name=\"twitter:card\" content=\"summary_large_image\" \/>\n<meta name=\"twitter:creator\" content=\"@PressenzaIPA\" \/>\n<meta name=\"twitter:site\" content=\"@PressenzaIPA\" \/>\n<meta name=\"twitter:label1\" content=\"Escrito por\" \/>\n\t<meta name=\"twitter:data1\" content=\"Mariana Hales Beseler\" \/>\n\t<meta name=\"twitter:label2\" content=\"Tiempo de lectura\" \/>\n\t<meta name=\"twitter:data2\" content=\"3 minutos\" \/>\n<script type=\"application\/ld+json\" class=\"yoast-schema-graph\">{\"@context\":\"https:\/\/schema.org\",\"@graph\":[{\"@type\":\"Article\",\"@id\":\"https:\/\/www.pressenza.com\/es\/2024\/01\/15-obras-ganadoras-del-concurso-acuarela-hardy-wistuba-2023-inauguran-exposicion\/#article\",\"isPartOf\":{\"@id\":\"https:\/\/www.pressenza.com\/es\/2024\/01\/15-obras-ganadoras-del-concurso-acuarela-hardy-wistuba-2023-inauguran-exposicion\/\"},\"author\":{\"name\":\"Mariana Hales Beseler\",\"@id\":\"https:\/\/www.pressenza.com\/es\/#\/schema\/person\/03ad45693deae00354a5a14ad538ed1e\"},\"headline\":\"15 obras ganadoras del Concurso Acuarela Hardy Wistuba 2023 inauguran exposici\u00f3n\",\"datePublished\":\"2024-01-04T22:02:33+00:00\",\"mainEntityOfPage\":{\"@id\":\"https:\/\/www.pressenza.com\/es\/2024\/01\/15-obras-ganadoras-del-concurso-acuarela-hardy-wistuba-2023-inauguran-exposicion\/\"},\"wordCount\":642,\"publisher\":{\"@id\":\"https:\/\/www.pressenza.com\/es\/#organization\"},\"image\":{\"@id\":\"https:\/\/www.pressenza.com\/es\/2024\/01\/15-obras-ganadoras-del-concurso-acuarela-hardy-wistuba-2023-inauguran-exposicion\/#primaryimage\"},\"thumbnailUrl\":\"https:\/\/www.pressenza.com\/wp-content\/uploads\/2024\/01\/unnamed.jpg\",\"keywords\":[\"acuarelas\",\"Chile\",\"Exposici\u00f3n\"],\"articleSection\":[\"Comunicados de Prensa\",\"Contenido Original\",\"Cultura y Medios\",\"Sudam\u00e9rica\"],\"inLanguage\":\"es\"},{\"@type\":\"WebPage\",\"@id\":\"https:\/\/www.pressenza.com\/es\/2024\/01\/15-obras-ganadoras-del-concurso-acuarela-hardy-wistuba-2023-inauguran-exposicion\/\",\"url\":\"https:\/\/www.pressenza.com\/es\/2024\/01\/15-obras-ganadoras-del-concurso-acuarela-hardy-wistuba-2023-inauguran-exposicion\/\",\"name\":\"15 obras ganadoras del Concurso Acuarela Hardy Wistuba 2023 inauguran exposici\u00f3n\",\"isPartOf\":{\"@id\":\"https:\/\/www.pressenza.com\/es\/#website\"},\"primaryImageOfPage\":{\"@id\":\"https:\/\/www.pressenza.com\/es\/2024\/01\/15-obras-ganadoras-del-concurso-acuarela-hardy-wistuba-2023-inauguran-exposicion\/#primaryimage\"},\"image\":{\"@id\":\"https:\/\/www.pressenza.com\/es\/2024\/01\/15-obras-ganadoras-del-concurso-acuarela-hardy-wistuba-2023-inauguran-exposicion\/#primaryimage\"},\"thumbnailUrl\":\"https:\/\/www.pressenza.com\/wp-content\/uploads\/2024\/01\/unnamed.jpg\",\"datePublished\":\"2024-01-04T22:02:33+00:00\",\"description\":\"Entre el 4 y el 28 de enero en la Sala de Exposiciones de la AOA (Asociaci\u00f3n de Oficinas de Arquitectos de Chile), ubicada en Juan de Dios Vial Correa\",\"breadcrumb\":{\"@id\":\"https:\/\/www.pressenza.com\/es\/2024\/01\/15-obras-ganadoras-del-concurso-acuarela-hardy-wistuba-2023-inauguran-exposicion\/#breadcrumb\"},\"inLanguage\":\"es\",\"potentialAction\":[{\"@type\":\"ReadAction\",\"target\":[\"https:\/\/www.pressenza.com\/es\/2024\/01\/15-obras-ganadoras-del-concurso-acuarela-hardy-wistuba-2023-inauguran-exposicion\/\"]}]},{\"@type\":\"ImageObject\",\"inLanguage\":\"es\",\"@id\":\"https:\/\/www.pressenza.com\/es\/2024\/01\/15-obras-ganadoras-del-concurso-acuarela-hardy-wistuba-2023-inauguran-exposicion\/#primaryimage\",\"url\":\"https:\/\/www.pressenza.com\/wp-content\/uploads\/2024\/01\/unnamed.jpg\",\"contentUrl\":\"https:\/\/www.pressenza.com\/wp-content\/uploads\/2024\/01\/unnamed.jpg\",\"width\":800,\"height\":360},{\"@type\":\"BreadcrumbList\",\"@id\":\"https:\/\/www.pressenza.com\/es\/2024\/01\/15-obras-ganadoras-del-concurso-acuarela-hardy-wistuba-2023-inauguran-exposicion\/#breadcrumb\",\"itemListElement\":[{\"@type\":\"ListItem\",\"position\":1,\"name\":\"Accueil\",\"item\":\"https:\/\/www.pressenza.com\/es\/\"},{\"@type\":\"ListItem\",\"position\":2,\"name\":\"15 obras ganadoras del Concurso Acuarela Hardy Wistuba 2023 inauguran exposici\u00f3n\"}]},{\"@type\":\"WebSite\",\"@id\":\"https:\/\/www.pressenza.com\/es\/#website\",\"url\":\"https:\/\/www.pressenza.com\/es\/\",\"name\":\"Pressenza\",\"description\":\"International Press Agency\",\"publisher\":{\"@id\":\"https:\/\/www.pressenza.com\/es\/#organization\"},\"potentialAction\":[{\"@type\":\"SearchAction\",\"target\":{\"@type\":\"EntryPoint\",\"urlTemplate\":\"https:\/\/www.pressenza.com\/es\/?s={search_term_string}\"},\"query-input\":{\"@type\":\"PropertyValueSpecification\",\"valueRequired\":true,\"valueName\":\"search_term_string\"}}],\"inLanguage\":\"es\"},{\"@type\":\"Organization\",\"@id\":\"https:\/\/www.pressenza.com\/es\/#organization\",\"name\":\"Pressenza\",\"url\":\"https:\/\/www.pressenza.com\/es\/\",\"logo\":{\"@type\":\"ImageObject\",\"inLanguage\":\"es\",\"@id\":\"https:\/\/www.pressenza.com\/es\/#\/schema\/logo\/image\/\",\"url\":\"https:\/\/www.pressenza.com\/wp-content\/uploads\/2022\/10\/pressenza_logo_200x200.jpg\",\"contentUrl\":\"https:\/\/www.pressenza.com\/wp-content\/uploads\/2022\/10\/pressenza_logo_200x200.jpg\",\"width\":200,\"height\":200,\"caption\":\"Pressenza\"},\"image\":{\"@id\":\"https:\/\/www.pressenza.com\/es\/#\/schema\/logo\/image\/\"},\"sameAs\":[\"https:\/\/www.facebook.com\/PressenzaItalia\",\"https:\/\/x.com\/PressenzaIPA\"]},{\"@type\":\"Person\",\"@id\":\"https:\/\/www.pressenza.com\/es\/#\/schema\/person\/03ad45693deae00354a5a14ad538ed1e\",\"name\":\"Mariana Hales Beseler\",\"description\":\"Periodista chilena. Desde el a\u00f1o 2003 trabaja en distintas editoriales como encargada de comunicaciones, en relaci\u00f3n con muchos autores y sus creaciones. El a\u00f1o 2012 cre\u00f3 una oficina de servicios editoriales y comunicacionales a trav\u00e9s de la cual hace prensa y difusi\u00f3n, asesor\u00edas para autores y temas relacionados a la edici\u00f3n y publicaci\u00f3n de libros. Desde ese mismo a\u00f1o trabaja con Chilevisi\u00f3n para la concreci\u00f3n del proyecto audiovisual \\\"In\u00e9s\\\", basado en el libro \\\"In\u00e9s del Alma M\u00eda\\\" de Isabel Allende, el que pr\u00f3ximamente ser\u00e1 exhibido en Chile.\",\"sameAs\":[\"http:\/\/www.marianahales.com\/\"],\"url\":\"https:\/\/www.pressenza.com\/es\/author\/mariana-hales-beseler\/\"}]}<\/script>\n<!-- \/ Yoast SEO plugin. -->","yoast_head_json":{"title":"15 obras ganadoras del Concurso Acuarela Hardy Wistuba 2023 inauguran exposici\u00f3n","description":"Entre el 4 y el 28 de enero en la Sala de Exposiciones de la AOA (Asociaci\u00f3n de Oficinas de Arquitectos de Chile), ubicada en Juan de Dios Vial Correa","robots":{"index":"index","follow":"follow","max-snippet":"max-snippet:-1","max-image-preview":"max-image-preview:large","max-video-preview":"max-video-preview:-1"},"canonical":"https:\/\/www.pressenza.com\/es\/2024\/01\/15-obras-ganadoras-del-concurso-acuarela-hardy-wistuba-2023-inauguran-exposicion\/","og_locale":"es_ES","og_type":"article","og_title":"15 obras ganadoras del Concurso Acuarela Hardy Wistuba 2023 inauguran exposici\u00f3n","og_description":"Entre el 4 y el 28 de enero en la Sala de Exposiciones de la AOA (Asociaci\u00f3n de Oficinas de Arquitectos de Chile), ubicada en Juan de Dios Vial Correa","og_url":"https:\/\/www.pressenza.com\/es\/2024\/01\/15-obras-ganadoras-del-concurso-acuarela-hardy-wistuba-2023-inauguran-exposicion\/","og_site_name":"Pressenza","article_publisher":"https:\/\/www.facebook.com\/PressenzaItalia","article_published_time":"2024-01-04T22:02:33+00:00","og_image":[{"width":800,"height":360,"url":"https:\/\/www.pressenza.com\/wp-content\/uploads\/2024\/01\/unnamed.jpg","type":"image\/jpeg"}],"author":"Mariana Hales Beseler","twitter_card":"summary_large_image","twitter_creator":"@PressenzaIPA","twitter_site":"@PressenzaIPA","twitter_misc":{"Escrito por":"Mariana Hales Beseler","Tiempo de lectura":"3 minutos"},"schema":{"@context":"https:\/\/schema.org","@graph":[{"@type":"Article","@id":"https:\/\/www.pressenza.com\/es\/2024\/01\/15-obras-ganadoras-del-concurso-acuarela-hardy-wistuba-2023-inauguran-exposicion\/#article","isPartOf":{"@id":"https:\/\/www.pressenza.com\/es\/2024\/01\/15-obras-ganadoras-del-concurso-acuarela-hardy-wistuba-2023-inauguran-exposicion\/"},"author":{"name":"Mariana Hales Beseler","@id":"https:\/\/www.pressenza.com\/es\/#\/schema\/person\/03ad45693deae00354a5a14ad538ed1e"},"headline":"15 obras ganadoras del Concurso Acuarela Hardy Wistuba 2023 inauguran exposici\u00f3n","datePublished":"2024-01-04T22:02:33+00:00","mainEntityOfPage":{"@id":"https:\/\/www.pressenza.com\/es\/2024\/01\/15-obras-ganadoras-del-concurso-acuarela-hardy-wistuba-2023-inauguran-exposicion\/"},"wordCount":642,"publisher":{"@id":"https:\/\/www.pressenza.com\/es\/#organization"},"image":{"@id":"https:\/\/www.pressenza.com\/es\/2024\/01\/15-obras-ganadoras-del-concurso-acuarela-hardy-wistuba-2023-inauguran-exposicion\/#primaryimage"},"thumbnailUrl":"https:\/\/www.pressenza.com\/wp-content\/uploads\/2024\/01\/unnamed.jpg","keywords":["acuarelas","Chile","Exposici\u00f3n"],"articleSection":["Comunicados de Prensa","Contenido Original","Cultura y Medios","Sudam\u00e9rica"],"inLanguage":"es"},{"@type":"WebPage","@id":"https:\/\/www.pressenza.com\/es\/2024\/01\/15-obras-ganadoras-del-concurso-acuarela-hardy-wistuba-2023-inauguran-exposicion\/","url":"https:\/\/www.pressenza.com\/es\/2024\/01\/15-obras-ganadoras-del-concurso-acuarela-hardy-wistuba-2023-inauguran-exposicion\/","name":"15 obras ganadoras del Concurso Acuarela Hardy Wistuba 2023 inauguran exposici\u00f3n","isPartOf":{"@id":"https:\/\/www.pressenza.com\/es\/#website"},"primaryImageOfPage":{"@id":"https:\/\/www.pressenza.com\/es\/2024\/01\/15-obras-ganadoras-del-concurso-acuarela-hardy-wistuba-2023-inauguran-exposicion\/#primaryimage"},"image":{"@id":"https:\/\/www.pressenza.com\/es\/2024\/01\/15-obras-ganadoras-del-concurso-acuarela-hardy-wistuba-2023-inauguran-exposicion\/#primaryimage"},"thumbnailUrl":"https:\/\/www.pressenza.com\/wp-content\/uploads\/2024\/01\/unnamed.jpg","datePublished":"2024-01-04T22:02:33+00:00","description":"Entre el 4 y el 28 de enero en la Sala de Exposiciones de la AOA (Asociaci\u00f3n de Oficinas de Arquitectos de Chile), ubicada en Juan de Dios Vial Correa","breadcrumb":{"@id":"https:\/\/www.pressenza.com\/es\/2024\/01\/15-obras-ganadoras-del-concurso-acuarela-hardy-wistuba-2023-inauguran-exposicion\/#breadcrumb"},"inLanguage":"es","potentialAction":[{"@type":"ReadAction","target":["https:\/\/www.pressenza.com\/es\/2024\/01\/15-obras-ganadoras-del-concurso-acuarela-hardy-wistuba-2023-inauguran-exposicion\/"]}]},{"@type":"ImageObject","inLanguage":"es","@id":"https:\/\/www.pressenza.com\/es\/2024\/01\/15-obras-ganadoras-del-concurso-acuarela-hardy-wistuba-2023-inauguran-exposicion\/#primaryimage","url":"https:\/\/www.pressenza.com\/wp-content\/uploads\/2024\/01\/unnamed.jpg","contentUrl":"https:\/\/www.pressenza.com\/wp-content\/uploads\/2024\/01\/unnamed.jpg","width":800,"height":360},{"@type":"BreadcrumbList","@id":"https:\/\/www.pressenza.com\/es\/2024\/01\/15-obras-ganadoras-del-concurso-acuarela-hardy-wistuba-2023-inauguran-exposicion\/#breadcrumb","itemListElement":[{"@type":"ListItem","position":1,"name":"Accueil","item":"https:\/\/www.pressenza.com\/es\/"},{"@type":"ListItem","position":2,"name":"15 obras ganadoras del Concurso Acuarela Hardy Wistuba 2023 inauguran exposici\u00f3n"}]},{"@type":"WebSite","@id":"https:\/\/www.pressenza.com\/es\/#website","url":"https:\/\/www.pressenza.com\/es\/","name":"Pressenza","description":"International Press Agency","publisher":{"@id":"https:\/\/www.pressenza.com\/es\/#organization"},"potentialAction":[{"@type":"SearchAction","target":{"@type":"EntryPoint","urlTemplate":"https:\/\/www.pressenza.com\/es\/?s={search_term_string}"},"query-input":{"@type":"PropertyValueSpecification","valueRequired":true,"valueName":"search_term_string"}}],"inLanguage":"es"},{"@type":"Organization","@id":"https:\/\/www.pressenza.com\/es\/#organization","name":"Pressenza","url":"https:\/\/www.pressenza.com\/es\/","logo":{"@type":"ImageObject","inLanguage":"es","@id":"https:\/\/www.pressenza.com\/es\/#\/schema\/logo\/image\/","url":"https:\/\/www.pressenza.com\/wp-content\/uploads\/2022\/10\/pressenza_logo_200x200.jpg","contentUrl":"https:\/\/www.pressenza.com\/wp-content\/uploads\/2022\/10\/pressenza_logo_200x200.jpg","width":200,"height":200,"caption":"Pressenza"},"image":{"@id":"https:\/\/www.pressenza.com\/es\/#\/schema\/logo\/image\/"},"sameAs":["https:\/\/www.facebook.com\/PressenzaItalia","https:\/\/x.com\/PressenzaIPA"]},{"@type":"Person","@id":"https:\/\/www.pressenza.com\/es\/#\/schema\/person\/03ad45693deae00354a5a14ad538ed1e","name":"Mariana Hales Beseler","description":"Periodista chilena. Desde el a\u00f1o 2003 trabaja en distintas editoriales como encargada de comunicaciones, en relaci\u00f3n con muchos autores y sus creaciones. El a\u00f1o 2012 cre\u00f3 una oficina de servicios editoriales y comunicacionales a trav\u00e9s de la cual hace prensa y difusi\u00f3n, asesor\u00edas para autores y temas relacionados a la edici\u00f3n y publicaci\u00f3n de libros. Desde ese mismo a\u00f1o trabaja con Chilevisi\u00f3n para la concreci\u00f3n del proyecto audiovisual \"In\u00e9s\", basado en el libro \"In\u00e9s del Alma M\u00eda\" de Isabel Allende, el que pr\u00f3ximamente ser\u00e1 exhibido en Chile.","sameAs":["http:\/\/www.marianahales.com\/"],"url":"https:\/\/www.pressenza.com\/es\/author\/mariana-hales-beseler\/"}]}},"place":"Santiago de Chile","original_article_url":"","_links":{"self":[{"href":"https:\/\/www.pressenza.com\/es\/wp-json\/wp\/v2\/posts\/1791580","targetHints":{"allow":["GET"]}}],"collection":[{"href":"https:\/\/www.pressenza.com\/es\/wp-json\/wp\/v2\/posts"}],"about":[{"href":"https:\/\/www.pressenza.com\/es\/wp-json\/wp\/v2\/types\/post"}],"author":[{"embeddable":true,"href":"https:\/\/www.pressenza.com\/es\/wp-json\/wp\/v2\/users\/2011"}],"replies":[{"embeddable":true,"href":"https:\/\/www.pressenza.com\/es\/wp-json\/wp\/v2\/comments?post=1791580"}],"version-history":[{"count":0,"href":"https:\/\/www.pressenza.com\/es\/wp-json\/wp\/v2\/posts\/1791580\/revisions"}],"wp:featuredmedia":[{"embeddable":true,"href":"https:\/\/www.pressenza.com\/es\/wp-json\/wp\/v2\/media\/1791581"}],"wp:attachment":[{"href":"https:\/\/www.pressenza.com\/es\/wp-json\/wp\/v2\/media?parent=1791580"}],"wp:term":[{"taxonomy":"category","embeddable":true,"href":"https:\/\/www.pressenza.com\/es\/wp-json\/wp\/v2\/categories?post=1791580"},{"taxonomy":"post_tag","embeddable":true,"href":"https:\/\/www.pressenza.com\/es\/wp-json\/wp\/v2\/tags?post=1791580"}],"curies":[{"name":"wp","href":"https:\/\/api.w.org\/{rel}","templated":true}]}}