{"id":1791502,"date":"2024-01-04T14:55:39","date_gmt":"2024-01-04T14:55:39","guid":{"rendered":"https:\/\/www.pressenza.com\/?p=1791502"},"modified":"2024-01-04T14:59:15","modified_gmt":"2024-01-04T14:59:15","slug":"1791502","status":"publish","type":"post","link":"https:\/\/www.pressenza.com\/es\/2024\/01\/1791502\/","title":{"rendered":"Guatemala: Sale de la c\u00e1rcel ex procuradora anticorrupci\u00f3n"},"content":{"rendered":"<p>El 3 de enero, un juez de Ciudad de Guatemala autoriz\u00f3 la puesta en libertad inmediata de Virginia Laparra, ex fiscal de la fiscal\u00eda especial de Guatemala para la lucha contra la impunidad.<\/p>\n<p>Durante seis a\u00f1os, de 2016 a 2022, Laparra hab\u00eda intentado luchar contra la impunidad imperante en el Estado centroamericano, por violaciones de derechos humanos y corrupci\u00f3n, solo para acabar siendo una v\u00edctima.<\/p>\n<p>El empecinamiento judicial contra Laparra hab\u00eda comenzado en 2018, cuando un juez de Quetzaltenango hab\u00eda denunciado al fiscal que lo hab\u00eda denunciado ante los \u00f3rganos disciplinarios de la<br \/>\njusticia guatemalteca por hechos de corrupci\u00f3n.<\/p>\n<p>El 16 de diciembre de 2022, tras nueve meses de prisi\u00f3n preventiva, la secci\u00f3n octava del tribunal contra el narcotr\u00e1fico y delitos contra el medio ambiente le hab\u00eda condenado a cuatro a\u00f1os de prisi\u00f3n por abuso de autoridad de forma continuada.<\/p>\n<p>La presi\u00f3n internacional, incluida la campa\u00f1a por la liberaci\u00f3n de Laparra lanzada por Amnist\u00eda Internacional a finales de 2022 y la intervenci\u00f3n del Grupo de Trabajo de la ONU sobre la Detenci\u00f3n Arbitraria, han dado sus frutos.<\/p>\n<p>La persecuci\u00f3n judicial contra Laparra se produjo en un contexto de ataques contra una docena de personas implicadas en las investigaciones sobre casos de corrupci\u00f3n a gran escala y violaciones<br \/>\nde los derechos humanos.<\/p>\n<p>Seg\u00fan datos de la Unidad de Protecci\u00f3n a Defensores de Derechos Humanos de Guatemala, en 2022 se produjeron 3754 ataques contra defensores y defensoras de los derechos humanos y al menos 73<br \/>\nperiodistas y activistas se vieron obligados a huir al exilio.<\/p>\n","protected":false},"excerpt":{"rendered":"<p>El 3 de enero, un juez de Ciudad de Guatemala autoriz\u00f3 la puesta en libertad inmediata de Virginia Laparra, ex fiscal de la fiscal\u00eda especial de Guatemala para la lucha contra la impunidad. Durante seis a\u00f1os, de 2016 a 2022,&hellip;<\/p>\n","protected":false},"author":1334,"featured_media":1791503,"comment_status":"closed","ping_status":"closed","sticky":false,"template":"","format":"standard","meta":{"footnotes":""},"categories":[11389,79],"tags":[441],"class_list":["post-1791502","post","type-post","status-publish","format-standard","has-post-thumbnail","hentry","category-contenido-original","category-derechos-humanos","tag-derechos-humanos"],"yoast_head":"<!-- This site is optimized with the Yoast SEO plugin v27.1.1 - https:\/\/yoast.com\/product\/yoast-seo-wordpress\/ -->\n<title>Guatemala: Sale de la c\u00e1rcel ex procuradora anticorrupci\u00f3n<\/title>\n<meta name=\"description\" content=\"El 3 de enero, un juez de Ciudad de Guatemala autoriz\u00f3 la puesta en libertad inmediata de Virginia Laparra, ex fiscal de la fiscal\u00eda especial de Guatemala\" \/>\n<meta name=\"robots\" content=\"index, follow, max-snippet:-1, max-image-preview:large, max-video-preview:-1\" \/>\n<link rel=\"canonical\" href=\"https:\/\/www.pressenza.com\/es\/2024\/01\/1791502\/\" \/>\n<meta property=\"og:locale\" content=\"es_ES\" \/>\n<meta property=\"og:type\" content=\"article\" \/>\n<meta property=\"og:title\" content=\"Guatemala: Sale de la c\u00e1rcel ex procuradora anticorrupci\u00f3n\" \/>\n<meta property=\"og:description\" content=\"El 3 de enero, un juez de Ciudad de Guatemala autoriz\u00f3 la puesta en libertad inmediata de Virginia Laparra, ex fiscal de la fiscal\u00eda especial de Guatemala\" \/>\n<meta property=\"og:url\" content=\"https:\/\/www.pressenza.com\/es\/2024\/01\/1791502\/\" \/>\n<meta property=\"og:site_name\" content=\"Pressenza\" \/>\n<meta property=\"article:publisher\" content=\"https:\/\/www.facebook.com\/PressenzaItalia\" \/>\n<meta property=\"article:author\" content=\"https:\/\/www.facebook.com\/p\/Riccardo-Noury-100041166531808\/\" \/>\n<meta property=\"article:published_time\" content=\"2024-01-04T14:55:39+00:00\" \/>\n<meta property=\"article:modified_time\" content=\"2024-01-04T14:59:15+00:00\" \/>\n<meta property=\"og:image\" content=\"https:\/\/www.pressenza.com\/wp-content\/uploads\/2024\/01\/Guatemala-Virginia-Laparra-gewaltlose-politische-Gefangene-undatiertes-Foto-1.jpg\" \/>\n\t<meta property=\"og:image:width\" content=\"1218\" \/>\n\t<meta property=\"og:image:height\" content=\"600\" \/>\n\t<meta property=\"og:image:type\" content=\"image\/jpeg\" \/>\n<meta name=\"author\" content=\"Riccardo Noury\" \/>\n<meta name=\"twitter:card\" content=\"summary_large_image\" \/>\n<meta name=\"twitter:creator\" content=\"@riccardonoury\" \/>\n<meta name=\"twitter:site\" content=\"@PressenzaIPA\" \/>\n<meta name=\"twitter:label1\" content=\"Escrito por\" \/>\n\t<meta name=\"twitter:data1\" content=\"Riccardo Noury\" \/>\n\t<meta name=\"twitter:label2\" content=\"Tiempo de lectura\" \/>\n\t<meta name=\"twitter:data2\" content=\"2 minutos\" \/>\n<script type=\"application\/ld+json\" class=\"yoast-schema-graph\">{\"@context\":\"https:\/\/schema.org\",\"@graph\":[{\"@type\":\"Article\",\"@id\":\"https:\/\/www.pressenza.com\/es\/2024\/01\/1791502\/#article\",\"isPartOf\":{\"@id\":\"https:\/\/www.pressenza.com\/es\/2024\/01\/1791502\/\"},\"author\":{\"name\":\"Riccardo Noury\",\"@id\":\"https:\/\/www.pressenza.com\/es\/#\/schema\/person\/8f342cd59f9d5aae911255240684f81e\"},\"headline\":\"Guatemala: Sale de la c\u00e1rcel ex procuradora anticorrupci\u00f3n\",\"datePublished\":\"2024-01-04T14:55:39+00:00\",\"dateModified\":\"2024-01-04T14:59:15+00:00\",\"mainEntityOfPage\":{\"@id\":\"https:\/\/www.pressenza.com\/es\/2024\/01\/1791502\/\"},\"wordCount\":278,\"publisher\":{\"@id\":\"https:\/\/www.pressenza.com\/es\/#organization\"},\"image\":{\"@id\":\"https:\/\/www.pressenza.com\/es\/2024\/01\/1791502\/#primaryimage\"},\"thumbnailUrl\":\"https:\/\/www.pressenza.com\/wp-content\/uploads\/2024\/01\/Guatemala-Virginia-Laparra-gewaltlose-politische-Gefangene-undatiertes-Foto-1.jpg\",\"keywords\":[\"Derechos humanos\"],\"articleSection\":[\"Contenido Original\",\"Derechos Humanos\"],\"inLanguage\":\"es\"},{\"@type\":\"WebPage\",\"@id\":\"https:\/\/www.pressenza.com\/es\/2024\/01\/1791502\/\",\"url\":\"https:\/\/www.pressenza.com\/es\/2024\/01\/1791502\/\",\"name\":\"Guatemala: Sale de la c\u00e1rcel ex procuradora anticorrupci\u00f3n\",\"isPartOf\":{\"@id\":\"https:\/\/www.pressenza.com\/es\/#website\"},\"primaryImageOfPage\":{\"@id\":\"https:\/\/www.pressenza.com\/es\/2024\/01\/1791502\/#primaryimage\"},\"image\":{\"@id\":\"https:\/\/www.pressenza.com\/es\/2024\/01\/1791502\/#primaryimage\"},\"thumbnailUrl\":\"https:\/\/www.pressenza.com\/wp-content\/uploads\/2024\/01\/Guatemala-Virginia-Laparra-gewaltlose-politische-Gefangene-undatiertes-Foto-1.jpg\",\"datePublished\":\"2024-01-04T14:55:39+00:00\",\"dateModified\":\"2024-01-04T14:59:15+00:00\",\"description\":\"El 3 de enero, un juez de Ciudad de Guatemala autoriz\u00f3 la puesta en libertad inmediata de Virginia Laparra, ex fiscal de la fiscal\u00eda especial de Guatemala\",\"breadcrumb\":{\"@id\":\"https:\/\/www.pressenza.com\/es\/2024\/01\/1791502\/#breadcrumb\"},\"inLanguage\":\"es\",\"potentialAction\":[{\"@type\":\"ReadAction\",\"target\":[\"https:\/\/www.pressenza.com\/es\/2024\/01\/1791502\/\"]}]},{\"@type\":\"ImageObject\",\"inLanguage\":\"es\",\"@id\":\"https:\/\/www.pressenza.com\/es\/2024\/01\/1791502\/#primaryimage\",\"url\":\"https:\/\/www.pressenza.com\/wp-content\/uploads\/2024\/01\/Guatemala-Virginia-Laparra-gewaltlose-politische-Gefangene-undatiertes-Foto-1.jpg\",\"contentUrl\":\"https:\/\/www.pressenza.com\/wp-content\/uploads\/2024\/01\/Guatemala-Virginia-Laparra-gewaltlose-politische-Gefangene-undatiertes-Foto-1.jpg\",\"width\":1218,\"height\":600,\"caption\":\"Prisoner of Conscience Dr. Virginia Laparra portraits in Ciudad de Guatemala\"},{\"@type\":\"BreadcrumbList\",\"@id\":\"https:\/\/www.pressenza.com\/es\/2024\/01\/1791502\/#breadcrumb\",\"itemListElement\":[{\"@type\":\"ListItem\",\"position\":1,\"name\":\"Accueil\",\"item\":\"https:\/\/www.pressenza.com\/es\/\"},{\"@type\":\"ListItem\",\"position\":2,\"name\":\"Guatemala: Sale de la c\u00e1rcel ex procuradora anticorrupci\u00f3n\"}]},{\"@type\":\"WebSite\",\"@id\":\"https:\/\/www.pressenza.com\/es\/#website\",\"url\":\"https:\/\/www.pressenza.com\/es\/\",\"name\":\"Pressenza\",\"description\":\"International Press Agency\",\"publisher\":{\"@id\":\"https:\/\/www.pressenza.com\/es\/#organization\"},\"potentialAction\":[{\"@type\":\"SearchAction\",\"target\":{\"@type\":\"EntryPoint\",\"urlTemplate\":\"https:\/\/www.pressenza.com\/es\/?s={search_term_string}\"},\"query-input\":{\"@type\":\"PropertyValueSpecification\",\"valueRequired\":true,\"valueName\":\"search_term_string\"}}],\"inLanguage\":\"es\"},{\"@type\":\"Organization\",\"@id\":\"https:\/\/www.pressenza.com\/es\/#organization\",\"name\":\"Pressenza\",\"url\":\"https:\/\/www.pressenza.com\/es\/\",\"logo\":{\"@type\":\"ImageObject\",\"inLanguage\":\"es\",\"@id\":\"https:\/\/www.pressenza.com\/es\/#\/schema\/logo\/image\/\",\"url\":\"https:\/\/www.pressenza.com\/wp-content\/uploads\/2022\/10\/pressenza_logo_200x200.jpg\",\"contentUrl\":\"https:\/\/www.pressenza.com\/wp-content\/uploads\/2022\/10\/pressenza_logo_200x200.jpg\",\"width\":200,\"height\":200,\"caption\":\"Pressenza\"},\"image\":{\"@id\":\"https:\/\/www.pressenza.com\/es\/#\/schema\/logo\/image\/\"},\"sameAs\":[\"https:\/\/www.facebook.com\/PressenzaItalia\",\"https:\/\/x.com\/PressenzaIPA\"]},{\"@type\":\"Person\",\"@id\":\"https:\/\/www.pressenza.com\/es\/#\/schema\/person\/8f342cd59f9d5aae911255240684f81e\",\"name\":\"Riccardo Noury\",\"sameAs\":[\"http:\/\/www.amnesty.it\/\",\"https:\/\/www.facebook.com\/p\/Riccardo-Noury-100041166531808\/\",\"https:\/\/www.instagram.com\/riccardonoury9241\",\"https:\/\/x.com\/riccardonoury\"],\"url\":\"https:\/\/www.pressenza.com\/es\/author\/riccardo-noury\/\"}]}<\/script>\n<!-- \/ Yoast SEO plugin. -->","yoast_head_json":{"title":"Guatemala: Sale de la c\u00e1rcel ex procuradora anticorrupci\u00f3n","description":"El 3 de enero, un juez de Ciudad de Guatemala autoriz\u00f3 la puesta en libertad inmediata de Virginia Laparra, ex fiscal de la fiscal\u00eda especial de Guatemala","robots":{"index":"index","follow":"follow","max-snippet":"max-snippet:-1","max-image-preview":"max-image-preview:large","max-video-preview":"max-video-preview:-1"},"canonical":"https:\/\/www.pressenza.com\/es\/2024\/01\/1791502\/","og_locale":"es_ES","og_type":"article","og_title":"Guatemala: Sale de la c\u00e1rcel ex procuradora anticorrupci\u00f3n","og_description":"El 3 de enero, un juez de Ciudad de Guatemala autoriz\u00f3 la puesta en libertad inmediata de Virginia Laparra, ex fiscal de la fiscal\u00eda especial de Guatemala","og_url":"https:\/\/www.pressenza.com\/es\/2024\/01\/1791502\/","og_site_name":"Pressenza","article_publisher":"https:\/\/www.facebook.com\/PressenzaItalia","article_author":"https:\/\/www.facebook.com\/p\/Riccardo-Noury-100041166531808\/","article_published_time":"2024-01-04T14:55:39+00:00","article_modified_time":"2024-01-04T14:59:15+00:00","og_image":[{"width":1218,"height":600,"url":"https:\/\/www.pressenza.com\/wp-content\/uploads\/2024\/01\/Guatemala-Virginia-Laparra-gewaltlose-politische-Gefangene-undatiertes-Foto-1.jpg","type":"image\/jpeg"}],"author":"Riccardo Noury","twitter_card":"summary_large_image","twitter_creator":"@riccardonoury","twitter_site":"@PressenzaIPA","twitter_misc":{"Escrito por":"Riccardo Noury","Tiempo de lectura":"2 minutos"},"schema":{"@context":"https:\/\/schema.org","@graph":[{"@type":"Article","@id":"https:\/\/www.pressenza.com\/es\/2024\/01\/1791502\/#article","isPartOf":{"@id":"https:\/\/www.pressenza.com\/es\/2024\/01\/1791502\/"},"author":{"name":"Riccardo Noury","@id":"https:\/\/www.pressenza.com\/es\/#\/schema\/person\/8f342cd59f9d5aae911255240684f81e"},"headline":"Guatemala: Sale de la c\u00e1rcel ex procuradora anticorrupci\u00f3n","datePublished":"2024-01-04T14:55:39+00:00","dateModified":"2024-01-04T14:59:15+00:00","mainEntityOfPage":{"@id":"https:\/\/www.pressenza.com\/es\/2024\/01\/1791502\/"},"wordCount":278,"publisher":{"@id":"https:\/\/www.pressenza.com\/es\/#organization"},"image":{"@id":"https:\/\/www.pressenza.com\/es\/2024\/01\/1791502\/#primaryimage"},"thumbnailUrl":"https:\/\/www.pressenza.com\/wp-content\/uploads\/2024\/01\/Guatemala-Virginia-Laparra-gewaltlose-politische-Gefangene-undatiertes-Foto-1.jpg","keywords":["Derechos humanos"],"articleSection":["Contenido Original","Derechos Humanos"],"inLanguage":"es"},{"@type":"WebPage","@id":"https:\/\/www.pressenza.com\/es\/2024\/01\/1791502\/","url":"https:\/\/www.pressenza.com\/es\/2024\/01\/1791502\/","name":"Guatemala: Sale de la c\u00e1rcel ex procuradora anticorrupci\u00f3n","isPartOf":{"@id":"https:\/\/www.pressenza.com\/es\/#website"},"primaryImageOfPage":{"@id":"https:\/\/www.pressenza.com\/es\/2024\/01\/1791502\/#primaryimage"},"image":{"@id":"https:\/\/www.pressenza.com\/es\/2024\/01\/1791502\/#primaryimage"},"thumbnailUrl":"https:\/\/www.pressenza.com\/wp-content\/uploads\/2024\/01\/Guatemala-Virginia-Laparra-gewaltlose-politische-Gefangene-undatiertes-Foto-1.jpg","datePublished":"2024-01-04T14:55:39+00:00","dateModified":"2024-01-04T14:59:15+00:00","description":"El 3 de enero, un juez de Ciudad de Guatemala autoriz\u00f3 la puesta en libertad inmediata de Virginia Laparra, ex fiscal de la fiscal\u00eda especial de Guatemala","breadcrumb":{"@id":"https:\/\/www.pressenza.com\/es\/2024\/01\/1791502\/#breadcrumb"},"inLanguage":"es","potentialAction":[{"@type":"ReadAction","target":["https:\/\/www.pressenza.com\/es\/2024\/01\/1791502\/"]}]},{"@type":"ImageObject","inLanguage":"es","@id":"https:\/\/www.pressenza.com\/es\/2024\/01\/1791502\/#primaryimage","url":"https:\/\/www.pressenza.com\/wp-content\/uploads\/2024\/01\/Guatemala-Virginia-Laparra-gewaltlose-politische-Gefangene-undatiertes-Foto-1.jpg","contentUrl":"https:\/\/www.pressenza.com\/wp-content\/uploads\/2024\/01\/Guatemala-Virginia-Laparra-gewaltlose-politische-Gefangene-undatiertes-Foto-1.jpg","width":1218,"height":600,"caption":"Prisoner of Conscience Dr. Virginia Laparra portraits in Ciudad de Guatemala"},{"@type":"BreadcrumbList","@id":"https:\/\/www.pressenza.com\/es\/2024\/01\/1791502\/#breadcrumb","itemListElement":[{"@type":"ListItem","position":1,"name":"Accueil","item":"https:\/\/www.pressenza.com\/es\/"},{"@type":"ListItem","position":2,"name":"Guatemala: Sale de la c\u00e1rcel ex procuradora anticorrupci\u00f3n"}]},{"@type":"WebSite","@id":"https:\/\/www.pressenza.com\/es\/#website","url":"https:\/\/www.pressenza.com\/es\/","name":"Pressenza","description":"International Press Agency","publisher":{"@id":"https:\/\/www.pressenza.com\/es\/#organization"},"potentialAction":[{"@type":"SearchAction","target":{"@type":"EntryPoint","urlTemplate":"https:\/\/www.pressenza.com\/es\/?s={search_term_string}"},"query-input":{"@type":"PropertyValueSpecification","valueRequired":true,"valueName":"search_term_string"}}],"inLanguage":"es"},{"@type":"Organization","@id":"https:\/\/www.pressenza.com\/es\/#organization","name":"Pressenza","url":"https:\/\/www.pressenza.com\/es\/","logo":{"@type":"ImageObject","inLanguage":"es","@id":"https:\/\/www.pressenza.com\/es\/#\/schema\/logo\/image\/","url":"https:\/\/www.pressenza.com\/wp-content\/uploads\/2022\/10\/pressenza_logo_200x200.jpg","contentUrl":"https:\/\/www.pressenza.com\/wp-content\/uploads\/2022\/10\/pressenza_logo_200x200.jpg","width":200,"height":200,"caption":"Pressenza"},"image":{"@id":"https:\/\/www.pressenza.com\/es\/#\/schema\/logo\/image\/"},"sameAs":["https:\/\/www.facebook.com\/PressenzaItalia","https:\/\/x.com\/PressenzaIPA"]},{"@type":"Person","@id":"https:\/\/www.pressenza.com\/es\/#\/schema\/person\/8f342cd59f9d5aae911255240684f81e","name":"Riccardo Noury","sameAs":["http:\/\/www.amnesty.it\/","https:\/\/www.facebook.com\/p\/Riccardo-Noury-100041166531808\/","https:\/\/www.instagram.com\/riccardonoury9241","https:\/\/x.com\/riccardonoury"],"url":"https:\/\/www.pressenza.com\/es\/author\/riccardo-noury\/"}]}},"place":"Ciudad de Guatemala, Guatemala","original_article_url":"","_links":{"self":[{"href":"https:\/\/www.pressenza.com\/es\/wp-json\/wp\/v2\/posts\/1791502","targetHints":{"allow":["GET"]}}],"collection":[{"href":"https:\/\/www.pressenza.com\/es\/wp-json\/wp\/v2\/posts"}],"about":[{"href":"https:\/\/www.pressenza.com\/es\/wp-json\/wp\/v2\/types\/post"}],"author":[{"embeddable":true,"href":"https:\/\/www.pressenza.com\/es\/wp-json\/wp\/v2\/users\/1334"}],"replies":[{"embeddable":true,"href":"https:\/\/www.pressenza.com\/es\/wp-json\/wp\/v2\/comments?post=1791502"}],"version-history":[{"count":0,"href":"https:\/\/www.pressenza.com\/es\/wp-json\/wp\/v2\/posts\/1791502\/revisions"}],"wp:featuredmedia":[{"embeddable":true,"href":"https:\/\/www.pressenza.com\/es\/wp-json\/wp\/v2\/media\/1791503"}],"wp:attachment":[{"href":"https:\/\/www.pressenza.com\/es\/wp-json\/wp\/v2\/media?parent=1791502"}],"wp:term":[{"taxonomy":"category","embeddable":true,"href":"https:\/\/www.pressenza.com\/es\/wp-json\/wp\/v2\/categories?post=1791502"},{"taxonomy":"post_tag","embeddable":true,"href":"https:\/\/www.pressenza.com\/es\/wp-json\/wp\/v2\/tags?post=1791502"}],"curies":[{"name":"wp","href":"https:\/\/api.w.org\/{rel}","templated":true}]}}