{"id":1790234,"date":"2023-12-28T16:39:52","date_gmt":"2023-12-28T16:39:52","guid":{"rendered":"https:\/\/www.pressenza.com\/?p=1790234"},"modified":"2023-12-28T16:39:52","modified_gmt":"2023-12-28T16:39:52","slug":"represion-marroqui-en-el-sahara-occidental-periodistas-sometidos-a-detenciones-injustas","status":"publish","type":"post","link":"https:\/\/www.pressenza.com\/es\/2023\/12\/represion-marroqui-en-el-sahara-occidental-periodistas-sometidos-a-detenciones-injustas\/","title":{"rendered":"Represi\u00f3n marroqu\u00ed en el S\u00e1hara Occidental: periodistas sometidos a detenciones injustas"},"content":{"rendered":"<p style=\"padding-left: 40px;\">En una declaraci\u00f3n reciente, Nafi Ahmed Mohamed, Secretario General de la Uni\u00f3n de Periodistas y Escritores Saharauis, denunci\u00f3 la creciente represi\u00f3n marroqu\u00ed en el S\u00e1hara Occidental. La libertad de expresi\u00f3n, considerada un crimen por la ocupaci\u00f3n marroqu\u00ed, ha llevado a periodistas saharauis a enfrentarse a detenciones ilegales y condiciones inhumanas tras las rejas.<\/p>\n<p>Mohamed destac\u00f3 la dif\u00edcil situaci\u00f3n de los profesionales de los medios saharauis, injustamente encarcelados en c\u00e1rceles marroqu\u00edes, pagando el precio de la libertad de expresi\u00f3n. Durante una pausa en la campa\u00f1a contra la candidatura de Marruecos a la presidencia del Consejo de Derechos Humanos de la ONU, la Uni\u00f3n de Periodistas y Escritores Saharauis\u00a0 revel\u00f3 la persecuci\u00f3n sistem\u00e1tica a periodistas saharauis. Los hogares son asediados, se rastrean llamadas telef\u00f3nicas y cuentas en redes sociales, todo con el objetivo de silenciar la verdad.<\/p>\n<p>La Uni\u00f3n de Periodistas y Escritores Saharauis hizo un llamado urgente a las organizaciones internacionales para liberar a los detenidos pol\u00edticos saharauis, especialmente a periodistas que, en protesta por las condiciones inhumanas de detenci\u00f3n, realizan huelgas de hambre. La represi\u00f3n marroqu\u00ed, seg\u00fan Mohamed, es una t\u00e1ctica para minar la moral del pueblo saharaui y atacar su identidad en una guerra psicol\u00f3gica.<\/p>\n<p>En un momento en que Marruecos busca presidir el Consejo de Derechos Humanos de la ONU, la comunidad internacional debe unirse para enfrentar los abusos en el S\u00e1hara Occidental. La Uni\u00f3n de Periodistas y Escritores Saharauis hace un llamado a escritores y profesionales de los medios a defender la justicia de la lucha del pueblo saharaui y resistir las pol\u00edticas coloniales. La ocupaci\u00f3n marroqu\u00ed, que busca socavar la unidad saharaui, enfrenta la resistencia de quienes buscan la verdad y la justicia en medio de una intensificaci\u00f3n de la ocupaci\u00f3n y el cierre de la regi\u00f3n a los observadores internacionales.<\/p>\n","protected":false},"excerpt":{"rendered":"<p>En una declaraci\u00f3n reciente, Nafi Ahmed Mohamed, Secretario General de la Uni\u00f3n de Periodistas y Escritores Saharauis, denunci\u00f3 la creciente represi\u00f3n marroqu\u00ed en el S\u00e1hara Occidental. La libertad de expresi\u00f3n, considerada un crimen por la ocupaci\u00f3n marroqu\u00ed, ha llevado a&hellip;<\/p>\n","protected":false},"author":94,"featured_media":1790240,"comment_status":"closed","ping_status":"closed","sticky":false,"template":"","format":"standard","meta":{"footnotes":""},"categories":[64,79,106739,74],"tags":[9024,679,23485,18695,118928,11091],"class_list":["post-1790234","post","type-post","status-publish","format-standard","has-post-thumbnail","hentry","category-africa-es","category-derechos-humanos","category-noticia","category-politica-es","tag-marruecos","tag-onu-es","tag-periodistas","tag-sahara-occidental","tag-sahara-ocupado","tag-saharauis"],"yoast_head":"<!-- This site is optimized with the Yoast SEO plugin v27.1.1 - https:\/\/yoast.com\/product\/yoast-seo-wordpress\/ -->\n<title>Represi\u00f3n marroqu\u00ed en el S\u00e1hara Occidental: periodistas sometidos a detenciones injustas<\/title>\n<meta name=\"description\" content=\"En una declaraci\u00f3n reciente, Nafi Ahmed Mohamed, Secretario General de la Uni\u00f3n de Periodistas y Escritores Saharauis, denunci\u00f3 la creciente represi\u00f3n\" \/>\n<meta name=\"robots\" content=\"index, follow, max-snippet:-1, max-image-preview:large, max-video-preview:-1\" \/>\n<link rel=\"canonical\" href=\"https:\/\/www.pressenza.com\/es\/2023\/12\/represion-marroqui-en-el-sahara-occidental-periodistas-sometidos-a-detenciones-injustas\/\" \/>\n<meta property=\"og:locale\" content=\"es_ES\" \/>\n<meta property=\"og:type\" content=\"article\" \/>\n<meta property=\"og:title\" content=\"Represi\u00f3n marroqu\u00ed en el S\u00e1hara Occidental: periodistas sometidos a detenciones injustas\" \/>\n<meta property=\"og:description\" content=\"En una declaraci\u00f3n reciente, Nafi Ahmed Mohamed, Secretario General de la Uni\u00f3n de Periodistas y Escritores Saharauis, denunci\u00f3 la creciente represi\u00f3n\" \/>\n<meta property=\"og:url\" content=\"https:\/\/www.pressenza.com\/es\/2023\/12\/represion-marroqui-en-el-sahara-occidental-periodistas-sometidos-a-detenciones-injustas\/\" \/>\n<meta property=\"og:site_name\" content=\"Pressenza\" \/>\n<meta property=\"article:publisher\" content=\"https:\/\/www.facebook.com\/PressenzaItalia\" \/>\n<meta property=\"article:author\" content=\"https:\/\/www.facebook.com\/pressenza\" \/>\n<meta property=\"article:published_time\" content=\"2023-12-28T16:39:52+00:00\" \/>\n<meta property=\"og:image\" content=\"https:\/\/www.pressenza.com\/wp-content\/uploads\/2023\/12\/Foto-de-PorUnSaharaLibre-org-1.jpg\" \/>\n\t<meta property=\"og:image:width\" content=\"820\" \/>\n\t<meta property=\"og:image:height\" content=\"495\" \/>\n\t<meta property=\"og:image:type\" content=\"image\/jpeg\" \/>\n<meta name=\"author\" content=\"Redacci\u00f3n Madrid\" \/>\n<meta name=\"twitter:card\" content=\"summary_large_image\" \/>\n<meta name=\"twitter:creator\" content=\"@pressenza\" \/>\n<meta name=\"twitter:site\" content=\"@PressenzaIPA\" \/>\n<meta name=\"twitter:label1\" content=\"Escrito por\" \/>\n\t<meta name=\"twitter:data1\" content=\"Redacci\u00f3n Madrid\" \/>\n\t<meta name=\"twitter:label2\" content=\"Tiempo de lectura\" \/>\n\t<meta name=\"twitter:data2\" content=\"2 minutos\" \/>\n<script type=\"application\/ld+json\" class=\"yoast-schema-graph\">{\"@context\":\"https:\/\/schema.org\",\"@graph\":[{\"@type\":\"Article\",\"@id\":\"https:\/\/www.pressenza.com\/es\/2023\/12\/represion-marroqui-en-el-sahara-occidental-periodistas-sometidos-a-detenciones-injustas\/#article\",\"isPartOf\":{\"@id\":\"https:\/\/www.pressenza.com\/es\/2023\/12\/represion-marroqui-en-el-sahara-occidental-periodistas-sometidos-a-detenciones-injustas\/\"},\"author\":{\"name\":\"Redacci\u00f3n Madrid\",\"@id\":\"https:\/\/www.pressenza.com\/es\/#\/schema\/person\/828fc40eeca2ad7be3630e5a46adba94\"},\"headline\":\"Represi\u00f3n marroqu\u00ed en el S\u00e1hara Occidental: periodistas sometidos a detenciones injustas\",\"datePublished\":\"2023-12-28T16:39:52+00:00\",\"mainEntityOfPage\":{\"@id\":\"https:\/\/www.pressenza.com\/es\/2023\/12\/represion-marroqui-en-el-sahara-occidental-periodistas-sometidos-a-detenciones-injustas\/\"},\"wordCount\":338,\"publisher\":{\"@id\":\"https:\/\/www.pressenza.com\/es\/#organization\"},\"image\":{\"@id\":\"https:\/\/www.pressenza.com\/es\/2023\/12\/represion-marroqui-en-el-sahara-occidental-periodistas-sometidos-a-detenciones-injustas\/#primaryimage\"},\"thumbnailUrl\":\"https:\/\/www.pressenza.com\/wp-content\/uploads\/2023\/12\/Foto-de-PorUnSaharaLibre-org-1.jpg\",\"keywords\":[\"Marruecos\",\"ONU\",\"periodistas\",\"Sahara Occidental\",\"Sahara ocupado\",\"saharauis\"],\"articleSection\":[\"Africa\",\"Derechos Humanos\",\"Noticia\",\"Pol\u00edtica\"],\"inLanguage\":\"es\"},{\"@type\":\"WebPage\",\"@id\":\"https:\/\/www.pressenza.com\/es\/2023\/12\/represion-marroqui-en-el-sahara-occidental-periodistas-sometidos-a-detenciones-injustas\/\",\"url\":\"https:\/\/www.pressenza.com\/es\/2023\/12\/represion-marroqui-en-el-sahara-occidental-periodistas-sometidos-a-detenciones-injustas\/\",\"name\":\"Represi\u00f3n marroqu\u00ed en el S\u00e1hara Occidental: periodistas sometidos a detenciones injustas\",\"isPartOf\":{\"@id\":\"https:\/\/www.pressenza.com\/es\/#website\"},\"primaryImageOfPage\":{\"@id\":\"https:\/\/www.pressenza.com\/es\/2023\/12\/represion-marroqui-en-el-sahara-occidental-periodistas-sometidos-a-detenciones-injustas\/#primaryimage\"},\"image\":{\"@id\":\"https:\/\/www.pressenza.com\/es\/2023\/12\/represion-marroqui-en-el-sahara-occidental-periodistas-sometidos-a-detenciones-injustas\/#primaryimage\"},\"thumbnailUrl\":\"https:\/\/www.pressenza.com\/wp-content\/uploads\/2023\/12\/Foto-de-PorUnSaharaLibre-org-1.jpg\",\"datePublished\":\"2023-12-28T16:39:52+00:00\",\"description\":\"En una declaraci\u00f3n reciente, Nafi Ahmed Mohamed, Secretario General de la Uni\u00f3n de Periodistas y Escritores Saharauis, denunci\u00f3 la creciente represi\u00f3n\",\"breadcrumb\":{\"@id\":\"https:\/\/www.pressenza.com\/es\/2023\/12\/represion-marroqui-en-el-sahara-occidental-periodistas-sometidos-a-detenciones-injustas\/#breadcrumb\"},\"inLanguage\":\"es\",\"potentialAction\":[{\"@type\":\"ReadAction\",\"target\":[\"https:\/\/www.pressenza.com\/es\/2023\/12\/represion-marroqui-en-el-sahara-occidental-periodistas-sometidos-a-detenciones-injustas\/\"]}]},{\"@type\":\"ImageObject\",\"inLanguage\":\"es\",\"@id\":\"https:\/\/www.pressenza.com\/es\/2023\/12\/represion-marroqui-en-el-sahara-occidental-periodistas-sometidos-a-detenciones-injustas\/#primaryimage\",\"url\":\"https:\/\/www.pressenza.com\/wp-content\/uploads\/2023\/12\/Foto-de-PorUnSaharaLibre-org-1.jpg\",\"contentUrl\":\"https:\/\/www.pressenza.com\/wp-content\/uploads\/2023\/12\/Foto-de-PorUnSaharaLibre-org-1.jpg\",\"width\":820,\"height\":495},{\"@type\":\"BreadcrumbList\",\"@id\":\"https:\/\/www.pressenza.com\/es\/2023\/12\/represion-marroqui-en-el-sahara-occidental-periodistas-sometidos-a-detenciones-injustas\/#breadcrumb\",\"itemListElement\":[{\"@type\":\"ListItem\",\"position\":1,\"name\":\"Accueil\",\"item\":\"https:\/\/www.pressenza.com\/es\/\"},{\"@type\":\"ListItem\",\"position\":2,\"name\":\"Represi\u00f3n marroqu\u00ed en el S\u00e1hara Occidental: periodistas sometidos a detenciones injustas\"}]},{\"@type\":\"WebSite\",\"@id\":\"https:\/\/www.pressenza.com\/es\/#website\",\"url\":\"https:\/\/www.pressenza.com\/es\/\",\"name\":\"Pressenza\",\"description\":\"International Press Agency\",\"publisher\":{\"@id\":\"https:\/\/www.pressenza.com\/es\/#organization\"},\"potentialAction\":[{\"@type\":\"SearchAction\",\"target\":{\"@type\":\"EntryPoint\",\"urlTemplate\":\"https:\/\/www.pressenza.com\/es\/?s={search_term_string}\"},\"query-input\":{\"@type\":\"PropertyValueSpecification\",\"valueRequired\":true,\"valueName\":\"search_term_string\"}}],\"inLanguage\":\"es\"},{\"@type\":\"Organization\",\"@id\":\"https:\/\/www.pressenza.com\/es\/#organization\",\"name\":\"Pressenza\",\"url\":\"https:\/\/www.pressenza.com\/es\/\",\"logo\":{\"@type\":\"ImageObject\",\"inLanguage\":\"es\",\"@id\":\"https:\/\/www.pressenza.com\/es\/#\/schema\/logo\/image\/\",\"url\":\"https:\/\/www.pressenza.com\/wp-content\/uploads\/2022\/10\/pressenza_logo_200x200.jpg\",\"contentUrl\":\"https:\/\/www.pressenza.com\/wp-content\/uploads\/2022\/10\/pressenza_logo_200x200.jpg\",\"width\":200,\"height\":200,\"caption\":\"Pressenza\"},\"image\":{\"@id\":\"https:\/\/www.pressenza.com\/es\/#\/schema\/logo\/image\/\"},\"sameAs\":[\"https:\/\/www.facebook.com\/PressenzaItalia\",\"https:\/\/x.com\/PressenzaIPA\"]},{\"@type\":\"Person\",\"@id\":\"https:\/\/www.pressenza.com\/es\/#\/schema\/person\/828fc40eeca2ad7be3630e5a46adba94\",\"name\":\"Redacci\u00f3n Madrid\",\"description\":\"News from the Pressenza Bureau in Madrid, Spain\",\"sameAs\":[\"https:\/\/www.facebook.com\/pressenza\",\"https:\/\/x.com\/pressenza\"],\"url\":\"https:\/\/www.pressenza.com\/es\/author\/redaccion-madrid\/\"}]}<\/script>\n<!-- \/ Yoast SEO plugin. -->","yoast_head_json":{"title":"Represi\u00f3n marroqu\u00ed en el S\u00e1hara Occidental: periodistas sometidos a detenciones injustas","description":"En una declaraci\u00f3n reciente, Nafi Ahmed Mohamed, Secretario General de la Uni\u00f3n de Periodistas y Escritores Saharauis, denunci\u00f3 la creciente represi\u00f3n","robots":{"index":"index","follow":"follow","max-snippet":"max-snippet:-1","max-image-preview":"max-image-preview:large","max-video-preview":"max-video-preview:-1"},"canonical":"https:\/\/www.pressenza.com\/es\/2023\/12\/represion-marroqui-en-el-sahara-occidental-periodistas-sometidos-a-detenciones-injustas\/","og_locale":"es_ES","og_type":"article","og_title":"Represi\u00f3n marroqu\u00ed en el S\u00e1hara Occidental: periodistas sometidos a detenciones injustas","og_description":"En una declaraci\u00f3n reciente, Nafi Ahmed Mohamed, Secretario General de la Uni\u00f3n de Periodistas y Escritores Saharauis, denunci\u00f3 la creciente represi\u00f3n","og_url":"https:\/\/www.pressenza.com\/es\/2023\/12\/represion-marroqui-en-el-sahara-occidental-periodistas-sometidos-a-detenciones-injustas\/","og_site_name":"Pressenza","article_publisher":"https:\/\/www.facebook.com\/PressenzaItalia","article_author":"https:\/\/www.facebook.com\/pressenza","article_published_time":"2023-12-28T16:39:52+00:00","og_image":[{"width":820,"height":495,"url":"https:\/\/www.pressenza.com\/wp-content\/uploads\/2023\/12\/Foto-de-PorUnSaharaLibre-org-1.jpg","type":"image\/jpeg"}],"author":"Redacci\u00f3n Madrid","twitter_card":"summary_large_image","twitter_creator":"@pressenza","twitter_site":"@PressenzaIPA","twitter_misc":{"Escrito por":"Redacci\u00f3n Madrid","Tiempo de lectura":"2 minutos"},"schema":{"@context":"https:\/\/schema.org","@graph":[{"@type":"Article","@id":"https:\/\/www.pressenza.com\/es\/2023\/12\/represion-marroqui-en-el-sahara-occidental-periodistas-sometidos-a-detenciones-injustas\/#article","isPartOf":{"@id":"https:\/\/www.pressenza.com\/es\/2023\/12\/represion-marroqui-en-el-sahara-occidental-periodistas-sometidos-a-detenciones-injustas\/"},"author":{"name":"Redacci\u00f3n Madrid","@id":"https:\/\/www.pressenza.com\/es\/#\/schema\/person\/828fc40eeca2ad7be3630e5a46adba94"},"headline":"Represi\u00f3n marroqu\u00ed en el S\u00e1hara Occidental: periodistas sometidos a detenciones injustas","datePublished":"2023-12-28T16:39:52+00:00","mainEntityOfPage":{"@id":"https:\/\/www.pressenza.com\/es\/2023\/12\/represion-marroqui-en-el-sahara-occidental-periodistas-sometidos-a-detenciones-injustas\/"},"wordCount":338,"publisher":{"@id":"https:\/\/www.pressenza.com\/es\/#organization"},"image":{"@id":"https:\/\/www.pressenza.com\/es\/2023\/12\/represion-marroqui-en-el-sahara-occidental-periodistas-sometidos-a-detenciones-injustas\/#primaryimage"},"thumbnailUrl":"https:\/\/www.pressenza.com\/wp-content\/uploads\/2023\/12\/Foto-de-PorUnSaharaLibre-org-1.jpg","keywords":["Marruecos","ONU","periodistas","Sahara Occidental","Sahara ocupado","saharauis"],"articleSection":["Africa","Derechos Humanos","Noticia","Pol\u00edtica"],"inLanguage":"es"},{"@type":"WebPage","@id":"https:\/\/www.pressenza.com\/es\/2023\/12\/represion-marroqui-en-el-sahara-occidental-periodistas-sometidos-a-detenciones-injustas\/","url":"https:\/\/www.pressenza.com\/es\/2023\/12\/represion-marroqui-en-el-sahara-occidental-periodistas-sometidos-a-detenciones-injustas\/","name":"Represi\u00f3n marroqu\u00ed en el S\u00e1hara Occidental: periodistas sometidos a detenciones injustas","isPartOf":{"@id":"https:\/\/www.pressenza.com\/es\/#website"},"primaryImageOfPage":{"@id":"https:\/\/www.pressenza.com\/es\/2023\/12\/represion-marroqui-en-el-sahara-occidental-periodistas-sometidos-a-detenciones-injustas\/#primaryimage"},"image":{"@id":"https:\/\/www.pressenza.com\/es\/2023\/12\/represion-marroqui-en-el-sahara-occidental-periodistas-sometidos-a-detenciones-injustas\/#primaryimage"},"thumbnailUrl":"https:\/\/www.pressenza.com\/wp-content\/uploads\/2023\/12\/Foto-de-PorUnSaharaLibre-org-1.jpg","datePublished":"2023-12-28T16:39:52+00:00","description":"En una declaraci\u00f3n reciente, Nafi Ahmed Mohamed, Secretario General de la Uni\u00f3n de Periodistas y Escritores Saharauis, denunci\u00f3 la creciente represi\u00f3n","breadcrumb":{"@id":"https:\/\/www.pressenza.com\/es\/2023\/12\/represion-marroqui-en-el-sahara-occidental-periodistas-sometidos-a-detenciones-injustas\/#breadcrumb"},"inLanguage":"es","potentialAction":[{"@type":"ReadAction","target":["https:\/\/www.pressenza.com\/es\/2023\/12\/represion-marroqui-en-el-sahara-occidental-periodistas-sometidos-a-detenciones-injustas\/"]}]},{"@type":"ImageObject","inLanguage":"es","@id":"https:\/\/www.pressenza.com\/es\/2023\/12\/represion-marroqui-en-el-sahara-occidental-periodistas-sometidos-a-detenciones-injustas\/#primaryimage","url":"https:\/\/www.pressenza.com\/wp-content\/uploads\/2023\/12\/Foto-de-PorUnSaharaLibre-org-1.jpg","contentUrl":"https:\/\/www.pressenza.com\/wp-content\/uploads\/2023\/12\/Foto-de-PorUnSaharaLibre-org-1.jpg","width":820,"height":495},{"@type":"BreadcrumbList","@id":"https:\/\/www.pressenza.com\/es\/2023\/12\/represion-marroqui-en-el-sahara-occidental-periodistas-sometidos-a-detenciones-injustas\/#breadcrumb","itemListElement":[{"@type":"ListItem","position":1,"name":"Accueil","item":"https:\/\/www.pressenza.com\/es\/"},{"@type":"ListItem","position":2,"name":"Represi\u00f3n marroqu\u00ed en el S\u00e1hara Occidental: periodistas sometidos a detenciones injustas"}]},{"@type":"WebSite","@id":"https:\/\/www.pressenza.com\/es\/#website","url":"https:\/\/www.pressenza.com\/es\/","name":"Pressenza","description":"International Press Agency","publisher":{"@id":"https:\/\/www.pressenza.com\/es\/#organization"},"potentialAction":[{"@type":"SearchAction","target":{"@type":"EntryPoint","urlTemplate":"https:\/\/www.pressenza.com\/es\/?s={search_term_string}"},"query-input":{"@type":"PropertyValueSpecification","valueRequired":true,"valueName":"search_term_string"}}],"inLanguage":"es"},{"@type":"Organization","@id":"https:\/\/www.pressenza.com\/es\/#organization","name":"Pressenza","url":"https:\/\/www.pressenza.com\/es\/","logo":{"@type":"ImageObject","inLanguage":"es","@id":"https:\/\/www.pressenza.com\/es\/#\/schema\/logo\/image\/","url":"https:\/\/www.pressenza.com\/wp-content\/uploads\/2022\/10\/pressenza_logo_200x200.jpg","contentUrl":"https:\/\/www.pressenza.com\/wp-content\/uploads\/2022\/10\/pressenza_logo_200x200.jpg","width":200,"height":200,"caption":"Pressenza"},"image":{"@id":"https:\/\/www.pressenza.com\/es\/#\/schema\/logo\/image\/"},"sameAs":["https:\/\/www.facebook.com\/PressenzaItalia","https:\/\/x.com\/PressenzaIPA"]},{"@type":"Person","@id":"https:\/\/www.pressenza.com\/es\/#\/schema\/person\/828fc40eeca2ad7be3630e5a46adba94","name":"Redacci\u00f3n Madrid","description":"News from the Pressenza Bureau in Madrid, Spain","sameAs":["https:\/\/www.facebook.com\/pressenza","https:\/\/x.com\/pressenza"],"url":"https:\/\/www.pressenza.com\/es\/author\/redaccion-madrid\/"}]}},"place":"Espa\u00f1a","original_article_url":"https:\/\/porunsaharalibre.org\/2023\/12\/27\/represion-marroqui-en-el-sahara-occidental-periodistas-sometidos-a-detenciones-injustas\/","_links":{"self":[{"href":"https:\/\/www.pressenza.com\/es\/wp-json\/wp\/v2\/posts\/1790234","targetHints":{"allow":["GET"]}}],"collection":[{"href":"https:\/\/www.pressenza.com\/es\/wp-json\/wp\/v2\/posts"}],"about":[{"href":"https:\/\/www.pressenza.com\/es\/wp-json\/wp\/v2\/types\/post"}],"author":[{"embeddable":true,"href":"https:\/\/www.pressenza.com\/es\/wp-json\/wp\/v2\/users\/94"}],"replies":[{"embeddable":true,"href":"https:\/\/www.pressenza.com\/es\/wp-json\/wp\/v2\/comments?post=1790234"}],"version-history":[{"count":0,"href":"https:\/\/www.pressenza.com\/es\/wp-json\/wp\/v2\/posts\/1790234\/revisions"}],"wp:featuredmedia":[{"embeddable":true,"href":"https:\/\/www.pressenza.com\/es\/wp-json\/wp\/v2\/media\/1790240"}],"wp:attachment":[{"href":"https:\/\/www.pressenza.com\/es\/wp-json\/wp\/v2\/media?parent=1790234"}],"wp:term":[{"taxonomy":"category","embeddable":true,"href":"https:\/\/www.pressenza.com\/es\/wp-json\/wp\/v2\/categories?post=1790234"},{"taxonomy":"post_tag","embeddable":true,"href":"https:\/\/www.pressenza.com\/es\/wp-json\/wp\/v2\/tags?post=1790234"}],"curies":[{"name":"wp","href":"https:\/\/api.w.org\/{rel}","templated":true}]}}