{"id":1790,"date":"2009-10-18T00:00:00","date_gmt":"2009-10-18T00:00:00","guid":{"rendered":""},"modified":"2009-10-18T11:26:51","modified_gmt":"2009-10-18T11:26:51","slug":"manifestaciones-en-toda-espana-para-exigir-medidas-concretas-contra-la-pobreza","status":"publish","type":"post","link":"https:\/\/www.pressenza.com\/es\/2009\/10\/manifestaciones-en-toda-espana-para-exigir-medidas-concretas-contra-la-pobreza\/","title":{"rendered":"Manifestaciones en toda Espa\u00f1a para exigir medidas concretas contra la pobreza"},"content":{"rendered":"<p>En Madrid, Barcelona, Bilbao, San Sebasti\u00e1n, Valencia, Pamplona, Sevilla, Valladolid, Cuenca, Logro\u00f1o, Oviedo, M\u00e9rida, Zaragoza y Santiago de Compostela\u2026 La Alianza Espa\u00f1ola contra la Pobreza ha convocado durante el fin de semana del 16 al 18 de octubre, en m\u00e1s de 50 ciudades de toda Espa\u00f1a,  manifestaciones contra las causas de la pobreza y por el cumplimiento de los Objetivos de Desarrollo del Milenio bajo el lema \u201cReb\u00e9late contra la Pobreza\u201d.<\/p>\n<p>Estos actos han tenido como objetivo movilizar a la ciudadan\u00eda y exigir al Gobierno que cumpla su compromiso en la lucha contra la pobreza, con medidas concretas y no s\u00f3lo con palabras. <\/p>\n<p>En particular, se ha recordado la necesidad de incrementar la ayuda al desarrollo y de avanzar hacia una coherencia de las distintas pol\u00edticas del Estado; no se trata de ayudas al desarrollo sino de que todas las pol\u00edticas contribuyan al desarrollo; ya sean pol\u00edticas comerciales, de migraciones, financieras, o de cualquier otra \u00edndole. Este a\u00f1o se ha superado la cifra de 1000 millones de personas que pasan hambre en el mundo.<\/p>\n<p>Seg\u00fan Jorge Serrano, miembro del partido \u201cPor un Mundo M\u00e1s Justo\u201d, una de las organizaciones participantes en estas jornadas contra la pobreza, \u201ctenemos el convencimiento de que el fin de la pobreza es una decisi\u00f3n pol\u00edtica. Nos hemos manifestado en contra de una pol\u00edtica de cooperaci\u00f3n al desarrollo &#8216;estancada&#8217;, sin audacia y sin visi\u00f3n de largo plazo. Nos hemos manifestado en contra de un sistema comercial internacional injusto que impide la participaci\u00f3n de los pa\u00edses m\u00e1s empobrecidos, impidi\u00e9ndoles su desarrollo y condenando a m\u00e1s de mil millones de personas a una vida de miseria. Desde este partido estamos convencidos de que la participaci\u00f3n pol\u00edtica de los ciudadanos es la \u00fanica v\u00eda que puede forzar a nuestros gobiernos a tomar firmes decisiones en favor del desarrollo de los pa\u00edses m\u00e1s empobrecidos del planeta\u201d.<\/p>\n<p>M\u00e1s informaci\u00f3n en: MANIFIESTO DE LA ALIANZA ESPA\u00d1OLA CONTRA LA POBREZA: http:\/\/www.rebelatecontralapobreza.org\/images\/docs\/manifiesto09.pdf<\/p>\n","protected":false},"excerpt":{"rendered":"<p>La Alianza Espa\u00f1ola contra la Pobreza ha convocado durante el fin de semana del 16 al 18 de octubre, en m\u00e1s de 50 ciudades de toda Espa\u00f1a,  manifestaciones contra las causas de la pobreza y por el cumplimiento de los Objetivos de Desarrollo del Milenio bajo el lema \u201cReb\u00e9late contra la Pobreza\u201d. Exigen al Gobierno que cumpla sus compromisos.<\/p>\n","protected":false},"author":19,"featured_media":0,"comment_status":"closed","ping_status":"open","sticky":false,"template":"","format":"standard","meta":{"footnotes":""},"categories":[66,74],"tags":[],"class_list":["post-1790","post","type-post","status-publish","format-standard","hentry","category-europa-es","category-politica-es"],"yoast_head":"<!-- This site is optimized with the Yoast SEO plugin v27.1.1 - https:\/\/yoast.com\/product\/yoast-seo-wordpress\/ -->\n<title>Manifestaciones en toda Espa\u00f1a para exigir medidas concretas contra la pobreza<\/title>\n<meta name=\"description\" content=\"La Alianza Espa\u00f1ola contra la Pobreza ha convocado durante el fin de semana del 16 al 18 de octubre, en m\u00e1s de 50 ciudades de toda Espa\u00f1a, manifestaciones contra las causas de la pobreza y por el cumplimiento de los Objetivos de Desarrollo del Milenio bajo el lema \u201cReb\u00e9late contra la Pobreza\u201d. Exigen al Gobierno que cumpla sus compromisos.\" \/>\n<meta name=\"robots\" content=\"index, follow, max-snippet:-1, max-image-preview:large, max-video-preview:-1\" \/>\n<link rel=\"canonical\" href=\"https:\/\/www.pressenza.com\/es\/2009\/10\/manifestaciones-en-toda-espana-para-exigir-medidas-concretas-contra-la-pobreza\/\" \/>\n<meta property=\"og:locale\" content=\"es_ES\" \/>\n<meta property=\"og:type\" content=\"article\" \/>\n<meta property=\"og:title\" content=\"Manifestaciones en toda Espa\u00f1a para exigir medidas concretas contra la pobreza\" \/>\n<meta property=\"og:description\" content=\"La Alianza Espa\u00f1ola contra la Pobreza ha convocado durante el fin de semana del 16 al 18 de octubre, en m\u00e1s de 50 ciudades de toda Espa\u00f1a, manifestaciones contra las causas de la pobreza y por el cumplimiento de los Objetivos de Desarrollo del Milenio bajo el lema \u201cReb\u00e9late contra la Pobreza\u201d. Exigen al Gobierno que cumpla sus compromisos.\" \/>\n<meta property=\"og:url\" content=\"https:\/\/www.pressenza.com\/es\/2009\/10\/manifestaciones-en-toda-espana-para-exigir-medidas-concretas-contra-la-pobreza\/\" \/>\n<meta property=\"og:site_name\" content=\"Pressenza\" \/>\n<meta property=\"article:publisher\" content=\"https:\/\/www.facebook.com\/PressenzaItalia\" \/>\n<meta property=\"article:author\" content=\"https:\/\/www.facebook.com\/pressenza\" \/>\n<meta property=\"article:published_time\" content=\"2009-10-18T00:00:00+00:00\" \/>\n<meta property=\"article:modified_time\" content=\"2009-10-18T11:26:51+00:00\" \/>\n<meta name=\"author\" content=\"Pressenza IPA\" \/>\n<meta name=\"twitter:card\" content=\"summary_large_image\" \/>\n<meta name=\"twitter:creator\" content=\"@PressenzaIPA\" \/>\n<meta name=\"twitter:site\" content=\"@PressenzaIPA\" \/>\n<meta name=\"twitter:label1\" content=\"Escrito por\" \/>\n\t<meta name=\"twitter:data1\" content=\"Pressenza IPA\" \/>\n\t<meta name=\"twitter:label2\" content=\"Tiempo de lectura\" \/>\n\t<meta name=\"twitter:data2\" content=\"2 minutos\" \/>\n<script type=\"application\/ld+json\" class=\"yoast-schema-graph\">{\"@context\":\"https:\/\/schema.org\",\"@graph\":[{\"@type\":\"Article\",\"@id\":\"https:\/\/www.pressenza.com\/es\/2009\/10\/manifestaciones-en-toda-espana-para-exigir-medidas-concretas-contra-la-pobreza\/#article\",\"isPartOf\":{\"@id\":\"https:\/\/www.pressenza.com\/es\/2009\/10\/manifestaciones-en-toda-espana-para-exigir-medidas-concretas-contra-la-pobreza\/\"},\"author\":{\"name\":\"Pressenza IPA\",\"@id\":\"https:\/\/www.pressenza.com\/es\/#\/schema\/person\/010e5d02bcf40965427a1289a4cc8d75\"},\"headline\":\"Manifestaciones en toda Espa\u00f1a para exigir medidas concretas contra la pobreza\",\"datePublished\":\"2009-10-18T00:00:00+00:00\",\"dateModified\":\"2009-10-18T11:26:51+00:00\",\"mainEntityOfPage\":{\"@id\":\"https:\/\/www.pressenza.com\/es\/2009\/10\/manifestaciones-en-toda-espana-para-exigir-medidas-concretas-contra-la-pobreza\/\"},\"wordCount\":366,\"publisher\":{\"@id\":\"https:\/\/www.pressenza.com\/es\/#organization\"},\"articleSection\":[\"Europa\",\"Pol\u00edtica\"],\"inLanguage\":\"es\"},{\"@type\":\"WebPage\",\"@id\":\"https:\/\/www.pressenza.com\/es\/2009\/10\/manifestaciones-en-toda-espana-para-exigir-medidas-concretas-contra-la-pobreza\/\",\"url\":\"https:\/\/www.pressenza.com\/es\/2009\/10\/manifestaciones-en-toda-espana-para-exigir-medidas-concretas-contra-la-pobreza\/\",\"name\":\"Manifestaciones en toda Espa\u00f1a para exigir medidas concretas contra la pobreza\",\"isPartOf\":{\"@id\":\"https:\/\/www.pressenza.com\/es\/#website\"},\"datePublished\":\"2009-10-18T00:00:00+00:00\",\"dateModified\":\"2009-10-18T11:26:51+00:00\",\"description\":\"La Alianza Espa\u00f1ola contra la Pobreza ha convocado durante el fin de semana del 16 al 18 de octubre, en m\u00e1s de 50 ciudades de toda Espa\u00f1a, manifestaciones contra las causas de la pobreza y por el cumplimiento de los Objetivos de Desarrollo del Milenio bajo el lema \u201cReb\u00e9late contra la Pobreza\u201d. Exigen al Gobierno que cumpla sus compromisos.\",\"breadcrumb\":{\"@id\":\"https:\/\/www.pressenza.com\/es\/2009\/10\/manifestaciones-en-toda-espana-para-exigir-medidas-concretas-contra-la-pobreza\/#breadcrumb\"},\"inLanguage\":\"es\",\"potentialAction\":[{\"@type\":\"ReadAction\",\"target\":[\"https:\/\/www.pressenza.com\/es\/2009\/10\/manifestaciones-en-toda-espana-para-exigir-medidas-concretas-contra-la-pobreza\/\"]}]},{\"@type\":\"BreadcrumbList\",\"@id\":\"https:\/\/www.pressenza.com\/es\/2009\/10\/manifestaciones-en-toda-espana-para-exigir-medidas-concretas-contra-la-pobreza\/#breadcrumb\",\"itemListElement\":[{\"@type\":\"ListItem\",\"position\":1,\"name\":\"Accueil\",\"item\":\"https:\/\/www.pressenza.com\/es\/\"},{\"@type\":\"ListItem\",\"position\":2,\"name\":\"Manifestaciones en toda Espa\u00f1a para exigir medidas concretas contra la pobreza\"}]},{\"@type\":\"WebSite\",\"@id\":\"https:\/\/www.pressenza.com\/es\/#website\",\"url\":\"https:\/\/www.pressenza.com\/es\/\",\"name\":\"Pressenza\",\"description\":\"International Press Agency\",\"publisher\":{\"@id\":\"https:\/\/www.pressenza.com\/es\/#organization\"},\"potentialAction\":[{\"@type\":\"SearchAction\",\"target\":{\"@type\":\"EntryPoint\",\"urlTemplate\":\"https:\/\/www.pressenza.com\/es\/?s={search_term_string}\"},\"query-input\":{\"@type\":\"PropertyValueSpecification\",\"valueRequired\":true,\"valueName\":\"search_term_string\"}}],\"inLanguage\":\"es\"},{\"@type\":\"Organization\",\"@id\":\"https:\/\/www.pressenza.com\/es\/#organization\",\"name\":\"Pressenza\",\"url\":\"https:\/\/www.pressenza.com\/es\/\",\"logo\":{\"@type\":\"ImageObject\",\"inLanguage\":\"es\",\"@id\":\"https:\/\/www.pressenza.com\/es\/#\/schema\/logo\/image\/\",\"url\":\"https:\/\/www.pressenza.com\/wp-content\/uploads\/2022\/10\/pressenza_logo_200x200.jpg\",\"contentUrl\":\"https:\/\/www.pressenza.com\/wp-content\/uploads\/2022\/10\/pressenza_logo_200x200.jpg\",\"width\":200,\"height\":200,\"caption\":\"Pressenza\"},\"image\":{\"@id\":\"https:\/\/www.pressenza.com\/es\/#\/schema\/logo\/image\/\"},\"sameAs\":[\"https:\/\/www.facebook.com\/PressenzaItalia\",\"https:\/\/x.com\/PressenzaIPA\"]},{\"@type\":\"Person\",\"@id\":\"https:\/\/www.pressenza.com\/es\/#\/schema\/person\/010e5d02bcf40965427a1289a4cc8d75\",\"name\":\"Pressenza IPA\",\"description\":\"News from Pressenza IPA correspondents\",\"sameAs\":[\"https:\/\/www.facebook.com\/pressenza\",\"https:\/\/x.com\/PressenzaIPA\"],\"url\":\"https:\/\/www.pressenza.com\/es\/author\/pressenza-ipa\/\"}]}<\/script>\n<!-- \/ Yoast SEO plugin. -->","yoast_head_json":{"title":"Manifestaciones en toda Espa\u00f1a para exigir medidas concretas contra la pobreza","description":"La Alianza Espa\u00f1ola contra la Pobreza ha convocado durante el fin de semana del 16 al 18 de octubre, en m\u00e1s de 50 ciudades de toda Espa\u00f1a, manifestaciones contra las causas de la pobreza y por el cumplimiento de los Objetivos de Desarrollo del Milenio bajo el lema \u201cReb\u00e9late contra la Pobreza\u201d. Exigen al Gobierno que cumpla sus compromisos.","robots":{"index":"index","follow":"follow","max-snippet":"max-snippet:-1","max-image-preview":"max-image-preview:large","max-video-preview":"max-video-preview:-1"},"canonical":"https:\/\/www.pressenza.com\/es\/2009\/10\/manifestaciones-en-toda-espana-para-exigir-medidas-concretas-contra-la-pobreza\/","og_locale":"es_ES","og_type":"article","og_title":"Manifestaciones en toda Espa\u00f1a para exigir medidas concretas contra la pobreza","og_description":"La Alianza Espa\u00f1ola contra la Pobreza ha convocado durante el fin de semana del 16 al 18 de octubre, en m\u00e1s de 50 ciudades de toda Espa\u00f1a, manifestaciones contra las causas de la pobreza y por el cumplimiento de los Objetivos de Desarrollo del Milenio bajo el lema \u201cReb\u00e9late contra la Pobreza\u201d. Exigen al Gobierno que cumpla sus compromisos.","og_url":"https:\/\/www.pressenza.com\/es\/2009\/10\/manifestaciones-en-toda-espana-para-exigir-medidas-concretas-contra-la-pobreza\/","og_site_name":"Pressenza","article_publisher":"https:\/\/www.facebook.com\/PressenzaItalia","article_author":"https:\/\/www.facebook.com\/pressenza","article_published_time":"2009-10-18T00:00:00+00:00","article_modified_time":"2009-10-18T11:26:51+00:00","author":"Pressenza IPA","twitter_card":"summary_large_image","twitter_creator":"@PressenzaIPA","twitter_site":"@PressenzaIPA","twitter_misc":{"Escrito por":"Pressenza IPA","Tiempo de lectura":"2 minutos"},"schema":{"@context":"https:\/\/schema.org","@graph":[{"@type":"Article","@id":"https:\/\/www.pressenza.com\/es\/2009\/10\/manifestaciones-en-toda-espana-para-exigir-medidas-concretas-contra-la-pobreza\/#article","isPartOf":{"@id":"https:\/\/www.pressenza.com\/es\/2009\/10\/manifestaciones-en-toda-espana-para-exigir-medidas-concretas-contra-la-pobreza\/"},"author":{"name":"Pressenza IPA","@id":"https:\/\/www.pressenza.com\/es\/#\/schema\/person\/010e5d02bcf40965427a1289a4cc8d75"},"headline":"Manifestaciones en toda Espa\u00f1a para exigir medidas concretas contra la pobreza","datePublished":"2009-10-18T00:00:00+00:00","dateModified":"2009-10-18T11:26:51+00:00","mainEntityOfPage":{"@id":"https:\/\/www.pressenza.com\/es\/2009\/10\/manifestaciones-en-toda-espana-para-exigir-medidas-concretas-contra-la-pobreza\/"},"wordCount":366,"publisher":{"@id":"https:\/\/www.pressenza.com\/es\/#organization"},"articleSection":["Europa","Pol\u00edtica"],"inLanguage":"es"},{"@type":"WebPage","@id":"https:\/\/www.pressenza.com\/es\/2009\/10\/manifestaciones-en-toda-espana-para-exigir-medidas-concretas-contra-la-pobreza\/","url":"https:\/\/www.pressenza.com\/es\/2009\/10\/manifestaciones-en-toda-espana-para-exigir-medidas-concretas-contra-la-pobreza\/","name":"Manifestaciones en toda Espa\u00f1a para exigir medidas concretas contra la pobreza","isPartOf":{"@id":"https:\/\/www.pressenza.com\/es\/#website"},"datePublished":"2009-10-18T00:00:00+00:00","dateModified":"2009-10-18T11:26:51+00:00","description":"La Alianza Espa\u00f1ola contra la Pobreza ha convocado durante el fin de semana del 16 al 18 de octubre, en m\u00e1s de 50 ciudades de toda Espa\u00f1a, manifestaciones contra las causas de la pobreza y por el cumplimiento de los Objetivos de Desarrollo del Milenio bajo el lema \u201cReb\u00e9late contra la Pobreza\u201d. Exigen al Gobierno que cumpla sus compromisos.","breadcrumb":{"@id":"https:\/\/www.pressenza.com\/es\/2009\/10\/manifestaciones-en-toda-espana-para-exigir-medidas-concretas-contra-la-pobreza\/#breadcrumb"},"inLanguage":"es","potentialAction":[{"@type":"ReadAction","target":["https:\/\/www.pressenza.com\/es\/2009\/10\/manifestaciones-en-toda-espana-para-exigir-medidas-concretas-contra-la-pobreza\/"]}]},{"@type":"BreadcrumbList","@id":"https:\/\/www.pressenza.com\/es\/2009\/10\/manifestaciones-en-toda-espana-para-exigir-medidas-concretas-contra-la-pobreza\/#breadcrumb","itemListElement":[{"@type":"ListItem","position":1,"name":"Accueil","item":"https:\/\/www.pressenza.com\/es\/"},{"@type":"ListItem","position":2,"name":"Manifestaciones en toda Espa\u00f1a para exigir medidas concretas contra la pobreza"}]},{"@type":"WebSite","@id":"https:\/\/www.pressenza.com\/es\/#website","url":"https:\/\/www.pressenza.com\/es\/","name":"Pressenza","description":"International Press Agency","publisher":{"@id":"https:\/\/www.pressenza.com\/es\/#organization"},"potentialAction":[{"@type":"SearchAction","target":{"@type":"EntryPoint","urlTemplate":"https:\/\/www.pressenza.com\/es\/?s={search_term_string}"},"query-input":{"@type":"PropertyValueSpecification","valueRequired":true,"valueName":"search_term_string"}}],"inLanguage":"es"},{"@type":"Organization","@id":"https:\/\/www.pressenza.com\/es\/#organization","name":"Pressenza","url":"https:\/\/www.pressenza.com\/es\/","logo":{"@type":"ImageObject","inLanguage":"es","@id":"https:\/\/www.pressenza.com\/es\/#\/schema\/logo\/image\/","url":"https:\/\/www.pressenza.com\/wp-content\/uploads\/2022\/10\/pressenza_logo_200x200.jpg","contentUrl":"https:\/\/www.pressenza.com\/wp-content\/uploads\/2022\/10\/pressenza_logo_200x200.jpg","width":200,"height":200,"caption":"Pressenza"},"image":{"@id":"https:\/\/www.pressenza.com\/es\/#\/schema\/logo\/image\/"},"sameAs":["https:\/\/www.facebook.com\/PressenzaItalia","https:\/\/x.com\/PressenzaIPA"]},{"@type":"Person","@id":"https:\/\/www.pressenza.com\/es\/#\/schema\/person\/010e5d02bcf40965427a1289a4cc8d75","name":"Pressenza IPA","description":"News from Pressenza IPA correspondents","sameAs":["https:\/\/www.facebook.com\/pressenza","https:\/\/x.com\/PressenzaIPA"],"url":"https:\/\/www.pressenza.com\/es\/author\/pressenza-ipa\/"}]}},"place":"Madrid","original_article_url":"","_links":{"self":[{"href":"https:\/\/www.pressenza.com\/es\/wp-json\/wp\/v2\/posts\/1790","targetHints":{"allow":["GET"]}}],"collection":[{"href":"https:\/\/www.pressenza.com\/es\/wp-json\/wp\/v2\/posts"}],"about":[{"href":"https:\/\/www.pressenza.com\/es\/wp-json\/wp\/v2\/types\/post"}],"author":[{"embeddable":true,"href":"https:\/\/www.pressenza.com\/es\/wp-json\/wp\/v2\/users\/19"}],"replies":[{"embeddable":true,"href":"https:\/\/www.pressenza.com\/es\/wp-json\/wp\/v2\/comments?post=1790"}],"version-history":[{"count":0,"href":"https:\/\/www.pressenza.com\/es\/wp-json\/wp\/v2\/posts\/1790\/revisions"}],"wp:attachment":[{"href":"https:\/\/www.pressenza.com\/es\/wp-json\/wp\/v2\/media?parent=1790"}],"wp:term":[{"taxonomy":"category","embeddable":true,"href":"https:\/\/www.pressenza.com\/es\/wp-json\/wp\/v2\/categories?post=1790"},{"taxonomy":"post_tag","embeddable":true,"href":"https:\/\/www.pressenza.com\/es\/wp-json\/wp\/v2\/tags?post=1790"}],"curies":[{"name":"wp","href":"https:\/\/api.w.org\/{rel}","templated":true}]}}