{"id":1788781,"date":"2023-12-19T09:20:48","date_gmt":"2023-12-19T09:20:48","guid":{"rendered":"https:\/\/www.pressenza.com\/?p=1788781"},"modified":"2023-12-19T09:20:48","modified_gmt":"2023-12-19T09:20:48","slug":"bolivia-ensamble-imaybe-somos-libres-cual-libre-es-el-condor-que-el-espacio-recorre-veloz","status":"publish","type":"post","link":"https:\/\/www.pressenza.com\/es\/2023\/12\/bolivia-ensamble-imaybe-somos-libres-cual-libre-es-el-condor-que-el-espacio-recorre-veloz\/","title":{"rendered":"[Bolivia] Ensamble Imayb\u00e9: \u201cSomos libres cual libre es el c\u00f3ndor que el espacio recorre veloz\u201d"},"content":{"rendered":"<h5>por Luisa Viviana Ach\u00e1 Irigoyen<\/h5>\n<h5>Tarija, Bolivia<\/h5>\n<p>En 2020, desde M\u00e9xico, la \u201cCanci\u00f3n sin miedo\u201d compuesta por Vivir Quintana inflam\u00f3 la indignaci\u00f3n y a la vez la esperanza sobre la lucha contra violencia hacia las mujeres en todo el continente latinoamericano.\u00a0 Un a\u00f1o m\u00e1s tarde, en la ciudad de Tarija, un proyecto denominado \u201cNo soy la musa, soy la artista\u201d, ten\u00eda como objetivo grabar la versi\u00f3n local de aquella canci\u00f3n.<\/p>\n<p>Durante cuatro meses se conform\u00f3 un grupo de 40 mujeres que se formaron en t\u00e9cnicas de canto y en la interpretaci\u00f3n de diversos instrumentos. Se grab\u00f3 la canci\u00f3n y un <a href=\"https:\/\/www.youtube.com\/watch?v=KW_UK1Cr4Jo\">videoclip<\/a> y, antes de darse a conocer a la opini\u00f3n p\u00fablica, este nuevo grupo que se hab\u00eda conformado decidi\u00f3 bautizarse como Ensamble Imayb\u00e9.<\/p>\n<p>A continuaci\u00f3n, se presenta la entrevista a Natalia Humacata (21), cofundadora de este Ensamble y una de las principales l\u00edderes de este movimiento cultural.<\/p>\n<p><strong><em>P. \u00bfPor qu\u00e9 el nombre Imayb\u00e9?<\/em><\/strong><\/p>\n<p>No fue solo por el personaje femenino de la leyenda chiriguana, sino que justo esa semana (que est\u00e1bamos buscando un nombre) liberaron a algunos c\u00f3ndores que hab\u00edan sido envenenados y se hab\u00edan logrado rehabilitar. Y el primer c\u00f3ndor que soltaron se llamaba Imayb\u00e9. Eso hizo <em>match <\/em>con otros elementos de la canci\u00f3n que grabamos, ya que en la \u00faltima parte del himno a Tarija cantamos: \u201cSomos libres cual libre es el c\u00f3ndor que el espacio recorre veloz\u201d.<\/p>\n<p><strong><em>P. \u00bfQui\u00e9nes forman parte del Ensamble Imayb\u00e9?<\/em><\/strong><\/p>\n<p>Empezaron treinta chicas. De ese grupo, veinte contin\u00faan. Y en el camino hemos tenido dos convocatorias. Ahora somos veinticinco personas. Mayoritariamente, somos una articulaci\u00f3n de mujeres, pero tambi\u00e9n de nuevas masculinidades y de diversidades. Entonces, cuando nos toca presentarnos decimos que somos una articulaci\u00f3n de mujeres, de hermanas, compa\u00f1eras, mam\u00e1s. La mayor\u00eda son estudiantes.<\/p>\n<p><strong><em>P. \u00bfQu\u00e9 te motiv\u00f3 o inspir\u00f3 para cofundar el Ensamble Imayb\u00e9?<\/em><\/strong><\/p>\n<p>Yo empec\u00e9 a los 14 a\u00f1os con el activismo. Me met\u00ed a \u201cNi una menos\u201d porque era una organizaci\u00f3n que acompa\u00f1aba a las familias de las v\u00edctimas de feminicidios. Y yo a los 14 estaba en los juzgados. He empezado por ah\u00ed, pero a medida que pasaba el tiempo no pod\u00eda sostener eso porque no estaba capacitada y me faltaba aprender muchas cosas.<\/p>\n<p>Un d\u00eda me inscrib\u00ed en un programa de planificaci\u00f3n de vida. Esa fue la primera vez que me preguntaron cu\u00e1l era mi sue\u00f1o. Yo dije: quiero formar un espacio de mujeres para las que el arte sea su espacio de catarsis. Porque yo he sido una persona introvertida, pero la primera vez que sub\u00ed al escenario cuando era ni\u00f1a, agarr\u00e9 el micr\u00f3fono y sent\u00ed que el escenario era un espacio en el que yo me sent\u00eda super segura. Y eso se ha ido transformando en mi instrumento.<\/p>\n<p>Adem\u00e1s, antes me sent\u00eda super desconectada de Tarija, pero con las chicas del ensamble me di cuenta de que era posible utilizar la m\u00fasica para decir muchas cosas. Entonces la idea ya no era escaparme de aqu\u00ed, sino crear nueva cultura.<\/p>\n<p>Hemos empezado a componer para la vida, para el placer de estar juntas, de hacer lo que queremos. Ah\u00ed el panorama se ha ido abriendo. Ahora estoy segura de que el arte puede ser m\u00e1s impactante e influyente. El arte es un lenguaje universal, un instrumento integrador porque no te est\u00e1 obligando a nada. Ya sea que sientas rechazo, o te guste o llores, s\u00ed o s\u00ed vas a sentir algo. Para m\u00ed es el arma m\u00e1s poderosa.<\/p>\n<p><strong><em>P: \u00bfPor qu\u00e9 dices que utilizas la m\u00fasica como instrumento pol\u00edtico?<\/em><\/strong><\/p>\n<p>Hay una despolitizaci\u00f3n fuerte de las generaciones. Esto de tenerle miedo a la pol\u00edtica igual pasa con los artistas.<\/p>\n<p>Yo primero tengo que reconocer que la m\u00fasica puede influir, construir cultura, cambiar los comportamientos, guiar las formas de relacionarnos. Puedo cosificar a la mujer en la m\u00fasica o puedo crear una obra como \u201cEl Derecho de Vivir en Paz\u201d de V\u00edctor Jara y unir a una naci\u00f3n.<\/p>\n<p>La pol\u00edtica no solamente es el arte de conseguir el poder y mantenerlo, la pol\u00edtica es hablar, poder opinar y poder construir a partir de ah\u00ed. Es tomar posici\u00f3n de algo y defenderlo. Y eso tiene que ver con cu\u00e1les son nuestros irrenunciables. Nosotras entendemos el valor de la m\u00fasica y como seres pol\u00edticos escogemos esa herramienta para construir. No somos pol\u00edticas partidarias porque s\u00ed vamos a cuestionar cosas de uno y del otro lado.<\/p>\n<p>&nbsp;<\/p>\n<p><a href=\"https:\/\/www.pressenza.com\/es\/?attachment_id=1788786\" rel=\"attachment wp-att-1788786\"><img loading=\"lazy\" decoding=\"async\" class=\"size-medium wp-image-1788786 aligncenter\" src=\"https:\/\/www.pressenza.com\/wp-content\/uploads\/2023\/12\/IMG_8676-300x169.jpg\" alt=\"\" width=\"300\" height=\"169\" srcset=\"https:\/\/www.pressenza.com\/wp-content\/uploads\/2023\/12\/IMG_8676-300x169.jpg 300w, https:\/\/www.pressenza.com\/wp-content\/uploads\/2023\/12\/IMG_8676-820x461.jpg 820w, https:\/\/www.pressenza.com\/wp-content\/uploads\/2023\/12\/IMG_8676.jpg 1920w\" sizes=\"auto, (max-width: 300px) 100vw, 300px\" \/><\/a><\/p>\n<p>&nbsp;<\/p>\n<p><strong><em>P. \u00bfRecuerdas alg\u00fan hito o momento significativo en la historia del Ensamble Imayb\u00e9, que quieras compartir?<\/em><\/strong><\/p>\n<p>La marcha del 8 de marzo del 2022, porque todo este movimiento feminista ha llamado a chicas j\u00f3venes desde el arte. Era una cantidad de gente incre\u00edble y todo el mundo sab\u00eda la canci\u00f3n. Est\u00e1bamos ensayando en el parque Bol\u00edvar sin parlante y con la guitarra al aire libre. Est\u00e1bamos cantando \u201cCanci\u00f3n sin miedo\u201d y se acerc\u00f3 una ni\u00f1a de 8 o 9 a\u00f1os. Se par\u00f3 delante de nosotros y empez\u00f3 a cantar. Nos pusimos a llorar.<\/p>\n<p>Otro momento fue cuando cantamos <a href=\"https:\/\/www.youtube.com\/watch?app=desktop&amp;v=Dl6pJU7VDDM\">Guerrera de nacimiento<\/a> para las Defensoras de Tariqu\u00eda y nos dijeron emocionadas que se sent\u00edan identificadas con esa canci\u00f3n.<\/p>\n<div id=\"attachment_1788787\" class=\"wp-caption aligncenter\"><a href=\"https:\/\/www.pressenza.com\/es\/?attachment_id=1788787\" rel=\"attachment wp-att-1788787\"><img loading=\"lazy\" decoding=\"async\" aria-describedby=\"caption-attachment-1788787\" class=\" wp-image-1788787\" src=\"https:\/\/www.pressenza.com\/wp-content\/uploads\/2023\/12\/IMG_8739-300x169.jpg\" alt=\"\" width=\"360\" height=\"203\" srcset=\"https:\/\/www.pressenza.com\/wp-content\/uploads\/2023\/12\/IMG_8739-300x169.jpg 300w, https:\/\/www.pressenza.com\/wp-content\/uploads\/2023\/12\/IMG_8739-820x461.jpg 820w, https:\/\/www.pressenza.com\/wp-content\/uploads\/2023\/12\/IMG_8739.jpg 1920w\" sizes=\"auto, (max-width: 360px) 100vw, 360px\" \/><\/a><p id=\"caption-attachment-1788787\" class=\"wp-caption-text\">Ensamble Imayb\u00e9<\/p><\/div>\n<p>&nbsp;<\/p>\n<p><strong><em>P. El Ensamble Imayb\u00e9 compuso recientem<\/em><\/strong><strong><em>ente la canci\u00f3n <\/em><a href=\"https:\/\/reddesalud.org\/apc-aa-files\/6e6f7469636961732d65732e2e2e2e2e\/2.-%20MANTA%20Y%20CORAJE%20-%20Ensamble%20Imaybe.mp3\"><em>\u201cManta y coraje\u201d<\/em><\/a><em>, \u00bfqu\u00e9 significa esta canci\u00f3n y c\u00f3mo te imaginas que aporta a la construcci\u00f3n de un mejor futuro?<\/em><\/strong><\/p>\n<p>Nosotras quer\u00edamos hablar mucho de la memoria. Nos hemos encontrado con que nuestras abuelas eran de Yacuiba, de Potos\u00ed, de Oruro, que la mayor\u00eda de nuestras abuelas eran migrantes. Entonces la canci\u00f3n es para ellas. Somos el resultado de un mont\u00f3n de luchas.<\/p>\n<p>Mencionamos los pa\u00f1uelos de las chapacas (tarije\u00f1as), de las cholitas, que siempre han sido para bendecir algo y los usamos para bailar. Se han transformado en nuestro s\u00edmbolo, los pa\u00f1uelos morado, verde y naranja.<\/p>\n<p>Nuestras composiciones son bien simb\u00f3licas. Mencionamos al agua para decir que la vida siga fluyendo o que llegue a un lugar, pero con recuerdos, con vertientes que se han cruzado. El viento que barre, corre, limpia o deja todo con caos. Tambi\u00e9n mencionamos al aguayo (un tejido tradicional hecho a mano y utilizado en el altiplano de Bolivia y Per\u00fa), que tiene que ver con reconstruir la memoria del regionalismo de Tarija. \u00bfQui\u00e9n no tiene aguayos en sus casas? Cuando ponemos esas cosas en la mesa nos damos cuenta de que somos una uni\u00f3n de todo y que ya no vamos a ser serviles a esos discursos que nos separan.<\/p>\n<p>El Ensamble es una idea, va a quedar, aunque nos vayamos. Hoy lo hacemos nosotras, otras personas lo har\u00e1n despu\u00e9s y van a ver que era posible hablar y nombrar muchas cosas con la m\u00fasica.<\/p>\n<div class=\"mceTemp\"><\/div>\n","protected":false},"excerpt":{"rendered":"<p>por Luisa Viviana Ach\u00e1 Irigoyen Tarija, Bolivia En 2020, desde M\u00e9xico, la \u201cCanci\u00f3n sin miedo\u201d compuesta por Vivir Quintana inflam\u00f3 la indignaci\u00f3n y a la vez la esperanza sobre la lucha contra violencia hacia las mujeres en todo el continente&hellip;<\/p>\n","protected":false},"author":1435,"featured_media":1788788,"comment_status":"closed","ping_status":"closed","sticky":false,"template":"","format":"standard","meta":{"footnotes":""},"categories":[11389,75,155,54515,67],"tags":[1646,118724,44232,118723,116663],"class_list":["post-1788781","post","type-post","status-publish","format-standard","has-post-thumbnail","hentry","category-contenido-original","category-cultura-es","category-entrevistas","category-genero-y-feminismos","category-sudamerica","tag-bolivia","tag-ensamble-imaybe","tag-feminismos","tag-luisa-acha","tag-taller-de-periodismo-no-violento-en-espanol"],"yoast_head":"<!-- This site is optimized with the Yoast SEO plugin v27.1.1 - https:\/\/yoast.com\/product\/yoast-seo-wordpress\/ -->\n<title>[Bolivia] Ensamble Imayb\u00e9: \u201cSomos libres cual libre es el c\u00f3ndor que el espacio recorre veloz\u201d<\/title>\n<meta name=\"description\" content=\"por Luisa Viviana Ach\u00e1 Irigoyen Tarija, Bolivia En 2020, desde M\u00e9xico, la \u201cCanci\u00f3n sin miedo\u201d compuesta por Vivir Quintana inflam\u00f3 la indignaci\u00f3n y a la\" \/>\n<meta name=\"robots\" content=\"index, follow, max-snippet:-1, max-image-preview:large, max-video-preview:-1\" \/>\n<link rel=\"canonical\" href=\"https:\/\/www.pressenza.com\/es\/2023\/12\/bolivia-ensamble-imaybe-somos-libres-cual-libre-es-el-condor-que-el-espacio-recorre-veloz\/\" \/>\n<meta property=\"og:locale\" content=\"es_ES\" \/>\n<meta property=\"og:type\" content=\"article\" \/>\n<meta property=\"og:title\" content=\"[Bolivia] Ensamble Imayb\u00e9: \u201cSomos libres cual libre es el c\u00f3ndor que el espacio recorre veloz\u201d\" \/>\n<meta property=\"og:description\" content=\"por Luisa Viviana Ach\u00e1 Irigoyen Tarija, Bolivia En 2020, desde M\u00e9xico, la \u201cCanci\u00f3n sin miedo\u201d compuesta por Vivir Quintana inflam\u00f3 la indignaci\u00f3n y a la\" \/>\n<meta property=\"og:url\" content=\"https:\/\/www.pressenza.com\/es\/2023\/12\/bolivia-ensamble-imaybe-somos-libres-cual-libre-es-el-condor-que-el-espacio-recorre-veloz\/\" \/>\n<meta property=\"og:site_name\" content=\"Pressenza\" \/>\n<meta property=\"article:publisher\" content=\"https:\/\/www.facebook.com\/PressenzaItalia\" \/>\n<meta property=\"article:published_time\" content=\"2023-12-19T09:20:48+00:00\" \/>\n<meta property=\"og:image\" content=\"https:\/\/www.pressenza.com\/wp-content\/uploads\/2023\/12\/Natalia-Humacata.jpg\" \/>\n\t<meta property=\"og:image:width\" content=\"960\" \/>\n\t<meta property=\"og:image:height\" content=\"640\" \/>\n\t<meta property=\"og:image:type\" content=\"image\/jpeg\" \/>\n<meta name=\"author\" content=\"Redacci\u00f3n Bolivia\" \/>\n<meta name=\"twitter:card\" content=\"summary_large_image\" \/>\n<meta name=\"twitter:creator\" content=\"@PressenzaIPA\" \/>\n<meta name=\"twitter:site\" content=\"@PressenzaIPA\" \/>\n<meta name=\"twitter:label1\" content=\"Escrito por\" \/>\n\t<meta name=\"twitter:data1\" content=\"Redacci\u00f3n Bolivia\" \/>\n\t<meta name=\"twitter:label2\" content=\"Tiempo de lectura\" \/>\n\t<meta name=\"twitter:data2\" content=\"6 minutos\" \/>\n<script type=\"application\/ld+json\" class=\"yoast-schema-graph\">{\"@context\":\"https:\/\/schema.org\",\"@graph\":[{\"@type\":\"Article\",\"@id\":\"https:\/\/www.pressenza.com\/es\/2023\/12\/bolivia-ensamble-imaybe-somos-libres-cual-libre-es-el-condor-que-el-espacio-recorre-veloz\/#article\",\"isPartOf\":{\"@id\":\"https:\/\/www.pressenza.com\/es\/2023\/12\/bolivia-ensamble-imaybe-somos-libres-cual-libre-es-el-condor-que-el-espacio-recorre-veloz\/\"},\"author\":{\"name\":\"Redacci\u00f3n Bolivia\",\"@id\":\"https:\/\/www.pressenza.com\/es\/#\/schema\/person\/258a972fa92fd0a3a6243c920d569d83\"},\"headline\":\"[Bolivia] Ensamble Imayb\u00e9: \u201cSomos libres cual libre es el c\u00f3ndor que el espacio recorre veloz\u201d\",\"datePublished\":\"2023-12-19T09:20:48+00:00\",\"mainEntityOfPage\":{\"@id\":\"https:\/\/www.pressenza.com\/es\/2023\/12\/bolivia-ensamble-imaybe-somos-libres-cual-libre-es-el-condor-que-el-espacio-recorre-veloz\/\"},\"wordCount\":1207,\"publisher\":{\"@id\":\"https:\/\/www.pressenza.com\/es\/#organization\"},\"image\":{\"@id\":\"https:\/\/www.pressenza.com\/es\/2023\/12\/bolivia-ensamble-imaybe-somos-libres-cual-libre-es-el-condor-que-el-espacio-recorre-veloz\/#primaryimage\"},\"thumbnailUrl\":\"https:\/\/www.pressenza.com\/wp-content\/uploads\/2023\/12\/Natalia-Humacata.jpg\",\"keywords\":[\"Bolivia\",\"Ensamble Imayb\u00e9\",\"feminismos\",\"Luisa Ach\u00e1\",\"Taller de Periodismo No Violento en espa\u00f1ol\"],\"articleSection\":[\"Contenido Original\",\"Cultura y Medios\",\"Entrevistas\",\"G\u00e9nero y Feminismos\",\"Sudam\u00e9rica\"],\"inLanguage\":\"es\"},{\"@type\":\"WebPage\",\"@id\":\"https:\/\/www.pressenza.com\/es\/2023\/12\/bolivia-ensamble-imaybe-somos-libres-cual-libre-es-el-condor-que-el-espacio-recorre-veloz\/\",\"url\":\"https:\/\/www.pressenza.com\/es\/2023\/12\/bolivia-ensamble-imaybe-somos-libres-cual-libre-es-el-condor-que-el-espacio-recorre-veloz\/\",\"name\":\"[Bolivia] Ensamble Imayb\u00e9: \u201cSomos libres cual libre es el c\u00f3ndor que el espacio recorre veloz\u201d\",\"isPartOf\":{\"@id\":\"https:\/\/www.pressenza.com\/es\/#website\"},\"primaryImageOfPage\":{\"@id\":\"https:\/\/www.pressenza.com\/es\/2023\/12\/bolivia-ensamble-imaybe-somos-libres-cual-libre-es-el-condor-que-el-espacio-recorre-veloz\/#primaryimage\"},\"image\":{\"@id\":\"https:\/\/www.pressenza.com\/es\/2023\/12\/bolivia-ensamble-imaybe-somos-libres-cual-libre-es-el-condor-que-el-espacio-recorre-veloz\/#primaryimage\"},\"thumbnailUrl\":\"https:\/\/www.pressenza.com\/wp-content\/uploads\/2023\/12\/Natalia-Humacata.jpg\",\"datePublished\":\"2023-12-19T09:20:48+00:00\",\"description\":\"por Luisa Viviana Ach\u00e1 Irigoyen Tarija, Bolivia En 2020, desde M\u00e9xico, la \u201cCanci\u00f3n sin miedo\u201d compuesta por Vivir Quintana inflam\u00f3 la indignaci\u00f3n y a la\",\"breadcrumb\":{\"@id\":\"https:\/\/www.pressenza.com\/es\/2023\/12\/bolivia-ensamble-imaybe-somos-libres-cual-libre-es-el-condor-que-el-espacio-recorre-veloz\/#breadcrumb\"},\"inLanguage\":\"es\",\"potentialAction\":[{\"@type\":\"ReadAction\",\"target\":[\"https:\/\/www.pressenza.com\/es\/2023\/12\/bolivia-ensamble-imaybe-somos-libres-cual-libre-es-el-condor-que-el-espacio-recorre-veloz\/\"]}]},{\"@type\":\"ImageObject\",\"inLanguage\":\"es\",\"@id\":\"https:\/\/www.pressenza.com\/es\/2023\/12\/bolivia-ensamble-imaybe-somos-libres-cual-libre-es-el-condor-que-el-espacio-recorre-veloz\/#primaryimage\",\"url\":\"https:\/\/www.pressenza.com\/wp-content\/uploads\/2023\/12\/Natalia-Humacata.jpg\",\"contentUrl\":\"https:\/\/www.pressenza.com\/wp-content\/uploads\/2023\/12\/Natalia-Humacata.jpg\",\"width\":960,\"height\":640},{\"@type\":\"BreadcrumbList\",\"@id\":\"https:\/\/www.pressenza.com\/es\/2023\/12\/bolivia-ensamble-imaybe-somos-libres-cual-libre-es-el-condor-que-el-espacio-recorre-veloz\/#breadcrumb\",\"itemListElement\":[{\"@type\":\"ListItem\",\"position\":1,\"name\":\"Accueil\",\"item\":\"https:\/\/www.pressenza.com\/es\/\"},{\"@type\":\"ListItem\",\"position\":2,\"name\":\"[Bolivia] Ensamble Imayb\u00e9: \u201cSomos libres cual libre es el c\u00f3ndor que el espacio recorre veloz\u201d\"}]},{\"@type\":\"WebSite\",\"@id\":\"https:\/\/www.pressenza.com\/es\/#website\",\"url\":\"https:\/\/www.pressenza.com\/es\/\",\"name\":\"Pressenza\",\"description\":\"International Press Agency\",\"publisher\":{\"@id\":\"https:\/\/www.pressenza.com\/es\/#organization\"},\"potentialAction\":[{\"@type\":\"SearchAction\",\"target\":{\"@type\":\"EntryPoint\",\"urlTemplate\":\"https:\/\/www.pressenza.com\/es\/?s={search_term_string}\"},\"query-input\":{\"@type\":\"PropertyValueSpecification\",\"valueRequired\":true,\"valueName\":\"search_term_string\"}}],\"inLanguage\":\"es\"},{\"@type\":\"Organization\",\"@id\":\"https:\/\/www.pressenza.com\/es\/#organization\",\"name\":\"Pressenza\",\"url\":\"https:\/\/www.pressenza.com\/es\/\",\"logo\":{\"@type\":\"ImageObject\",\"inLanguage\":\"es\",\"@id\":\"https:\/\/www.pressenza.com\/es\/#\/schema\/logo\/image\/\",\"url\":\"https:\/\/www.pressenza.com\/wp-content\/uploads\/2022\/10\/pressenza_logo_200x200.jpg\",\"contentUrl\":\"https:\/\/www.pressenza.com\/wp-content\/uploads\/2022\/10\/pressenza_logo_200x200.jpg\",\"width\":200,\"height\":200,\"caption\":\"Pressenza\"},\"image\":{\"@id\":\"https:\/\/www.pressenza.com\/es\/#\/schema\/logo\/image\/\"},\"sameAs\":[\"https:\/\/www.facebook.com\/PressenzaItalia\",\"https:\/\/x.com\/PressenzaIPA\"]},{\"@type\":\"Person\",\"@id\":\"https:\/\/www.pressenza.com\/es\/#\/schema\/person\/258a972fa92fd0a3a6243c920d569d83\",\"name\":\"Redacci\u00f3n Bolivia\",\"description\":\"News published by the Pressenza bureau in Bolivia\",\"url\":\"https:\/\/www.pressenza.com\/es\/author\/redaccion-bolivia\/\"}]}<\/script>\n<!-- \/ Yoast SEO plugin. -->","yoast_head_json":{"title":"[Bolivia] Ensamble Imayb\u00e9: \u201cSomos libres cual libre es el c\u00f3ndor que el espacio recorre veloz\u201d","description":"por Luisa Viviana Ach\u00e1 Irigoyen Tarija, Bolivia En 2020, desde M\u00e9xico, la \u201cCanci\u00f3n sin miedo\u201d compuesta por Vivir Quintana inflam\u00f3 la indignaci\u00f3n y a la","robots":{"index":"index","follow":"follow","max-snippet":"max-snippet:-1","max-image-preview":"max-image-preview:large","max-video-preview":"max-video-preview:-1"},"canonical":"https:\/\/www.pressenza.com\/es\/2023\/12\/bolivia-ensamble-imaybe-somos-libres-cual-libre-es-el-condor-que-el-espacio-recorre-veloz\/","og_locale":"es_ES","og_type":"article","og_title":"[Bolivia] Ensamble Imayb\u00e9: \u201cSomos libres cual libre es el c\u00f3ndor que el espacio recorre veloz\u201d","og_description":"por Luisa Viviana Ach\u00e1 Irigoyen Tarija, Bolivia En 2020, desde M\u00e9xico, la \u201cCanci\u00f3n sin miedo\u201d compuesta por Vivir Quintana inflam\u00f3 la indignaci\u00f3n y a la","og_url":"https:\/\/www.pressenza.com\/es\/2023\/12\/bolivia-ensamble-imaybe-somos-libres-cual-libre-es-el-condor-que-el-espacio-recorre-veloz\/","og_site_name":"Pressenza","article_publisher":"https:\/\/www.facebook.com\/PressenzaItalia","article_published_time":"2023-12-19T09:20:48+00:00","og_image":[{"width":960,"height":640,"url":"https:\/\/www.pressenza.com\/wp-content\/uploads\/2023\/12\/Natalia-Humacata.jpg","type":"image\/jpeg"}],"author":"Redacci\u00f3n Bolivia","twitter_card":"summary_large_image","twitter_creator":"@PressenzaIPA","twitter_site":"@PressenzaIPA","twitter_misc":{"Escrito por":"Redacci\u00f3n Bolivia","Tiempo de lectura":"6 minutos"},"schema":{"@context":"https:\/\/schema.org","@graph":[{"@type":"Article","@id":"https:\/\/www.pressenza.com\/es\/2023\/12\/bolivia-ensamble-imaybe-somos-libres-cual-libre-es-el-condor-que-el-espacio-recorre-veloz\/#article","isPartOf":{"@id":"https:\/\/www.pressenza.com\/es\/2023\/12\/bolivia-ensamble-imaybe-somos-libres-cual-libre-es-el-condor-que-el-espacio-recorre-veloz\/"},"author":{"name":"Redacci\u00f3n Bolivia","@id":"https:\/\/www.pressenza.com\/es\/#\/schema\/person\/258a972fa92fd0a3a6243c920d569d83"},"headline":"[Bolivia] Ensamble Imayb\u00e9: \u201cSomos libres cual libre es el c\u00f3ndor que el espacio recorre veloz\u201d","datePublished":"2023-12-19T09:20:48+00:00","mainEntityOfPage":{"@id":"https:\/\/www.pressenza.com\/es\/2023\/12\/bolivia-ensamble-imaybe-somos-libres-cual-libre-es-el-condor-que-el-espacio-recorre-veloz\/"},"wordCount":1207,"publisher":{"@id":"https:\/\/www.pressenza.com\/es\/#organization"},"image":{"@id":"https:\/\/www.pressenza.com\/es\/2023\/12\/bolivia-ensamble-imaybe-somos-libres-cual-libre-es-el-condor-que-el-espacio-recorre-veloz\/#primaryimage"},"thumbnailUrl":"https:\/\/www.pressenza.com\/wp-content\/uploads\/2023\/12\/Natalia-Humacata.jpg","keywords":["Bolivia","Ensamble Imayb\u00e9","feminismos","Luisa Ach\u00e1","Taller de Periodismo No Violento en espa\u00f1ol"],"articleSection":["Contenido Original","Cultura y Medios","Entrevistas","G\u00e9nero y Feminismos","Sudam\u00e9rica"],"inLanguage":"es"},{"@type":"WebPage","@id":"https:\/\/www.pressenza.com\/es\/2023\/12\/bolivia-ensamble-imaybe-somos-libres-cual-libre-es-el-condor-que-el-espacio-recorre-veloz\/","url":"https:\/\/www.pressenza.com\/es\/2023\/12\/bolivia-ensamble-imaybe-somos-libres-cual-libre-es-el-condor-que-el-espacio-recorre-veloz\/","name":"[Bolivia] Ensamble Imayb\u00e9: \u201cSomos libres cual libre es el c\u00f3ndor que el espacio recorre veloz\u201d","isPartOf":{"@id":"https:\/\/www.pressenza.com\/es\/#website"},"primaryImageOfPage":{"@id":"https:\/\/www.pressenza.com\/es\/2023\/12\/bolivia-ensamble-imaybe-somos-libres-cual-libre-es-el-condor-que-el-espacio-recorre-veloz\/#primaryimage"},"image":{"@id":"https:\/\/www.pressenza.com\/es\/2023\/12\/bolivia-ensamble-imaybe-somos-libres-cual-libre-es-el-condor-que-el-espacio-recorre-veloz\/#primaryimage"},"thumbnailUrl":"https:\/\/www.pressenza.com\/wp-content\/uploads\/2023\/12\/Natalia-Humacata.jpg","datePublished":"2023-12-19T09:20:48+00:00","description":"por Luisa Viviana Ach\u00e1 Irigoyen Tarija, Bolivia En 2020, desde M\u00e9xico, la \u201cCanci\u00f3n sin miedo\u201d compuesta por Vivir Quintana inflam\u00f3 la indignaci\u00f3n y a la","breadcrumb":{"@id":"https:\/\/www.pressenza.com\/es\/2023\/12\/bolivia-ensamble-imaybe-somos-libres-cual-libre-es-el-condor-que-el-espacio-recorre-veloz\/#breadcrumb"},"inLanguage":"es","potentialAction":[{"@type":"ReadAction","target":["https:\/\/www.pressenza.com\/es\/2023\/12\/bolivia-ensamble-imaybe-somos-libres-cual-libre-es-el-condor-que-el-espacio-recorre-veloz\/"]}]},{"@type":"ImageObject","inLanguage":"es","@id":"https:\/\/www.pressenza.com\/es\/2023\/12\/bolivia-ensamble-imaybe-somos-libres-cual-libre-es-el-condor-que-el-espacio-recorre-veloz\/#primaryimage","url":"https:\/\/www.pressenza.com\/wp-content\/uploads\/2023\/12\/Natalia-Humacata.jpg","contentUrl":"https:\/\/www.pressenza.com\/wp-content\/uploads\/2023\/12\/Natalia-Humacata.jpg","width":960,"height":640},{"@type":"BreadcrumbList","@id":"https:\/\/www.pressenza.com\/es\/2023\/12\/bolivia-ensamble-imaybe-somos-libres-cual-libre-es-el-condor-que-el-espacio-recorre-veloz\/#breadcrumb","itemListElement":[{"@type":"ListItem","position":1,"name":"Accueil","item":"https:\/\/www.pressenza.com\/es\/"},{"@type":"ListItem","position":2,"name":"[Bolivia] Ensamble Imayb\u00e9: \u201cSomos libres cual libre es el c\u00f3ndor que el espacio recorre veloz\u201d"}]},{"@type":"WebSite","@id":"https:\/\/www.pressenza.com\/es\/#website","url":"https:\/\/www.pressenza.com\/es\/","name":"Pressenza","description":"International Press Agency","publisher":{"@id":"https:\/\/www.pressenza.com\/es\/#organization"},"potentialAction":[{"@type":"SearchAction","target":{"@type":"EntryPoint","urlTemplate":"https:\/\/www.pressenza.com\/es\/?s={search_term_string}"},"query-input":{"@type":"PropertyValueSpecification","valueRequired":true,"valueName":"search_term_string"}}],"inLanguage":"es"},{"@type":"Organization","@id":"https:\/\/www.pressenza.com\/es\/#organization","name":"Pressenza","url":"https:\/\/www.pressenza.com\/es\/","logo":{"@type":"ImageObject","inLanguage":"es","@id":"https:\/\/www.pressenza.com\/es\/#\/schema\/logo\/image\/","url":"https:\/\/www.pressenza.com\/wp-content\/uploads\/2022\/10\/pressenza_logo_200x200.jpg","contentUrl":"https:\/\/www.pressenza.com\/wp-content\/uploads\/2022\/10\/pressenza_logo_200x200.jpg","width":200,"height":200,"caption":"Pressenza"},"image":{"@id":"https:\/\/www.pressenza.com\/es\/#\/schema\/logo\/image\/"},"sameAs":["https:\/\/www.facebook.com\/PressenzaItalia","https:\/\/x.com\/PressenzaIPA"]},{"@type":"Person","@id":"https:\/\/www.pressenza.com\/es\/#\/schema\/person\/258a972fa92fd0a3a6243c920d569d83","name":"Redacci\u00f3n Bolivia","description":"News published by the Pressenza bureau in Bolivia","url":"https:\/\/www.pressenza.com\/es\/author\/redaccion-bolivia\/"}]}},"place":"Tarija, Bolivia","original_article_url":"","_links":{"self":[{"href":"https:\/\/www.pressenza.com\/es\/wp-json\/wp\/v2\/posts\/1788781","targetHints":{"allow":["GET"]}}],"collection":[{"href":"https:\/\/www.pressenza.com\/es\/wp-json\/wp\/v2\/posts"}],"about":[{"href":"https:\/\/www.pressenza.com\/es\/wp-json\/wp\/v2\/types\/post"}],"author":[{"embeddable":true,"href":"https:\/\/www.pressenza.com\/es\/wp-json\/wp\/v2\/users\/1435"}],"replies":[{"embeddable":true,"href":"https:\/\/www.pressenza.com\/es\/wp-json\/wp\/v2\/comments?post=1788781"}],"version-history":[{"count":0,"href":"https:\/\/www.pressenza.com\/es\/wp-json\/wp\/v2\/posts\/1788781\/revisions"}],"wp:featuredmedia":[{"embeddable":true,"href":"https:\/\/www.pressenza.com\/es\/wp-json\/wp\/v2\/media\/1788788"}],"wp:attachment":[{"href":"https:\/\/www.pressenza.com\/es\/wp-json\/wp\/v2\/media?parent=1788781"}],"wp:term":[{"taxonomy":"category","embeddable":true,"href":"https:\/\/www.pressenza.com\/es\/wp-json\/wp\/v2\/categories?post=1788781"},{"taxonomy":"post_tag","embeddable":true,"href":"https:\/\/www.pressenza.com\/es\/wp-json\/wp\/v2\/tags?post=1788781"}],"curies":[{"name":"wp","href":"https:\/\/api.w.org\/{rel}","templated":true}]}}