{"id":1788695,"date":"2023-12-18T20:19:44","date_gmt":"2023-12-18T20:19:44","guid":{"rendered":"https:\/\/www.pressenza.com\/?p=1788695"},"modified":"2023-12-18T20:19:44","modified_gmt":"2023-12-18T20:19:44","slug":"para-que-sirve-el-periodismo-si-no-se-permite-publicar-crimenes-de-guerra","status":"publish","type":"post","link":"https:\/\/www.pressenza.com\/es\/2023\/12\/para-que-sirve-el-periodismo-si-no-se-permite-publicar-crimenes-de-guerra\/","title":{"rendered":"\u00bfPara qu\u00e9 sirve el periodismo si no se permite publicar cr\u00edmenes de guerra?"},"content":{"rendered":"<p><strong>Stefania Maurizi, John Goetz y Christian Mihr debatieron en la librer\u00eda Georg B\u00fcchner Buchladen de Berl\u00edn sobre: \u00ab\u00bfPara qu\u00e9 sirve el periodismo si no se permite publicar cr\u00edmenes de guerra?\u00bb. Muchos m\u00e1s quer\u00edan escuchar el evento, pero 80 personas era el l\u00edmite, lo que la peque\u00f1a librer\u00eda pod\u00eda dar espacio.<\/strong><\/p>\n<p>El acto fue organizado por Assange Support Berlin en cooperaci\u00f3n con Reporteros sin Fronteras, Georg B\u00fcchner Buchladen, Disruption Network Lab y Boiling Head Media.<\/p>\n<p>\u00bfPara qu\u00e9 sirve el periodismo si no se permite publicar cr\u00edmenes de guerra? Cada vez m\u00e1s secretismo entre los gobernantes, cada vez m\u00e1s vigilancia de los periodistas.<\/p>\n<p>80 organizaciones de defensa de la libertad de prensa y los derechos humanos de toda Europa hacen un llamamiento al Consejo de la Uni\u00f3n Europea en una carta conjunta para que proteja a los periodistas contra los programas inform\u00e1ticos de vigilancia. La tan esperada normativa contra Pegasus y otros spywares similares va a ser suavizada: con la justificaci\u00f3n de la \u00abseguridad nacional\u00bb como excepci\u00f3n, los troyanos de Estado contra la prensa acabar\u00e1n siendo legalizados.<\/p>\n<p><img loading=\"lazy\" decoding=\"async\" class=\"alignnone wp-image-1788697 size-full\" src=\"https:\/\/www.pressenza.com\/wp-content\/uploads\/2023\/12\/Purpose-of-Journalism.jpg\" alt=\"\" width=\"820\" height=\"469\" srcset=\"https:\/\/www.pressenza.com\/wp-content\/uploads\/2023\/12\/Purpose-of-Journalism.jpg 820w, https:\/\/www.pressenza.com\/wp-content\/uploads\/2023\/12\/Purpose-of-Journalism-300x172.jpg 300w\" sizes=\"auto, (max-width: 820px) 100vw, 820px\" \/><\/p>\n<p>La periodista de investigaci\u00f3n alemana Gaby Weber lleva a\u00f1os demandando al Servicio Federal de Inteligencia la publicaci\u00f3n de los archivos Eichmann: El BND prolong\u00f3 el periodo de secreto legal primero de 30 a 60 a\u00f1os y despu\u00e9s indefinidamente. Se quiere mantener al p\u00fablico y al gremio de historiadores alejados de las verdaderas circunstancias del llamado secuestro de Eichmann.<\/p>\n<p>Al igual que a su colega alemana Gaby Weber, a la periodista de investigaci\u00f3n italiana Stefania Maurizi le cuesta mucha energ\u00eda, tiempo y (donaciones y su propio) dinero demandar a las autoridades documentos secretos con la Ley de Libertad de Informaci\u00f3n. Gracias a Maurizi sabemos hasta cierto punto qu\u00e9 autoridades mantuvieron la detenci\u00f3n de Julian Assange y c\u00f3mo. Nils Melzer tambi\u00e9n colabor\u00f3 en su investigaci\u00f3n.<\/p>\n<p>Su libro, publicado ahora en ingl\u00e9s con el t\u00edtulo \u00abSecret Power\u00bb, explica c\u00f3mo Wikileaks cambi\u00f3 el periodismo y cu\u00e1l es el estado actual del periodismo, en un momento en que la publicaci\u00f3n de cr\u00edmenes de guerra secretos est\u00e1 criminalizada para todos por la interminable detenci\u00f3n de Julian Assange. Maurizi termina su libro con la siguiente conclusi\u00f3n:<\/p>\n<blockquote><p>\u00abQuiero vivir en una sociedad en la que sea posible revelar cr\u00edmenes de guerra y torturas sin acabar tres veces en la c\u00e1rcel y al borde del suicidio, como le ocurri\u00f3 a Chelsea Manning. Sin verme obligado a vivir en el exilio, como Edward Snowden. Sin perder la libertad durante m\u00e1s de diez a\u00f1os y correr el riesgo de suicidarme, como Julian Assange. Quiero vivir en una sociedad en la que el poder secreto rinda cuentas ante la ley y la opini\u00f3n p\u00fablica por sus atrocidades. Donde quienes vayan a la c\u00e1rcel sean los criminales de guerra, no quienes tengan la conciencia y el valor de desenmascararlos, ni los periodistas que revelen sus cr\u00edmenes. Hoy en d\u00eda, esa sociedad aut\u00e9nticamente democr\u00e1tica no existe. Y nadie va a crearla por nosotros. Nos corresponde a nosotros luchar por ella. Por los que est\u00e1n con nosotros, por los que no lo est\u00e1n e incluso por los que est\u00e1n contra nosotros\u00bb.<\/p><\/blockquote>\n<p>Stefania Maurizi, John Goetz y Christian Mihr comentan en este v\u00eddeo los pasos que hay que dar para conseguirlo.<\/p>\n<p><iframe loading=\"lazy\" title=\"What is the Purpose of Journalism if War Crimes Are Not Allowed to be Published?\" width=\"500\" height=\"281\" src=\"https:\/\/www.youtube.com\/embed\/9-mvhzMwGWo?feature=oembed\" frameborder=\"0\" allow=\"accelerometer; autoplay; clipboard-write; encrypted-media; gyroscope; picture-in-picture; web-share\" referrerpolicy=\"strict-origin-when-cross-origin\" allowfullscreen><\/iframe><\/p>\n","protected":false},"excerpt":{"rendered":"<p>Stefania Maurizi, John Goetz y Christian Mihr debatieron en la librer\u00eda Georg B\u00fcchner Buchladen de Berl\u00edn sobre: \u00ab\u00bfPara qu\u00e9 sirve el periodismo si no se permite publicar cr\u00edmenes de guerra?\u00bb. Muchos m\u00e1s quer\u00edan escuchar el evento, pero 80 personas era&hellip;<\/p>\n","protected":false},"author":1095,"featured_media":1788696,"comment_status":"closed","ping_status":"closed","sticky":false,"template":"","format":"standard","meta":{"footnotes":""},"categories":[11389,75,66,74,25678],"tags":[9736,5283,14247],"class_list":["post-1788695","post","type-post","status-publish","format-standard","has-post-thumbnail","hentry","category-contenido-original","category-cultura-es","category-europa-es","category-politica-es","category-video-es","tag-berlin-es","tag-julian-assange-es","tag-wikileaks-es"],"yoast_head":"<!-- This site is optimized with the Yoast SEO plugin v27.1.1 - https:\/\/yoast.com\/product\/yoast-seo-wordpress\/ -->\n<title>\u00bfPara qu\u00e9 sirve el periodismo si no se permite publicar cr\u00edmenes de guerra?<\/title>\n<meta name=\"description\" content=\"Stefania Maurizi, John Goetz y Christian Mihr debatieron en la librer\u00eda Georg B\u00fcchner Buchladen de Berl\u00edn sobre: &quot;\u00bfPara qu\u00e9 sirve el periodismo si no se\" \/>\n<meta name=\"robots\" content=\"index, follow, max-snippet:-1, max-image-preview:large, max-video-preview:-1\" \/>\n<link rel=\"canonical\" href=\"https:\/\/www.pressenza.com\/es\/2023\/12\/para-que-sirve-el-periodismo-si-no-se-permite-publicar-crimenes-de-guerra\/\" \/>\n<meta property=\"og:locale\" content=\"es_ES\" \/>\n<meta property=\"og:type\" content=\"article\" \/>\n<meta property=\"og:title\" content=\"\u00bfPara qu\u00e9 sirve el periodismo si no se permite publicar cr\u00edmenes de guerra?\" \/>\n<meta property=\"og:description\" content=\"Stefania Maurizi, John Goetz y Christian Mihr debatieron en la librer\u00eda Georg B\u00fcchner Buchladen de Berl\u00edn sobre: &quot;\u00bfPara qu\u00e9 sirve el periodismo si no se\" \/>\n<meta property=\"og:url\" content=\"https:\/\/www.pressenza.com\/es\/2023\/12\/para-que-sirve-el-periodismo-si-no-se-permite-publicar-crimenes-de-guerra\/\" \/>\n<meta property=\"og:site_name\" content=\"Pressenza\" \/>\n<meta property=\"article:publisher\" content=\"https:\/\/www.facebook.com\/PressenzaItalia\" \/>\n<meta property=\"article:author\" content=\"https:\/\/www.facebook.com\/Pressenza-Deutschland-sterreich-Schweiz-281675388658060\/timeline\/\" \/>\n<meta property=\"article:published_time\" content=\"2023-12-18T20:19:44+00:00\" \/>\n<meta property=\"og:image\" content=\"https:\/\/www.pressenza.com\/wp-content\/uploads\/2023\/12\/Stefania-Maurizi-Julian-Assange.jpg\" \/>\n\t<meta property=\"og:image:width\" content=\"1200\" \/>\n\t<meta property=\"og:image:height\" content=\"706\" \/>\n\t<meta property=\"og:image:type\" content=\"image\/jpeg\" \/>\n<meta name=\"author\" content=\"Pressenza Berlin\" \/>\n<meta name=\"twitter:card\" content=\"summary_large_image\" \/>\n<meta name=\"twitter:creator\" content=\"@pressenza_ger\" \/>\n<meta name=\"twitter:site\" content=\"@PressenzaIPA\" \/>\n<meta name=\"twitter:label1\" content=\"Escrito por\" \/>\n\t<meta name=\"twitter:data1\" content=\"Pressenza Berlin\" \/>\n\t<meta name=\"twitter:label2\" content=\"Tiempo de lectura\" \/>\n\t<meta name=\"twitter:data2\" content=\"3 minutos\" \/>\n<script type=\"application\/ld+json\" class=\"yoast-schema-graph\">{\"@context\":\"https:\/\/schema.org\",\"@graph\":[{\"@type\":\"Article\",\"@id\":\"https:\/\/www.pressenza.com\/es\/2023\/12\/para-que-sirve-el-periodismo-si-no-se-permite-publicar-crimenes-de-guerra\/#article\",\"isPartOf\":{\"@id\":\"https:\/\/www.pressenza.com\/es\/2023\/12\/para-que-sirve-el-periodismo-si-no-se-permite-publicar-crimenes-de-guerra\/\"},\"author\":{\"name\":\"Pressenza Berlin\",\"@id\":\"https:\/\/www.pressenza.com\/es\/#\/schema\/person\/57bb5480943a496a7722b0248e4b658a\"},\"headline\":\"\u00bfPara qu\u00e9 sirve el periodismo si no se permite publicar cr\u00edmenes de guerra?\",\"datePublished\":\"2023-12-18T20:19:44+00:00\",\"mainEntityOfPage\":{\"@id\":\"https:\/\/www.pressenza.com\/es\/2023\/12\/para-que-sirve-el-periodismo-si-no-se-permite-publicar-crimenes-de-guerra\/\"},\"wordCount\":603,\"publisher\":{\"@id\":\"https:\/\/www.pressenza.com\/es\/#organization\"},\"image\":{\"@id\":\"https:\/\/www.pressenza.com\/es\/2023\/12\/para-que-sirve-el-periodismo-si-no-se-permite-publicar-crimenes-de-guerra\/#primaryimage\"},\"thumbnailUrl\":\"https:\/\/www.pressenza.com\/wp-content\/uploads\/2023\/12\/Stefania-Maurizi-Julian-Assange.jpg\",\"keywords\":[\"Berlin\",\"Julian Assange\",\"Wikileaks\"],\"articleSection\":[\"Contenido Original\",\"Cultura y Medios\",\"Europa\",\"Pol\u00edtica\",\"Video\"],\"inLanguage\":\"es\"},{\"@type\":\"WebPage\",\"@id\":\"https:\/\/www.pressenza.com\/es\/2023\/12\/para-que-sirve-el-periodismo-si-no-se-permite-publicar-crimenes-de-guerra\/\",\"url\":\"https:\/\/www.pressenza.com\/es\/2023\/12\/para-que-sirve-el-periodismo-si-no-se-permite-publicar-crimenes-de-guerra\/\",\"name\":\"\u00bfPara qu\u00e9 sirve el periodismo si no se permite publicar cr\u00edmenes de guerra?\",\"isPartOf\":{\"@id\":\"https:\/\/www.pressenza.com\/es\/#website\"},\"primaryImageOfPage\":{\"@id\":\"https:\/\/www.pressenza.com\/es\/2023\/12\/para-que-sirve-el-periodismo-si-no-se-permite-publicar-crimenes-de-guerra\/#primaryimage\"},\"image\":{\"@id\":\"https:\/\/www.pressenza.com\/es\/2023\/12\/para-que-sirve-el-periodismo-si-no-se-permite-publicar-crimenes-de-guerra\/#primaryimage\"},\"thumbnailUrl\":\"https:\/\/www.pressenza.com\/wp-content\/uploads\/2023\/12\/Stefania-Maurizi-Julian-Assange.jpg\",\"datePublished\":\"2023-12-18T20:19:44+00:00\",\"description\":\"Stefania Maurizi, John Goetz y Christian Mihr debatieron en la librer\u00eda Georg B\u00fcchner Buchladen de Berl\u00edn sobre: \\\"\u00bfPara qu\u00e9 sirve el periodismo si no se\",\"breadcrumb\":{\"@id\":\"https:\/\/www.pressenza.com\/es\/2023\/12\/para-que-sirve-el-periodismo-si-no-se-permite-publicar-crimenes-de-guerra\/#breadcrumb\"},\"inLanguage\":\"es\",\"potentialAction\":[{\"@type\":\"ReadAction\",\"target\":[\"https:\/\/www.pressenza.com\/es\/2023\/12\/para-que-sirve-el-periodismo-si-no-se-permite-publicar-crimenes-de-guerra\/\"]}]},{\"@type\":\"ImageObject\",\"inLanguage\":\"es\",\"@id\":\"https:\/\/www.pressenza.com\/es\/2023\/12\/para-que-sirve-el-periodismo-si-no-se-permite-publicar-crimenes-de-guerra\/#primaryimage\",\"url\":\"https:\/\/www.pressenza.com\/wp-content\/uploads\/2023\/12\/Stefania-Maurizi-Julian-Assange.jpg\",\"contentUrl\":\"https:\/\/www.pressenza.com\/wp-content\/uploads\/2023\/12\/Stefania-Maurizi-Julian-Assange.jpg\",\"width\":1200,\"height\":706},{\"@type\":\"BreadcrumbList\",\"@id\":\"https:\/\/www.pressenza.com\/es\/2023\/12\/para-que-sirve-el-periodismo-si-no-se-permite-publicar-crimenes-de-guerra\/#breadcrumb\",\"itemListElement\":[{\"@type\":\"ListItem\",\"position\":1,\"name\":\"Accueil\",\"item\":\"https:\/\/www.pressenza.com\/es\/\"},{\"@type\":\"ListItem\",\"position\":2,\"name\":\"\u00bfPara qu\u00e9 sirve el periodismo si no se permite publicar cr\u00edmenes de guerra?\"}]},{\"@type\":\"WebSite\",\"@id\":\"https:\/\/www.pressenza.com\/es\/#website\",\"url\":\"https:\/\/www.pressenza.com\/es\/\",\"name\":\"Pressenza\",\"description\":\"International Press Agency\",\"publisher\":{\"@id\":\"https:\/\/www.pressenza.com\/es\/#organization\"},\"potentialAction\":[{\"@type\":\"SearchAction\",\"target\":{\"@type\":\"EntryPoint\",\"urlTemplate\":\"https:\/\/www.pressenza.com\/es\/?s={search_term_string}\"},\"query-input\":{\"@type\":\"PropertyValueSpecification\",\"valueRequired\":true,\"valueName\":\"search_term_string\"}}],\"inLanguage\":\"es\"},{\"@type\":\"Organization\",\"@id\":\"https:\/\/www.pressenza.com\/es\/#organization\",\"name\":\"Pressenza\",\"url\":\"https:\/\/www.pressenza.com\/es\/\",\"logo\":{\"@type\":\"ImageObject\",\"inLanguage\":\"es\",\"@id\":\"https:\/\/www.pressenza.com\/es\/#\/schema\/logo\/image\/\",\"url\":\"https:\/\/www.pressenza.com\/wp-content\/uploads\/2022\/10\/pressenza_logo_200x200.jpg\",\"contentUrl\":\"https:\/\/www.pressenza.com\/wp-content\/uploads\/2022\/10\/pressenza_logo_200x200.jpg\",\"width\":200,\"height\":200,\"caption\":\"Pressenza\"},\"image\":{\"@id\":\"https:\/\/www.pressenza.com\/es\/#\/schema\/logo\/image\/\"},\"sameAs\":[\"https:\/\/www.facebook.com\/PressenzaItalia\",\"https:\/\/x.com\/PressenzaIPA\"]},{\"@type\":\"Person\",\"@id\":\"https:\/\/www.pressenza.com\/es\/#\/schema\/person\/57bb5480943a496a7722b0248e4b658a\",\"name\":\"Pressenza Berlin\",\"description\":\"News from the Pressenza Bureau in Berlin, Germany\",\"sameAs\":[\"https:\/\/www.facebook.com\/Pressenza-Deutschland-sterreich-Schweiz-281675388658060\/timeline\/\",\"https:\/\/x.com\/pressenza_ger\"],\"url\":\"https:\/\/www.pressenza.com\/es\/author\/pressenza-berlin\/\"}]}<\/script>\n<!-- \/ Yoast SEO plugin. -->","yoast_head_json":{"title":"\u00bfPara qu\u00e9 sirve el periodismo si no se permite publicar cr\u00edmenes de guerra?","description":"Stefania Maurizi, John Goetz y Christian Mihr debatieron en la librer\u00eda Georg B\u00fcchner Buchladen de Berl\u00edn sobre: \"\u00bfPara qu\u00e9 sirve el periodismo si no se","robots":{"index":"index","follow":"follow","max-snippet":"max-snippet:-1","max-image-preview":"max-image-preview:large","max-video-preview":"max-video-preview:-1"},"canonical":"https:\/\/www.pressenza.com\/es\/2023\/12\/para-que-sirve-el-periodismo-si-no-se-permite-publicar-crimenes-de-guerra\/","og_locale":"es_ES","og_type":"article","og_title":"\u00bfPara qu\u00e9 sirve el periodismo si no se permite publicar cr\u00edmenes de guerra?","og_description":"Stefania Maurizi, John Goetz y Christian Mihr debatieron en la librer\u00eda Georg B\u00fcchner Buchladen de Berl\u00edn sobre: \"\u00bfPara qu\u00e9 sirve el periodismo si no se","og_url":"https:\/\/www.pressenza.com\/es\/2023\/12\/para-que-sirve-el-periodismo-si-no-se-permite-publicar-crimenes-de-guerra\/","og_site_name":"Pressenza","article_publisher":"https:\/\/www.facebook.com\/PressenzaItalia","article_author":"https:\/\/www.facebook.com\/Pressenza-Deutschland-sterreich-Schweiz-281675388658060\/timeline\/","article_published_time":"2023-12-18T20:19:44+00:00","og_image":[{"width":1200,"height":706,"url":"https:\/\/www.pressenza.com\/wp-content\/uploads\/2023\/12\/Stefania-Maurizi-Julian-Assange.jpg","type":"image\/jpeg"}],"author":"Pressenza Berlin","twitter_card":"summary_large_image","twitter_creator":"@pressenza_ger","twitter_site":"@PressenzaIPA","twitter_misc":{"Escrito por":"Pressenza Berlin","Tiempo de lectura":"3 minutos"},"schema":{"@context":"https:\/\/schema.org","@graph":[{"@type":"Article","@id":"https:\/\/www.pressenza.com\/es\/2023\/12\/para-que-sirve-el-periodismo-si-no-se-permite-publicar-crimenes-de-guerra\/#article","isPartOf":{"@id":"https:\/\/www.pressenza.com\/es\/2023\/12\/para-que-sirve-el-periodismo-si-no-se-permite-publicar-crimenes-de-guerra\/"},"author":{"name":"Pressenza Berlin","@id":"https:\/\/www.pressenza.com\/es\/#\/schema\/person\/57bb5480943a496a7722b0248e4b658a"},"headline":"\u00bfPara qu\u00e9 sirve el periodismo si no se permite publicar cr\u00edmenes de guerra?","datePublished":"2023-12-18T20:19:44+00:00","mainEntityOfPage":{"@id":"https:\/\/www.pressenza.com\/es\/2023\/12\/para-que-sirve-el-periodismo-si-no-se-permite-publicar-crimenes-de-guerra\/"},"wordCount":603,"publisher":{"@id":"https:\/\/www.pressenza.com\/es\/#organization"},"image":{"@id":"https:\/\/www.pressenza.com\/es\/2023\/12\/para-que-sirve-el-periodismo-si-no-se-permite-publicar-crimenes-de-guerra\/#primaryimage"},"thumbnailUrl":"https:\/\/www.pressenza.com\/wp-content\/uploads\/2023\/12\/Stefania-Maurizi-Julian-Assange.jpg","keywords":["Berlin","Julian Assange","Wikileaks"],"articleSection":["Contenido Original","Cultura y Medios","Europa","Pol\u00edtica","Video"],"inLanguage":"es"},{"@type":"WebPage","@id":"https:\/\/www.pressenza.com\/es\/2023\/12\/para-que-sirve-el-periodismo-si-no-se-permite-publicar-crimenes-de-guerra\/","url":"https:\/\/www.pressenza.com\/es\/2023\/12\/para-que-sirve-el-periodismo-si-no-se-permite-publicar-crimenes-de-guerra\/","name":"\u00bfPara qu\u00e9 sirve el periodismo si no se permite publicar cr\u00edmenes de guerra?","isPartOf":{"@id":"https:\/\/www.pressenza.com\/es\/#website"},"primaryImageOfPage":{"@id":"https:\/\/www.pressenza.com\/es\/2023\/12\/para-que-sirve-el-periodismo-si-no-se-permite-publicar-crimenes-de-guerra\/#primaryimage"},"image":{"@id":"https:\/\/www.pressenza.com\/es\/2023\/12\/para-que-sirve-el-periodismo-si-no-se-permite-publicar-crimenes-de-guerra\/#primaryimage"},"thumbnailUrl":"https:\/\/www.pressenza.com\/wp-content\/uploads\/2023\/12\/Stefania-Maurizi-Julian-Assange.jpg","datePublished":"2023-12-18T20:19:44+00:00","description":"Stefania Maurizi, John Goetz y Christian Mihr debatieron en la librer\u00eda Georg B\u00fcchner Buchladen de Berl\u00edn sobre: \"\u00bfPara qu\u00e9 sirve el periodismo si no se","breadcrumb":{"@id":"https:\/\/www.pressenza.com\/es\/2023\/12\/para-que-sirve-el-periodismo-si-no-se-permite-publicar-crimenes-de-guerra\/#breadcrumb"},"inLanguage":"es","potentialAction":[{"@type":"ReadAction","target":["https:\/\/www.pressenza.com\/es\/2023\/12\/para-que-sirve-el-periodismo-si-no-se-permite-publicar-crimenes-de-guerra\/"]}]},{"@type":"ImageObject","inLanguage":"es","@id":"https:\/\/www.pressenza.com\/es\/2023\/12\/para-que-sirve-el-periodismo-si-no-se-permite-publicar-crimenes-de-guerra\/#primaryimage","url":"https:\/\/www.pressenza.com\/wp-content\/uploads\/2023\/12\/Stefania-Maurizi-Julian-Assange.jpg","contentUrl":"https:\/\/www.pressenza.com\/wp-content\/uploads\/2023\/12\/Stefania-Maurizi-Julian-Assange.jpg","width":1200,"height":706},{"@type":"BreadcrumbList","@id":"https:\/\/www.pressenza.com\/es\/2023\/12\/para-que-sirve-el-periodismo-si-no-se-permite-publicar-crimenes-de-guerra\/#breadcrumb","itemListElement":[{"@type":"ListItem","position":1,"name":"Accueil","item":"https:\/\/www.pressenza.com\/es\/"},{"@type":"ListItem","position":2,"name":"\u00bfPara qu\u00e9 sirve el periodismo si no se permite publicar cr\u00edmenes de guerra?"}]},{"@type":"WebSite","@id":"https:\/\/www.pressenza.com\/es\/#website","url":"https:\/\/www.pressenza.com\/es\/","name":"Pressenza","description":"International Press Agency","publisher":{"@id":"https:\/\/www.pressenza.com\/es\/#organization"},"potentialAction":[{"@type":"SearchAction","target":{"@type":"EntryPoint","urlTemplate":"https:\/\/www.pressenza.com\/es\/?s={search_term_string}"},"query-input":{"@type":"PropertyValueSpecification","valueRequired":true,"valueName":"search_term_string"}}],"inLanguage":"es"},{"@type":"Organization","@id":"https:\/\/www.pressenza.com\/es\/#organization","name":"Pressenza","url":"https:\/\/www.pressenza.com\/es\/","logo":{"@type":"ImageObject","inLanguage":"es","@id":"https:\/\/www.pressenza.com\/es\/#\/schema\/logo\/image\/","url":"https:\/\/www.pressenza.com\/wp-content\/uploads\/2022\/10\/pressenza_logo_200x200.jpg","contentUrl":"https:\/\/www.pressenza.com\/wp-content\/uploads\/2022\/10\/pressenza_logo_200x200.jpg","width":200,"height":200,"caption":"Pressenza"},"image":{"@id":"https:\/\/www.pressenza.com\/es\/#\/schema\/logo\/image\/"},"sameAs":["https:\/\/www.facebook.com\/PressenzaItalia","https:\/\/x.com\/PressenzaIPA"]},{"@type":"Person","@id":"https:\/\/www.pressenza.com\/es\/#\/schema\/person\/57bb5480943a496a7722b0248e4b658a","name":"Pressenza Berlin","description":"News from the Pressenza Bureau in Berlin, Germany","sameAs":["https:\/\/www.facebook.com\/Pressenza-Deutschland-sterreich-Schweiz-281675388658060\/timeline\/","https:\/\/x.com\/pressenza_ger"],"url":"https:\/\/www.pressenza.com\/es\/author\/pressenza-berlin\/"}]}},"place":"Berl\u00edn, Alemania","original_article_url":"","_links":{"self":[{"href":"https:\/\/www.pressenza.com\/es\/wp-json\/wp\/v2\/posts\/1788695","targetHints":{"allow":["GET"]}}],"collection":[{"href":"https:\/\/www.pressenza.com\/es\/wp-json\/wp\/v2\/posts"}],"about":[{"href":"https:\/\/www.pressenza.com\/es\/wp-json\/wp\/v2\/types\/post"}],"author":[{"embeddable":true,"href":"https:\/\/www.pressenza.com\/es\/wp-json\/wp\/v2\/users\/1095"}],"replies":[{"embeddable":true,"href":"https:\/\/www.pressenza.com\/es\/wp-json\/wp\/v2\/comments?post=1788695"}],"version-history":[{"count":0,"href":"https:\/\/www.pressenza.com\/es\/wp-json\/wp\/v2\/posts\/1788695\/revisions"}],"wp:featuredmedia":[{"embeddable":true,"href":"https:\/\/www.pressenza.com\/es\/wp-json\/wp\/v2\/media\/1788696"}],"wp:attachment":[{"href":"https:\/\/www.pressenza.com\/es\/wp-json\/wp\/v2\/media?parent=1788695"}],"wp:term":[{"taxonomy":"category","embeddable":true,"href":"https:\/\/www.pressenza.com\/es\/wp-json\/wp\/v2\/categories?post=1788695"},{"taxonomy":"post_tag","embeddable":true,"href":"https:\/\/www.pressenza.com\/es\/wp-json\/wp\/v2\/tags?post=1788695"}],"curies":[{"name":"wp","href":"https:\/\/api.w.org\/{rel}","templated":true}]}}