{"id":1788361,"date":"2023-12-16T22:47:14","date_gmt":"2023-12-16T22:47:14","guid":{"rendered":"https:\/\/www.pressenza.com\/?p=1788361"},"modified":"2023-12-16T22:47:14","modified_gmt":"2023-12-16T22:47:14","slug":"el-indulto-a-fujimori-una-decision-equivocada","status":"publish","type":"post","link":"https:\/\/www.pressenza.com\/es\/2023\/12\/el-indulto-a-fujimori-una-decision-equivocada\/","title":{"rendered":"El indulto a Fujimori, una decisi\u00f3n equivocada"},"content":{"rendered":"<p>Por: Centro de Estudios Humanistas Nueva Civilizaci\u00f3n<\/p>\n<p>La excarcelaci\u00f3n del expresidente Fujimori, condenado por delitos de lesa humanidad debido a la decisi\u00f3n tomada por el Tribunal Constitucional y el Instituto Nacional Penitenciario, con la anuencia de la presidenta de la rep\u00fablica, es equivocada.<\/p>\n<p>Por un lado, el indulto de Fujimori transgrede los cimientos b\u00e1sicos del sistema jur\u00eddico internacional, que defienden derechos humanos b\u00e1sicos, al cual el Per\u00fa se encuentra adscrito. Por otro lado, el indulto perjudica el proceso de reconciliaci\u00f3n que se iniciara en el Per\u00fa a inicios del 2000 con el objeto de superar como sociedad los efectos del conflicto armado interno que enlut\u00f3 a miles de familias peruanas, especialmente, a las poblaciones ind\u00edgenas entre los a\u00f1os 1980 al 2000.<\/p>\n<p>Uno de los hitos en este proceso fue la presentaci\u00f3n del Informe de la Comisi\u00f3n de la Verdad y la Reconciliaci\u00f3n (CVR), que este a\u00f1o cumple 20 a\u00f1os, donde se concluye que la guerra interna perjudic\u00f3 directamente a la poblaci\u00f3n peruana pobre rural, andina y selv\u00e1tica; asimismo, no fue sentida ni asumida como propia por el resto del pa\u00eds; lo que delata, el racismo y las actitudes de desprecio subsistentes en la sociedad peruana a casi dos siglos de nacida la Rep\u00fablica. En este contexto, la excarcelaci\u00f3n del expresidente Fujimori, es una afrenta a las v\u00edctimas de la violencia pol\u00edtica y social que envolvi\u00f3 tr\u00e1gicamente ese per\u00edodo de nuestra historia.<\/p>\n<p>El indulto a Fujimori se da sin que el sentenciado reconozca sus cr\u00edmenes, sin que haya cumplido con pagar la reparaci\u00f3n civil, sin que el Estado haya trabajado en reparar la situaci\u00f3n que permiti\u00f3 que ocurriera esta barbarie y sin que medien las condiciones de salud del reo para ser calificado de indulto humanitario.<\/p>\n<p><strong>La necesidad de una verdadera reconciliaci\u00f3n<\/strong><\/p>\n<p>La reconciliaci\u00f3n social solo puede darse cuando se conozca la verdad de los hechos ocurridos sin falsear la memoria y cuando la sociedad reflexione sobre la verdadera ra\u00edz de los hechos. Corresponde que el Estado instale y difunda espacios de reflexi\u00f3n donde se propicie el di\u00e1logo sincero entre los actores; solo de ese modo se ir\u00e1 teniendo una real comprensi\u00f3n de lo ocurrido y del rol que jug\u00f3 el contexto social, pol\u00edtico y cultural en estos hechos.<\/p>\n<p>Por otro lado, se requiere que se realicen acciones orientadas a reparar el da\u00f1o causado a la sociedad en su conjunto y particularmente en los ciudadanos que sufrieron directamente sus consecuencias. Una acci\u00f3n indispensable ser\u00e1 el trabajo tesonero e \u00a0incansable por modificar el sistema que lo propici\u00f3.<\/p>\n<p><strong>Las consecuencias del indulto<\/strong><\/p>\n<p>El indulto a Fujimori es un mal precedente para el respeto de los derechos humanos, afirma la hegemon\u00eda de poderes ajenos a la justicia y a la igualdad; y abre la puerta a que sucedan situaciones similares en el futuro.<\/p>\n<p>Se afirman valores anti humanistas al soslayar las violaciones a los derechos humanos cometidas por el r\u00e9gimen de Fujimori; genera p\u00e9rdida de referencias para el presente y en el futuro; lleva impreso el desprecio a la vida humana; en particular de las poblaciones m\u00e1s vulnerables y justifica muchas otras violencias asociadas, con lo que termina trastoc\u00e1ndose los cimientos \u00e9ticos de nuestra sociedad.<\/p>\n<p>Bien dicen que un pueblo que no conoce su historia, est\u00e1 condenado a repetirla; as\u00ed vemos como, hace un a\u00f1o, ciudadanos de las zonas andinas fueron asesinados por las fuerzas del orden utilizando el apelativo de \u201cterroristas\u201d en el marco de las movilizaciones masivas que se produjeron contra el r\u00e9gimen de Boluarte, de ese modo se revivi\u00f3 la discriminaci\u00f3n, el antagonismo y la estigmatizaci\u00f3n de poblaciones de las regiones que exig\u00edan el respeto por su voto, que se les reconozca su derecho a tener representaci\u00f3n pol\u00edtica.<\/p>\n<p>Es la hora de que se apueste por un verdadero proceso de reconciliaci\u00f3n nacional. Para ello, es necesario retomar los lineamientos del Informe de la CVR; la reflexi\u00f3n y el di\u00e1logo; fortalecer los lugares de la memoria como espacios que buscan generar \u00e1mbitos de reflexi\u00f3n; garantizar justicia para las v\u00edctimas directas de violaciones de derechos humanos produciendo un amplio y profundo di\u00e1logo nacional entre quienes hoy nos sentimos enfrentados.<\/p>\n","protected":false},"excerpt":{"rendered":"<p>Por: Centro de Estudios Humanistas Nueva Civilizaci\u00f3n La excarcelaci\u00f3n del expresidente Fujimori, condenado por delitos de lesa humanidad debido a la decisi\u00f3n tomada por el Tribunal Constitucional y el Instituto Nacional Penitenciario, con la anuencia de la presidenta de la&hellip;<\/p>\n","protected":false},"author":831,"featured_media":1788365,"comment_status":"closed","ping_status":"closed","sticky":false,"template":"","format":"standard","meta":{"footnotes":""},"categories":[79,1242,74,67],"tags":[],"class_list":["post-1788361","post","type-post","status-publish","format-standard","has-post-thumbnail","hentry","category-derechos-humanos","category-noviolencia-tema","category-politica-es","category-sudamerica"],"yoast_head":"<!-- This site is optimized with the Yoast SEO plugin v27.1.1 - https:\/\/yoast.com\/product\/yoast-seo-wordpress\/ -->\n<title>El indulto a Fujimori, una decisi\u00f3n equivocada<\/title>\n<meta name=\"description\" content=\"Por: Centro de Estudios Humanistas Nueva Civilizaci\u00f3n La excarcelaci\u00f3n del expresidente Fujimori, condenado por delitos de lesa humanidad debido a la\" \/>\n<meta name=\"robots\" content=\"index, follow, max-snippet:-1, max-image-preview:large, max-video-preview:-1\" \/>\n<link rel=\"canonical\" href=\"https:\/\/www.pressenza.com\/es\/2023\/12\/el-indulto-a-fujimori-una-decision-equivocada\/\" \/>\n<meta property=\"og:locale\" content=\"es_ES\" \/>\n<meta property=\"og:type\" content=\"article\" \/>\n<meta property=\"og:title\" content=\"El indulto a Fujimori, una decisi\u00f3n equivocada\" \/>\n<meta property=\"og:description\" content=\"Por: Centro de Estudios Humanistas Nueva Civilizaci\u00f3n La excarcelaci\u00f3n del expresidente Fujimori, condenado por delitos de lesa humanidad debido a la\" \/>\n<meta property=\"og:url\" content=\"https:\/\/www.pressenza.com\/es\/2023\/12\/el-indulto-a-fujimori-una-decision-equivocada\/\" \/>\n<meta property=\"og:site_name\" content=\"Pressenza\" \/>\n<meta property=\"article:publisher\" content=\"https:\/\/www.facebook.com\/PressenzaItalia\" \/>\n<meta property=\"article:published_time\" content=\"2023-12-16T22:47:14+00:00\" \/>\n<meta property=\"og:image\" content=\"https:\/\/www.pressenza.com\/wp-content\/uploads\/2023\/12\/WhatsApp-Image-2023-12-16-at-4.19.23-PM.jpeg\" \/>\n\t<meta property=\"og:image:width\" content=\"1000\" \/>\n\t<meta property=\"og:image:height\" content=\"666\" \/>\n\t<meta property=\"og:image:type\" content=\"image\/jpeg\" \/>\n<meta name=\"author\" content=\"Redacci\u00f3n Per\u00fa\" \/>\n<meta name=\"twitter:card\" content=\"summary_large_image\" \/>\n<meta name=\"twitter:creator\" content=\"@PressenzaIPA\" \/>\n<meta name=\"twitter:site\" content=\"@PressenzaIPA\" \/>\n<meta name=\"twitter:label1\" content=\"Escrito por\" \/>\n\t<meta name=\"twitter:data1\" content=\"Redacci\u00f3n Per\u00fa\" \/>\n\t<meta name=\"twitter:label2\" content=\"Tiempo de lectura\" \/>\n\t<meta name=\"twitter:data2\" content=\"4 minutos\" \/>\n<script type=\"application\/ld+json\" class=\"yoast-schema-graph\">{\"@context\":\"https:\/\/schema.org\",\"@graph\":[{\"@type\":\"Article\",\"@id\":\"https:\/\/www.pressenza.com\/es\/2023\/12\/el-indulto-a-fujimori-una-decision-equivocada\/#article\",\"isPartOf\":{\"@id\":\"https:\/\/www.pressenza.com\/es\/2023\/12\/el-indulto-a-fujimori-una-decision-equivocada\/\"},\"author\":{\"name\":\"Redacci\u00f3n Per\u00fa\",\"@id\":\"https:\/\/www.pressenza.com\/es\/#\/schema\/person\/e86c29a41185b85084a478822f5de81b\"},\"headline\":\"El indulto a Fujimori, una decisi\u00f3n equivocada\",\"datePublished\":\"2023-12-16T22:47:14+00:00\",\"mainEntityOfPage\":{\"@id\":\"https:\/\/www.pressenza.com\/es\/2023\/12\/el-indulto-a-fujimori-una-decision-equivocada\/\"},\"wordCount\":734,\"publisher\":{\"@id\":\"https:\/\/www.pressenza.com\/es\/#organization\"},\"image\":{\"@id\":\"https:\/\/www.pressenza.com\/es\/2023\/12\/el-indulto-a-fujimori-una-decision-equivocada\/#primaryimage\"},\"thumbnailUrl\":\"https:\/\/www.pressenza.com\/wp-content\/uploads\/2023\/12\/WhatsApp-Image-2023-12-16-at-4.19.23-PM.jpeg\",\"articleSection\":[\"Derechos Humanos\",\"Noviolencia\",\"Pol\u00edtica\",\"Sudam\u00e9rica\"],\"inLanguage\":\"es\"},{\"@type\":\"WebPage\",\"@id\":\"https:\/\/www.pressenza.com\/es\/2023\/12\/el-indulto-a-fujimori-una-decision-equivocada\/\",\"url\":\"https:\/\/www.pressenza.com\/es\/2023\/12\/el-indulto-a-fujimori-una-decision-equivocada\/\",\"name\":\"El indulto a Fujimori, una decisi\u00f3n equivocada\",\"isPartOf\":{\"@id\":\"https:\/\/www.pressenza.com\/es\/#website\"},\"primaryImageOfPage\":{\"@id\":\"https:\/\/www.pressenza.com\/es\/2023\/12\/el-indulto-a-fujimori-una-decision-equivocada\/#primaryimage\"},\"image\":{\"@id\":\"https:\/\/www.pressenza.com\/es\/2023\/12\/el-indulto-a-fujimori-una-decision-equivocada\/#primaryimage\"},\"thumbnailUrl\":\"https:\/\/www.pressenza.com\/wp-content\/uploads\/2023\/12\/WhatsApp-Image-2023-12-16-at-4.19.23-PM.jpeg\",\"datePublished\":\"2023-12-16T22:47:14+00:00\",\"description\":\"Por: Centro de Estudios Humanistas Nueva Civilizaci\u00f3n La excarcelaci\u00f3n del expresidente Fujimori, condenado por delitos de lesa humanidad debido a la\",\"breadcrumb\":{\"@id\":\"https:\/\/www.pressenza.com\/es\/2023\/12\/el-indulto-a-fujimori-una-decision-equivocada\/#breadcrumb\"},\"inLanguage\":\"es\",\"potentialAction\":[{\"@type\":\"ReadAction\",\"target\":[\"https:\/\/www.pressenza.com\/es\/2023\/12\/el-indulto-a-fujimori-una-decision-equivocada\/\"]}]},{\"@type\":\"ImageObject\",\"inLanguage\":\"es\",\"@id\":\"https:\/\/www.pressenza.com\/es\/2023\/12\/el-indulto-a-fujimori-una-decision-equivocada\/#primaryimage\",\"url\":\"https:\/\/www.pressenza.com\/wp-content\/uploads\/2023\/12\/WhatsApp-Image-2023-12-16-at-4.19.23-PM.jpeg\",\"contentUrl\":\"https:\/\/www.pressenza.com\/wp-content\/uploads\/2023\/12\/WhatsApp-Image-2023-12-16-at-4.19.23-PM.jpeg\",\"width\":1000,\"height\":666,\"caption\":\"Deudos de las matanzas en La Cantuta y Barrios Altos.\"},{\"@type\":\"BreadcrumbList\",\"@id\":\"https:\/\/www.pressenza.com\/es\/2023\/12\/el-indulto-a-fujimori-una-decision-equivocada\/#breadcrumb\",\"itemListElement\":[{\"@type\":\"ListItem\",\"position\":1,\"name\":\"Accueil\",\"item\":\"https:\/\/www.pressenza.com\/es\/\"},{\"@type\":\"ListItem\",\"position\":2,\"name\":\"El indulto a Fujimori, una decisi\u00f3n equivocada\"}]},{\"@type\":\"WebSite\",\"@id\":\"https:\/\/www.pressenza.com\/es\/#website\",\"url\":\"https:\/\/www.pressenza.com\/es\/\",\"name\":\"Pressenza\",\"description\":\"International Press Agency\",\"publisher\":{\"@id\":\"https:\/\/www.pressenza.com\/es\/#organization\"},\"potentialAction\":[{\"@type\":\"SearchAction\",\"target\":{\"@type\":\"EntryPoint\",\"urlTemplate\":\"https:\/\/www.pressenza.com\/es\/?s={search_term_string}\"},\"query-input\":{\"@type\":\"PropertyValueSpecification\",\"valueRequired\":true,\"valueName\":\"search_term_string\"}}],\"inLanguage\":\"es\"},{\"@type\":\"Organization\",\"@id\":\"https:\/\/www.pressenza.com\/es\/#organization\",\"name\":\"Pressenza\",\"url\":\"https:\/\/www.pressenza.com\/es\/\",\"logo\":{\"@type\":\"ImageObject\",\"inLanguage\":\"es\",\"@id\":\"https:\/\/www.pressenza.com\/es\/#\/schema\/logo\/image\/\",\"url\":\"https:\/\/www.pressenza.com\/wp-content\/uploads\/2022\/10\/pressenza_logo_200x200.jpg\",\"contentUrl\":\"https:\/\/www.pressenza.com\/wp-content\/uploads\/2022\/10\/pressenza_logo_200x200.jpg\",\"width\":200,\"height\":200,\"caption\":\"Pressenza\"},\"image\":{\"@id\":\"https:\/\/www.pressenza.com\/es\/#\/schema\/logo\/image\/\"},\"sameAs\":[\"https:\/\/www.facebook.com\/PressenzaItalia\",\"https:\/\/x.com\/PressenzaIPA\"]},{\"@type\":\"Person\",\"@id\":\"https:\/\/www.pressenza.com\/es\/#\/schema\/person\/e86c29a41185b85084a478822f5de81b\",\"name\":\"Redacci\u00f3n Per\u00fa\",\"description\":\"News published by the Pressenza bureau in Peru\",\"url\":\"https:\/\/www.pressenza.com\/es\/author\/redaccion-peru\/\"}]}<\/script>\n<!-- \/ Yoast SEO plugin. -->","yoast_head_json":{"title":"El indulto a Fujimori, una decisi\u00f3n equivocada","description":"Por: Centro de Estudios Humanistas Nueva Civilizaci\u00f3n La excarcelaci\u00f3n del expresidente Fujimori, condenado por delitos de lesa humanidad debido a la","robots":{"index":"index","follow":"follow","max-snippet":"max-snippet:-1","max-image-preview":"max-image-preview:large","max-video-preview":"max-video-preview:-1"},"canonical":"https:\/\/www.pressenza.com\/es\/2023\/12\/el-indulto-a-fujimori-una-decision-equivocada\/","og_locale":"es_ES","og_type":"article","og_title":"El indulto a Fujimori, una decisi\u00f3n equivocada","og_description":"Por: Centro de Estudios Humanistas Nueva Civilizaci\u00f3n La excarcelaci\u00f3n del expresidente Fujimori, condenado por delitos de lesa humanidad debido a la","og_url":"https:\/\/www.pressenza.com\/es\/2023\/12\/el-indulto-a-fujimori-una-decision-equivocada\/","og_site_name":"Pressenza","article_publisher":"https:\/\/www.facebook.com\/PressenzaItalia","article_published_time":"2023-12-16T22:47:14+00:00","og_image":[{"width":1000,"height":666,"url":"https:\/\/www.pressenza.com\/wp-content\/uploads\/2023\/12\/WhatsApp-Image-2023-12-16-at-4.19.23-PM.jpeg","type":"image\/jpeg"}],"author":"Redacci\u00f3n Per\u00fa","twitter_card":"summary_large_image","twitter_creator":"@PressenzaIPA","twitter_site":"@PressenzaIPA","twitter_misc":{"Escrito por":"Redacci\u00f3n Per\u00fa","Tiempo de lectura":"4 minutos"},"schema":{"@context":"https:\/\/schema.org","@graph":[{"@type":"Article","@id":"https:\/\/www.pressenza.com\/es\/2023\/12\/el-indulto-a-fujimori-una-decision-equivocada\/#article","isPartOf":{"@id":"https:\/\/www.pressenza.com\/es\/2023\/12\/el-indulto-a-fujimori-una-decision-equivocada\/"},"author":{"name":"Redacci\u00f3n Per\u00fa","@id":"https:\/\/www.pressenza.com\/es\/#\/schema\/person\/e86c29a41185b85084a478822f5de81b"},"headline":"El indulto a Fujimori, una decisi\u00f3n equivocada","datePublished":"2023-12-16T22:47:14+00:00","mainEntityOfPage":{"@id":"https:\/\/www.pressenza.com\/es\/2023\/12\/el-indulto-a-fujimori-una-decision-equivocada\/"},"wordCount":734,"publisher":{"@id":"https:\/\/www.pressenza.com\/es\/#organization"},"image":{"@id":"https:\/\/www.pressenza.com\/es\/2023\/12\/el-indulto-a-fujimori-una-decision-equivocada\/#primaryimage"},"thumbnailUrl":"https:\/\/www.pressenza.com\/wp-content\/uploads\/2023\/12\/WhatsApp-Image-2023-12-16-at-4.19.23-PM.jpeg","articleSection":["Derechos Humanos","Noviolencia","Pol\u00edtica","Sudam\u00e9rica"],"inLanguage":"es"},{"@type":"WebPage","@id":"https:\/\/www.pressenza.com\/es\/2023\/12\/el-indulto-a-fujimori-una-decision-equivocada\/","url":"https:\/\/www.pressenza.com\/es\/2023\/12\/el-indulto-a-fujimori-una-decision-equivocada\/","name":"El indulto a Fujimori, una decisi\u00f3n equivocada","isPartOf":{"@id":"https:\/\/www.pressenza.com\/es\/#website"},"primaryImageOfPage":{"@id":"https:\/\/www.pressenza.com\/es\/2023\/12\/el-indulto-a-fujimori-una-decision-equivocada\/#primaryimage"},"image":{"@id":"https:\/\/www.pressenza.com\/es\/2023\/12\/el-indulto-a-fujimori-una-decision-equivocada\/#primaryimage"},"thumbnailUrl":"https:\/\/www.pressenza.com\/wp-content\/uploads\/2023\/12\/WhatsApp-Image-2023-12-16-at-4.19.23-PM.jpeg","datePublished":"2023-12-16T22:47:14+00:00","description":"Por: Centro de Estudios Humanistas Nueva Civilizaci\u00f3n La excarcelaci\u00f3n del expresidente Fujimori, condenado por delitos de lesa humanidad debido a la","breadcrumb":{"@id":"https:\/\/www.pressenza.com\/es\/2023\/12\/el-indulto-a-fujimori-una-decision-equivocada\/#breadcrumb"},"inLanguage":"es","potentialAction":[{"@type":"ReadAction","target":["https:\/\/www.pressenza.com\/es\/2023\/12\/el-indulto-a-fujimori-una-decision-equivocada\/"]}]},{"@type":"ImageObject","inLanguage":"es","@id":"https:\/\/www.pressenza.com\/es\/2023\/12\/el-indulto-a-fujimori-una-decision-equivocada\/#primaryimage","url":"https:\/\/www.pressenza.com\/wp-content\/uploads\/2023\/12\/WhatsApp-Image-2023-12-16-at-4.19.23-PM.jpeg","contentUrl":"https:\/\/www.pressenza.com\/wp-content\/uploads\/2023\/12\/WhatsApp-Image-2023-12-16-at-4.19.23-PM.jpeg","width":1000,"height":666,"caption":"Deudos de las matanzas en La Cantuta y Barrios Altos."},{"@type":"BreadcrumbList","@id":"https:\/\/www.pressenza.com\/es\/2023\/12\/el-indulto-a-fujimori-una-decision-equivocada\/#breadcrumb","itemListElement":[{"@type":"ListItem","position":1,"name":"Accueil","item":"https:\/\/www.pressenza.com\/es\/"},{"@type":"ListItem","position":2,"name":"El indulto a Fujimori, una decisi\u00f3n equivocada"}]},{"@type":"WebSite","@id":"https:\/\/www.pressenza.com\/es\/#website","url":"https:\/\/www.pressenza.com\/es\/","name":"Pressenza","description":"International Press Agency","publisher":{"@id":"https:\/\/www.pressenza.com\/es\/#organization"},"potentialAction":[{"@type":"SearchAction","target":{"@type":"EntryPoint","urlTemplate":"https:\/\/www.pressenza.com\/es\/?s={search_term_string}"},"query-input":{"@type":"PropertyValueSpecification","valueRequired":true,"valueName":"search_term_string"}}],"inLanguage":"es"},{"@type":"Organization","@id":"https:\/\/www.pressenza.com\/es\/#organization","name":"Pressenza","url":"https:\/\/www.pressenza.com\/es\/","logo":{"@type":"ImageObject","inLanguage":"es","@id":"https:\/\/www.pressenza.com\/es\/#\/schema\/logo\/image\/","url":"https:\/\/www.pressenza.com\/wp-content\/uploads\/2022\/10\/pressenza_logo_200x200.jpg","contentUrl":"https:\/\/www.pressenza.com\/wp-content\/uploads\/2022\/10\/pressenza_logo_200x200.jpg","width":200,"height":200,"caption":"Pressenza"},"image":{"@id":"https:\/\/www.pressenza.com\/es\/#\/schema\/logo\/image\/"},"sameAs":["https:\/\/www.facebook.com\/PressenzaItalia","https:\/\/x.com\/PressenzaIPA"]},{"@type":"Person","@id":"https:\/\/www.pressenza.com\/es\/#\/schema\/person\/e86c29a41185b85084a478822f5de81b","name":"Redacci\u00f3n Per\u00fa","description":"News published by the Pressenza bureau in Peru","url":"https:\/\/www.pressenza.com\/es\/author\/redaccion-peru\/"}]}},"place":"","original_article_url":"","_links":{"self":[{"href":"https:\/\/www.pressenza.com\/es\/wp-json\/wp\/v2\/posts\/1788361","targetHints":{"allow":["GET"]}}],"collection":[{"href":"https:\/\/www.pressenza.com\/es\/wp-json\/wp\/v2\/posts"}],"about":[{"href":"https:\/\/www.pressenza.com\/es\/wp-json\/wp\/v2\/types\/post"}],"author":[{"embeddable":true,"href":"https:\/\/www.pressenza.com\/es\/wp-json\/wp\/v2\/users\/831"}],"replies":[{"embeddable":true,"href":"https:\/\/www.pressenza.com\/es\/wp-json\/wp\/v2\/comments?post=1788361"}],"version-history":[{"count":0,"href":"https:\/\/www.pressenza.com\/es\/wp-json\/wp\/v2\/posts\/1788361\/revisions"}],"wp:featuredmedia":[{"embeddable":true,"href":"https:\/\/www.pressenza.com\/es\/wp-json\/wp\/v2\/media\/1788365"}],"wp:attachment":[{"href":"https:\/\/www.pressenza.com\/es\/wp-json\/wp\/v2\/media?parent=1788361"}],"wp:term":[{"taxonomy":"category","embeddable":true,"href":"https:\/\/www.pressenza.com\/es\/wp-json\/wp\/v2\/categories?post=1788361"},{"taxonomy":"post_tag","embeddable":true,"href":"https:\/\/www.pressenza.com\/es\/wp-json\/wp\/v2\/tags?post=1788361"}],"curies":[{"name":"wp","href":"https:\/\/api.w.org\/{rel}","templated":true}]}}