{"id":1788233,"date":"2023-12-16T01:27:23","date_gmt":"2023-12-16T01:27:23","guid":{"rendered":"https:\/\/www.pressenza.com\/?p=1788233"},"modified":"2023-12-16T01:29:49","modified_gmt":"2023-12-16T01:29:49","slug":"mientras-mas-se-ensenorea-la-violencia-manilo-monteverdes-necesario-se-hace-el-humanismo","status":"publish","type":"post","link":"https:\/\/www.pressenza.com\/es\/2023\/12\/mientras-mas-se-ensenorea-la-violencia-manilo-monteverdes-necesario-se-hace-el-humanismo\/","title":{"rendered":"Mientras m\u00e1s se ense\u00f1orea la violencia, m\u00e1s necesario se hace el humanismo."},"content":{"rendered":"<p><strong>Justo antes de que Chile viva su segundo plebiscito ratificatorio sobre la Constituci\u00f3n, conversamos con Efren Osorio, Secretario General del partido Acci\u00f3n Humanista. Efren nos recibe en su oficina y sonr\u00ede cuando le mencionamos lo acertado que han sido sus an\u00e1lisis pol\u00edticos y electorales, incluyendo la \u00faltima elecci\u00f3n de convencionales de mayo pasado, cuando proyect\u00f3 con gran precisi\u00f3n el triunfo arrollador de la ultraderecha y que las coaliciones de gobierno no alcanzar\u00edan el quorum m\u00ednimo de 21 consejeros, \u201cme he transformado en el agorero de las derrotas\u201d, responde con humor. \u00a0\u00a0Efren ha sido un persistente constructor de arraigos (lo que hoy se denomina como \u00abterritorios\u00bb), con sello humanista y silo\u00edsta. Lo ha hecho en comunas como San Bernardo y \u00faltimamente se ha dedicado apoyar procesos similares en que nuevas generaciones de humanistas intentan replicar experiencias parecidas en otros puntos geogr\u00e1ficos. Y ese es uno de sus temas centrales: la importancia del trabajo territorial para las fuerzas de izquierdas y progresistas.<\/strong><\/p>\n<p><strong>\u00bfC\u00f3mo ves la elecci\u00f3n del domingo a la luz del actual contexto latinoamericano, el avance conservador y la elecci\u00f3n de Milei en Argentina? <\/strong><\/p>\n<p>Tenemos que recordar que la izquierda y el progresismo chileno vienen de dos derrotas electorales muy fuertes, muy grandes, que pusieron un freno a todo el proceso de transformaciones que se ven\u00eda desarrollando despu\u00e9s del desborde social de octubre del 2019, y lo peor es que estas derrotas no fueron con la derecha tradicional sino con la ultraderecha. Si a eso le sumamos el contexto latinoamericano, donde Milei acaba de triunfar abrumadoramente, va mostrando una tendencia latinoamericana y tambi\u00e9n mundial. Tenemos el avance de la ultraderecha en Italia, en Espa\u00f1a, Trump que sigue avanzando con mucha fuerza en USA, Bukele en El Salvador, Turqu\u00eda, entonces es un contexto complejo a nivel mundial que a mi juicio proviene de dos grandes crisis, la crisis del neoliberalismo y la crisis de la socialdemocracia. Y ese vac\u00edo que dejan estas dos crisis y que las izquierdas no fueron capaces de ocupar ha dado la oportunidad para la irrupci\u00f3n de la ultraderecha. Ah\u00ed hay mucha evaluaci\u00f3n y autocr\u00edtica que hacer. A m\u00ed no me gusta cuando se le echa la culpa de las derrotas a la prensa de derecha, sabemos que la prensa derecha siempre va a mentir, y por tanto es un dato de la causa. El punto es c\u00f3mo las izquierdas y los progresismos logramos superar tales mentiras y logramos generar confianza en los sectores populares, c\u00f3mo logramos recuperar la credibilidad, y ah\u00ed hay que plantearse en t\u00e9rminos de qu\u00e9 pasa con las urgencias sociales y si el discurso y el accionar de los gobiernos y partidos de izquierda est\u00e1n sintonizadas con tales urgencias, qu\u00e9 pasa en algunos partidos de izquierda que aparecen \u00a0vinculados a la corrupci\u00f3n, lo que \u00a0ha sido muy nocivo \u00a0para los proyectos transformadores. Entonces, los sectores populares y la clases medias precarizadas est\u00e1n a la espera de soluciones concretas a sus urgencias cotidianas y las izquierdas no hemos sido capaces de darlas.<\/p>\n<p>Ahora bien, nosotros esperamos que este domingo el <strong>\u201cEn contra\u201d<\/strong> triunfe, rechazando la propuesta de constituci\u00f3n que redact\u00f3 la ultraderecha ac\u00e1 en Chile, que es nefasta, peor que la que hizo Pinochet. Pero el resultado es bien incierto, pues durante los \u00faltimos d\u00edas los ataques han sido feroces, en una verdadera operaci\u00f3n de lawfare, la fiscal\u00eda activ\u00f3 un caso de corrupci\u00f3n donde aparecen lamentables vinculaciones de un importante partido de gobierno y la prensa hegem\u00f3nica se ha dado un verdadero fest\u00edn con la noticia. \u00a0\u00a0De aprobarse este texto constitucional ultraconservador ser\u00e1 una derrota por knock out en contra de los sectores democr\u00e1ticos de Chile, mucho peor que el triunfo de Milei en Argentina. Por otro lado, un eventual triunfo del \u00a0\u201cEn Contra\u201d rechazando la propuesta constitucional, ser\u00eda una derrota para la derecha y la ultraderecha \u00a0pero no necesariamente un triunfo de la izquierda, solo ser\u00eda un peque\u00f1o respiro, ni siquiera un alto en el recodo del r\u00edo, ni siquiera alcanza para eso, ser\u00e1 solo un peque\u00f1o respiro dentro de un tsunami que nos envuelve y que nos permitir\u00eda por unos instantes sacar la boca para respirar, entonces debemos aprovechar esta transitoria bocanada de aire para reconstituirnos y recuperar fuerza, pero ser\u00eda un nuevo error pensar que un buen resultado en el plebiscito constituye un triunfo para las fuerzas democr\u00e1ticas.<\/p>\n<p><strong>En esta autocr\u00edtica \u00bfpodemos decir que la izquierda fracas\u00f3 en sus intentos? <\/strong><\/p>\n<p>S\u00ed, hay un fracaso y hay que reconocerlo. La \u00fanica posibilidad de enmendar rumbo es asumir los fracasos. Y yo creo que fracas\u00f3 la izquierda pol\u00edtica y tambi\u00e9n la izquierda social. Fracasamos, hablar\u00eda en primera persona plural, y fracasamos porque, a mi juicio, el diagn\u00f3stico que hicimos del desborde social de octubre del 2019 y a la luz de lo que ha pasado despu\u00e9s, estuvo equivocado. Nos equivocamos y pensamos que ese malestar, esa bronca que se expres\u00f3 de manera tan fuerte en las calles, en gran parte de manera no violenta, pensamos que esa bronca era la expresi\u00f3n de un momento cercano a un momento pre revolucionario, una cr\u00edtica y una superaci\u00f3n del modelo neoliberal. Pero en realidad la gente estaba cansada de los abusos y privilegios de unos pocos, pero no necesariamente del modelo. Este modelo ha permeado hasta el sustrato cultural de nuestro pueblo y hay que asumirlo, para desde ah\u00ed empezar a recambiar ese sustrato. Evidencia de esto hay mucha, por ejemplo, la defensa de los colegios subvencionados por los sectores populares y las clases medias precarizadas. En el tema de las pensiones, penetr\u00f3 muy fuerte \u00a0la campa\u00f1a de la derecha \u00a0\u201ccon mi platita no!!\u201d como defensa de la cotizaci\u00f3n individual por sobre un sistema previsional de reparto solidario. En fin, creo que las izquierdas, sociales y pol\u00edticas, tenemos que asumir el fracaso y desde ah\u00ed empezar la reconstrucci\u00f3n de un proyecto de izquierda popular. Y ese fracaso est\u00e1 relacionado con la gran desconexi\u00f3n que hay entre las izquierdas y los sectores populares. Los sectores populares est\u00e1n abandonados, no estamos arraigados, ning\u00fan partido ni siquiera los llamados movimientos sociales tienen un car\u00e1cter realmente popular. Antiguamente, en todos los barrios populares \u00a0te encontrabas con sedes, c\u00e9lulas o bases de los partidos de izquierda y una capilla con un cura obrero predicando . Y ahora vemos que en los sectores populares, no existen los partidos de izquierda, pero encontramos al pastor evang\u00e9lico, muchas veces vinculado al discurso de la ultraderecha, tambi\u00e9n encontramos al narco que da cierta \u201cprotecci\u00f3n\u201d y los matinales de tv que manipulan entrando al dormitorio de los sectores populares. Pero la izquierda y los progresismos no estamos, no somos parte del mundo popular, y cuando hay alcaldes y\/o concejales de izquierda entonces encontramos un trabajo m\u00e1s bien clientelar, alejado de un proyecto de empoderamiento territorial. Y ah\u00ed hay una autocr\u00edtica que hay que hacerse con mucha fuerza. Creo que hay un problema y es que las izquierdas y los progresismos nos hemos transformados en <strong><em>una izquierda sin pueblo<\/em><\/strong> y una izquierda sin pueblo est\u00e1 condenada a fracasar.<\/p>\n<p><strong>Efr\u00e9n, para nuestros lectores latinoamericano, \u00bfc\u00f3mo se explica que Chile, en apenas cuatro a\u00f1os, haya pasado de posibilidades de cambios profundos a estar discutiendo una constituci\u00f3n peor que la de Pinochet?.<\/strong><\/p>\n<p>La \u00fanica forma de responderlo es volviendo a octubre de 2019, tal como lo dec\u00eda anteriormente, hay un mal diagn\u00f3stico, las izquierdas y los progresismos, pensamos que la gente quer\u00eda un cambio de ra\u00edz del modelo y en realidad solo estaba cansada de los abusos y los privilegios. Dicho en clave \u201corteguiana\u201d, la gran bronca que se expres\u00f3 fue en contra de los <strong>abusos<\/strong> pero no en contra de los <strong>usos<\/strong> del modelo neoliberal. \u00a0Y esa confusi\u00f3n o mal diagn\u00f3stico llev\u00f3 a una cierta embriaguez en algunos sectores pol\u00edticos y sociales, una embriaguez con el estallido, algunos pensaban que estaban en Chiapas <strong>\u00a0<\/strong>y ya se cre\u00edan el subcomandante Marcos. Si bien es cierto la mayor\u00eda del movimiento fue un movimiento no violento, hubo tambi\u00e9n excesos y una suerte de romantizaci\u00f3n de la violencia, saqueos no solo de las grandes cadenas de supermercados sino de peque\u00f1os negocios que traumaron a mucha gente, no solo de clase media sino tambi\u00e9n de los sectores populares. Saqueos que muchas veces fueron inducidos o tolerados por las fuerzas policiales pues sab\u00edan muy bien que eso iba a espantar a mucha gente. Entonces, a mi juicio hubo un mal diagn\u00f3stico y una cierta embriaguez por el desborde social, ese octubre del 2019 fue muy potente, muy fuerte, pero le atribuimos un sello ideol\u00f3gico, que a la luz de lo que ha pasado despu\u00e9s, estaba equivocado.<\/p>\n<p><strong>Acci\u00f3n Humanista es parte del gobierno del presidente Boric. Despu\u00e9s del plebiscito de este domingo, \u00bfseguir\u00e1n apoyando al gobierno del presidente Boric? \u00bfpor qu\u00e9? <\/strong><\/p>\n<p>En este contexto de avance de la ultraderecha creemos que un eventual fracaso del actual gobierno ser\u00eda la puerta de entrada de la ultraderecha. Para graficarlo de mejor forma: para la segunda vuelta presidencial del a\u00f1o 2000, entre Lagos o Lav\u00edn, nosotros fuimos activistas del voto nulo pues entend\u00edamos que ambos exponentes eran parte de una democracia, limitada, restringida, liberal o burguesa si quieres llamarla de otro modo, pero finalmente parte de una democracia. Pero en el caso de la ultraderecha, no tiene absolutamente ning\u00fan sello democr\u00e1tico, por el contrario, ellos usan la democracia para llegar al poder y no soltarlo m\u00e1s. Entonces vamos a seguir apoyando este gobierno, pero creo que se hace \u00a0imperativo elevar el volumen de la voz humanista. \u00a0Hay ciertas situaciones que se vuelven intolerables: Los olvidos con la agenda medioambiental o la deuda estudiantil, por mencionar un par. Hay temas que eran estrat\u00e9gicos, que por distintas razones, justificadas o no, han quedado postergados y este gobierno tiene que ser capaz de salir con mucha fuerza dando las se\u00f1ales claritas en esa direcci\u00f3n, remarcando que si no se avanza es producto de la derecha, pero tiene que notarse con claridad \u00a0la voluntad de avanzar y ah\u00ed es donde ha faltado, a mi juicio, mayor complicidad con el mundo social. Gran parte del accionar del gobierno se dedica al pirquineo de votos en el parlamento. Un parlamento donde somos minor\u00eda y la \u00fanica forma de cambiar tal correlaci\u00f3n de fuerzas es por presi\u00f3n popular, a veces pareciera que al gobierno le importara m\u00e1s el titular de El Mercurio que la opini\u00f3n de la gente que nos apoy\u00f3. Por otro lado, revisar la pol\u00edtica comunicacional del gobierno, pues no se ha sido capaz de mostrar lo que se ha hecho, que es bastante. Seguiremos en este gobierno, pero creo que los humanistas tenemos que empezar a hablar m\u00e1s fuerte, no por la chimuchina chica o la tontera de un cargo m\u00e1s o un cargo menos, sino por los temas que le duelen a la gente.<\/p>\n<p><strong>Se ve un panorama muy complejo, \u00bfc\u00f3mo se evita la llegada de la ultraderecha?<\/strong><\/p>\n<p>Nuestra mirada es que el freno a la ultraderecha tiene que darse con mucha convergencia de las izquierdas y los sectores progresistas. Pero esa unidad, esa convergencia tiene que ser en torno a transformaciones profundas que modifiquen la vida cotidiana de la gente. Es decir, que la gente pueda llegar a fin de mes, que la gente pueda educar a sus hijos de buena manera, que la gente pueda cuidar a sus padres, y que cada trabajador sepa que trabajando honradamente va a tener una jubilaci\u00f3n m\u00e1s o menos digna. Son cuatro cosas aparentemente simples, pero que en t\u00e9rminos de pol\u00edticas p\u00fablicas son muy complejas. Pero si la gente nos ve comprometidos y trabajando en esa direcci\u00f3n y no en componendas con la derecha o vinculados a la corrupci\u00f3n, podremos avanzar, de otro modo la verdad es que es muy dif\u00edcil. Entonces el desaf\u00edo para nosotros como coalici\u00f3n de izquierda y gobierno, es c\u00f3mo nos ganamos el coraz\u00f3n de la gente y c\u00f3mo recuperamos la esperanza. La disputa tiene que ver justamente con esa esperanza que la gente ha ido perdiendo y hay que asumirla. Esa esperanza estuvo con este gobierno y al poco andar, por distintos errores, esa esperanza se frustr\u00f3. Y no hay nada peor que un pueblo frustrado, entonces tenemos que hacer la autocr\u00edtica con sinceridad y mostrar con claridad nuestra vocaci\u00f3n de transformaciones. Y eso no tiene que ver con decir aquello que a la elite le guste, tiene que ver con el real compromiso con las necesidades m\u00e1s urgentes de la gente. Las izquierdas se ven en disputas peque\u00f1as y rid\u00edculas en el parlamento, muy alejada de los arraigos territoriales. Entonces los sectores populares no nos ven como aliados, no nos ven como herramientas de cambio, nos ven muy alejados porque nos ven discutiendo en t\u00e9rminos pol\u00edticos y no en el arraigo. La gente tiene que ver que hay un compromiso sincero y profundo con superar sus dificultades cotidianas. En resumen, las izquierdas necesitan m\u00e1s arraigos y menos parlamento. Como dec\u00eda nuestra ex diputada Laura Rodr\u00edguez: \u201cDe espalda al parlamento y de cara a la gente\u201d.<\/p>\n<p><strong>A prop\u00f3sito de la frustraci\u00f3n de la que habla, sabemos que pegadito con la frustraci\u00f3n viene el resentimiento. \u00bfT\u00fa crees que es posible salir, que todav\u00eda no entramos en la fase de resentimiento del pueblo? Y si estamos en la fase de resentimiento, \u00bfser\u00e1 posible salir con se\u00f1ales como t\u00fa mencionas? <\/strong><\/p>\n<p>Creo que estamos en una fase muy cercana, si es que ya no estamos en tal fase. Uno va a los sectores populares y hay mucha rabia, hay una bronca fuerte. Los humanistas decimos que cuando cometes un error tienes que repararlo doblemente. Y yo creo que este gobierno y todos nosotros hemos cometido errores y hay que repararlos doblemente. Y eso significa, uno, que los sectores pol\u00edticos de izquierda, los partidos pol\u00edticos, recobremos el arraigo. Volvamos a trabajar en ese trabajo an\u00f3nimo, humilde y sentido, que no sale en las c\u00e1maras de televisi\u00f3n, pero que es tremendamente importante para reconstruir el tejido social. Esa frase tan antigua que hasta parece un clich\u00e9, pero que tiene una tremenda profundidad. Segundo, tenemos que ser capaces de mostrar una meta y un objetivo para el corto plazo. No podemos estar ofreciendo solo sue\u00f1os a largo plazo, tambi\u00e9n tenemos que mostrar cuestiones muy concretas en el corto y mediano plazo. Y tercero, reci\u00e9n despu\u00e9s de lo anterior, tenemos que ser capaces, lo dice incluso Garc\u00eda Linera en Bolivia, de disputar la esperanza, tenemos que salir a disputar el futuro. Los humanistas sabemos que cuando el futuro se cierra, cuando no hay futuro, la violencia emerge con mucha fuerza. Entonces, mientras no seamos capaces de abrir futuro, de que las personas sepan que trabajando honradamente van a poder educar a sus hijos y van a poder vivir su vejez tranquilo, mientras no seamos capaces de garantizar eso, vamos a tener a un pueblo buscando mes\u00edas por uno y otro lado, pues la gente est\u00e1 tan desesperada que est\u00e1 buscando soluciones al ahora y no al pasado ma\u00f1ana.<\/p>\n<p><strong>Por \u00faltimo, Efren, para Acci\u00f3n Humanista como organizaci\u00f3n pol\u00edtica, \u00bfcu\u00e1les son sus principales desaf\u00edos en el ciclo electoral que viene? <\/strong><\/p>\n<p>Nosotros tenemos que legalizarnos en 6 o 7 regiones de modo de enfrentar las municipales de buena forma y elegir alcaldes, concejales y posteriormente parlamentarios. Un eventual triunfo en el plebiscito, ser\u00e1 apenas una bocanada de aire dentro de una ola que nos sigue arrastrando todav\u00eda y \u00a0nos puede volver a sumergir. Si esta bocanada de aire la tomamos bien y la llevamos a la profundidad de nuestros corazones, podemos pensar en un futuro distinto. Pero no podemos caer en la embriaguez del triunfo, o de que ac\u00e1 no hemos cometido errores y que toda la culpa la tienen por un lado los partidos pol\u00edticos o los movimientos sociales o los medios de comunicaci\u00f3n de derecha. El fracaso es de todos, pero no se trata de un fracaso culposo, tampoco de un fracaso que nos lleve a pasarnos factura entre unos y otros. El fracaso, en el sentido humanista, es liberador e inspirador pues nos permite romper con ese macabro bucle sinf\u00edn de la \u201crepetici\u00f3n\u201d, del eterno retorno de Nietzsche, abandonar a ese S\u00edsifo condenado eternamente por los dioses a subir la roca a la cima de la monta\u00f1a, para luego caer y as\u00ed volver a subir \u00a0una y otra vez. No es el mejor momento para Chile, Latinoam\u00e9rica o la Humanidad, es un momento muy cr\u00edtico, donde se comienzan a cuestionar avances civilizatorios que llevaron d\u00e9cadas y siglos de luchas, donde la vida de todas las especies vivientes est\u00e1 amenazada por el cambio clim\u00e1tico, donde incluso las nuevas \u00a0guerras ya no respetan ni siquiera las reglas de las antiguas guerras y nos horrorizan, donde las bandas criminales capturan ciudades e incluso pa\u00edses completos y mientras m\u00e1s se ense\u00f1orea la violencia, m\u00e1s necesario se hace el humanismo. Al mundo le hace falta humanismo, y desde esa profunda y sincera necesidad, que va mucho m\u00e1s all\u00e1 de la peque\u00f1a pol\u00edtica, los humanistas debemos buscar la inspiraci\u00f3n para llevar adelante nuestro accionar pol\u00edtico.<\/p>\n","protected":false},"excerpt":{"rendered":"<p>Justo antes de que Chile viva su segundo plebiscito ratificatorio sobre la Constituci\u00f3n, conversamos con Efren Osorio, Secretario General del partido Acci\u00f3n Humanista. Efren nos recibe en su oficina y sonr\u00ede cuando le mencionamos lo acertado que han sido sus&hellip;<\/p>\n","protected":false},"author":43,"featured_media":1788234,"comment_status":"closed","ping_status":"closed","sticky":false,"template":"","format":"standard","meta":{"footnotes":""},"categories":[11389,155,106739,74,67],"tags":[83230,29,403,1613],"class_list":["post-1788233","post","type-post","status-publish","format-standard","has-post-thumbnail","hentry","category-contenido-original","category-entrevistas","category-noticia","category-politica-es","category-sudamerica","tag-accion-humanista-es","tag-chile","tag-elecciones","tag-politica-es"],"yoast_head":"<!-- This site is optimized with the Yoast SEO plugin v27.1.1 - https:\/\/yoast.com\/product\/yoast-seo-wordpress\/ -->\n<title>Mientras m\u00e1s se ense\u00f1orea la violencia, m\u00e1s necesario se hace el humanismo.<\/title>\n<meta name=\"description\" content=\"Justo antes de que Chile viva su segundo plebiscito ratificatorio sobre la Constituci\u00f3n, conversamos con Efren Osorio, Secretario General del partido\" \/>\n<meta name=\"robots\" content=\"index, follow, max-snippet:-1, max-image-preview:large, max-video-preview:-1\" \/>\n<link rel=\"canonical\" href=\"https:\/\/www.pressenza.com\/es\/2023\/12\/mientras-mas-se-ensenorea-la-violencia-manilo-monteverdes-necesario-se-hace-el-humanismo\/\" \/>\n<meta property=\"og:locale\" content=\"es_ES\" \/>\n<meta property=\"og:type\" content=\"article\" \/>\n<meta property=\"og:title\" content=\"Mientras m\u00e1s se ense\u00f1orea la violencia, m\u00e1s necesario se hace el humanismo.\" \/>\n<meta property=\"og:description\" content=\"Justo antes de que Chile viva su segundo plebiscito ratificatorio sobre la Constituci\u00f3n, conversamos con Efren Osorio, Secretario General del partido\" \/>\n<meta property=\"og:url\" content=\"https:\/\/www.pressenza.com\/es\/2023\/12\/mientras-mas-se-ensenorea-la-violencia-manilo-monteverdes-necesario-se-hace-el-humanismo\/\" \/>\n<meta property=\"og:site_name\" content=\"Pressenza\" \/>\n<meta property=\"article:publisher\" content=\"https:\/\/www.facebook.com\/PressenzaItalia\" \/>\n<meta property=\"article:author\" content=\"https:\/\/www.facebook.com\/pressenza\" \/>\n<meta property=\"article:published_time\" content=\"2023-12-16T01:27:23+00:00\" \/>\n<meta property=\"article:modified_time\" content=\"2023-12-16T01:29:49+00:00\" \/>\n<meta property=\"og:image\" content=\"https:\/\/www.pressenza.com\/wp-content\/uploads\/2023\/12\/Imagen-de-WhatsApp-2023-12-15-a-las-14.21.11_2a4dc305.jpg\" \/>\n\t<meta property=\"og:image:width\" content=\"470\" \/>\n\t<meta property=\"og:image:height\" content=\"470\" \/>\n\t<meta property=\"og:image:type\" content=\"image\/jpeg\" \/>\n<meta name=\"author\" content=\"Redacci\u00f3n Chile\" \/>\n<meta name=\"twitter:card\" content=\"summary_large_image\" \/>\n<meta name=\"twitter:creator\" content=\"@pressenza\" \/>\n<meta name=\"twitter:site\" content=\"@PressenzaIPA\" \/>\n<meta name=\"twitter:label1\" content=\"Escrito por\" \/>\n\t<meta name=\"twitter:data1\" content=\"Redacci\u00f3n Chile\" \/>\n\t<meta name=\"twitter:label2\" content=\"Tiempo de lectura\" \/>\n\t<meta name=\"twitter:data2\" content=\"13 minutos\" \/>\n<script type=\"application\/ld+json\" class=\"yoast-schema-graph\">{\"@context\":\"https:\/\/schema.org\",\"@graph\":[{\"@type\":\"Article\",\"@id\":\"https:\/\/www.pressenza.com\/es\/2023\/12\/mientras-mas-se-ensenorea-la-violencia-manilo-monteverdes-necesario-se-hace-el-humanismo\/#article\",\"isPartOf\":{\"@id\":\"https:\/\/www.pressenza.com\/es\/2023\/12\/mientras-mas-se-ensenorea-la-violencia-manilo-monteverdes-necesario-se-hace-el-humanismo\/\"},\"author\":{\"name\":\"Redacci\u00f3n Chile\",\"@id\":\"https:\/\/www.pressenza.com\/es\/#\/schema\/person\/d7db40df35d6698ba69ba9ee260944ed\"},\"headline\":\"Mientras m\u00e1s se ense\u00f1orea la violencia, m\u00e1s necesario se hace el humanismo.\",\"datePublished\":\"2023-12-16T01:27:23+00:00\",\"dateModified\":\"2023-12-16T01:29:49+00:00\",\"mainEntityOfPage\":{\"@id\":\"https:\/\/www.pressenza.com\/es\/2023\/12\/mientras-mas-se-ensenorea-la-violencia-manilo-monteverdes-necesario-se-hace-el-humanismo\/\"},\"wordCount\":2994,\"publisher\":{\"@id\":\"https:\/\/www.pressenza.com\/es\/#organization\"},\"image\":{\"@id\":\"https:\/\/www.pressenza.com\/es\/2023\/12\/mientras-mas-se-ensenorea-la-violencia-manilo-monteverdes-necesario-se-hace-el-humanismo\/#primaryimage\"},\"thumbnailUrl\":\"https:\/\/www.pressenza.com\/wp-content\/uploads\/2023\/12\/Imagen-de-WhatsApp-2023-12-15-a-las-14.21.11_2a4dc305.jpg\",\"keywords\":[\"Acci\u00f3n Humanista\",\"Chile\",\"elecciones\",\"pol\u00edtica\"],\"articleSection\":[\"Contenido Original\",\"Entrevistas\",\"Noticia\",\"Pol\u00edtica\",\"Sudam\u00e9rica\"],\"inLanguage\":\"es\"},{\"@type\":\"WebPage\",\"@id\":\"https:\/\/www.pressenza.com\/es\/2023\/12\/mientras-mas-se-ensenorea-la-violencia-manilo-monteverdes-necesario-se-hace-el-humanismo\/\",\"url\":\"https:\/\/www.pressenza.com\/es\/2023\/12\/mientras-mas-se-ensenorea-la-violencia-manilo-monteverdes-necesario-se-hace-el-humanismo\/\",\"name\":\"Mientras m\u00e1s se ense\u00f1orea la violencia, m\u00e1s necesario se hace el humanismo.\",\"isPartOf\":{\"@id\":\"https:\/\/www.pressenza.com\/es\/#website\"},\"primaryImageOfPage\":{\"@id\":\"https:\/\/www.pressenza.com\/es\/2023\/12\/mientras-mas-se-ensenorea-la-violencia-manilo-monteverdes-necesario-se-hace-el-humanismo\/#primaryimage\"},\"image\":{\"@id\":\"https:\/\/www.pressenza.com\/es\/2023\/12\/mientras-mas-se-ensenorea-la-violencia-manilo-monteverdes-necesario-se-hace-el-humanismo\/#primaryimage\"},\"thumbnailUrl\":\"https:\/\/www.pressenza.com\/wp-content\/uploads\/2023\/12\/Imagen-de-WhatsApp-2023-12-15-a-las-14.21.11_2a4dc305.jpg\",\"datePublished\":\"2023-12-16T01:27:23+00:00\",\"dateModified\":\"2023-12-16T01:29:49+00:00\",\"description\":\"Justo antes de que Chile viva su segundo plebiscito ratificatorio sobre la Constituci\u00f3n, conversamos con Efren Osorio, Secretario General del partido\",\"breadcrumb\":{\"@id\":\"https:\/\/www.pressenza.com\/es\/2023\/12\/mientras-mas-se-ensenorea-la-violencia-manilo-monteverdes-necesario-se-hace-el-humanismo\/#breadcrumb\"},\"inLanguage\":\"es\",\"potentialAction\":[{\"@type\":\"ReadAction\",\"target\":[\"https:\/\/www.pressenza.com\/es\/2023\/12\/mientras-mas-se-ensenorea-la-violencia-manilo-monteverdes-necesario-se-hace-el-humanismo\/\"]}]},{\"@type\":\"ImageObject\",\"inLanguage\":\"es\",\"@id\":\"https:\/\/www.pressenza.com\/es\/2023\/12\/mientras-mas-se-ensenorea-la-violencia-manilo-monteverdes-necesario-se-hace-el-humanismo\/#primaryimage\",\"url\":\"https:\/\/www.pressenza.com\/wp-content\/uploads\/2023\/12\/Imagen-de-WhatsApp-2023-12-15-a-las-14.21.11_2a4dc305.jpg\",\"contentUrl\":\"https:\/\/www.pressenza.com\/wp-content\/uploads\/2023\/12\/Imagen-de-WhatsApp-2023-12-15-a-las-14.21.11_2a4dc305.jpg\",\"width\":470,\"height\":470},{\"@type\":\"BreadcrumbList\",\"@id\":\"https:\/\/www.pressenza.com\/es\/2023\/12\/mientras-mas-se-ensenorea-la-violencia-manilo-monteverdes-necesario-se-hace-el-humanismo\/#breadcrumb\",\"itemListElement\":[{\"@type\":\"ListItem\",\"position\":1,\"name\":\"Accueil\",\"item\":\"https:\/\/www.pressenza.com\/es\/\"},{\"@type\":\"ListItem\",\"position\":2,\"name\":\"Mientras m\u00e1s se ense\u00f1orea la violencia, m\u00e1s necesario se hace el humanismo.\"}]},{\"@type\":\"WebSite\",\"@id\":\"https:\/\/www.pressenza.com\/es\/#website\",\"url\":\"https:\/\/www.pressenza.com\/es\/\",\"name\":\"Pressenza\",\"description\":\"International Press Agency\",\"publisher\":{\"@id\":\"https:\/\/www.pressenza.com\/es\/#organization\"},\"potentialAction\":[{\"@type\":\"SearchAction\",\"target\":{\"@type\":\"EntryPoint\",\"urlTemplate\":\"https:\/\/www.pressenza.com\/es\/?s={search_term_string}\"},\"query-input\":{\"@type\":\"PropertyValueSpecification\",\"valueRequired\":true,\"valueName\":\"search_term_string\"}}],\"inLanguage\":\"es\"},{\"@type\":\"Organization\",\"@id\":\"https:\/\/www.pressenza.com\/es\/#organization\",\"name\":\"Pressenza\",\"url\":\"https:\/\/www.pressenza.com\/es\/\",\"logo\":{\"@type\":\"ImageObject\",\"inLanguage\":\"es\",\"@id\":\"https:\/\/www.pressenza.com\/es\/#\/schema\/logo\/image\/\",\"url\":\"https:\/\/www.pressenza.com\/wp-content\/uploads\/2022\/10\/pressenza_logo_200x200.jpg\",\"contentUrl\":\"https:\/\/www.pressenza.com\/wp-content\/uploads\/2022\/10\/pressenza_logo_200x200.jpg\",\"width\":200,\"height\":200,\"caption\":\"Pressenza\"},\"image\":{\"@id\":\"https:\/\/www.pressenza.com\/es\/#\/schema\/logo\/image\/\"},\"sameAs\":[\"https:\/\/www.facebook.com\/PressenzaItalia\",\"https:\/\/x.com\/PressenzaIPA\"]},{\"@type\":\"Person\",\"@id\":\"https:\/\/www.pressenza.com\/es\/#\/schema\/person\/d7db40df35d6698ba69ba9ee260944ed\",\"name\":\"Redacci\u00f3n Chile\",\"description\":\"News from the Pressenza Bureau in Chile\",\"sameAs\":[\"https:\/\/www.facebook.com\/pressenza\",\"https:\/\/x.com\/pressenza\"],\"url\":\"https:\/\/www.pressenza.com\/es\/author\/redaccion-chile\/\"}]}<\/script>\n<!-- \/ Yoast SEO plugin. -->","yoast_head_json":{"title":"Mientras m\u00e1s se ense\u00f1orea la violencia, m\u00e1s necesario se hace el humanismo.","description":"Justo antes de que Chile viva su segundo plebiscito ratificatorio sobre la Constituci\u00f3n, conversamos con Efren Osorio, Secretario General del partido","robots":{"index":"index","follow":"follow","max-snippet":"max-snippet:-1","max-image-preview":"max-image-preview:large","max-video-preview":"max-video-preview:-1"},"canonical":"https:\/\/www.pressenza.com\/es\/2023\/12\/mientras-mas-se-ensenorea-la-violencia-manilo-monteverdes-necesario-se-hace-el-humanismo\/","og_locale":"es_ES","og_type":"article","og_title":"Mientras m\u00e1s se ense\u00f1orea la violencia, m\u00e1s necesario se hace el humanismo.","og_description":"Justo antes de que Chile viva su segundo plebiscito ratificatorio sobre la Constituci\u00f3n, conversamos con Efren Osorio, Secretario General del partido","og_url":"https:\/\/www.pressenza.com\/es\/2023\/12\/mientras-mas-se-ensenorea-la-violencia-manilo-monteverdes-necesario-se-hace-el-humanismo\/","og_site_name":"Pressenza","article_publisher":"https:\/\/www.facebook.com\/PressenzaItalia","article_author":"https:\/\/www.facebook.com\/pressenza","article_published_time":"2023-12-16T01:27:23+00:00","article_modified_time":"2023-12-16T01:29:49+00:00","og_image":[{"width":470,"height":470,"url":"https:\/\/www.pressenza.com\/wp-content\/uploads\/2023\/12\/Imagen-de-WhatsApp-2023-12-15-a-las-14.21.11_2a4dc305.jpg","type":"image\/jpeg"}],"author":"Redacci\u00f3n Chile","twitter_card":"summary_large_image","twitter_creator":"@pressenza","twitter_site":"@PressenzaIPA","twitter_misc":{"Escrito por":"Redacci\u00f3n Chile","Tiempo de lectura":"13 minutos"},"schema":{"@context":"https:\/\/schema.org","@graph":[{"@type":"Article","@id":"https:\/\/www.pressenza.com\/es\/2023\/12\/mientras-mas-se-ensenorea-la-violencia-manilo-monteverdes-necesario-se-hace-el-humanismo\/#article","isPartOf":{"@id":"https:\/\/www.pressenza.com\/es\/2023\/12\/mientras-mas-se-ensenorea-la-violencia-manilo-monteverdes-necesario-se-hace-el-humanismo\/"},"author":{"name":"Redacci\u00f3n Chile","@id":"https:\/\/www.pressenza.com\/es\/#\/schema\/person\/d7db40df35d6698ba69ba9ee260944ed"},"headline":"Mientras m\u00e1s se ense\u00f1orea la violencia, m\u00e1s necesario se hace el humanismo.","datePublished":"2023-12-16T01:27:23+00:00","dateModified":"2023-12-16T01:29:49+00:00","mainEntityOfPage":{"@id":"https:\/\/www.pressenza.com\/es\/2023\/12\/mientras-mas-se-ensenorea-la-violencia-manilo-monteverdes-necesario-se-hace-el-humanismo\/"},"wordCount":2994,"publisher":{"@id":"https:\/\/www.pressenza.com\/es\/#organization"},"image":{"@id":"https:\/\/www.pressenza.com\/es\/2023\/12\/mientras-mas-se-ensenorea-la-violencia-manilo-monteverdes-necesario-se-hace-el-humanismo\/#primaryimage"},"thumbnailUrl":"https:\/\/www.pressenza.com\/wp-content\/uploads\/2023\/12\/Imagen-de-WhatsApp-2023-12-15-a-las-14.21.11_2a4dc305.jpg","keywords":["Acci\u00f3n Humanista","Chile","elecciones","pol\u00edtica"],"articleSection":["Contenido Original","Entrevistas","Noticia","Pol\u00edtica","Sudam\u00e9rica"],"inLanguage":"es"},{"@type":"WebPage","@id":"https:\/\/www.pressenza.com\/es\/2023\/12\/mientras-mas-se-ensenorea-la-violencia-manilo-monteverdes-necesario-se-hace-el-humanismo\/","url":"https:\/\/www.pressenza.com\/es\/2023\/12\/mientras-mas-se-ensenorea-la-violencia-manilo-monteverdes-necesario-se-hace-el-humanismo\/","name":"Mientras m\u00e1s se ense\u00f1orea la violencia, m\u00e1s necesario se hace el humanismo.","isPartOf":{"@id":"https:\/\/www.pressenza.com\/es\/#website"},"primaryImageOfPage":{"@id":"https:\/\/www.pressenza.com\/es\/2023\/12\/mientras-mas-se-ensenorea-la-violencia-manilo-monteverdes-necesario-se-hace-el-humanismo\/#primaryimage"},"image":{"@id":"https:\/\/www.pressenza.com\/es\/2023\/12\/mientras-mas-se-ensenorea-la-violencia-manilo-monteverdes-necesario-se-hace-el-humanismo\/#primaryimage"},"thumbnailUrl":"https:\/\/www.pressenza.com\/wp-content\/uploads\/2023\/12\/Imagen-de-WhatsApp-2023-12-15-a-las-14.21.11_2a4dc305.jpg","datePublished":"2023-12-16T01:27:23+00:00","dateModified":"2023-12-16T01:29:49+00:00","description":"Justo antes de que Chile viva su segundo plebiscito ratificatorio sobre la Constituci\u00f3n, conversamos con Efren Osorio, Secretario General del partido","breadcrumb":{"@id":"https:\/\/www.pressenza.com\/es\/2023\/12\/mientras-mas-se-ensenorea-la-violencia-manilo-monteverdes-necesario-se-hace-el-humanismo\/#breadcrumb"},"inLanguage":"es","potentialAction":[{"@type":"ReadAction","target":["https:\/\/www.pressenza.com\/es\/2023\/12\/mientras-mas-se-ensenorea-la-violencia-manilo-monteverdes-necesario-se-hace-el-humanismo\/"]}]},{"@type":"ImageObject","inLanguage":"es","@id":"https:\/\/www.pressenza.com\/es\/2023\/12\/mientras-mas-se-ensenorea-la-violencia-manilo-monteverdes-necesario-se-hace-el-humanismo\/#primaryimage","url":"https:\/\/www.pressenza.com\/wp-content\/uploads\/2023\/12\/Imagen-de-WhatsApp-2023-12-15-a-las-14.21.11_2a4dc305.jpg","contentUrl":"https:\/\/www.pressenza.com\/wp-content\/uploads\/2023\/12\/Imagen-de-WhatsApp-2023-12-15-a-las-14.21.11_2a4dc305.jpg","width":470,"height":470},{"@type":"BreadcrumbList","@id":"https:\/\/www.pressenza.com\/es\/2023\/12\/mientras-mas-se-ensenorea-la-violencia-manilo-monteverdes-necesario-se-hace-el-humanismo\/#breadcrumb","itemListElement":[{"@type":"ListItem","position":1,"name":"Accueil","item":"https:\/\/www.pressenza.com\/es\/"},{"@type":"ListItem","position":2,"name":"Mientras m\u00e1s se ense\u00f1orea la violencia, m\u00e1s necesario se hace el humanismo."}]},{"@type":"WebSite","@id":"https:\/\/www.pressenza.com\/es\/#website","url":"https:\/\/www.pressenza.com\/es\/","name":"Pressenza","description":"International Press Agency","publisher":{"@id":"https:\/\/www.pressenza.com\/es\/#organization"},"potentialAction":[{"@type":"SearchAction","target":{"@type":"EntryPoint","urlTemplate":"https:\/\/www.pressenza.com\/es\/?s={search_term_string}"},"query-input":{"@type":"PropertyValueSpecification","valueRequired":true,"valueName":"search_term_string"}}],"inLanguage":"es"},{"@type":"Organization","@id":"https:\/\/www.pressenza.com\/es\/#organization","name":"Pressenza","url":"https:\/\/www.pressenza.com\/es\/","logo":{"@type":"ImageObject","inLanguage":"es","@id":"https:\/\/www.pressenza.com\/es\/#\/schema\/logo\/image\/","url":"https:\/\/www.pressenza.com\/wp-content\/uploads\/2022\/10\/pressenza_logo_200x200.jpg","contentUrl":"https:\/\/www.pressenza.com\/wp-content\/uploads\/2022\/10\/pressenza_logo_200x200.jpg","width":200,"height":200,"caption":"Pressenza"},"image":{"@id":"https:\/\/www.pressenza.com\/es\/#\/schema\/logo\/image\/"},"sameAs":["https:\/\/www.facebook.com\/PressenzaItalia","https:\/\/x.com\/PressenzaIPA"]},{"@type":"Person","@id":"https:\/\/www.pressenza.com\/es\/#\/schema\/person\/d7db40df35d6698ba69ba9ee260944ed","name":"Redacci\u00f3n Chile","description":"News from the Pressenza Bureau in Chile","sameAs":["https:\/\/www.facebook.com\/pressenza","https:\/\/x.com\/pressenza"],"url":"https:\/\/www.pressenza.com\/es\/author\/redaccion-chile\/"}]}},"place":"","original_article_url":"","_links":{"self":[{"href":"https:\/\/www.pressenza.com\/es\/wp-json\/wp\/v2\/posts\/1788233","targetHints":{"allow":["GET"]}}],"collection":[{"href":"https:\/\/www.pressenza.com\/es\/wp-json\/wp\/v2\/posts"}],"about":[{"href":"https:\/\/www.pressenza.com\/es\/wp-json\/wp\/v2\/types\/post"}],"author":[{"embeddable":true,"href":"https:\/\/www.pressenza.com\/es\/wp-json\/wp\/v2\/users\/43"}],"replies":[{"embeddable":true,"href":"https:\/\/www.pressenza.com\/es\/wp-json\/wp\/v2\/comments?post=1788233"}],"version-history":[{"count":0,"href":"https:\/\/www.pressenza.com\/es\/wp-json\/wp\/v2\/posts\/1788233\/revisions"}],"wp:featuredmedia":[{"embeddable":true,"href":"https:\/\/www.pressenza.com\/es\/wp-json\/wp\/v2\/media\/1788234"}],"wp:attachment":[{"href":"https:\/\/www.pressenza.com\/es\/wp-json\/wp\/v2\/media?parent=1788233"}],"wp:term":[{"taxonomy":"category","embeddable":true,"href":"https:\/\/www.pressenza.com\/es\/wp-json\/wp\/v2\/categories?post=1788233"},{"taxonomy":"post_tag","embeddable":true,"href":"https:\/\/www.pressenza.com\/es\/wp-json\/wp\/v2\/tags?post=1788233"}],"curies":[{"name":"wp","href":"https:\/\/api.w.org\/{rel}","templated":true}]}}