{"id":1787986,"date":"2023-12-14T21:06:44","date_gmt":"2023-12-14T21:06:44","guid":{"rendered":"https:\/\/www.pressenza.com\/?p=1787986"},"modified":"2023-12-14T21:06:44","modified_gmt":"2023-12-14T21:06:44","slug":"pressenza-asiste-a-reunion-con-importantes-dirigentes-del-pcc","status":"publish","type":"post","link":"https:\/\/www.pressenza.com\/es\/2023\/12\/pressenza-asiste-a-reunion-con-importantes-dirigentes-del-pcc\/","title":{"rendered":"Pressenza asiste a reuni\u00f3n con importantes dirigentes del PCC"},"content":{"rendered":"<p>A ra\u00edz de la visita a Chile del Director General de Comunicaciones del Comit\u00e9 Central del Partido Comunista de Chino y Portavoz del mismo, Hu Zhaoming, y del Director de la secci\u00f3n de Comunicaci\u00f3n Externa de la Direcci\u00f3n General de Comunicaciones, Hu Xiaodong, Pressenza fue invitada a sostener una reuni\u00f3n en las dependencias de la Embajada de China junto al Secretario General de Acci\u00f3n Humanista, Efren Osorio. Por parte de la agencia concurri\u00f3 la Co-Directora P\u00eda Figueroa. De la reuni\u00f3n tambi\u00e9n participaron Li Xiaojun, funcionaria de la Secci\u00f3n de Comunicaci\u00f3n Externa de la Direcci\u00f3n General de Comunicaciones, y Li Xin, funcionaria para el Cono Sur, Am\u00e9rica Latina y el Caribe.<\/p>\n<p>En dicho encuentro se analiz\u00f3 la situaci\u00f3n mundial, intercambiando acerca de la disputa por el relato y por el control de los medios de comunicaci\u00f3n, apuntando a sostener el mismo modelo de desarrollo impuesto hasta ahora, mientras que se invisibilizan los logros \u2013 por ejemplo &#8211; del desarrollo chino o los avances de las izquierdas latinoamericanas.<\/p>\n<p>En tanto los medios hegem\u00f3nicos sigan manipulando la informaci\u00f3n, distorsion\u00e1ndola o incluso inundando a las audiencias con noticias falsas, seguir\u00e1 imponi\u00e9ndose el relato propio del sistema occidental, mientras los hechos hacen evidente el avance de una multipolaridad pol\u00edtica, econ\u00f3mica y cultural. Necesitamos reforzar la comunicaci\u00f3n para darnos a entender y visibilizar los procesos nuevos; dar un empuje a estos medios independientes y tambi\u00e9n usar nuevas redes sociales, como es el caso de TicToc. Necesitamos reforzar el intercambio y la cooperaci\u00f3n entre medios no hegem\u00f3nicos, construyendo un mecanismo de colaboraci\u00f3n permanente.<\/p>\n<p>Se convers\u00f3 de la propuesta que desde hace m\u00e1s de una d\u00e9cada viene formulando el Presidente chino Xi Jinping, de Comunidades de Futuro Compartido para toda la Humanidad y se la compar\u00f3 con la propuesta del fil\u00f3sofo argentino Silo, de la construcci\u00f3n de una sola Naci\u00f3n Humana Universal, que constituye la aspiraci\u00f3n de los humanistas del mundo.<\/p>\n<p>Junto a la diplomacia china, su pol\u00edtica de independencia y autodeterminaci\u00f3n pueden ser los elementos claves que permitan asegurar la paz mundial, tan vapuleada hoy en d\u00eda. Esta construcci\u00f3n aboga por un mundo de paz duradera con una prosperidad com\u00fan, donde primen la apertura, la cooperaci\u00f3n y la inclusi\u00f3n, la belleza y la sustentabilidad.<\/p>\n<p>Se intercambi\u00f3 tambi\u00e9n acerca del proceso que las izquierdas deben hacer en Latinoam\u00e9rica a fin de no distanciarse de la base social toda vez que les toca asumir con sus cuadros la conducci\u00f3n de los gobiernos progresistas. En la oportunidad se se\u00f1al\u00f3 que es siempre necesario tener como primario la superaci\u00f3n de aquello que el pueblo rechaza contundentemente y orientarse hacia aquello que considera m\u00e1s valioso. Si la corrupci\u00f3n, por ejemplo, suscita el mayor rechazo, es necesario combartirla en todos sus frentes. Si el bienestar social constituye la principal aspiraci\u00f3n, entonces todos los esfuerzos pol\u00edticos deben orientarse a conseguirlo.<\/p>\n<p>Los lazos de amistad y entendimiento mutuo se vieron positivamente reforzados por esta visita y la calidad del intercambio en la reuni\u00f3n sostenida. El encuentro concluy\u00f3 con la promesa de volvernos a encontrar en el futuro cercano a fin de profundizar estas importantes materias.<\/p>\n","protected":false},"excerpt":{"rendered":"<p>A ra\u00edz de la visita a Chile del Director General de Comunicaciones del Comit\u00e9 Central del Partido Comunista de Chino y Portavoz del mismo, Hu Zhaoming, y del Director de la secci\u00f3n de Comunicaci\u00f3n Externa de la Direcci\u00f3n General de&hellip;<\/p>\n","protected":false},"author":43,"featured_media":1787987,"comment_status":"closed","ping_status":"closed","sticky":false,"template":"","format":"standard","meta":{"footnotes":""},"categories":[11389,75,106739,74,67],"tags":[29,1421,52439,523],"class_list":["post-1787986","post","type-post","status-publish","format-standard","has-post-thumbnail","hentry","category-contenido-original","category-cultura-es","category-noticia","category-politica-es","category-sudamerica","tag-chile","tag-china-es","tag-izquierdas","tag-medios-de-comunicacion"],"yoast_head":"<!-- This site is optimized with the Yoast SEO plugin v27.1.1 - https:\/\/yoast.com\/product\/yoast-seo-wordpress\/ -->\n<title>Pressenza asiste a reuni\u00f3n con importantes dirigentes del PCC<\/title>\n<meta name=\"description\" content=\"A ra\u00edz de la visita a Chile del Director General de Comunicaciones del Comit\u00e9 Central del Partido Comunista de Chino y Portavoz del mismo, Hu Zhaoming, y\" \/>\n<meta name=\"robots\" content=\"index, follow, max-snippet:-1, max-image-preview:large, max-video-preview:-1\" \/>\n<link rel=\"canonical\" href=\"https:\/\/www.pressenza.com\/es\/2023\/12\/pressenza-asiste-a-reunion-con-importantes-dirigentes-del-pcc\/\" \/>\n<meta property=\"og:locale\" content=\"es_ES\" \/>\n<meta property=\"og:type\" content=\"article\" \/>\n<meta property=\"og:title\" content=\"Pressenza asiste a reuni\u00f3n con importantes dirigentes del PCC\" \/>\n<meta property=\"og:description\" content=\"A ra\u00edz de la visita a Chile del Director General de Comunicaciones del Comit\u00e9 Central del Partido Comunista de Chino y Portavoz del mismo, Hu Zhaoming, y\" \/>\n<meta property=\"og:url\" content=\"https:\/\/www.pressenza.com\/es\/2023\/12\/pressenza-asiste-a-reunion-con-importantes-dirigentes-del-pcc\/\" \/>\n<meta property=\"og:site_name\" content=\"Pressenza\" \/>\n<meta property=\"article:publisher\" content=\"https:\/\/www.facebook.com\/PressenzaItalia\" \/>\n<meta property=\"article:author\" content=\"https:\/\/www.facebook.com\/pressenza\" \/>\n<meta property=\"article:published_time\" content=\"2023-12-14T21:06:44+00:00\" \/>\n<meta property=\"og:image\" content=\"https:\/\/www.pressenza.com\/wp-content\/uploads\/2023\/12\/WhatsApp-Image-2023-12-13-at-2.51.11-PM.jpeg\" \/>\n\t<meta property=\"og:image:width\" content=\"1280\" \/>\n\t<meta property=\"og:image:height\" content=\"853\" \/>\n\t<meta property=\"og:image:type\" content=\"image\/jpeg\" \/>\n<meta name=\"author\" content=\"Redacci\u00f3n Chile\" \/>\n<meta name=\"twitter:card\" content=\"summary_large_image\" \/>\n<meta name=\"twitter:creator\" content=\"@pressenza\" \/>\n<meta name=\"twitter:site\" content=\"@PressenzaIPA\" \/>\n<meta name=\"twitter:label1\" content=\"Escrito por\" \/>\n\t<meta name=\"twitter:data1\" content=\"Redacci\u00f3n Chile\" \/>\n\t<meta name=\"twitter:label2\" content=\"Tiempo de lectura\" \/>\n\t<meta name=\"twitter:data2\" content=\"3 minutos\" \/>\n<script type=\"application\/ld+json\" class=\"yoast-schema-graph\">{\"@context\":\"https:\/\/schema.org\",\"@graph\":[{\"@type\":\"Article\",\"@id\":\"https:\/\/www.pressenza.com\/es\/2023\/12\/pressenza-asiste-a-reunion-con-importantes-dirigentes-del-pcc\/#article\",\"isPartOf\":{\"@id\":\"https:\/\/www.pressenza.com\/es\/2023\/12\/pressenza-asiste-a-reunion-con-importantes-dirigentes-del-pcc\/\"},\"author\":{\"name\":\"Redacci\u00f3n Chile\",\"@id\":\"https:\/\/www.pressenza.com\/es\/#\/schema\/person\/d7db40df35d6698ba69ba9ee260944ed\"},\"headline\":\"Pressenza asiste a reuni\u00f3n con importantes dirigentes del PCC\",\"datePublished\":\"2023-12-14T21:06:44+00:00\",\"mainEntityOfPage\":{\"@id\":\"https:\/\/www.pressenza.com\/es\/2023\/12\/pressenza-asiste-a-reunion-con-importantes-dirigentes-del-pcc\/\"},\"wordCount\":568,\"publisher\":{\"@id\":\"https:\/\/www.pressenza.com\/es\/#organization\"},\"image\":{\"@id\":\"https:\/\/www.pressenza.com\/es\/2023\/12\/pressenza-asiste-a-reunion-con-importantes-dirigentes-del-pcc\/#primaryimage\"},\"thumbnailUrl\":\"https:\/\/www.pressenza.com\/wp-content\/uploads\/2023\/12\/WhatsApp-Image-2023-12-13-at-2.51.11-PM.jpeg\",\"keywords\":[\"Chile\",\"China\",\"izquierdas\",\"medios de comunicaci\u00f3n\"],\"articleSection\":[\"Contenido Original\",\"Cultura y Medios\",\"Noticia\",\"Pol\u00edtica\",\"Sudam\u00e9rica\"],\"inLanguage\":\"es\"},{\"@type\":\"WebPage\",\"@id\":\"https:\/\/www.pressenza.com\/es\/2023\/12\/pressenza-asiste-a-reunion-con-importantes-dirigentes-del-pcc\/\",\"url\":\"https:\/\/www.pressenza.com\/es\/2023\/12\/pressenza-asiste-a-reunion-con-importantes-dirigentes-del-pcc\/\",\"name\":\"Pressenza asiste a reuni\u00f3n con importantes dirigentes del PCC\",\"isPartOf\":{\"@id\":\"https:\/\/www.pressenza.com\/es\/#website\"},\"primaryImageOfPage\":{\"@id\":\"https:\/\/www.pressenza.com\/es\/2023\/12\/pressenza-asiste-a-reunion-con-importantes-dirigentes-del-pcc\/#primaryimage\"},\"image\":{\"@id\":\"https:\/\/www.pressenza.com\/es\/2023\/12\/pressenza-asiste-a-reunion-con-importantes-dirigentes-del-pcc\/#primaryimage\"},\"thumbnailUrl\":\"https:\/\/www.pressenza.com\/wp-content\/uploads\/2023\/12\/WhatsApp-Image-2023-12-13-at-2.51.11-PM.jpeg\",\"datePublished\":\"2023-12-14T21:06:44+00:00\",\"description\":\"A ra\u00edz de la visita a Chile del Director General de Comunicaciones del Comit\u00e9 Central del Partido Comunista de Chino y Portavoz del mismo, Hu Zhaoming, y\",\"breadcrumb\":{\"@id\":\"https:\/\/www.pressenza.com\/es\/2023\/12\/pressenza-asiste-a-reunion-con-importantes-dirigentes-del-pcc\/#breadcrumb\"},\"inLanguage\":\"es\",\"potentialAction\":[{\"@type\":\"ReadAction\",\"target\":[\"https:\/\/www.pressenza.com\/es\/2023\/12\/pressenza-asiste-a-reunion-con-importantes-dirigentes-del-pcc\/\"]}]},{\"@type\":\"ImageObject\",\"inLanguage\":\"es\",\"@id\":\"https:\/\/www.pressenza.com\/es\/2023\/12\/pressenza-asiste-a-reunion-con-importantes-dirigentes-del-pcc\/#primaryimage\",\"url\":\"https:\/\/www.pressenza.com\/wp-content\/uploads\/2023\/12\/WhatsApp-Image-2023-12-13-at-2.51.11-PM.jpeg\",\"contentUrl\":\"https:\/\/www.pressenza.com\/wp-content\/uploads\/2023\/12\/WhatsApp-Image-2023-12-13-at-2.51.11-PM.jpeg\",\"width\":1280,\"height\":853},{\"@type\":\"BreadcrumbList\",\"@id\":\"https:\/\/www.pressenza.com\/es\/2023\/12\/pressenza-asiste-a-reunion-con-importantes-dirigentes-del-pcc\/#breadcrumb\",\"itemListElement\":[{\"@type\":\"ListItem\",\"position\":1,\"name\":\"Accueil\",\"item\":\"https:\/\/www.pressenza.com\/es\/\"},{\"@type\":\"ListItem\",\"position\":2,\"name\":\"Pressenza asiste a reuni\u00f3n con importantes dirigentes del PCC\"}]},{\"@type\":\"WebSite\",\"@id\":\"https:\/\/www.pressenza.com\/es\/#website\",\"url\":\"https:\/\/www.pressenza.com\/es\/\",\"name\":\"Pressenza\",\"description\":\"International Press Agency\",\"publisher\":{\"@id\":\"https:\/\/www.pressenza.com\/es\/#organization\"},\"potentialAction\":[{\"@type\":\"SearchAction\",\"target\":{\"@type\":\"EntryPoint\",\"urlTemplate\":\"https:\/\/www.pressenza.com\/es\/?s={search_term_string}\"},\"query-input\":{\"@type\":\"PropertyValueSpecification\",\"valueRequired\":true,\"valueName\":\"search_term_string\"}}],\"inLanguage\":\"es\"},{\"@type\":\"Organization\",\"@id\":\"https:\/\/www.pressenza.com\/es\/#organization\",\"name\":\"Pressenza\",\"url\":\"https:\/\/www.pressenza.com\/es\/\",\"logo\":{\"@type\":\"ImageObject\",\"inLanguage\":\"es\",\"@id\":\"https:\/\/www.pressenza.com\/es\/#\/schema\/logo\/image\/\",\"url\":\"https:\/\/www.pressenza.com\/wp-content\/uploads\/2022\/10\/pressenza_logo_200x200.jpg\",\"contentUrl\":\"https:\/\/www.pressenza.com\/wp-content\/uploads\/2022\/10\/pressenza_logo_200x200.jpg\",\"width\":200,\"height\":200,\"caption\":\"Pressenza\"},\"image\":{\"@id\":\"https:\/\/www.pressenza.com\/es\/#\/schema\/logo\/image\/\"},\"sameAs\":[\"https:\/\/www.facebook.com\/PressenzaItalia\",\"https:\/\/x.com\/PressenzaIPA\"]},{\"@type\":\"Person\",\"@id\":\"https:\/\/www.pressenza.com\/es\/#\/schema\/person\/d7db40df35d6698ba69ba9ee260944ed\",\"name\":\"Redacci\u00f3n Chile\",\"description\":\"News from the Pressenza Bureau in Chile\",\"sameAs\":[\"https:\/\/www.facebook.com\/pressenza\",\"https:\/\/x.com\/pressenza\"],\"url\":\"https:\/\/www.pressenza.com\/es\/author\/redaccion-chile\/\"}]}<\/script>\n<!-- \/ Yoast SEO plugin. -->","yoast_head_json":{"title":"Pressenza asiste a reuni\u00f3n con importantes dirigentes del PCC","description":"A ra\u00edz de la visita a Chile del Director General de Comunicaciones del Comit\u00e9 Central del Partido Comunista de Chino y Portavoz del mismo, Hu Zhaoming, y","robots":{"index":"index","follow":"follow","max-snippet":"max-snippet:-1","max-image-preview":"max-image-preview:large","max-video-preview":"max-video-preview:-1"},"canonical":"https:\/\/www.pressenza.com\/es\/2023\/12\/pressenza-asiste-a-reunion-con-importantes-dirigentes-del-pcc\/","og_locale":"es_ES","og_type":"article","og_title":"Pressenza asiste a reuni\u00f3n con importantes dirigentes del PCC","og_description":"A ra\u00edz de la visita a Chile del Director General de Comunicaciones del Comit\u00e9 Central del Partido Comunista de Chino y Portavoz del mismo, Hu Zhaoming, y","og_url":"https:\/\/www.pressenza.com\/es\/2023\/12\/pressenza-asiste-a-reunion-con-importantes-dirigentes-del-pcc\/","og_site_name":"Pressenza","article_publisher":"https:\/\/www.facebook.com\/PressenzaItalia","article_author":"https:\/\/www.facebook.com\/pressenza","article_published_time":"2023-12-14T21:06:44+00:00","og_image":[{"width":1280,"height":853,"url":"https:\/\/www.pressenza.com\/wp-content\/uploads\/2023\/12\/WhatsApp-Image-2023-12-13-at-2.51.11-PM.jpeg","type":"image\/jpeg"}],"author":"Redacci\u00f3n Chile","twitter_card":"summary_large_image","twitter_creator":"@pressenza","twitter_site":"@PressenzaIPA","twitter_misc":{"Escrito por":"Redacci\u00f3n Chile","Tiempo de lectura":"3 minutos"},"schema":{"@context":"https:\/\/schema.org","@graph":[{"@type":"Article","@id":"https:\/\/www.pressenza.com\/es\/2023\/12\/pressenza-asiste-a-reunion-con-importantes-dirigentes-del-pcc\/#article","isPartOf":{"@id":"https:\/\/www.pressenza.com\/es\/2023\/12\/pressenza-asiste-a-reunion-con-importantes-dirigentes-del-pcc\/"},"author":{"name":"Redacci\u00f3n Chile","@id":"https:\/\/www.pressenza.com\/es\/#\/schema\/person\/d7db40df35d6698ba69ba9ee260944ed"},"headline":"Pressenza asiste a reuni\u00f3n con importantes dirigentes del PCC","datePublished":"2023-12-14T21:06:44+00:00","mainEntityOfPage":{"@id":"https:\/\/www.pressenza.com\/es\/2023\/12\/pressenza-asiste-a-reunion-con-importantes-dirigentes-del-pcc\/"},"wordCount":568,"publisher":{"@id":"https:\/\/www.pressenza.com\/es\/#organization"},"image":{"@id":"https:\/\/www.pressenza.com\/es\/2023\/12\/pressenza-asiste-a-reunion-con-importantes-dirigentes-del-pcc\/#primaryimage"},"thumbnailUrl":"https:\/\/www.pressenza.com\/wp-content\/uploads\/2023\/12\/WhatsApp-Image-2023-12-13-at-2.51.11-PM.jpeg","keywords":["Chile","China","izquierdas","medios de comunicaci\u00f3n"],"articleSection":["Contenido Original","Cultura y Medios","Noticia","Pol\u00edtica","Sudam\u00e9rica"],"inLanguage":"es"},{"@type":"WebPage","@id":"https:\/\/www.pressenza.com\/es\/2023\/12\/pressenza-asiste-a-reunion-con-importantes-dirigentes-del-pcc\/","url":"https:\/\/www.pressenza.com\/es\/2023\/12\/pressenza-asiste-a-reunion-con-importantes-dirigentes-del-pcc\/","name":"Pressenza asiste a reuni\u00f3n con importantes dirigentes del PCC","isPartOf":{"@id":"https:\/\/www.pressenza.com\/es\/#website"},"primaryImageOfPage":{"@id":"https:\/\/www.pressenza.com\/es\/2023\/12\/pressenza-asiste-a-reunion-con-importantes-dirigentes-del-pcc\/#primaryimage"},"image":{"@id":"https:\/\/www.pressenza.com\/es\/2023\/12\/pressenza-asiste-a-reunion-con-importantes-dirigentes-del-pcc\/#primaryimage"},"thumbnailUrl":"https:\/\/www.pressenza.com\/wp-content\/uploads\/2023\/12\/WhatsApp-Image-2023-12-13-at-2.51.11-PM.jpeg","datePublished":"2023-12-14T21:06:44+00:00","description":"A ra\u00edz de la visita a Chile del Director General de Comunicaciones del Comit\u00e9 Central del Partido Comunista de Chino y Portavoz del mismo, Hu Zhaoming, y","breadcrumb":{"@id":"https:\/\/www.pressenza.com\/es\/2023\/12\/pressenza-asiste-a-reunion-con-importantes-dirigentes-del-pcc\/#breadcrumb"},"inLanguage":"es","potentialAction":[{"@type":"ReadAction","target":["https:\/\/www.pressenza.com\/es\/2023\/12\/pressenza-asiste-a-reunion-con-importantes-dirigentes-del-pcc\/"]}]},{"@type":"ImageObject","inLanguage":"es","@id":"https:\/\/www.pressenza.com\/es\/2023\/12\/pressenza-asiste-a-reunion-con-importantes-dirigentes-del-pcc\/#primaryimage","url":"https:\/\/www.pressenza.com\/wp-content\/uploads\/2023\/12\/WhatsApp-Image-2023-12-13-at-2.51.11-PM.jpeg","contentUrl":"https:\/\/www.pressenza.com\/wp-content\/uploads\/2023\/12\/WhatsApp-Image-2023-12-13-at-2.51.11-PM.jpeg","width":1280,"height":853},{"@type":"BreadcrumbList","@id":"https:\/\/www.pressenza.com\/es\/2023\/12\/pressenza-asiste-a-reunion-con-importantes-dirigentes-del-pcc\/#breadcrumb","itemListElement":[{"@type":"ListItem","position":1,"name":"Accueil","item":"https:\/\/www.pressenza.com\/es\/"},{"@type":"ListItem","position":2,"name":"Pressenza asiste a reuni\u00f3n con importantes dirigentes del PCC"}]},{"@type":"WebSite","@id":"https:\/\/www.pressenza.com\/es\/#website","url":"https:\/\/www.pressenza.com\/es\/","name":"Pressenza","description":"International Press Agency","publisher":{"@id":"https:\/\/www.pressenza.com\/es\/#organization"},"potentialAction":[{"@type":"SearchAction","target":{"@type":"EntryPoint","urlTemplate":"https:\/\/www.pressenza.com\/es\/?s={search_term_string}"},"query-input":{"@type":"PropertyValueSpecification","valueRequired":true,"valueName":"search_term_string"}}],"inLanguage":"es"},{"@type":"Organization","@id":"https:\/\/www.pressenza.com\/es\/#organization","name":"Pressenza","url":"https:\/\/www.pressenza.com\/es\/","logo":{"@type":"ImageObject","inLanguage":"es","@id":"https:\/\/www.pressenza.com\/es\/#\/schema\/logo\/image\/","url":"https:\/\/www.pressenza.com\/wp-content\/uploads\/2022\/10\/pressenza_logo_200x200.jpg","contentUrl":"https:\/\/www.pressenza.com\/wp-content\/uploads\/2022\/10\/pressenza_logo_200x200.jpg","width":200,"height":200,"caption":"Pressenza"},"image":{"@id":"https:\/\/www.pressenza.com\/es\/#\/schema\/logo\/image\/"},"sameAs":["https:\/\/www.facebook.com\/PressenzaItalia","https:\/\/x.com\/PressenzaIPA"]},{"@type":"Person","@id":"https:\/\/www.pressenza.com\/es\/#\/schema\/person\/d7db40df35d6698ba69ba9ee260944ed","name":"Redacci\u00f3n Chile","description":"News from the Pressenza Bureau in Chile","sameAs":["https:\/\/www.facebook.com\/pressenza","https:\/\/x.com\/pressenza"],"url":"https:\/\/www.pressenza.com\/es\/author\/redaccion-chile\/"}]}},"place":"Santiago de Chile","original_article_url":"","_links":{"self":[{"href":"https:\/\/www.pressenza.com\/es\/wp-json\/wp\/v2\/posts\/1787986","targetHints":{"allow":["GET"]}}],"collection":[{"href":"https:\/\/www.pressenza.com\/es\/wp-json\/wp\/v2\/posts"}],"about":[{"href":"https:\/\/www.pressenza.com\/es\/wp-json\/wp\/v2\/types\/post"}],"author":[{"embeddable":true,"href":"https:\/\/www.pressenza.com\/es\/wp-json\/wp\/v2\/users\/43"}],"replies":[{"embeddable":true,"href":"https:\/\/www.pressenza.com\/es\/wp-json\/wp\/v2\/comments?post=1787986"}],"version-history":[{"count":0,"href":"https:\/\/www.pressenza.com\/es\/wp-json\/wp\/v2\/posts\/1787986\/revisions"}],"wp:featuredmedia":[{"embeddable":true,"href":"https:\/\/www.pressenza.com\/es\/wp-json\/wp\/v2\/media\/1787987"}],"wp:attachment":[{"href":"https:\/\/www.pressenza.com\/es\/wp-json\/wp\/v2\/media?parent=1787986"}],"wp:term":[{"taxonomy":"category","embeddable":true,"href":"https:\/\/www.pressenza.com\/es\/wp-json\/wp\/v2\/categories?post=1787986"},{"taxonomy":"post_tag","embeddable":true,"href":"https:\/\/www.pressenza.com\/es\/wp-json\/wp\/v2\/tags?post=1787986"}],"curies":[{"name":"wp","href":"https:\/\/api.w.org\/{rel}","templated":true}]}}