{"id":1787780,"date":"2023-12-13T22:43:43","date_gmt":"2023-12-13T22:43:43","guid":{"rendered":"https:\/\/www.pressenza.com\/?p=1787780"},"modified":"2023-12-14T12:21:02","modified_gmt":"2023-12-14T12:21:02","slug":"las-tecnologias-en-si-no-son-el-problema-el-tema-de-fondo-es-el-uso-que-les-damos","status":"publish","type":"post","link":"https:\/\/www.pressenza.com\/es\/2023\/12\/las-tecnologias-en-si-no-son-el-problema-el-tema-de-fondo-es-el-uso-que-les-damos\/","title":{"rendered":"Las tecnolog\u00edas en s\u00ed no son el problema, el tema de fondo es el uso que les damos"},"content":{"rendered":"<p>La bancada de diputados de Renovaci\u00f3n Nacional, RN, present\u00f3 el pasado lunes 11 de diciembre un proyecto de ley que prohibir\u00e1 el uso de tel\u00e9fonos celulares por parte de las y los estudiantes dentro de la sala de clases en los establecimientos educacionales del pa\u00eds.<\/p>\n<p>El proyecto propone que \u00abse proh\u00edbe el uso de tel\u00e9fonos celulares en las salas de clases, durante el horario de recreos y actividades extraprogram\u00e1ticas en los establecimientos de educaci\u00f3n parvularia y b\u00e1sica cualquiera sea su naturaleza, tanto en horarios lectivos, como de descanso o de alimentaci\u00f3n\u00bb<\/p>\n<p>Al respecto, el Departamento de Educaci\u00f3n y Perfeccionamiento del Colegio de Profesoras y Profesores, en palabras de su integrante Marcelo Castillo Duvauchelle, expresa la siguiente opini\u00f3n:<\/p>\n<p>\u00abLas tecnolog\u00edas en s\u00ed no son el problema. Aqu\u00ed el tema de fondo es el uso que le damos a esas tecnolog\u00edas, si no se educa o no se orienta al respecto el celular se puede convertir en un distractor en el aula, pero si le damos m\u00e1s apoyo a las y los profesores en cuanto a un uso educativo-pedag\u00f3gico, el celular puede ser un aliado para los aprendizajes.<\/p>\n<p>Por ejemplo, si la o el docente est\u00e1 explicando el sistema nervioso, puede decirle a sus alumnos, entren a este link para que veamos un excelente video que explica did\u00e1cticamente esto que estamos estudiando, y adem\u00e1s lo puede hacer en la inmediatez de la clase o de manera diferida.<\/p>\n<p>Si queremos un uso pedag\u00f3gico del celular o cualquier otro dispositivo con pantalla, el Ministerio de Educaci\u00f3n y las autoridades educativas tienen la responsabilidad de entregar perfeccionamientos de buen nivel a las y los profesores y todo ello acompa\u00f1ado por estrategias dirigidas a la familia y los medios de comunicaci\u00f3n. M\u00e1s discusi\u00f3n, m\u00e1s reflexi\u00f3n, menos declaraciones de buenas intenciones y m\u00e1s medidas concretas en este sentido.<\/p>\n<p>No se trata de prohibir, eso a la larga no funciona, m\u00e1s bien se requiere promover que adem\u00e1s de usar las pantallas para entretenci\u00f3n o fines no acad\u00e9micos, hagan un uso inteligente de \u00e9stas, hablo de promover una ampliaci\u00f3n y diversificaci\u00f3n en la utilizaci\u00f3n de las herramientas tecnol\u00f3gicas disponibles.<\/p>\n<p>El lenguaje digital y multimedia lleg\u00f3 para integrarse cada vez con mayor fuerza en nuestras vidas. Lamentablemente la educaci\u00f3n ya est\u00e1 varios a\u00f1os desfasada, pero nunca es tarde, ya que las tecnolog\u00edas digitales entraron en nuestro quehacer cotidiano, hag\u00e1monos amigos de ellas, bien usadas tienen un tremendo potencial educativo. Es tiempo de empezar a beneficiarnos de verdad de las bondades de la tecnolog\u00edas en el espacio escolar\u00bb.<\/p>\n<p>Art\u00edculo <a href=\"https:\/\/www.colegiodeprofesores.cl\/2023\/12\/13\/opinion-las-tecnologias-en-si-no-son-el-problema-aqui-el-tema-de-fondo-es-el-uso-que-le-damos-a-esas-tecnologias\/\">publicado<\/a> en el sitio web del Colegio de Profesoras y Profesores de Chile<\/p>\n","protected":false},"excerpt":{"rendered":"<p>La bancada de diputados de Renovaci\u00f3n Nacional, RN, present\u00f3 el pasado lunes 11 de diciembre un proyecto de ley que prohibir\u00e1 el uso de tel\u00e9fonos celulares por parte de las y los estudiantes dentro de la sala de clases en&hellip;<\/p>\n","protected":false},"author":43,"featured_media":1787782,"comment_status":"closed","ping_status":"closed","sticky":false,"template":"","format":"standard","meta":{"footnotes":""},"categories":[497,11389,1230,161,67],"tags":[393,118569],"class_list":["post-1787780","post","type-post","status-publish","format-standard","has-post-thumbnail","hentry","category-ciencia-tecnologia","category-contenido-original","category-educacion-tema","category-opiniones","category-sudamerica","tag-educacion","tag-uso-de-celulares"],"yoast_head":"<!-- This site is optimized with the Yoast SEO plugin v27.1.1 - https:\/\/yoast.com\/product\/yoast-seo-wordpress\/ -->\n<title>Las tecnolog\u00edas en s\u00ed no son el problema, el tema de fondo es el uso que les damos<\/title>\n<meta name=\"description\" content=\"La bancada de diputados de Renovaci\u00f3n Nacional, RN, present\u00f3 el pasado lunes 11 de diciembre un proyecto de ley que prohibir\u00e1 el uso de tel\u00e9fonos\" \/>\n<meta name=\"robots\" content=\"index, follow, max-snippet:-1, max-image-preview:large, max-video-preview:-1\" \/>\n<link rel=\"canonical\" href=\"https:\/\/www.pressenza.com\/es\/2023\/12\/las-tecnologias-en-si-no-son-el-problema-el-tema-de-fondo-es-el-uso-que-les-damos\/\" \/>\n<meta property=\"og:locale\" content=\"es_ES\" \/>\n<meta property=\"og:type\" content=\"article\" \/>\n<meta property=\"og:title\" content=\"Las tecnolog\u00edas en s\u00ed no son el problema, el tema de fondo es el uso que les damos\" \/>\n<meta property=\"og:description\" content=\"La bancada de diputados de Renovaci\u00f3n Nacional, RN, present\u00f3 el pasado lunes 11 de diciembre un proyecto de ley que prohibir\u00e1 el uso de tel\u00e9fonos\" \/>\n<meta property=\"og:url\" content=\"https:\/\/www.pressenza.com\/es\/2023\/12\/las-tecnologias-en-si-no-son-el-problema-el-tema-de-fondo-es-el-uso-que-les-damos\/\" \/>\n<meta property=\"og:site_name\" content=\"Pressenza\" \/>\n<meta property=\"article:publisher\" content=\"https:\/\/www.facebook.com\/PressenzaItalia\" \/>\n<meta property=\"article:author\" content=\"https:\/\/www.facebook.com\/pressenza\" \/>\n<meta property=\"article:published_time\" content=\"2023-12-13T22:43:43+00:00\" \/>\n<meta property=\"article:modified_time\" content=\"2023-12-14T12:21:02+00:00\" \/>\n<meta property=\"og:image\" content=\"https:\/\/www.pressenza.com\/wp-content\/uploads\/2023\/12\/phone-1869510_1280.jpg\" \/>\n\t<meta property=\"og:image:width\" content=\"1280\" \/>\n\t<meta property=\"og:image:height\" content=\"817\" \/>\n\t<meta property=\"og:image:type\" content=\"image\/jpeg\" \/>\n<meta name=\"author\" content=\"Redacci\u00f3n Chile\" \/>\n<meta name=\"twitter:card\" content=\"summary_large_image\" \/>\n<meta name=\"twitter:creator\" content=\"@pressenza\" \/>\n<meta name=\"twitter:site\" content=\"@PressenzaIPA\" \/>\n<meta name=\"twitter:label1\" content=\"Escrito por\" \/>\n\t<meta name=\"twitter:data1\" content=\"Redacci\u00f3n Chile\" \/>\n\t<meta name=\"twitter:label2\" content=\"Tiempo de lectura\" \/>\n\t<meta name=\"twitter:data2\" content=\"2 minutos\" \/>\n<script type=\"application\/ld+json\" class=\"yoast-schema-graph\">{\"@context\":\"https:\/\/schema.org\",\"@graph\":[{\"@type\":\"Article\",\"@id\":\"https:\/\/www.pressenza.com\/es\/2023\/12\/las-tecnologias-en-si-no-son-el-problema-el-tema-de-fondo-es-el-uso-que-les-damos\/#article\",\"isPartOf\":{\"@id\":\"https:\/\/www.pressenza.com\/es\/2023\/12\/las-tecnologias-en-si-no-son-el-problema-el-tema-de-fondo-es-el-uso-que-les-damos\/\"},\"author\":{\"name\":\"Redacci\u00f3n Chile\",\"@id\":\"https:\/\/www.pressenza.com\/es\/#\/schema\/person\/d7db40df35d6698ba69ba9ee260944ed\"},\"headline\":\"Las tecnolog\u00edas en s\u00ed no son el problema, el tema de fondo es el uso que les damos\",\"datePublished\":\"2023-12-13T22:43:43+00:00\",\"dateModified\":\"2023-12-14T12:21:02+00:00\",\"mainEntityOfPage\":{\"@id\":\"https:\/\/www.pressenza.com\/es\/2023\/12\/las-tecnologias-en-si-no-son-el-problema-el-tema-de-fondo-es-el-uso-que-les-damos\/\"},\"wordCount\":489,\"publisher\":{\"@id\":\"https:\/\/www.pressenza.com\/es\/#organization\"},\"image\":{\"@id\":\"https:\/\/www.pressenza.com\/es\/2023\/12\/las-tecnologias-en-si-no-son-el-problema-el-tema-de-fondo-es-el-uso-que-les-damos\/#primaryimage\"},\"thumbnailUrl\":\"https:\/\/www.pressenza.com\/wp-content\/uploads\/2023\/12\/phone-1869510_1280.jpg\",\"keywords\":[\"Educaci\u00f3n\",\"uso de celulares\"],\"articleSection\":[\"Ciencia y Tecnolog\u00eda\",\"Contenido Original\",\"Educaci\u00f3n\",\"Opiniones\",\"Sudam\u00e9rica\"],\"inLanguage\":\"es\"},{\"@type\":\"WebPage\",\"@id\":\"https:\/\/www.pressenza.com\/es\/2023\/12\/las-tecnologias-en-si-no-son-el-problema-el-tema-de-fondo-es-el-uso-que-les-damos\/\",\"url\":\"https:\/\/www.pressenza.com\/es\/2023\/12\/las-tecnologias-en-si-no-son-el-problema-el-tema-de-fondo-es-el-uso-que-les-damos\/\",\"name\":\"Las tecnolog\u00edas en s\u00ed no son el problema, el tema de fondo es el uso que les damos\",\"isPartOf\":{\"@id\":\"https:\/\/www.pressenza.com\/es\/#website\"},\"primaryImageOfPage\":{\"@id\":\"https:\/\/www.pressenza.com\/es\/2023\/12\/las-tecnologias-en-si-no-son-el-problema-el-tema-de-fondo-es-el-uso-que-les-damos\/#primaryimage\"},\"image\":{\"@id\":\"https:\/\/www.pressenza.com\/es\/2023\/12\/las-tecnologias-en-si-no-son-el-problema-el-tema-de-fondo-es-el-uso-que-les-damos\/#primaryimage\"},\"thumbnailUrl\":\"https:\/\/www.pressenza.com\/wp-content\/uploads\/2023\/12\/phone-1869510_1280.jpg\",\"datePublished\":\"2023-12-13T22:43:43+00:00\",\"dateModified\":\"2023-12-14T12:21:02+00:00\",\"description\":\"La bancada de diputados de Renovaci\u00f3n Nacional, RN, present\u00f3 el pasado lunes 11 de diciembre un proyecto de ley que prohibir\u00e1 el uso de tel\u00e9fonos\",\"breadcrumb\":{\"@id\":\"https:\/\/www.pressenza.com\/es\/2023\/12\/las-tecnologias-en-si-no-son-el-problema-el-tema-de-fondo-es-el-uso-que-les-damos\/#breadcrumb\"},\"inLanguage\":\"es\",\"potentialAction\":[{\"@type\":\"ReadAction\",\"target\":[\"https:\/\/www.pressenza.com\/es\/2023\/12\/las-tecnologias-en-si-no-son-el-problema-el-tema-de-fondo-es-el-uso-que-les-damos\/\"]}]},{\"@type\":\"ImageObject\",\"inLanguage\":\"es\",\"@id\":\"https:\/\/www.pressenza.com\/es\/2023\/12\/las-tecnologias-en-si-no-son-el-problema-el-tema-de-fondo-es-el-uso-que-les-damos\/#primaryimage\",\"url\":\"https:\/\/www.pressenza.com\/wp-content\/uploads\/2023\/12\/phone-1869510_1280.jpg\",\"contentUrl\":\"https:\/\/www.pressenza.com\/wp-content\/uploads\/2023\/12\/phone-1869510_1280.jpg\",\"width\":1280,\"height\":817},{\"@type\":\"BreadcrumbList\",\"@id\":\"https:\/\/www.pressenza.com\/es\/2023\/12\/las-tecnologias-en-si-no-son-el-problema-el-tema-de-fondo-es-el-uso-que-les-damos\/#breadcrumb\",\"itemListElement\":[{\"@type\":\"ListItem\",\"position\":1,\"name\":\"Accueil\",\"item\":\"https:\/\/www.pressenza.com\/es\/\"},{\"@type\":\"ListItem\",\"position\":2,\"name\":\"Las tecnolog\u00edas en s\u00ed no son el problema, el tema de fondo es el uso que les damos\"}]},{\"@type\":\"WebSite\",\"@id\":\"https:\/\/www.pressenza.com\/es\/#website\",\"url\":\"https:\/\/www.pressenza.com\/es\/\",\"name\":\"Pressenza\",\"description\":\"International Press Agency\",\"publisher\":{\"@id\":\"https:\/\/www.pressenza.com\/es\/#organization\"},\"potentialAction\":[{\"@type\":\"SearchAction\",\"target\":{\"@type\":\"EntryPoint\",\"urlTemplate\":\"https:\/\/www.pressenza.com\/es\/?s={search_term_string}\"},\"query-input\":{\"@type\":\"PropertyValueSpecification\",\"valueRequired\":true,\"valueName\":\"search_term_string\"}}],\"inLanguage\":\"es\"},{\"@type\":\"Organization\",\"@id\":\"https:\/\/www.pressenza.com\/es\/#organization\",\"name\":\"Pressenza\",\"url\":\"https:\/\/www.pressenza.com\/es\/\",\"logo\":{\"@type\":\"ImageObject\",\"inLanguage\":\"es\",\"@id\":\"https:\/\/www.pressenza.com\/es\/#\/schema\/logo\/image\/\",\"url\":\"https:\/\/www.pressenza.com\/wp-content\/uploads\/2022\/10\/pressenza_logo_200x200.jpg\",\"contentUrl\":\"https:\/\/www.pressenza.com\/wp-content\/uploads\/2022\/10\/pressenza_logo_200x200.jpg\",\"width\":200,\"height\":200,\"caption\":\"Pressenza\"},\"image\":{\"@id\":\"https:\/\/www.pressenza.com\/es\/#\/schema\/logo\/image\/\"},\"sameAs\":[\"https:\/\/www.facebook.com\/PressenzaItalia\",\"https:\/\/x.com\/PressenzaIPA\"]},{\"@type\":\"Person\",\"@id\":\"https:\/\/www.pressenza.com\/es\/#\/schema\/person\/d7db40df35d6698ba69ba9ee260944ed\",\"name\":\"Redacci\u00f3n Chile\",\"description\":\"News from the Pressenza Bureau in Chile\",\"sameAs\":[\"https:\/\/www.facebook.com\/pressenza\",\"https:\/\/x.com\/pressenza\"],\"url\":\"https:\/\/www.pressenza.com\/es\/author\/redaccion-chile\/\"}]}<\/script>\n<!-- \/ Yoast SEO plugin. -->","yoast_head_json":{"title":"Las tecnolog\u00edas en s\u00ed no son el problema, el tema de fondo es el uso que les damos","description":"La bancada de diputados de Renovaci\u00f3n Nacional, RN, present\u00f3 el pasado lunes 11 de diciembre un proyecto de ley que prohibir\u00e1 el uso de tel\u00e9fonos","robots":{"index":"index","follow":"follow","max-snippet":"max-snippet:-1","max-image-preview":"max-image-preview:large","max-video-preview":"max-video-preview:-1"},"canonical":"https:\/\/www.pressenza.com\/es\/2023\/12\/las-tecnologias-en-si-no-son-el-problema-el-tema-de-fondo-es-el-uso-que-les-damos\/","og_locale":"es_ES","og_type":"article","og_title":"Las tecnolog\u00edas en s\u00ed no son el problema, el tema de fondo es el uso que les damos","og_description":"La bancada de diputados de Renovaci\u00f3n Nacional, RN, present\u00f3 el pasado lunes 11 de diciembre un proyecto de ley que prohibir\u00e1 el uso de tel\u00e9fonos","og_url":"https:\/\/www.pressenza.com\/es\/2023\/12\/las-tecnologias-en-si-no-son-el-problema-el-tema-de-fondo-es-el-uso-que-les-damos\/","og_site_name":"Pressenza","article_publisher":"https:\/\/www.facebook.com\/PressenzaItalia","article_author":"https:\/\/www.facebook.com\/pressenza","article_published_time":"2023-12-13T22:43:43+00:00","article_modified_time":"2023-12-14T12:21:02+00:00","og_image":[{"width":1280,"height":817,"url":"https:\/\/www.pressenza.com\/wp-content\/uploads\/2023\/12\/phone-1869510_1280.jpg","type":"image\/jpeg"}],"author":"Redacci\u00f3n Chile","twitter_card":"summary_large_image","twitter_creator":"@pressenza","twitter_site":"@PressenzaIPA","twitter_misc":{"Escrito por":"Redacci\u00f3n Chile","Tiempo de lectura":"2 minutos"},"schema":{"@context":"https:\/\/schema.org","@graph":[{"@type":"Article","@id":"https:\/\/www.pressenza.com\/es\/2023\/12\/las-tecnologias-en-si-no-son-el-problema-el-tema-de-fondo-es-el-uso-que-les-damos\/#article","isPartOf":{"@id":"https:\/\/www.pressenza.com\/es\/2023\/12\/las-tecnologias-en-si-no-son-el-problema-el-tema-de-fondo-es-el-uso-que-les-damos\/"},"author":{"name":"Redacci\u00f3n Chile","@id":"https:\/\/www.pressenza.com\/es\/#\/schema\/person\/d7db40df35d6698ba69ba9ee260944ed"},"headline":"Las tecnolog\u00edas en s\u00ed no son el problema, el tema de fondo es el uso que les damos","datePublished":"2023-12-13T22:43:43+00:00","dateModified":"2023-12-14T12:21:02+00:00","mainEntityOfPage":{"@id":"https:\/\/www.pressenza.com\/es\/2023\/12\/las-tecnologias-en-si-no-son-el-problema-el-tema-de-fondo-es-el-uso-que-les-damos\/"},"wordCount":489,"publisher":{"@id":"https:\/\/www.pressenza.com\/es\/#organization"},"image":{"@id":"https:\/\/www.pressenza.com\/es\/2023\/12\/las-tecnologias-en-si-no-son-el-problema-el-tema-de-fondo-es-el-uso-que-les-damos\/#primaryimage"},"thumbnailUrl":"https:\/\/www.pressenza.com\/wp-content\/uploads\/2023\/12\/phone-1869510_1280.jpg","keywords":["Educaci\u00f3n","uso de celulares"],"articleSection":["Ciencia y Tecnolog\u00eda","Contenido Original","Educaci\u00f3n","Opiniones","Sudam\u00e9rica"],"inLanguage":"es"},{"@type":"WebPage","@id":"https:\/\/www.pressenza.com\/es\/2023\/12\/las-tecnologias-en-si-no-son-el-problema-el-tema-de-fondo-es-el-uso-que-les-damos\/","url":"https:\/\/www.pressenza.com\/es\/2023\/12\/las-tecnologias-en-si-no-son-el-problema-el-tema-de-fondo-es-el-uso-que-les-damos\/","name":"Las tecnolog\u00edas en s\u00ed no son el problema, el tema de fondo es el uso que les damos","isPartOf":{"@id":"https:\/\/www.pressenza.com\/es\/#website"},"primaryImageOfPage":{"@id":"https:\/\/www.pressenza.com\/es\/2023\/12\/las-tecnologias-en-si-no-son-el-problema-el-tema-de-fondo-es-el-uso-que-les-damos\/#primaryimage"},"image":{"@id":"https:\/\/www.pressenza.com\/es\/2023\/12\/las-tecnologias-en-si-no-son-el-problema-el-tema-de-fondo-es-el-uso-que-les-damos\/#primaryimage"},"thumbnailUrl":"https:\/\/www.pressenza.com\/wp-content\/uploads\/2023\/12\/phone-1869510_1280.jpg","datePublished":"2023-12-13T22:43:43+00:00","dateModified":"2023-12-14T12:21:02+00:00","description":"La bancada de diputados de Renovaci\u00f3n Nacional, RN, present\u00f3 el pasado lunes 11 de diciembre un proyecto de ley que prohibir\u00e1 el uso de tel\u00e9fonos","breadcrumb":{"@id":"https:\/\/www.pressenza.com\/es\/2023\/12\/las-tecnologias-en-si-no-son-el-problema-el-tema-de-fondo-es-el-uso-que-les-damos\/#breadcrumb"},"inLanguage":"es","potentialAction":[{"@type":"ReadAction","target":["https:\/\/www.pressenza.com\/es\/2023\/12\/las-tecnologias-en-si-no-son-el-problema-el-tema-de-fondo-es-el-uso-que-les-damos\/"]}]},{"@type":"ImageObject","inLanguage":"es","@id":"https:\/\/www.pressenza.com\/es\/2023\/12\/las-tecnologias-en-si-no-son-el-problema-el-tema-de-fondo-es-el-uso-que-les-damos\/#primaryimage","url":"https:\/\/www.pressenza.com\/wp-content\/uploads\/2023\/12\/phone-1869510_1280.jpg","contentUrl":"https:\/\/www.pressenza.com\/wp-content\/uploads\/2023\/12\/phone-1869510_1280.jpg","width":1280,"height":817},{"@type":"BreadcrumbList","@id":"https:\/\/www.pressenza.com\/es\/2023\/12\/las-tecnologias-en-si-no-son-el-problema-el-tema-de-fondo-es-el-uso-que-les-damos\/#breadcrumb","itemListElement":[{"@type":"ListItem","position":1,"name":"Accueil","item":"https:\/\/www.pressenza.com\/es\/"},{"@type":"ListItem","position":2,"name":"Las tecnolog\u00edas en s\u00ed no son el problema, el tema de fondo es el uso que les damos"}]},{"@type":"WebSite","@id":"https:\/\/www.pressenza.com\/es\/#website","url":"https:\/\/www.pressenza.com\/es\/","name":"Pressenza","description":"International Press Agency","publisher":{"@id":"https:\/\/www.pressenza.com\/es\/#organization"},"potentialAction":[{"@type":"SearchAction","target":{"@type":"EntryPoint","urlTemplate":"https:\/\/www.pressenza.com\/es\/?s={search_term_string}"},"query-input":{"@type":"PropertyValueSpecification","valueRequired":true,"valueName":"search_term_string"}}],"inLanguage":"es"},{"@type":"Organization","@id":"https:\/\/www.pressenza.com\/es\/#organization","name":"Pressenza","url":"https:\/\/www.pressenza.com\/es\/","logo":{"@type":"ImageObject","inLanguage":"es","@id":"https:\/\/www.pressenza.com\/es\/#\/schema\/logo\/image\/","url":"https:\/\/www.pressenza.com\/wp-content\/uploads\/2022\/10\/pressenza_logo_200x200.jpg","contentUrl":"https:\/\/www.pressenza.com\/wp-content\/uploads\/2022\/10\/pressenza_logo_200x200.jpg","width":200,"height":200,"caption":"Pressenza"},"image":{"@id":"https:\/\/www.pressenza.com\/es\/#\/schema\/logo\/image\/"},"sameAs":["https:\/\/www.facebook.com\/PressenzaItalia","https:\/\/x.com\/PressenzaIPA"]},{"@type":"Person","@id":"https:\/\/www.pressenza.com\/es\/#\/schema\/person\/d7db40df35d6698ba69ba9ee260944ed","name":"Redacci\u00f3n Chile","description":"News from the Pressenza Bureau in Chile","sameAs":["https:\/\/www.facebook.com\/pressenza","https:\/\/x.com\/pressenza"],"url":"https:\/\/www.pressenza.com\/es\/author\/redaccion-chile\/"}]}},"place":"Santiago de Chile","original_article_url":"","_links":{"self":[{"href":"https:\/\/www.pressenza.com\/es\/wp-json\/wp\/v2\/posts\/1787780","targetHints":{"allow":["GET"]}}],"collection":[{"href":"https:\/\/www.pressenza.com\/es\/wp-json\/wp\/v2\/posts"}],"about":[{"href":"https:\/\/www.pressenza.com\/es\/wp-json\/wp\/v2\/types\/post"}],"author":[{"embeddable":true,"href":"https:\/\/www.pressenza.com\/es\/wp-json\/wp\/v2\/users\/43"}],"replies":[{"embeddable":true,"href":"https:\/\/www.pressenza.com\/es\/wp-json\/wp\/v2\/comments?post=1787780"}],"version-history":[{"count":0,"href":"https:\/\/www.pressenza.com\/es\/wp-json\/wp\/v2\/posts\/1787780\/revisions"}],"wp:featuredmedia":[{"embeddable":true,"href":"https:\/\/www.pressenza.com\/es\/wp-json\/wp\/v2\/media\/1787782"}],"wp:attachment":[{"href":"https:\/\/www.pressenza.com\/es\/wp-json\/wp\/v2\/media?parent=1787780"}],"wp:term":[{"taxonomy":"category","embeddable":true,"href":"https:\/\/www.pressenza.com\/es\/wp-json\/wp\/v2\/categories?post=1787780"},{"taxonomy":"post_tag","embeddable":true,"href":"https:\/\/www.pressenza.com\/es\/wp-json\/wp\/v2\/tags?post=1787780"}],"curies":[{"name":"wp","href":"https:\/\/api.w.org\/{rel}","templated":true}]}}