{"id":1787548,"date":"2023-12-12T20:18:54","date_gmt":"2023-12-12T20:18:54","guid":{"rendered":"https:\/\/www.pressenza.com\/?p=1787548"},"modified":"2023-12-12T20:18:54","modified_gmt":"2023-12-12T20:18:54","slug":"la-brujula-esta-dentro-de-ti-podcast-de-santiago-medita","status":"publish","type":"post","link":"https:\/\/www.pressenza.com\/es\/2023\/12\/la-brujula-esta-dentro-de-ti-podcast-de-santiago-medita\/","title":{"rendered":"\u00abLa br\u00fajula est\u00e1 dentro de ti\u00bb: Podcast de Santiago Medita"},"content":{"rendered":"<p>En este mundo en el que parece haberse perdido el rumbo y nos sentimos desorientados, el podcast \u00abLa Br\u00fajula est\u00e1 dentro de ti\u00bb de Santiago Medita constituye un intento de comunicaci\u00f3n sobre temas existenciales y espirituales.<\/p>\n<p>Se conversa entre amigos con distintas miradas, intentando encontrar la verdad interna, la importancia de los v\u00ednculos entre las personas, retomar el afecto pese a reconocer el coraz\u00f3n endurecido, buscar la fuerza que impulse y el sentido de la vida.<\/p>\n<p>En esta temporada se habl\u00f3 sobre esa Fuerza que est\u00e1 dentro de cada uno. Se la puede reconocer al recordar esos momentos de mucha dificultad, esa fuerza que impuls\u00f3 a seguir o tambi\u00e9n en momentos de profunda felicidad, esa fuerza que ayud\u00f3 a conectar con la inspiraci\u00f3n.<\/p>\n<p>Publicamos ac\u00e1 el Cap\u00edtulo 1: La verdad interna y el fracaso (Primera parte)<\/p>\n<p><iframe loading=\"lazy\" title=\"Cap. 1 - La verdad interna y el fracaso (Primera Parte)\" width=\"500\" height=\"281\" src=\"https:\/\/www.youtube.com\/embed\/sfq3YCVT3aA?feature=oembed\" frameborder=\"0\" allow=\"accelerometer; autoplay; clipboard-write; encrypted-media; gyroscope; picture-in-picture; web-share\" referrerpolicy=\"strict-origin-when-cross-origin\" allowfullscreen><\/iframe><\/p>\n<p>Cap\u00edtulo 2: La verdad interna y el fracaso (Segunda parte)<\/p>\n<p><iframe loading=\"lazy\" title=\"Cap. 2 - La verdad interna y el fracaso (Segunda Parte)\" width=\"500\" height=\"281\" src=\"https:\/\/www.youtube.com\/embed\/nbK8XjS2dAM?feature=oembed\" frameborder=\"0\" allow=\"accelerometer; autoplay; clipboard-write; encrypted-media; gyroscope; picture-in-picture; web-share\" referrerpolicy=\"strict-origin-when-cross-origin\" allowfullscreen><\/iframe><\/p>\n<p>&nbsp;<\/p>\n","protected":false},"excerpt":{"rendered":"<p>En este mundo en el que parece haberse perdido el rumbo y nos sentimos desorientados, el podcast \u00abLa Br\u00fajula est\u00e1 dentro de ti\u00bb de Santiago Medita constituye un intento de comunicaci\u00f3n sobre temas existenciales y espirituales. Se conversa entre amigos&hellip;<\/p>\n","protected":false},"author":43,"featured_media":1787549,"comment_status":"closed","ping_status":"closed","sticky":false,"template":"","format":"standard","meta":{"footnotes":""},"categories":[11389,1240,22754,67],"tags":[29,98468],"class_list":["post-1787548","post","type-post","status-publish","format-standard","has-post-thumbnail","hentry","category-contenido-original","category-humanismo-espiritualidad","category-radio-es","category-sudamerica","tag-chile","tag-santiago-medita"],"yoast_head":"<!-- This site is optimized with the Yoast SEO plugin v27.1.1 - https:\/\/yoast.com\/product\/yoast-seo-wordpress\/ -->\n<title>&quot;La br\u00fajula est\u00e1 dentro de ti&quot;: Podcast de Santiago Medita<\/title>\n<meta name=\"description\" content=\"En este mundo en el que parece haberse perdido el rumbo y nos sentimos desorientados, el podcast &quot;La Br\u00fajula est\u00e1 dentro de ti&quot; de Santiago Medita\" \/>\n<meta name=\"robots\" content=\"index, follow, max-snippet:-1, max-image-preview:large, max-video-preview:-1\" \/>\n<link rel=\"canonical\" href=\"https:\/\/www.pressenza.com\/es\/2023\/12\/la-brujula-esta-dentro-de-ti-podcast-de-santiago-medita\/\" \/>\n<meta property=\"og:locale\" content=\"es_ES\" \/>\n<meta property=\"og:type\" content=\"article\" \/>\n<meta property=\"og:title\" content=\"&quot;La br\u00fajula est\u00e1 dentro de ti&quot;: Podcast de Santiago Medita\" \/>\n<meta property=\"og:description\" content=\"En este mundo en el que parece haberse perdido el rumbo y nos sentimos desorientados, el podcast &quot;La Br\u00fajula est\u00e1 dentro de ti&quot; de Santiago Medita\" \/>\n<meta property=\"og:url\" content=\"https:\/\/www.pressenza.com\/es\/2023\/12\/la-brujula-esta-dentro-de-ti-podcast-de-santiago-medita\/\" \/>\n<meta property=\"og:site_name\" content=\"Pressenza\" \/>\n<meta property=\"article:publisher\" content=\"https:\/\/www.facebook.com\/PressenzaItalia\" \/>\n<meta property=\"article:author\" content=\"https:\/\/www.facebook.com\/pressenza\" \/>\n<meta property=\"article:published_time\" content=\"2023-12-12T20:18:54+00:00\" \/>\n<meta property=\"og:image\" content=\"https:\/\/www.pressenza.com\/wp-content\/uploads\/2023\/12\/1701557689510.webp\" \/>\n\t<meta property=\"og:image:width\" content=\"1155\" \/>\n\t<meta property=\"og:image:height\" content=\"650\" \/>\n\t<meta property=\"og:image:type\" content=\"image\/webp\" \/>\n<meta name=\"author\" content=\"Redacci\u00f3n Chile\" \/>\n<meta name=\"twitter:card\" content=\"summary_large_image\" \/>\n<meta name=\"twitter:creator\" content=\"@pressenza\" \/>\n<meta name=\"twitter:site\" content=\"@PressenzaIPA\" \/>\n<meta name=\"twitter:label1\" content=\"Escrito por\" \/>\n\t<meta name=\"twitter:data1\" content=\"Redacci\u00f3n Chile\" \/>\n\t<meta name=\"twitter:label2\" content=\"Tiempo de lectura\" \/>\n\t<meta name=\"twitter:data2\" content=\"1 minuto\" \/>\n<script type=\"application\/ld+json\" class=\"yoast-schema-graph\">{\"@context\":\"https:\/\/schema.org\",\"@graph\":[{\"@type\":\"Article\",\"@id\":\"https:\/\/www.pressenza.com\/es\/2023\/12\/la-brujula-esta-dentro-de-ti-podcast-de-santiago-medita\/#article\",\"isPartOf\":{\"@id\":\"https:\/\/www.pressenza.com\/es\/2023\/12\/la-brujula-esta-dentro-de-ti-podcast-de-santiago-medita\/\"},\"author\":{\"name\":\"Redacci\u00f3n Chile\",\"@id\":\"https:\/\/www.pressenza.com\/es\/#\/schema\/person\/d7db40df35d6698ba69ba9ee260944ed\"},\"headline\":\"\u00abLa br\u00fajula est\u00e1 dentro de ti\u00bb: Podcast de Santiago Medita\",\"datePublished\":\"2023-12-12T20:18:54+00:00\",\"mainEntityOfPage\":{\"@id\":\"https:\/\/www.pressenza.com\/es\/2023\/12\/la-brujula-esta-dentro-de-ti-podcast-de-santiago-medita\/\"},\"wordCount\":182,\"publisher\":{\"@id\":\"https:\/\/www.pressenza.com\/es\/#organization\"},\"image\":{\"@id\":\"https:\/\/www.pressenza.com\/es\/2023\/12\/la-brujula-esta-dentro-de-ti-podcast-de-santiago-medita\/#primaryimage\"},\"thumbnailUrl\":\"https:\/\/www.pressenza.com\/wp-content\/uploads\/2023\/12\/1701557689510.webp\",\"keywords\":[\"Chile\",\"Santiago Medita\"],\"articleSection\":[\"Contenido Original\",\"Humanismo y Espiritualidad\",\"Radio\",\"Sudam\u00e9rica\"],\"inLanguage\":\"es\"},{\"@type\":\"WebPage\",\"@id\":\"https:\/\/www.pressenza.com\/es\/2023\/12\/la-brujula-esta-dentro-de-ti-podcast-de-santiago-medita\/\",\"url\":\"https:\/\/www.pressenza.com\/es\/2023\/12\/la-brujula-esta-dentro-de-ti-podcast-de-santiago-medita\/\",\"name\":\"\\\"La br\u00fajula est\u00e1 dentro de ti\\\": Podcast de Santiago Medita\",\"isPartOf\":{\"@id\":\"https:\/\/www.pressenza.com\/es\/#website\"},\"primaryImageOfPage\":{\"@id\":\"https:\/\/www.pressenza.com\/es\/2023\/12\/la-brujula-esta-dentro-de-ti-podcast-de-santiago-medita\/#primaryimage\"},\"image\":{\"@id\":\"https:\/\/www.pressenza.com\/es\/2023\/12\/la-brujula-esta-dentro-de-ti-podcast-de-santiago-medita\/#primaryimage\"},\"thumbnailUrl\":\"https:\/\/www.pressenza.com\/wp-content\/uploads\/2023\/12\/1701557689510.webp\",\"datePublished\":\"2023-12-12T20:18:54+00:00\",\"description\":\"En este mundo en el que parece haberse perdido el rumbo y nos sentimos desorientados, el podcast \\\"La Br\u00fajula est\u00e1 dentro de ti\\\" de Santiago Medita\",\"breadcrumb\":{\"@id\":\"https:\/\/www.pressenza.com\/es\/2023\/12\/la-brujula-esta-dentro-de-ti-podcast-de-santiago-medita\/#breadcrumb\"},\"inLanguage\":\"es\",\"potentialAction\":[{\"@type\":\"ReadAction\",\"target\":[\"https:\/\/www.pressenza.com\/es\/2023\/12\/la-brujula-esta-dentro-de-ti-podcast-de-santiago-medita\/\"]}]},{\"@type\":\"ImageObject\",\"inLanguage\":\"es\",\"@id\":\"https:\/\/www.pressenza.com\/es\/2023\/12\/la-brujula-esta-dentro-de-ti-podcast-de-santiago-medita\/#primaryimage\",\"url\":\"https:\/\/www.pressenza.com\/wp-content\/uploads\/2023\/12\/1701557689510.webp\",\"contentUrl\":\"https:\/\/www.pressenza.com\/wp-content\/uploads\/2023\/12\/1701557689510.webp\",\"width\":1155,\"height\":650},{\"@type\":\"BreadcrumbList\",\"@id\":\"https:\/\/www.pressenza.com\/es\/2023\/12\/la-brujula-esta-dentro-de-ti-podcast-de-santiago-medita\/#breadcrumb\",\"itemListElement\":[{\"@type\":\"ListItem\",\"position\":1,\"name\":\"Accueil\",\"item\":\"https:\/\/www.pressenza.com\/es\/\"},{\"@type\":\"ListItem\",\"position\":2,\"name\":\"\u00abLa br\u00fajula est\u00e1 dentro de ti\u00bb: Podcast de Santiago Medita\"}]},{\"@type\":\"WebSite\",\"@id\":\"https:\/\/www.pressenza.com\/es\/#website\",\"url\":\"https:\/\/www.pressenza.com\/es\/\",\"name\":\"Pressenza\",\"description\":\"International Press Agency\",\"publisher\":{\"@id\":\"https:\/\/www.pressenza.com\/es\/#organization\"},\"potentialAction\":[{\"@type\":\"SearchAction\",\"target\":{\"@type\":\"EntryPoint\",\"urlTemplate\":\"https:\/\/www.pressenza.com\/es\/?s={search_term_string}\"},\"query-input\":{\"@type\":\"PropertyValueSpecification\",\"valueRequired\":true,\"valueName\":\"search_term_string\"}}],\"inLanguage\":\"es\"},{\"@type\":\"Organization\",\"@id\":\"https:\/\/www.pressenza.com\/es\/#organization\",\"name\":\"Pressenza\",\"url\":\"https:\/\/www.pressenza.com\/es\/\",\"logo\":{\"@type\":\"ImageObject\",\"inLanguage\":\"es\",\"@id\":\"https:\/\/www.pressenza.com\/es\/#\/schema\/logo\/image\/\",\"url\":\"https:\/\/www.pressenza.com\/wp-content\/uploads\/2022\/10\/pressenza_logo_200x200.jpg\",\"contentUrl\":\"https:\/\/www.pressenza.com\/wp-content\/uploads\/2022\/10\/pressenza_logo_200x200.jpg\",\"width\":200,\"height\":200,\"caption\":\"Pressenza\"},\"image\":{\"@id\":\"https:\/\/www.pressenza.com\/es\/#\/schema\/logo\/image\/\"},\"sameAs\":[\"https:\/\/www.facebook.com\/PressenzaItalia\",\"https:\/\/x.com\/PressenzaIPA\"]},{\"@type\":\"Person\",\"@id\":\"https:\/\/www.pressenza.com\/es\/#\/schema\/person\/d7db40df35d6698ba69ba9ee260944ed\",\"name\":\"Redacci\u00f3n Chile\",\"description\":\"News from the Pressenza Bureau in Chile\",\"sameAs\":[\"https:\/\/www.facebook.com\/pressenza\",\"https:\/\/x.com\/pressenza\"],\"url\":\"https:\/\/www.pressenza.com\/es\/author\/redaccion-chile\/\"}]}<\/script>\n<!-- \/ Yoast SEO plugin. -->","yoast_head_json":{"title":"\"La br\u00fajula est\u00e1 dentro de ti\": Podcast de Santiago Medita","description":"En este mundo en el que parece haberse perdido el rumbo y nos sentimos desorientados, el podcast \"La Br\u00fajula est\u00e1 dentro de ti\" de Santiago Medita","robots":{"index":"index","follow":"follow","max-snippet":"max-snippet:-1","max-image-preview":"max-image-preview:large","max-video-preview":"max-video-preview:-1"},"canonical":"https:\/\/www.pressenza.com\/es\/2023\/12\/la-brujula-esta-dentro-de-ti-podcast-de-santiago-medita\/","og_locale":"es_ES","og_type":"article","og_title":"\"La br\u00fajula est\u00e1 dentro de ti\": Podcast de Santiago Medita","og_description":"En este mundo en el que parece haberse perdido el rumbo y nos sentimos desorientados, el podcast \"La Br\u00fajula est\u00e1 dentro de ti\" de Santiago Medita","og_url":"https:\/\/www.pressenza.com\/es\/2023\/12\/la-brujula-esta-dentro-de-ti-podcast-de-santiago-medita\/","og_site_name":"Pressenza","article_publisher":"https:\/\/www.facebook.com\/PressenzaItalia","article_author":"https:\/\/www.facebook.com\/pressenza","article_published_time":"2023-12-12T20:18:54+00:00","og_image":[{"width":1155,"height":650,"url":"https:\/\/www.pressenza.com\/wp-content\/uploads\/2023\/12\/1701557689510.webp","type":"image\/webp"}],"author":"Redacci\u00f3n Chile","twitter_card":"summary_large_image","twitter_creator":"@pressenza","twitter_site":"@PressenzaIPA","twitter_misc":{"Escrito por":"Redacci\u00f3n Chile","Tiempo de lectura":"1 minuto"},"schema":{"@context":"https:\/\/schema.org","@graph":[{"@type":"Article","@id":"https:\/\/www.pressenza.com\/es\/2023\/12\/la-brujula-esta-dentro-de-ti-podcast-de-santiago-medita\/#article","isPartOf":{"@id":"https:\/\/www.pressenza.com\/es\/2023\/12\/la-brujula-esta-dentro-de-ti-podcast-de-santiago-medita\/"},"author":{"name":"Redacci\u00f3n Chile","@id":"https:\/\/www.pressenza.com\/es\/#\/schema\/person\/d7db40df35d6698ba69ba9ee260944ed"},"headline":"\u00abLa br\u00fajula est\u00e1 dentro de ti\u00bb: Podcast de Santiago Medita","datePublished":"2023-12-12T20:18:54+00:00","mainEntityOfPage":{"@id":"https:\/\/www.pressenza.com\/es\/2023\/12\/la-brujula-esta-dentro-de-ti-podcast-de-santiago-medita\/"},"wordCount":182,"publisher":{"@id":"https:\/\/www.pressenza.com\/es\/#organization"},"image":{"@id":"https:\/\/www.pressenza.com\/es\/2023\/12\/la-brujula-esta-dentro-de-ti-podcast-de-santiago-medita\/#primaryimage"},"thumbnailUrl":"https:\/\/www.pressenza.com\/wp-content\/uploads\/2023\/12\/1701557689510.webp","keywords":["Chile","Santiago Medita"],"articleSection":["Contenido Original","Humanismo y Espiritualidad","Radio","Sudam\u00e9rica"],"inLanguage":"es"},{"@type":"WebPage","@id":"https:\/\/www.pressenza.com\/es\/2023\/12\/la-brujula-esta-dentro-de-ti-podcast-de-santiago-medita\/","url":"https:\/\/www.pressenza.com\/es\/2023\/12\/la-brujula-esta-dentro-de-ti-podcast-de-santiago-medita\/","name":"\"La br\u00fajula est\u00e1 dentro de ti\": Podcast de Santiago Medita","isPartOf":{"@id":"https:\/\/www.pressenza.com\/es\/#website"},"primaryImageOfPage":{"@id":"https:\/\/www.pressenza.com\/es\/2023\/12\/la-brujula-esta-dentro-de-ti-podcast-de-santiago-medita\/#primaryimage"},"image":{"@id":"https:\/\/www.pressenza.com\/es\/2023\/12\/la-brujula-esta-dentro-de-ti-podcast-de-santiago-medita\/#primaryimage"},"thumbnailUrl":"https:\/\/www.pressenza.com\/wp-content\/uploads\/2023\/12\/1701557689510.webp","datePublished":"2023-12-12T20:18:54+00:00","description":"En este mundo en el que parece haberse perdido el rumbo y nos sentimos desorientados, el podcast \"La Br\u00fajula est\u00e1 dentro de ti\" de Santiago Medita","breadcrumb":{"@id":"https:\/\/www.pressenza.com\/es\/2023\/12\/la-brujula-esta-dentro-de-ti-podcast-de-santiago-medita\/#breadcrumb"},"inLanguage":"es","potentialAction":[{"@type":"ReadAction","target":["https:\/\/www.pressenza.com\/es\/2023\/12\/la-brujula-esta-dentro-de-ti-podcast-de-santiago-medita\/"]}]},{"@type":"ImageObject","inLanguage":"es","@id":"https:\/\/www.pressenza.com\/es\/2023\/12\/la-brujula-esta-dentro-de-ti-podcast-de-santiago-medita\/#primaryimage","url":"https:\/\/www.pressenza.com\/wp-content\/uploads\/2023\/12\/1701557689510.webp","contentUrl":"https:\/\/www.pressenza.com\/wp-content\/uploads\/2023\/12\/1701557689510.webp","width":1155,"height":650},{"@type":"BreadcrumbList","@id":"https:\/\/www.pressenza.com\/es\/2023\/12\/la-brujula-esta-dentro-de-ti-podcast-de-santiago-medita\/#breadcrumb","itemListElement":[{"@type":"ListItem","position":1,"name":"Accueil","item":"https:\/\/www.pressenza.com\/es\/"},{"@type":"ListItem","position":2,"name":"\u00abLa br\u00fajula est\u00e1 dentro de ti\u00bb: Podcast de Santiago Medita"}]},{"@type":"WebSite","@id":"https:\/\/www.pressenza.com\/es\/#website","url":"https:\/\/www.pressenza.com\/es\/","name":"Pressenza","description":"International Press Agency","publisher":{"@id":"https:\/\/www.pressenza.com\/es\/#organization"},"potentialAction":[{"@type":"SearchAction","target":{"@type":"EntryPoint","urlTemplate":"https:\/\/www.pressenza.com\/es\/?s={search_term_string}"},"query-input":{"@type":"PropertyValueSpecification","valueRequired":true,"valueName":"search_term_string"}}],"inLanguage":"es"},{"@type":"Organization","@id":"https:\/\/www.pressenza.com\/es\/#organization","name":"Pressenza","url":"https:\/\/www.pressenza.com\/es\/","logo":{"@type":"ImageObject","inLanguage":"es","@id":"https:\/\/www.pressenza.com\/es\/#\/schema\/logo\/image\/","url":"https:\/\/www.pressenza.com\/wp-content\/uploads\/2022\/10\/pressenza_logo_200x200.jpg","contentUrl":"https:\/\/www.pressenza.com\/wp-content\/uploads\/2022\/10\/pressenza_logo_200x200.jpg","width":200,"height":200,"caption":"Pressenza"},"image":{"@id":"https:\/\/www.pressenza.com\/es\/#\/schema\/logo\/image\/"},"sameAs":["https:\/\/www.facebook.com\/PressenzaItalia","https:\/\/x.com\/PressenzaIPA"]},{"@type":"Person","@id":"https:\/\/www.pressenza.com\/es\/#\/schema\/person\/d7db40df35d6698ba69ba9ee260944ed","name":"Redacci\u00f3n Chile","description":"News from the Pressenza Bureau in Chile","sameAs":["https:\/\/www.facebook.com\/pressenza","https:\/\/x.com\/pressenza"],"url":"https:\/\/www.pressenza.com\/es\/author\/redaccion-chile\/"}]}},"place":"Santiago de Chile","original_article_url":"","_links":{"self":[{"href":"https:\/\/www.pressenza.com\/es\/wp-json\/wp\/v2\/posts\/1787548","targetHints":{"allow":["GET"]}}],"collection":[{"href":"https:\/\/www.pressenza.com\/es\/wp-json\/wp\/v2\/posts"}],"about":[{"href":"https:\/\/www.pressenza.com\/es\/wp-json\/wp\/v2\/types\/post"}],"author":[{"embeddable":true,"href":"https:\/\/www.pressenza.com\/es\/wp-json\/wp\/v2\/users\/43"}],"replies":[{"embeddable":true,"href":"https:\/\/www.pressenza.com\/es\/wp-json\/wp\/v2\/comments?post=1787548"}],"version-history":[{"count":0,"href":"https:\/\/www.pressenza.com\/es\/wp-json\/wp\/v2\/posts\/1787548\/revisions"}],"wp:featuredmedia":[{"embeddable":true,"href":"https:\/\/www.pressenza.com\/es\/wp-json\/wp\/v2\/media\/1787549"}],"wp:attachment":[{"href":"https:\/\/www.pressenza.com\/es\/wp-json\/wp\/v2\/media?parent=1787548"}],"wp:term":[{"taxonomy":"category","embeddable":true,"href":"https:\/\/www.pressenza.com\/es\/wp-json\/wp\/v2\/categories?post=1787548"},{"taxonomy":"post_tag","embeddable":true,"href":"https:\/\/www.pressenza.com\/es\/wp-json\/wp\/v2\/tags?post=1787548"}],"curies":[{"name":"wp","href":"https:\/\/api.w.org\/{rel}","templated":true}]}}