{"id":1787364,"date":"2023-12-11T23:58:35","date_gmt":"2023-12-11T23:58:35","guid":{"rendered":"https:\/\/www.pressenza.com\/?p=1787364"},"modified":"2023-12-11T23:58:35","modified_gmt":"2023-12-11T23:58:35","slug":"secretario-general-de-onu-convoco-a-mayor-ambicion-en-cop28","status":"publish","type":"post","link":"https:\/\/www.pressenza.com\/es\/2023\/12\/secretario-general-de-onu-convoco-a-mayor-ambicion-en-cop28\/","title":{"rendered":"Secretario general de ONU convoc\u00f3 a mayor ambici\u00f3n en COP28"},"content":{"rendered":"<p>El secretario general de las Naciones Unidas, Ant\u00f3nio Guterres, convoc\u00f3 hoy a los participantes en la 28 Conferencia de las Partes de la Convenci\u00f3n Marco sobre Cambio Clim\u00e1tico (COP28) a una mayor ambici\u00f3n y flexibilidad.<\/p>\n<p>\u201cEstamos en una carrera contra el tiempo. Nuestro planeta est\u00e1 a minutos de la medianoche para el l\u00edmite de 1,5 grados Celsius. Y el reloj sigue corriendo\u201d, urgi\u00f3 Guterres y se\u00f1al\u00f3 que es hora de acelerar para negociar y comprometerse con las soluciones.<\/p>\n<p>La COP28, con cierre ma\u00f1ana, todav\u00eda tiene muchas brechas que necesitan ser cerradas, dijo el secretario, quien insisti\u00f3 en que el evento demostr\u00f3 que el multilateralismo permanece como la principal esperanza para luchar contra los desaf\u00edos globales en este mundo tan fragmentado.<\/p>\n<p>\u201cEspec\u00edficamente le pido a las partes que alcancemos la mayor ambici\u00f3n en dos terrenos: la reducci\u00f3n de los gases de efecto invernadero y la justicia clim\u00e1tica\u201d, remarc\u00f3 Guterres.<\/p>\n<p>Refiri\u00f3 que el balance global del Acuerdo de Par\u00eds debe ofrecer un plan claro para doblar la eficiencia energ\u00e9tica y mantenerse enfocados en la reducci\u00f3n de la producci\u00f3n y consumo de combustible f\u00f3siles.<\/p>\n<p>La transformaci\u00f3n no ocurrir\u00e1 de la noche a la ma\u00f1ana, advirti\u00f3, y agreg\u00f3 que aun cuando la descarbonizaci\u00f3n crea miles de empleos decentes, los gobiernos tienen que garantizar apoyo, capacitaci\u00f3n y protecci\u00f3n social para aquellas personas que reciban un impacto negativo.<\/p>\n<p>Guterres consider\u00f3 esencial que el balance global del Acuerdo de Par\u00eds reconozca la necesidad de eliminar el uso de combustible f\u00f3siles en el per\u00edodo de tiempo necesario para asumir el l\u00edmite de 1,5 grados y acelerar una transici\u00f3n energ\u00e9tica justa, equitativa y ordenada para todos.<\/p>\n<p>Esta, agreg\u00f3, debe tomar en cuenta el principio de una responsabilidad com\u00fan, pero diferenciada, y el respeto a las capacidades efectivas a la luz de las distintas circunstancias nacionales; no para reducir la ambici\u00f3n, sino para combinar la ambici\u00f3n y la equidad.<\/p>\n<p>El secretario general de la ONU propuso un paquete de solidaridad clim\u00e1tica, mediante el cual los grandes emisores har\u00e1n esfuerzos extras para cortar las emisiones y los pa\u00edses ricos apoyar\u00e1n a los emergentes para poder hacer lo mismo. Record\u00f3 que la COP28 comenz\u00f3 con dos pasos esperanzadores: la aprobaci\u00f3n del fondo de p\u00e9rdidas y da\u00f1os y el replanteamiento del fondo verde, sin embargo, se necesita mucho m\u00e1s, pues los pa\u00edses en v\u00edas de desarrollo \u201cest\u00e1n ahog\u00e1ndose en deudas\u201d.<\/p>\n<p>En el caos del clima necesitamos m\u00e1s compromiso de los pa\u00edses desarrollados para la financiaci\u00f3n a la adaptaci\u00f3n, dijo, y exhort\u00f3 a los bancos y compa\u00f1\u00eda a brindar acceso a los financiamientos bajo condiciones aceptables para invertir en el cambio clim\u00e1tico.<\/p>\n<p>Dio la bienvenida a un nuevo marco de adaptaci\u00f3n, pero \u201cel marco sin los medios para la implementaci\u00f3n es como un carro sin ruedas\u201d, consider\u00f3, as\u00ed como evalu\u00f3 la necesidad de establecer objetivos medibles para una acci\u00f3n adecuada.<\/p>\n<p>\u201cNecesitamos un resultado ambicioso que demuestre una acci\u00f3n clim\u00e1tica decisiva y un plan cre\u00edble para mantener vivo el l\u00edmite de calentamiento de 1,5 \u00b0C y proteger a quienes est\u00e1n en primera l\u00ednea de la crisis clim\u00e1tica\u201d, enfatiz\u00f3.<\/p>\n","protected":false},"excerpt":{"rendered":"<p>El secretario general de las Naciones Unidas, Ant\u00f3nio Guterres, convoc\u00f3 hoy a los participantes en la 28 Conferencia de las Partes de la Convenci\u00f3n Marco sobre Cambio Clim\u00e1tico (COP28) a una mayor ambici\u00f3n y flexibilidad. \u201cEstamos en una carrera contra&hellip;<\/p>\n","protected":false},"author":90,"featured_media":1787365,"comment_status":"closed","ping_status":"closed","sticky":false,"template":"","format":"standard","meta":{"footnotes":""},"categories":[78,39,106739],"tags":[55633,118086],"class_list":["post-1787364","post","type-post","status-publish","format-standard","has-post-thumbnail","hentry","category-medio-ambiente-ecologia","category-internacional","category-noticia","tag-antonio-guterres-es","tag-cop28-es"],"yoast_head":"<!-- This site is optimized with the Yoast SEO plugin v27.1.1 - https:\/\/yoast.com\/product\/yoast-seo-wordpress\/ -->\n<title>Secretario general de ONU convoc\u00f3 a mayor ambici\u00f3n en COP28<\/title>\n<meta name=\"description\" content=\"El secretario general de las Naciones Unidas, Ant\u00f3nio Guterres, convoc\u00f3 hoy a los participantes en la 28 Conferencia de las Partes de la Convenci\u00f3n Marco\" \/>\n<meta name=\"robots\" content=\"index, follow, max-snippet:-1, max-image-preview:large, max-video-preview:-1\" \/>\n<link rel=\"canonical\" href=\"https:\/\/www.pressenza.com\/es\/2023\/12\/secretario-general-de-onu-convoco-a-mayor-ambicion-en-cop28\/\" \/>\n<meta property=\"og:locale\" content=\"es_ES\" \/>\n<meta property=\"og:type\" content=\"article\" \/>\n<meta property=\"og:title\" content=\"Secretario general de ONU convoc\u00f3 a mayor ambici\u00f3n en COP28\" \/>\n<meta property=\"og:description\" content=\"El secretario general de las Naciones Unidas, Ant\u00f3nio Guterres, convoc\u00f3 hoy a los participantes en la 28 Conferencia de las Partes de la Convenci\u00f3n Marco\" \/>\n<meta property=\"og:url\" content=\"https:\/\/www.pressenza.com\/es\/2023\/12\/secretario-general-de-onu-convoco-a-mayor-ambicion-en-cop28\/\" \/>\n<meta property=\"og:site_name\" content=\"Pressenza\" \/>\n<meta property=\"article:publisher\" content=\"https:\/\/www.facebook.com\/PressenzaItalia\" \/>\n<meta property=\"article:author\" content=\"https:\/\/www.facebook.com\/AgenciaPrensaLatina\" \/>\n<meta property=\"article:published_time\" content=\"2023-12-11T23:58:35+00:00\" \/>\n<meta property=\"og:image\" content=\"https:\/\/www.pressenza.com\/wp-content\/uploads\/2023\/12\/guterres-cop28-1.jpg\" \/>\n\t<meta property=\"og:image:width\" content=\"853\" \/>\n\t<meta property=\"og:image:height\" content=\"480\" \/>\n\t<meta property=\"og:image:type\" content=\"image\/jpeg\" \/>\n<meta name=\"author\" content=\"Prensa Latina\" \/>\n<meta name=\"twitter:card\" content=\"summary_large_image\" \/>\n<meta name=\"twitter:creator\" content=\"@prensalatina_cu\" \/>\n<meta name=\"twitter:site\" content=\"@PressenzaIPA\" \/>\n<meta name=\"twitter:label1\" content=\"Escrito por\" \/>\n\t<meta name=\"twitter:data1\" content=\"Prensa Latina\" \/>\n\t<meta name=\"twitter:label2\" content=\"Tiempo de lectura\" \/>\n\t<meta name=\"twitter:data2\" content=\"3 minutos\" \/>\n<script type=\"application\/ld+json\" class=\"yoast-schema-graph\">{\"@context\":\"https:\/\/schema.org\",\"@graph\":[{\"@type\":\"Article\",\"@id\":\"https:\/\/www.pressenza.com\/es\/2023\/12\/secretario-general-de-onu-convoco-a-mayor-ambicion-en-cop28\/#article\",\"isPartOf\":{\"@id\":\"https:\/\/www.pressenza.com\/es\/2023\/12\/secretario-general-de-onu-convoco-a-mayor-ambicion-en-cop28\/\"},\"author\":{\"name\":\"Prensa Latina\",\"@id\":\"https:\/\/www.pressenza.com\/es\/#\/schema\/person\/e35c78ffa242d98f4f49ccb18c8631de\"},\"headline\":\"Secretario general de ONU convoc\u00f3 a mayor ambici\u00f3n en COP28\",\"datePublished\":\"2023-12-11T23:58:35+00:00\",\"mainEntityOfPage\":{\"@id\":\"https:\/\/www.pressenza.com\/es\/2023\/12\/secretario-general-de-onu-convoco-a-mayor-ambicion-en-cop28\/\"},\"wordCount\":570,\"publisher\":{\"@id\":\"https:\/\/www.pressenza.com\/es\/#organization\"},\"image\":{\"@id\":\"https:\/\/www.pressenza.com\/es\/2023\/12\/secretario-general-de-onu-convoco-a-mayor-ambicion-en-cop28\/#primaryimage\"},\"thumbnailUrl\":\"https:\/\/www.pressenza.com\/wp-content\/uploads\/2023\/12\/guterres-cop28-1.jpg\",\"keywords\":[\"Antonio Guterres\",\"COP28\"],\"articleSection\":[\"Ecolog\u00eda y Medio Ambiente\",\"Internacional\",\"Noticia\"],\"inLanguage\":\"es\"},{\"@type\":\"WebPage\",\"@id\":\"https:\/\/www.pressenza.com\/es\/2023\/12\/secretario-general-de-onu-convoco-a-mayor-ambicion-en-cop28\/\",\"url\":\"https:\/\/www.pressenza.com\/es\/2023\/12\/secretario-general-de-onu-convoco-a-mayor-ambicion-en-cop28\/\",\"name\":\"Secretario general de ONU convoc\u00f3 a mayor ambici\u00f3n en COP28\",\"isPartOf\":{\"@id\":\"https:\/\/www.pressenza.com\/es\/#website\"},\"primaryImageOfPage\":{\"@id\":\"https:\/\/www.pressenza.com\/es\/2023\/12\/secretario-general-de-onu-convoco-a-mayor-ambicion-en-cop28\/#primaryimage\"},\"image\":{\"@id\":\"https:\/\/www.pressenza.com\/es\/2023\/12\/secretario-general-de-onu-convoco-a-mayor-ambicion-en-cop28\/#primaryimage\"},\"thumbnailUrl\":\"https:\/\/www.pressenza.com\/wp-content\/uploads\/2023\/12\/guterres-cop28-1.jpg\",\"datePublished\":\"2023-12-11T23:58:35+00:00\",\"description\":\"El secretario general de las Naciones Unidas, Ant\u00f3nio Guterres, convoc\u00f3 hoy a los participantes en la 28 Conferencia de las Partes de la Convenci\u00f3n Marco\",\"breadcrumb\":{\"@id\":\"https:\/\/www.pressenza.com\/es\/2023\/12\/secretario-general-de-onu-convoco-a-mayor-ambicion-en-cop28\/#breadcrumb\"},\"inLanguage\":\"es\",\"potentialAction\":[{\"@type\":\"ReadAction\",\"target\":[\"https:\/\/www.pressenza.com\/es\/2023\/12\/secretario-general-de-onu-convoco-a-mayor-ambicion-en-cop28\/\"]}]},{\"@type\":\"ImageObject\",\"inLanguage\":\"es\",\"@id\":\"https:\/\/www.pressenza.com\/es\/2023\/12\/secretario-general-de-onu-convoco-a-mayor-ambicion-en-cop28\/#primaryimage\",\"url\":\"https:\/\/www.pressenza.com\/wp-content\/uploads\/2023\/12\/guterres-cop28-1.jpg\",\"contentUrl\":\"https:\/\/www.pressenza.com\/wp-content\/uploads\/2023\/12\/guterres-cop28-1.jpg\",\"width\":853,\"height\":480},{\"@type\":\"BreadcrumbList\",\"@id\":\"https:\/\/www.pressenza.com\/es\/2023\/12\/secretario-general-de-onu-convoco-a-mayor-ambicion-en-cop28\/#breadcrumb\",\"itemListElement\":[{\"@type\":\"ListItem\",\"position\":1,\"name\":\"Accueil\",\"item\":\"https:\/\/www.pressenza.com\/es\/\"},{\"@type\":\"ListItem\",\"position\":2,\"name\":\"Secretario general de ONU convoc\u00f3 a mayor ambici\u00f3n en COP28\"}]},{\"@type\":\"WebSite\",\"@id\":\"https:\/\/www.pressenza.com\/es\/#website\",\"url\":\"https:\/\/www.pressenza.com\/es\/\",\"name\":\"Pressenza\",\"description\":\"International Press Agency\",\"publisher\":{\"@id\":\"https:\/\/www.pressenza.com\/es\/#organization\"},\"potentialAction\":[{\"@type\":\"SearchAction\",\"target\":{\"@type\":\"EntryPoint\",\"urlTemplate\":\"https:\/\/www.pressenza.com\/es\/?s={search_term_string}\"},\"query-input\":{\"@type\":\"PropertyValueSpecification\",\"valueRequired\":true,\"valueName\":\"search_term_string\"}}],\"inLanguage\":\"es\"},{\"@type\":\"Organization\",\"@id\":\"https:\/\/www.pressenza.com\/es\/#organization\",\"name\":\"Pressenza\",\"url\":\"https:\/\/www.pressenza.com\/es\/\",\"logo\":{\"@type\":\"ImageObject\",\"inLanguage\":\"es\",\"@id\":\"https:\/\/www.pressenza.com\/es\/#\/schema\/logo\/image\/\",\"url\":\"https:\/\/www.pressenza.com\/wp-content\/uploads\/2022\/10\/pressenza_logo_200x200.jpg\",\"contentUrl\":\"https:\/\/www.pressenza.com\/wp-content\/uploads\/2022\/10\/pressenza_logo_200x200.jpg\",\"width\":200,\"height\":200,\"caption\":\"Pressenza\"},\"image\":{\"@id\":\"https:\/\/www.pressenza.com\/es\/#\/schema\/logo\/image\/\"},\"sameAs\":[\"https:\/\/www.facebook.com\/PressenzaItalia\",\"https:\/\/x.com\/PressenzaIPA\"]},{\"@type\":\"Person\",\"@id\":\"https:\/\/www.pressenza.com\/es\/#\/schema\/person\/e35c78ffa242d98f4f49ccb18c8631de\",\"name\":\"Prensa Latina\",\"description\":\"www.prensa-latina.cu\",\"sameAs\":[\"https:\/\/www.facebook.com\/AgenciaPrensaLatina\",\"https:\/\/x.com\/prensalatina_cu\"],\"url\":\"https:\/\/www.pressenza.com\/es\/author\/prensa-latina\/\"}]}<\/script>\n<!-- \/ Yoast SEO plugin. -->","yoast_head_json":{"title":"Secretario general de ONU convoc\u00f3 a mayor ambici\u00f3n en COP28","description":"El secretario general de las Naciones Unidas, Ant\u00f3nio Guterres, convoc\u00f3 hoy a los participantes en la 28 Conferencia de las Partes de la Convenci\u00f3n Marco","robots":{"index":"index","follow":"follow","max-snippet":"max-snippet:-1","max-image-preview":"max-image-preview:large","max-video-preview":"max-video-preview:-1"},"canonical":"https:\/\/www.pressenza.com\/es\/2023\/12\/secretario-general-de-onu-convoco-a-mayor-ambicion-en-cop28\/","og_locale":"es_ES","og_type":"article","og_title":"Secretario general de ONU convoc\u00f3 a mayor ambici\u00f3n en COP28","og_description":"El secretario general de las Naciones Unidas, Ant\u00f3nio Guterres, convoc\u00f3 hoy a los participantes en la 28 Conferencia de las Partes de la Convenci\u00f3n Marco","og_url":"https:\/\/www.pressenza.com\/es\/2023\/12\/secretario-general-de-onu-convoco-a-mayor-ambicion-en-cop28\/","og_site_name":"Pressenza","article_publisher":"https:\/\/www.facebook.com\/PressenzaItalia","article_author":"https:\/\/www.facebook.com\/AgenciaPrensaLatina","article_published_time":"2023-12-11T23:58:35+00:00","og_image":[{"width":853,"height":480,"url":"https:\/\/www.pressenza.com\/wp-content\/uploads\/2023\/12\/guterres-cop28-1.jpg","type":"image\/jpeg"}],"author":"Prensa Latina","twitter_card":"summary_large_image","twitter_creator":"@prensalatina_cu","twitter_site":"@PressenzaIPA","twitter_misc":{"Escrito por":"Prensa Latina","Tiempo de lectura":"3 minutos"},"schema":{"@context":"https:\/\/schema.org","@graph":[{"@type":"Article","@id":"https:\/\/www.pressenza.com\/es\/2023\/12\/secretario-general-de-onu-convoco-a-mayor-ambicion-en-cop28\/#article","isPartOf":{"@id":"https:\/\/www.pressenza.com\/es\/2023\/12\/secretario-general-de-onu-convoco-a-mayor-ambicion-en-cop28\/"},"author":{"name":"Prensa Latina","@id":"https:\/\/www.pressenza.com\/es\/#\/schema\/person\/e35c78ffa242d98f4f49ccb18c8631de"},"headline":"Secretario general de ONU convoc\u00f3 a mayor ambici\u00f3n en COP28","datePublished":"2023-12-11T23:58:35+00:00","mainEntityOfPage":{"@id":"https:\/\/www.pressenza.com\/es\/2023\/12\/secretario-general-de-onu-convoco-a-mayor-ambicion-en-cop28\/"},"wordCount":570,"publisher":{"@id":"https:\/\/www.pressenza.com\/es\/#organization"},"image":{"@id":"https:\/\/www.pressenza.com\/es\/2023\/12\/secretario-general-de-onu-convoco-a-mayor-ambicion-en-cop28\/#primaryimage"},"thumbnailUrl":"https:\/\/www.pressenza.com\/wp-content\/uploads\/2023\/12\/guterres-cop28-1.jpg","keywords":["Antonio Guterres","COP28"],"articleSection":["Ecolog\u00eda y Medio Ambiente","Internacional","Noticia"],"inLanguage":"es"},{"@type":"WebPage","@id":"https:\/\/www.pressenza.com\/es\/2023\/12\/secretario-general-de-onu-convoco-a-mayor-ambicion-en-cop28\/","url":"https:\/\/www.pressenza.com\/es\/2023\/12\/secretario-general-de-onu-convoco-a-mayor-ambicion-en-cop28\/","name":"Secretario general de ONU convoc\u00f3 a mayor ambici\u00f3n en COP28","isPartOf":{"@id":"https:\/\/www.pressenza.com\/es\/#website"},"primaryImageOfPage":{"@id":"https:\/\/www.pressenza.com\/es\/2023\/12\/secretario-general-de-onu-convoco-a-mayor-ambicion-en-cop28\/#primaryimage"},"image":{"@id":"https:\/\/www.pressenza.com\/es\/2023\/12\/secretario-general-de-onu-convoco-a-mayor-ambicion-en-cop28\/#primaryimage"},"thumbnailUrl":"https:\/\/www.pressenza.com\/wp-content\/uploads\/2023\/12\/guterres-cop28-1.jpg","datePublished":"2023-12-11T23:58:35+00:00","description":"El secretario general de las Naciones Unidas, Ant\u00f3nio Guterres, convoc\u00f3 hoy a los participantes en la 28 Conferencia de las Partes de la Convenci\u00f3n Marco","breadcrumb":{"@id":"https:\/\/www.pressenza.com\/es\/2023\/12\/secretario-general-de-onu-convoco-a-mayor-ambicion-en-cop28\/#breadcrumb"},"inLanguage":"es","potentialAction":[{"@type":"ReadAction","target":["https:\/\/www.pressenza.com\/es\/2023\/12\/secretario-general-de-onu-convoco-a-mayor-ambicion-en-cop28\/"]}]},{"@type":"ImageObject","inLanguage":"es","@id":"https:\/\/www.pressenza.com\/es\/2023\/12\/secretario-general-de-onu-convoco-a-mayor-ambicion-en-cop28\/#primaryimage","url":"https:\/\/www.pressenza.com\/wp-content\/uploads\/2023\/12\/guterres-cop28-1.jpg","contentUrl":"https:\/\/www.pressenza.com\/wp-content\/uploads\/2023\/12\/guterres-cop28-1.jpg","width":853,"height":480},{"@type":"BreadcrumbList","@id":"https:\/\/www.pressenza.com\/es\/2023\/12\/secretario-general-de-onu-convoco-a-mayor-ambicion-en-cop28\/#breadcrumb","itemListElement":[{"@type":"ListItem","position":1,"name":"Accueil","item":"https:\/\/www.pressenza.com\/es\/"},{"@type":"ListItem","position":2,"name":"Secretario general de ONU convoc\u00f3 a mayor ambici\u00f3n en COP28"}]},{"@type":"WebSite","@id":"https:\/\/www.pressenza.com\/es\/#website","url":"https:\/\/www.pressenza.com\/es\/","name":"Pressenza","description":"International Press Agency","publisher":{"@id":"https:\/\/www.pressenza.com\/es\/#organization"},"potentialAction":[{"@type":"SearchAction","target":{"@type":"EntryPoint","urlTemplate":"https:\/\/www.pressenza.com\/es\/?s={search_term_string}"},"query-input":{"@type":"PropertyValueSpecification","valueRequired":true,"valueName":"search_term_string"}}],"inLanguage":"es"},{"@type":"Organization","@id":"https:\/\/www.pressenza.com\/es\/#organization","name":"Pressenza","url":"https:\/\/www.pressenza.com\/es\/","logo":{"@type":"ImageObject","inLanguage":"es","@id":"https:\/\/www.pressenza.com\/es\/#\/schema\/logo\/image\/","url":"https:\/\/www.pressenza.com\/wp-content\/uploads\/2022\/10\/pressenza_logo_200x200.jpg","contentUrl":"https:\/\/www.pressenza.com\/wp-content\/uploads\/2022\/10\/pressenza_logo_200x200.jpg","width":200,"height":200,"caption":"Pressenza"},"image":{"@id":"https:\/\/www.pressenza.com\/es\/#\/schema\/logo\/image\/"},"sameAs":["https:\/\/www.facebook.com\/PressenzaItalia","https:\/\/x.com\/PressenzaIPA"]},{"@type":"Person","@id":"https:\/\/www.pressenza.com\/es\/#\/schema\/person\/e35c78ffa242d98f4f49ccb18c8631de","name":"Prensa Latina","description":"www.prensa-latina.cu","sameAs":["https:\/\/www.facebook.com\/AgenciaPrensaLatina","https:\/\/x.com\/prensalatina_cu"],"url":"https:\/\/www.pressenza.com\/es\/author\/prensa-latina\/"}]}},"place":"Dub\u00e1i","original_article_url":"https:\/\/www.prensa-latina.cu\/2023\/12\/11\/secretario-general-de-onu-convoco-a-mayor-ambicion-en-cop28","_links":{"self":[{"href":"https:\/\/www.pressenza.com\/es\/wp-json\/wp\/v2\/posts\/1787364","targetHints":{"allow":["GET"]}}],"collection":[{"href":"https:\/\/www.pressenza.com\/es\/wp-json\/wp\/v2\/posts"}],"about":[{"href":"https:\/\/www.pressenza.com\/es\/wp-json\/wp\/v2\/types\/post"}],"author":[{"embeddable":true,"href":"https:\/\/www.pressenza.com\/es\/wp-json\/wp\/v2\/users\/90"}],"replies":[{"embeddable":true,"href":"https:\/\/www.pressenza.com\/es\/wp-json\/wp\/v2\/comments?post=1787364"}],"version-history":[{"count":0,"href":"https:\/\/www.pressenza.com\/es\/wp-json\/wp\/v2\/posts\/1787364\/revisions"}],"wp:featuredmedia":[{"embeddable":true,"href":"https:\/\/www.pressenza.com\/es\/wp-json\/wp\/v2\/media\/1787365"}],"wp:attachment":[{"href":"https:\/\/www.pressenza.com\/es\/wp-json\/wp\/v2\/media?parent=1787364"}],"wp:term":[{"taxonomy":"category","embeddable":true,"href":"https:\/\/www.pressenza.com\/es\/wp-json\/wp\/v2\/categories?post=1787364"},{"taxonomy":"post_tag","embeddable":true,"href":"https:\/\/www.pressenza.com\/es\/wp-json\/wp\/v2\/tags?post=1787364"}],"curies":[{"name":"wp","href":"https:\/\/api.w.org\/{rel}","templated":true}]}}